{"id":2695536,"date":"2026-04-25T23:34:42","date_gmt":"2026-04-25T22:34:42","guid":{"rendered":"https:\/\/www.pressenza.com\/?p=2695536"},"modified":"2026-04-25T23:34:42","modified_gmt":"2026-04-25T22:34:42","slug":"ni-un-euro-para-el-rearme-ni-un-voto-para-la-guerra","status":"publish","type":"post","link":"https:\/\/www.pressenza.com\/es\/2026\/04\/ni-un-euro-para-el-rearme-ni-un-voto-para-la-guerra\/","title":{"rendered":"Ni un Euro para el Rearme. Ni un Voto para la Guerra"},"content":{"rendered":"<p>Nos negamos a normalizar el ambiente belicista y militarista que nos est\u00e1n inculcando. Nos negamos a justificar la preparaci\u00f3n de la guerra como algo inevitable. Nos negamos a que los recursos limitados de nuestros impuestos se dediquen al rearme, a la preparaci\u00f3n de la guerra y a la organizaci\u00f3n de una nueva carnicer\u00eda belicista en nombre de nuestra seguridad. Porque los recursos que nos roban los se\u00f1ores de la guerra son recursos que necesitamos para cuidar de la vida de las personas y la salud del planeta. Nos oponemos al gasto militar porque afecta directamente al eje de nuestras luchas: la defensa de los servicios p\u00fablicos, los derechos humanos y las libertades, los cuidados del planeta, las luchas feministas y, en definitiva, el futuro de nuestras hijas e hijos, de nuestras nietas y nietos. Reclamamos m\u00e1s seguridad humana mientras denunciamos el timo de la pretendida seguridad militar.<\/p>\n<p>El espectacular aumento del gasto militar, que este a\u00f1o puede llegar a los 80.000 millones de \u20ac, llevar\u00e1 inevitablemente a un deterioro aun mayor de los servicios p\u00fablicos como la sanidad, la educaci\u00f3n, las pensiones, la ley de dependencia, los servicios de protecci\u00f3n civil, ayudas a la vivienda, a residencias para mayores, becas o apoyo a las personas m\u00e1s necesitadas. Los recursos del estado son limitados, los que se emplean para preparar la guerra no van a construir escuelas u hospitales. El coste de oportunidad del militarismo nos priva de la mejora de nuestros servicios p\u00fablicos por lo que la protesta no s\u00f3lo es leg\u00edtima sino totalmente necesaria. Con frecuencia escuchamos voces interesadas que nos dicen que las pensiones son insostenibles, pero casi nadie quiere ver que lo insostenible e innecesario es el despilfarro militar.<\/p>\n<p>Estamos viendo hoy que las principales amenazas a los derechos humanos y a las libertades las est\u00e1 causando el militarismo de potencias como Estados Unidos, Israel, Rusia o los pa\u00edses de la OTAN. La brutalidad militar, el genocidio, las destrucciones masivas que estamos viendo se producen con nuestros impuestos y acaban afectando a nuestros derechos y libertades. El militarismo est\u00e1 afectando como un b\u00fameran a los ciudadanos americanos, perseguidos por su propio ej\u00e9rcito, a rusos, israel\u00edes, alemanes o ingleses, con recortes de derechos y libertades, criminalizados y perseguidos por sus protestas contra el genocidio palestino y la devastaci\u00f3n militar. M\u00e1s militarizaci\u00f3n es menos seguridad, menos derechos y menos libertad, porque semejante despilfarro, que empobrece a las sociedades, no se puede hacer sin controlar a la poblaci\u00f3n y criminalizar a la disidencia.<\/p>\n<p>Descarbonizar es desmilitarizar, nos lo vienen advirtiendo distintas asociaciones pacifistas y ecologistas, porque los ej\u00e9rcitos aun en tiempo de \u00abpaz\u00bb son una enorme y variada fuente de contaminaci\u00f3n de un planeta que manifiesta de diversas formas la emergencia clim\u00e1tica que estamos viviendo. La reciente guerra de Ir\u00e1n nos est\u00e1 mostrando el despilfarro de miles de barriles ardiendo, sin m\u00e1s utilidad que la demostraci\u00f3n de poder y el desprecio por las personas y el planeta. La extrema violencia militar de Israel ha ocasionado tambi\u00e9n una cat\u00e1strofe ecol\u00f3gica en Gaza. Despu\u00e9s de cada guerra queda una huella de destrucci\u00f3n y muerte en los territorios, con secuelas perdurables, como consecuencia de las bombas, la metralla, el uso de agentes qu\u00edmicos, uranio empobrecido y otros contaminantes. La destrucci\u00f3n de presas, la amenaza a centrales nucleares, el deterioro de ecosistemas a causa de la guerra y, en \u00faltimo t\u00e9rmino, la amenaza nuclear, son serias advertencias de la necesidad de parar en seco al militarismo antes de sufrir consecuencias catastr\u00f3ficas. La financiaci\u00f3n de la guerra en Ucrania ha ocasionado que la propia Uni\u00f3n Europea haya limitado fondos y plazos para la necesaria descarbonizaci\u00f3n y los cuidados del planeta. El militarismo no s\u00f3lo destruye el planeta sino que emplea en esa destrucci\u00f3n los recursos que necesitamos para descarbonizar, restaurar ecosistemas, prevenir o paliar las consecuencias de las cat\u00e1strofes clim\u00e1ticas cada vez m\u00e1s frecuentes.<\/p>\n<p>El aumento del militarismo, por su propia din\u00e1mica, har\u00e1 retroceder los logros feministas. No olvidemos que tanto el machismo como el militarismo son hijos del patriarcado, que se apoyan y se complementan, dos caras de una misma moneda, la de la dominaci\u00f3n, el sometimiento y la apropiaci\u00f3n. Donde pisa la bota militar no florecen los cuidados de la vida, los afectos, la creatividad, el respeto a la diversidad sino la uniformidad, la intolerancia, la brutalidad, la destrucci\u00f3n y la muerte. El auge del fascismo y del militarismo est\u00e1n poniendo ya en entredicho los logros de las luchas feministas que cre\u00edamos irreversibles.<\/p>\n<p>El militarismo ataca de lleno nuestro objetivo de dejar un mundo mejor a nuestras hijas e hijos, a nuestras nietas y nietos. Estamos dejando un planeta herido de muerte como consecuencia de un capitalismo depredador y de un militarismo a su servicio que quiere imponer un mundo sin reglas, sin humanidad, sin coraz\u00f3n, sin m\u00e1s raz\u00f3n de ser que la acumulaci\u00f3n ilimitada de riqueza, la satisfacci\u00f3n de las ansias de poder y el sometimiento de la humanidad para el servicio de unos pocos. En el mejor de los casos, la financiaci\u00f3n de esta perversa deriva militarista dejar\u00e1 una deuda impagable para las generaciones futuras. S\u00f3lo los se\u00f1ores de la guerra y las empresas de armamento sacan beneficio de tanta maldad y destrucci\u00f3n.<\/p>\n<p>Nos reafirmamos una vez m\u00e1s en que todas las guerras son evitables, pero para ello no bastar\u00e1 con decir \u00abNo a la guerra\u00bb. Hay que hacerlas imposibles parando al patriarcado, parando su financiaci\u00f3n, su preparaci\u00f3n, negando su justificaci\u00f3n, contradiciendo a sus propagandistas, cerrando los negocios criminales de las empresas de armas, los convenios de investigaci\u00f3n militar y la cultura de la violencia y la guerra que impregna nuestras sociedades. Es hora de pensar y actuar como humanidad, m\u00e1s all\u00e1 de las patrias, y de poner en pr\u00e1ctica la cooperaci\u00f3n, la solidaridad, la empat\u00eda y el apoyo mutuo para sobrevivir y superar al patriarcado. Nos va en ello el futuro de la vida<\/p>\n<p>\u00a1NI UN EURO PARA EL REARME! \u00a1NI UN VOTO PARA LA GUERRA<\/p>\n","protected":false},"excerpt":{"rendered":"<p>Nos negamos a normalizar el ambiente belicista y militarista que nos est\u00e1n inculcando. Nos negamos a justificar la preparaci\u00f3n de la guerra como algo inevitable. Nos negamos a que los recursos limitados de nuestros impuestos se dediquen al rearme, a&hellip;<\/p>\n","protected":false},"author":94,"featured_media":2695537,"comment_status":"closed","ping_status":"closed","sticky":false,"template":"","format":"standard","meta":{"footnotes":""},"categories":[66,1243],"tags":[155885,1066,922,133860],"class_list":["post-2695536","post","type-post","status-publish","format-standard","has-post-thumbnail","hentry","category-europa-es","category-paz-desarme","tag-desmilitarizar","tag-gasto-militar","tag-guerra-es","tag-rearme"],"yoast_head":"<!-- This site is optimized with the Yoast SEO plugin v27.1.1 - https:\/\/yoast.com\/product\/yoast-seo-wordpress\/ -->\n<title>Ni un Euro para el Rearme. Ni un Voto para la Guerra<\/title>\n<meta name=\"description\" content=\"Nos negamos a normalizar el ambiente belicista y militarista que nos est\u00e1n inculcando. Nos negamos a justificar la preparaci\u00f3n de la guerra como algo\" \/>\n<meta name=\"robots\" content=\"index, follow, max-snippet:-1, max-image-preview:large, max-video-preview:-1\" \/>\n<link rel=\"canonical\" href=\"https:\/\/www.pressenza.com\/es\/2026\/04\/ni-un-euro-para-el-rearme-ni-un-voto-para-la-guerra\/\" \/>\n<meta property=\"og:locale\" content=\"es_ES\" \/>\n<meta property=\"og:type\" content=\"article\" \/>\n<meta property=\"og:title\" content=\"Ni un Euro para el Rearme. Ni un Voto para la Guerra\" \/>\n<meta property=\"og:description\" content=\"Nos negamos a normalizar el ambiente belicista y militarista que nos est\u00e1n inculcando. Nos negamos a justificar la preparaci\u00f3n de la guerra como algo\" \/>\n<meta property=\"og:url\" content=\"https:\/\/www.pressenza.com\/es\/2026\/04\/ni-un-euro-para-el-rearme-ni-un-voto-para-la-guerra\/\" \/>\n<meta property=\"og:site_name\" content=\"Pressenza\" \/>\n<meta property=\"article:publisher\" content=\"https:\/\/www.facebook.com\/PressenzaItalia\" \/>\n<meta property=\"article:author\" content=\"https:\/\/www.facebook.com\/pressenza\" \/>\n<meta property=\"article:published_time\" content=\"2026-04-25T22:34:42+00:00\" \/>\n<meta property=\"og:image\" content=\"https:\/\/www.pressenza.com\/wp-content\/uploads\/2026\/04\/yay@flautas-\u00b7-PROTESTA-FERIA-HOMSEC-2-768x576-1.jpg\" \/>\n\t<meta property=\"og:image:width\" content=\"820\" \/>\n\t<meta property=\"og:image:height\" content=\"546\" \/>\n\t<meta property=\"og:image:type\" content=\"image\/jpeg\" \/>\n<meta name=\"author\" content=\"Redacci\u00f3n Madrid\" \/>\n<meta name=\"twitter:card\" content=\"summary_large_image\" \/>\n<meta name=\"twitter:creator\" content=\"@pressenza\" \/>\n<meta name=\"twitter:site\" content=\"@PressenzaIPA\" \/>\n<meta name=\"twitter:label1\" content=\"Escrito por\" \/>\n\t<meta name=\"twitter:data1\" content=\"Redacci\u00f3n Madrid\" \/>\n\t<meta name=\"twitter:label2\" content=\"Tiempo de lectura\" \/>\n\t<meta name=\"twitter:data2\" content=\"6 minutos\" \/>\n<script type=\"application\/ld+json\" class=\"yoast-schema-graph\">{\"@context\":\"https:\/\/schema.org\",\"@graph\":[{\"@type\":\"Article\",\"@id\":\"https:\/\/www.pressenza.com\/es\/2026\/04\/ni-un-euro-para-el-rearme-ni-un-voto-para-la-guerra\/#article\",\"isPartOf\":{\"@id\":\"https:\/\/www.pressenza.com\/es\/2026\/04\/ni-un-euro-para-el-rearme-ni-un-voto-para-la-guerra\/\"},\"author\":{\"name\":\"Redacci\u00f3n Madrid\",\"@id\":\"https:\/\/www.pressenza.com\/es\/#\/schema\/person\/828fc40eeca2ad7be3630e5a46adba94\"},\"headline\":\"Ni un Euro para el Rearme. Ni un Voto para la Guerra\",\"datePublished\":\"2026-04-25T22:34:42+00:00\",\"mainEntityOfPage\":{\"@id\":\"https:\/\/www.pressenza.com\/es\/2026\/04\/ni-un-euro-para-el-rearme-ni-un-voto-para-la-guerra\/\"},\"wordCount\":1067,\"publisher\":{\"@id\":\"https:\/\/www.pressenza.com\/es\/#organization\"},\"image\":{\"@id\":\"https:\/\/www.pressenza.com\/es\/2026\/04\/ni-un-euro-para-el-rearme-ni-un-voto-para-la-guerra\/#primaryimage\"},\"thumbnailUrl\":\"https:\/\/www.pressenza.com\/wp-content\/uploads\/2026\/04\/yay@flautas-\u00b7-PROTESTA-FERIA-HOMSEC-2-768x576-1.jpg\",\"keywords\":[\"desmilitarizar\",\"gasto militar\",\"guerra\",\"rearme\"],\"articleSection\":[\"Europa\",\"Paz y Desarme\"],\"inLanguage\":\"es\"},{\"@type\":\"WebPage\",\"@id\":\"https:\/\/www.pressenza.com\/es\/2026\/04\/ni-un-euro-para-el-rearme-ni-un-voto-para-la-guerra\/\",\"url\":\"https:\/\/www.pressenza.com\/es\/2026\/04\/ni-un-euro-para-el-rearme-ni-un-voto-para-la-guerra\/\",\"name\":\"Ni un Euro para el Rearme. Ni un Voto para la Guerra\",\"isPartOf\":{\"@id\":\"https:\/\/www.pressenza.com\/es\/#website\"},\"primaryImageOfPage\":{\"@id\":\"https:\/\/www.pressenza.com\/es\/2026\/04\/ni-un-euro-para-el-rearme-ni-un-voto-para-la-guerra\/#primaryimage\"},\"image\":{\"@id\":\"https:\/\/www.pressenza.com\/es\/2026\/04\/ni-un-euro-para-el-rearme-ni-un-voto-para-la-guerra\/#primaryimage\"},\"thumbnailUrl\":\"https:\/\/www.pressenza.com\/wp-content\/uploads\/2026\/04\/yay@flautas-\u00b7-PROTESTA-FERIA-HOMSEC-2-768x576-1.jpg\",\"datePublished\":\"2026-04-25T22:34:42+00:00\",\"description\":\"Nos negamos a normalizar el ambiente belicista y militarista que nos est\u00e1n inculcando. Nos negamos a justificar la preparaci\u00f3n de la guerra como algo\",\"breadcrumb\":{\"@id\":\"https:\/\/www.pressenza.com\/es\/2026\/04\/ni-un-euro-para-el-rearme-ni-un-voto-para-la-guerra\/#breadcrumb\"},\"inLanguage\":\"es\",\"potentialAction\":[{\"@type\":\"ReadAction\",\"target\":[\"https:\/\/www.pressenza.com\/es\/2026\/04\/ni-un-euro-para-el-rearme-ni-un-voto-para-la-guerra\/\"]}]},{\"@type\":\"ImageObject\",\"inLanguage\":\"es\",\"@id\":\"https:\/\/www.pressenza.com\/es\/2026\/04\/ni-un-euro-para-el-rearme-ni-un-voto-para-la-guerra\/#primaryimage\",\"url\":\"https:\/\/www.pressenza.com\/wp-content\/uploads\/2026\/04\/yay@flautas-\u00b7-PROTESTA-FERIA-HOMSEC-2-768x576-1.jpg\",\"contentUrl\":\"https:\/\/www.pressenza.com\/wp-content\/uploads\/2026\/04\/yay@flautas-\u00b7-PROTESTA-FERIA-HOMSEC-2-768x576-1.jpg\",\"width\":820,\"height\":546},{\"@type\":\"BreadcrumbList\",\"@id\":\"https:\/\/www.pressenza.com\/es\/2026\/04\/ni-un-euro-para-el-rearme-ni-un-voto-para-la-guerra\/#breadcrumb\",\"itemListElement\":[{\"@type\":\"ListItem\",\"position\":1,\"name\":\"Accueil\",\"item\":\"https:\/\/www.pressenza.com\/es\/\"},{\"@type\":\"ListItem\",\"position\":2,\"name\":\"Ni un Euro para el Rearme. Ni un Voto para la Guerra\"}]},{\"@type\":\"WebSite\",\"@id\":\"https:\/\/www.pressenza.com\/es\/#website\",\"url\":\"https:\/\/www.pressenza.com\/es\/\",\"name\":\"Pressenza\",\"description\":\"International Press Agency\",\"publisher\":{\"@id\":\"https:\/\/www.pressenza.com\/es\/#organization\"},\"potentialAction\":[{\"@type\":\"SearchAction\",\"target\":{\"@type\":\"EntryPoint\",\"urlTemplate\":\"https:\/\/www.pressenza.com\/es\/?s={search_term_string}\"},\"query-input\":{\"@type\":\"PropertyValueSpecification\",\"valueRequired\":true,\"valueName\":\"search_term_string\"}}],\"inLanguage\":\"es\"},{\"@type\":\"Organization\",\"@id\":\"https:\/\/www.pressenza.com\/es\/#organization\",\"name\":\"Pressenza\",\"url\":\"https:\/\/www.pressenza.com\/es\/\",\"logo\":{\"@type\":\"ImageObject\",\"inLanguage\":\"es\",\"@id\":\"https:\/\/www.pressenza.com\/es\/#\/schema\/logo\/image\/\",\"url\":\"https:\/\/www.pressenza.com\/wp-content\/uploads\/2022\/10\/pressenza_logo_200x200.jpg\",\"contentUrl\":\"https:\/\/www.pressenza.com\/wp-content\/uploads\/2022\/10\/pressenza_logo_200x200.jpg\",\"width\":200,\"height\":200,\"caption\":\"Pressenza\"},\"image\":{\"@id\":\"https:\/\/www.pressenza.com\/es\/#\/schema\/logo\/image\/\"},\"sameAs\":[\"https:\/\/www.facebook.com\/PressenzaItalia\",\"https:\/\/x.com\/PressenzaIPA\"]},{\"@type\":\"Person\",\"@id\":\"https:\/\/www.pressenza.com\/es\/#\/schema\/person\/828fc40eeca2ad7be3630e5a46adba94\",\"name\":\"Redacci\u00f3n Madrid\",\"description\":\"News from the Pressenza Bureau in Madrid, Spain\",\"sameAs\":[\"https:\/\/www.facebook.com\/pressenza\",\"https:\/\/x.com\/pressenza\"],\"url\":\"https:\/\/www.pressenza.com\/es\/author\/redaccion-madrid\/\"}]}<\/script>\n<!-- \/ Yoast SEO plugin. -->","yoast_head_json":{"title":"Ni un Euro para el Rearme. Ni un Voto para la Guerra","description":"Nos negamos a normalizar el ambiente belicista y militarista que nos est\u00e1n inculcando. Nos negamos a justificar la preparaci\u00f3n de la guerra como algo","robots":{"index":"index","follow":"follow","max-snippet":"max-snippet:-1","max-image-preview":"max-image-preview:large","max-video-preview":"max-video-preview:-1"},"canonical":"https:\/\/www.pressenza.com\/es\/2026\/04\/ni-un-euro-para-el-rearme-ni-un-voto-para-la-guerra\/","og_locale":"es_ES","og_type":"article","og_title":"Ni un Euro para el Rearme. Ni un Voto para la Guerra","og_description":"Nos negamos a normalizar el ambiente belicista y militarista que nos est\u00e1n inculcando. Nos negamos a justificar la preparaci\u00f3n de la guerra como algo","og_url":"https:\/\/www.pressenza.com\/es\/2026\/04\/ni-un-euro-para-el-rearme-ni-un-voto-para-la-guerra\/","og_site_name":"Pressenza","article_publisher":"https:\/\/www.facebook.com\/PressenzaItalia","article_author":"https:\/\/www.facebook.com\/pressenza","article_published_time":"2026-04-25T22:34:42+00:00","og_image":[{"width":820,"height":546,"url":"https:\/\/www.pressenza.com\/wp-content\/uploads\/2026\/04\/yay@flautas-\u00b7-PROTESTA-FERIA-HOMSEC-2-768x576-1.jpg","type":"image\/jpeg"}],"author":"Redacci\u00f3n Madrid","twitter_card":"summary_large_image","twitter_creator":"@pressenza","twitter_site":"@PressenzaIPA","twitter_misc":{"Escrito por":"Redacci\u00f3n Madrid","Tiempo de lectura":"6 minutos"},"schema":{"@context":"https:\/\/schema.org","@graph":[{"@type":"Article","@id":"https:\/\/www.pressenza.com\/es\/2026\/04\/ni-un-euro-para-el-rearme-ni-un-voto-para-la-guerra\/#article","isPartOf":{"@id":"https:\/\/www.pressenza.com\/es\/2026\/04\/ni-un-euro-para-el-rearme-ni-un-voto-para-la-guerra\/"},"author":{"name":"Redacci\u00f3n Madrid","@id":"https:\/\/www.pressenza.com\/es\/#\/schema\/person\/828fc40eeca2ad7be3630e5a46adba94"},"headline":"Ni un Euro para el Rearme. Ni un Voto para la Guerra","datePublished":"2026-04-25T22:34:42+00:00","mainEntityOfPage":{"@id":"https:\/\/www.pressenza.com\/es\/2026\/04\/ni-un-euro-para-el-rearme-ni-un-voto-para-la-guerra\/"},"wordCount":1067,"publisher":{"@id":"https:\/\/www.pressenza.com\/es\/#organization"},"image":{"@id":"https:\/\/www.pressenza.com\/es\/2026\/04\/ni-un-euro-para-el-rearme-ni-un-voto-para-la-guerra\/#primaryimage"},"thumbnailUrl":"https:\/\/www.pressenza.com\/wp-content\/uploads\/2026\/04\/yay@flautas-\u00b7-PROTESTA-FERIA-HOMSEC-2-768x576-1.jpg","keywords":["desmilitarizar","gasto militar","guerra","rearme"],"articleSection":["Europa","Paz y Desarme"],"inLanguage":"es"},{"@type":"WebPage","@id":"https:\/\/www.pressenza.com\/es\/2026\/04\/ni-un-euro-para-el-rearme-ni-un-voto-para-la-guerra\/","url":"https:\/\/www.pressenza.com\/es\/2026\/04\/ni-un-euro-para-el-rearme-ni-un-voto-para-la-guerra\/","name":"Ni un Euro para el Rearme. Ni un Voto para la Guerra","isPartOf":{"@id":"https:\/\/www.pressenza.com\/es\/#website"},"primaryImageOfPage":{"@id":"https:\/\/www.pressenza.com\/es\/2026\/04\/ni-un-euro-para-el-rearme-ni-un-voto-para-la-guerra\/#primaryimage"},"image":{"@id":"https:\/\/www.pressenza.com\/es\/2026\/04\/ni-un-euro-para-el-rearme-ni-un-voto-para-la-guerra\/#primaryimage"},"thumbnailUrl":"https:\/\/www.pressenza.com\/wp-content\/uploads\/2026\/04\/yay@flautas-\u00b7-PROTESTA-FERIA-HOMSEC-2-768x576-1.jpg","datePublished":"2026-04-25T22:34:42+00:00","description":"Nos negamos a normalizar el ambiente belicista y militarista que nos est\u00e1n inculcando. Nos negamos a justificar la preparaci\u00f3n de la guerra como algo","breadcrumb":{"@id":"https:\/\/www.pressenza.com\/es\/2026\/04\/ni-un-euro-para-el-rearme-ni-un-voto-para-la-guerra\/#breadcrumb"},"inLanguage":"es","potentialAction":[{"@type":"ReadAction","target":["https:\/\/www.pressenza.com\/es\/2026\/04\/ni-un-euro-para-el-rearme-ni-un-voto-para-la-guerra\/"]}]},{"@type":"ImageObject","inLanguage":"es","@id":"https:\/\/www.pressenza.com\/es\/2026\/04\/ni-un-euro-para-el-rearme-ni-un-voto-para-la-guerra\/#primaryimage","url":"https:\/\/www.pressenza.com\/wp-content\/uploads\/2026\/04\/yay@flautas-\u00b7-PROTESTA-FERIA-HOMSEC-2-768x576-1.jpg","contentUrl":"https:\/\/www.pressenza.com\/wp-content\/uploads\/2026\/04\/yay@flautas-\u00b7-PROTESTA-FERIA-HOMSEC-2-768x576-1.jpg","width":820,"height":546},{"@type":"BreadcrumbList","@id":"https:\/\/www.pressenza.com\/es\/2026\/04\/ni-un-euro-para-el-rearme-ni-un-voto-para-la-guerra\/#breadcrumb","itemListElement":[{"@type":"ListItem","position":1,"name":"Accueil","item":"https:\/\/www.pressenza.com\/es\/"},{"@type":"ListItem","position":2,"name":"Ni un Euro para el Rearme. Ni un Voto para la Guerra"}]},{"@type":"WebSite","@id":"https:\/\/www.pressenza.com\/es\/#website","url":"https:\/\/www.pressenza.com\/es\/","name":"Pressenza","description":"International Press Agency","publisher":{"@id":"https:\/\/www.pressenza.com\/es\/#organization"},"potentialAction":[{"@type":"SearchAction","target":{"@type":"EntryPoint","urlTemplate":"https:\/\/www.pressenza.com\/es\/?s={search_term_string}"},"query-input":{"@type":"PropertyValueSpecification","valueRequired":true,"valueName":"search_term_string"}}],"inLanguage":"es"},{"@type":"Organization","@id":"https:\/\/www.pressenza.com\/es\/#organization","name":"Pressenza","url":"https:\/\/www.pressenza.com\/es\/","logo":{"@type":"ImageObject","inLanguage":"es","@id":"https:\/\/www.pressenza.com\/es\/#\/schema\/logo\/image\/","url":"https:\/\/www.pressenza.com\/wp-content\/uploads\/2022\/10\/pressenza_logo_200x200.jpg","contentUrl":"https:\/\/www.pressenza.com\/wp-content\/uploads\/2022\/10\/pressenza_logo_200x200.jpg","width":200,"height":200,"caption":"Pressenza"},"image":{"@id":"https:\/\/www.pressenza.com\/es\/#\/schema\/logo\/image\/"},"sameAs":["https:\/\/www.facebook.com\/PressenzaItalia","https:\/\/x.com\/PressenzaIPA"]},{"@type":"Person","@id":"https:\/\/www.pressenza.com\/es\/#\/schema\/person\/828fc40eeca2ad7be3630e5a46adba94","name":"Redacci\u00f3n Madrid","description":"News from the Pressenza Bureau in Madrid, Spain","sameAs":["https:\/\/www.facebook.com\/pressenza","https:\/\/x.com\/pressenza"],"url":"https:\/\/www.pressenza.com\/es\/author\/redaccion-madrid\/"}]}},"place":"","original_article_url":"https:\/\/yayoflautasmadrid.org\/ni-un-euro-para-el-rearme-ni-un-voto-para-la-guerra\/","_links":{"self":[{"href":"https:\/\/www.pressenza.com\/es\/wp-json\/wp\/v2\/posts\/2695536","targetHints":{"allow":["GET"]}}],"collection":[{"href":"https:\/\/www.pressenza.com\/es\/wp-json\/wp\/v2\/posts"}],"about":[{"href":"https:\/\/www.pressenza.com\/es\/wp-json\/wp\/v2\/types\/post"}],"author":[{"embeddable":true,"href":"https:\/\/www.pressenza.com\/es\/wp-json\/wp\/v2\/users\/94"}],"replies":[{"embeddable":true,"href":"https:\/\/www.pressenza.com\/es\/wp-json\/wp\/v2\/comments?post=2695536"}],"version-history":[{"count":1,"href":"https:\/\/www.pressenza.com\/es\/wp-json\/wp\/v2\/posts\/2695536\/revisions"}],"predecessor-version":[{"id":2695538,"href":"https:\/\/www.pressenza.com\/es\/wp-json\/wp\/v2\/posts\/2695536\/revisions\/2695538"}],"wp:featuredmedia":[{"embeddable":true,"href":"https:\/\/www.pressenza.com\/es\/wp-json\/wp\/v2\/media\/2695537"}],"wp:attachment":[{"href":"https:\/\/www.pressenza.com\/es\/wp-json\/wp\/v2\/media?parent=2695536"}],"wp:term":[{"taxonomy":"category","embeddable":true,"href":"https:\/\/www.pressenza.com\/es\/wp-json\/wp\/v2\/categories?post=2695536"},{"taxonomy":"post_tag","embeddable":true,"href":"https:\/\/www.pressenza.com\/es\/wp-json\/wp\/v2\/tags?post=2695536"}],"curies":[{"name":"wp","href":"https:\/\/api.w.org\/{rel}","templated":true}]}}