{"id":2695529,"date":"2026-04-25T23:19:05","date_gmt":"2026-04-25T22:19:05","guid":{"rendered":"https:\/\/www.pressenza.com\/?p=2695529"},"modified":"2026-04-25T23:32:11","modified_gmt":"2026-04-25T22:32:11","slug":"por-la-noviolencia-la-respuesta-del-evangelio-a-la-guerra-y-a-la-violencia","status":"publish","type":"post","link":"https:\/\/www.pressenza.com\/es\/2026\/04\/por-la-noviolencia-la-respuesta-del-evangelio-a-la-guerra-y-a-la-violencia\/","title":{"rendered":"Por la Noviolencia: la respuesta del evangelio a la guerra y a la violencia"},"content":{"rendered":"<p style=\"text-align: left;\">Carta abierta a los Obispos y a todo el Pueblo de Dios.<\/p>\n<p>Un grupo de personas de diferentes organizaciones en Espa\u00f1a vinculadas a la Iglesia Cat\u00f3lica y a la promoci\u00f3n de la noviolencia activa hemos decidido escribir una carta abierta a los <strong>hermanos Obispos de Espa\u00f1a<\/strong>, a todas las <strong>personas que tienen alg\u00fan tipo de responsabilidad pastoral <\/strong>dentro de las m\u00faltiples vocaciones de la Iglesia y a <strong>todo el Pueblo de Dios<\/strong>.<\/p>\n<p>Creemos que estamos viviendo un momento crucial en el mundo en el que los cristianos debemos avanzar en un compromiso m\u00e1s expl\u00edcito a favor de la paz y contra las injusticias estructurales. Ya no se trata solo de se\u00f1alar y denunciar los crecientes abusos y atentados a la dignidad de las personas y de los pueblos. <strong>A nuestro juicio la situaci\u00f3n exige una respuesta integral y plenamente evang\u00e9lica. <\/strong>La experiencia del \u00faltimo siglo en muchos lugares del mundo demuestra que <strong>la noviolencia es la pr\u00e1ctica social y pol\u00edtica m\u00e1s eficaz y fraternal para afrontar los grandes retos que tenemos por delante<\/strong>. Creemos que ha llegado la hora de hacer un esfuerzo colectivo en la Iglesia espa\u00f1ola para descubrir las posibilidades transformadoras de la noviolencia. Es una tarea comunitaria que requiere de pedagog\u00eda, de encuentros, de talleres, de entrenamiento y de mucha \u201ccaridad pol\u00edtica\u201d.<\/p>\n<p>En esta carta solicitamos un esfuerzo consciente por promover la noviolencia de diferentes formas. A los obispos les pedimos la <strong>redacci\u00f3n de cartas pastorales, el desarrollo de planes de formaci\u00f3n y promover la capacitaci\u00f3n en noviolencia activa <\/strong>en parroquias, escuelas, seminarios, centros de estudio cat\u00f3licos, institutos de ciencias religiosas y universidades cat\u00f3licas, as\u00ed como la <strong>celebraci\u00f3n de fechas <\/strong>fundamentales de la noviolencia. A todos los agentes de pastoral, movimientos, organizaciones, y a toda la comunidad cristiana en su conjunto les pedimos que <strong>integren la noviolencia activa de forma creativa en sus programas de pastora<\/strong>l y pedimos una implicaci\u00f3n efectiva a la Comisi\u00f3n Episcopal para las Comunicaciones Sociales, en coordinaci\u00f3n con la Comisi\u00f3n de Pastoral Social y Promoci\u00f3n Humana, para incrementar la <strong>presencia del testimonio de las experiencias y pr\u00e1cticas de la noviolencia del Evangelio <\/strong>en los medios de comunicaci\u00f3n de la Conferencia Episcopal, as\u00ed como difundir todo el potencial de la Doctrina Social de la Iglesia en estas cuestiones.<\/p>\n<p>Todos los firmantes actuales y los que d\u00eda a d\u00eda se van sumando nos comprometemos a colaborar activamente para avanzar en este prop\u00f3sito. Para adherirse, hacer clic a este enlace (<u><a href=\"https:\/\/chk.me\/oAJV5YP\">https:\/\/chk.me\/oAJV5YP<\/a><\/u>) o leer este QR.<\/p>\n<p>Adjuntamos el documento aqu\u00ed <a href=\"https:\/\/chk.me\/NewcL2D\">(https:\/\/chk.me\/NewcL2D<\/a>) o en este otro QR.<\/p>\n","protected":false},"excerpt":{"rendered":"<p>Carta abierta a los Obispos y a todo el Pueblo de Dios. Un grupo de personas de diferentes organizaciones en Espa\u00f1a vinculadas a la Iglesia Cat\u00f3lica y a la promoci\u00f3n de la noviolencia activa hemos decidido escribir una carta abierta&hellip;<\/p>\n","protected":false},"author":1681,"featured_media":1772024,"comment_status":"closed","ping_status":"closed","sticky":false,"template":"","format":"standard","meta":{"footnotes":""},"categories":[149,66,1242,1243],"tags":[51185,922,383,623],"class_list":["post-2695529","post","type-post","status-publish","format-standard","has-post-thumbnail","hentry","category-comunicados-de-prensa","category-europa-es","category-noviolencia-tema","category-paz-desarme","tag-evangelio","tag-guerra-es","tag-noviolencia","tag-violencia"],"yoast_head":"<!-- This site is optimized with the Yoast SEO plugin v27.1.1 - https:\/\/yoast.com\/product\/yoast-seo-wordpress\/ -->\n<title>Por la Noviolencia: la respuesta del evangelio a la guerra y a la violencia<\/title>\n<meta name=\"description\" content=\"Carta abierta a los Obispos y a todo el Pueblo de Dios. Un grupo de personas de diferentes organizaciones en Espa\u00f1a vinculadas a la Iglesia Cat\u00f3lica y a\" \/>\n<meta name=\"robots\" content=\"index, follow, max-snippet:-1, max-image-preview:large, max-video-preview:-1\" \/>\n<link rel=\"canonical\" href=\"https:\/\/www.pressenza.com\/es\/2026\/04\/por-la-noviolencia-la-respuesta-del-evangelio-a-la-guerra-y-a-la-violencia\/\" \/>\n<meta property=\"og:locale\" content=\"es_ES\" \/>\n<meta property=\"og:type\" content=\"article\" \/>\n<meta property=\"og:title\" content=\"Por la Noviolencia: la respuesta del evangelio a la guerra y a la violencia\" \/>\n<meta property=\"og:description\" content=\"Carta abierta a los Obispos y a todo el Pueblo de Dios. Un grupo de personas de diferentes organizaciones en Espa\u00f1a vinculadas a la Iglesia Cat\u00f3lica y a\" \/>\n<meta property=\"og:url\" content=\"https:\/\/www.pressenza.com\/es\/2026\/04\/por-la-noviolencia-la-respuesta-del-evangelio-a-la-guerra-y-a-la-violencia\/\" \/>\n<meta property=\"og:site_name\" content=\"Pressenza\" \/>\n<meta property=\"article:publisher\" content=\"https:\/\/www.facebook.com\/PressenzaItalia\" \/>\n<meta property=\"article:published_time\" content=\"2026-04-25T22:19:05+00:00\" \/>\n<meta property=\"article:modified_time\" content=\"2026-04-25T22:32:11+00:00\" \/>\n<meta property=\"og:image\" content=\"https:\/\/www.pressenza.com\/wp-content\/uploads\/2023\/10\/Sergio-Cerrato-Pixabay.jpg\" \/>\n\t<meta property=\"og:image:width\" content=\"1024\" \/>\n\t<meta property=\"og:image:height\" content=\"768\" \/>\n\t<meta property=\"og:image:type\" content=\"image\/jpeg\" \/>\n<meta name=\"author\" content=\"Redacci\u00f3n Espa\u00f1a\" \/>\n<meta name=\"twitter:card\" content=\"summary_large_image\" \/>\n<meta name=\"twitter:creator\" content=\"@PressenzaIPA\" \/>\n<meta name=\"twitter:site\" content=\"@PressenzaIPA\" \/>\n<meta name=\"twitter:label1\" content=\"Escrito por\" \/>\n\t<meta name=\"twitter:data1\" content=\"Redacci\u00f3n Espa\u00f1a\" \/>\n\t<meta name=\"twitter:label2\" content=\"Tiempo de lectura\" \/>\n\t<meta name=\"twitter:data2\" content=\"3 minutos\" \/>\n<script type=\"application\/ld+json\" class=\"yoast-schema-graph\">{\"@context\":\"https:\/\/schema.org\",\"@graph\":[{\"@type\":\"Article\",\"@id\":\"https:\/\/www.pressenza.com\/es\/2026\/04\/por-la-noviolencia-la-respuesta-del-evangelio-a-la-guerra-y-a-la-violencia\/#article\",\"isPartOf\":{\"@id\":\"https:\/\/www.pressenza.com\/es\/2026\/04\/por-la-noviolencia-la-respuesta-del-evangelio-a-la-guerra-y-a-la-violencia\/\"},\"author\":{\"name\":\"Redacci\u00f3n Espa\u00f1a\",\"@id\":\"https:\/\/www.pressenza.com\/es\/#\/schema\/person\/fffbbe2f14495897417f313a954dae23\"},\"headline\":\"Por la Noviolencia: la respuesta del evangelio a la guerra y a la violencia\",\"datePublished\":\"2026-04-25T22:19:05+00:00\",\"dateModified\":\"2026-04-25T22:32:11+00:00\",\"mainEntityOfPage\":{\"@id\":\"https:\/\/www.pressenza.com\/es\/2026\/04\/por-la-noviolencia-la-respuesta-del-evangelio-a-la-guerra-y-a-la-violencia\/\"},\"wordCount\":474,\"publisher\":{\"@id\":\"https:\/\/www.pressenza.com\/es\/#organization\"},\"image\":{\"@id\":\"https:\/\/www.pressenza.com\/es\/2026\/04\/por-la-noviolencia-la-respuesta-del-evangelio-a-la-guerra-y-a-la-violencia\/#primaryimage\"},\"thumbnailUrl\":\"https:\/\/www.pressenza.com\/wp-content\/uploads\/2023\/10\/Sergio-Cerrato-Pixabay.jpg\",\"keywords\":[\"Evangelio\",\"guerra\",\"Noviolencia\",\"Violencia\"],\"articleSection\":[\"Comunicados de Prensa\",\"Europa\",\"Noviolencia\",\"Paz y Desarme\"],\"inLanguage\":\"es\"},{\"@type\":\"WebPage\",\"@id\":\"https:\/\/www.pressenza.com\/es\/2026\/04\/por-la-noviolencia-la-respuesta-del-evangelio-a-la-guerra-y-a-la-violencia\/\",\"url\":\"https:\/\/www.pressenza.com\/es\/2026\/04\/por-la-noviolencia-la-respuesta-del-evangelio-a-la-guerra-y-a-la-violencia\/\",\"name\":\"Por la Noviolencia: la respuesta del evangelio a la guerra y a la violencia\",\"isPartOf\":{\"@id\":\"https:\/\/www.pressenza.com\/es\/#website\"},\"primaryImageOfPage\":{\"@id\":\"https:\/\/www.pressenza.com\/es\/2026\/04\/por-la-noviolencia-la-respuesta-del-evangelio-a-la-guerra-y-a-la-violencia\/#primaryimage\"},\"image\":{\"@id\":\"https:\/\/www.pressenza.com\/es\/2026\/04\/por-la-noviolencia-la-respuesta-del-evangelio-a-la-guerra-y-a-la-violencia\/#primaryimage\"},\"thumbnailUrl\":\"https:\/\/www.pressenza.com\/wp-content\/uploads\/2023\/10\/Sergio-Cerrato-Pixabay.jpg\",\"datePublished\":\"2026-04-25T22:19:05+00:00\",\"dateModified\":\"2026-04-25T22:32:11+00:00\",\"description\":\"Carta abierta a los Obispos y a todo el Pueblo de Dios. Un grupo de personas de diferentes organizaciones en Espa\u00f1a vinculadas a la Iglesia Cat\u00f3lica y a\",\"breadcrumb\":{\"@id\":\"https:\/\/www.pressenza.com\/es\/2026\/04\/por-la-noviolencia-la-respuesta-del-evangelio-a-la-guerra-y-a-la-violencia\/#breadcrumb\"},\"inLanguage\":\"es\",\"potentialAction\":[{\"@type\":\"ReadAction\",\"target\":[\"https:\/\/www.pressenza.com\/es\/2026\/04\/por-la-noviolencia-la-respuesta-del-evangelio-a-la-guerra-y-a-la-violencia\/\"]}]},{\"@type\":\"ImageObject\",\"inLanguage\":\"es\",\"@id\":\"https:\/\/www.pressenza.com\/es\/2026\/04\/por-la-noviolencia-la-respuesta-del-evangelio-a-la-guerra-y-a-la-violencia\/#primaryimage\",\"url\":\"https:\/\/www.pressenza.com\/wp-content\/uploads\/2023\/10\/Sergio-Cerrato-Pixabay.jpg\",\"contentUrl\":\"https:\/\/www.pressenza.com\/wp-content\/uploads\/2023\/10\/Sergio-Cerrato-Pixabay.jpg\",\"width\":1024,\"height\":768},{\"@type\":\"BreadcrumbList\",\"@id\":\"https:\/\/www.pressenza.com\/es\/2026\/04\/por-la-noviolencia-la-respuesta-del-evangelio-a-la-guerra-y-a-la-violencia\/#breadcrumb\",\"itemListElement\":[{\"@type\":\"ListItem\",\"position\":1,\"name\":\"Accueil\",\"item\":\"https:\/\/www.pressenza.com\/es\/\"},{\"@type\":\"ListItem\",\"position\":2,\"name\":\"Por la Noviolencia: la respuesta del evangelio a la guerra y a la violencia\"}]},{\"@type\":\"WebSite\",\"@id\":\"https:\/\/www.pressenza.com\/es\/#website\",\"url\":\"https:\/\/www.pressenza.com\/es\/\",\"name\":\"Pressenza\",\"description\":\"International Press Agency\",\"publisher\":{\"@id\":\"https:\/\/www.pressenza.com\/es\/#organization\"},\"potentialAction\":[{\"@type\":\"SearchAction\",\"target\":{\"@type\":\"EntryPoint\",\"urlTemplate\":\"https:\/\/www.pressenza.com\/es\/?s={search_term_string}\"},\"query-input\":{\"@type\":\"PropertyValueSpecification\",\"valueRequired\":true,\"valueName\":\"search_term_string\"}}],\"inLanguage\":\"es\"},{\"@type\":\"Organization\",\"@id\":\"https:\/\/www.pressenza.com\/es\/#organization\",\"name\":\"Pressenza\",\"url\":\"https:\/\/www.pressenza.com\/es\/\",\"logo\":{\"@type\":\"ImageObject\",\"inLanguage\":\"es\",\"@id\":\"https:\/\/www.pressenza.com\/es\/#\/schema\/logo\/image\/\",\"url\":\"https:\/\/www.pressenza.com\/wp-content\/uploads\/2022\/10\/pressenza_logo_200x200.jpg\",\"contentUrl\":\"https:\/\/www.pressenza.com\/wp-content\/uploads\/2022\/10\/pressenza_logo_200x200.jpg\",\"width\":200,\"height\":200,\"caption\":\"Pressenza\"},\"image\":{\"@id\":\"https:\/\/www.pressenza.com\/es\/#\/schema\/logo\/image\/\"},\"sameAs\":[\"https:\/\/www.facebook.com\/PressenzaItalia\",\"https:\/\/x.com\/PressenzaIPA\"]},{\"@type\":\"Person\",\"@id\":\"https:\/\/www.pressenza.com\/es\/#\/schema\/person\/fffbbe2f14495897417f313a954dae23\",\"name\":\"Redacci\u00f3n Espa\u00f1a\",\"url\":\"https:\/\/www.pressenza.com\/es\/author\/redaccion-espana\/\"}]}<\/script>\n<!-- \/ Yoast SEO plugin. -->","yoast_head_json":{"title":"Por la Noviolencia: la respuesta del evangelio a la guerra y a la violencia","description":"Carta abierta a los Obispos y a todo el Pueblo de Dios. Un grupo de personas de diferentes organizaciones en Espa\u00f1a vinculadas a la Iglesia Cat\u00f3lica y a","robots":{"index":"index","follow":"follow","max-snippet":"max-snippet:-1","max-image-preview":"max-image-preview:large","max-video-preview":"max-video-preview:-1"},"canonical":"https:\/\/www.pressenza.com\/es\/2026\/04\/por-la-noviolencia-la-respuesta-del-evangelio-a-la-guerra-y-a-la-violencia\/","og_locale":"es_ES","og_type":"article","og_title":"Por la Noviolencia: la respuesta del evangelio a la guerra y a la violencia","og_description":"Carta abierta a los Obispos y a todo el Pueblo de Dios. Un grupo de personas de diferentes organizaciones en Espa\u00f1a vinculadas a la Iglesia Cat\u00f3lica y a","og_url":"https:\/\/www.pressenza.com\/es\/2026\/04\/por-la-noviolencia-la-respuesta-del-evangelio-a-la-guerra-y-a-la-violencia\/","og_site_name":"Pressenza","article_publisher":"https:\/\/www.facebook.com\/PressenzaItalia","article_published_time":"2026-04-25T22:19:05+00:00","article_modified_time":"2026-04-25T22:32:11+00:00","og_image":[{"width":1024,"height":768,"url":"https:\/\/www.pressenza.com\/wp-content\/uploads\/2023\/10\/Sergio-Cerrato-Pixabay.jpg","type":"image\/jpeg"}],"author":"Redacci\u00f3n Espa\u00f1a","twitter_card":"summary_large_image","twitter_creator":"@PressenzaIPA","twitter_site":"@PressenzaIPA","twitter_misc":{"Escrito por":"Redacci\u00f3n Espa\u00f1a","Tiempo de lectura":"3 minutos"},"schema":{"@context":"https:\/\/schema.org","@graph":[{"@type":"Article","@id":"https:\/\/www.pressenza.com\/es\/2026\/04\/por-la-noviolencia-la-respuesta-del-evangelio-a-la-guerra-y-a-la-violencia\/#article","isPartOf":{"@id":"https:\/\/www.pressenza.com\/es\/2026\/04\/por-la-noviolencia-la-respuesta-del-evangelio-a-la-guerra-y-a-la-violencia\/"},"author":{"name":"Redacci\u00f3n Espa\u00f1a","@id":"https:\/\/www.pressenza.com\/es\/#\/schema\/person\/fffbbe2f14495897417f313a954dae23"},"headline":"Por la Noviolencia: la respuesta del evangelio a la guerra y a la violencia","datePublished":"2026-04-25T22:19:05+00:00","dateModified":"2026-04-25T22:32:11+00:00","mainEntityOfPage":{"@id":"https:\/\/www.pressenza.com\/es\/2026\/04\/por-la-noviolencia-la-respuesta-del-evangelio-a-la-guerra-y-a-la-violencia\/"},"wordCount":474,"publisher":{"@id":"https:\/\/www.pressenza.com\/es\/#organization"},"image":{"@id":"https:\/\/www.pressenza.com\/es\/2026\/04\/por-la-noviolencia-la-respuesta-del-evangelio-a-la-guerra-y-a-la-violencia\/#primaryimage"},"thumbnailUrl":"https:\/\/www.pressenza.com\/wp-content\/uploads\/2023\/10\/Sergio-Cerrato-Pixabay.jpg","keywords":["Evangelio","guerra","Noviolencia","Violencia"],"articleSection":["Comunicados de Prensa","Europa","Noviolencia","Paz y Desarme"],"inLanguage":"es"},{"@type":"WebPage","@id":"https:\/\/www.pressenza.com\/es\/2026\/04\/por-la-noviolencia-la-respuesta-del-evangelio-a-la-guerra-y-a-la-violencia\/","url":"https:\/\/www.pressenza.com\/es\/2026\/04\/por-la-noviolencia-la-respuesta-del-evangelio-a-la-guerra-y-a-la-violencia\/","name":"Por la Noviolencia: la respuesta del evangelio a la guerra y a la violencia","isPartOf":{"@id":"https:\/\/www.pressenza.com\/es\/#website"},"primaryImageOfPage":{"@id":"https:\/\/www.pressenza.com\/es\/2026\/04\/por-la-noviolencia-la-respuesta-del-evangelio-a-la-guerra-y-a-la-violencia\/#primaryimage"},"image":{"@id":"https:\/\/www.pressenza.com\/es\/2026\/04\/por-la-noviolencia-la-respuesta-del-evangelio-a-la-guerra-y-a-la-violencia\/#primaryimage"},"thumbnailUrl":"https:\/\/www.pressenza.com\/wp-content\/uploads\/2023\/10\/Sergio-Cerrato-Pixabay.jpg","datePublished":"2026-04-25T22:19:05+00:00","dateModified":"2026-04-25T22:32:11+00:00","description":"Carta abierta a los Obispos y a todo el Pueblo de Dios. Un grupo de personas de diferentes organizaciones en Espa\u00f1a vinculadas a la Iglesia Cat\u00f3lica y a","breadcrumb":{"@id":"https:\/\/www.pressenza.com\/es\/2026\/04\/por-la-noviolencia-la-respuesta-del-evangelio-a-la-guerra-y-a-la-violencia\/#breadcrumb"},"inLanguage":"es","potentialAction":[{"@type":"ReadAction","target":["https:\/\/www.pressenza.com\/es\/2026\/04\/por-la-noviolencia-la-respuesta-del-evangelio-a-la-guerra-y-a-la-violencia\/"]}]},{"@type":"ImageObject","inLanguage":"es","@id":"https:\/\/www.pressenza.com\/es\/2026\/04\/por-la-noviolencia-la-respuesta-del-evangelio-a-la-guerra-y-a-la-violencia\/#primaryimage","url":"https:\/\/www.pressenza.com\/wp-content\/uploads\/2023\/10\/Sergio-Cerrato-Pixabay.jpg","contentUrl":"https:\/\/www.pressenza.com\/wp-content\/uploads\/2023\/10\/Sergio-Cerrato-Pixabay.jpg","width":1024,"height":768},{"@type":"BreadcrumbList","@id":"https:\/\/www.pressenza.com\/es\/2026\/04\/por-la-noviolencia-la-respuesta-del-evangelio-a-la-guerra-y-a-la-violencia\/#breadcrumb","itemListElement":[{"@type":"ListItem","position":1,"name":"Accueil","item":"https:\/\/www.pressenza.com\/es\/"},{"@type":"ListItem","position":2,"name":"Por la Noviolencia: la respuesta del evangelio a la guerra y a la violencia"}]},{"@type":"WebSite","@id":"https:\/\/www.pressenza.com\/es\/#website","url":"https:\/\/www.pressenza.com\/es\/","name":"Pressenza","description":"International Press Agency","publisher":{"@id":"https:\/\/www.pressenza.com\/es\/#organization"},"potentialAction":[{"@type":"SearchAction","target":{"@type":"EntryPoint","urlTemplate":"https:\/\/www.pressenza.com\/es\/?s={search_term_string}"},"query-input":{"@type":"PropertyValueSpecification","valueRequired":true,"valueName":"search_term_string"}}],"inLanguage":"es"},{"@type":"Organization","@id":"https:\/\/www.pressenza.com\/es\/#organization","name":"Pressenza","url":"https:\/\/www.pressenza.com\/es\/","logo":{"@type":"ImageObject","inLanguage":"es","@id":"https:\/\/www.pressenza.com\/es\/#\/schema\/logo\/image\/","url":"https:\/\/www.pressenza.com\/wp-content\/uploads\/2022\/10\/pressenza_logo_200x200.jpg","contentUrl":"https:\/\/www.pressenza.com\/wp-content\/uploads\/2022\/10\/pressenza_logo_200x200.jpg","width":200,"height":200,"caption":"Pressenza"},"image":{"@id":"https:\/\/www.pressenza.com\/es\/#\/schema\/logo\/image\/"},"sameAs":["https:\/\/www.facebook.com\/PressenzaItalia","https:\/\/x.com\/PressenzaIPA"]},{"@type":"Person","@id":"https:\/\/www.pressenza.com\/es\/#\/schema\/person\/fffbbe2f14495897417f313a954dae23","name":"Redacci\u00f3n Espa\u00f1a","url":"https:\/\/www.pressenza.com\/es\/author\/redaccion-espana\/"}]}},"place":"","original_article_url":"","_links":{"self":[{"href":"https:\/\/www.pressenza.com\/es\/wp-json\/wp\/v2\/posts\/2695529","targetHints":{"allow":["GET"]}}],"collection":[{"href":"https:\/\/www.pressenza.com\/es\/wp-json\/wp\/v2\/posts"}],"about":[{"href":"https:\/\/www.pressenza.com\/es\/wp-json\/wp\/v2\/types\/post"}],"author":[{"embeddable":true,"href":"https:\/\/www.pressenza.com\/es\/wp-json\/wp\/v2\/users\/1681"}],"replies":[{"embeddable":true,"href":"https:\/\/www.pressenza.com\/es\/wp-json\/wp\/v2\/comments?post=2695529"}],"version-history":[{"count":1,"href":"https:\/\/www.pressenza.com\/es\/wp-json\/wp\/v2\/posts\/2695529\/revisions"}],"predecessor-version":[{"id":2695534,"href":"https:\/\/www.pressenza.com\/es\/wp-json\/wp\/v2\/posts\/2695529\/revisions\/2695534"}],"wp:featuredmedia":[{"embeddable":true,"href":"https:\/\/www.pressenza.com\/es\/wp-json\/wp\/v2\/media\/1772024"}],"wp:attachment":[{"href":"https:\/\/www.pressenza.com\/es\/wp-json\/wp\/v2\/media?parent=2695529"}],"wp:term":[{"taxonomy":"category","embeddable":true,"href":"https:\/\/www.pressenza.com\/es\/wp-json\/wp\/v2\/categories?post=2695529"},{"taxonomy":"post_tag","embeddable":true,"href":"https:\/\/www.pressenza.com\/es\/wp-json\/wp\/v2\/tags?post=2695529"}],"curies":[{"name":"wp","href":"https:\/\/api.w.org\/{rel}","templated":true}]}}