{"id":26955,"date":"2012-12-05T22:30:22","date_gmt":"2012-12-05T22:30:22","guid":{"rendered":"http:\/\/www.pressenza.com\/?p=26955"},"modified":"2012-12-06T02:18:35","modified_gmt":"2012-12-06T02:18:35","slug":"el-negocio-de-la-sanidad","status":"publish","type":"post","link":"https:\/\/www.pressenza.com\/es\/2012\/12\/el-negocio-de-la-sanidad\/","title":{"rendered":"El negocio de la sanidad"},"content":{"rendered":"<p id=\"yui_3_7_2_1_1354745039982_93\" lang=\"es-ES\">Hace algunos a\u00f1os Michael Moore retrataba brillantemente en &#8216;Sicko&#8217; el negocio y la estafa sanitaria en Estados Unidos a manos de grandes compa\u00f1\u00edas aseguradoras. Hoy \u00e9ste es el modelo que se impone en el Estado espa\u00f1ol. Y, \u00bfad\u00f3nde nos conducen dichas pol\u00edticas? 50 millones de estadounidenses sin ning\u00fan tipo de cobertura sanitaria y 250 millones con seguro m\u00e9dico privado, que cuando necesitan de tratamiento, en muchos casos, les es negado. Si quieren ver lo que se nos viene encima, no se pierdan este film. M\u00e1s que un documental, una pel\u00edcula de terror.<\/p>\n<p lang=\"es-ES\">Los Presupuestos Generales del Estado aprobaron para este a\u00f1o el mayor recorte nunca visto en materia sanitaria: 7267 millones de euros. Una ofensiva en toda regla contra el actual sistema de salud y que significa, entre otras medidas, el fin de la atenci\u00f3n sanitaria universal, dejando al margen las personas inmigrantes sin papeles; la reducci\u00f3n de prestaciones sociales diversas; o el establecimiento del copago sanitario, haci\u00e9ndonos volver a pagar, y en sitios como en Catalunya por partida doble (copago estatal m\u00e1s copago catal\u00e1n), aquello que hemos abonado previamente mediante impuestos.<\/p>\n<p lang=\"es-ES\">Se trata de medidas que nos hacen retroceder d\u00e9cadas y que promueven una deficiente atenci\u00f3n sanitaria, con largas listas de espera, reducci\u00f3n de personal e infraestructuras&#8230; para as\u00ed empujarnos a las mutuas privadas. Est\u00e1 claro: el \u00e9xito del sistema m\u00e9dico privado radica en el mal funcionamiento del p\u00fablico. Nos quieren enfermos, pero suficientemente vivos para seguir pagando. Se promueve as\u00ed una sanidad para ricos y otra para pobres. Y \u00e9sta deja de ser un derecho para convertirse en un privilegio.<\/p>\n<p lang=\"es-ES\">Catalunya y el Pa\u00eds Valenci\u00e0 han sido, tristemente, pioneras en dichas pr\u00e1cticas. Y qui\u00e9nes las promueven cuentan con un dilatado curriculum en la empresa privada. \u00c9ste el caso de Boi Ruiz, actual consejero de sanidad de la Generalitat catalana, que antes de ocupar este cargo fue presidente y director de la principal patronal sanitaria catalana, La Uni\u00f3 Catalana d\u2019Hospitals. Ahora le toca a Madrid. Y, cosas de la vida, Antonio Burgue\u00f1o, director general de Hospitales de la Consejer\u00eda de Sanidad madrile\u00f1a, principal ide\u00f3logo de la privatizaci\u00f3n de hospitales y centros de salud, lleg\u00f3 a trabajar m\u00e1s de veinte a\u00f1os en el sector sanitario&#8230; privado. \u00bfConflicto de intereses?<\/p>\n<p>Nos lo han repetido por activa y por pasiva: \u00abla sanidad p\u00fablica no funciona\u00bb, \u00abla gesti\u00f3n privada es mejor\u00bb&#8230; Y, un detalle: cuando el gobierno, los medios, el mundo empresarial se refieren a la sanidad hablan siempre de \u00abgastos\u00bb sanitarios, \u00abgasto\u00bb farmac\u00e9utico. Apostar por la sanidad, nos dicen, significa gastar. Curiosamente, \u00abel gasto p\u00fablico\u00bb, pero \u00abla inversi\u00f3n privada\u00bb. Manipulan las palabras para justificar sus pr\u00e1cticas, pero cada vez somos m\u00e1s quienes no nos creemos sus mentiras. La sanidad o la educaci\u00f3n no son un \u201cgasto\u201d, son una \u201cinversi\u00f3n\u201d, una inversi\u00f3n en un modelo de sociedad y en los derechos de las personas.<\/p>\n<p lang=\"es-ES\">Hoy el sector sanitario se alza en pie. En Madrid, son ya varias jornadas de huelga, manifestaciones masivas, encierros en hospitales como el del emblem\u00e1tico <span style=\"color: #000080;\"><span style=\"text-decoration: underline;\"><a href=\"http:\/\/hospitallaprincesaenpeligro.blogspot.com.es\/\" rel=\"nofollow\" target=\"_blank\">Hospital Princesa<\/a><\/span><\/span> que dio lugar <span style=\"color: #000080;\"><span style=\"text-decoration: underline;\"><a href=\"http:\/\/sanidadenlucha.wordpress.com\/\" rel=\"nofollow\" target=\"_blank\">a veinte ocupaciones m\u00e1s<\/a><\/span><\/span>, un mill\u00f3n de firmas recogidas, acciones diversas como la de \u00abAbraza tu hospital\u00bb&#8230; Todo para decir \u00abno\u00bb al plan de reforma del sistema sanitario impulsado por la Comunidad de Madrid y que pretende privatizar seis hospitales, 27 centros de atenci\u00f3n primaria, implantar la tasa de 1\u20ac por receta, entre otras medidas. Y que, seg\u00fan los sindicatos, implicar\u00eda la p\u00e9rdida de siete mil puestos de trabajo.<\/p>\n<p>Y todo ello mientras este domingo unas cincuenta mil personas con diversidad funcional se manifestaban en Madrid para reivindicar sus derechos ante los impagos de la administraci\u00f3n p\u00fablica. Un total de 300 millones son los que la administraci\u00f3n debe a este sector y que amenazan con obligar a cerrar a un 20% de los centros que les atienden. Manifestaci\u00f3n hist\u00f3rica, la primera protesta multitudinaria de dicho colectivo en a\u00f1os.<\/p>\n<p>En Barcelona, los <span style=\"color: #000080;\"><span style=\"text-decoration: underline;\"><a href=\"http:\/\/santpauenlluita.wordpress.com\/\" rel=\"nofollow\" target=\"_blank\">trabajadores del Hospital de Sant Pau<\/a><\/span><\/span> empezaron hace d\u00edas un encierro indefinido contra los recortes, que significaron para este hospital: cierre de 84 camas, reducci\u00f3n de la actividad de radioterapia, radiolog\u00eda, cierre de quir\u00f3fanos, etc., con el consiguiente deterioro del servicio. La protesta contra los recortes salariales, los despidos y la precariedad es otro de sus frentes. De hecho, el caso del Hospital de Sant Pau es extrapolable al de muchos otros centros. Y su lucha, y el apoyo social y ciudadano con el que cuentan, todo un ejemplo a generalizar.<\/p>\n<p lang=\"es-ES\">Catalunya ha sido la vanguardia de la privatizaci\u00f3n sanitaria a nivel estatal. Un buen ejemplo de como las pol\u00edticas econ\u00f3micas de CiU y las del PP son calco y copia. La <span style=\"color: #000080;\"><span style=\"text-decoration: underline;\"><a href=\"http:\/\/www.cafeambllet.com\/press\/\" rel=\"nofollow\" target=\"_blank\">revista Caf\u00e8ambLlet<\/a><\/span><\/span> lleva tiempo denunciando los oscuros negocios de CiU y del PSC con la sanidad p\u00fablica catalana. Investigaciones que les han valido una multa de diez mil euros por descubrir \u00ablo que no tocaba\u00bb. Y ahora <span style=\"color: #000080;\"><span style=\"text-decoration: underline;\"><a href=\"http:\/\/afectadasporlosrecortessanitarios.wordpress.com\/\" rel=\"nofollow\" target=\"_blank\">varias entidades sociales <\/a><\/span><\/span>han presentado una querella criminal ante el Tribunal Superior de Justicia de Catalunya contra el consejero Boi Ruiz y su equipo al considerar que estos podr\u00edan haber incurrido en delitos de tr\u00e1fico de influencias, omisi\u00f3n del deber de socorro, actividades prohibidas a los funcionarios, etc.<\/p>\n<p id=\"yui_3_7_2_1_1354745039982_94\">Hacer negocio con la sanidad p\u00fablica es uno de los principales objetivos del capital privado en la presente situaci\u00f3n de crisis, siendo la excusa perfecta para aplicar unas pol\u00edticas de privatizaci\u00f3n que hace tiempo vienen planific\u00e1ndose. Del mismo modo que se busca hacer negocio con la educaci\u00f3n, la vivienda, el transporte y, en definitiva, con nuestras vidas. Los servicios p\u00fablicos est\u00e1n en el punto de mira del poder econ\u00f3mico y pol\u00edtico y son el gran pastel que estos quieren repartirse aumentando, as\u00ed, su tasa de beneficio. Pero, como se ha repetido en numerosas ocasiones: \u00abLa sanidad p\u00fablica no se vende, se defiende\u00bb. Que as\u00ed sea.<\/p>\n<p>*Art\u00edculo publicado en P\u00fablico, 05\/12\/2012: <span style=\"color: #000080;\"><span style=\"text-decoration: underline;\"><a href=\"http:\/\/blogs.publico.es\/dominiopublico\/6218\/el-negocio-de-la-sanidad\/\" rel=\"nofollow\" target=\"_blank\">http:\/\/blogs.publico.es\/dominiopublico\/6218\/el-negocio-de-la-sanidad\/<\/a><\/span><\/span><\/p>\n","protected":false},"excerpt":{"rendered":"<p>Hace algunos a\u00f1os Michael Moore retrataba brillantemente en &#8216;Sicko&#8217; el negocio y la estafa sanitaria en Estados Unidos a manos de grandes compa\u00f1\u00edas aseguradoras. Hoy \u00e9ste es el modelo que se impone en el Estado espa\u00f1ol. Y, \u00bfad\u00f3nde nos conducen&hellip;<\/p>\n","protected":false},"author":895,"featured_media":26958,"comment_status":"closed","ping_status":"open","sticky":false,"template":"","format":"standard","meta":{"footnotes":""},"categories":[79,81,66,161],"tags":[513,355,1759,848,1398,512,1441,631],"class_list":["post-26955","post","type-post","status-publish","format-standard","has-post-thumbnail","hentry","category-derechos-humanos","category-economia-es","category-europa-es","category-opiniones","tag-austeridad","tag-crisis-es","tag-desobediencia-civil","tag-encierro","tag-estado-espanol","tag-recortes","tag-sanidad","tag-violencia-economica"],"yoast_head":"<!-- This site is optimized with the Yoast SEO plugin v27.1.1 - https:\/\/yoast.com\/product\/yoast-seo-wordpress\/ -->\n<title>El negocio de la sanidad<\/title>\n<meta name=\"description\" content=\"Hace algunos a\u00f1os Michael Moore retrataba brillantemente en &#039;Sicko&#039; el negocio y la estafa sanitaria en Estados Unidos a manos de grandes compa\u00f1\u00edas\" \/>\n<meta name=\"robots\" content=\"index, follow, max-snippet:-1, max-image-preview:large, max-video-preview:-1\" \/>\n<link rel=\"canonical\" href=\"https:\/\/www.pressenza.com\/es\/2012\/12\/el-negocio-de-la-sanidad\/\" \/>\n<meta property=\"og:locale\" content=\"es_ES\" \/>\n<meta property=\"og:type\" content=\"article\" \/>\n<meta property=\"og:title\" content=\"El negocio de la sanidad\" \/>\n<meta property=\"og:description\" content=\"Hace algunos a\u00f1os Michael Moore retrataba brillantemente en &#039;Sicko&#039; el negocio y la estafa sanitaria en Estados Unidos a manos de grandes compa\u00f1\u00edas\" \/>\n<meta property=\"og:url\" content=\"https:\/\/www.pressenza.com\/es\/2012\/12\/el-negocio-de-la-sanidad\/\" \/>\n<meta property=\"og:site_name\" content=\"Pressenza\" \/>\n<meta property=\"article:publisher\" content=\"https:\/\/www.facebook.com\/PressenzaItalia\" \/>\n<meta property=\"article:published_time\" content=\"2012-12-05T22:30:22+00:00\" \/>\n<meta property=\"article:modified_time\" content=\"2012-12-06T02:18:35+00:00\" \/>\n<meta property=\"og:image\" content=\"https:\/\/www.pressenza.com\/wp-content\/uploads\/2012\/12\/27O-040-copia.jpg\" \/>\n\t<meta property=\"og:image:width\" content=\"992\" \/>\n\t<meta property=\"og:image:height\" content=\"356\" \/>\n\t<meta property=\"og:image:type\" content=\"image\/jpeg\" \/>\n<meta name=\"author\" content=\"Esther Vivas\" \/>\n<meta name=\"twitter:card\" content=\"summary_large_image\" \/>\n<meta name=\"twitter:creator\" content=\"@PressenzaIPA\" \/>\n<meta name=\"twitter:site\" content=\"@PressenzaIPA\" \/>\n<meta name=\"twitter:label1\" content=\"Escrito por\" \/>\n\t<meta name=\"twitter:data1\" content=\"Esther Vivas\" \/>\n\t<meta name=\"twitter:label2\" content=\"Tiempo de lectura\" \/>\n\t<meta name=\"twitter:data2\" content=\"5 minutos\" \/>\n<script type=\"application\/ld+json\" class=\"yoast-schema-graph\">{\"@context\":\"https:\/\/schema.org\",\"@graph\":[{\"@type\":\"Article\",\"@id\":\"https:\/\/www.pressenza.com\/es\/2012\/12\/el-negocio-de-la-sanidad\/#article\",\"isPartOf\":{\"@id\":\"https:\/\/www.pressenza.com\/es\/2012\/12\/el-negocio-de-la-sanidad\/\"},\"author\":{\"name\":\"Esther Vivas\",\"@id\":\"https:\/\/www.pressenza.com\/es\/#\/schema\/person\/3e97417b680c48cd8fb0cbd3d60ce87e\"},\"headline\":\"El negocio de la sanidad\",\"datePublished\":\"2012-12-05T22:30:22+00:00\",\"dateModified\":\"2012-12-06T02:18:35+00:00\",\"mainEntityOfPage\":{\"@id\":\"https:\/\/www.pressenza.com\/es\/2012\/12\/el-negocio-de-la-sanidad\/\"},\"wordCount\":1040,\"publisher\":{\"@id\":\"https:\/\/www.pressenza.com\/es\/#organization\"},\"image\":{\"@id\":\"https:\/\/www.pressenza.com\/es\/2012\/12\/el-negocio-de-la-sanidad\/#primaryimage\"},\"thumbnailUrl\":\"https:\/\/www.pressenza.com\/wp-content\/uploads\/2012\/12\/27O-040-copia.jpg\",\"keywords\":[\"austeridad\",\"crisis\",\"desobediencia civil\",\"encierro\",\"Estado espa\u00f1ol\",\"recortes\",\"Sanidad\",\"Violencia econ\u00f3mica\"],\"articleSection\":[\"Derechos Humanos\",\"Econom\u00eda\",\"Europa\",\"Opiniones\"],\"inLanguage\":\"es\"},{\"@type\":\"WebPage\",\"@id\":\"https:\/\/www.pressenza.com\/es\/2012\/12\/el-negocio-de-la-sanidad\/\",\"url\":\"https:\/\/www.pressenza.com\/es\/2012\/12\/el-negocio-de-la-sanidad\/\",\"name\":\"El negocio de la sanidad\",\"isPartOf\":{\"@id\":\"https:\/\/www.pressenza.com\/es\/#website\"},\"primaryImageOfPage\":{\"@id\":\"https:\/\/www.pressenza.com\/es\/2012\/12\/el-negocio-de-la-sanidad\/#primaryimage\"},\"image\":{\"@id\":\"https:\/\/www.pressenza.com\/es\/2012\/12\/el-negocio-de-la-sanidad\/#primaryimage\"},\"thumbnailUrl\":\"https:\/\/www.pressenza.com\/wp-content\/uploads\/2012\/12\/27O-040-copia.jpg\",\"datePublished\":\"2012-12-05T22:30:22+00:00\",\"dateModified\":\"2012-12-06T02:18:35+00:00\",\"description\":\"Hace algunos a\u00f1os Michael Moore retrataba brillantemente en 'Sicko' el negocio y la estafa sanitaria en Estados Unidos a manos de grandes compa\u00f1\u00edas\",\"breadcrumb\":{\"@id\":\"https:\/\/www.pressenza.com\/es\/2012\/12\/el-negocio-de-la-sanidad\/#breadcrumb\"},\"inLanguage\":\"es\",\"potentialAction\":[{\"@type\":\"ReadAction\",\"target\":[\"https:\/\/www.pressenza.com\/es\/2012\/12\/el-negocio-de-la-sanidad\/\"]}]},{\"@type\":\"ImageObject\",\"inLanguage\":\"es\",\"@id\":\"https:\/\/www.pressenza.com\/es\/2012\/12\/el-negocio-de-la-sanidad\/#primaryimage\",\"url\":\"https:\/\/www.pressenza.com\/wp-content\/uploads\/2012\/12\/27O-040-copia.jpg\",\"contentUrl\":\"https:\/\/www.pressenza.com\/wp-content\/uploads\/2012\/12\/27O-040-copia.jpg\",\"width\":\"992\",\"height\":\"356\"},{\"@type\":\"BreadcrumbList\",\"@id\":\"https:\/\/www.pressenza.com\/es\/2012\/12\/el-negocio-de-la-sanidad\/#breadcrumb\",\"itemListElement\":[{\"@type\":\"ListItem\",\"position\":1,\"name\":\"Accueil\",\"item\":\"https:\/\/www.pressenza.com\/es\/\"},{\"@type\":\"ListItem\",\"position\":2,\"name\":\"El negocio de la sanidad\"}]},{\"@type\":\"WebSite\",\"@id\":\"https:\/\/www.pressenza.com\/es\/#website\",\"url\":\"https:\/\/www.pressenza.com\/es\/\",\"name\":\"Pressenza\",\"description\":\"International Press Agency\",\"publisher\":{\"@id\":\"https:\/\/www.pressenza.com\/es\/#organization\"},\"potentialAction\":[{\"@type\":\"SearchAction\",\"target\":{\"@type\":\"EntryPoint\",\"urlTemplate\":\"https:\/\/www.pressenza.com\/es\/?s={search_term_string}\"},\"query-input\":{\"@type\":\"PropertyValueSpecification\",\"valueRequired\":true,\"valueName\":\"search_term_string\"}}],\"inLanguage\":\"es\"},{\"@type\":\"Organization\",\"@id\":\"https:\/\/www.pressenza.com\/es\/#organization\",\"name\":\"Pressenza\",\"url\":\"https:\/\/www.pressenza.com\/es\/\",\"logo\":{\"@type\":\"ImageObject\",\"inLanguage\":\"es\",\"@id\":\"https:\/\/www.pressenza.com\/es\/#\/schema\/logo\/image\/\",\"url\":\"https:\/\/www.pressenza.com\/wp-content\/uploads\/2022\/10\/pressenza_logo_200x200.jpg\",\"contentUrl\":\"https:\/\/www.pressenza.com\/wp-content\/uploads\/2022\/10\/pressenza_logo_200x200.jpg\",\"width\":200,\"height\":200,\"caption\":\"Pressenza\"},\"image\":{\"@id\":\"https:\/\/www.pressenza.com\/es\/#\/schema\/logo\/image\/\"},\"sameAs\":[\"https:\/\/www.facebook.com\/PressenzaItalia\",\"https:\/\/x.com\/PressenzaIPA\"]},{\"@type\":\"Person\",\"@id\":\"https:\/\/www.pressenza.com\/es\/#\/schema\/person\/3e97417b680c48cd8fb0cbd3d60ce87e\",\"name\":\"Esther Vivas\",\"description\":\"Activista e investigadora en movimientos sociales y pol\u00edticas agr\u00edcolas y alimentarias. Es licenciada en periodismo y m\u00e1ster en sociolog\u00eda. Forma parte del Centro de Estudios sobre Movimientos Sociales (CEMS) en la Universidad Pompeu Fabra. Es autora de varios libros, entre ellos \\\"Planeta indignado. Ocupando el futuro\\\" y \\\"Del campo al plato. Los circuitos de producci\u00f3n y distribuci\u00f3n de alimentos\\\". http:\/\/esthervivas.com\",\"url\":\"https:\/\/www.pressenza.com\/es\/author\/esther-vivas\/\"}]}<\/script>\n<!-- \/ Yoast SEO plugin. -->","yoast_head_json":{"title":"El negocio de la sanidad","description":"Hace algunos a\u00f1os Michael Moore retrataba brillantemente en 'Sicko' el negocio y la estafa sanitaria en Estados Unidos a manos de grandes compa\u00f1\u00edas","robots":{"index":"index","follow":"follow","max-snippet":"max-snippet:-1","max-image-preview":"max-image-preview:large","max-video-preview":"max-video-preview:-1"},"canonical":"https:\/\/www.pressenza.com\/es\/2012\/12\/el-negocio-de-la-sanidad\/","og_locale":"es_ES","og_type":"article","og_title":"El negocio de la sanidad","og_description":"Hace algunos a\u00f1os Michael Moore retrataba brillantemente en 'Sicko' el negocio y la estafa sanitaria en Estados Unidos a manos de grandes compa\u00f1\u00edas","og_url":"https:\/\/www.pressenza.com\/es\/2012\/12\/el-negocio-de-la-sanidad\/","og_site_name":"Pressenza","article_publisher":"https:\/\/www.facebook.com\/PressenzaItalia","article_published_time":"2012-12-05T22:30:22+00:00","article_modified_time":"2012-12-06T02:18:35+00:00","og_image":[{"width":992,"height":356,"url":"https:\/\/www.pressenza.com\/wp-content\/uploads\/2012\/12\/27O-040-copia.jpg","type":"image\/jpeg"}],"author":"Esther Vivas","twitter_card":"summary_large_image","twitter_creator":"@PressenzaIPA","twitter_site":"@PressenzaIPA","twitter_misc":{"Escrito por":"Esther Vivas","Tiempo de lectura":"5 minutos"},"schema":{"@context":"https:\/\/schema.org","@graph":[{"@type":"Article","@id":"https:\/\/www.pressenza.com\/es\/2012\/12\/el-negocio-de-la-sanidad\/#article","isPartOf":{"@id":"https:\/\/www.pressenza.com\/es\/2012\/12\/el-negocio-de-la-sanidad\/"},"author":{"name":"Esther Vivas","@id":"https:\/\/www.pressenza.com\/es\/#\/schema\/person\/3e97417b680c48cd8fb0cbd3d60ce87e"},"headline":"El negocio de la sanidad","datePublished":"2012-12-05T22:30:22+00:00","dateModified":"2012-12-06T02:18:35+00:00","mainEntityOfPage":{"@id":"https:\/\/www.pressenza.com\/es\/2012\/12\/el-negocio-de-la-sanidad\/"},"wordCount":1040,"publisher":{"@id":"https:\/\/www.pressenza.com\/es\/#organization"},"image":{"@id":"https:\/\/www.pressenza.com\/es\/2012\/12\/el-negocio-de-la-sanidad\/#primaryimage"},"thumbnailUrl":"https:\/\/www.pressenza.com\/wp-content\/uploads\/2012\/12\/27O-040-copia.jpg","keywords":["austeridad","crisis","desobediencia civil","encierro","Estado espa\u00f1ol","recortes","Sanidad","Violencia econ\u00f3mica"],"articleSection":["Derechos Humanos","Econom\u00eda","Europa","Opiniones"],"inLanguage":"es"},{"@type":"WebPage","@id":"https:\/\/www.pressenza.com\/es\/2012\/12\/el-negocio-de-la-sanidad\/","url":"https:\/\/www.pressenza.com\/es\/2012\/12\/el-negocio-de-la-sanidad\/","name":"El negocio de la sanidad","isPartOf":{"@id":"https:\/\/www.pressenza.com\/es\/#website"},"primaryImageOfPage":{"@id":"https:\/\/www.pressenza.com\/es\/2012\/12\/el-negocio-de-la-sanidad\/#primaryimage"},"image":{"@id":"https:\/\/www.pressenza.com\/es\/2012\/12\/el-negocio-de-la-sanidad\/#primaryimage"},"thumbnailUrl":"https:\/\/www.pressenza.com\/wp-content\/uploads\/2012\/12\/27O-040-copia.jpg","datePublished":"2012-12-05T22:30:22+00:00","dateModified":"2012-12-06T02:18:35+00:00","description":"Hace algunos a\u00f1os Michael Moore retrataba brillantemente en 'Sicko' el negocio y la estafa sanitaria en Estados Unidos a manos de grandes compa\u00f1\u00edas","breadcrumb":{"@id":"https:\/\/www.pressenza.com\/es\/2012\/12\/el-negocio-de-la-sanidad\/#breadcrumb"},"inLanguage":"es","potentialAction":[{"@type":"ReadAction","target":["https:\/\/www.pressenza.com\/es\/2012\/12\/el-negocio-de-la-sanidad\/"]}]},{"@type":"ImageObject","inLanguage":"es","@id":"https:\/\/www.pressenza.com\/es\/2012\/12\/el-negocio-de-la-sanidad\/#primaryimage","url":"https:\/\/www.pressenza.com\/wp-content\/uploads\/2012\/12\/27O-040-copia.jpg","contentUrl":"https:\/\/www.pressenza.com\/wp-content\/uploads\/2012\/12\/27O-040-copia.jpg","width":"992","height":"356"},{"@type":"BreadcrumbList","@id":"https:\/\/www.pressenza.com\/es\/2012\/12\/el-negocio-de-la-sanidad\/#breadcrumb","itemListElement":[{"@type":"ListItem","position":1,"name":"Accueil","item":"https:\/\/www.pressenza.com\/es\/"},{"@type":"ListItem","position":2,"name":"El negocio de la sanidad"}]},{"@type":"WebSite","@id":"https:\/\/www.pressenza.com\/es\/#website","url":"https:\/\/www.pressenza.com\/es\/","name":"Pressenza","description":"International Press Agency","publisher":{"@id":"https:\/\/www.pressenza.com\/es\/#organization"},"potentialAction":[{"@type":"SearchAction","target":{"@type":"EntryPoint","urlTemplate":"https:\/\/www.pressenza.com\/es\/?s={search_term_string}"},"query-input":{"@type":"PropertyValueSpecification","valueRequired":true,"valueName":"search_term_string"}}],"inLanguage":"es"},{"@type":"Organization","@id":"https:\/\/www.pressenza.com\/es\/#organization","name":"Pressenza","url":"https:\/\/www.pressenza.com\/es\/","logo":{"@type":"ImageObject","inLanguage":"es","@id":"https:\/\/www.pressenza.com\/es\/#\/schema\/logo\/image\/","url":"https:\/\/www.pressenza.com\/wp-content\/uploads\/2022\/10\/pressenza_logo_200x200.jpg","contentUrl":"https:\/\/www.pressenza.com\/wp-content\/uploads\/2022\/10\/pressenza_logo_200x200.jpg","width":200,"height":200,"caption":"Pressenza"},"image":{"@id":"https:\/\/www.pressenza.com\/es\/#\/schema\/logo\/image\/"},"sameAs":["https:\/\/www.facebook.com\/PressenzaItalia","https:\/\/x.com\/PressenzaIPA"]},{"@type":"Person","@id":"https:\/\/www.pressenza.com\/es\/#\/schema\/person\/3e97417b680c48cd8fb0cbd3d60ce87e","name":"Esther Vivas","description":"Activista e investigadora en movimientos sociales y pol\u00edticas agr\u00edcolas y alimentarias. Es licenciada en periodismo y m\u00e1ster en sociolog\u00eda. Forma parte del Centro de Estudios sobre Movimientos Sociales (CEMS) en la Universidad Pompeu Fabra. Es autora de varios libros, entre ellos \"Planeta indignado. Ocupando el futuro\" y \"Del campo al plato. Los circuitos de producci\u00f3n y distribuci\u00f3n de alimentos\". http:\/\/esthervivas.com","url":"https:\/\/www.pressenza.com\/es\/author\/esther-vivas\/"}]}},"place":"Barcelona","original_article_url":"","_links":{"self":[{"href":"https:\/\/www.pressenza.com\/es\/wp-json\/wp\/v2\/posts\/26955","targetHints":{"allow":["GET"]}}],"collection":[{"href":"https:\/\/www.pressenza.com\/es\/wp-json\/wp\/v2\/posts"}],"about":[{"href":"https:\/\/www.pressenza.com\/es\/wp-json\/wp\/v2\/types\/post"}],"author":[{"embeddable":true,"href":"https:\/\/www.pressenza.com\/es\/wp-json\/wp\/v2\/users\/895"}],"replies":[{"embeddable":true,"href":"https:\/\/www.pressenza.com\/es\/wp-json\/wp\/v2\/comments?post=26955"}],"version-history":[{"count":0,"href":"https:\/\/www.pressenza.com\/es\/wp-json\/wp\/v2\/posts\/26955\/revisions"}],"wp:featuredmedia":[{"embeddable":true,"href":"https:\/\/www.pressenza.com\/es\/wp-json\/wp\/v2\/media\/26958"}],"wp:attachment":[{"href":"https:\/\/www.pressenza.com\/es\/wp-json\/wp\/v2\/media?parent=26955"}],"wp:term":[{"taxonomy":"category","embeddable":true,"href":"https:\/\/www.pressenza.com\/es\/wp-json\/wp\/v2\/categories?post=26955"},{"taxonomy":"post_tag","embeddable":true,"href":"https:\/\/www.pressenza.com\/es\/wp-json\/wp\/v2\/tags?post=26955"}],"curies":[{"name":"wp","href":"https:\/\/api.w.org\/{rel}","templated":true}]}}