{"id":2695439,"date":"2026-04-25T11:49:07","date_gmt":"2026-04-25T10:49:07","guid":{"rendered":"https:\/\/www.pressenza.com\/?p=2695439"},"modified":"2026-04-25T11:49:07","modified_gmt":"2026-04-25T10:49:07","slug":"iran-debia-derrumbarse-por-que-sigue-en-pie","status":"publish","type":"post","link":"https:\/\/www.pressenza.com\/es\/2026\/04\/iran-debia-derrumbarse-por-que-sigue-en-pie\/","title":{"rendered":"Ir\u00e1n deb\u00eda derrumbarse\u2026 \u00bfpor qu\u00e9 sigue en pie?"},"content":{"rendered":"<h4><em>Un an\u00e1lisis estructural del poder, la resiliencia y la supervivencia pol\u00edtica en Ir\u00e1n<\/em><\/h4>\n<blockquote><p>Este texto no est\u00e1 escrito para defender un sistema ni para justificarlo. Es un intento de comprender. Comprender por qu\u00e9 un sistema que, seg\u00fan muchas expectativas, se esperaba que colapsara, con todo sigue en pie. Y, sobre todo, comprender que sobrevivir no significa necesariamente tener \u00e9xito.<\/p><\/blockquote>\n<p>Han pasado dos a\u00f1os desde lo que se denomin\u00f3 \u201cOperaci\u00f3n Promesa Verdadera 1\u201d.<\/p>\n<p>En este per\u00edodo relativamente breve, un presidente muri\u00f3 en un accidente de helic\u00f3ptero, el secretario general de Hezbol\u00e1 fue asesinado, altos mandos militares fueron eliminados uno tras otro, y se produjeron dos ciclos de enfrentamiento militar directo con Israel y Estados Unidos. Las infraestructuras energ\u00e9ticas resultaron da\u00f1adas y la econom\u00eda ha sufrido presiones crecientes y acumulativas.<\/p>\n<p>Y, a pesar de todo esto, la estructura pol\u00edtica, militar y tecnocr\u00e1tica del pa\u00eds no se ha colapsado. Esto plantea una pregunta seria, no una pregunta de intenci\u00f3n propagandista, ni de negaci\u00f3n, sino de an\u00e1lisis: \u00bfpor qu\u00e9 un sistema que, aparentemente, deber\u00eda ceder bajo semejante presi\u00f3n, contin\u00faa resistiendo?<\/p>\n<p>Muchos observadores, tanto externos como internos, caen en un error anal\u00edtico que se puede definir como \u201cpersonalizaci\u00f3n del poder\u201d. Este error se basa en la idea de que el poder en un sistema pol\u00edtico est\u00e1 concentrado en los individuos; en consecuencia, eliminando a los individuos, el sistema deber\u00eda derrumbarse. Este esquema funciona, al menos en parte, para reg\u00edmenes patrimoniales cl\u00e1sicos. Como, por ejemplo, la Libia de Muamar el Gadafi o el Irak de Sadam Husein. Pero resulta insuficiente e incluso enga\u00f1oso cuando se aplica a un sistema que, durante m\u00e1s de cuatro d\u00e9cadas, ha construido instituciones, estratificado el poder y distribuido la autoridad a trav\u00e9s de estructuras paralelas.<\/p>\n<p>En la ciencia pol\u00edtica existe una distinci\u00f3n fundamental entre reg\u00edmenes personalistas y sistemas institucionalizados. Los primeros se derrumban con la eliminaci\u00f3n de la figura central. Los segundos, en cambio, tienden a regenerarse incluso despu\u00e9s de la p\u00e9rdida de individuos clave.<\/p>\n<p>Gran parte del error en el an\u00e1lisis sobre Ir\u00e1n nace precisamente de este punto: se le interpreta como perteneciente a la primera categor\u00eda, mientras que en realidad, a pesar de todas sus debilidades, se acerca mucho m\u00e1s a la segunda.<\/p>\n<p>En este sentido, la Rep\u00fablica Isl\u00e1mica puede describirse como un \u201cr\u00e9gimen h\u00edbrido\u201d: un sistema que combina autoritarismo, institucionalizaci\u00f3n burocr\u00e1tica y redes de poder paralelas. Un sistema que, al mismo tiempo, produce funcionalidad y disfunci\u00f3n.<\/p>\n<p>Tomarse en serio un sistema as\u00ed no significa aprobarlo, sino comprenderlo de manera precisa.<\/p>\n<p>Para entender la resiliencia del Estado iran\u00ed hoy, hay que mirar m\u00e1s all\u00e1 de 1979.<\/p>\n<p>Las ra\u00edces del Estado moderno iran\u00ed se remontan a la Revoluci\u00f3n Constitucional: un inicio que, desde el origen, fue profundamente contradictorio.<\/p>\n<p>El proyecto de construcci\u00f3n del Estado en Ir\u00e1n se desarroll\u00f3 en un contexto marcado por una fuerte centralizaci\u00f3n, la supresi\u00f3n de la diversidad religiosa, regional y pol\u00edtica, la represi\u00f3n de los movimientos civiles y la dependencia de las rentas petroleras, en un lugar con el <em>contrato social real<\/em> basado en la tributaci\u00f3n. El resultado fue un Estado fuerte, pero no necesariamente desarrollado; centralizado, pero no necesariamente eficiente; moderno en su forma, pero no siempre en su sustancia.<\/p>\n<p>Esta herencia parad\u00f3jica \u2014un Estado que construye y al mismo tiempo reprime\u2014 ha continuado hasta hoy, y la Rep\u00fablica Isl\u00e1mica es heredera de ella, m\u00e1s que su origen. Ir\u00e1n sigue siendo un pa\u00eds semiperif\u00e9rico, caracterizado por la corrupci\u00f3n estructural, el desarrollo desigual y capacidades fragmentadas entre regiones y grupos sociales. Y, sin embargo, este mismo Estado ha producido una burocracia funcional, un ej\u00e9rcito organizado, un sistema educativo e infraestructuras t\u00e9cnicas que la Rep\u00fablica Isl\u00e1mica ha reorganizado, m\u00e1s que creado desde cero.<\/p>\n<p>En los a\u00f1os ochenta, la Rep\u00fablica Isl\u00e1mica afront\u00f3 una aut\u00e9ntica \u201cprueba de supervivencia\u201d: una guerra de ocho a\u00f1os, conflictos armados internos y una serie de asesinatos pol\u00edticos a gran escala en la c\u00fapula dirigente, sumado todo ello al aislamiento internacional. Entre las v\u00edctimas estuvieron Mohammad Beheshti (jefe del poder judicial), Mohammad-Ali Rajai (presidente) y Mohammad-Javad Bahonar (primer ministro), asesinados en 1981, adem\u00e1s de decenas de cuadros intermedios.<\/p>\n<p>De esta fase, el sistema aprendi\u00f3 lecciones fundamentales: la c\u00fapula dirigente debe ser reemplazable, la toma de decisiones debe estar distribuida, la supervivencia debe institucionalizarse, no personalizarse.<\/p>\n<p>Esta experiencia se arraig\u00f3 en la memoria institucional del sistema y fue posteriormente reforzada por las experiencias regionales, desde el L\u00edbano hasta Irak, Siria y Yemen.<\/p>\n<p>Ir\u00e1n observ\u00f3 de cerca c\u00f3mo Irak se colaps\u00f3 tras la eliminaci\u00f3n de Sadam, c\u00f3mo Libia se desintegr\u00f3 despu\u00e9s de Gadafi, c\u00f3mo Siria estuvo cerca de perder el Estado.<\/p>\n<p>Estas experiencias han influido profundamente en la doctrina de seguridad y la estructura pol\u00edtica de Ir\u00e1n.<\/p>\n<p>Una de las caracter\u00edsticas m\u00e1s distintivas de este sistema es la presencia de estructuras de poder paralelas: el Cuerpo de Guardianes de la Revoluci\u00f3n junto al ej\u00e9rcito regular, el Consejo de Guardianes junto al Parlamento, la oficina del L\u00edder Supremo junto al gobierno, instituciones econ\u00f3micas semiestatales junto a los ministerios oficiales.<\/p>\n<p>En la gesti\u00f3n cotidiana, este modelo suele generar a menudo ineficiencia, ambig\u00fcedad en la rendici\u00f3n de cuentas y corrupci\u00f3n. Pero desde el punto de vista de la resiliencia, crea una ventaja fundamental: no existe un \u00fanico punto de ruptura.<\/p>\n<p>En la teor\u00eda de sistemas, esto se conoce como \u201credundancia\u201d: cuando un nodo es eliminado, el sistema contin\u00faa funcionando a trav\u00e9s de otros caminos. La eliminaci\u00f3n de figuras como Qasem Soleimani, Hassan Nasral\u00e1 o Ebrahim Raisi represent\u00f3 golpes significativos, pero ninguno de ellos constituy\u00f3 un punto de ruptura para el sistema en su conjunto.<\/p>\n<p>Junto a esto, existe un nivel menos visible pero esencial: una tecnocracia estable. Mandos intermedios, ingenieros de las redes energ\u00e9ticas, especialistas de la industria petroqu\u00edmica, expertos financieros: estas figuras no llegan a trav\u00e9s de las elecciones y no desaparecen con las crisis pol\u00edticas. Durante los recientes per\u00edodos de presi\u00f3n, ha sido precisamente este componente el que ha mantenido operativas las funciones esenciales del Estado.<\/p>\n<p>Esto demuestra que incluso un Estado con una legitimidad cuestionada puede seguir funcionando si dispone de una burocracia t\u00e9cnica eficaz.<\/p>\n<p>Sin embargo, la resiliencia de Ir\u00e1n no es solo institucional. Es tambi\u00e9n geogr\u00e1fica y demogr\u00e1fica. Con m\u00e1s de 80 millones de habitantes, una clase media educada y una fuerza laboral t\u00e9cnica en crecimiento, Ir\u00e1n posee una significativa capacidad interna.<\/p>\n<p>Desde el punto de vista geopol\u00edtico, por su posici\u00f3n entre el Golfo P\u00e9rsico, el Mar Caspio, Asia Central y el C\u00e1ucaso, se sit\u00faa en uno de los nodos m\u00e1s sensibles del sistema internacional.<\/p>\n<p>Esto significa que el coste del colapso de Ir\u00e1n ser\u00eda extremadamente elevado para actores regionales y globales. Por este motivo, incluso los adversarios de este sistema suelen preferir un Ir\u00e1n debilitado a un Ir\u00e1n colapsado. Esta realidad crea una suerte de \u201cescudo geopol\u00edtico invisible\u201d para la supervivencia del sistema.<\/p>\n<p>Pero en todo este an\u00e1lisis estructural, no debe olvidarse un hecho simple: la resiliencia del sistema no coincide necesariamente con la resiliencia de la sociedad. Lo que aparece como estabilidad a nivel sist\u00e9mico puede traducirse, en la vida cotidiana, en presi\u00f3n constante, incertidumbre y desgaste.<\/p>\n<p>Lo que observamos hoy no es el producto de un \u00fanico momento, sino el resultado de un largo proceso hist\u00f3rico de adaptaci\u00f3n y supervivencia.<\/p>\n<p>La Rep\u00fablica Isl\u00e1mica debe ser comprendida como un Sistema, no simplemente como un conjunto de individuos o una ideolog\u00eda abstracta.<\/p>\n<p>No entender esta realidad no es una postura moral ni un an\u00e1lisis pol\u00edtico: es, sencillamente, una simplificaci\u00f3n.<\/p>\n<p>Aun as\u00ed, el futuro permanece abierto. El conflicto reciente no ha concluido a\u00fan y sus consecuencias siguen siendo inciertas. El sistema se encuentra al inicio de una fase de transici\u00f3n: nuevos equilibrios, nuevas figuras, nuevas din\u00e1micas todav\u00eda en formaci\u00f3n.<\/p>\n<p>La pregunta principal ya no es por qu\u00e9 este sistema no se ha derrumbado. La verdadera pregunta es esta: \u00bfpuede transformarse? \u00bfO continuar\u00e1 sobreviviendo sin cambiar?<\/p>\n<p>Y, sobre todo: \u00bfqui\u00e9n asumir\u00e1 el coste de esta supervivencia?<\/p>\n","protected":false},"excerpt":{"rendered":"<p>Un an\u00e1lisis estructural del poder, la resiliencia y la supervivencia pol\u00edtica en Ir\u00e1n Este texto no est\u00e1 escrito para defender un sistema ni para justificarlo. Es un intento de comprender. Comprender por qu\u00e9 un sistema que, seg\u00fan muchas expectativas, se&hellip;<\/p>\n","protected":false},"author":2611,"featured_media":2695440,"comment_status":"closed","ping_status":"closed","sticky":false,"template":"","format":"standard","meta":{"footnotes":""},"categories":[11389,74],"tags":[1697],"class_list":["post-2695439","post","type-post","status-publish","format-standard","has-post-thumbnail","hentry","category-contenido-original","category-politica-es","tag-iran-es"],"yoast_head":"<!-- This site is optimized with the Yoast SEO plugin v27.1.1 - https:\/\/yoast.com\/product\/yoast-seo-wordpress\/ -->\n<title>Ir\u00e1n deb\u00eda derrumbarse\u2026 \u00bfpor qu\u00e9 sigue en pie?<\/title>\n<meta name=\"description\" content=\"Un an\u00e1lisis estructural del poder, la resiliencia y la supervivencia pol\u00edtica en Ir\u00e1n Este texto no est\u00e1 escrito para defender un sistema ni para\" \/>\n<meta name=\"robots\" content=\"index, follow, max-snippet:-1, max-image-preview:large, max-video-preview:-1\" \/>\n<link rel=\"canonical\" href=\"https:\/\/www.pressenza.com\/es\/2026\/04\/iran-debia-derrumbarse-por-que-sigue-en-pie\/\" \/>\n<meta property=\"og:locale\" content=\"es_ES\" \/>\n<meta property=\"og:type\" content=\"article\" \/>\n<meta property=\"og:title\" content=\"Ir\u00e1n deb\u00eda derrumbarse\u2026 \u00bfpor qu\u00e9 sigue en pie?\" \/>\n<meta property=\"og:description\" content=\"Un an\u00e1lisis estructural del poder, la resiliencia y la supervivencia pol\u00edtica en Ir\u00e1n Este texto no est\u00e1 escrito para defender un sistema ni para\" \/>\n<meta property=\"og:url\" content=\"https:\/\/www.pressenza.com\/es\/2026\/04\/iran-debia-derrumbarse-por-que-sigue-en-pie\/\" \/>\n<meta property=\"og:site_name\" content=\"Pressenza\" \/>\n<meta property=\"article:publisher\" content=\"https:\/\/www.facebook.com\/PressenzaItalia\" \/>\n<meta property=\"article:published_time\" content=\"2026-04-25T10:49:07+00:00\" \/>\n<meta property=\"og:image\" content=\"https:\/\/www.pressenza.com\/wp-content\/uploads\/2026\/04\/photo_2026-04-16_01-54-46.jpg\" \/>\n\t<meta property=\"og:image:width\" content=\"1280\" \/>\n\t<meta property=\"og:image:height\" content=\"853\" \/>\n\t<meta property=\"og:image:type\" content=\"image\/jpeg\" \/>\n<meta name=\"author\" content=\"Shayan Moradi\" \/>\n<meta name=\"twitter:card\" content=\"summary_large_image\" \/>\n<meta name=\"twitter:creator\" content=\"@PressenzaIPA\" \/>\n<meta name=\"twitter:site\" content=\"@PressenzaIPA\" \/>\n<meta name=\"twitter:label1\" content=\"Escrito por\" \/>\n\t<meta name=\"twitter:data1\" content=\"Shayan Moradi\" \/>\n\t<meta name=\"twitter:label2\" content=\"Tiempo de lectura\" \/>\n\t<meta name=\"twitter:data2\" content=\"6 minutos\" \/>\n<script type=\"application\/ld+json\" class=\"yoast-schema-graph\">{\"@context\":\"https:\/\/schema.org\",\"@graph\":[{\"@type\":\"Article\",\"@id\":\"https:\/\/www.pressenza.com\/es\/2026\/04\/iran-debia-derrumbarse-por-que-sigue-en-pie\/#article\",\"isPartOf\":{\"@id\":\"https:\/\/www.pressenza.com\/es\/2026\/04\/iran-debia-derrumbarse-por-que-sigue-en-pie\/\"},\"author\":{\"name\":\"Shayan Moradi\",\"@id\":\"https:\/\/www.pressenza.com\/es\/#\/schema\/person\/7ab7eccb3088fac6dc2ec48bfb3011d2\"},\"headline\":\"Ir\u00e1n deb\u00eda derrumbarse\u2026 \u00bfpor qu\u00e9 sigue en pie?\",\"datePublished\":\"2026-04-25T10:49:07+00:00\",\"mainEntityOfPage\":{\"@id\":\"https:\/\/www.pressenza.com\/es\/2026\/04\/iran-debia-derrumbarse-por-que-sigue-en-pie\/\"},\"wordCount\":1451,\"publisher\":{\"@id\":\"https:\/\/www.pressenza.com\/es\/#organization\"},\"image\":{\"@id\":\"https:\/\/www.pressenza.com\/es\/2026\/04\/iran-debia-derrumbarse-por-que-sigue-en-pie\/#primaryimage\"},\"thumbnailUrl\":\"https:\/\/www.pressenza.com\/wp-content\/uploads\/2026\/04\/photo_2026-04-16_01-54-46.jpg\",\"keywords\":[\"Ir\u00e1n\"],\"articleSection\":[\"Contenido Original\",\"Pol\u00edtica\"],\"inLanguage\":\"es\"},{\"@type\":\"WebPage\",\"@id\":\"https:\/\/www.pressenza.com\/es\/2026\/04\/iran-debia-derrumbarse-por-que-sigue-en-pie\/\",\"url\":\"https:\/\/www.pressenza.com\/es\/2026\/04\/iran-debia-derrumbarse-por-que-sigue-en-pie\/\",\"name\":\"Ir\u00e1n deb\u00eda derrumbarse\u2026 \u00bfpor qu\u00e9 sigue en pie?\",\"isPartOf\":{\"@id\":\"https:\/\/www.pressenza.com\/es\/#website\"},\"primaryImageOfPage\":{\"@id\":\"https:\/\/www.pressenza.com\/es\/2026\/04\/iran-debia-derrumbarse-por-que-sigue-en-pie\/#primaryimage\"},\"image\":{\"@id\":\"https:\/\/www.pressenza.com\/es\/2026\/04\/iran-debia-derrumbarse-por-que-sigue-en-pie\/#primaryimage\"},\"thumbnailUrl\":\"https:\/\/www.pressenza.com\/wp-content\/uploads\/2026\/04\/photo_2026-04-16_01-54-46.jpg\",\"datePublished\":\"2026-04-25T10:49:07+00:00\",\"description\":\"Un an\u00e1lisis estructural del poder, la resiliencia y la supervivencia pol\u00edtica en Ir\u00e1n Este texto no est\u00e1 escrito para defender un sistema ni para\",\"breadcrumb\":{\"@id\":\"https:\/\/www.pressenza.com\/es\/2026\/04\/iran-debia-derrumbarse-por-que-sigue-en-pie\/#breadcrumb\"},\"inLanguage\":\"es\",\"potentialAction\":[{\"@type\":\"ReadAction\",\"target\":[\"https:\/\/www.pressenza.com\/es\/2026\/04\/iran-debia-derrumbarse-por-que-sigue-en-pie\/\"]}]},{\"@type\":\"ImageObject\",\"inLanguage\":\"es\",\"@id\":\"https:\/\/www.pressenza.com\/es\/2026\/04\/iran-debia-derrumbarse-por-que-sigue-en-pie\/#primaryimage\",\"url\":\"https:\/\/www.pressenza.com\/wp-content\/uploads\/2026\/04\/photo_2026-04-16_01-54-46.jpg\",\"contentUrl\":\"https:\/\/www.pressenza.com\/wp-content\/uploads\/2026\/04\/photo_2026-04-16_01-54-46.jpg\",\"width\":1280,\"height\":853},{\"@type\":\"BreadcrumbList\",\"@id\":\"https:\/\/www.pressenza.com\/es\/2026\/04\/iran-debia-derrumbarse-por-que-sigue-en-pie\/#breadcrumb\",\"itemListElement\":[{\"@type\":\"ListItem\",\"position\":1,\"name\":\"Accueil\",\"item\":\"https:\/\/www.pressenza.com\/es\/\"},{\"@type\":\"ListItem\",\"position\":2,\"name\":\"Ir\u00e1n deb\u00eda derrumbarse\u2026 \u00bfpor qu\u00e9 sigue en pie?\"}]},{\"@type\":\"WebSite\",\"@id\":\"https:\/\/www.pressenza.com\/es\/#website\",\"url\":\"https:\/\/www.pressenza.com\/es\/\",\"name\":\"Pressenza\",\"description\":\"International Press Agency\",\"publisher\":{\"@id\":\"https:\/\/www.pressenza.com\/es\/#organization\"},\"potentialAction\":[{\"@type\":\"SearchAction\",\"target\":{\"@type\":\"EntryPoint\",\"urlTemplate\":\"https:\/\/www.pressenza.com\/es\/?s={search_term_string}\"},\"query-input\":{\"@type\":\"PropertyValueSpecification\",\"valueRequired\":true,\"valueName\":\"search_term_string\"}}],\"inLanguage\":\"es\"},{\"@type\":\"Organization\",\"@id\":\"https:\/\/www.pressenza.com\/es\/#organization\",\"name\":\"Pressenza\",\"url\":\"https:\/\/www.pressenza.com\/es\/\",\"logo\":{\"@type\":\"ImageObject\",\"inLanguage\":\"es\",\"@id\":\"https:\/\/www.pressenza.com\/es\/#\/schema\/logo\/image\/\",\"url\":\"https:\/\/www.pressenza.com\/wp-content\/uploads\/2022\/10\/pressenza_logo_200x200.jpg\",\"contentUrl\":\"https:\/\/www.pressenza.com\/wp-content\/uploads\/2022\/10\/pressenza_logo_200x200.jpg\",\"width\":200,\"height\":200,\"caption\":\"Pressenza\"},\"image\":{\"@id\":\"https:\/\/www.pressenza.com\/es\/#\/schema\/logo\/image\/\"},\"sameAs\":[\"https:\/\/www.facebook.com\/PressenzaItalia\",\"https:\/\/x.com\/PressenzaIPA\"]},{\"@type\":\"Person\",\"@id\":\"https:\/\/www.pressenza.com\/es\/#\/schema\/person\/7ab7eccb3088fac6dc2ec48bfb3011d2\",\"name\":\"Shayan Moradi\",\"description\":\"Shayan Moradi is an independent political analyst focusing on Iran, Middle Eastern geopolitics, and democratic transitions. His work examines political transformation, infrastructure, and their impact on civilian societies. He is also the author of the book \\\"Free Kurdistan\\\", which explores historical and political aspects of Kurdish self-determination.\",\"url\":\"https:\/\/www.pressenza.com\/es\/author\/shayan-moradi\/\"}]}<\/script>\n<!-- \/ Yoast SEO plugin. -->","yoast_head_json":{"title":"Ir\u00e1n deb\u00eda derrumbarse\u2026 \u00bfpor qu\u00e9 sigue en pie?","description":"Un an\u00e1lisis estructural del poder, la resiliencia y la supervivencia pol\u00edtica en Ir\u00e1n Este texto no est\u00e1 escrito para defender un sistema ni para","robots":{"index":"index","follow":"follow","max-snippet":"max-snippet:-1","max-image-preview":"max-image-preview:large","max-video-preview":"max-video-preview:-1"},"canonical":"https:\/\/www.pressenza.com\/es\/2026\/04\/iran-debia-derrumbarse-por-que-sigue-en-pie\/","og_locale":"es_ES","og_type":"article","og_title":"Ir\u00e1n deb\u00eda derrumbarse\u2026 \u00bfpor qu\u00e9 sigue en pie?","og_description":"Un an\u00e1lisis estructural del poder, la resiliencia y la supervivencia pol\u00edtica en Ir\u00e1n Este texto no est\u00e1 escrito para defender un sistema ni para","og_url":"https:\/\/www.pressenza.com\/es\/2026\/04\/iran-debia-derrumbarse-por-que-sigue-en-pie\/","og_site_name":"Pressenza","article_publisher":"https:\/\/www.facebook.com\/PressenzaItalia","article_published_time":"2026-04-25T10:49:07+00:00","og_image":[{"width":1280,"height":853,"url":"https:\/\/www.pressenza.com\/wp-content\/uploads\/2026\/04\/photo_2026-04-16_01-54-46.jpg","type":"image\/jpeg"}],"author":"Shayan Moradi","twitter_card":"summary_large_image","twitter_creator":"@PressenzaIPA","twitter_site":"@PressenzaIPA","twitter_misc":{"Escrito por":"Shayan Moradi","Tiempo de lectura":"6 minutos"},"schema":{"@context":"https:\/\/schema.org","@graph":[{"@type":"Article","@id":"https:\/\/www.pressenza.com\/es\/2026\/04\/iran-debia-derrumbarse-por-que-sigue-en-pie\/#article","isPartOf":{"@id":"https:\/\/www.pressenza.com\/es\/2026\/04\/iran-debia-derrumbarse-por-que-sigue-en-pie\/"},"author":{"name":"Shayan Moradi","@id":"https:\/\/www.pressenza.com\/es\/#\/schema\/person\/7ab7eccb3088fac6dc2ec48bfb3011d2"},"headline":"Ir\u00e1n deb\u00eda derrumbarse\u2026 \u00bfpor qu\u00e9 sigue en pie?","datePublished":"2026-04-25T10:49:07+00:00","mainEntityOfPage":{"@id":"https:\/\/www.pressenza.com\/es\/2026\/04\/iran-debia-derrumbarse-por-que-sigue-en-pie\/"},"wordCount":1451,"publisher":{"@id":"https:\/\/www.pressenza.com\/es\/#organization"},"image":{"@id":"https:\/\/www.pressenza.com\/es\/2026\/04\/iran-debia-derrumbarse-por-que-sigue-en-pie\/#primaryimage"},"thumbnailUrl":"https:\/\/www.pressenza.com\/wp-content\/uploads\/2026\/04\/photo_2026-04-16_01-54-46.jpg","keywords":["Ir\u00e1n"],"articleSection":["Contenido Original","Pol\u00edtica"],"inLanguage":"es"},{"@type":"WebPage","@id":"https:\/\/www.pressenza.com\/es\/2026\/04\/iran-debia-derrumbarse-por-que-sigue-en-pie\/","url":"https:\/\/www.pressenza.com\/es\/2026\/04\/iran-debia-derrumbarse-por-que-sigue-en-pie\/","name":"Ir\u00e1n deb\u00eda derrumbarse\u2026 \u00bfpor qu\u00e9 sigue en pie?","isPartOf":{"@id":"https:\/\/www.pressenza.com\/es\/#website"},"primaryImageOfPage":{"@id":"https:\/\/www.pressenza.com\/es\/2026\/04\/iran-debia-derrumbarse-por-que-sigue-en-pie\/#primaryimage"},"image":{"@id":"https:\/\/www.pressenza.com\/es\/2026\/04\/iran-debia-derrumbarse-por-que-sigue-en-pie\/#primaryimage"},"thumbnailUrl":"https:\/\/www.pressenza.com\/wp-content\/uploads\/2026\/04\/photo_2026-04-16_01-54-46.jpg","datePublished":"2026-04-25T10:49:07+00:00","description":"Un an\u00e1lisis estructural del poder, la resiliencia y la supervivencia pol\u00edtica en Ir\u00e1n Este texto no est\u00e1 escrito para defender un sistema ni para","breadcrumb":{"@id":"https:\/\/www.pressenza.com\/es\/2026\/04\/iran-debia-derrumbarse-por-que-sigue-en-pie\/#breadcrumb"},"inLanguage":"es","potentialAction":[{"@type":"ReadAction","target":["https:\/\/www.pressenza.com\/es\/2026\/04\/iran-debia-derrumbarse-por-que-sigue-en-pie\/"]}]},{"@type":"ImageObject","inLanguage":"es","@id":"https:\/\/www.pressenza.com\/es\/2026\/04\/iran-debia-derrumbarse-por-que-sigue-en-pie\/#primaryimage","url":"https:\/\/www.pressenza.com\/wp-content\/uploads\/2026\/04\/photo_2026-04-16_01-54-46.jpg","contentUrl":"https:\/\/www.pressenza.com\/wp-content\/uploads\/2026\/04\/photo_2026-04-16_01-54-46.jpg","width":1280,"height":853},{"@type":"BreadcrumbList","@id":"https:\/\/www.pressenza.com\/es\/2026\/04\/iran-debia-derrumbarse-por-que-sigue-en-pie\/#breadcrumb","itemListElement":[{"@type":"ListItem","position":1,"name":"Accueil","item":"https:\/\/www.pressenza.com\/es\/"},{"@type":"ListItem","position":2,"name":"Ir\u00e1n deb\u00eda derrumbarse\u2026 \u00bfpor qu\u00e9 sigue en pie?"}]},{"@type":"WebSite","@id":"https:\/\/www.pressenza.com\/es\/#website","url":"https:\/\/www.pressenza.com\/es\/","name":"Pressenza","description":"International Press Agency","publisher":{"@id":"https:\/\/www.pressenza.com\/es\/#organization"},"potentialAction":[{"@type":"SearchAction","target":{"@type":"EntryPoint","urlTemplate":"https:\/\/www.pressenza.com\/es\/?s={search_term_string}"},"query-input":{"@type":"PropertyValueSpecification","valueRequired":true,"valueName":"search_term_string"}}],"inLanguage":"es"},{"@type":"Organization","@id":"https:\/\/www.pressenza.com\/es\/#organization","name":"Pressenza","url":"https:\/\/www.pressenza.com\/es\/","logo":{"@type":"ImageObject","inLanguage":"es","@id":"https:\/\/www.pressenza.com\/es\/#\/schema\/logo\/image\/","url":"https:\/\/www.pressenza.com\/wp-content\/uploads\/2022\/10\/pressenza_logo_200x200.jpg","contentUrl":"https:\/\/www.pressenza.com\/wp-content\/uploads\/2022\/10\/pressenza_logo_200x200.jpg","width":200,"height":200,"caption":"Pressenza"},"image":{"@id":"https:\/\/www.pressenza.com\/es\/#\/schema\/logo\/image\/"},"sameAs":["https:\/\/www.facebook.com\/PressenzaItalia","https:\/\/x.com\/PressenzaIPA"]},{"@type":"Person","@id":"https:\/\/www.pressenza.com\/es\/#\/schema\/person\/7ab7eccb3088fac6dc2ec48bfb3011d2","name":"Shayan Moradi","description":"Shayan Moradi is an independent political analyst focusing on Iran, Middle Eastern geopolitics, and democratic transitions. His work examines political transformation, infrastructure, and their impact on civilian societies. He is also the author of the book \"Free Kurdistan\", which explores historical and political aspects of Kurdish self-determination.","url":"https:\/\/www.pressenza.com\/es\/author\/shayan-moradi\/"}]}},"place":"Ir\u00e1n","original_article_url":"","_links":{"self":[{"href":"https:\/\/www.pressenza.com\/es\/wp-json\/wp\/v2\/posts\/2695439","targetHints":{"allow":["GET"]}}],"collection":[{"href":"https:\/\/www.pressenza.com\/es\/wp-json\/wp\/v2\/posts"}],"about":[{"href":"https:\/\/www.pressenza.com\/es\/wp-json\/wp\/v2\/types\/post"}],"author":[{"embeddable":true,"href":"https:\/\/www.pressenza.com\/es\/wp-json\/wp\/v2\/users\/2611"}],"replies":[{"embeddable":true,"href":"https:\/\/www.pressenza.com\/es\/wp-json\/wp\/v2\/comments?post=2695439"}],"version-history":[{"count":2,"href":"https:\/\/www.pressenza.com\/es\/wp-json\/wp\/v2\/posts\/2695439\/revisions"}],"predecessor-version":[{"id":2695453,"href":"https:\/\/www.pressenza.com\/es\/wp-json\/wp\/v2\/posts\/2695439\/revisions\/2695453"}],"wp:featuredmedia":[{"embeddable":true,"href":"https:\/\/www.pressenza.com\/es\/wp-json\/wp\/v2\/media\/2695440"}],"wp:attachment":[{"href":"https:\/\/www.pressenza.com\/es\/wp-json\/wp\/v2\/media?parent=2695439"}],"wp:term":[{"taxonomy":"category","embeddable":true,"href":"https:\/\/www.pressenza.com\/es\/wp-json\/wp\/v2\/categories?post=2695439"},{"taxonomy":"post_tag","embeddable":true,"href":"https:\/\/www.pressenza.com\/es\/wp-json\/wp\/v2\/tags?post=2695439"}],"curies":[{"name":"wp","href":"https:\/\/api.w.org\/{rel}","templated":true}]}}