{"id":2695388,"date":"2026-04-25T10:30:49","date_gmt":"2026-04-25T09:30:49","guid":{"rendered":"https:\/\/www.pressenza.com\/?p=2695388"},"modified":"2026-04-25T10:30:49","modified_gmt":"2026-04-25T09:30:49","slug":"convocatoria-hay-que-parar-la-guerra-en-oriente-medio-no-olvidemos-gaza","status":"publish","type":"post","link":"https:\/\/www.pressenza.com\/es\/2026\/04\/convocatoria-hay-que-parar-la-guerra-en-oriente-medio-no-olvidemos-gaza\/","title":{"rendered":"Convocatoria: \u00a1Hay que parar la Guerra en Oriente Medio, no olvidemos Gaza\u00a1"},"content":{"rendered":"<div style=\"padding-left: 40px;\">Reproducimos el Segundo Manifiesto de la Organizaci\u00f3n <a href=\"https:\/\/pararlaguerra.es\/\" target=\"_blank\" rel=\"noopener\">PARARLAGUERRA.ES<\/a>: \u00ab<em>Contra la guerra en Oriente Medio, el genocidio en Gaza y los bombardeos de EEUU e Israel a Ir\u00e1n\u00bb. Movilizaci\u00f3n los <strong>d\u00edas 24 y 25 de abril<\/strong>. Consulta lugar y hora en tu ciudad<\/em><\/div>\n<table style=\"width: 100%; max-width: 800px; margin: 20px auto; border-collapse: collapse; background-color: #fffff8; box-shadow: 0 0 10px rgba(0,0,0,0.1);\">\n<tbody>\n<tr>\n<td style=\"border: 1px solid #ccc; padding: 20px; font-family: 'Times New Roman', serif; line-height: 1.6;\">\n<div style=\"padding: 10px;\">\n<h2 style=\"text-align: center; margin-bottom: 20px;\">NOTA DE PRENSA:\u00a0<strong>SEGUNDO MANIFIESTO<\/strong><\/h2>\n<h2 style=\"text-align: center;\"><span style=\"color: #ff0000;\"><strong>Hay que Parar la Guerra en Oriente Medio<\/strong><\/span><br \/>\n<span style=\"color: #ff0000;\"><strong><em>No Olvidar Gaza<\/em><\/strong><\/span><\/h2>\n<p>No al Genocidio. Palestina Libre. Ni Terrorismo, Ni Genocidio.<\/p>\n<p>Rechazamos tajantemente los ataques ejecutados por EEUU e Israel contra Ir\u00e1n, que suponen una violaci\u00f3n del derecho y la legalidad internacional.\u00a0<strong>Son una grave amenaza para la paz en la regi\u00f3n y un peligro para la paz mundial.<\/strong><\/p>\n<p>Condenamos con energ\u00eda el r\u00e9gimen criminal de los ayatol\u00e1s y el asesinato de miles de personas, especialmente en las movilizaciones de hace tres meses. Todo nuestro apoyo al pueblo iran\u00ed, y en especial a las mujeres, en su lucha por la democracia y la igualdad.\u00a0<strong>Es el pueblo iran\u00ed quien debe decidir su futuro.<\/strong><\/p>\n<p>Pero\u00a0<strong>nada justifica los salvajes bombardeos de EEUU e Israel\u00a0<\/strong>con el asesinato de miles de inocentes.<\/p>\n<p>Llamamos a las y los dem\u00f3cratas a condenar esta agresi\u00f3n, defender el derecho internacional y trabajar\u00a0<strong>por una paz justa y duradera en Oriente Medio, que debe incluir un alto el fuego permanente, el fin de los ataques en L\u00edbano, del genocidio en Gaza y el reconocimiento de los derechos del pueblo palestino de acuerdo a la legalidad internacional.<\/strong><\/p>\n<p>Y llamamos a toda la sociedad a acudir los pr\u00f3ximos 24 y 25 de abril a las concentraciones convocadas por la plataforma PararLaGuerra.es en todo el pa\u00eds.<\/p>\n<h3 style=\"text-align: center;\"><strong><a href=\"https:\/\/pararlaguerra.es\/listado-de-concentraciones\/\" target=\"_blank\" rel=\"noopener\">Consulta la lista de convocatorias en Espa\u00f1a<\/a>.<br \/>\nBusca tu ciudad para ver lugar y hora y \u00a1Partipa!<\/strong><\/h3>\n<hr \/>\n<h2 style=\"text-align: center;\"><span style=\"color: #ff0000;\"><strong>Stop the War in the Middle East<\/strong><\/span><br \/>\n<span style=\"color: #ff0000;\"><strong><em>Don\u2019t Forget Gaza<\/em><\/strong><\/span><\/h2>\n<p>No to Genocide. Free Palestine. No Terrorism, No Genocide<\/p>\n<p>We categorically reject the attacks carried out by the US and Israel against Iran, which constitute a violation of international law and legality.\u00a0<strong>They are a grave threat to peace in the region and a danger to world peace.<\/strong><\/p>\n<p>We strongly condemn the criminal regime of the ayatollahs and the murder of thousands of people, especially during the demonstrations three months ago. All our support goes to the Iranian people, and especially to the women, in their struggle for democracy and equality.<strong>\u00a0It is the Iranian people who must decide their future.<\/strong><\/p>\n<p><strong>But nothing justifies the savage bombings by the US and Israel<\/strong>\u00a0that have resulted in the murder of thousands of innocent people.<\/p>\n<p>We call on all democrats to condemn this aggression, defend international law, and work<strong>\u00a0for a just and lasting peace in the Middle East, which must include a permanent ceasefire, an end to the attacks in Lebanon and the genocide in Gaza, and the recognition of the rights of the Palestinian people in accordance with international law.<\/strong><\/p>\n<p>And we call on all of society to attend the rallies organized by the PararLaGuerra.es platform across the country on April 24 and 25.<\/p>\n<h3 style=\"text-align: center;\"><span style=\"color: #339966;\"><strong><a style=\"color: #339966;\" href=\"https:\/\/pararlaguerra.es\/listado-de-concentraciones\/\" target=\"_blank\" rel=\"noopener\">Check the list of events in Spain<\/a>.<\/strong><\/span><br \/>\n<span style=\"color: #339966;\"><strong>Find your city to see the location and time, and participate!<\/strong><\/span><\/h3>\n<hr \/>\n<p style=\"text-align: center;\"><strong>V\u00e9anse las miles de firmas de personalidades y Organizaciones destacadas que se suman, en la web de la Organizaci\u00f3n <a href=\"https:\/\/pararlaguerra.es\/\" target=\"_blank\" rel=\"noopener\">PARARLAGUERRA.ES<\/a><\/strong><\/p>\n<\/div>\n<\/td>\n<\/tr>\n<\/tbody>\n<\/table>\n","protected":false},"excerpt":{"rendered":"<p>Reproducimos el Segundo Manifiesto de la Organizaci\u00f3n PARARLAGUERRA.ES: \u00abContra la guerra en Oriente Medio, el genocidio en Gaza y los bombardeos de EEUU e Israel a Ir\u00e1n\u00bb. Movilizaci\u00f3n los d\u00edas 24 y 25 de abril. Consulta lugar y hora en&hellip;<\/p>\n","protected":false},"author":1681,"featured_media":2695409,"comment_status":"closed","ping_status":"closed","sticky":false,"template":"","format":"standard","meta":{"footnotes":""},"categories":[76,149,71],"tags":[127500,155864,155863,155862],"class_list":["post-2695388","post","type-post","status-publish","format-standard","has-post-thumbnail","hentry","category-relaciones-exteriores","category-comunicados-de-prensa","category-medio-oriente-es","tag-genocidio-en-gaza","tag-movilizacion-24-abril","tag-no-a-la-guerra-en-iran","tag-pararlaguerra"],"yoast_head":"<!-- This site is optimized with the Yoast SEO plugin v27.1.1 - https:\/\/yoast.com\/product\/yoast-seo-wordpress\/ -->\n<title>Convocatoria: \u00a1Hay que parar la Guerra en Oriente Medio, no olvidemos Gaza\u00a1<\/title>\n<meta name=\"description\" content=\"Reproducimos el Segundo Manifiesto de la Organizaci\u00f3n PARARLAGUERRA.ES: &quot;Contra la guerra en Oriente Medio, el genocidio en Gaza y los bombardeos de EEUU Manifiesto contra el genocidio en Gaza, los bombardeos de EEUU e Israel a Ir\u00e1n y la represi\u00f3n en Ir\u00e1n. Movilizaci\u00f3n 24 y 25 de abril. \u00a1Participa!\" \/>\n<meta name=\"robots\" content=\"index, follow, max-snippet:-1, max-image-preview:large, max-video-preview:-1\" \/>\n<link rel=\"canonical\" href=\"https:\/\/www.pressenza.com\/es\/2026\/04\/convocatoria-hay-que-parar-la-guerra-en-oriente-medio-no-olvidemos-gaza\/\" \/>\n<meta property=\"og:locale\" content=\"es_ES\" \/>\n<meta property=\"og:type\" content=\"article\" \/>\n<meta property=\"og:title\" content=\"Convocatoria: \u00a1Hay que parar la Guerra en Oriente Medio, no olvidemos Gaza\u00a1\" \/>\n<meta property=\"og:description\" content=\"Reproducimos el Segundo Manifiesto de la Organizaci\u00f3n PARARLAGUERRA.ES: &quot;Contra la guerra en Oriente Medio, el genocidio en Gaza y los bombardeos de EEUU Manifiesto contra el genocidio en Gaza, los bombardeos de EEUU e Israel a Ir\u00e1n y la represi\u00f3n en Ir\u00e1n. Movilizaci\u00f3n 24 y 25 de abril. \u00a1Participa!\" \/>\n<meta property=\"og:url\" content=\"https:\/\/www.pressenza.com\/es\/2026\/04\/convocatoria-hay-que-parar-la-guerra-en-oriente-medio-no-olvidemos-gaza\/\" \/>\n<meta property=\"og:site_name\" content=\"Pressenza\" \/>\n<meta property=\"article:publisher\" content=\"https:\/\/www.facebook.com\/PressenzaItalia\" \/>\n<meta property=\"article:published_time\" content=\"2026-04-25T09:30:49+00:00\" \/>\n<meta property=\"og:image\" content=\"https:\/\/www.pressenza.com\/wp-content\/uploads\/2026\/04\/PararLaGuerraDEF2.jpg\" \/>\n\t<meta property=\"og:image:width\" content=\"1811\" \/>\n\t<meta property=\"og:image:height\" content=\"1410\" \/>\n\t<meta property=\"og:image:type\" content=\"image\/jpeg\" \/>\n<meta name=\"author\" content=\"Redacci\u00f3n Espa\u00f1a\" \/>\n<meta name=\"twitter:card\" content=\"summary_large_image\" \/>\n<meta name=\"twitter:creator\" content=\"@PressenzaIPA\" \/>\n<meta name=\"twitter:site\" content=\"@PressenzaIPA\" \/>\n<meta name=\"twitter:label1\" content=\"Escrito por\" \/>\n\t<meta name=\"twitter:data1\" content=\"Redacci\u00f3n Espa\u00f1a\" \/>\n\t<meta name=\"twitter:label2\" content=\"Tiempo de lectura\" \/>\n\t<meta name=\"twitter:data2\" content=\"3 minutos\" \/>\n<script type=\"application\/ld+json\" class=\"yoast-schema-graph\">{\"@context\":\"https:\/\/schema.org\",\"@graph\":[{\"@type\":\"Article\",\"@id\":\"https:\/\/www.pressenza.com\/es\/2026\/04\/convocatoria-hay-que-parar-la-guerra-en-oriente-medio-no-olvidemos-gaza\/#article\",\"isPartOf\":{\"@id\":\"https:\/\/www.pressenza.com\/es\/2026\/04\/convocatoria-hay-que-parar-la-guerra-en-oriente-medio-no-olvidemos-gaza\/\"},\"author\":{\"name\":\"Redacci\u00f3n Espa\u00f1a\",\"@id\":\"https:\/\/www.pressenza.com\/es\/#\/schema\/person\/fffbbe2f14495897417f313a954dae23\"},\"headline\":\"Convocatoria: \u00a1Hay que parar la Guerra en Oriente Medio, no olvidemos Gaza\u00a1\",\"datePublished\":\"2026-04-25T09:30:49+00:00\",\"mainEntityOfPage\":{\"@id\":\"https:\/\/www.pressenza.com\/es\/2026\/04\/convocatoria-hay-que-parar-la-guerra-en-oriente-medio-no-olvidemos-gaza\/\"},\"wordCount\":560,\"publisher\":{\"@id\":\"https:\/\/www.pressenza.com\/es\/#organization\"},\"image\":{\"@id\":\"https:\/\/www.pressenza.com\/es\/2026\/04\/convocatoria-hay-que-parar-la-guerra-en-oriente-medio-no-olvidemos-gaza\/#primaryimage\"},\"thumbnailUrl\":\"https:\/\/www.pressenza.com\/wp-content\/uploads\/2026\/04\/PararLaGuerraDEF2.jpg\",\"keywords\":[\"genocidio en Gaza\",\"Movilizaci\u00f3n 24 Abril\",\"no a la guerra en Ir\u00e1n\",\"PararLaGuerra\"],\"articleSection\":[\"Asuntos internacionales\",\"Comunicados de Prensa\",\"Medio Oriente\"],\"inLanguage\":\"es\"},{\"@type\":\"WebPage\",\"@id\":\"https:\/\/www.pressenza.com\/es\/2026\/04\/convocatoria-hay-que-parar-la-guerra-en-oriente-medio-no-olvidemos-gaza\/\",\"url\":\"https:\/\/www.pressenza.com\/es\/2026\/04\/convocatoria-hay-que-parar-la-guerra-en-oriente-medio-no-olvidemos-gaza\/\",\"name\":\"Convocatoria: \u00a1Hay que parar la Guerra en Oriente Medio, no olvidemos Gaza\u00a1\",\"isPartOf\":{\"@id\":\"https:\/\/www.pressenza.com\/es\/#website\"},\"primaryImageOfPage\":{\"@id\":\"https:\/\/www.pressenza.com\/es\/2026\/04\/convocatoria-hay-que-parar-la-guerra-en-oriente-medio-no-olvidemos-gaza\/#primaryimage\"},\"image\":{\"@id\":\"https:\/\/www.pressenza.com\/es\/2026\/04\/convocatoria-hay-que-parar-la-guerra-en-oriente-medio-no-olvidemos-gaza\/#primaryimage\"},\"thumbnailUrl\":\"https:\/\/www.pressenza.com\/wp-content\/uploads\/2026\/04\/PararLaGuerraDEF2.jpg\",\"datePublished\":\"2026-04-25T09:30:49+00:00\",\"description\":\"Reproducimos el Segundo Manifiesto de la Organizaci\u00f3n PARARLAGUERRA.ES: \\\"Contra la guerra en Oriente Medio, el genocidio en Gaza y los bombardeos de EEUU Manifiesto contra el genocidio en Gaza, los bombardeos de EEUU e Israel a Ir\u00e1n y la represi\u00f3n en Ir\u00e1n. Movilizaci\u00f3n 24 y 25 de abril. \u00a1Participa!\",\"breadcrumb\":{\"@id\":\"https:\/\/www.pressenza.com\/es\/2026\/04\/convocatoria-hay-que-parar-la-guerra-en-oriente-medio-no-olvidemos-gaza\/#breadcrumb\"},\"inLanguage\":\"es\",\"potentialAction\":[{\"@type\":\"ReadAction\",\"target\":[\"https:\/\/www.pressenza.com\/es\/2026\/04\/convocatoria-hay-que-parar-la-guerra-en-oriente-medio-no-olvidemos-gaza\/\"]}]},{\"@type\":\"ImageObject\",\"inLanguage\":\"es\",\"@id\":\"https:\/\/www.pressenza.com\/es\/2026\/04\/convocatoria-hay-que-parar-la-guerra-en-oriente-medio-no-olvidemos-gaza\/#primaryimage\",\"url\":\"https:\/\/www.pressenza.com\/wp-content\/uploads\/2026\/04\/PararLaGuerraDEF2.jpg\",\"contentUrl\":\"https:\/\/www.pressenza.com\/wp-content\/uploads\/2026\/04\/PararLaGuerraDEF2.jpg\",\"width\":1811,\"height\":1410},{\"@type\":\"BreadcrumbList\",\"@id\":\"https:\/\/www.pressenza.com\/es\/2026\/04\/convocatoria-hay-que-parar-la-guerra-en-oriente-medio-no-olvidemos-gaza\/#breadcrumb\",\"itemListElement\":[{\"@type\":\"ListItem\",\"position\":1,\"name\":\"Accueil\",\"item\":\"https:\/\/www.pressenza.com\/es\/\"},{\"@type\":\"ListItem\",\"position\":2,\"name\":\"Convocatoria: \u00a1Hay que parar la Guerra en Oriente Medio, no olvidemos Gaza\u00a1\"}]},{\"@type\":\"WebSite\",\"@id\":\"https:\/\/www.pressenza.com\/es\/#website\",\"url\":\"https:\/\/www.pressenza.com\/es\/\",\"name\":\"Pressenza\",\"description\":\"International Press Agency\",\"publisher\":{\"@id\":\"https:\/\/www.pressenza.com\/es\/#organization\"},\"potentialAction\":[{\"@type\":\"SearchAction\",\"target\":{\"@type\":\"EntryPoint\",\"urlTemplate\":\"https:\/\/www.pressenza.com\/es\/?s={search_term_string}\"},\"query-input\":{\"@type\":\"PropertyValueSpecification\",\"valueRequired\":true,\"valueName\":\"search_term_string\"}}],\"inLanguage\":\"es\"},{\"@type\":\"Organization\",\"@id\":\"https:\/\/www.pressenza.com\/es\/#organization\",\"name\":\"Pressenza\",\"url\":\"https:\/\/www.pressenza.com\/es\/\",\"logo\":{\"@type\":\"ImageObject\",\"inLanguage\":\"es\",\"@id\":\"https:\/\/www.pressenza.com\/es\/#\/schema\/logo\/image\/\",\"url\":\"https:\/\/www.pressenza.com\/wp-content\/uploads\/2022\/10\/pressenza_logo_200x200.jpg\",\"contentUrl\":\"https:\/\/www.pressenza.com\/wp-content\/uploads\/2022\/10\/pressenza_logo_200x200.jpg\",\"width\":200,\"height\":200,\"caption\":\"Pressenza\"},\"image\":{\"@id\":\"https:\/\/www.pressenza.com\/es\/#\/schema\/logo\/image\/\"},\"sameAs\":[\"https:\/\/www.facebook.com\/PressenzaItalia\",\"https:\/\/x.com\/PressenzaIPA\"]},{\"@type\":\"Person\",\"@id\":\"https:\/\/www.pressenza.com\/es\/#\/schema\/person\/fffbbe2f14495897417f313a954dae23\",\"name\":\"Redacci\u00f3n Espa\u00f1a\",\"url\":\"https:\/\/www.pressenza.com\/es\/author\/redaccion-espana\/\"}]}<\/script>\n<!-- \/ Yoast SEO plugin. -->","yoast_head_json":{"title":"Convocatoria: \u00a1Hay que parar la Guerra en Oriente Medio, no olvidemos Gaza\u00a1","description":"Reproducimos el Segundo Manifiesto de la Organizaci\u00f3n PARARLAGUERRA.ES: \"Contra la guerra en Oriente Medio, el genocidio en Gaza y los bombardeos de EEUU Manifiesto contra el genocidio en Gaza, los bombardeos de EEUU e Israel a Ir\u00e1n y la represi\u00f3n en Ir\u00e1n. Movilizaci\u00f3n 24 y 25 de abril. \u00a1Participa!","robots":{"index":"index","follow":"follow","max-snippet":"max-snippet:-1","max-image-preview":"max-image-preview:large","max-video-preview":"max-video-preview:-1"},"canonical":"https:\/\/www.pressenza.com\/es\/2026\/04\/convocatoria-hay-que-parar-la-guerra-en-oriente-medio-no-olvidemos-gaza\/","og_locale":"es_ES","og_type":"article","og_title":"Convocatoria: \u00a1Hay que parar la Guerra en Oriente Medio, no olvidemos Gaza\u00a1","og_description":"Reproducimos el Segundo Manifiesto de la Organizaci\u00f3n PARARLAGUERRA.ES: \"Contra la guerra en Oriente Medio, el genocidio en Gaza y los bombardeos de EEUU Manifiesto contra el genocidio en Gaza, los bombardeos de EEUU e Israel a Ir\u00e1n y la represi\u00f3n en Ir\u00e1n. Movilizaci\u00f3n 24 y 25 de abril. \u00a1Participa!","og_url":"https:\/\/www.pressenza.com\/es\/2026\/04\/convocatoria-hay-que-parar-la-guerra-en-oriente-medio-no-olvidemos-gaza\/","og_site_name":"Pressenza","article_publisher":"https:\/\/www.facebook.com\/PressenzaItalia","article_published_time":"2026-04-25T09:30:49+00:00","og_image":[{"width":1811,"height":1410,"url":"https:\/\/www.pressenza.com\/wp-content\/uploads\/2026\/04\/PararLaGuerraDEF2.jpg","type":"image\/jpeg"}],"author":"Redacci\u00f3n Espa\u00f1a","twitter_card":"summary_large_image","twitter_creator":"@PressenzaIPA","twitter_site":"@PressenzaIPA","twitter_misc":{"Escrito por":"Redacci\u00f3n Espa\u00f1a","Tiempo de lectura":"3 minutos"},"schema":{"@context":"https:\/\/schema.org","@graph":[{"@type":"Article","@id":"https:\/\/www.pressenza.com\/es\/2026\/04\/convocatoria-hay-que-parar-la-guerra-en-oriente-medio-no-olvidemos-gaza\/#article","isPartOf":{"@id":"https:\/\/www.pressenza.com\/es\/2026\/04\/convocatoria-hay-que-parar-la-guerra-en-oriente-medio-no-olvidemos-gaza\/"},"author":{"name":"Redacci\u00f3n Espa\u00f1a","@id":"https:\/\/www.pressenza.com\/es\/#\/schema\/person\/fffbbe2f14495897417f313a954dae23"},"headline":"Convocatoria: \u00a1Hay que parar la Guerra en Oriente Medio, no olvidemos Gaza\u00a1","datePublished":"2026-04-25T09:30:49+00:00","mainEntityOfPage":{"@id":"https:\/\/www.pressenza.com\/es\/2026\/04\/convocatoria-hay-que-parar-la-guerra-en-oriente-medio-no-olvidemos-gaza\/"},"wordCount":560,"publisher":{"@id":"https:\/\/www.pressenza.com\/es\/#organization"},"image":{"@id":"https:\/\/www.pressenza.com\/es\/2026\/04\/convocatoria-hay-que-parar-la-guerra-en-oriente-medio-no-olvidemos-gaza\/#primaryimage"},"thumbnailUrl":"https:\/\/www.pressenza.com\/wp-content\/uploads\/2026\/04\/PararLaGuerraDEF2.jpg","keywords":["genocidio en Gaza","Movilizaci\u00f3n 24 Abril","no a la guerra en Ir\u00e1n","PararLaGuerra"],"articleSection":["Asuntos internacionales","Comunicados de Prensa","Medio Oriente"],"inLanguage":"es"},{"@type":"WebPage","@id":"https:\/\/www.pressenza.com\/es\/2026\/04\/convocatoria-hay-que-parar-la-guerra-en-oriente-medio-no-olvidemos-gaza\/","url":"https:\/\/www.pressenza.com\/es\/2026\/04\/convocatoria-hay-que-parar-la-guerra-en-oriente-medio-no-olvidemos-gaza\/","name":"Convocatoria: \u00a1Hay que parar la Guerra en Oriente Medio, no olvidemos Gaza\u00a1","isPartOf":{"@id":"https:\/\/www.pressenza.com\/es\/#website"},"primaryImageOfPage":{"@id":"https:\/\/www.pressenza.com\/es\/2026\/04\/convocatoria-hay-que-parar-la-guerra-en-oriente-medio-no-olvidemos-gaza\/#primaryimage"},"image":{"@id":"https:\/\/www.pressenza.com\/es\/2026\/04\/convocatoria-hay-que-parar-la-guerra-en-oriente-medio-no-olvidemos-gaza\/#primaryimage"},"thumbnailUrl":"https:\/\/www.pressenza.com\/wp-content\/uploads\/2026\/04\/PararLaGuerraDEF2.jpg","datePublished":"2026-04-25T09:30:49+00:00","description":"Reproducimos el Segundo Manifiesto de la Organizaci\u00f3n PARARLAGUERRA.ES: \"Contra la guerra en Oriente Medio, el genocidio en Gaza y los bombardeos de EEUU Manifiesto contra el genocidio en Gaza, los bombardeos de EEUU e Israel a Ir\u00e1n y la represi\u00f3n en Ir\u00e1n. Movilizaci\u00f3n 24 y 25 de abril. \u00a1Participa!","breadcrumb":{"@id":"https:\/\/www.pressenza.com\/es\/2026\/04\/convocatoria-hay-que-parar-la-guerra-en-oriente-medio-no-olvidemos-gaza\/#breadcrumb"},"inLanguage":"es","potentialAction":[{"@type":"ReadAction","target":["https:\/\/www.pressenza.com\/es\/2026\/04\/convocatoria-hay-que-parar-la-guerra-en-oriente-medio-no-olvidemos-gaza\/"]}]},{"@type":"ImageObject","inLanguage":"es","@id":"https:\/\/www.pressenza.com\/es\/2026\/04\/convocatoria-hay-que-parar-la-guerra-en-oriente-medio-no-olvidemos-gaza\/#primaryimage","url":"https:\/\/www.pressenza.com\/wp-content\/uploads\/2026\/04\/PararLaGuerraDEF2.jpg","contentUrl":"https:\/\/www.pressenza.com\/wp-content\/uploads\/2026\/04\/PararLaGuerraDEF2.jpg","width":1811,"height":1410},{"@type":"BreadcrumbList","@id":"https:\/\/www.pressenza.com\/es\/2026\/04\/convocatoria-hay-que-parar-la-guerra-en-oriente-medio-no-olvidemos-gaza\/#breadcrumb","itemListElement":[{"@type":"ListItem","position":1,"name":"Accueil","item":"https:\/\/www.pressenza.com\/es\/"},{"@type":"ListItem","position":2,"name":"Convocatoria: \u00a1Hay que parar la Guerra en Oriente Medio, no olvidemos Gaza\u00a1"}]},{"@type":"WebSite","@id":"https:\/\/www.pressenza.com\/es\/#website","url":"https:\/\/www.pressenza.com\/es\/","name":"Pressenza","description":"International Press Agency","publisher":{"@id":"https:\/\/www.pressenza.com\/es\/#organization"},"potentialAction":[{"@type":"SearchAction","target":{"@type":"EntryPoint","urlTemplate":"https:\/\/www.pressenza.com\/es\/?s={search_term_string}"},"query-input":{"@type":"PropertyValueSpecification","valueRequired":true,"valueName":"search_term_string"}}],"inLanguage":"es"},{"@type":"Organization","@id":"https:\/\/www.pressenza.com\/es\/#organization","name":"Pressenza","url":"https:\/\/www.pressenza.com\/es\/","logo":{"@type":"ImageObject","inLanguage":"es","@id":"https:\/\/www.pressenza.com\/es\/#\/schema\/logo\/image\/","url":"https:\/\/www.pressenza.com\/wp-content\/uploads\/2022\/10\/pressenza_logo_200x200.jpg","contentUrl":"https:\/\/www.pressenza.com\/wp-content\/uploads\/2022\/10\/pressenza_logo_200x200.jpg","width":200,"height":200,"caption":"Pressenza"},"image":{"@id":"https:\/\/www.pressenza.com\/es\/#\/schema\/logo\/image\/"},"sameAs":["https:\/\/www.facebook.com\/PressenzaItalia","https:\/\/x.com\/PressenzaIPA"]},{"@type":"Person","@id":"https:\/\/www.pressenza.com\/es\/#\/schema\/person\/fffbbe2f14495897417f313a954dae23","name":"Redacci\u00f3n Espa\u00f1a","url":"https:\/\/www.pressenza.com\/es\/author\/redaccion-espana\/"}]}},"place":"","original_article_url":"https:\/\/pararlaguerra.es\/","_links":{"self":[{"href":"https:\/\/www.pressenza.com\/es\/wp-json\/wp\/v2\/posts\/2695388","targetHints":{"allow":["GET"]}}],"collection":[{"href":"https:\/\/www.pressenza.com\/es\/wp-json\/wp\/v2\/posts"}],"about":[{"href":"https:\/\/www.pressenza.com\/es\/wp-json\/wp\/v2\/types\/post"}],"author":[{"embeddable":true,"href":"https:\/\/www.pressenza.com\/es\/wp-json\/wp\/v2\/users\/1681"}],"replies":[{"embeddable":true,"href":"https:\/\/www.pressenza.com\/es\/wp-json\/wp\/v2\/comments?post=2695388"}],"version-history":[{"count":3,"href":"https:\/\/www.pressenza.com\/es\/wp-json\/wp\/v2\/posts\/2695388\/revisions"}],"predecessor-version":[{"id":2695416,"href":"https:\/\/www.pressenza.com\/es\/wp-json\/wp\/v2\/posts\/2695388\/revisions\/2695416"}],"wp:featuredmedia":[{"embeddable":true,"href":"https:\/\/www.pressenza.com\/es\/wp-json\/wp\/v2\/media\/2695409"}],"wp:attachment":[{"href":"https:\/\/www.pressenza.com\/es\/wp-json\/wp\/v2\/media?parent=2695388"}],"wp:term":[{"taxonomy":"category","embeddable":true,"href":"https:\/\/www.pressenza.com\/es\/wp-json\/wp\/v2\/categories?post=2695388"},{"taxonomy":"post_tag","embeddable":true,"href":"https:\/\/www.pressenza.com\/es\/wp-json\/wp\/v2\/tags?post=2695388"}],"curies":[{"name":"wp","href":"https:\/\/api.w.org\/{rel}","templated":true}]}}