{"id":2695346,"date":"2026-04-25T06:49:49","date_gmt":"2026-04-25T05:49:49","guid":{"rendered":"https:\/\/www.pressenza.com\/?p=2695346"},"modified":"2026-04-25T06:49:49","modified_gmt":"2026-04-25T05:49:49","slug":"hector-bejar-desnuda-estas-elecciones","status":"publish","type":"post","link":"https:\/\/www.pressenza.com\/es\/2026\/04\/hector-bejar-desnuda-estas-elecciones\/","title":{"rendered":"H\u00e9ctor Bejar desnuda estas elecciones"},"content":{"rendered":"<h3>La Oficina Nacional de Procesos Electorales (ONPE) culmin\u00f3 este 22 de abril el procesamiento de las actas correspondientes a la elecci\u00f3n de f\u00f3rmula presidencial, pero a\u00fan quedan los casos pendientes de subsanaci\u00f3n por irregularidades presentadas. As\u00ed, al cierre de edici\u00f3n, los resultados ubicaban el pase a la segunda vuelta a Keiko Fujimori (Fuerza Popular) con 17% de votos v\u00e1lidos y, a\u00fan se manten\u00eda la expectativa por el segundo lugar, empatado t\u00e9cnicamente por Roberto Sanchez (Juntos por el Per\u00fa) quien presenta 12% y Rafael L\u00f3pez Aliaga (Renovaci\u00f3n Popular) con 11,9%.<\/h3>\n<p>Los exiguos resultados, con candidatos pol\u00edticos que no alcanzan ni el 20% de votaci\u00f3n a nivel nacional hace prever un panorama pol\u00edtico bastante incierto para el pr\u00f3ximo quinquenio, debido no solo por la fragmentaci\u00f3n del voto en estas elecciones, sino porque existe una amplia desconfianza en los actores pol\u00edticos por parte de la poblaci\u00f3n.<\/p>\n<p>H\u00e9ctor Bejar, ex ministro de Relaciones Exteriores del Per\u00fa, adem\u00e1s de abogado, soci\u00f3logo, escritor, artista pl\u00e1stico y catedr\u00e1tico de la Universidad Nacional Mayor de San Marcos y la Pontificia Universidad Cat\u00f3lica del Per\u00fa realiz\u00f3 un an\u00e1lisis de la reciente contienda electoral y que avizora los desaf\u00edos que nos esperan como naci\u00f3n. Aqu\u00ed su an\u00e1lisis:<\/p>\n<p>\u00abNuestra gente vota en medio del caos generalizado y cada uno intentando creer en algo, porque en alguien no cree. Ahora el 17% de Keiko es mayor\u00eda sin serlo. Y la segunda vuelta la pelean los 11%, reclamando cada uno una representativida que no tienen.\u00a0Pobre nuestra patria.\u00a0 El reto es suyo, j\u00f3venes a organizarse para dar un viraje a lo que vivir\u00e1n estos cinco (5) a\u00f1os.<\/p>\n<h3>Per\u00fa vota con el est\u00f3mago vac\u00edo y la cabeza sitiada<\/h3>\n<p>El Per\u00fa no vota \u201cmal\u201d. El Per\u00fa vota como vive.\u00a0Y lo que vive \u2014aunque incomode a los opin\u00f3logos de televisi\u00f3n\u2014 es un pa\u00eds fracturado, precarizado y cansado de que lo gobiernen como si fuera una hoja de Excel\u2026 o un bot\u00edn.<\/p>\n<p>En 2026, con 35 candidatos y ninguno capaz de entusiasmar siquiera a una quinta parte del pa\u00eds, el mensaje es brutal: no hay representaci\u00f3n, hay sobrevivencia electoral. La primera vuelta no ha sido una fiesta democr\u00e1tica, ha sido una feria de desconfianzas. Y ah\u00ed est\u00e1n, otra vez, los mismos fantasmas disput\u00e1ndose el poder: Keiko Fujimori encabezando con voto duro, Rafael L\u00f3pez Aliaga cabalgando el miedo, intentando recoger los pedazos de un pa\u00eds que no se resigna a seguir siendo colonia interna. Pero cuidado: esto no es una pelea de candidatos. Es una pelea de pa\u00eds.<\/p>\n<h3>La gran mentira: \u00abEl Per\u00fa gira a la derecha\u00bb<\/h3>\n<p>No. El Per\u00fa no gira a la derecha. El Per\u00fa oscila como un p\u00e9ndulo enfermo porque nadie resuelve lo esencial.\u00a0Miremos la historia reciente:<\/p>\n<p>* 2001: ca\u00edda del fujimorismo \u2192 ilusi\u00f3n democr\u00e1tica<\/p>\n<p>* 2006: miedo al cambio \u2192 retorno conservador<\/p>\n<p>* 2011: promesa nacionalista \u2192 giro popular<\/p>\n<p>* 2016: restauraci\u00f3n tecnocr\u00e1tica \u2192 continuidad neoliberal<\/p>\n<p>* 2021: rebeli\u00f3n rural \u2192 irrupci\u00f3n plebeya<\/p>\n<p>* 2026: fragmentaci\u00f3n total \u2192 crisis de representaci\u00f3n<\/p>\n<h3>\u00bfConclusi\u00f3n? No hay hegemon\u00eda. Hay empate hist\u00f3rico<\/h3>\n<p>Un empate entre un pa\u00eds que exige dignidad y otro que exige orden. Entre el hambre y el miedo. Entre el abandono y la represi\u00f3n.<\/p>\n<h3>El dato que no quieren que mires<\/h3>\n<p>Mientras los candidatos gritan \u201cseguridad\u201d y \u201cmano dura\u201d, el Per\u00fa real sigue funcionando as\u00ed: M\u00e1s del 70% de la econom\u00eda es informal, casi 3 de cada 10 peruanos son pobres, en el mundo rural, la informalidad roza el 85%, esto no es una estad\u00edstica, es una sentencia, <strong>la mayor\u00eda del pa\u00eds vive fuera del Estado, pero vota dentro de \u00e9l.<\/strong><\/p>\n<p>Y entonces ocurre lo inevitable: el voto deja de ser ideol\u00f3gico y se vuelve existencial, el que vive del d\u00eda a d\u00eda vota por quien le prometa sobrevivir ma\u00f1ana, el que teme perder lo poco que tiene vota por quien le prometa orden hoy, eso explica por qu\u00e9 el mismo pueblo puede votar por un maestro rural un a\u00f1o\u2026 y por un candidato de mano dura al siguiente.; no es incoherencia. <strong>Es lucha de clases sin conciencia organizada.\u00a0<\/strong><\/p>\n<h3>Derecha: El negocio del miedo<\/h3>\n<p>La derecha \u2014en todas sus versiones\u2014 ha entendido algo mejor que nadie: el miedo es m\u00e1s rentable que la esperanza, por eso la campa\u00f1a no habl\u00f3 de desarrollo, ni de modelo econ\u00f3mico, ni de redistribuci\u00f3n, habl\u00f3 de crimen, de caos, de castigo, y claro, en un pa\u00eds donde te pueden extorsionar por trabajar, la promesa de \u201corden\u201d suena tentadora\u2026 aunque venga envuelta en autoritarismo.<\/p>\n<p><strong>Pero aqu\u00ed est\u00e1 la trampa: Ofrecen mano dura sin tocar las causas del desorden<\/strong>.\u00a0No dicen nada de econom\u00eda ilegal, desigualdad territorial, abandono estatal, informalidad estructural, es decir, ofrecen apagar el incendio\u2026 sin dejar de echar gasolina.<\/p>\n<h3>Izquierda: Verdad sin poder<\/h3>\n<p>La izquierda, por su parte, sigue diciendo verdades inc\u00f3modas, que el modelo excluye, que el pa\u00eds est\u00e1 fracturado y que la riqueza no se redistribuye.\u00a0Pero no logra convertir esas verdades en hegemon\u00eda pol\u00edtica.<\/p>\n<p>\u00bfPor qu\u00e9? Porque llega tarde, dividida, sin estructura territorial s\u00f3lida en todos los niveles, y muchas veces desconectada del miedo cotidiano de la gente, Mientras la derecha grita \u201cte van a robar\u201d, la izquierda responde \u201ccambiemos la Constituci\u00f3n\u201d, uno habla al instinto, el otro, a la raz\u00f3n y en un pa\u00eds en crisis\u2026 gana el instinto.<\/p>\n<p>El Per\u00fa profundo no es de izquierda ni de derecha, es otra cosa.<\/p>\n<p>Es un Per\u00fa desconfiado del Estado, golpeado por la pobreza, atravesado por racismo y centralismo y acostumbrado a sobrevivir sin nadie. Ese Per\u00fa vota, pero no cree, participa, pero no se siente representado, elige, pero no se siente parte, por eso cada elecci\u00f3n parece una ruleta rusa.<\/p>\n<h3>La verdad inc\u00f3moda<\/h3>\n<p>El problema del Per\u00fa no es Keiko.\u00a0 No es L\u00f3pez Aliaga.<\/p>\n<p>El problema es que <strong>el modelo necesita pobres, pero los pobres ya no quieren seguir si\u00e9ndolo,\u00a0<\/strong> y cuando esa contradicci\u00f3n no se resuelve\u2026 explota pol\u00edticamente.\u00a0A veces como protesta, a veces como castigo y a veces como miedo organizado.<\/p>\n<h3>\u00bfY ahora qu\u00e9?<\/h3>\n<p>Si en la segunda vuelta pasan dos derechas, no ser\u00e1 porque el pa\u00eds \u201celigi\u00f3 eso libremente\u201d.<\/p>\n<p>Ser\u00e1 porque la izquierda no logr\u00f3 construir alternativa s\u00f3lida, el sistema bloque\u00f3 cambios estructurales y el miedo gan\u00f3 la batalla cultural<\/p>\n<p>Pero ojo, eso no resuelve nada, solo posterga el conflicto.<\/p>\n<p>Porque el Per\u00fa real \u2014el que no sale en la televisi\u00f3n\u2014 sigue ah\u00ed, trabajando en informalidad, viviendo al l\u00edmite, esperando algo m\u00e1s que promesas.<\/p>\n<h3>El voto como s\u00edntoma<\/h3>\n<p>El voto peruano no es la causa de la crisis, es su s\u00edntoma.<\/p>\n<p>Y mientras no se transforme la base material del pa\u00eds -la desigualdad, la informalidad, el centralismo, la exclusi\u00f3n- seguiremos en lo mismo: Un pa\u00eds que vota cada cinco a\u00f1os&#8230; pero no decide nunca su destino\u00bb.<\/p>\n","protected":false},"excerpt":{"rendered":"<p>La Oficina Nacional de Procesos Electorales (ONPE) culmin\u00f3 este 22 de abril el procesamiento de las actas correspondientes a la elecci\u00f3n de f\u00f3rmula presidencial, pero a\u00fan quedan los casos pendientes de subsanaci\u00f3n por irregularidades presentadas. As\u00ed, al cierre de edici\u00f3n,&hellip;<\/p>\n","protected":false},"author":831,"featured_media":2695347,"comment_status":"closed","ping_status":"closed","sticky":false,"template":"","format":"standard","meta":{"footnotes":""},"categories":[11389,74,67],"tags":[147615,148518,138974,110156],"class_list":["post-2695346","post","type-post","status-publish","format-standard","has-post-thumbnail","hentry","category-contenido-original","category-politica-es","category-sudamerica","tag-buen-gobierno","tag-buena-gobernanza","tag-elecciones-generales-2026","tag-hector-bejar"],"yoast_head":"<!-- This site is optimized with the Yoast SEO plugin v27.1.1 - https:\/\/yoast.com\/product\/yoast-seo-wordpress\/ -->\n<title>H\u00e9ctor Bejar desnuda estas elecciones<\/title>\n<meta name=\"description\" content=\"La Oficina Nacional de Procesos Electorales (ONPE) culmin\u00f3 este 22 de abril el procesamiento de las actas correspondientes a la elecci\u00f3n de f\u00f3rmula\" \/>\n<meta name=\"robots\" content=\"index, follow, max-snippet:-1, max-image-preview:large, max-video-preview:-1\" \/>\n<link rel=\"canonical\" href=\"https:\/\/www.pressenza.com\/es\/2026\/04\/hector-bejar-desnuda-estas-elecciones\/\" \/>\n<meta property=\"og:locale\" content=\"es_ES\" \/>\n<meta property=\"og:type\" content=\"article\" \/>\n<meta property=\"og:title\" content=\"H\u00e9ctor Bejar desnuda estas elecciones\" \/>\n<meta property=\"og:description\" content=\"La Oficina Nacional de Procesos Electorales (ONPE) culmin\u00f3 este 22 de abril el procesamiento de las actas correspondientes a la elecci\u00f3n de f\u00f3rmula\" \/>\n<meta property=\"og:url\" content=\"https:\/\/www.pressenza.com\/es\/2026\/04\/hector-bejar-desnuda-estas-elecciones\/\" \/>\n<meta property=\"og:site_name\" content=\"Pressenza\" \/>\n<meta property=\"article:publisher\" content=\"https:\/\/www.facebook.com\/PressenzaItalia\" \/>\n<meta property=\"article:published_time\" content=\"2026-04-25T05:49:49+00:00\" \/>\n<meta property=\"og:image\" content=\"https:\/\/www.pressenza.com\/wp-content\/uploads\/2026\/04\/Servindi.png\" \/>\n\t<meta property=\"og:image:width\" content=\"800\" \/>\n\t<meta property=\"og:image:height\" content=\"560\" \/>\n\t<meta property=\"og:image:type\" content=\"image\/png\" \/>\n<meta name=\"author\" content=\"Redacci\u00f3n Per\u00fa\" \/>\n<meta name=\"twitter:card\" content=\"summary_large_image\" \/>\n<meta name=\"twitter:creator\" content=\"@PressenzaIPA\" \/>\n<meta name=\"twitter:site\" content=\"@PressenzaIPA\" \/>\n<meta name=\"twitter:label1\" content=\"Escrito por\" \/>\n\t<meta name=\"twitter:data1\" content=\"Redacci\u00f3n Per\u00fa\" \/>\n\t<meta name=\"twitter:label2\" content=\"Tiempo de lectura\" \/>\n\t<meta name=\"twitter:data2\" content=\"6 minutos\" \/>\n<script type=\"application\/ld+json\" class=\"yoast-schema-graph\">{\"@context\":\"https:\/\/schema.org\",\"@graph\":[{\"@type\":\"Article\",\"@id\":\"https:\/\/www.pressenza.com\/es\/2026\/04\/hector-bejar-desnuda-estas-elecciones\/#article\",\"isPartOf\":{\"@id\":\"https:\/\/www.pressenza.com\/es\/2026\/04\/hector-bejar-desnuda-estas-elecciones\/\"},\"author\":{\"name\":\"Redacci\u00f3n Per\u00fa\",\"@id\":\"https:\/\/www.pressenza.com\/es\/#\/schema\/person\/e86c29a41185b85084a478822f5de81b\"},\"headline\":\"H\u00e9ctor Bejar desnuda estas elecciones\",\"datePublished\":\"2026-04-25T05:49:49+00:00\",\"mainEntityOfPage\":{\"@id\":\"https:\/\/www.pressenza.com\/es\/2026\/04\/hector-bejar-desnuda-estas-elecciones\/\"},\"wordCount\":1181,\"publisher\":{\"@id\":\"https:\/\/www.pressenza.com\/es\/#organization\"},\"image\":{\"@id\":\"https:\/\/www.pressenza.com\/es\/2026\/04\/hector-bejar-desnuda-estas-elecciones\/#primaryimage\"},\"thumbnailUrl\":\"https:\/\/www.pressenza.com\/wp-content\/uploads\/2026\/04\/Servindi.png\",\"keywords\":[\"Buen Gobierno\",\"Buena Gobernanza\",\"elecciones generales 2026\",\"Hector Bejar\"],\"articleSection\":[\"Contenido Original\",\"Pol\u00edtica\",\"Sudam\u00e9rica\"],\"inLanguage\":\"es\"},{\"@type\":\"WebPage\",\"@id\":\"https:\/\/www.pressenza.com\/es\/2026\/04\/hector-bejar-desnuda-estas-elecciones\/\",\"url\":\"https:\/\/www.pressenza.com\/es\/2026\/04\/hector-bejar-desnuda-estas-elecciones\/\",\"name\":\"H\u00e9ctor Bejar desnuda estas elecciones\",\"isPartOf\":{\"@id\":\"https:\/\/www.pressenza.com\/es\/#website\"},\"primaryImageOfPage\":{\"@id\":\"https:\/\/www.pressenza.com\/es\/2026\/04\/hector-bejar-desnuda-estas-elecciones\/#primaryimage\"},\"image\":{\"@id\":\"https:\/\/www.pressenza.com\/es\/2026\/04\/hector-bejar-desnuda-estas-elecciones\/#primaryimage\"},\"thumbnailUrl\":\"https:\/\/www.pressenza.com\/wp-content\/uploads\/2026\/04\/Servindi.png\",\"datePublished\":\"2026-04-25T05:49:49+00:00\",\"description\":\"La Oficina Nacional de Procesos Electorales (ONPE) culmin\u00f3 este 22 de abril el procesamiento de las actas correspondientes a la elecci\u00f3n de f\u00f3rmula\",\"breadcrumb\":{\"@id\":\"https:\/\/www.pressenza.com\/es\/2026\/04\/hector-bejar-desnuda-estas-elecciones\/#breadcrumb\"},\"inLanguage\":\"es\",\"potentialAction\":[{\"@type\":\"ReadAction\",\"target\":[\"https:\/\/www.pressenza.com\/es\/2026\/04\/hector-bejar-desnuda-estas-elecciones\/\"]}]},{\"@type\":\"ImageObject\",\"inLanguage\":\"es\",\"@id\":\"https:\/\/www.pressenza.com\/es\/2026\/04\/hector-bejar-desnuda-estas-elecciones\/#primaryimage\",\"url\":\"https:\/\/www.pressenza.com\/wp-content\/uploads\/2026\/04\/Servindi.png\",\"contentUrl\":\"https:\/\/www.pressenza.com\/wp-content\/uploads\/2026\/04\/Servindi.png\",\"width\":800,\"height\":560},{\"@type\":\"BreadcrumbList\",\"@id\":\"https:\/\/www.pressenza.com\/es\/2026\/04\/hector-bejar-desnuda-estas-elecciones\/#breadcrumb\",\"itemListElement\":[{\"@type\":\"ListItem\",\"position\":1,\"name\":\"Accueil\",\"item\":\"https:\/\/www.pressenza.com\/es\/\"},{\"@type\":\"ListItem\",\"position\":2,\"name\":\"H\u00e9ctor Bejar desnuda estas elecciones\"}]},{\"@type\":\"WebSite\",\"@id\":\"https:\/\/www.pressenza.com\/es\/#website\",\"url\":\"https:\/\/www.pressenza.com\/es\/\",\"name\":\"Pressenza\",\"description\":\"International Press Agency\",\"publisher\":{\"@id\":\"https:\/\/www.pressenza.com\/es\/#organization\"},\"potentialAction\":[{\"@type\":\"SearchAction\",\"target\":{\"@type\":\"EntryPoint\",\"urlTemplate\":\"https:\/\/www.pressenza.com\/es\/?s={search_term_string}\"},\"query-input\":{\"@type\":\"PropertyValueSpecification\",\"valueRequired\":true,\"valueName\":\"search_term_string\"}}],\"inLanguage\":\"es\"},{\"@type\":\"Organization\",\"@id\":\"https:\/\/www.pressenza.com\/es\/#organization\",\"name\":\"Pressenza\",\"url\":\"https:\/\/www.pressenza.com\/es\/\",\"logo\":{\"@type\":\"ImageObject\",\"inLanguage\":\"es\",\"@id\":\"https:\/\/www.pressenza.com\/es\/#\/schema\/logo\/image\/\",\"url\":\"https:\/\/www.pressenza.com\/wp-content\/uploads\/2022\/10\/pressenza_logo_200x200.jpg\",\"contentUrl\":\"https:\/\/www.pressenza.com\/wp-content\/uploads\/2022\/10\/pressenza_logo_200x200.jpg\",\"width\":200,\"height\":200,\"caption\":\"Pressenza\"},\"image\":{\"@id\":\"https:\/\/www.pressenza.com\/es\/#\/schema\/logo\/image\/\"},\"sameAs\":[\"https:\/\/www.facebook.com\/PressenzaItalia\",\"https:\/\/x.com\/PressenzaIPA\"]},{\"@type\":\"Person\",\"@id\":\"https:\/\/www.pressenza.com\/es\/#\/schema\/person\/e86c29a41185b85084a478822f5de81b\",\"name\":\"Redacci\u00f3n Per\u00fa\",\"description\":\"News published by the Pressenza bureau in Peru\",\"url\":\"https:\/\/www.pressenza.com\/es\/author\/redaccion-peru\/\"}]}<\/script>\n<!-- \/ Yoast SEO plugin. -->","yoast_head_json":{"title":"H\u00e9ctor Bejar desnuda estas elecciones","description":"La Oficina Nacional de Procesos Electorales (ONPE) culmin\u00f3 este 22 de abril el procesamiento de las actas correspondientes a la elecci\u00f3n de f\u00f3rmula","robots":{"index":"index","follow":"follow","max-snippet":"max-snippet:-1","max-image-preview":"max-image-preview:large","max-video-preview":"max-video-preview:-1"},"canonical":"https:\/\/www.pressenza.com\/es\/2026\/04\/hector-bejar-desnuda-estas-elecciones\/","og_locale":"es_ES","og_type":"article","og_title":"H\u00e9ctor Bejar desnuda estas elecciones","og_description":"La Oficina Nacional de Procesos Electorales (ONPE) culmin\u00f3 este 22 de abril el procesamiento de las actas correspondientes a la elecci\u00f3n de f\u00f3rmula","og_url":"https:\/\/www.pressenza.com\/es\/2026\/04\/hector-bejar-desnuda-estas-elecciones\/","og_site_name":"Pressenza","article_publisher":"https:\/\/www.facebook.com\/PressenzaItalia","article_published_time":"2026-04-25T05:49:49+00:00","og_image":[{"width":800,"height":560,"url":"https:\/\/www.pressenza.com\/wp-content\/uploads\/2026\/04\/Servindi.png","type":"image\/png"}],"author":"Redacci\u00f3n Per\u00fa","twitter_card":"summary_large_image","twitter_creator":"@PressenzaIPA","twitter_site":"@PressenzaIPA","twitter_misc":{"Escrito por":"Redacci\u00f3n Per\u00fa","Tiempo de lectura":"6 minutos"},"schema":{"@context":"https:\/\/schema.org","@graph":[{"@type":"Article","@id":"https:\/\/www.pressenza.com\/es\/2026\/04\/hector-bejar-desnuda-estas-elecciones\/#article","isPartOf":{"@id":"https:\/\/www.pressenza.com\/es\/2026\/04\/hector-bejar-desnuda-estas-elecciones\/"},"author":{"name":"Redacci\u00f3n Per\u00fa","@id":"https:\/\/www.pressenza.com\/es\/#\/schema\/person\/e86c29a41185b85084a478822f5de81b"},"headline":"H\u00e9ctor Bejar desnuda estas elecciones","datePublished":"2026-04-25T05:49:49+00:00","mainEntityOfPage":{"@id":"https:\/\/www.pressenza.com\/es\/2026\/04\/hector-bejar-desnuda-estas-elecciones\/"},"wordCount":1181,"publisher":{"@id":"https:\/\/www.pressenza.com\/es\/#organization"},"image":{"@id":"https:\/\/www.pressenza.com\/es\/2026\/04\/hector-bejar-desnuda-estas-elecciones\/#primaryimage"},"thumbnailUrl":"https:\/\/www.pressenza.com\/wp-content\/uploads\/2026\/04\/Servindi.png","keywords":["Buen Gobierno","Buena Gobernanza","elecciones generales 2026","Hector Bejar"],"articleSection":["Contenido Original","Pol\u00edtica","Sudam\u00e9rica"],"inLanguage":"es"},{"@type":"WebPage","@id":"https:\/\/www.pressenza.com\/es\/2026\/04\/hector-bejar-desnuda-estas-elecciones\/","url":"https:\/\/www.pressenza.com\/es\/2026\/04\/hector-bejar-desnuda-estas-elecciones\/","name":"H\u00e9ctor Bejar desnuda estas elecciones","isPartOf":{"@id":"https:\/\/www.pressenza.com\/es\/#website"},"primaryImageOfPage":{"@id":"https:\/\/www.pressenza.com\/es\/2026\/04\/hector-bejar-desnuda-estas-elecciones\/#primaryimage"},"image":{"@id":"https:\/\/www.pressenza.com\/es\/2026\/04\/hector-bejar-desnuda-estas-elecciones\/#primaryimage"},"thumbnailUrl":"https:\/\/www.pressenza.com\/wp-content\/uploads\/2026\/04\/Servindi.png","datePublished":"2026-04-25T05:49:49+00:00","description":"La Oficina Nacional de Procesos Electorales (ONPE) culmin\u00f3 este 22 de abril el procesamiento de las actas correspondientes a la elecci\u00f3n de f\u00f3rmula","breadcrumb":{"@id":"https:\/\/www.pressenza.com\/es\/2026\/04\/hector-bejar-desnuda-estas-elecciones\/#breadcrumb"},"inLanguage":"es","potentialAction":[{"@type":"ReadAction","target":["https:\/\/www.pressenza.com\/es\/2026\/04\/hector-bejar-desnuda-estas-elecciones\/"]}]},{"@type":"ImageObject","inLanguage":"es","@id":"https:\/\/www.pressenza.com\/es\/2026\/04\/hector-bejar-desnuda-estas-elecciones\/#primaryimage","url":"https:\/\/www.pressenza.com\/wp-content\/uploads\/2026\/04\/Servindi.png","contentUrl":"https:\/\/www.pressenza.com\/wp-content\/uploads\/2026\/04\/Servindi.png","width":800,"height":560},{"@type":"BreadcrumbList","@id":"https:\/\/www.pressenza.com\/es\/2026\/04\/hector-bejar-desnuda-estas-elecciones\/#breadcrumb","itemListElement":[{"@type":"ListItem","position":1,"name":"Accueil","item":"https:\/\/www.pressenza.com\/es\/"},{"@type":"ListItem","position":2,"name":"H\u00e9ctor Bejar desnuda estas elecciones"}]},{"@type":"WebSite","@id":"https:\/\/www.pressenza.com\/es\/#website","url":"https:\/\/www.pressenza.com\/es\/","name":"Pressenza","description":"International Press Agency","publisher":{"@id":"https:\/\/www.pressenza.com\/es\/#organization"},"potentialAction":[{"@type":"SearchAction","target":{"@type":"EntryPoint","urlTemplate":"https:\/\/www.pressenza.com\/es\/?s={search_term_string}"},"query-input":{"@type":"PropertyValueSpecification","valueRequired":true,"valueName":"search_term_string"}}],"inLanguage":"es"},{"@type":"Organization","@id":"https:\/\/www.pressenza.com\/es\/#organization","name":"Pressenza","url":"https:\/\/www.pressenza.com\/es\/","logo":{"@type":"ImageObject","inLanguage":"es","@id":"https:\/\/www.pressenza.com\/es\/#\/schema\/logo\/image\/","url":"https:\/\/www.pressenza.com\/wp-content\/uploads\/2022\/10\/pressenza_logo_200x200.jpg","contentUrl":"https:\/\/www.pressenza.com\/wp-content\/uploads\/2022\/10\/pressenza_logo_200x200.jpg","width":200,"height":200,"caption":"Pressenza"},"image":{"@id":"https:\/\/www.pressenza.com\/es\/#\/schema\/logo\/image\/"},"sameAs":["https:\/\/www.facebook.com\/PressenzaItalia","https:\/\/x.com\/PressenzaIPA"]},{"@type":"Person","@id":"https:\/\/www.pressenza.com\/es\/#\/schema\/person\/e86c29a41185b85084a478822f5de81b","name":"Redacci\u00f3n Per\u00fa","description":"News published by the Pressenza bureau in Peru","url":"https:\/\/www.pressenza.com\/es\/author\/redaccion-peru\/"}]}},"place":"","original_article_url":"","_links":{"self":[{"href":"https:\/\/www.pressenza.com\/es\/wp-json\/wp\/v2\/posts\/2695346","targetHints":{"allow":["GET"]}}],"collection":[{"href":"https:\/\/www.pressenza.com\/es\/wp-json\/wp\/v2\/posts"}],"about":[{"href":"https:\/\/www.pressenza.com\/es\/wp-json\/wp\/v2\/types\/post"}],"author":[{"embeddable":true,"href":"https:\/\/www.pressenza.com\/es\/wp-json\/wp\/v2\/users\/831"}],"replies":[{"embeddable":true,"href":"https:\/\/www.pressenza.com\/es\/wp-json\/wp\/v2\/comments?post=2695346"}],"version-history":[{"count":3,"href":"https:\/\/www.pressenza.com\/es\/wp-json\/wp\/v2\/posts\/2695346\/revisions"}],"predecessor-version":[{"id":2695350,"href":"https:\/\/www.pressenza.com\/es\/wp-json\/wp\/v2\/posts\/2695346\/revisions\/2695350"}],"wp:featuredmedia":[{"embeddable":true,"href":"https:\/\/www.pressenza.com\/es\/wp-json\/wp\/v2\/media\/2695347"}],"wp:attachment":[{"href":"https:\/\/www.pressenza.com\/es\/wp-json\/wp\/v2\/media?parent=2695346"}],"wp:term":[{"taxonomy":"category","embeddable":true,"href":"https:\/\/www.pressenza.com\/es\/wp-json\/wp\/v2\/categories?post=2695346"},{"taxonomy":"post_tag","embeddable":true,"href":"https:\/\/www.pressenza.com\/es\/wp-json\/wp\/v2\/tags?post=2695346"}],"curies":[{"name":"wp","href":"https:\/\/api.w.org\/{rel}","templated":true}]}}