{"id":269420,"date":"2016-01-20T15:30:20","date_gmt":"2016-01-20T15:30:20","guid":{"rendered":"http:\/\/www.pressenza.com\/es\/?p=269420"},"modified":"2016-01-20T15:30:20","modified_gmt":"2016-01-20T15:30:20","slug":"parlamentarios-del-mercosur-presentaron-medidas-cautelares-a-la-cidh-a-favor-de-activista-social-argentina-apresada","status":"publish","type":"post","link":"https:\/\/www.pressenza.com\/es\/2016\/01\/parlamentarios-del-mercosur-presentaron-medidas-cautelares-a-la-cidh-a-favor-de-activista-social-argentina-apresada\/","title":{"rendered":"Parlamentarios del Mercosur presentaron medidas cautelares a la CIDH a favor de activista social argentina apresada"},"content":{"rendered":"<p>Diputados Nacionales y Parlamentarios del Mercosur presentaron en las \u00faltimas horas del martes una solicitud de intervenci\u00f3n de la Comisi\u00f3n Interamericana de Derechos Humanos (CIDH) para que dicte medidas cautelares a favor de la dirigente ind\u00edgena Milagro Sala, del movimiento Tupac Amaru, detenida en su residencia en la capital de la provincia argentina de Jujuy.<\/p>\n<p>Sala fue imputada por supuesta &#8216;instigaci\u00f3n a cometer delitos y tumultos en concurso real&#8217; y desde hace m\u00e1s de 30 d\u00edas hab\u00eda instalado un campamento junto a la Red de Organizaciones Sociales frente a la Gobernaci\u00f3n de Jujuy en rechazo al reordenamiento de la distribuci\u00f3n de subsidios a cooperativas planteado por el gobernador de esa entidad, Gerardo Morales.<\/p>\n<p>Los legisladores consideran que se dan las condiciones de gravedad y urgencia que exige las normas citadas para que la CIDH requiera al Estado argentino la adopci\u00f3n de medidas urgentes tendientes a evitar da\u00f1os irreparables a su vida e integridad psico-f\u00edsica, destacando que se trata de un claro caso de criminalizaci\u00f3n de la protesta social que viene escalando desde la asunci\u00f3n del Gobernador Gerardo Morales en el mes de diciembre de 2015.<\/p>\n<p>Seg\u00fan un comunicado, se establece que \u201cexiste una clara afectaci\u00f3n del derecho a la libertad y a la seguridad personales de la detenida\u00bb, quien est\u00e1 privada de su libertad f\u00edsica sin que exista delito, por lo que se trata de una detenci\u00f3n ilegal, produci\u00e9ndose una detenci\u00f3n o encarcelamiento arbitrarios, manteni\u00e9ndose\u00a0 la detenci\u00f3n aun cuando no existen motivos que puedan implicar la evasi\u00f3n a la comparecencia en juicio\u201d.<\/p>\n<p>El gobernador Morales, que asumi\u00f3 el cargo en diciembre pasado, \u00a0acusa a la dirigente social de haber manejado los fondos estatales destinados a planes sociales de manera discrecional durante la era \u2018kirchnerista\u2019 e incluso de haberse quedado con parte de ese dinero, refiri\u00f3 el canal multinacional TeleSur.<\/p>\n<p>Recientemente, Morales decret\u00f3 que las organizaciones sociales que no se reempadronen perder\u00e1n sus beneficios sociales y su personer\u00eda jur\u00eddica. Milagro Sala y representantes de otras organizaciones se oponen a esta disposici\u00f3n.<\/p>\n<p>En Ecuador, el ministro de Cultura y presidente de la Comisi\u00f3n de Relaciones Internacionales del movimiento pol\u00edtico Alianza Pa\u00eds (en el gobierno), Guillaume Long, y la l\u00edder parlamentaria de este pa\u00eds, Gabriela Rivadeneira, expresaron la solidaridad y preocupaci\u00f3n por la detenci\u00f3n de Sala.<span id=\"ctrlcopy\"><\/p>\n<p><\/span><\/p>\n","protected":false},"excerpt":{"rendered":"<p>Diputados Nacionales y Parlamentarios del Mercosur presentaron en las \u00faltimas horas del martes una solicitud de intervenci\u00f3n de la Comisi\u00f3n Interamericana de Derechos Humanos (CIDH) para que dicte medidas cautelares a favor de la dirigente ind\u00edgena Milagro Sala, del movimiento&hellip;<\/p>\n","protected":false},"author":1050,"featured_media":269421,"comment_status":"closed","ping_status":"open","sticky":false,"template":"","format":"standard","meta":{"footnotes":""},"categories":[74,67],"tags":[26,23257,2973,7399,1266,23351,18160,1096],"class_list":["post-269420","post","type-post","status-publish","format-standard","has-post-thumbnail","hentry","category-politica-es","category-sudamerica","tag-argentina","tag-detencion","tag-ecuador-es","tag-jujuy","tag-milagro-sala","tag-parlamentarios-del-mercosur","tag-parlasur","tag-tupac-amaru"],"yoast_head":"<!-- This site is optimized with the Yoast SEO plugin v27.1.1 - https:\/\/yoast.com\/product\/yoast-seo-wordpress\/ -->\n<title>Parlamentarios del Mercosur presentaron medidas cautelares a la CIDH a favor de activista social argentina apresada<\/title>\n<meta name=\"description\" content=\"Diputados Nacionales y Parlamentarios del Mercosur presentaron en las \u00faltimas horas del martes una solicitud de intervenci\u00f3n de la Comisi\u00f3n Interamericana\" \/>\n<meta name=\"robots\" content=\"index, follow, max-snippet:-1, max-image-preview:large, max-video-preview:-1\" \/>\n<link rel=\"canonical\" href=\"https:\/\/www.pressenza.com\/es\/2016\/01\/parlamentarios-del-mercosur-presentaron-medidas-cautelares-a-la-cidh-a-favor-de-activista-social-argentina-apresada\/\" \/>\n<meta property=\"og:locale\" content=\"es_ES\" \/>\n<meta property=\"og:type\" content=\"article\" \/>\n<meta property=\"og:title\" content=\"Parlamentarios del Mercosur presentaron medidas cautelares a la CIDH a favor de activista social argentina apresada\" \/>\n<meta property=\"og:description\" content=\"Diputados Nacionales y Parlamentarios del Mercosur presentaron en las \u00faltimas horas del martes una solicitud de intervenci\u00f3n de la Comisi\u00f3n Interamericana\" \/>\n<meta property=\"og:url\" content=\"https:\/\/www.pressenza.com\/es\/2016\/01\/parlamentarios-del-mercosur-presentaron-medidas-cautelares-a-la-cidh-a-favor-de-activista-social-argentina-apresada\/\" \/>\n<meta property=\"og:site_name\" content=\"Pressenza\" \/>\n<meta property=\"article:publisher\" content=\"https:\/\/www.facebook.com\/PressenzaItalia\" \/>\n<meta property=\"article:author\" content=\"https:\/\/www.facebook.com\/agenciaandes?_rdr=p\" \/>\n<meta property=\"article:published_time\" content=\"2016-01-20T15:30:20+00:00\" \/>\n<meta property=\"og:image\" content=\"https:\/\/www.pressenza.com\/wp-content\/uploads\/2016\/01\/milagro-sala_0_1.jpg\" \/>\n\t<meta property=\"og:image:width\" content=\"580\" \/>\n\t<meta property=\"og:image:height\" content=\"326\" \/>\n\t<meta property=\"og:image:type\" content=\"image\/jpeg\" \/>\n<meta name=\"author\" content=\"ANDES, Agencia p\u00fablica de noticias del Ecuador y Suram\u00e9rica\" \/>\n<meta name=\"twitter:card\" content=\"summary_large_image\" \/>\n<meta name=\"twitter:creator\" content=\"@andesecuador\" \/>\n<meta name=\"twitter:site\" content=\"@PressenzaIPA\" \/>\n<meta name=\"twitter:label1\" content=\"Escrito por\" \/>\n\t<meta name=\"twitter:data1\" content=\"ANDES, Agencia p\u00fablica de noticias del Ecuador y Suram\u00e9rica\" \/>\n\t<meta name=\"twitter:label2\" content=\"Tiempo de lectura\" \/>\n\t<meta name=\"twitter:data2\" content=\"2 minutos\" \/>\n<script type=\"application\/ld+json\" class=\"yoast-schema-graph\">{\"@context\":\"https:\/\/schema.org\",\"@graph\":[{\"@type\":\"Article\",\"@id\":\"https:\/\/www.pressenza.com\/es\/2016\/01\/parlamentarios-del-mercosur-presentaron-medidas-cautelares-a-la-cidh-a-favor-de-activista-social-argentina-apresada\/#article\",\"isPartOf\":{\"@id\":\"https:\/\/www.pressenza.com\/es\/2016\/01\/parlamentarios-del-mercosur-presentaron-medidas-cautelares-a-la-cidh-a-favor-de-activista-social-argentina-apresada\/\"},\"author\":{\"name\":\"ANDES, Agencia p\u00fablica de noticias del Ecuador y Suram\u00e9rica\",\"@id\":\"https:\/\/www.pressenza.com\/es\/#\/schema\/person\/705723965deac0d113e08a14a69d1bbc\"},\"headline\":\"Parlamentarios del Mercosur presentaron medidas cautelares a la CIDH a favor de activista social argentina apresada\",\"datePublished\":\"2016-01-20T15:30:20+00:00\",\"mainEntityOfPage\":{\"@id\":\"https:\/\/www.pressenza.com\/es\/2016\/01\/parlamentarios-del-mercosur-presentaron-medidas-cautelares-a-la-cidh-a-favor-de-activista-social-argentina-apresada\/\"},\"wordCount\":421,\"publisher\":{\"@id\":\"https:\/\/www.pressenza.com\/es\/#organization\"},\"image\":{\"@id\":\"https:\/\/www.pressenza.com\/es\/2016\/01\/parlamentarios-del-mercosur-presentaron-medidas-cautelares-a-la-cidh-a-favor-de-activista-social-argentina-apresada\/#primaryimage\"},\"thumbnailUrl\":\"https:\/\/www.pressenza.com\/wp-content\/uploads\/2016\/01\/milagro-sala_0_1.jpg\",\"keywords\":[\"Argentina\",\"detenci\u00f3n\",\"Ecuador\",\"Jujuy\",\"Milagro Sala\",\"Parlamentarios del Mercosur\",\"Parlasur\",\"Tupac Amaru\"],\"articleSection\":[\"Pol\u00edtica\",\"Sudam\u00e9rica\"],\"inLanguage\":\"es\"},{\"@type\":\"WebPage\",\"@id\":\"https:\/\/www.pressenza.com\/es\/2016\/01\/parlamentarios-del-mercosur-presentaron-medidas-cautelares-a-la-cidh-a-favor-de-activista-social-argentina-apresada\/\",\"url\":\"https:\/\/www.pressenza.com\/es\/2016\/01\/parlamentarios-del-mercosur-presentaron-medidas-cautelares-a-la-cidh-a-favor-de-activista-social-argentina-apresada\/\",\"name\":\"Parlamentarios del Mercosur presentaron medidas cautelares a la CIDH a favor de activista social argentina apresada\",\"isPartOf\":{\"@id\":\"https:\/\/www.pressenza.com\/es\/#website\"},\"primaryImageOfPage\":{\"@id\":\"https:\/\/www.pressenza.com\/es\/2016\/01\/parlamentarios-del-mercosur-presentaron-medidas-cautelares-a-la-cidh-a-favor-de-activista-social-argentina-apresada\/#primaryimage\"},\"image\":{\"@id\":\"https:\/\/www.pressenza.com\/es\/2016\/01\/parlamentarios-del-mercosur-presentaron-medidas-cautelares-a-la-cidh-a-favor-de-activista-social-argentina-apresada\/#primaryimage\"},\"thumbnailUrl\":\"https:\/\/www.pressenza.com\/wp-content\/uploads\/2016\/01\/milagro-sala_0_1.jpg\",\"datePublished\":\"2016-01-20T15:30:20+00:00\",\"description\":\"Diputados Nacionales y Parlamentarios del Mercosur presentaron en las \u00faltimas horas del martes una solicitud de intervenci\u00f3n de la Comisi\u00f3n Interamericana\",\"breadcrumb\":{\"@id\":\"https:\/\/www.pressenza.com\/es\/2016\/01\/parlamentarios-del-mercosur-presentaron-medidas-cautelares-a-la-cidh-a-favor-de-activista-social-argentina-apresada\/#breadcrumb\"},\"inLanguage\":\"es\",\"potentialAction\":[{\"@type\":\"ReadAction\",\"target\":[\"https:\/\/www.pressenza.com\/es\/2016\/01\/parlamentarios-del-mercosur-presentaron-medidas-cautelares-a-la-cidh-a-favor-de-activista-social-argentina-apresada\/\"]}]},{\"@type\":\"ImageObject\",\"inLanguage\":\"es\",\"@id\":\"https:\/\/www.pressenza.com\/es\/2016\/01\/parlamentarios-del-mercosur-presentaron-medidas-cautelares-a-la-cidh-a-favor-de-activista-social-argentina-apresada\/#primaryimage\",\"url\":\"https:\/\/www.pressenza.com\/wp-content\/uploads\/2016\/01\/milagro-sala_0_1.jpg\",\"contentUrl\":\"https:\/\/www.pressenza.com\/wp-content\/uploads\/2016\/01\/milagro-sala_0_1.jpg\",\"width\":580,\"height\":326},{\"@type\":\"BreadcrumbList\",\"@id\":\"https:\/\/www.pressenza.com\/es\/2016\/01\/parlamentarios-del-mercosur-presentaron-medidas-cautelares-a-la-cidh-a-favor-de-activista-social-argentina-apresada\/#breadcrumb\",\"itemListElement\":[{\"@type\":\"ListItem\",\"position\":1,\"name\":\"Accueil\",\"item\":\"https:\/\/www.pressenza.com\/es\/\"},{\"@type\":\"ListItem\",\"position\":2,\"name\":\"Parlamentarios del Mercosur presentaron medidas cautelares a la CIDH a favor de activista social argentina apresada\"}]},{\"@type\":\"WebSite\",\"@id\":\"https:\/\/www.pressenza.com\/es\/#website\",\"url\":\"https:\/\/www.pressenza.com\/es\/\",\"name\":\"Pressenza\",\"description\":\"International Press Agency\",\"publisher\":{\"@id\":\"https:\/\/www.pressenza.com\/es\/#organization\"},\"potentialAction\":[{\"@type\":\"SearchAction\",\"target\":{\"@type\":\"EntryPoint\",\"urlTemplate\":\"https:\/\/www.pressenza.com\/es\/?s={search_term_string}\"},\"query-input\":{\"@type\":\"PropertyValueSpecification\",\"valueRequired\":true,\"valueName\":\"search_term_string\"}}],\"inLanguage\":\"es\"},{\"@type\":\"Organization\",\"@id\":\"https:\/\/www.pressenza.com\/es\/#organization\",\"name\":\"Pressenza\",\"url\":\"https:\/\/www.pressenza.com\/es\/\",\"logo\":{\"@type\":\"ImageObject\",\"inLanguage\":\"es\",\"@id\":\"https:\/\/www.pressenza.com\/es\/#\/schema\/logo\/image\/\",\"url\":\"https:\/\/www.pressenza.com\/wp-content\/uploads\/2022\/10\/pressenza_logo_200x200.jpg\",\"contentUrl\":\"https:\/\/www.pressenza.com\/wp-content\/uploads\/2022\/10\/pressenza_logo_200x200.jpg\",\"width\":200,\"height\":200,\"caption\":\"Pressenza\"},\"image\":{\"@id\":\"https:\/\/www.pressenza.com\/es\/#\/schema\/logo\/image\/\"},\"sameAs\":[\"https:\/\/www.facebook.com\/PressenzaItalia\",\"https:\/\/x.com\/PressenzaIPA\"]},{\"@type\":\"Person\",\"@id\":\"https:\/\/www.pressenza.com\/es\/#\/schema\/person\/705723965deac0d113e08a14a69d1bbc\",\"name\":\"ANDES, Agencia p\u00fablica de noticias del Ecuador y Suram\u00e9rica\",\"description\":\"www.andes.info.ec\/\",\"sameAs\":[\"http:\/\/www.andes.info.ec\/\",\"https:\/\/www.facebook.com\/agenciaandes?_rdr=p\",\"https:\/\/x.com\/andesecuador\"],\"url\":\"https:\/\/www.pressenza.com\/es\/author\/andes\/\"}]}<\/script>\n<!-- \/ Yoast SEO plugin. -->","yoast_head_json":{"title":"Parlamentarios del Mercosur presentaron medidas cautelares a la CIDH a favor de activista social argentina apresada","description":"Diputados Nacionales y Parlamentarios del Mercosur presentaron en las \u00faltimas horas del martes una solicitud de intervenci\u00f3n de la Comisi\u00f3n Interamericana","robots":{"index":"index","follow":"follow","max-snippet":"max-snippet:-1","max-image-preview":"max-image-preview:large","max-video-preview":"max-video-preview:-1"},"canonical":"https:\/\/www.pressenza.com\/es\/2016\/01\/parlamentarios-del-mercosur-presentaron-medidas-cautelares-a-la-cidh-a-favor-de-activista-social-argentina-apresada\/","og_locale":"es_ES","og_type":"article","og_title":"Parlamentarios del Mercosur presentaron medidas cautelares a la CIDH a favor de activista social argentina apresada","og_description":"Diputados Nacionales y Parlamentarios del Mercosur presentaron en las \u00faltimas horas del martes una solicitud de intervenci\u00f3n de la Comisi\u00f3n Interamericana","og_url":"https:\/\/www.pressenza.com\/es\/2016\/01\/parlamentarios-del-mercosur-presentaron-medidas-cautelares-a-la-cidh-a-favor-de-activista-social-argentina-apresada\/","og_site_name":"Pressenza","article_publisher":"https:\/\/www.facebook.com\/PressenzaItalia","article_author":"https:\/\/www.facebook.com\/agenciaandes?_rdr=p","article_published_time":"2016-01-20T15:30:20+00:00","og_image":[{"width":580,"height":326,"url":"https:\/\/www.pressenza.com\/wp-content\/uploads\/2016\/01\/milagro-sala_0_1.jpg","type":"image\/jpeg"}],"author":"ANDES, Agencia p\u00fablica de noticias del Ecuador y Suram\u00e9rica","twitter_card":"summary_large_image","twitter_creator":"@andesecuador","twitter_site":"@PressenzaIPA","twitter_misc":{"Escrito por":"ANDES, Agencia p\u00fablica de noticias del Ecuador y Suram\u00e9rica","Tiempo de lectura":"2 minutos"},"schema":{"@context":"https:\/\/schema.org","@graph":[{"@type":"Article","@id":"https:\/\/www.pressenza.com\/es\/2016\/01\/parlamentarios-del-mercosur-presentaron-medidas-cautelares-a-la-cidh-a-favor-de-activista-social-argentina-apresada\/#article","isPartOf":{"@id":"https:\/\/www.pressenza.com\/es\/2016\/01\/parlamentarios-del-mercosur-presentaron-medidas-cautelares-a-la-cidh-a-favor-de-activista-social-argentina-apresada\/"},"author":{"name":"ANDES, Agencia p\u00fablica de noticias del Ecuador y Suram\u00e9rica","@id":"https:\/\/www.pressenza.com\/es\/#\/schema\/person\/705723965deac0d113e08a14a69d1bbc"},"headline":"Parlamentarios del Mercosur presentaron medidas cautelares a la CIDH a favor de activista social argentina apresada","datePublished":"2016-01-20T15:30:20+00:00","mainEntityOfPage":{"@id":"https:\/\/www.pressenza.com\/es\/2016\/01\/parlamentarios-del-mercosur-presentaron-medidas-cautelares-a-la-cidh-a-favor-de-activista-social-argentina-apresada\/"},"wordCount":421,"publisher":{"@id":"https:\/\/www.pressenza.com\/es\/#organization"},"image":{"@id":"https:\/\/www.pressenza.com\/es\/2016\/01\/parlamentarios-del-mercosur-presentaron-medidas-cautelares-a-la-cidh-a-favor-de-activista-social-argentina-apresada\/#primaryimage"},"thumbnailUrl":"https:\/\/www.pressenza.com\/wp-content\/uploads\/2016\/01\/milagro-sala_0_1.jpg","keywords":["Argentina","detenci\u00f3n","Ecuador","Jujuy","Milagro Sala","Parlamentarios del Mercosur","Parlasur","Tupac Amaru"],"articleSection":["Pol\u00edtica","Sudam\u00e9rica"],"inLanguage":"es"},{"@type":"WebPage","@id":"https:\/\/www.pressenza.com\/es\/2016\/01\/parlamentarios-del-mercosur-presentaron-medidas-cautelares-a-la-cidh-a-favor-de-activista-social-argentina-apresada\/","url":"https:\/\/www.pressenza.com\/es\/2016\/01\/parlamentarios-del-mercosur-presentaron-medidas-cautelares-a-la-cidh-a-favor-de-activista-social-argentina-apresada\/","name":"Parlamentarios del Mercosur presentaron medidas cautelares a la CIDH a favor de activista social argentina apresada","isPartOf":{"@id":"https:\/\/www.pressenza.com\/es\/#website"},"primaryImageOfPage":{"@id":"https:\/\/www.pressenza.com\/es\/2016\/01\/parlamentarios-del-mercosur-presentaron-medidas-cautelares-a-la-cidh-a-favor-de-activista-social-argentina-apresada\/#primaryimage"},"image":{"@id":"https:\/\/www.pressenza.com\/es\/2016\/01\/parlamentarios-del-mercosur-presentaron-medidas-cautelares-a-la-cidh-a-favor-de-activista-social-argentina-apresada\/#primaryimage"},"thumbnailUrl":"https:\/\/www.pressenza.com\/wp-content\/uploads\/2016\/01\/milagro-sala_0_1.jpg","datePublished":"2016-01-20T15:30:20+00:00","description":"Diputados Nacionales y Parlamentarios del Mercosur presentaron en las \u00faltimas horas del martes una solicitud de intervenci\u00f3n de la Comisi\u00f3n Interamericana","breadcrumb":{"@id":"https:\/\/www.pressenza.com\/es\/2016\/01\/parlamentarios-del-mercosur-presentaron-medidas-cautelares-a-la-cidh-a-favor-de-activista-social-argentina-apresada\/#breadcrumb"},"inLanguage":"es","potentialAction":[{"@type":"ReadAction","target":["https:\/\/www.pressenza.com\/es\/2016\/01\/parlamentarios-del-mercosur-presentaron-medidas-cautelares-a-la-cidh-a-favor-de-activista-social-argentina-apresada\/"]}]},{"@type":"ImageObject","inLanguage":"es","@id":"https:\/\/www.pressenza.com\/es\/2016\/01\/parlamentarios-del-mercosur-presentaron-medidas-cautelares-a-la-cidh-a-favor-de-activista-social-argentina-apresada\/#primaryimage","url":"https:\/\/www.pressenza.com\/wp-content\/uploads\/2016\/01\/milagro-sala_0_1.jpg","contentUrl":"https:\/\/www.pressenza.com\/wp-content\/uploads\/2016\/01\/milagro-sala_0_1.jpg","width":580,"height":326},{"@type":"BreadcrumbList","@id":"https:\/\/www.pressenza.com\/es\/2016\/01\/parlamentarios-del-mercosur-presentaron-medidas-cautelares-a-la-cidh-a-favor-de-activista-social-argentina-apresada\/#breadcrumb","itemListElement":[{"@type":"ListItem","position":1,"name":"Accueil","item":"https:\/\/www.pressenza.com\/es\/"},{"@type":"ListItem","position":2,"name":"Parlamentarios del Mercosur presentaron medidas cautelares a la CIDH a favor de activista social argentina apresada"}]},{"@type":"WebSite","@id":"https:\/\/www.pressenza.com\/es\/#website","url":"https:\/\/www.pressenza.com\/es\/","name":"Pressenza","description":"International Press Agency","publisher":{"@id":"https:\/\/www.pressenza.com\/es\/#organization"},"potentialAction":[{"@type":"SearchAction","target":{"@type":"EntryPoint","urlTemplate":"https:\/\/www.pressenza.com\/es\/?s={search_term_string}"},"query-input":{"@type":"PropertyValueSpecification","valueRequired":true,"valueName":"search_term_string"}}],"inLanguage":"es"},{"@type":"Organization","@id":"https:\/\/www.pressenza.com\/es\/#organization","name":"Pressenza","url":"https:\/\/www.pressenza.com\/es\/","logo":{"@type":"ImageObject","inLanguage":"es","@id":"https:\/\/www.pressenza.com\/es\/#\/schema\/logo\/image\/","url":"https:\/\/www.pressenza.com\/wp-content\/uploads\/2022\/10\/pressenza_logo_200x200.jpg","contentUrl":"https:\/\/www.pressenza.com\/wp-content\/uploads\/2022\/10\/pressenza_logo_200x200.jpg","width":200,"height":200,"caption":"Pressenza"},"image":{"@id":"https:\/\/www.pressenza.com\/es\/#\/schema\/logo\/image\/"},"sameAs":["https:\/\/www.facebook.com\/PressenzaItalia","https:\/\/x.com\/PressenzaIPA"]},{"@type":"Person","@id":"https:\/\/www.pressenza.com\/es\/#\/schema\/person\/705723965deac0d113e08a14a69d1bbc","name":"ANDES, Agencia p\u00fablica de noticias del Ecuador y Suram\u00e9rica","description":"www.andes.info.ec\/","sameAs":["http:\/\/www.andes.info.ec\/","https:\/\/www.facebook.com\/agenciaandes?_rdr=p","https:\/\/x.com\/andesecuador"],"url":"https:\/\/www.pressenza.com\/es\/author\/andes\/"}]}},"place":"Quito","original_article_url":"http:\/\/www.andes.info.ec\/es\/noticias\/parlamentarios-mercosur-presentaron-medidas-cautelares-cidh-favor-activista-social","_links":{"self":[{"href":"https:\/\/www.pressenza.com\/es\/wp-json\/wp\/v2\/posts\/269420","targetHints":{"allow":["GET"]}}],"collection":[{"href":"https:\/\/www.pressenza.com\/es\/wp-json\/wp\/v2\/posts"}],"about":[{"href":"https:\/\/www.pressenza.com\/es\/wp-json\/wp\/v2\/types\/post"}],"author":[{"embeddable":true,"href":"https:\/\/www.pressenza.com\/es\/wp-json\/wp\/v2\/users\/1050"}],"replies":[{"embeddable":true,"href":"https:\/\/www.pressenza.com\/es\/wp-json\/wp\/v2\/comments?post=269420"}],"version-history":[{"count":0,"href":"https:\/\/www.pressenza.com\/es\/wp-json\/wp\/v2\/posts\/269420\/revisions"}],"wp:featuredmedia":[{"embeddable":true,"href":"https:\/\/www.pressenza.com\/es\/wp-json\/wp\/v2\/media\/269421"}],"wp:attachment":[{"href":"https:\/\/www.pressenza.com\/es\/wp-json\/wp\/v2\/media?parent=269420"}],"wp:term":[{"taxonomy":"category","embeddable":true,"href":"https:\/\/www.pressenza.com\/es\/wp-json\/wp\/v2\/categories?post=269420"},{"taxonomy":"post_tag","embeddable":true,"href":"https:\/\/www.pressenza.com\/es\/wp-json\/wp\/v2\/tags?post=269420"}],"curies":[{"name":"wp","href":"https:\/\/api.w.org\/{rel}","templated":true}]}}