{"id":2689731,"date":"2026-04-02T23:31:41","date_gmt":"2026-04-02T22:31:41","guid":{"rendered":"https:\/\/www.pressenza.com\/?p=2689731"},"modified":"2026-04-03T16:50:40","modified_gmt":"2026-04-03T15:50:40","slug":"sobre-la-fabricacion-de-chivos-expiatorios-y-lo-que-evitamos-mirar-o-afrontar","status":"publish","type":"post","link":"https:\/\/www.pressenza.com\/es\/2026\/04\/sobre-la-fabricacion-de-chivos-expiatorios-y-lo-que-evitamos-mirar-o-afrontar\/","title":{"rendered":"Sobre la fabricaci\u00f3n de chivos expiatorios y lo que evitamos mirar o afrontar"},"content":{"rendered":"<blockquote><p><em>Ser\u00e1 Teatro, pero hay textos que no envejecen. Se\u00f1alan una grieta constante en la condici\u00f3n humana, que reaparece cuando las sociedades y los tiempos se tensan; cuando el miedo se organiza desde arriba, y la multitud busca alivio en la forma m\u00e1s antigua de simplificaci\u00f3n moral: el se\u00f1alamiento del otro.<\/em><br \/>\n<em>Hace m\u00e1s de cuatro siglos, en la obra \u201cDiscurso sobre el caso de los extranjeros, Sir Thomas More\u201d, atribuido, en parte, a William Shakespeare, se pone en escena exactamente ese momento. El texto no fue representado en su tiempo. Era demasiado inc\u00f3modo y sedicioso. Aqu\u00ed reproducimos una versi\u00f3n del texto a partir de la traducci\u00f3n de Jorge \u00c1valos.<\/em><\/p><\/blockquote>\n<h3 style=\"text-align: center;\"><strong>Discurso sobre el caso de los extranjeros<\/strong><\/h3>\n<p><strong>CONTEXTO: <\/strong><em>el personaje <\/em><strong><em>Thomas More<\/em><\/strong><em>, como jurista y autoridad civil, se alza ante una multitud que ha tomado a los inmigrantes como blanco de su ira. No viene a imponer orden por la fuerza, sino a hacer algo m\u00e1s dif\u00edcil.<\/em><\/p>\n<p><em>\u2014<\/em>THOMAS MORE:<\/p>\n<p><em>Concedamos que sean expulsados, y conceded que vuestra rebeli\u00f3n derribase la majestad del reino.<\/em><\/p>\n<p><em>Imaginad ahora que triunf\u00e1is y veis a los odiados extranjeros; con sus beb\u00e9s colgando de la espalda y arrastrando el pobre equipaje que a\u00fan les queda, para caminar con dolor hacia los puertos y las costas para ser deportados.<\/em><\/p>\n<p><em>Imaginad, que vosotros, como reyes, os veis en el trono fugaz de los deseos cumplidos, silenciada la autoridad y Justicia por vuestro ruido feroz, que todo lo somete.<br \/>\nAs\u00ed vosotros, con el cuello erguido, por ideas, \u2026 tan exiguas \u2026 tan pobres \u2026<\/em><\/p>\n<p><em>\u00bfQu\u00e9 hab\u00e9is conseguido? <\/em><\/p>\n<p><em>Yo os lo digo. Habr\u00edais ense\u00f1ado con mano dura, que la por la fuerza se habr\u00e1 de regir, que el orden ser\u00e1 sofocado a voluntad.<\/em><\/p>\n<p><em>Pues, por tal modo, os digo que ning\u00fano vivir\u00e1 para ver la edad madura, pues, por igual capricho o instintos, otros rufianes, con la misma rudeza y la raz\u00f3n que anhel\u00e1is ahora, os perseguir\u00e1n; y seg\u00fan ese proceder, los hombres, voraces como peces, se devorar\u00e1n unos a los otros.<\/em><\/p>\n<p><em>S\u00ed, oprimir\u00e9is al extranjero; s\u00ed; los matar\u00e9is, les cortar\u00e9is el cuello; o los expulsar\u00e9is; tomar\u00e9is sus hogares por bot\u00edn y rebajar\u00e9is la majestad de la Ley; esa fr\u00e1gil justicia,<br \/>\narrastr\u00e1ndola atada hacia el desorden; como perro para que d\u00e9 caza al pobre forastero.<\/em><\/p>\n<p><em>\u00a1Ay, ay! \u2014dir\u00e1 nuestro rey o la autoridad\u2014, clemente con quien se arrepiente; pero si vuestro crimen solo alcanzara la pena del exilio, \u2026 <\/em><\/p>\n<p><em>\u00bfA qu\u00e9 tierra marchar\u00edais entonces? \u00a1Pensadlo bien! <\/em><\/p>\n<p><em>\u00bfPues a qu\u00e9 tierra alg\u00fan d\u00eda, por la \u00edndole misma de vuestro yerro, os dar\u00eda ella lugar para acogeros? \u00a1Pensad bien!<\/em><\/p>\n<p><em>Id a Francia o a Flandes, o id a cualquier provincia de la f\u00e9rtil Alemania, a Espa\u00f1a o Portugal, y nada m\u00e1s, pues no ser\u00e1n aliados; \u2026 \u00a0y all\u00ed ser\u00e9is, en toda forma, tambi\u00e9n extra\u00f1os.<\/em><\/p>\n<p><em>Para correr la misma suerte que administrasteis, si la inhumanidad deviene en l\u00f3gica y costumbre.<\/em><\/p>\n<p><em>\u00bfOs gustar\u00eda, entonces, hallar una naci\u00f3n de un temperamento tan insensible como el que hoy mostr\u00e1is, que en su furia atroz no os diera un sitio donde alzar la vida?<\/em><\/p>\n<p><em>Pues contra vosotros afilar\u00e1n sus atroces cuchillos homicidas, para apretarlos contra vuestras gargantas.<br \/>\nOs ver\u00e1n igualmente con desd\u00e9n, como a los perros, como si no fuerais de Dios criaturas, ni deleites de su Creaci\u00f3n;<br \/>\no como si el aire mismo, la sal, el agua, la tierra, ninguno fuesen digno de vuestro bien, sino un favor concedido s\u00f3lo a ellos.<\/em><\/p>\n<p><em>\u00bfQu\u00e9 dir\u00edais de ser as\u00ed tratados? Este es el caso de los extranjeros que hoy despreci\u00e1is con \u00e1nimo feroz, y esta es la inhumanidad tan agria que en este d\u00eda demostr\u00e1is contra ellos.<\/em><\/p>\n<p><em>\u00bfC\u00f3mo os sentir\u00edais si os hicieran esto? As\u00ed trat\u00e1is hoy al extranjero al que despreci\u00e1is con \u00e1nimo feroz viendo todas las faltas encarnadas. \u00a1As\u00ed de agria es vuestra inhumanidad!<\/em><\/p>\n<p>\u2014Este antiguo texto fue creado en otro lenguaje, en otra m\u00e9trica y oratoria. En cuanto a la versi\u00f3n de <strong>Sir Ian<\/strong> <strong>McKellen<\/strong> (circulan varias en YouTube y la m\u00e1s famosa sea la de 2016, para <em>The Guardian<\/em>); el actor no usa el texto isabelino puro, sino que desde sus propias vivencias, reordena, corta, cambia alg\u00fan arca\u00edsmo por una frase m\u00e1s directa, pero conservando la estructura y el ritmo, y tono.<\/p>\n<p>Tanto el original, como esta actualizaci\u00f3n teatralizada en ingl\u00e9s moderno, o la adaptaci\u00f3n del texto en espa\u00f1ol; el tema no es solo contra el odio hacia el extranjero o los or\u00edgenes de la violencia, sino va hacia algo m\u00e1s profundo. A la facilidad con la que cualquiera puede llegar a justificar lo horrendo. Cualquier necio puede odiar, pero se requiere una <a href=\"https:\/\/solidaridad.net\/la-teoria-de-la-estupidez\/\" target=\"_blank\" rel=\"noopener\">estupidez met\u00f3dica para racionalizar lo horrendo de una guerra, o de un sistema entero<\/a>. El peligro no es un <em>monstruo<\/em> que venga de fuera, sino la mirada que deja de reconocer la sangre en sus manos una vez que ha llamado \u201cnecesidad\u201d o \u201cdefensa\u201d a la barbarie, luego de actuar horrendamente. No hace 400 a\u00f1os. \u00a1Ahora mismo!<\/p>\n<p><iframe loading=\"lazy\" title=\"Ian McKellen performs speech about immigrants by Shakespeare from Thomas More (23\/4\/2016)\" width=\"500\" height=\"281\" src=\"https:\/\/www.youtube.com\/embed\/DceEunnTA3A?start=20&#038;feature=oembed\" frameborder=\"0\" allow=\"accelerometer; autoplay; clipboard-write; encrypted-media; gyroscope; picture-in-picture; web-share\" referrerpolicy=\"strict-origin-when-cross-origin\" allowfullscreen><\/iframe><\/p>\n<p>La violencia, en todas sus formas, no viene de fuera. Crece donde alguien aprende a manejar el tumulto, o donde el tumulto la encarna sin saber que ya es parte, que colabora por acci\u00f3n u omisi\u00f3n. As\u00ed la violencia est\u00e1 siempre <a href=\"https:\/\/rehunosalud.org\/principios-para-quien-busca-una-vida-coherente-ii\/#:~:text=Har%C3%A1s%20desaparecer%20tus%20conflictos%20cuando%20los%20entiendas,no%20desaparece%20precisamente%20cuando%20se%20quiere%20resolver\" target=\"_blank\" rel=\"noopener\">en la ra\u00edz del problema<\/a>. La tensi\u00f3n social se gesta y crece hasta que algunos manejan el tumulto. Es en ese punto cuando el personaje ficticio de Thomas More, \u2014aqu\u00ed abogado, mediador, encarnando la conciencia p\u00fablica\u2014, arriesga su posici\u00f3n para intentar algo extraordinariamente dif\u00edcil: Detener a la multitud. No con fuerza sino con imaginaci\u00f3n moral. Les pide que se vean a s\u00ed mismos en el espejo de sus actos. Que proyecten las consecuencias. Que entiendan que, al legitimar la violencia, est\u00e1n estableciendo una regla que inevitablemente se volver\u00e1 contra ellos.<\/p>\n<p>No es un discurso tranquilizador, sino<strong> aterrador<\/strong>, al plantear una pregunta que no es del siglo XVI, ni al XVII, ni de ning\u00fan pasado remoto: \u2014<strong>\u00bfQu\u00e9 ocurre cuando dejamos de reconocernos unos a otros como humanos?<\/strong> Es tema muy actual.<\/p>\n<p>La obra culmina en una inversi\u00f3n deliberada de perspectiva: lo que se legitima contra el extranjero o, quien sea, no es un acto aislado, sino un precedente y acci\u00f3n que tiene un regreso. Si la violencia deja de ser excepci\u00f3n para convertirse en norma, estructura, eso siempre tiene su vuelta. Porque el destino al que se condena <em>al otro<\/em> es, inevitablemente, el mundo en el que uno mismo terminar\u00e1 viviendo.<\/p>\n<p>Lo que est\u00e1 en juego viene desde lo profundo.<\/p>\n<ul>\n<li>La <strong>regla de oro<\/strong>: \u2014<em><a href=\"https:\/\/www.pressenza.com\/es\/2020\/02\/la-regla-de-oro\/\" target=\"_blank\" rel=\"noopener\">\u201cTrata a los dem\u00e1s como quieres ser tratado\u201d<\/a>.<\/em><\/li>\n<li>La <strong>regla de plata<\/strong>: \u2014<em>\u201cNo hagas a otros lo que no querr\u00edas que te hicieran\u201d<\/em>.<\/li>\n<\/ul>\n<p>Confucio, los profetas, el Cristo el galileo, el estoico, Buda, Kant, [&#8230;], Silo. Lo dijeron todos, cada uno de un modo. Pero el miedo no lee ni escucha. El miedo solo se\u00f1ala. Pese a que sabe que no debes <em>hacer o desear a otro lo que no quieras para ti<\/em>. Saber que esa acci\u00f3n te volver\u00e1 requiere de m\u00e1s consciencia. Acci\u00f3n y reacci\u00f3n. Pero lo obvio no entra, cuando el miedo organiza nuestra mirada. El miedo es mal consejero.<\/p>\n<p>Por eso este texto de cuatrocientos a\u00f1os sigue ardiendo.\u00a0 Estructura o Sistema, por sofisticados que sean sus lazos o su violencia&#8230;\u00a0 Vuelve sobre quien instrumentaliza al otro, o los convierte en algoritmos y vive de ello. Cree tener poder y dominio, pero no escapar\u00e1 al retorno de la acci\u00f3n.\u00a0 Igual que la inacci\u00f3n vuelve sobre los mansos, en forma de profunda desaz\u00f3n. Lo que sale de la violencia vuelve como el aire que se respir\u00f3 envenenado. Entonces, el extranjero solo era el espejismo. \u00a1No mires al otro, m\u00edrate t\u00fa! Solo era la excusa para iluminar la escena y sacar alguna ense\u00f1anza.<\/p>\n<p><em>Este art\u00edculo no acusa, ilumina un escenario para que caigamos en cuenta de las consecuencias de nuestros actos. Si caso, claramente pide que no participes de lo que te deja roto por dentro.<\/em><\/p>\n<hr \/>\n<p><strong>Fuentes<\/strong>:<\/p>\n<ul>\n<li><a href=\"https:\/\/lazebra.net\/2026\/01\/10\/william-shakespeare-el-caso-de-los-extranjeros-poesia\" target=\"_blank\" rel=\"noopener\"><small>William Shakespeare: \u00abEl caso de los extranjeros\u00bb (poes\u00eda &#8211; Shakespeare &#8211; traducci\u00f3n de Jorge \u00c1valos)<\/small><\/a><\/li>\n<li><a href=\"https:\/\/www.youtube.com\/shorts\/uec_u1MnzFI\" target=\"_blank\" rel=\"noopener\"><small>Sir Ian Mckellen interpreta un texto de hace 400 a\u00f1os, Shakespeare<\/small><\/a><small><small><\/small><\/small><\/li>\n<li><small>Es importante tener en cuenta un par de detalles que contextualizan la obra y su dispoibilidad:<\/small>\n<ul>\n<li><small><strong>Atribuci\u00f3n dudosa<\/strong>: <em>Aunque <a href=\"https:\/\/shakespearedocumented.folger.edu\/resource\/document\/shakespeares-handwriting-hand-d-booke-sir-thomas-more?_ga=2.241494282.984160610.1775148083-421079018.1775148083\" target=\"_blank\" rel=\"noopener\">la obra \u00abSir Thomas More\u00bb<\/a> se asocia a <strong>Shakespeare<\/strong>, las investigaciones actuales indican que fue una\u00a0<strong>colaboraci\u00f3n<\/strong>. Se cree que fue escrita principalmente por\u00a0<strong>Anthony Munday<\/strong>\u00a0y posiblemente <strong>Henry Chettle<\/strong>, con contribuciones posteriores de\u00a0<strong>Thomas Dekker<\/strong>\u00a0y, como se cree, de\u00a0<strong>William Shakespeare<\/strong>. De hecho, Shakespeare habr\u00eda intervenido \u00fanicamente en una revisi\u00f3n de\u00a0<strong>tres p\u00e1ginas<\/strong> del manuscrito, conocidas como \u00abHand D\u00bb.<\/em><\/small><\/li>\n<li><small><strong>Ausencia de una versi\u00f3n can\u00f3nica en espa\u00f1ol<\/strong>: <em>No existe una edici\u00f3n can\u00f3nica \u00fanica en espa\u00f1ol de \u00abSir Thomas More\u00bb, que est\u00e9 en dominio p\u00fablico. Las traducciones completas que circulan suelen ser parte de proyectos acad\u00e9micos o personales. Por eso, pare este art\u00edculo, la versi\u00f3n en espa\u00f1ol, citada, de Jorge \u00c1valos, es la referencia ideal, mientras que para el texto original hay <a href=\"https:\/\/myshakespeare.com\/hamlet\/the-strangers-case-speech-sir-thomas-more\" target=\"_blank\" rel=\"noopener\">excelentes fuentes en ingl\u00e9s actual,<\/a>\u00a0interpretadas por varias voces.<\/em><\/small><\/li>\n<\/ul>\n<\/li>\n<\/ul>\n","protected":false},"excerpt":{"rendered":"<p>Ser\u00e1 Teatro, pero hay textos que no envejecen. Se\u00f1alan una grieta constante en la condici\u00f3n humana, que reaparece cuando las sociedades y los tiempos se tensan; cuando el miedo se organiza desde arriba, y la multitud busca alivio en la&hellip;<\/p>\n","protected":false},"author":1941,"featured_media":2689802,"comment_status":"closed","ping_status":"closed","sticky":false,"template":"","format":"standard","meta":{"footnotes":""},"categories":[11389,75,79,1242],"tags":[99548,74279,75295,70241,98465],"class_list":["post-2689731","post","type-post","status-publish","format-standard","has-post-thumbnail","hentry","category-contenido-original","category-cultura-es","category-derechos-humanos","category-noviolencia-tema","tag-noalaguerra","tag-chivo-expiatorio","tag-cuaderno-de-cultura","tag-manipulacion-digital","tag-tensiones-belicas"],"yoast_head":"<!-- This site is optimized with the Yoast SEO plugin v27.1.1 - https:\/\/yoast.com\/product\/yoast-seo-wordpress\/ -->\n<title>Sobre la fabricaci\u00f3n de chivos expiatorios y lo que evitamos mirar o afrontar<\/title>\n<meta name=\"description\" content=\"Ser\u00e1 Teatro, pero hay textos que no envejecen. Se\u00f1alan una grieta constante en la condici\u00f3n humana, que reaparece cuando las sociedades y los tiempos se Hay textos que no envejecen. Como el que aborda el mecanismo del chivo expiatorio, en vez de encarar la violencia. \u00bfQu\u00e9 pasa cuando dejamos de reconocernos como humanos unos a otros?\" \/>\n<meta name=\"robots\" content=\"index, follow, max-snippet:-1, max-image-preview:large, max-video-preview:-1\" \/>\n<link rel=\"canonical\" href=\"https:\/\/www.pressenza.com\/es\/2026\/04\/sobre-la-fabricacion-de-chivos-expiatorios-y-lo-que-evitamos-mirar-o-afrontar\/\" \/>\n<meta property=\"og:locale\" content=\"es_ES\" \/>\n<meta property=\"og:type\" content=\"article\" \/>\n<meta property=\"og:title\" content=\"Sobre la fabricaci\u00f3n de chivos expiatorios y lo que evitamos mirar o afrontar\" \/>\n<meta property=\"og:description\" content=\"Ser\u00e1 Teatro, pero hay textos que no envejecen. Se\u00f1alan una grieta constante en la condici\u00f3n humana, que reaparece cuando las sociedades y los tiempos se Hay textos que no envejecen. Como el que aborda el mecanismo del chivo expiatorio, en vez de encarar la violencia. \u00bfQu\u00e9 pasa cuando dejamos de reconocernos como humanos unos a otros?\" \/>\n<meta property=\"og:url\" content=\"https:\/\/www.pressenza.com\/es\/2026\/04\/sobre-la-fabricacion-de-chivos-expiatorios-y-lo-que-evitamos-mirar-o-afrontar\/\" \/>\n<meta property=\"og:site_name\" content=\"Pressenza\" \/>\n<meta property=\"article:publisher\" content=\"https:\/\/www.facebook.com\/PressenzaItalia\" \/>\n<meta property=\"article:author\" content=\"@angel.sanzmontes\" \/>\n<meta property=\"article:published_time\" content=\"2026-04-02T22:31:41+00:00\" \/>\n<meta property=\"article:modified_time\" content=\"2026-04-03T15:50:40+00:00\" \/>\n<meta property=\"og:image\" content=\"https:\/\/www.pressenza.com\/wp-content\/uploads\/2026\/04\/Sobre-los-chivos-expiatorios-injusticias-sufridas-a-las-que-no-reaccionamos_DEF1.jpg\" \/>\n\t<meta property=\"og:image:width\" content=\"1536\" \/>\n\t<meta property=\"og:image:height\" content=\"1024\" \/>\n\t<meta property=\"og:image:type\" content=\"image\/jpeg\" \/>\n<meta name=\"author\" content=\"\u00c1ngel Sanz Montes\" \/>\n<meta name=\"twitter:card\" content=\"summary_large_image\" \/>\n<meta name=\"twitter:creator\" content=\"@PressenzaIPA\" \/>\n<meta name=\"twitter:site\" content=\"@PressenzaIPA\" \/>\n<meta name=\"twitter:label1\" content=\"Escrito por\" \/>\n\t<meta name=\"twitter:data1\" content=\"\u00c1ngel Sanz Montes\" \/>\n\t<meta name=\"twitter:label2\" content=\"Tiempo de lectura\" \/>\n\t<meta name=\"twitter:data2\" content=\"7 minutos\" \/>\n<script type=\"application\/ld+json\" class=\"yoast-schema-graph\">{\"@context\":\"https:\/\/schema.org\",\"@graph\":[{\"@type\":\"Article\",\"@id\":\"https:\/\/www.pressenza.com\/es\/2026\/04\/sobre-la-fabricacion-de-chivos-expiatorios-y-lo-que-evitamos-mirar-o-afrontar\/#article\",\"isPartOf\":{\"@id\":\"https:\/\/www.pressenza.com\/es\/2026\/04\/sobre-la-fabricacion-de-chivos-expiatorios-y-lo-que-evitamos-mirar-o-afrontar\/\"},\"author\":{\"name\":\"\u00c1ngel Sanz Montes\",\"@id\":\"https:\/\/www.pressenza.com\/es\/#\/schema\/person\/e3b6e74a6334202f64f147a1622ca383\"},\"headline\":\"Sobre la fabricaci\u00f3n de chivos expiatorios y lo que evitamos mirar o afrontar\",\"datePublished\":\"2026-04-02T22:31:41+00:00\",\"dateModified\":\"2026-04-03T15:50:40+00:00\",\"mainEntityOfPage\":{\"@id\":\"https:\/\/www.pressenza.com\/es\/2026\/04\/sobre-la-fabricacion-de-chivos-expiatorios-y-lo-que-evitamos-mirar-o-afrontar\/\"},\"wordCount\":1622,\"publisher\":{\"@id\":\"https:\/\/www.pressenza.com\/es\/#organization\"},\"image\":{\"@id\":\"https:\/\/www.pressenza.com\/es\/2026\/04\/sobre-la-fabricacion-de-chivos-expiatorios-y-lo-que-evitamos-mirar-o-afrontar\/#primaryimage\"},\"thumbnailUrl\":\"https:\/\/www.pressenza.com\/wp-content\/uploads\/2026\/04\/Sobre-los-chivos-expiatorios-injusticias-sufridas-a-las-que-no-reaccionamos_DEF1.jpg\",\"keywords\":[\"#NoAlaGuerra\",\"chivo expiatorio\",\"cuaderno de cultura\",\"manipulaci\u00f3n digital\",\"tensiones b\u00e9licas\"],\"articleSection\":[\"Contenido Original\",\"Cultura y Medios\",\"Derechos Humanos\",\"Noviolencia\"],\"inLanguage\":\"es\"},{\"@type\":\"WebPage\",\"@id\":\"https:\/\/www.pressenza.com\/es\/2026\/04\/sobre-la-fabricacion-de-chivos-expiatorios-y-lo-que-evitamos-mirar-o-afrontar\/\",\"url\":\"https:\/\/www.pressenza.com\/es\/2026\/04\/sobre-la-fabricacion-de-chivos-expiatorios-y-lo-que-evitamos-mirar-o-afrontar\/\",\"name\":\"Sobre la fabricaci\u00f3n de chivos expiatorios y lo que evitamos mirar o afrontar\",\"isPartOf\":{\"@id\":\"https:\/\/www.pressenza.com\/es\/#website\"},\"primaryImageOfPage\":{\"@id\":\"https:\/\/www.pressenza.com\/es\/2026\/04\/sobre-la-fabricacion-de-chivos-expiatorios-y-lo-que-evitamos-mirar-o-afrontar\/#primaryimage\"},\"image\":{\"@id\":\"https:\/\/www.pressenza.com\/es\/2026\/04\/sobre-la-fabricacion-de-chivos-expiatorios-y-lo-que-evitamos-mirar-o-afrontar\/#primaryimage\"},\"thumbnailUrl\":\"https:\/\/www.pressenza.com\/wp-content\/uploads\/2026\/04\/Sobre-los-chivos-expiatorios-injusticias-sufridas-a-las-que-no-reaccionamos_DEF1.jpg\",\"datePublished\":\"2026-04-02T22:31:41+00:00\",\"dateModified\":\"2026-04-03T15:50:40+00:00\",\"description\":\"Ser\u00e1 Teatro, pero hay textos que no envejecen. Se\u00f1alan una grieta constante en la condici\u00f3n humana, que reaparece cuando las sociedades y los tiempos se Hay textos que no envejecen. Como el que aborda el mecanismo del chivo expiatorio, en vez de encarar la violencia. \u00bfQu\u00e9 pasa cuando dejamos de reconocernos como humanos unos a otros?\",\"breadcrumb\":{\"@id\":\"https:\/\/www.pressenza.com\/es\/2026\/04\/sobre-la-fabricacion-de-chivos-expiatorios-y-lo-que-evitamos-mirar-o-afrontar\/#breadcrumb\"},\"inLanguage\":\"es\",\"potentialAction\":[{\"@type\":\"ReadAction\",\"target\":[\"https:\/\/www.pressenza.com\/es\/2026\/04\/sobre-la-fabricacion-de-chivos-expiatorios-y-lo-que-evitamos-mirar-o-afrontar\/\"]}]},{\"@type\":\"ImageObject\",\"inLanguage\":\"es\",\"@id\":\"https:\/\/www.pressenza.com\/es\/2026\/04\/sobre-la-fabricacion-de-chivos-expiatorios-y-lo-que-evitamos-mirar-o-afrontar\/#primaryimage\",\"url\":\"https:\/\/www.pressenza.com\/wp-content\/uploads\/2026\/04\/Sobre-los-chivos-expiatorios-injusticias-sufridas-a-las-que-no-reaccionamos_DEF1.jpg\",\"contentUrl\":\"https:\/\/www.pressenza.com\/wp-content\/uploads\/2026\/04\/Sobre-los-chivos-expiatorios-injusticias-sufridas-a-las-que-no-reaccionamos_DEF1.jpg\",\"width\":1536,\"height\":1024},{\"@type\":\"BreadcrumbList\",\"@id\":\"https:\/\/www.pressenza.com\/es\/2026\/04\/sobre-la-fabricacion-de-chivos-expiatorios-y-lo-que-evitamos-mirar-o-afrontar\/#breadcrumb\",\"itemListElement\":[{\"@type\":\"ListItem\",\"position\":1,\"name\":\"Accueil\",\"item\":\"https:\/\/www.pressenza.com\/es\/\"},{\"@type\":\"ListItem\",\"position\":2,\"name\":\"Sobre la fabricaci\u00f3n de chivos expiatorios y lo que evitamos mirar o afrontar\"}]},{\"@type\":\"WebSite\",\"@id\":\"https:\/\/www.pressenza.com\/es\/#website\",\"url\":\"https:\/\/www.pressenza.com\/es\/\",\"name\":\"Pressenza\",\"description\":\"International Press Agency\",\"publisher\":{\"@id\":\"https:\/\/www.pressenza.com\/es\/#organization\"},\"potentialAction\":[{\"@type\":\"SearchAction\",\"target\":{\"@type\":\"EntryPoint\",\"urlTemplate\":\"https:\/\/www.pressenza.com\/es\/?s={search_term_string}\"},\"query-input\":{\"@type\":\"PropertyValueSpecification\",\"valueRequired\":true,\"valueName\":\"search_term_string\"}}],\"inLanguage\":\"es\"},{\"@type\":\"Organization\",\"@id\":\"https:\/\/www.pressenza.com\/es\/#organization\",\"name\":\"Pressenza\",\"url\":\"https:\/\/www.pressenza.com\/es\/\",\"logo\":{\"@type\":\"ImageObject\",\"inLanguage\":\"es\",\"@id\":\"https:\/\/www.pressenza.com\/es\/#\/schema\/logo\/image\/\",\"url\":\"https:\/\/www.pressenza.com\/wp-content\/uploads\/2022\/10\/pressenza_logo_200x200.jpg\",\"contentUrl\":\"https:\/\/www.pressenza.com\/wp-content\/uploads\/2022\/10\/pressenza_logo_200x200.jpg\",\"width\":200,\"height\":200,\"caption\":\"Pressenza\"},\"image\":{\"@id\":\"https:\/\/www.pressenza.com\/es\/#\/schema\/logo\/image\/\"},\"sameAs\":[\"https:\/\/www.facebook.com\/PressenzaItalia\",\"https:\/\/x.com\/PressenzaIPA\"]},{\"@type\":\"Person\",\"@id\":\"https:\/\/www.pressenza.com\/es\/#\/schema\/person\/e3b6e74a6334202f64f147a1622ca383\",\"name\":\"\u00c1ngel Sanz Montes\",\"description\":\"Inform\u00e1tico. Gestor de proyectos. Lector, paseante, escritor a ratos y fot\u00f3grafo ocasional. Residente en Ferrol (Espa\u00f1a).\",\"sameAs\":[\"@angel.sanzmontes\"],\"url\":\"https:\/\/www.pressenza.com\/es\/author\/angel-sanz\/\"}]}<\/script>\n<!-- \/ Yoast SEO plugin. -->","yoast_head_json":{"title":"Sobre la fabricaci\u00f3n de chivos expiatorios y lo que evitamos mirar o afrontar","description":"Ser\u00e1 Teatro, pero hay textos que no envejecen. Se\u00f1alan una grieta constante en la condici\u00f3n humana, que reaparece cuando las sociedades y los tiempos se Hay textos que no envejecen. Como el que aborda el mecanismo del chivo expiatorio, en vez de encarar la violencia. \u00bfQu\u00e9 pasa cuando dejamos de reconocernos como humanos unos a otros?","robots":{"index":"index","follow":"follow","max-snippet":"max-snippet:-1","max-image-preview":"max-image-preview:large","max-video-preview":"max-video-preview:-1"},"canonical":"https:\/\/www.pressenza.com\/es\/2026\/04\/sobre-la-fabricacion-de-chivos-expiatorios-y-lo-que-evitamos-mirar-o-afrontar\/","og_locale":"es_ES","og_type":"article","og_title":"Sobre la fabricaci\u00f3n de chivos expiatorios y lo que evitamos mirar o afrontar","og_description":"Ser\u00e1 Teatro, pero hay textos que no envejecen. Se\u00f1alan una grieta constante en la condici\u00f3n humana, que reaparece cuando las sociedades y los tiempos se Hay textos que no envejecen. Como el que aborda el mecanismo del chivo expiatorio, en vez de encarar la violencia. \u00bfQu\u00e9 pasa cuando dejamos de reconocernos como humanos unos a otros?","og_url":"https:\/\/www.pressenza.com\/es\/2026\/04\/sobre-la-fabricacion-de-chivos-expiatorios-y-lo-que-evitamos-mirar-o-afrontar\/","og_site_name":"Pressenza","article_publisher":"https:\/\/www.facebook.com\/PressenzaItalia","article_author":"@angel.sanzmontes","article_published_time":"2026-04-02T22:31:41+00:00","article_modified_time":"2026-04-03T15:50:40+00:00","og_image":[{"width":1536,"height":1024,"url":"https:\/\/www.pressenza.com\/wp-content\/uploads\/2026\/04\/Sobre-los-chivos-expiatorios-injusticias-sufridas-a-las-que-no-reaccionamos_DEF1.jpg","type":"image\/jpeg"}],"author":"\u00c1ngel Sanz Montes","twitter_card":"summary_large_image","twitter_creator":"@PressenzaIPA","twitter_site":"@PressenzaIPA","twitter_misc":{"Escrito por":"\u00c1ngel Sanz Montes","Tiempo de lectura":"7 minutos"},"schema":{"@context":"https:\/\/schema.org","@graph":[{"@type":"Article","@id":"https:\/\/www.pressenza.com\/es\/2026\/04\/sobre-la-fabricacion-de-chivos-expiatorios-y-lo-que-evitamos-mirar-o-afrontar\/#article","isPartOf":{"@id":"https:\/\/www.pressenza.com\/es\/2026\/04\/sobre-la-fabricacion-de-chivos-expiatorios-y-lo-que-evitamos-mirar-o-afrontar\/"},"author":{"name":"\u00c1ngel Sanz Montes","@id":"https:\/\/www.pressenza.com\/es\/#\/schema\/person\/e3b6e74a6334202f64f147a1622ca383"},"headline":"Sobre la fabricaci\u00f3n de chivos expiatorios y lo que evitamos mirar o afrontar","datePublished":"2026-04-02T22:31:41+00:00","dateModified":"2026-04-03T15:50:40+00:00","mainEntityOfPage":{"@id":"https:\/\/www.pressenza.com\/es\/2026\/04\/sobre-la-fabricacion-de-chivos-expiatorios-y-lo-que-evitamos-mirar-o-afrontar\/"},"wordCount":1622,"publisher":{"@id":"https:\/\/www.pressenza.com\/es\/#organization"},"image":{"@id":"https:\/\/www.pressenza.com\/es\/2026\/04\/sobre-la-fabricacion-de-chivos-expiatorios-y-lo-que-evitamos-mirar-o-afrontar\/#primaryimage"},"thumbnailUrl":"https:\/\/www.pressenza.com\/wp-content\/uploads\/2026\/04\/Sobre-los-chivos-expiatorios-injusticias-sufridas-a-las-que-no-reaccionamos_DEF1.jpg","keywords":["#NoAlaGuerra","chivo expiatorio","cuaderno de cultura","manipulaci\u00f3n digital","tensiones b\u00e9licas"],"articleSection":["Contenido Original","Cultura y Medios","Derechos Humanos","Noviolencia"],"inLanguage":"es"},{"@type":"WebPage","@id":"https:\/\/www.pressenza.com\/es\/2026\/04\/sobre-la-fabricacion-de-chivos-expiatorios-y-lo-que-evitamos-mirar-o-afrontar\/","url":"https:\/\/www.pressenza.com\/es\/2026\/04\/sobre-la-fabricacion-de-chivos-expiatorios-y-lo-que-evitamos-mirar-o-afrontar\/","name":"Sobre la fabricaci\u00f3n de chivos expiatorios y lo que evitamos mirar o afrontar","isPartOf":{"@id":"https:\/\/www.pressenza.com\/es\/#website"},"primaryImageOfPage":{"@id":"https:\/\/www.pressenza.com\/es\/2026\/04\/sobre-la-fabricacion-de-chivos-expiatorios-y-lo-que-evitamos-mirar-o-afrontar\/#primaryimage"},"image":{"@id":"https:\/\/www.pressenza.com\/es\/2026\/04\/sobre-la-fabricacion-de-chivos-expiatorios-y-lo-que-evitamos-mirar-o-afrontar\/#primaryimage"},"thumbnailUrl":"https:\/\/www.pressenza.com\/wp-content\/uploads\/2026\/04\/Sobre-los-chivos-expiatorios-injusticias-sufridas-a-las-que-no-reaccionamos_DEF1.jpg","datePublished":"2026-04-02T22:31:41+00:00","dateModified":"2026-04-03T15:50:40+00:00","description":"Ser\u00e1 Teatro, pero hay textos que no envejecen. Se\u00f1alan una grieta constante en la condici\u00f3n humana, que reaparece cuando las sociedades y los tiempos se Hay textos que no envejecen. Como el que aborda el mecanismo del chivo expiatorio, en vez de encarar la violencia. \u00bfQu\u00e9 pasa cuando dejamos de reconocernos como humanos unos a otros?","breadcrumb":{"@id":"https:\/\/www.pressenza.com\/es\/2026\/04\/sobre-la-fabricacion-de-chivos-expiatorios-y-lo-que-evitamos-mirar-o-afrontar\/#breadcrumb"},"inLanguage":"es","potentialAction":[{"@type":"ReadAction","target":["https:\/\/www.pressenza.com\/es\/2026\/04\/sobre-la-fabricacion-de-chivos-expiatorios-y-lo-que-evitamos-mirar-o-afrontar\/"]}]},{"@type":"ImageObject","inLanguage":"es","@id":"https:\/\/www.pressenza.com\/es\/2026\/04\/sobre-la-fabricacion-de-chivos-expiatorios-y-lo-que-evitamos-mirar-o-afrontar\/#primaryimage","url":"https:\/\/www.pressenza.com\/wp-content\/uploads\/2026\/04\/Sobre-los-chivos-expiatorios-injusticias-sufridas-a-las-que-no-reaccionamos_DEF1.jpg","contentUrl":"https:\/\/www.pressenza.com\/wp-content\/uploads\/2026\/04\/Sobre-los-chivos-expiatorios-injusticias-sufridas-a-las-que-no-reaccionamos_DEF1.jpg","width":1536,"height":1024},{"@type":"BreadcrumbList","@id":"https:\/\/www.pressenza.com\/es\/2026\/04\/sobre-la-fabricacion-de-chivos-expiatorios-y-lo-que-evitamos-mirar-o-afrontar\/#breadcrumb","itemListElement":[{"@type":"ListItem","position":1,"name":"Accueil","item":"https:\/\/www.pressenza.com\/es\/"},{"@type":"ListItem","position":2,"name":"Sobre la fabricaci\u00f3n de chivos expiatorios y lo que evitamos mirar o afrontar"}]},{"@type":"WebSite","@id":"https:\/\/www.pressenza.com\/es\/#website","url":"https:\/\/www.pressenza.com\/es\/","name":"Pressenza","description":"International Press Agency","publisher":{"@id":"https:\/\/www.pressenza.com\/es\/#organization"},"potentialAction":[{"@type":"SearchAction","target":{"@type":"EntryPoint","urlTemplate":"https:\/\/www.pressenza.com\/es\/?s={search_term_string}"},"query-input":{"@type":"PropertyValueSpecification","valueRequired":true,"valueName":"search_term_string"}}],"inLanguage":"es"},{"@type":"Organization","@id":"https:\/\/www.pressenza.com\/es\/#organization","name":"Pressenza","url":"https:\/\/www.pressenza.com\/es\/","logo":{"@type":"ImageObject","inLanguage":"es","@id":"https:\/\/www.pressenza.com\/es\/#\/schema\/logo\/image\/","url":"https:\/\/www.pressenza.com\/wp-content\/uploads\/2022\/10\/pressenza_logo_200x200.jpg","contentUrl":"https:\/\/www.pressenza.com\/wp-content\/uploads\/2022\/10\/pressenza_logo_200x200.jpg","width":200,"height":200,"caption":"Pressenza"},"image":{"@id":"https:\/\/www.pressenza.com\/es\/#\/schema\/logo\/image\/"},"sameAs":["https:\/\/www.facebook.com\/PressenzaItalia","https:\/\/x.com\/PressenzaIPA"]},{"@type":"Person","@id":"https:\/\/www.pressenza.com\/es\/#\/schema\/person\/e3b6e74a6334202f64f147a1622ca383","name":"\u00c1ngel Sanz Montes","description":"Inform\u00e1tico. Gestor de proyectos. Lector, paseante, escritor a ratos y fot\u00f3grafo ocasional. Residente en Ferrol (Espa\u00f1a).","sameAs":["@angel.sanzmontes"],"url":"https:\/\/www.pressenza.com\/es\/author\/angel-sanz\/"}]}},"place":"","original_article_url":"","_links":{"self":[{"href":"https:\/\/www.pressenza.com\/es\/wp-json\/wp\/v2\/posts\/2689731","targetHints":{"allow":["GET"]}}],"collection":[{"href":"https:\/\/www.pressenza.com\/es\/wp-json\/wp\/v2\/posts"}],"about":[{"href":"https:\/\/www.pressenza.com\/es\/wp-json\/wp\/v2\/types\/post"}],"author":[{"embeddable":true,"href":"https:\/\/www.pressenza.com\/es\/wp-json\/wp\/v2\/users\/1941"}],"replies":[{"embeddable":true,"href":"https:\/\/www.pressenza.com\/es\/wp-json\/wp\/v2\/comments?post=2689731"}],"version-history":[{"count":26,"href":"https:\/\/www.pressenza.com\/es\/wp-json\/wp\/v2\/posts\/2689731\/revisions"}],"predecessor-version":[{"id":2689948,"href":"https:\/\/www.pressenza.com\/es\/wp-json\/wp\/v2\/posts\/2689731\/revisions\/2689948"}],"wp:featuredmedia":[{"embeddable":true,"href":"https:\/\/www.pressenza.com\/es\/wp-json\/wp\/v2\/media\/2689802"}],"wp:attachment":[{"href":"https:\/\/www.pressenza.com\/es\/wp-json\/wp\/v2\/media?parent=2689731"}],"wp:term":[{"taxonomy":"category","embeddable":true,"href":"https:\/\/www.pressenza.com\/es\/wp-json\/wp\/v2\/categories?post=2689731"},{"taxonomy":"post_tag","embeddable":true,"href":"https:\/\/www.pressenza.com\/es\/wp-json\/wp\/v2\/tags?post=2689731"}],"curies":[{"name":"wp","href":"https:\/\/api.w.org\/{rel}","templated":true}]}}