{"id":2689484,"date":"2026-04-02T00:05:39","date_gmt":"2026-04-01T23:05:39","guid":{"rendered":"https:\/\/www.pressenza.com\/?p=2689484"},"modified":"2026-04-02T00:05:39","modified_gmt":"2026-04-01T23:05:39","slug":"el-origen-silencioso-de-la-violencia-en-ninos-y-ninas-una-pregunta-urgente","status":"publish","type":"post","link":"https:\/\/www.pressenza.com\/es\/2026\/04\/el-origen-silencioso-de-la-violencia-en-ninos-y-ninas-una-pregunta-urgente\/","title":{"rendered":"El origen silencioso de la violencia en ni\u00f1os y ni\u00f1as: una pregunta urgente"},"content":{"rendered":"<p>Por Paulina Hunt Precht<\/p>\n<p>Estas reflexiones surgen a partir de los acontecimientos mundiales y locales que hoy evidencian un preocupante recrudecimiento de la violencia, particularmente en ni\u00f1os y ni\u00f1as, interpelando la forma en que comprendemos su origen y desafi\u00e1ndonos a hacernos preguntas profundas, as\u00ed como a generar respuestas y acciones que no contin\u00faen reproduci\u00e9ndola.<\/p>\n<p>Que el planeta, hoy ensordecido por gritos de horror y guerra, no termine por clausurar el destino humano. M\u00e1s bien, se vuelve urgente abrir el futuro y resguardarlo, especialmente cuando se piensa en los ni\u00f1os y ni\u00f1as, quienes no solo habitan el presente, sino que encarnan toda posibilidad de lo que vendr\u00e1. Cuidar el futuro implica, necesariamente, preguntarse por las condiciones emocionales, sociales y culturales en las que ni\u00f1os y ni\u00f1as est\u00e1n creciendo.<\/p>\n<p>La violencia no es \u00fanicamente un fen\u00f3meno externo ni un hecho aislado que ocurre en determinados contextos. Es, ante todo, una experiencia que habita en el interior del ser humano y que luego se expresa en actos concretos. Aquello que se vive internamente encuentra resonancia en el mundo exterior: im\u00e1genes, discursos y acontecimientos pueden amplificar o activar lo que ya existe dentro. Por eso, cuando en el interior hay paz, comprensi\u00f3n o equilibrio, disminuye significativamente la posibilidad de que est\u00edmulos externos se traduzcan en actos de violencia hacia otros.<\/p>\n<p>En este sentido, surge una pregunta fundamental: \u00bfpor qu\u00e9 existe violencia en el interior del ser humano? Y m\u00e1s a\u00fan, \u00bfpor qu\u00e9 esta comienza a manifestarse desde tan temprano en ni\u00f1os y ni\u00f1as? Plantear esta pregunta no es un ejercicio te\u00f3rico, sino una necesidad urgente si se busca transformar el rumbo de las relaciones humanas.<\/p>\n<p>Durante mucho tiempo ha predominado la creencia de que la violencia es inherente al ser humano, como si formara parte inevitable de su naturaleza. Esta idea ha contribuido, en parte, a normalizarla o a percibirla como un fen\u00f3meno imposible de erradicar. Sin embargo, esta concepci\u00f3n comienza a cuestionarse con mayor fuerza cuando la Organizaci\u00f3n Mundial de la Salud, en su informe del a\u00f1o 2002, plantea que la violencia no es inherente al ser humano, sino que es prevenible. Este planteamiento marca un cambio significativo: si la violencia no es una condici\u00f3n natural inmutable, entonces puede ser comprendida, abordada y transformada. Se abre as\u00ed un horizonte de responsabilidad y tambi\u00e9n de posibilidad, especialmente relevante cuando se piensa en la formaci\u00f3n y el cuidado de ni\u00f1os y ni\u00f1as.<\/p>\n<p>Responder qu\u00e9 genera la violencia implica adentrarse en una complejidad profunda. Sin embargo, hay un primer paso necesario: descartar explicaciones simplistas que, aunque ampliamente difundidas, no abordan el problema de fondo. La violencia no se origina en las pel\u00edculas violentas ni en las caricaturas animadas. Atribuir a estos elementos la causa principal es, en muchos casos, una forma de evitar mirar las ra\u00edces m\u00e1s inc\u00f3modas y estructurales del fen\u00f3meno.<\/p>\n<p>Al observar la experiencia humana, se puede reconocer que gran parte de la violencia interna est\u00e1 vinculada a distintas formas de violencia ejercidas desde el entorno. Estas pueden adoptar m\u00faltiples expresiones: violencia religiosa, cuando una persona es desvalorizada o condenada por sus creencias; violencia social, cuando las diferencias en el estilo de vida se convierten en motivo de exclusi\u00f3n o burla; violencia simb\u00f3lica, cuando la apariencia define el valor de una opini\u00f3n; violencia econ\u00f3mica, cuando las condiciones materiales obligan a vivir bajo presi\u00f3n constante; y violencia psicol\u00f3gica, cuando no se validan las emociones, ideas o decisiones personales.<\/p>\n<p>Estas experiencias no solo afectan a las personas adultas. Los ni\u00f1os y ni\u00f1as est\u00e1n expuestos, directa o indirectamente, a estas mismas formas de violencia, muchas veces sin contar con herramientas para comprenderlas o elaborarlas. As\u00ed, van internalizando tensiones, frustraciones y heridas que pueden, con el tiempo, transformarse en nuevas expresiones de violencia.<\/p>\n<p>Lo anterior permite comprender la violencia como una cadena: aquello que se recibe tiende a reproducirse. La violencia experimentada, si no es reconocida ni transformada, puede proyectarse hacia otros, perpetuando un ciclo dif\u00edcil de interrumpir. De all\u00ed surge una de las preguntas m\u00e1s relevantes: \u00bfc\u00f3mo se rompe esta cadena, especialmente pensando en los ni\u00f1os y ni\u00f1as?<\/p>\n<p>Al profundizar en el origen de la violencia interna, aparece la frustraci\u00f3n como un elemento central, especialmente vinculada a la experiencia de deseos no alcanzados y a la progresiva p\u00e9rdida de sentido. Las expectativas no cumplidas y la presi\u00f3n por ajustarse a modelos idealizados van generando una distancia entre lo que se anhela y lo que efectivamente se vive, instalando una sensaci\u00f3n persistente de insatisfacci\u00f3n. En ese proceso, la persona puede comenzar a percibirse como insuficiente, dando paso a una \u00edntima sensaci\u00f3n de no val\u00eda. Cuando a ello se suma la falta de sentido y la p\u00e9rdida de la esperanza, se configura un vac\u00edo interno que puede derivar en violencia, tanto hacia uno mismo como hacia los dem\u00e1s. En ni\u00f1os y ni\u00f1as, estas vivencias pueden surgir tempranamente, al enfrentarse a exigencias que no siempre corresponden a sus procesos o realidades, debilitando progresivamente su v\u00ednculo consigo mismos, con los otros y con el futuro.<\/p>\n<p>Esta violencia no solo se dirige hacia el exterior, sino que tambi\u00e9n instala un conflicto interno. Se configura una especie de \u201cguerra\u201d silenciosa: contra otros, contra modelos impuestos y, de manera especialmente dolorosa, contra uno mismo. En cualquier caso, la violencia produce sufrimiento, tanto cuando se recibe como cuando se ejerce.<\/p>\n<p>Desde ese lugar de tensi\u00f3n, muchas respuestas adoptan formas como la revancha, la venganza o el desquite, perpetuando la misma l\u00f3gica que se intenta superar. Por otro lado, las respuestas pasivas \u2014aquellas que implican negar, evitar o silenciar los propios sentimientos\u2014 tampoco ofrecen una salida real, ya que solo postergan el conflicto sin transformarlo.<\/p>\n<p>Comprender la ra\u00edz de la violencia y elaborar una respuesta no violenta es, por tanto, un desaf\u00edo complejo. Implica construir una forma de respuesta verdaderamente nueva, que no alimente la cadena existente, sino que redirija la energ\u00eda hacia otras posibilidades.<\/p>\n<p>En esa b\u00fasqueda aparece una tensi\u00f3n inevitable: la intuici\u00f3n de que ese camino es necesario, junto con la duda sobre su viabilidad. \u00bfEs realmente posible una respuesta distinta? \u00bfNo resulta, acaso, una aspiraci\u00f3n demasiado idealista?<\/p>\n<p>Esa tensi\u00f3n revela la importancia de una dimensi\u00f3n fundamental: la fe interna, entendida no necesariamente en un sentido religioso, sino como la capacidad de sostener la posibilidad de un cambio. Sin esa fe, se vuelve dif\u00edcil imaginar, y a\u00fan m\u00e1s sostener, caminos diferentes.<\/p>\n<p>Por ello, uno de los desaf\u00edos centrales consiste en fortalecer esa fe interna, tanto en las personas adultas como en los ni\u00f1os y ni\u00f1as. Solo desde ah\u00ed parece posible comenzar a desarticular la cadena de la violencia y abrir caminos que permitan una convivencia m\u00e1s consciente, m\u00e1s justa y m\u00e1s humana.<\/p>\n<p>&nbsp;<\/p>\n","protected":false},"excerpt":{"rendered":"<p>Por Paulina Hunt Precht Estas reflexiones surgen a partir de los acontecimientos mundiales y locales que hoy evidencian un preocupante recrudecimiento de la violencia, particularmente en ni\u00f1os y ni\u00f1as, interpelando la forma en que comprendemos su origen y desafi\u00e1ndonos a&hellip;<\/p>\n","protected":false},"author":43,"featured_media":2689490,"comment_status":"closed","ping_status":"closed","sticky":false,"template":"","format":"standard","meta":{"footnotes":""},"categories":[11389,46976,1242,161,67],"tags":[38064,623],"class_list":["post-2689484","post","type-post","status-publish","format-standard","has-post-thumbnail","hentry","category-contenido-original","category-jovenes","category-noviolencia-tema","category-opiniones","category-sudamerica","tag-ninos-y-ninas","tag-violencia"],"yoast_head":"<!-- This site is optimized with the Yoast SEO plugin v27.1.1 - https:\/\/yoast.com\/product\/yoast-seo-wordpress\/ -->\n<title>El origen silencioso de la violencia en ni\u00f1os y ni\u00f1as: una pregunta urgente<\/title>\n<meta name=\"description\" content=\"Por Paulina Hunt Precht Estas reflexiones surgen a partir de los acontecimientos mundiales y locales que hoy evidencian un preocupante recrudecimiento de\" \/>\n<meta name=\"robots\" content=\"index, follow, max-snippet:-1, max-image-preview:large, max-video-preview:-1\" \/>\n<link rel=\"canonical\" href=\"https:\/\/www.pressenza.com\/es\/2026\/04\/el-origen-silencioso-de-la-violencia-en-ninos-y-ninas-una-pregunta-urgente\/\" \/>\n<meta property=\"og:locale\" content=\"es_ES\" \/>\n<meta property=\"og:type\" content=\"article\" \/>\n<meta property=\"og:title\" content=\"El origen silencioso de la violencia en ni\u00f1os y ni\u00f1as: una pregunta urgente\" \/>\n<meta property=\"og:description\" content=\"Por Paulina Hunt Precht Estas reflexiones surgen a partir de los acontecimientos mundiales y locales que hoy evidencian un preocupante recrudecimiento de\" \/>\n<meta property=\"og:url\" content=\"https:\/\/www.pressenza.com\/es\/2026\/04\/el-origen-silencioso-de-la-violencia-en-ninos-y-ninas-una-pregunta-urgente\/\" \/>\n<meta property=\"og:site_name\" content=\"Pressenza\" \/>\n<meta property=\"article:publisher\" content=\"https:\/\/www.facebook.com\/PressenzaItalia\" \/>\n<meta property=\"article:author\" content=\"https:\/\/www.facebook.com\/pressenza\" \/>\n<meta property=\"article:published_time\" content=\"2026-04-01T23:05:39+00:00\" \/>\n<meta property=\"og:image\" content=\"https:\/\/www.pressenza.com\/wp-content\/uploads\/2026\/04\/Sergio-Cardenas-nino.jpg\" \/>\n\t<meta property=\"og:image:width\" content=\"1440\" \/>\n\t<meta property=\"og:image:height\" content=\"1440\" \/>\n\t<meta property=\"og:image:type\" content=\"image\/jpeg\" \/>\n<meta name=\"author\" content=\"Redacci\u00f3n Chile\" \/>\n<meta name=\"twitter:card\" content=\"summary_large_image\" \/>\n<meta name=\"twitter:creator\" content=\"@pressenza\" \/>\n<meta name=\"twitter:site\" content=\"@PressenzaIPA\" \/>\n<meta name=\"twitter:label1\" content=\"Escrito por\" \/>\n\t<meta name=\"twitter:data1\" content=\"Redacci\u00f3n Chile\" \/>\n\t<meta name=\"twitter:label2\" content=\"Tiempo de lectura\" \/>\n\t<meta name=\"twitter:data2\" content=\"6 minutos\" \/>\n<script type=\"application\/ld+json\" class=\"yoast-schema-graph\">{\"@context\":\"https:\/\/schema.org\",\"@graph\":[{\"@type\":\"Article\",\"@id\":\"https:\/\/www.pressenza.com\/es\/2026\/04\/el-origen-silencioso-de-la-violencia-en-ninos-y-ninas-una-pregunta-urgente\/#article\",\"isPartOf\":{\"@id\":\"https:\/\/www.pressenza.com\/es\/2026\/04\/el-origen-silencioso-de-la-violencia-en-ninos-y-ninas-una-pregunta-urgente\/\"},\"author\":{\"name\":\"Redacci\u00f3n Chile\",\"@id\":\"https:\/\/www.pressenza.com\/es\/#\/schema\/person\/d7db40df35d6698ba69ba9ee260944ed\"},\"headline\":\"El origen silencioso de la violencia en ni\u00f1os y ni\u00f1as: una pregunta urgente\",\"datePublished\":\"2026-04-01T23:05:39+00:00\",\"mainEntityOfPage\":{\"@id\":\"https:\/\/www.pressenza.com\/es\/2026\/04\/el-origen-silencioso-de-la-violencia-en-ninos-y-ninas-una-pregunta-urgente\/\"},\"wordCount\":1196,\"publisher\":{\"@id\":\"https:\/\/www.pressenza.com\/es\/#organization\"},\"image\":{\"@id\":\"https:\/\/www.pressenza.com\/es\/2026\/04\/el-origen-silencioso-de-la-violencia-en-ninos-y-ninas-una-pregunta-urgente\/#primaryimage\"},\"thumbnailUrl\":\"https:\/\/www.pressenza.com\/wp-content\/uploads\/2026\/04\/Sergio-Cardenas-nino.jpg\",\"keywords\":[\"ni\u00f1os y ni\u00f1as\",\"Violencia\"],\"articleSection\":[\"Contenido Original\",\"J\u00f3venes\",\"Noviolencia\",\"Opiniones\",\"Sudam\u00e9rica\"],\"inLanguage\":\"es\"},{\"@type\":\"WebPage\",\"@id\":\"https:\/\/www.pressenza.com\/es\/2026\/04\/el-origen-silencioso-de-la-violencia-en-ninos-y-ninas-una-pregunta-urgente\/\",\"url\":\"https:\/\/www.pressenza.com\/es\/2026\/04\/el-origen-silencioso-de-la-violencia-en-ninos-y-ninas-una-pregunta-urgente\/\",\"name\":\"El origen silencioso de la violencia en ni\u00f1os y ni\u00f1as: una pregunta urgente\",\"isPartOf\":{\"@id\":\"https:\/\/www.pressenza.com\/es\/#website\"},\"primaryImageOfPage\":{\"@id\":\"https:\/\/www.pressenza.com\/es\/2026\/04\/el-origen-silencioso-de-la-violencia-en-ninos-y-ninas-una-pregunta-urgente\/#primaryimage\"},\"image\":{\"@id\":\"https:\/\/www.pressenza.com\/es\/2026\/04\/el-origen-silencioso-de-la-violencia-en-ninos-y-ninas-una-pregunta-urgente\/#primaryimage\"},\"thumbnailUrl\":\"https:\/\/www.pressenza.com\/wp-content\/uploads\/2026\/04\/Sergio-Cardenas-nino.jpg\",\"datePublished\":\"2026-04-01T23:05:39+00:00\",\"description\":\"Por Paulina Hunt Precht Estas reflexiones surgen a partir de los acontecimientos mundiales y locales que hoy evidencian un preocupante recrudecimiento de\",\"breadcrumb\":{\"@id\":\"https:\/\/www.pressenza.com\/es\/2026\/04\/el-origen-silencioso-de-la-violencia-en-ninos-y-ninas-una-pregunta-urgente\/#breadcrumb\"},\"inLanguage\":\"es\",\"potentialAction\":[{\"@type\":\"ReadAction\",\"target\":[\"https:\/\/www.pressenza.com\/es\/2026\/04\/el-origen-silencioso-de-la-violencia-en-ninos-y-ninas-una-pregunta-urgente\/\"]}]},{\"@type\":\"ImageObject\",\"inLanguage\":\"es\",\"@id\":\"https:\/\/www.pressenza.com\/es\/2026\/04\/el-origen-silencioso-de-la-violencia-en-ninos-y-ninas-una-pregunta-urgente\/#primaryimage\",\"url\":\"https:\/\/www.pressenza.com\/wp-content\/uploads\/2026\/04\/Sergio-Cardenas-nino.jpg\",\"contentUrl\":\"https:\/\/www.pressenza.com\/wp-content\/uploads\/2026\/04\/Sergio-Cardenas-nino.jpg\",\"width\":1440,\"height\":1440},{\"@type\":\"BreadcrumbList\",\"@id\":\"https:\/\/www.pressenza.com\/es\/2026\/04\/el-origen-silencioso-de-la-violencia-en-ninos-y-ninas-una-pregunta-urgente\/#breadcrumb\",\"itemListElement\":[{\"@type\":\"ListItem\",\"position\":1,\"name\":\"Accueil\",\"item\":\"https:\/\/www.pressenza.com\/es\/\"},{\"@type\":\"ListItem\",\"position\":2,\"name\":\"El origen silencioso de la violencia en ni\u00f1os y ni\u00f1as: una pregunta urgente\"}]},{\"@type\":\"WebSite\",\"@id\":\"https:\/\/www.pressenza.com\/es\/#website\",\"url\":\"https:\/\/www.pressenza.com\/es\/\",\"name\":\"Pressenza\",\"description\":\"International Press Agency\",\"publisher\":{\"@id\":\"https:\/\/www.pressenza.com\/es\/#organization\"},\"potentialAction\":[{\"@type\":\"SearchAction\",\"target\":{\"@type\":\"EntryPoint\",\"urlTemplate\":\"https:\/\/www.pressenza.com\/es\/?s={search_term_string}\"},\"query-input\":{\"@type\":\"PropertyValueSpecification\",\"valueRequired\":true,\"valueName\":\"search_term_string\"}}],\"inLanguage\":\"es\"},{\"@type\":\"Organization\",\"@id\":\"https:\/\/www.pressenza.com\/es\/#organization\",\"name\":\"Pressenza\",\"url\":\"https:\/\/www.pressenza.com\/es\/\",\"logo\":{\"@type\":\"ImageObject\",\"inLanguage\":\"es\",\"@id\":\"https:\/\/www.pressenza.com\/es\/#\/schema\/logo\/image\/\",\"url\":\"https:\/\/www.pressenza.com\/wp-content\/uploads\/2022\/10\/pressenza_logo_200x200.jpg\",\"contentUrl\":\"https:\/\/www.pressenza.com\/wp-content\/uploads\/2022\/10\/pressenza_logo_200x200.jpg\",\"width\":200,\"height\":200,\"caption\":\"Pressenza\"},\"image\":{\"@id\":\"https:\/\/www.pressenza.com\/es\/#\/schema\/logo\/image\/\"},\"sameAs\":[\"https:\/\/www.facebook.com\/PressenzaItalia\",\"https:\/\/x.com\/PressenzaIPA\"]},{\"@type\":\"Person\",\"@id\":\"https:\/\/www.pressenza.com\/es\/#\/schema\/person\/d7db40df35d6698ba69ba9ee260944ed\",\"name\":\"Redacci\u00f3n Chile\",\"description\":\"News from the Pressenza Bureau in Chile\",\"sameAs\":[\"https:\/\/www.facebook.com\/pressenza\",\"https:\/\/x.com\/pressenza\"],\"url\":\"https:\/\/www.pressenza.com\/es\/author\/redaccion-chile\/\"}]}<\/script>\n<!-- \/ Yoast SEO plugin. -->","yoast_head_json":{"title":"El origen silencioso de la violencia en ni\u00f1os y ni\u00f1as: una pregunta urgente","description":"Por Paulina Hunt Precht Estas reflexiones surgen a partir de los acontecimientos mundiales y locales que hoy evidencian un preocupante recrudecimiento de","robots":{"index":"index","follow":"follow","max-snippet":"max-snippet:-1","max-image-preview":"max-image-preview:large","max-video-preview":"max-video-preview:-1"},"canonical":"https:\/\/www.pressenza.com\/es\/2026\/04\/el-origen-silencioso-de-la-violencia-en-ninos-y-ninas-una-pregunta-urgente\/","og_locale":"es_ES","og_type":"article","og_title":"El origen silencioso de la violencia en ni\u00f1os y ni\u00f1as: una pregunta urgente","og_description":"Por Paulina Hunt Precht Estas reflexiones surgen a partir de los acontecimientos mundiales y locales que hoy evidencian un preocupante recrudecimiento de","og_url":"https:\/\/www.pressenza.com\/es\/2026\/04\/el-origen-silencioso-de-la-violencia-en-ninos-y-ninas-una-pregunta-urgente\/","og_site_name":"Pressenza","article_publisher":"https:\/\/www.facebook.com\/PressenzaItalia","article_author":"https:\/\/www.facebook.com\/pressenza","article_published_time":"2026-04-01T23:05:39+00:00","og_image":[{"width":1440,"height":1440,"url":"https:\/\/www.pressenza.com\/wp-content\/uploads\/2026\/04\/Sergio-Cardenas-nino.jpg","type":"image\/jpeg"}],"author":"Redacci\u00f3n Chile","twitter_card":"summary_large_image","twitter_creator":"@pressenza","twitter_site":"@PressenzaIPA","twitter_misc":{"Escrito por":"Redacci\u00f3n Chile","Tiempo de lectura":"6 minutos"},"schema":{"@context":"https:\/\/schema.org","@graph":[{"@type":"Article","@id":"https:\/\/www.pressenza.com\/es\/2026\/04\/el-origen-silencioso-de-la-violencia-en-ninos-y-ninas-una-pregunta-urgente\/#article","isPartOf":{"@id":"https:\/\/www.pressenza.com\/es\/2026\/04\/el-origen-silencioso-de-la-violencia-en-ninos-y-ninas-una-pregunta-urgente\/"},"author":{"name":"Redacci\u00f3n Chile","@id":"https:\/\/www.pressenza.com\/es\/#\/schema\/person\/d7db40df35d6698ba69ba9ee260944ed"},"headline":"El origen silencioso de la violencia en ni\u00f1os y ni\u00f1as: una pregunta urgente","datePublished":"2026-04-01T23:05:39+00:00","mainEntityOfPage":{"@id":"https:\/\/www.pressenza.com\/es\/2026\/04\/el-origen-silencioso-de-la-violencia-en-ninos-y-ninas-una-pregunta-urgente\/"},"wordCount":1196,"publisher":{"@id":"https:\/\/www.pressenza.com\/es\/#organization"},"image":{"@id":"https:\/\/www.pressenza.com\/es\/2026\/04\/el-origen-silencioso-de-la-violencia-en-ninos-y-ninas-una-pregunta-urgente\/#primaryimage"},"thumbnailUrl":"https:\/\/www.pressenza.com\/wp-content\/uploads\/2026\/04\/Sergio-Cardenas-nino.jpg","keywords":["ni\u00f1os y ni\u00f1as","Violencia"],"articleSection":["Contenido Original","J\u00f3venes","Noviolencia","Opiniones","Sudam\u00e9rica"],"inLanguage":"es"},{"@type":"WebPage","@id":"https:\/\/www.pressenza.com\/es\/2026\/04\/el-origen-silencioso-de-la-violencia-en-ninos-y-ninas-una-pregunta-urgente\/","url":"https:\/\/www.pressenza.com\/es\/2026\/04\/el-origen-silencioso-de-la-violencia-en-ninos-y-ninas-una-pregunta-urgente\/","name":"El origen silencioso de la violencia en ni\u00f1os y ni\u00f1as: una pregunta urgente","isPartOf":{"@id":"https:\/\/www.pressenza.com\/es\/#website"},"primaryImageOfPage":{"@id":"https:\/\/www.pressenza.com\/es\/2026\/04\/el-origen-silencioso-de-la-violencia-en-ninos-y-ninas-una-pregunta-urgente\/#primaryimage"},"image":{"@id":"https:\/\/www.pressenza.com\/es\/2026\/04\/el-origen-silencioso-de-la-violencia-en-ninos-y-ninas-una-pregunta-urgente\/#primaryimage"},"thumbnailUrl":"https:\/\/www.pressenza.com\/wp-content\/uploads\/2026\/04\/Sergio-Cardenas-nino.jpg","datePublished":"2026-04-01T23:05:39+00:00","description":"Por Paulina Hunt Precht Estas reflexiones surgen a partir de los acontecimientos mundiales y locales que hoy evidencian un preocupante recrudecimiento de","breadcrumb":{"@id":"https:\/\/www.pressenza.com\/es\/2026\/04\/el-origen-silencioso-de-la-violencia-en-ninos-y-ninas-una-pregunta-urgente\/#breadcrumb"},"inLanguage":"es","potentialAction":[{"@type":"ReadAction","target":["https:\/\/www.pressenza.com\/es\/2026\/04\/el-origen-silencioso-de-la-violencia-en-ninos-y-ninas-una-pregunta-urgente\/"]}]},{"@type":"ImageObject","inLanguage":"es","@id":"https:\/\/www.pressenza.com\/es\/2026\/04\/el-origen-silencioso-de-la-violencia-en-ninos-y-ninas-una-pregunta-urgente\/#primaryimage","url":"https:\/\/www.pressenza.com\/wp-content\/uploads\/2026\/04\/Sergio-Cardenas-nino.jpg","contentUrl":"https:\/\/www.pressenza.com\/wp-content\/uploads\/2026\/04\/Sergio-Cardenas-nino.jpg","width":1440,"height":1440},{"@type":"BreadcrumbList","@id":"https:\/\/www.pressenza.com\/es\/2026\/04\/el-origen-silencioso-de-la-violencia-en-ninos-y-ninas-una-pregunta-urgente\/#breadcrumb","itemListElement":[{"@type":"ListItem","position":1,"name":"Accueil","item":"https:\/\/www.pressenza.com\/es\/"},{"@type":"ListItem","position":2,"name":"El origen silencioso de la violencia en ni\u00f1os y ni\u00f1as: una pregunta urgente"}]},{"@type":"WebSite","@id":"https:\/\/www.pressenza.com\/es\/#website","url":"https:\/\/www.pressenza.com\/es\/","name":"Pressenza","description":"International Press Agency","publisher":{"@id":"https:\/\/www.pressenza.com\/es\/#organization"},"potentialAction":[{"@type":"SearchAction","target":{"@type":"EntryPoint","urlTemplate":"https:\/\/www.pressenza.com\/es\/?s={search_term_string}"},"query-input":{"@type":"PropertyValueSpecification","valueRequired":true,"valueName":"search_term_string"}}],"inLanguage":"es"},{"@type":"Organization","@id":"https:\/\/www.pressenza.com\/es\/#organization","name":"Pressenza","url":"https:\/\/www.pressenza.com\/es\/","logo":{"@type":"ImageObject","inLanguage":"es","@id":"https:\/\/www.pressenza.com\/es\/#\/schema\/logo\/image\/","url":"https:\/\/www.pressenza.com\/wp-content\/uploads\/2022\/10\/pressenza_logo_200x200.jpg","contentUrl":"https:\/\/www.pressenza.com\/wp-content\/uploads\/2022\/10\/pressenza_logo_200x200.jpg","width":200,"height":200,"caption":"Pressenza"},"image":{"@id":"https:\/\/www.pressenza.com\/es\/#\/schema\/logo\/image\/"},"sameAs":["https:\/\/www.facebook.com\/PressenzaItalia","https:\/\/x.com\/PressenzaIPA"]},{"@type":"Person","@id":"https:\/\/www.pressenza.com\/es\/#\/schema\/person\/d7db40df35d6698ba69ba9ee260944ed","name":"Redacci\u00f3n Chile","description":"News from the Pressenza Bureau in Chile","sameAs":["https:\/\/www.facebook.com\/pressenza","https:\/\/x.com\/pressenza"],"url":"https:\/\/www.pressenza.com\/es\/author\/redaccion-chile\/"}]}},"place":"Santiago de Chile","original_article_url":"","_links":{"self":[{"href":"https:\/\/www.pressenza.com\/es\/wp-json\/wp\/v2\/posts\/2689484","targetHints":{"allow":["GET"]}}],"collection":[{"href":"https:\/\/www.pressenza.com\/es\/wp-json\/wp\/v2\/posts"}],"about":[{"href":"https:\/\/www.pressenza.com\/es\/wp-json\/wp\/v2\/types\/post"}],"author":[{"embeddable":true,"href":"https:\/\/www.pressenza.com\/es\/wp-json\/wp\/v2\/users\/43"}],"replies":[{"embeddable":true,"href":"https:\/\/www.pressenza.com\/es\/wp-json\/wp\/v2\/comments?post=2689484"}],"version-history":[{"count":1,"href":"https:\/\/www.pressenza.com\/es\/wp-json\/wp\/v2\/posts\/2689484\/revisions"}],"predecessor-version":[{"id":2689491,"href":"https:\/\/www.pressenza.com\/es\/wp-json\/wp\/v2\/posts\/2689484\/revisions\/2689491"}],"wp:featuredmedia":[{"embeddable":true,"href":"https:\/\/www.pressenza.com\/es\/wp-json\/wp\/v2\/media\/2689490"}],"wp:attachment":[{"href":"https:\/\/www.pressenza.com\/es\/wp-json\/wp\/v2\/media?parent=2689484"}],"wp:term":[{"taxonomy":"category","embeddable":true,"href":"https:\/\/www.pressenza.com\/es\/wp-json\/wp\/v2\/categories?post=2689484"},{"taxonomy":"post_tag","embeddable":true,"href":"https:\/\/www.pressenza.com\/es\/wp-json\/wp\/v2\/tags?post=2689484"}],"curies":[{"name":"wp","href":"https:\/\/api.w.org\/{rel}","templated":true}]}}