{"id":2689482,"date":"2026-04-02T00:06:32","date_gmt":"2026-04-01T23:06:32","guid":{"rendered":"https:\/\/www.pressenza.com\/?p=2689482"},"modified":"2026-04-02T00:15:45","modified_gmt":"2026-04-01T23:15:45","slug":"el-gobierno-de-emergencia-de-kast-parte-uno-crecimiento-economico","status":"publish","type":"post","link":"https:\/\/www.pressenza.com\/es\/2026\/04\/el-gobierno-de-emergencia-de-kast-parte-uno-crecimiento-economico\/","title":{"rendered":"El gobierno de emergencia de Kast, parte uno: crecimiento econ\u00f3mico"},"content":{"rendered":"<h2><strong>Caracter\u00edsticas, indicadores y consecuencias del crecimiento econ\u00f3mico en modo extrema derecha<\/strong><\/h2>\n<p>Para las derechas, se trata de indicadores macroecon\u00f3micos, es decir, Producto Interno Bruto (PIB); las Exportaciones y las Inversiones, es decir, cantidad de dinero corporativo (proveniente de cr\u00e9ditos de la banca) invertido desde empresas extranjeras en \u201cproyectos\u201d en Chile. Y, como dijo asertiva y descarnadamente en su momento el escritor mapuche Pedro Cayuqueo Millaqueo, en este pa\u00eds s\u00f3lo se comercia con piedras, palos y pescados (extractivismo minero, forestal y pesquero). Otros proyectos que les siguen, pero desde lejos, son la agroindustria y el turismo.<\/p>\n<p>Y el inter\u00e9s de las derechas es que se cumpla lo que profesaba Pinochet: \u201cen Chile, hay que cuidar muy bien a los ricos\u201d. Por ello, el ejecutivo viene con una bater\u00eda de disposiciones para bajar los impuestos al empresariado, tanto en sus bienes corporativos como en sus cuentas personales. Y \u00bfqu\u00e9 pasa con la gente com\u00fan y su econom\u00eda dom\u00e9stica? Pues nada. Con el traspaso \u00edntegro y despiadado de las alzas en el petr\u00f3leo y las bencinas al bolsillo de la ciudadan\u00eda, tenemos una muestra clara e irrefutable del inter\u00e9s y direcci\u00f3n pol\u00edtica del \u201cplan econ\u00f3mico\u201d del actual gobierno, sosteniendo la proyecci\u00f3n de privilegios de la elite. Precios que, adem\u00e1s, impulsar\u00e1n el alza en toda la compra y gastos habituales de asalariadas y asalariados del pa\u00eds, es decir, un aumento de la inflaci\u00f3n.<\/p>\n<h2>El discurso de la socialdemocracia referido al desarrollo econ\u00f3mico<\/h2>\n<p>En las \u00faltimas d\u00e9cadas en el \u00e1mbito pol\u00edtico, se enfrentaron las corrientes de centro, centro izquierda y, en menor medida, la centro derecha, contra las derechas y ultraderechas. Las primeras, dentro del mismo modelo capitalista neoliberal, defend\u00edan un matiz de sustentabilidad ambiental, de aumento del poder del Estado y de su plan de compensaciones econ\u00f3micas focalizadas, y su aspiraci\u00f3n a un \u201cEstado de Bienestar\u201d. Todo ello no logra instalarse, dado el cambio inexplicable de la agenda program\u00e1tica del anterior ejecutivo, generando condiciones para la arremetida de las propuestas radicales de Kast, Kaiser y sus \u201cp\u00fablicos\u201d, con su trilog\u00eda de individualismo, competencia y consumismo, que vienen socavando la convivencia social y los m\u00ednimos civilizatorios conseguidos por la hist\u00f3rica lucha social.<\/p>\n<p>La gente necesita comprender con claridad y en detalle aquello que Kast comprometi\u00f3. Existe gran distancia en c\u00f3mo entienden las derechas un pa\u00eds con crecimiento econ\u00f3mico, a la comprensi\u00f3n del mismo por parte de la poblaci\u00f3n. En el supuesto que las mayor\u00edas populares que votaron por Kast esperan una mejora del crecimiento econ\u00f3mico del pa\u00eds, y que as\u00ed habr\u00eda un bienestar en la econom\u00eda dom\u00e9stica de las familias trabajadoras, en dicho popular, no puedes esperar peras de un olmo.<\/p>\n<h2>El tema de fondo: poner por delante la cuesti\u00f3n del trabajo frente al gran capital<\/h2>\n<p>La crisis estructural, pol\u00edtica, econ\u00f3mica y social que expresa la vocer\u00eda de La Moneda, no menciona que es provocada por el exceso de avaricia de quienes tienen en sus manos el capital del pa\u00eds (incluido los fondos de pensiones de las y los trabajadores, aproximadamente mil millones de d\u00f3lares al mes) y que han generado la desvalorizaci\u00f3n y deshumanizaci\u00f3n del trabajo, concentrando la riqueza en grupos reducidos, clasistas indolentes, que no lo consideran un factor de dignificaci\u00f3n humana ni menos creen que en Chile \u201cel progreso debe ser de todos y para todos\u201d. En la cabeza capitalista hoy en el poder, ni pensar en una econom\u00eda humanizadora, donde el capital est\u00e9 al servicio del ser humano y no al rev\u00e9s.<\/p>\n<p>Esta l\u00f3gica de acaparamiento intencionado del dinero y del poder, deja a las y los trabajadores en Chile en desigualdad de condiciones, a pesar de que es obviamente su esfuerzo f\u00edsico e intelectual el que ha transformado mayoritariamente los recursos en bienes y servicios. Esta es la contradicci\u00f3n m\u00e1s profunda del sistema capitalista nacional, pues el valor producido, creado por el trabajo humano (fuerza de trabajo) es deslealmente apropiado por el capital (due\u00f1os de medios de producci\u00f3n). El capitalista compra fuerza de trabajo para producir bienes y servicios, paga un salario muy por debajo del valor total generado, creando la conocida plusval\u00eda que es la base de la acumulaci\u00f3n de capital y de la brecha de desigualdad creciente en nuestro pa\u00eds. Esta combinaci\u00f3n de recursos econ\u00f3micos\/maquinaria (capital) y el esfuerzo humano (trabajo), son realmente los motores primordiales de la producci\u00f3n y el crecimiento econ\u00f3mico. Y sobra la nefasta operaci\u00f3n de la banca y su sistema financiero especulativo. Un cambio necesario en la econom\u00eda del pa\u00eds es poner por delante la cuesti\u00f3n del trabajo frente al gran capital.<\/p>\n<h2>El Humanismo cuestiona el consumismo y propone centrar la econom\u00eda en las necesidades del pueblo<\/h2>\n<p>El consumismo, como direcci\u00f3n social, conduce hacia un atolladero sin salida, a una cat\u00e1strofe demogr\u00e1fica y ecol\u00f3gica. Impide a las sociedades moverse hacia la creaci\u00f3n de valores e intangibles bases de una construcci\u00f3n de bienes de desarrollo de la personalidad y la cultura. Va negando la centralidad del Ser Humano, colocando en su lugar al dinero, las cosas, el lujo, la satisfacci\u00f3n de los caprichos, la moda. Y, en esta situaci\u00f3n mental, esclavizarse con el cr\u00e9dito, degradando su situaci\u00f3n desde un Ser creador de futuro a uno que se cosifica y degrada, atendiendo peligrosamente a la manipulaci\u00f3n de la \u00e9lite dominante.<\/p>\n<p>Y as\u00ed estamos en Chile, detr\u00e1s de un espejismo, que provoca un estilo de vida penoso, vac\u00edo, convulso, violento y depresivo.<\/p>\n<p>Las luchas por construir una sociedad abocada a la soluci\u00f3n de las necesidades concretas de sanidad, educaci\u00f3n y vivienda dignas para cada una de las personas de este pa\u00eds, y de los aspectos de relaci\u00f3n y convivencia, del buen trato para s\u00ed mismo y para las otras y otros, reforzando la ayuda, la amistad y la paz, son las tareas verdaderamente necesarias y liberadoras.<\/p>\n<p>Frente al pinochetismo que hoy vive en La Moneda, es menester la confluencia de todas las sensibilidades afines desde todas las organizaciones sociales, culturales, art\u00edsticas, period\u00edsticas, acad\u00e9micas, estudiantiles, feministas, ecologistas y pol\u00edticas, para con valent\u00eda definir un proyecto pa\u00eds humanizador para Chile, abandonando el fracasado ensue\u00f1o del \u201cpa\u00eds desarrollado\u201d, en donde el m\u00e1ximo exponente de tal modelo es una sociedad decadente que se erncuentra en el norte del continente.<\/p>\n<p>&nbsp;<\/p>\n<p><strong>Redacci\u00f3n colaborativa:<\/strong><\/p>\n<p><strong><br \/>\nM. Ang\u00e9lica Alvear Montecinos, Guillermo Garc\u00e9s Parada, Sandra Arriola Oporto<\/strong><\/p>\n<p><strong>Comisi\u00f3n de Opini\u00f3n P\u00fablica<br \/>\nPartido Humanista<\/strong><\/p>\n","protected":false},"excerpt":{"rendered":"<p>Caracter\u00edsticas, indicadores y consecuencias del crecimiento econ\u00f3mico en modo extrema derecha Para las derechas, se trata de indicadores macroecon\u00f3micos, es decir, Producto Interno Bruto (PIB); las Exportaciones y las Inversiones, es decir, cantidad de dinero corporativo (proveniente de cr\u00e9ditos de&hellip;<\/p>\n","protected":false},"author":386,"featured_media":2689489,"comment_status":"closed","ping_status":"closed","sticky":false,"template":"","format":"standard","meta":{"footnotes":""},"categories":[11389,75,79,161,74,67],"tags":[154646,154647,154648,154645,20453],"class_list":["post-2689482","post","type-post","status-publish","format-standard","has-post-thumbnail","hentry","category-contenido-original","category-cultura-es","category-derechos-humanos","category-opiniones","category-politica-es","category-sudamerica","tag-critica-economica-al-gobierno-de-kast","tag-el-capital-en-funcion-del-trabajo-y-no-al-reves","tag-necesidad-de-confluencia-de-las-causas-dignas","tag-opiniones-humanistas","tag-partido-humanista-de-chile"],"yoast_head":"<!-- This site is optimized with the Yoast SEO plugin v27.1.1 - https:\/\/yoast.com\/product\/yoast-seo-wordpress\/ -->\n<title>El gobierno de emergencia de Kast, parte uno: crecimiento econ\u00f3mico<\/title>\n<meta name=\"description\" content=\"Caracter\u00edsticas, indicadores y consecuencias del crecimiento econ\u00f3mico en modo extrema derecha Para las derechas, se trata de indicadores macroecon\u00f3micos,\" \/>\n<meta name=\"robots\" content=\"index, follow, max-snippet:-1, max-image-preview:large, max-video-preview:-1\" \/>\n<link rel=\"canonical\" href=\"https:\/\/www.pressenza.com\/es\/2026\/04\/el-gobierno-de-emergencia-de-kast-parte-uno-crecimiento-economico\/\" \/>\n<meta property=\"og:locale\" content=\"es_ES\" \/>\n<meta property=\"og:type\" content=\"article\" \/>\n<meta property=\"og:title\" content=\"El gobierno de emergencia de Kast, parte uno: crecimiento econ\u00f3mico\" \/>\n<meta property=\"og:description\" content=\"Caracter\u00edsticas, indicadores y consecuencias del crecimiento econ\u00f3mico en modo extrema derecha Para las derechas, se trata de indicadores macroecon\u00f3micos,\" \/>\n<meta property=\"og:url\" content=\"https:\/\/www.pressenza.com\/es\/2026\/04\/el-gobierno-de-emergencia-de-kast-parte-uno-crecimiento-economico\/\" \/>\n<meta property=\"og:site_name\" content=\"Pressenza\" \/>\n<meta property=\"article:publisher\" content=\"https:\/\/www.facebook.com\/PressenzaItalia\" \/>\n<meta property=\"article:author\" content=\"https:\/\/www.facebook.com\/PartidoHumanistaChile?fref=ts\" \/>\n<meta property=\"article:published_time\" content=\"2026-04-01T23:06:32+00:00\" \/>\n<meta property=\"article:modified_time\" content=\"2026-04-01T23:15:45+00:00\" \/>\n<meta property=\"og:image\" content=\"https:\/\/www.pressenza.com\/wp-content\/uploads\/2026\/04\/Pan-y-no-migas.jpg\" \/>\n\t<meta property=\"og:image:width\" content=\"599\" \/>\n\t<meta property=\"og:image:height\" content=\"599\" \/>\n\t<meta property=\"og:image:type\" content=\"image\/jpeg\" \/>\n<meta name=\"author\" content=\"Partido Humanista de Chile\" \/>\n<meta name=\"twitter:card\" content=\"summary_large_image\" \/>\n<meta name=\"twitter:creator\" content=\"@phumanista\" \/>\n<meta name=\"twitter:site\" content=\"@PressenzaIPA\" \/>\n<meta name=\"twitter:label1\" content=\"Escrito por\" \/>\n\t<meta name=\"twitter:data1\" content=\"Partido Humanista de Chile\" \/>\n\t<meta name=\"twitter:label2\" content=\"Tiempo de lectura\" \/>\n\t<meta name=\"twitter:data2\" content=\"5 minutos\" \/>\n<script type=\"application\/ld+json\" class=\"yoast-schema-graph\">{\"@context\":\"https:\/\/schema.org\",\"@graph\":[{\"@type\":\"Article\",\"@id\":\"https:\/\/www.pressenza.com\/es\/2026\/04\/el-gobierno-de-emergencia-de-kast-parte-uno-crecimiento-economico\/#article\",\"isPartOf\":{\"@id\":\"https:\/\/www.pressenza.com\/es\/2026\/04\/el-gobierno-de-emergencia-de-kast-parte-uno-crecimiento-economico\/\"},\"author\":{\"name\":\"Partido Humanista de Chile\",\"@id\":\"https:\/\/www.pressenza.com\/es\/#\/schema\/person\/21472c42980bab786ff5a256b8239bf5\"},\"headline\":\"El gobierno de emergencia de Kast, parte uno: crecimiento econ\u00f3mico\",\"datePublished\":\"2026-04-01T23:06:32+00:00\",\"dateModified\":\"2026-04-01T23:15:45+00:00\",\"mainEntityOfPage\":{\"@id\":\"https:\/\/www.pressenza.com\/es\/2026\/04\/el-gobierno-de-emergencia-de-kast-parte-uno-crecimiento-economico\/\"},\"wordCount\":1154,\"publisher\":{\"@id\":\"https:\/\/www.pressenza.com\/es\/#organization\"},\"image\":{\"@id\":\"https:\/\/www.pressenza.com\/es\/2026\/04\/el-gobierno-de-emergencia-de-kast-parte-uno-crecimiento-economico\/#primaryimage\"},\"thumbnailUrl\":\"https:\/\/www.pressenza.com\/wp-content\/uploads\/2026\/04\/Pan-y-no-migas.jpg\",\"keywords\":[\"cr\u00edtica econ\u00f3mica al Gobierno de Kast\",\"El capital en funci\u00f3n del trabajo y no al rev\u00e9s\",\"necesidad de confluencia de las causas dignas\",\"opiniones humanistas\",\"Partido Humanista de Chile\"],\"articleSection\":[\"Contenido Original\",\"Cultura y Medios\",\"Derechos Humanos\",\"Opiniones\",\"Pol\u00edtica\",\"Sudam\u00e9rica\"],\"inLanguage\":\"es\"},{\"@type\":\"WebPage\",\"@id\":\"https:\/\/www.pressenza.com\/es\/2026\/04\/el-gobierno-de-emergencia-de-kast-parte-uno-crecimiento-economico\/\",\"url\":\"https:\/\/www.pressenza.com\/es\/2026\/04\/el-gobierno-de-emergencia-de-kast-parte-uno-crecimiento-economico\/\",\"name\":\"El gobierno de emergencia de Kast, parte uno: crecimiento econ\u00f3mico\",\"isPartOf\":{\"@id\":\"https:\/\/www.pressenza.com\/es\/#website\"},\"primaryImageOfPage\":{\"@id\":\"https:\/\/www.pressenza.com\/es\/2026\/04\/el-gobierno-de-emergencia-de-kast-parte-uno-crecimiento-economico\/#primaryimage\"},\"image\":{\"@id\":\"https:\/\/www.pressenza.com\/es\/2026\/04\/el-gobierno-de-emergencia-de-kast-parte-uno-crecimiento-economico\/#primaryimage\"},\"thumbnailUrl\":\"https:\/\/www.pressenza.com\/wp-content\/uploads\/2026\/04\/Pan-y-no-migas.jpg\",\"datePublished\":\"2026-04-01T23:06:32+00:00\",\"dateModified\":\"2026-04-01T23:15:45+00:00\",\"description\":\"Caracter\u00edsticas, indicadores y consecuencias del crecimiento econ\u00f3mico en modo extrema derecha Para las derechas, se trata de indicadores macroecon\u00f3micos,\",\"breadcrumb\":{\"@id\":\"https:\/\/www.pressenza.com\/es\/2026\/04\/el-gobierno-de-emergencia-de-kast-parte-uno-crecimiento-economico\/#breadcrumb\"},\"inLanguage\":\"es\",\"potentialAction\":[{\"@type\":\"ReadAction\",\"target\":[\"https:\/\/www.pressenza.com\/es\/2026\/04\/el-gobierno-de-emergencia-de-kast-parte-uno-crecimiento-economico\/\"]}]},{\"@type\":\"ImageObject\",\"inLanguage\":\"es\",\"@id\":\"https:\/\/www.pressenza.com\/es\/2026\/04\/el-gobierno-de-emergencia-de-kast-parte-uno-crecimiento-economico\/#primaryimage\",\"url\":\"https:\/\/www.pressenza.com\/wp-content\/uploads\/2026\/04\/Pan-y-no-migas.jpg\",\"contentUrl\":\"https:\/\/www.pressenza.com\/wp-content\/uploads\/2026\/04\/Pan-y-no-migas.jpg\",\"width\":599,\"height\":599},{\"@type\":\"BreadcrumbList\",\"@id\":\"https:\/\/www.pressenza.com\/es\/2026\/04\/el-gobierno-de-emergencia-de-kast-parte-uno-crecimiento-economico\/#breadcrumb\",\"itemListElement\":[{\"@type\":\"ListItem\",\"position\":1,\"name\":\"Accueil\",\"item\":\"https:\/\/www.pressenza.com\/es\/\"},{\"@type\":\"ListItem\",\"position\":2,\"name\":\"El gobierno de emergencia de Kast, parte uno: crecimiento econ\u00f3mico\"}]},{\"@type\":\"WebSite\",\"@id\":\"https:\/\/www.pressenza.com\/es\/#website\",\"url\":\"https:\/\/www.pressenza.com\/es\/\",\"name\":\"Pressenza\",\"description\":\"International Press Agency\",\"publisher\":{\"@id\":\"https:\/\/www.pressenza.com\/es\/#organization\"},\"potentialAction\":[{\"@type\":\"SearchAction\",\"target\":{\"@type\":\"EntryPoint\",\"urlTemplate\":\"https:\/\/www.pressenza.com\/es\/?s={search_term_string}\"},\"query-input\":{\"@type\":\"PropertyValueSpecification\",\"valueRequired\":true,\"valueName\":\"search_term_string\"}}],\"inLanguage\":\"es\"},{\"@type\":\"Organization\",\"@id\":\"https:\/\/www.pressenza.com\/es\/#organization\",\"name\":\"Pressenza\",\"url\":\"https:\/\/www.pressenza.com\/es\/\",\"logo\":{\"@type\":\"ImageObject\",\"inLanguage\":\"es\",\"@id\":\"https:\/\/www.pressenza.com\/es\/#\/schema\/logo\/image\/\",\"url\":\"https:\/\/www.pressenza.com\/wp-content\/uploads\/2022\/10\/pressenza_logo_200x200.jpg\",\"contentUrl\":\"https:\/\/www.pressenza.com\/wp-content\/uploads\/2022\/10\/pressenza_logo_200x200.jpg\",\"width\":200,\"height\":200,\"caption\":\"Pressenza\"},\"image\":{\"@id\":\"https:\/\/www.pressenza.com\/es\/#\/schema\/logo\/image\/\"},\"sameAs\":[\"https:\/\/www.facebook.com\/PressenzaItalia\",\"https:\/\/x.com\/PressenzaIPA\"]},{\"@type\":\"Person\",\"@id\":\"https:\/\/www.pressenza.com\/es\/#\/schema\/person\/21472c42980bab786ff5a256b8239bf5\",\"name\":\"Partido Humanista de Chile\",\"description\":\"www.partidohumanista.cl\",\"sameAs\":[\"https:\/\/www.facebook.com\/PartidoHumanistaChile?fref=ts\",\"https:\/\/x.com\/phumanista\"],\"url\":\"https:\/\/www.pressenza.com\/es\/author\/partido-humanista-de-chile\/\"}]}<\/script>\n<!-- \/ Yoast SEO plugin. -->","yoast_head_json":{"title":"El gobierno de emergencia de Kast, parte uno: crecimiento econ\u00f3mico","description":"Caracter\u00edsticas, indicadores y consecuencias del crecimiento econ\u00f3mico en modo extrema derecha Para las derechas, se trata de indicadores macroecon\u00f3micos,","robots":{"index":"index","follow":"follow","max-snippet":"max-snippet:-1","max-image-preview":"max-image-preview:large","max-video-preview":"max-video-preview:-1"},"canonical":"https:\/\/www.pressenza.com\/es\/2026\/04\/el-gobierno-de-emergencia-de-kast-parte-uno-crecimiento-economico\/","og_locale":"es_ES","og_type":"article","og_title":"El gobierno de emergencia de Kast, parte uno: crecimiento econ\u00f3mico","og_description":"Caracter\u00edsticas, indicadores y consecuencias del crecimiento econ\u00f3mico en modo extrema derecha Para las derechas, se trata de indicadores macroecon\u00f3micos,","og_url":"https:\/\/www.pressenza.com\/es\/2026\/04\/el-gobierno-de-emergencia-de-kast-parte-uno-crecimiento-economico\/","og_site_name":"Pressenza","article_publisher":"https:\/\/www.facebook.com\/PressenzaItalia","article_author":"https:\/\/www.facebook.com\/PartidoHumanistaChile?fref=ts","article_published_time":"2026-04-01T23:06:32+00:00","article_modified_time":"2026-04-01T23:15:45+00:00","og_image":[{"width":599,"height":599,"url":"https:\/\/www.pressenza.com\/wp-content\/uploads\/2026\/04\/Pan-y-no-migas.jpg","type":"image\/jpeg"}],"author":"Partido Humanista de Chile","twitter_card":"summary_large_image","twitter_creator":"@phumanista","twitter_site":"@PressenzaIPA","twitter_misc":{"Escrito por":"Partido Humanista de Chile","Tiempo de lectura":"5 minutos"},"schema":{"@context":"https:\/\/schema.org","@graph":[{"@type":"Article","@id":"https:\/\/www.pressenza.com\/es\/2026\/04\/el-gobierno-de-emergencia-de-kast-parte-uno-crecimiento-economico\/#article","isPartOf":{"@id":"https:\/\/www.pressenza.com\/es\/2026\/04\/el-gobierno-de-emergencia-de-kast-parte-uno-crecimiento-economico\/"},"author":{"name":"Partido Humanista de Chile","@id":"https:\/\/www.pressenza.com\/es\/#\/schema\/person\/21472c42980bab786ff5a256b8239bf5"},"headline":"El gobierno de emergencia de Kast, parte uno: crecimiento econ\u00f3mico","datePublished":"2026-04-01T23:06:32+00:00","dateModified":"2026-04-01T23:15:45+00:00","mainEntityOfPage":{"@id":"https:\/\/www.pressenza.com\/es\/2026\/04\/el-gobierno-de-emergencia-de-kast-parte-uno-crecimiento-economico\/"},"wordCount":1154,"publisher":{"@id":"https:\/\/www.pressenza.com\/es\/#organization"},"image":{"@id":"https:\/\/www.pressenza.com\/es\/2026\/04\/el-gobierno-de-emergencia-de-kast-parte-uno-crecimiento-economico\/#primaryimage"},"thumbnailUrl":"https:\/\/www.pressenza.com\/wp-content\/uploads\/2026\/04\/Pan-y-no-migas.jpg","keywords":["cr\u00edtica econ\u00f3mica al Gobierno de Kast","El capital en funci\u00f3n del trabajo y no al rev\u00e9s","necesidad de confluencia de las causas dignas","opiniones humanistas","Partido Humanista de Chile"],"articleSection":["Contenido Original","Cultura y Medios","Derechos Humanos","Opiniones","Pol\u00edtica","Sudam\u00e9rica"],"inLanguage":"es"},{"@type":"WebPage","@id":"https:\/\/www.pressenza.com\/es\/2026\/04\/el-gobierno-de-emergencia-de-kast-parte-uno-crecimiento-economico\/","url":"https:\/\/www.pressenza.com\/es\/2026\/04\/el-gobierno-de-emergencia-de-kast-parte-uno-crecimiento-economico\/","name":"El gobierno de emergencia de Kast, parte uno: crecimiento econ\u00f3mico","isPartOf":{"@id":"https:\/\/www.pressenza.com\/es\/#website"},"primaryImageOfPage":{"@id":"https:\/\/www.pressenza.com\/es\/2026\/04\/el-gobierno-de-emergencia-de-kast-parte-uno-crecimiento-economico\/#primaryimage"},"image":{"@id":"https:\/\/www.pressenza.com\/es\/2026\/04\/el-gobierno-de-emergencia-de-kast-parte-uno-crecimiento-economico\/#primaryimage"},"thumbnailUrl":"https:\/\/www.pressenza.com\/wp-content\/uploads\/2026\/04\/Pan-y-no-migas.jpg","datePublished":"2026-04-01T23:06:32+00:00","dateModified":"2026-04-01T23:15:45+00:00","description":"Caracter\u00edsticas, indicadores y consecuencias del crecimiento econ\u00f3mico en modo extrema derecha Para las derechas, se trata de indicadores macroecon\u00f3micos,","breadcrumb":{"@id":"https:\/\/www.pressenza.com\/es\/2026\/04\/el-gobierno-de-emergencia-de-kast-parte-uno-crecimiento-economico\/#breadcrumb"},"inLanguage":"es","potentialAction":[{"@type":"ReadAction","target":["https:\/\/www.pressenza.com\/es\/2026\/04\/el-gobierno-de-emergencia-de-kast-parte-uno-crecimiento-economico\/"]}]},{"@type":"ImageObject","inLanguage":"es","@id":"https:\/\/www.pressenza.com\/es\/2026\/04\/el-gobierno-de-emergencia-de-kast-parte-uno-crecimiento-economico\/#primaryimage","url":"https:\/\/www.pressenza.com\/wp-content\/uploads\/2026\/04\/Pan-y-no-migas.jpg","contentUrl":"https:\/\/www.pressenza.com\/wp-content\/uploads\/2026\/04\/Pan-y-no-migas.jpg","width":599,"height":599},{"@type":"BreadcrumbList","@id":"https:\/\/www.pressenza.com\/es\/2026\/04\/el-gobierno-de-emergencia-de-kast-parte-uno-crecimiento-economico\/#breadcrumb","itemListElement":[{"@type":"ListItem","position":1,"name":"Accueil","item":"https:\/\/www.pressenza.com\/es\/"},{"@type":"ListItem","position":2,"name":"El gobierno de emergencia de Kast, parte uno: crecimiento econ\u00f3mico"}]},{"@type":"WebSite","@id":"https:\/\/www.pressenza.com\/es\/#website","url":"https:\/\/www.pressenza.com\/es\/","name":"Pressenza","description":"International Press Agency","publisher":{"@id":"https:\/\/www.pressenza.com\/es\/#organization"},"potentialAction":[{"@type":"SearchAction","target":{"@type":"EntryPoint","urlTemplate":"https:\/\/www.pressenza.com\/es\/?s={search_term_string}"},"query-input":{"@type":"PropertyValueSpecification","valueRequired":true,"valueName":"search_term_string"}}],"inLanguage":"es"},{"@type":"Organization","@id":"https:\/\/www.pressenza.com\/es\/#organization","name":"Pressenza","url":"https:\/\/www.pressenza.com\/es\/","logo":{"@type":"ImageObject","inLanguage":"es","@id":"https:\/\/www.pressenza.com\/es\/#\/schema\/logo\/image\/","url":"https:\/\/www.pressenza.com\/wp-content\/uploads\/2022\/10\/pressenza_logo_200x200.jpg","contentUrl":"https:\/\/www.pressenza.com\/wp-content\/uploads\/2022\/10\/pressenza_logo_200x200.jpg","width":200,"height":200,"caption":"Pressenza"},"image":{"@id":"https:\/\/www.pressenza.com\/es\/#\/schema\/logo\/image\/"},"sameAs":["https:\/\/www.facebook.com\/PressenzaItalia","https:\/\/x.com\/PressenzaIPA"]},{"@type":"Person","@id":"https:\/\/www.pressenza.com\/es\/#\/schema\/person\/21472c42980bab786ff5a256b8239bf5","name":"Partido Humanista de Chile","description":"www.partidohumanista.cl","sameAs":["https:\/\/www.facebook.com\/PartidoHumanistaChile?fref=ts","https:\/\/x.com\/phumanista"],"url":"https:\/\/www.pressenza.com\/es\/author\/partido-humanista-de-chile\/"}]}},"place":"Chile","original_article_url":"","_links":{"self":[{"href":"https:\/\/www.pressenza.com\/es\/wp-json\/wp\/v2\/posts\/2689482","targetHints":{"allow":["GET"]}}],"collection":[{"href":"https:\/\/www.pressenza.com\/es\/wp-json\/wp\/v2\/posts"}],"about":[{"href":"https:\/\/www.pressenza.com\/es\/wp-json\/wp\/v2\/types\/post"}],"author":[{"embeddable":true,"href":"https:\/\/www.pressenza.com\/es\/wp-json\/wp\/v2\/users\/386"}],"replies":[{"embeddable":true,"href":"https:\/\/www.pressenza.com\/es\/wp-json\/wp\/v2\/comments?post=2689482"}],"version-history":[{"count":1,"href":"https:\/\/www.pressenza.com\/es\/wp-json\/wp\/v2\/posts\/2689482\/revisions"}],"predecessor-version":[{"id":2689492,"href":"https:\/\/www.pressenza.com\/es\/wp-json\/wp\/v2\/posts\/2689482\/revisions\/2689492"}],"wp:featuredmedia":[{"embeddable":true,"href":"https:\/\/www.pressenza.com\/es\/wp-json\/wp\/v2\/media\/2689489"}],"wp:attachment":[{"href":"https:\/\/www.pressenza.com\/es\/wp-json\/wp\/v2\/media?parent=2689482"}],"wp:term":[{"taxonomy":"category","embeddable":true,"href":"https:\/\/www.pressenza.com\/es\/wp-json\/wp\/v2\/categories?post=2689482"},{"taxonomy":"post_tag","embeddable":true,"href":"https:\/\/www.pressenza.com\/es\/wp-json\/wp\/v2\/tags?post=2689482"}],"curies":[{"name":"wp","href":"https:\/\/api.w.org\/{rel}","templated":true}]}}