{"id":2688779,"date":"2026-03-30T14:30:46","date_gmt":"2026-03-30T13:30:46","guid":{"rendered":"https:\/\/www.pressenza.com\/?p=2688779"},"modified":"2026-03-30T14:30:46","modified_gmt":"2026-03-30T13:30:46","slug":"en-defensa-de-una-riqueza-maxima-europea","status":"publish","type":"post","link":"https:\/\/www.pressenza.com\/es\/2026\/03\/en-defensa-de-una-riqueza-maxima-europea\/","title":{"rendered":"En defensa de una riqueza m\u00e1xima europea"},"content":{"rendered":"<p>Nuestras sociedades se enfrentan a graves y complejas realidades: desde las crisis econ\u00f3micas hasta las migratorias, pasando por la polarizaci\u00f3n social, el desencanto pol\u00edtico, los ataques a las libertades democr\u00e1ticas, el aumento de la precariedad, las brechas entre pa\u00edses, la inestabilidad mundial y el progresivo aumento del peso de la derecha m\u00e1s extrema. Sin embargo, una constante acompa\u00f1a estas crisis que viene agrav\u00e1ndose desde hace tiempo: la enorme desigualdad de riqueza a nivel europeo y mundial.<\/p>\n<p>Las estad\u00edsticas son claras: vivimos en una \u00e9poca de extrema desigualdad. Seg\u00fan datos del \u00faltimo World Inequality Report (2026), el 10 % m\u00e1s rico de la humanidad acumula el 52 % de la renta global. Sin embargo, la situaci\u00f3n empeora a\u00fan m\u00e1s si se mira la riqueza: el 10 % m\u00e1s rico acumula el 75 % de la riqueza mundial. Por su parte, el informe de Oxfam\u00a0<em>Contra el imperio de los m\u00e1s ricos<\/em>\u00a0arroja un dato indignante: los 12 milmillonarios m\u00e1s ricos del mundo acumulan, en conjunto, m\u00e1s riqueza que la mitad m\u00e1s pobre de la poblaci\u00f3n mundial (es decir, 4.000 millones de personas). En 2025, la riqueza de los milmillonarios aument\u00f3 tres veces m\u00e1s r\u00e1pido que la tasa anual promedio de los cinco a\u00f1os anteriores. Como establece el\u00a0<span style=\"text-decoration: underline;\"><a href=\"https:\/\/pmc.ncbi.nlm.nih.gov\/articles\/PMC11725924\/pdf\/pnas.202422543.pdf\" target=\"_blank\" rel=\"noopener\">reciente estudio<\/a><\/span>\u00a0de Eli G. Rau y Susan Stokes (2025), la desigualdad econ\u00f3mica es uno de los predictores m\u00e1s s\u00f3lidos de cu\u00e1ndo y d\u00f3nde una democracia se erosiona, siendo los pa\u00edses m\u00e1s desiguales los m\u00e1s expuestos al deterioro democr\u00e1tico.<\/p>\n<p>Esta realidad se ha ido agravando con el paso del tiempo, y plantea una cuesti\u00f3n clave para nuestras sociedades: \u00bfqu\u00e9 hacer para evitar que la actual desigualdad de riqueza destruya nuestras democracias y los derechos sociales? La propuesta es clara: instaurar un l\u00edmite a la acumulaci\u00f3n extrema de riqueza. Eso es, precisamente, lo que se defiende en The Wealth Cap Project con la\u00a0<span style=\"text-decoration: underline;\"><a href=\"https:\/\/wealthcapproject.org\/declaration\" target=\"_blank\" rel=\"noopener\">Wealth Cap Declaration<\/a><\/span>: un l\u00edmite europeo estandarizado a la acumulaci\u00f3n de riqueza. Pero<ins cite=\"mailto:Luca%20MORET%20MAGNABOSCO\" datetime=\"2026-03-26T13:24\">,<\/ins>\u00a0\u00bfpor qu\u00e9?<\/p>\n<p>M\u00faltiples razones justifican el porqu\u00e9 de un l\u00edmite a la acumulaci\u00f3n extrema de riqueza. Todas, sin embargo, est\u00e1n conectadas con una caracter\u00edstica omnipresente en nuestros actuales modelos econ\u00f3micos y pol\u00edticos: una ingente acumulaci\u00f3n de poder por parte de una minor\u00eda superrica, capaz de determinar el curso de nuestra pol\u00edtica, nuestras econom\u00edas y nuestras sociedades, agravando la crisis democr\u00e1tica y social que vivimos. Creemos que hay razones m\u00e1s que justificadas para asegurar que las grandes desigualdades hacen imposible la libertad.<\/p>\n<p>Este art\u00edculo analizar\u00e1 las dimensiones pol\u00edtica, econ\u00f3mica y social de esta cuesti\u00f3n, mostrando el porqu\u00e9 de la necesidad de un l\u00edmite europeo a la acumulaci\u00f3n extrema de riqueza.<\/p>\n<h3><strong>La dimensi\u00f3n pol\u00edtica<\/strong><\/h3>\n<p>El informe Oxfam que cit\u00e1bamos arroja un dato muy relevante: los milmillonarios tienen 4.000 veces m\u00e1s probabilidades de ocupar un cargo pol\u00edtico que la gente corriente. Por s\u00ed solo, este dato ya muestra la descomunal diferencia de acceso al poder que existe hoy en d\u00eda entre los ciudadanos corrientes y unos pocos superricos. La cuesti\u00f3n, sin embargo, es que el poder de la ascendente minor\u00eda ultrarrica en nuestras sociedades va mucho m\u00e1s all\u00e1 de \u201csimples\u201d posiciones institucionales: permea todos los \u00e1mbitos de nuestra pol\u00edtica, tanto directa como indirectamente.<\/p>\n<p>Cuando unas pocas manos acumulan la ingente cantidad de poder que acumulan hoy los superricos, muchas son las v\u00edas de influencia que se abren para esta minor\u00eda y sus intereses. La primera, como resalta el informe de Oxfam, es la v\u00eda del cargo pol\u00edtico directo: la capacidad de influencia y el consecuente acceso a cargos institucionales de un milmillonario excede ampliamente las posibilidades de la gran mayor\u00eda de ciudadanos a la hora de presentarse a unas elecciones o acceder a puestos de responsabilidad. En muchos sistemas, el milmillonario no encuentra pr\u00e1cticamente barreras para la financiaci\u00f3n de su campa\u00f1a, as\u00ed como para el despliegue de su poder (ya sea econ\u00f3mico, medi\u00e1tico o social) al servicio de su agenda pol\u00edtica.<\/p>\n<p>Por razones evidentes, la financiaci\u00f3n de la campa\u00f1a de un milmillonario no suele ser un problema. Sin embargo, tampoco lo es su visibilidad y, por lo tanto, su capacidad directa (o indirecta, a trav\u00e9s de aliados o personas a su servicio) de marcar el debate pol\u00edtico. En muchos estados, los milmillonarios acumulan en conjunto gran parte de los medios de informaci\u00f3n televisivos, radiof\u00f3nicos e impresos entre sus activos, con una gran influencia medi\u00e1tica en sus respectivos pa\u00edses. Un c\u00e9lebre caso, ilustrativo de muchos otros, es el de la familia Berlusconi en Italia y su imperio medi\u00e1tico, sobre cuya base Silvio Berlusconi construy\u00f3 su carrera pol\u00edtica. Esta concentraci\u00f3n de poder de influencia permite a una ya de por s\u00ed (econ\u00f3micamente) poderosa minor\u00eda marcar la agenda pol\u00edtica y hasta capturarla, condicionando el debate social alrededor de sus intereses sin contrapesos ni oposici\u00f3n. A su dominio econ\u00f3mico se le une el dominio pol\u00edtico, y el caso del magnate italiano es uno de tantos.<\/p>\n<p>Asimismo, muchos pa\u00edses permiten sin apenas l\u00edmites la financiaci\u00f3n directa de empresas e individuos a campa\u00f1as pol\u00edticas, con el consecuente poder que eso otorga a la minor\u00eda de superricos de cada pa\u00eds. Alemania, por ejemplo, permite a las empresas e individuos realizar donaciones a los partidos pol\u00edticos, y Francia lo permite a los individuos que as\u00ed lo deseen con l\u00edmites que, sin embargo, exceden ampliamente las capacidades econ\u00f3micas de la mayor parte de la poblaci\u00f3n. No hay mecanismo m\u00e1s evidente de influencia y desviaci\u00f3n del sistema democr\u00e1tico que la posibilidad de donar dinero directamente para el funcionamiento de un partido pol\u00edtico; por ello, los superricos no dudan a la hora de aprovecharlo.<\/p>\n<p>Sin embargo, existen mecanismos m\u00e1s indirectos de influencia pol\u00edtica de los superricos, muchos de los cuales pasan desapercibidos en el d\u00eda a d\u00eda de nuestra vida pol\u00edtica. El m\u00e1s c\u00e9lebre (pero no por ello m\u00e1s visible) es el del\u00a0<em>lobby<\/em>: cada ma\u00f1ana, legiones de\u00a0<em>lobistas\u00a0<\/em>visitan despachos en todo el mundo para defender agendas particulares, la mayor parte de las veces por encima del bien de la sociedad. Esta actividad, legal en nuestros pa\u00edses, carece de una regulaci\u00f3n amplia y efectiva; solo ahora ciertos estados han empezado a reglamentarla, as\u00ed como la Uni\u00f3n Europea (con su registro de lobistas). Esto, sin embargo, no arroja luz sobre las actividades que llevan a cabo estos\u00a0<em>lobbies<\/em>, cuyo poder se extiende hasta la posibilidad misma de redactar enmiendas en nombre de intereses privados que, posteriormente, son incorporadas sin apenas modificaciones en leyes que nos afectan a todos. La disparidad de poder entre la mayor parte de la ciudadan\u00eda y la minor\u00eda de superricos y sus empresas en esta esfera es, como en las dem\u00e1s, extrema.<\/p>\n<p>Sin embargo, la principal v\u00eda de influencia pol\u00edtica con las que cuentan los superricos es su poder econ\u00f3mico. Fue Louis Brandeis, Juez de la Corte Suprema de Estados Unidos de 1916 a 1939, quien lo expres\u00f3 de forma dif\u00edcilmente superable hace un siglo: \u201cPodemos tener democracia o riqueza concentrada en pocas manos, pero no podemos tener ambas\u201d.<\/p>\n<p>\u00bfPuede un gobierno oponerse a los deseos de determinados individuos si estos tienen en su poder el destino de millones de trabajadores que, de un d\u00eda para otro, pueden ver sus trabajos esfumarse si los superricos desplazan la producci\u00f3n de las empresas que controlan a otro pa\u00eds? \u00bfPuede un gobierno oponerse a la voluntad de una minor\u00eda todopoderosa cuando esta determina, en muchos casos, el curso de sectores enteros de la econom\u00eda? Estas cuestiones nos llevan a nuestro siguiente \u00e1mbito de an\u00e1lisis: el econ\u00f3mico.<\/p>\n<h3><strong>La dimensi\u00f3n econ\u00f3mica<\/strong><\/h3>\n<p>El neoliberalismo y las corrientes econ\u00f3micas que lo precedieron nos han impuesto una idea falaz del dinero: una idea que lo describe como un instrumento social \u201cneutral\u201d, individual y, sobre todo, meritocr\u00e1tico. Seg\u00fan esa l\u00f3gica, el dinero es\u00a0<ins cite=\"mailto:Luca%20MORET%20MAGNABOSCO\" datetime=\"2026-03-26T13:23\">simplemente\u00a0<\/ins>un medio que compra bienes y servicios para un individuo, como una casa, un coche o una suscripci\u00f3n de\u00a0<em>streaming<\/em>; esto obvia el enorme poder (econ\u00f3mico, pol\u00edtico, social) que su concentraci\u00f3n extrema otorga a quien lo acumula. Por otro lado, dicha visi\u00f3n trata de convencernos tambi\u00e9n de que quien acumula dinero lo hace porque ha trabajado duro, mientras que quien menos tiene debe resignarse a vivir con lo que ha \u201cmerecido\u201d tener.<\/p>\n<p>Este mito de la meritocracia conecta directamente con el del \u201cself-made man\u201d, el \u201chombre hecho a s\u00ed mismo\u201d. La justificaci\u00f3n de la riqueza como el resultado directo del esfuerzo personal, la inteligencia, la disciplina y la capacidad de asumir riesgos es harto discutible. El descr\u00e9dito de esta visi\u00f3n en nuestras sociedades es cada vez mayor, pero pocos datos como el siguiente definen mejor el porqu\u00e9: en el Reino de Espa\u00f1a, los millonarios por herencia\u00a0<span style=\"text-decoration: underline;\"><a href=\"https:\/\/www.ara.cat\/economia\/tres-quatre-milionaris-ho-son-herencia-espanya_1_5480500.html\" target=\"_blank\" rel=\"noopener\">representan el 74% del total; en Alemania, el 75%.<\/a>\u00a0<\/span>De entrada, pues, el m\u00e9rito parece que no es muy grande.<\/p>\n<p>Sin embargo, el descr\u00e9dito de esta falsa \u201cmeritocracia\u201d va m\u00e1s all\u00e1: radica en una concepci\u00f3n de la riqueza falaz que atribuye el m\u00e9rito de su generaci\u00f3n (y acumulaci\u00f3n) a quien la posee, ignorando una realidad obvia: la riqueza es generada socialmente, y c\u00f3mo una sociedad decide repartirla responde a decisiones pol\u00edticas, no a leyes \u201cnaturales\u201d inmutables. Como dej\u00f3 escrito Thomas Paine: \u201cCuando en un pa\u00eds vemos extrema riqueza y extrema miseria, podemos estar seguros de que el gobierno est\u00e1 defectuosamente constituido\u201d. Que el 10% m\u00e1s rico de la humanidad acumule el 75% de la riqueza es una decisi\u00f3n pol\u00edtica, as\u00ed como que el tipo impositivo efectivo que pagan los milmillonarios en muchos pa\u00edses (tambi\u00e9n europeos) sea menor que el que paga una enfermera, un barrendero o una profesora universitaria, como muestra el siguiente gr\u00e1fico del World Inequality Report 2026:<\/p>\n<p><img loading=\"lazy\" decoding=\"async\" class=\"wp-image-2688784 size-full\" src=\"https:\/\/www.pressenza.com\/wp-content\/uploads\/2026\/03\/figura-12-copia.jpg\" alt=\"\" width=\"820\" height=\"529\" srcset=\"https:\/\/www.pressenza.com\/wp-content\/uploads\/2026\/03\/figura-12-copia.jpg 820w, https:\/\/www.pressenza.com\/wp-content\/uploads\/2026\/03\/figura-12-copia-300x194.jpg 300w\" sizes=\"auto, (max-width: 820px) 100vw, 820px\" \/><\/p>\n<p>Los superricos escapan a la progresividad de los impuestos y, a su vez, encuentran pocos o ning\u00fan l\u00edmite a su movilidad internacional. De por s\u00ed, esto ya supone un grave problema para la justicia social y la sostenibilidad de nuestro Estado del bienestar, cada vez m\u00e1s maltrecho e infrafinanciado. Sin embargo, esto plantea otro profundo problema: los ricos escapan de las normas que todos compartimos con la riqueza de todos, es decir, con la riqueza que hemos producido como sociedad. \u00bfAcaso no conducen los camiones, llenan los almacenes y organizan la log\u00edstica de Amazon miles de trabajadores que no tocan ni una mil\u00e9sima parte de los beneficios de esta empresa? \u00bfAcaso no recorren las furgonetas de las empresas de mensajer\u00eda las carreteras que mantenemos todos con nuestros impuestos? \u00bfAcaso no se benefician todas las empresas de un sistema educativo que forma a los trabajadores y de una sanidad que los mantiene sanos? En definitiva, \u00bfacaso no es una falacia hablar de \u201chombres o mujeres hechos a s\u00ed mismos\u201d que merecen acumular sin l\u00edmites? \u00bfAcaso no es evidente la brutal injusticia actual en la repartici\u00f3n de la riqueza que produce nuestra sociedad?<\/p>\n<p>La riqueza social est\u00e1 injustamente repartida, y en proporciones de magnitud descomunal. Pero lo que a priori puede parecer a algunos un problema meramente te\u00f3rico supone un problema pr\u00e1ctico real que va m\u00e1s all\u00e1 a\u00fan de la enorme influencia pol\u00edtica de los beneficiados por esta desigualdad. Porque la realidad es la siguiente: nuestras econom\u00edas est\u00e1n sometidas a la voluntad de una minor\u00eda ultrarrica que determina su curso sin apenas contrapesos o responsabilidad ante nadie. Esta minor\u00eda no responde ante ning\u00fan parlamento ni senado, ni ante la ciudadan\u00eda en su conjunto, y su dominio econ\u00f3mico es posible gracias al acaparamiento de la riqueza que producimos entre todos. La cuesti\u00f3n es: si sin duda llamar\u00edamos tir\u00e1nico un poder pol\u00edtico ilimitado y sin contrapesos, \u00bfpor qu\u00e9 permitimos esta realidad en nuestras econom\u00edas? Es decir, \u00bfpor qu\u00e9 permitimos que nuestra econom\u00eda siga sujeta a la voluntad de una minor\u00eda, sin que la ciudadan\u00eda que la trabaja tenga ni voz ni voto en su gesti\u00f3n? Y, si llev\u00e1ramos al extremo la tendencia actual a la acumulaci\u00f3n de cada vez m\u00e1s riqueza en menos manos, \u00bfacaso no definir\u00edamos como amo y se\u00f1or del mundo a alguien que, eventualmente, acumulara casi toda la riqueza del planeta? \u00bfPor qu\u00e9, entonces, hemos establecido l\u00edmites al poder pol\u00edtico que puede acumular una persona, pero no al econ\u00f3mico?<\/p>\n<p>La realidad social que vivimos se traduce, en pocas palabras, en dominaci\u00f3n. La dominaci\u00f3n de unos pocos sobre la gran mayor\u00eda de la ciudadan\u00eda. Pero se traduce tambi\u00e9n en endeudamiento, crisis e infrafinanciaci\u00f3n constante de nuestros Estados y, por lo tanto, de nuestra democracia. Y un Estado infrafinanciado supone, a su vez, una ciudadan\u00eda m\u00e1s vulnerable. Vaciando y demoliendo el Estado del bienestar y los derechos sociales, el capitalismo actualmente existente, sus aliados y la creciente desigualdad que vivimos est\u00e1n logrando un triple objetivo: escapar de las normas sociales que garantizan el bienestar y el progreso social, imponer su agenda pol\u00edtica y someter a la ciudadan\u00eda a sus deseos.<\/p>\n<p>\u00bfDe qu\u00e9 cantidad de personas hablamos cuando nos referimos a los muy ricos? Solamente por dar datos de Catalunya: 2.853 personas tienen una riqueza superior a 10 millones de euros. Y 277 lo tienen superior a 50 millones. \u00bfHace falta poner en porcentaje la \u00ednfima minor\u00eda social que esto supone en el conjunto de la poblaci\u00f3n catalana de m\u00e1s de 8 millones de personas? En el caso espa\u00f1ol, \u201c<span style=\"text-decoration: underline;\"><a href=\"https:\/\/www.sinpermiso.info\/textos\/el-largo-camino-de-la-renta-basica-una-apuesta-por-la-libertad\" target=\"_blank\" rel=\"noopener\">la intersecci\u00f3n del 5 % m\u00e1s rico en Renta Bruta y Patrimonio Neto, excluyendo a quien no llegara a 500.000 euros<\/a><\/span>\u201d, son unas 455.000 personas, un 1 % de la poblaci\u00f3n.<\/p>\n<p>Esta dominaci\u00f3n econ\u00f3mica y pol\u00edtica se traduce en una influencia desmesurada sobre el d\u00eda a d\u00eda y el futuro de toda la ciudadan\u00eda, y en una realidad cada vez m\u00e1s precaria para la mayor parte de las personas. Esto nos lleva a nuestra tercera dimensi\u00f3n de an\u00e1lisis.<\/p>\n<h3><strong>La dimensi\u00f3n social<\/strong><\/h3>\n<p>La desigualdad extrema que vivimos tiene un alto coste social, y varios datos lo corroboran. En 2024, seg\u00fan\u00a0<span style=\"text-decoration: underline;\"><a href=\"https:\/\/ec.europa.eu\/eurostat\/statistics-explained\/index.php?title=Living_conditions_in_Europe_-_poverty_and_social_exclusion\" target=\"_blank\" rel=\"noopener\">datos de Eurostat<\/a><\/span>, 93,3 millones de personas en la Uni\u00f3n Europea viv\u00edan en riesgo de pobreza o exclusi\u00f3n social, lo que representa el 21 % de la poblaci\u00f3n de la UE. Como ejemplo concreto, en Barcelona, m\u00e1s de 450.000 personas viven en situaci\u00f3n de exclusi\u00f3n social moderada o severa, seg\u00fan datos del\u00a0<span style=\"text-decoration: underline;\"><a href=\"https:\/\/www.diaripublic.cat\/gairebe-60-les-persones-situacio-d-exclusio-social-barcelona-tenen-feina.html\" target=\"_blank\" rel=\"noopener\">informe FOESSA 2025<\/a><\/span>. Sin embargo, y pese a las \u00faltimas tendencias, las econom\u00edas del mundo han crecido significativamente en las \u00faltimas d\u00e9cadas, incluidas las europeas. \u00bfC\u00f3mo es posible entonces que, viviendo en la sociedad a priori m\u00e1s rica de la historia de la humanidad, no hayamos derrotado a\u00fan la pobreza, la precariedad y las enormes desigualdades sociales que vivimos?<\/p>\n<p>Para responder a esta cuesti\u00f3n, otra pregunta es clave en este caso: \u00bfqui\u00e9n se est\u00e1 beneficiando del crecimiento de nuestras econom\u00edas? M\u00e1s all\u00e1 de resaltar que la desigualdad de riqueza en el mundo es a\u00fan mayor que la de renta, el\u00a0<span style=\"text-decoration: underline;\"><a href=\"https:\/\/wid.world\/fr\/news-article\/statement-from-the-world-inequality-lab-on-the-g20-extraordinary-committee-of-independent-experts-report-on-global-inequality\/\" target=\"_blank\" rel=\"noopener\">reciente informe<\/a><\/span>\u00a0del G20 sobre desigualdades globales revelaba un dato muy ilustrador: entre el 2000 y 2024, el 1 % m\u00e1s rico del planeta captur\u00f3 el 41 % de la nueva riqueza generada mundialmente, mientras que la mitad m\u00e1s pobre de la humanidad (record\u00e9moslo, 4.000 millones de personas) recibi\u00f3 solo el 1 %.<\/p>\n<p>El n\u00facleo de la cuesti\u00f3n, por lo tanto, est\u00e1 claro. No solo cabe preguntarse qui\u00e9n dirige y determina el curso de nuestra econom\u00eda, sino tambi\u00e9n: \u00bfqui\u00e9n recoge sus frutos? Y aqu\u00ed, de nuevo, la respuesta vuelve a ser igual: los m\u00e1s ricos, los mismos que eluden sus responsabilidades fiscales, influencian las pol\u00edticas de gobiernos e instituciones internacionales y determinan el curso de nuestras sociedades a su favor. Los mismos, a su vez, que compran (con intereses) la deuda emitida por los Estados que, ante la falta de recursos, se ven obligados a la emisi\u00f3n de bonos para sostener el maltrecho Estado del bienestar. Los mismos que libremente mueven su capital por el mundo entero, sacando el m\u00e1ximo provecho sin pagar apenas contribuci\u00f3n alguna. Los mismos que abogan por la austeridad y una supuesta \u201cmeritocracia\u201d, hasta que sus bancos o empresas colapsan, y de pronto la intervenci\u00f3n del Estado para salvarles (es decir, de todos nosotros) no est\u00e1 tan mal vista. En definitiva, los que disfrutan de un socialismo para los ricos mientras imponen un capitalismo salvaje al resto.<\/p>\n<h3><strong>Entonces, \u00bfpor qu\u00e9 una riqueza m\u00e1xima?<\/strong><\/h3>\n<p>Ante la desigualdad devastadora que vivimos, el establecimiento de un l\u00edmite a la acumulaci\u00f3n extrema de riqueza se revela m\u00e1s necesario que nunca. Desde la dimensi\u00f3n pol\u00edtica, este l\u00edmite debe servir para que ning\u00fan individuo pueda dominar al resto de la sociedad, imponiendo sus intereses y agenda personal sobre el bien com\u00fan de todos los ciudadanos. Desde la dimensi\u00f3n econ\u00f3mica, el l\u00edmite deber\u00e1 llevar, por un lado, a desconcentrar la ingente cantidad de poder econ\u00f3mico acumulado en pocas manos; por otro, mediante la redistribuci\u00f3n que deber\u00e1 llevarse a cabo con los fondos recaudados por el Estado, deber\u00e1 servir para democratizar el acceso a la riqueza producida socialmente, abriendo el acceso a los frutos de lo que la sociedad ha cultivado no solo a unos pocos, sino a todos. Por \u00faltimo, desde la dimensi\u00f3n social, el l\u00edmite a la acumulaci\u00f3n extrema de riqueza deber\u00e1 servir para financiar programas sociales universales, as\u00ed como para revivir nuestros sistemas de salud y cuidados, educativos, nuestras infraestructuras, y para financiar la urgente transici\u00f3n ecol\u00f3gica que necesitan nuestras sociedades. \u00bfSignifica esto acabar con el capitalismo? No, ni mucho menos. Pero se tratar\u00eda indudablemente de otro capitalismo. Y tampoco est\u00e1 escrito en ninguna parte que todo debiera detenerse aqu\u00ed en la lucha por una sociedad mejor.<\/p>\n<p>Un debate democr\u00e1tico amplio es m\u00e1s necesario que nunca en Europa y en el mundo para decidir c\u00f3mo implementar este l\u00edmite a la acumulaci\u00f3n extrema de riqueza y c\u00f3mo dise\u00f1ar la democratizaci\u00f3n econ\u00f3mica, pol\u00edtica y social que conllevar\u00e1. Europa, empezando por la Uni\u00f3n Europea, tiene la oportunidad de ser pionera en este camino. El l\u00edmite a la acumulaci\u00f3n extrema de riqueza representa una nueva esperanza para reequilibrar nuestras sociedades y construir un futuro mejor, un futuro en el que nadie quede atr\u00e1s y en el que todos podamos creer. Un futuro, en definitiva, que nos pertenezca a todas y a todos. Se trata, por lo tanto, de la libertad de toda la ciudadan\u00eda. Los grandes poderes privados impiden la libertad de la inmensa mayor\u00eda no rica. No se trata, pues, \u201csolo\u201d de limitar las grandes riquezas: se trata de defender la libertad de todas las ciudadanas y ciudadanos sin excepci\u00f3n.<\/p>\n<blockquote><p><em>Para firmar la Wealth Cap Declaration por un l\u00edmite europeo a la acumulaci\u00f3n extrema de riqueza:\u00a0<span style=\"text-decoration: underline;\"><a href=\"https:\/\/wealthcapproject.org\/declaration\" target=\"_blank\" rel=\"noopener\">https:\/\/wealthcapproject.org\/declaration<\/a><\/span>. <\/em><\/p>\n<p><em>Cada firma ayudar\u00e1 a poner el l\u00edmite a la acumulaci\u00f3n de riqueza en la agenda pol\u00edtica, construir un movimiento amplio a escala europea e impulsar iniciativas c\u00edvicas y legislativas concretas en los pa\u00edses de Europa. Cuantas m\u00e1s firmas, m\u00e1s fuerza tendr\u00e1 nuestra campa\u00f1a.\u00a0<\/em><\/p><\/blockquote>\n","protected":false},"excerpt":{"rendered":"<p>Nuestras sociedades se enfrentan a graves y complejas realidades: desde las crisis econ\u00f3micas hasta las migratorias, pasando por la polarizaci\u00f3n social, el desencanto pol\u00edtico, los ataques a las libertades democr\u00e1ticas, el aumento de la precariedad, las brechas entre pa\u00edses, la&hellip;<\/p>\n","protected":false},"author":1512,"featured_media":2688785,"comment_status":"closed","ping_status":"closed","sticky":false,"template":"","format":"standard","meta":{"footnotes":""},"categories":[79,81,66,161,74],"tags":[154457,90049],"class_list":["post-2688779","post","type-post","status-publish","format-standard","has-post-thumbnail","hentry","category-derechos-humanos","category-economia-es","category-europa-es","category-opiniones","category-politica-es","tag-https-sinpermiso-info-textos-en-defensa-de-una-riqueza-maxima-europea","tag-renta"],"yoast_head":"<!-- This site is optimized with the Yoast SEO plugin v27.1.1 - https:\/\/yoast.com\/product\/yoast-seo-wordpress\/ -->\n<title>En defensa de una riqueza m\u00e1xima europea<\/title>\n<meta name=\"description\" content=\"Nuestras sociedades se enfrentan a graves y complejas realidades: desde las crisis econ\u00f3micas hasta las migratorias, pasando por la polarizaci\u00f3n social,\" \/>\n<meta name=\"robots\" content=\"index, follow, max-snippet:-1, max-image-preview:large, max-video-preview:-1\" \/>\n<link rel=\"canonical\" href=\"https:\/\/www.pressenza.com\/es\/2026\/03\/en-defensa-de-una-riqueza-maxima-europea\/\" \/>\n<meta property=\"og:locale\" content=\"es_ES\" \/>\n<meta property=\"og:type\" content=\"article\" \/>\n<meta property=\"og:title\" content=\"En defensa de una riqueza m\u00e1xima europea\" \/>\n<meta property=\"og:description\" content=\"Nuestras sociedades se enfrentan a graves y complejas realidades: desde las crisis econ\u00f3micas hasta las migratorias, pasando por la polarizaci\u00f3n social,\" \/>\n<meta property=\"og:url\" content=\"https:\/\/www.pressenza.com\/es\/2026\/03\/en-defensa-de-una-riqueza-maxima-europea\/\" \/>\n<meta property=\"og:site_name\" content=\"Pressenza\" \/>\n<meta property=\"article:publisher\" content=\"https:\/\/www.facebook.com\/PressenzaItalia\" \/>\n<meta property=\"article:published_time\" content=\"2026-03-30T13:30:46+00:00\" \/>\n<meta property=\"og:image\" content=\"https:\/\/www.pressenza.com\/wp-content\/uploads\/2026\/03\/18248.jpg\" \/>\n\t<meta property=\"og:image:width\" content=\"1000\" \/>\n\t<meta property=\"og:image:height\" content=\"667\" \/>\n\t<meta property=\"og:image:type\" content=\"image\/jpeg\" \/>\n<meta name=\"author\" content=\"Sin Permiso\" \/>\n<meta name=\"twitter:card\" content=\"summary_large_image\" \/>\n<meta name=\"twitter:creator\" content=\"@PressenzaIPA\" \/>\n<meta name=\"twitter:site\" content=\"@PressenzaIPA\" \/>\n<meta name=\"twitter:label1\" content=\"Escrito por\" \/>\n\t<meta name=\"twitter:data1\" content=\"Sin Permiso\" \/>\n\t<meta name=\"twitter:label2\" content=\"Tiempo de lectura\" \/>\n\t<meta name=\"twitter:data2\" content=\"15 minutos\" \/>\n<script type=\"application\/ld+json\" class=\"yoast-schema-graph\">{\"@context\":\"https:\/\/schema.org\",\"@graph\":[{\"@type\":\"Article\",\"@id\":\"https:\/\/www.pressenza.com\/es\/2026\/03\/en-defensa-de-una-riqueza-maxima-europea\/#article\",\"isPartOf\":{\"@id\":\"https:\/\/www.pressenza.com\/es\/2026\/03\/en-defensa-de-una-riqueza-maxima-europea\/\"},\"author\":{\"name\":\"Sin Permiso\",\"@id\":\"https:\/\/www.pressenza.com\/es\/#\/schema\/person\/e79f15b3a6dc0da487a62b60e88a9e8d\"},\"headline\":\"En defensa de una riqueza m\u00e1xima europea\",\"datePublished\":\"2026-03-30T13:30:46+00:00\",\"mainEntityOfPage\":{\"@id\":\"https:\/\/www.pressenza.com\/es\/2026\/03\/en-defensa-de-una-riqueza-maxima-europea\/\"},\"wordCount\":3341,\"publisher\":{\"@id\":\"https:\/\/www.pressenza.com\/es\/#organization\"},\"image\":{\"@id\":\"https:\/\/www.pressenza.com\/es\/2026\/03\/en-defensa-de-una-riqueza-maxima-europea\/#primaryimage\"},\"thumbnailUrl\":\"https:\/\/www.pressenza.com\/wp-content\/uploads\/2026\/03\/18248.jpg\",\"keywords\":[\"https:\/\/sinpermiso.info\/textos\/en-defensa-de-una-riqueza-maxima-europea\",\"renta\"],\"articleSection\":[\"Derechos Humanos\",\"Econom\u00eda\",\"Europa\",\"Opiniones\",\"Pol\u00edtica\"],\"inLanguage\":\"es\"},{\"@type\":\"WebPage\",\"@id\":\"https:\/\/www.pressenza.com\/es\/2026\/03\/en-defensa-de-una-riqueza-maxima-europea\/\",\"url\":\"https:\/\/www.pressenza.com\/es\/2026\/03\/en-defensa-de-una-riqueza-maxima-europea\/\",\"name\":\"En defensa de una riqueza m\u00e1xima europea\",\"isPartOf\":{\"@id\":\"https:\/\/www.pressenza.com\/es\/#website\"},\"primaryImageOfPage\":{\"@id\":\"https:\/\/www.pressenza.com\/es\/2026\/03\/en-defensa-de-una-riqueza-maxima-europea\/#primaryimage\"},\"image\":{\"@id\":\"https:\/\/www.pressenza.com\/es\/2026\/03\/en-defensa-de-una-riqueza-maxima-europea\/#primaryimage\"},\"thumbnailUrl\":\"https:\/\/www.pressenza.com\/wp-content\/uploads\/2026\/03\/18248.jpg\",\"datePublished\":\"2026-03-30T13:30:46+00:00\",\"description\":\"Nuestras sociedades se enfrentan a graves y complejas realidades: desde las crisis econ\u00f3micas hasta las migratorias, pasando por la polarizaci\u00f3n social,\",\"breadcrumb\":{\"@id\":\"https:\/\/www.pressenza.com\/es\/2026\/03\/en-defensa-de-una-riqueza-maxima-europea\/#breadcrumb\"},\"inLanguage\":\"es\",\"potentialAction\":[{\"@type\":\"ReadAction\",\"target\":[\"https:\/\/www.pressenza.com\/es\/2026\/03\/en-defensa-de-una-riqueza-maxima-europea\/\"]}]},{\"@type\":\"ImageObject\",\"inLanguage\":\"es\",\"@id\":\"https:\/\/www.pressenza.com\/es\/2026\/03\/en-defensa-de-una-riqueza-maxima-europea\/#primaryimage\",\"url\":\"https:\/\/www.pressenza.com\/wp-content\/uploads\/2026\/03\/18248.jpg\",\"contentUrl\":\"https:\/\/www.pressenza.com\/wp-content\/uploads\/2026\/03\/18248.jpg\",\"width\":1000,\"height\":667},{\"@type\":\"BreadcrumbList\",\"@id\":\"https:\/\/www.pressenza.com\/es\/2026\/03\/en-defensa-de-una-riqueza-maxima-europea\/#breadcrumb\",\"itemListElement\":[{\"@type\":\"ListItem\",\"position\":1,\"name\":\"Accueil\",\"item\":\"https:\/\/www.pressenza.com\/es\/\"},{\"@type\":\"ListItem\",\"position\":2,\"name\":\"En defensa de una riqueza m\u00e1xima europea\"}]},{\"@type\":\"WebSite\",\"@id\":\"https:\/\/www.pressenza.com\/es\/#website\",\"url\":\"https:\/\/www.pressenza.com\/es\/\",\"name\":\"Pressenza\",\"description\":\"International Press Agency\",\"publisher\":{\"@id\":\"https:\/\/www.pressenza.com\/es\/#organization\"},\"potentialAction\":[{\"@type\":\"SearchAction\",\"target\":{\"@type\":\"EntryPoint\",\"urlTemplate\":\"https:\/\/www.pressenza.com\/es\/?s={search_term_string}\"},\"query-input\":{\"@type\":\"PropertyValueSpecification\",\"valueRequired\":true,\"valueName\":\"search_term_string\"}}],\"inLanguage\":\"es\"},{\"@type\":\"Organization\",\"@id\":\"https:\/\/www.pressenza.com\/es\/#organization\",\"name\":\"Pressenza\",\"url\":\"https:\/\/www.pressenza.com\/es\/\",\"logo\":{\"@type\":\"ImageObject\",\"inLanguage\":\"es\",\"@id\":\"https:\/\/www.pressenza.com\/es\/#\/schema\/logo\/image\/\",\"url\":\"https:\/\/www.pressenza.com\/wp-content\/uploads\/2022\/10\/pressenza_logo_200x200.jpg\",\"contentUrl\":\"https:\/\/www.pressenza.com\/wp-content\/uploads\/2022\/10\/pressenza_logo_200x200.jpg\",\"width\":200,\"height\":200,\"caption\":\"Pressenza\"},\"image\":{\"@id\":\"https:\/\/www.pressenza.com\/es\/#\/schema\/logo\/image\/\"},\"sameAs\":[\"https:\/\/www.facebook.com\/PressenzaItalia\",\"https:\/\/x.com\/PressenzaIPA\"]},{\"@type\":\"Person\",\"@id\":\"https:\/\/www.pressenza.com\/es\/#\/schema\/person\/e79f15b3a6dc0da487a62b60e88a9e8d\",\"name\":\"Sin Permiso\",\"description\":\"Sin Permiso (rep\u00fablica y socialismo tambi\u00e9n para el siglo XXI) es un proyecto pol\u00edtico de cr\u00edtica de la cultura, material e intelectual, del capitalismo contrarreformado, desregulado, remundializado y reliberalizado del siglo XXI. Es una revista electr\u00f3nica semanal y se articula en torno a una revista semestral del mismo nombre, cuyo primer n\u00famero en soporte papel apareci\u00f3 a principios de 2006.\",\"sameAs\":[\"http:\/\/www.sinpermiso.info\/\"],\"url\":\"https:\/\/www.pressenza.com\/es\/author\/sin-permiso\/\"}]}<\/script>\n<!-- \/ Yoast SEO plugin. -->","yoast_head_json":{"title":"En defensa de una riqueza m\u00e1xima europea","description":"Nuestras sociedades se enfrentan a graves y complejas realidades: desde las crisis econ\u00f3micas hasta las migratorias, pasando por la polarizaci\u00f3n social,","robots":{"index":"index","follow":"follow","max-snippet":"max-snippet:-1","max-image-preview":"max-image-preview:large","max-video-preview":"max-video-preview:-1"},"canonical":"https:\/\/www.pressenza.com\/es\/2026\/03\/en-defensa-de-una-riqueza-maxima-europea\/","og_locale":"es_ES","og_type":"article","og_title":"En defensa de una riqueza m\u00e1xima europea","og_description":"Nuestras sociedades se enfrentan a graves y complejas realidades: desde las crisis econ\u00f3micas hasta las migratorias, pasando por la polarizaci\u00f3n social,","og_url":"https:\/\/www.pressenza.com\/es\/2026\/03\/en-defensa-de-una-riqueza-maxima-europea\/","og_site_name":"Pressenza","article_publisher":"https:\/\/www.facebook.com\/PressenzaItalia","article_published_time":"2026-03-30T13:30:46+00:00","og_image":[{"width":1000,"height":667,"url":"https:\/\/www.pressenza.com\/wp-content\/uploads\/2026\/03\/18248.jpg","type":"image\/jpeg"}],"author":"Sin Permiso","twitter_card":"summary_large_image","twitter_creator":"@PressenzaIPA","twitter_site":"@PressenzaIPA","twitter_misc":{"Escrito por":"Sin Permiso","Tiempo de lectura":"15 minutos"},"schema":{"@context":"https:\/\/schema.org","@graph":[{"@type":"Article","@id":"https:\/\/www.pressenza.com\/es\/2026\/03\/en-defensa-de-una-riqueza-maxima-europea\/#article","isPartOf":{"@id":"https:\/\/www.pressenza.com\/es\/2026\/03\/en-defensa-de-una-riqueza-maxima-europea\/"},"author":{"name":"Sin Permiso","@id":"https:\/\/www.pressenza.com\/es\/#\/schema\/person\/e79f15b3a6dc0da487a62b60e88a9e8d"},"headline":"En defensa de una riqueza m\u00e1xima europea","datePublished":"2026-03-30T13:30:46+00:00","mainEntityOfPage":{"@id":"https:\/\/www.pressenza.com\/es\/2026\/03\/en-defensa-de-una-riqueza-maxima-europea\/"},"wordCount":3341,"publisher":{"@id":"https:\/\/www.pressenza.com\/es\/#organization"},"image":{"@id":"https:\/\/www.pressenza.com\/es\/2026\/03\/en-defensa-de-una-riqueza-maxima-europea\/#primaryimage"},"thumbnailUrl":"https:\/\/www.pressenza.com\/wp-content\/uploads\/2026\/03\/18248.jpg","keywords":["https:\/\/sinpermiso.info\/textos\/en-defensa-de-una-riqueza-maxima-europea","renta"],"articleSection":["Derechos Humanos","Econom\u00eda","Europa","Opiniones","Pol\u00edtica"],"inLanguage":"es"},{"@type":"WebPage","@id":"https:\/\/www.pressenza.com\/es\/2026\/03\/en-defensa-de-una-riqueza-maxima-europea\/","url":"https:\/\/www.pressenza.com\/es\/2026\/03\/en-defensa-de-una-riqueza-maxima-europea\/","name":"En defensa de una riqueza m\u00e1xima europea","isPartOf":{"@id":"https:\/\/www.pressenza.com\/es\/#website"},"primaryImageOfPage":{"@id":"https:\/\/www.pressenza.com\/es\/2026\/03\/en-defensa-de-una-riqueza-maxima-europea\/#primaryimage"},"image":{"@id":"https:\/\/www.pressenza.com\/es\/2026\/03\/en-defensa-de-una-riqueza-maxima-europea\/#primaryimage"},"thumbnailUrl":"https:\/\/www.pressenza.com\/wp-content\/uploads\/2026\/03\/18248.jpg","datePublished":"2026-03-30T13:30:46+00:00","description":"Nuestras sociedades se enfrentan a graves y complejas realidades: desde las crisis econ\u00f3micas hasta las migratorias, pasando por la polarizaci\u00f3n social,","breadcrumb":{"@id":"https:\/\/www.pressenza.com\/es\/2026\/03\/en-defensa-de-una-riqueza-maxima-europea\/#breadcrumb"},"inLanguage":"es","potentialAction":[{"@type":"ReadAction","target":["https:\/\/www.pressenza.com\/es\/2026\/03\/en-defensa-de-una-riqueza-maxima-europea\/"]}]},{"@type":"ImageObject","inLanguage":"es","@id":"https:\/\/www.pressenza.com\/es\/2026\/03\/en-defensa-de-una-riqueza-maxima-europea\/#primaryimage","url":"https:\/\/www.pressenza.com\/wp-content\/uploads\/2026\/03\/18248.jpg","contentUrl":"https:\/\/www.pressenza.com\/wp-content\/uploads\/2026\/03\/18248.jpg","width":1000,"height":667},{"@type":"BreadcrumbList","@id":"https:\/\/www.pressenza.com\/es\/2026\/03\/en-defensa-de-una-riqueza-maxima-europea\/#breadcrumb","itemListElement":[{"@type":"ListItem","position":1,"name":"Accueil","item":"https:\/\/www.pressenza.com\/es\/"},{"@type":"ListItem","position":2,"name":"En defensa de una riqueza m\u00e1xima europea"}]},{"@type":"WebSite","@id":"https:\/\/www.pressenza.com\/es\/#website","url":"https:\/\/www.pressenza.com\/es\/","name":"Pressenza","description":"International Press Agency","publisher":{"@id":"https:\/\/www.pressenza.com\/es\/#organization"},"potentialAction":[{"@type":"SearchAction","target":{"@type":"EntryPoint","urlTemplate":"https:\/\/www.pressenza.com\/es\/?s={search_term_string}"},"query-input":{"@type":"PropertyValueSpecification","valueRequired":true,"valueName":"search_term_string"}}],"inLanguage":"es"},{"@type":"Organization","@id":"https:\/\/www.pressenza.com\/es\/#organization","name":"Pressenza","url":"https:\/\/www.pressenza.com\/es\/","logo":{"@type":"ImageObject","inLanguage":"es","@id":"https:\/\/www.pressenza.com\/es\/#\/schema\/logo\/image\/","url":"https:\/\/www.pressenza.com\/wp-content\/uploads\/2022\/10\/pressenza_logo_200x200.jpg","contentUrl":"https:\/\/www.pressenza.com\/wp-content\/uploads\/2022\/10\/pressenza_logo_200x200.jpg","width":200,"height":200,"caption":"Pressenza"},"image":{"@id":"https:\/\/www.pressenza.com\/es\/#\/schema\/logo\/image\/"},"sameAs":["https:\/\/www.facebook.com\/PressenzaItalia","https:\/\/x.com\/PressenzaIPA"]},{"@type":"Person","@id":"https:\/\/www.pressenza.com\/es\/#\/schema\/person\/e79f15b3a6dc0da487a62b60e88a9e8d","name":"Sin Permiso","description":"Sin Permiso (rep\u00fablica y socialismo tambi\u00e9n para el siglo XXI) es un proyecto pol\u00edtico de cr\u00edtica de la cultura, material e intelectual, del capitalismo contrarreformado, desregulado, remundializado y reliberalizado del siglo XXI. Es una revista electr\u00f3nica semanal y se articula en torno a una revista semestral del mismo nombre, cuyo primer n\u00famero en soporte papel apareci\u00f3 a principios de 2006.","sameAs":["http:\/\/www.sinpermiso.info\/"],"url":"https:\/\/www.pressenza.com\/es\/author\/sin-permiso\/"}]}},"place":"Espa\u00f1a","original_article_url":"https:\/\/sinpermiso.info\/textos\/en-defensa-de-una-riqueza-maxima-europea","_links":{"self":[{"href":"https:\/\/www.pressenza.com\/es\/wp-json\/wp\/v2\/posts\/2688779","targetHints":{"allow":["GET"]}}],"collection":[{"href":"https:\/\/www.pressenza.com\/es\/wp-json\/wp\/v2\/posts"}],"about":[{"href":"https:\/\/www.pressenza.com\/es\/wp-json\/wp\/v2\/types\/post"}],"author":[{"embeddable":true,"href":"https:\/\/www.pressenza.com\/es\/wp-json\/wp\/v2\/users\/1512"}],"replies":[{"embeddable":true,"href":"https:\/\/www.pressenza.com\/es\/wp-json\/wp\/v2\/comments?post=2688779"}],"version-history":[{"count":5,"href":"https:\/\/www.pressenza.com\/es\/wp-json\/wp\/v2\/posts\/2688779\/revisions"}],"predecessor-version":[{"id":2688789,"href":"https:\/\/www.pressenza.com\/es\/wp-json\/wp\/v2\/posts\/2688779\/revisions\/2688789"}],"wp:featuredmedia":[{"embeddable":true,"href":"https:\/\/www.pressenza.com\/es\/wp-json\/wp\/v2\/media\/2688785"}],"wp:attachment":[{"href":"https:\/\/www.pressenza.com\/es\/wp-json\/wp\/v2\/media?parent=2688779"}],"wp:term":[{"taxonomy":"category","embeddable":true,"href":"https:\/\/www.pressenza.com\/es\/wp-json\/wp\/v2\/categories?post=2688779"},{"taxonomy":"post_tag","embeddable":true,"href":"https:\/\/www.pressenza.com\/es\/wp-json\/wp\/v2\/tags?post=2688779"}],"curies":[{"name":"wp","href":"https:\/\/api.w.org\/{rel}","templated":true}]}}