{"id":26877,"date":"2012-12-05T16:55:23","date_gmt":"2012-12-05T16:55:23","guid":{"rendered":"http:\/\/www.pressenza.com\/?p=26877"},"modified":"2012-12-05T17:00:50","modified_gmt":"2012-12-05T17:00:50","slug":"reunion-clave-entre-netanyahu-y-merkel-luego-de-la-votacion-en-la-onu-a-favor-de-palestina","status":"publish","type":"post","link":"https:\/\/www.pressenza.com\/es\/2012\/12\/reunion-clave-entre-netanyahu-y-merkel-luego-de-la-votacion-en-la-onu-a-favor-de-palestina\/","title":{"rendered":"Reuni\u00f3n clave entre Netanyahu y Merkel luego de la votaci\u00f3n en la ONU a favor de Palestina"},"content":{"rendered":"<div>\n<div>\n<div>\n<p>La canciller alemana, Angela Merkel, y el primer ministro israel\u00ed, Benjamin Netanyahu, celebrar\u00e1n esta noche una cena de trabajo <strong>previa a las consultas bilaterales anuales de sus gobiernos<\/strong>, en un ambiente tenso ante las diferencias entre Berl\u00edn y Tel Aviv.<\/p>\n<\/div>\n<div>\n<p>Las relaciones entre ambos pa\u00edses no atraviesan por su mejor momento debido a la abstenci\u00f3n alemana en la votaci\u00f3n de la Asamblea de las Naciones Unidas para reconocer a Palestina el estatus de miembro observador, seg\u00fan consigna la agencia de noticias EFE.<\/p>\n<p>Israel esperaba, debido al compromiso hist\u00f3rico de Alemania y la carga del Holocausto, que la diplomacia germana votara con un rotundo \u00abno\u00bb en esa votaci\u00f3n y no que se sumara al abstencionismo minoritario en la Uni\u00f3n Europea, bloque en el que 15 pa\u00edses votaron a favor del reconocimiento de Palestina.<\/p>\n<p>Por otra parte, la decisi\u00f3n de Israel de autorizar la construcci\u00f3n de 3.000 nuevas viviendas suplementarias en territorio palestino irrit\u00f3 a Alemania, que se sum\u00f3 a las protestas internacionales contra esta medida, tomada como represalia por el voto de la ONU.<\/p>\n<p>Aunque Alemania no llam\u00f3 a consultas al embajador de Israel como la mayor\u00eda de sus socios occidentales, su titular de Exteriores, Guido Westerwelle, calific\u00f3 p\u00fablicamente la pol\u00edtica de asentamientos de Israel como \u00abuna amenaza para los esfuerzos de paz en la regi\u00f3n\u00bb.<\/p>\n<p>En medio de la tensi\u00f3n, el ministro de Relaciones Exteriores israel\u00ed, Avigdor Lieberman, quien ten\u00eda previsto acompa\u00f1ar a Netanyahu a Berl\u00edn, cancel\u00f3 a \u00faltimo momento su viaje, confirm\u00f3 la viceportavoz del gobierno en Jerusal\u00e9n sin precisar las causas.<\/p>\n<p>El Ministerio de Exteriores alem\u00e1n explic\u00f3 que Lieberman cancel\u00f3 su viaje argumentando \u00abproblemas de salud\u00bb, y le dese\u00f3 una pronta recuperaci\u00f3n, seg\u00fan fuentes del ministerio.<\/p>\n<p>Merkel declar\u00f3 esta semana por boca de su portavoz que Netanyahu est\u00e1 socavando \u00abla confianza en su disposici\u00f3n al di\u00e1logo\u00bb con los palestinos y su temor a que los nuevos asentamientos dificulten la soluci\u00f3n de la convivencia pac\u00edfica de dos estados.<\/p>\n<p>Sin embargo habr\u00e1 que esperar al jueves, cuando se produzca la comparecencia en rueda de prensa de Merkel y Netanyahu para conocer el alcance de las diferencias entre sus gobiernos.<\/p>\n<p>Esta tendr\u00e1 lugar tras las consultas bilaterales con miembros de sus respectivos gabinetes bajo el lema \u00abInnovaci\u00f3n, educaci\u00f3n, sostenibilidad\u00bb, a las que se sumar\u00e1n tambi\u00e9n cient\u00edficos de Alemania e Israel.<\/p>\n<\/div>\n<\/div>\n<\/div>\n","protected":false},"excerpt":{"rendered":"<p>La canciller alemana, Angela Merkel, y el primer ministro israel\u00ed, Benjamin Netanyahu, celebrar\u00e1n esta noche una cena de trabajo previa a las consultas bilaterales anuales de sus gobiernos, en un ambiente tenso ante las diferencias entre Berl\u00edn y Tel Aviv.&hellip;<\/p>\n","protected":false},"author":22,"featured_media":26885,"comment_status":"closed","ping_status":"open","sticky":false,"template":"","format":"standard","meta":{"footnotes":""},"categories":[76,66],"tags":[814],"class_list":["post-26877","post","type-post","status-publish","format-standard","has-post-thumbnail","hentry","category-relaciones-exteriores","category-europa-es","tag-palestina-es"],"yoast_head":"<!-- This site is optimized with the Yoast SEO plugin v27.1.1 - https:\/\/yoast.com\/product\/yoast-seo-wordpress\/ -->\n<title>Reuni\u00f3n clave entre Netanyahu y Merkel luego de la votaci\u00f3n en la ONU a favor de Palestina<\/title>\n<meta name=\"description\" content=\"La canciller alemana, Angela Merkel, y el primer ministro israel\u00ed, Benjamin Netanyahu, celebrar\u00e1n esta noche una cena de trabajo previa a las consultas\" \/>\n<meta name=\"robots\" content=\"index, follow, max-snippet:-1, max-image-preview:large, max-video-preview:-1\" \/>\n<link rel=\"canonical\" href=\"https:\/\/www.pressenza.com\/es\/2012\/12\/reunion-clave-entre-netanyahu-y-merkel-luego-de-la-votacion-en-la-onu-a-favor-de-palestina\/\" \/>\n<meta property=\"og:locale\" content=\"es_ES\" \/>\n<meta property=\"og:type\" content=\"article\" \/>\n<meta property=\"og:title\" content=\"Reuni\u00f3n clave entre Netanyahu y Merkel luego de la votaci\u00f3n en la ONU a favor de Palestina\" \/>\n<meta property=\"og:description\" content=\"La canciller alemana, Angela Merkel, y el primer ministro israel\u00ed, Benjamin Netanyahu, celebrar\u00e1n esta noche una cena de trabajo previa a las consultas\" \/>\n<meta property=\"og:url\" content=\"https:\/\/www.pressenza.com\/es\/2012\/12\/reunion-clave-entre-netanyahu-y-merkel-luego-de-la-votacion-en-la-onu-a-favor-de-palestina\/\" \/>\n<meta property=\"og:site_name\" content=\"Pressenza\" \/>\n<meta property=\"article:publisher\" content=\"https:\/\/www.facebook.com\/PressenzaItalia\" \/>\n<meta property=\"article:author\" content=\"https:\/\/www.facebook.com\/pia.figueroa?ref=tn_tnmn\" \/>\n<meta property=\"article:published_time\" content=\"2012-12-05T16:55:23+00:00\" \/>\n<meta property=\"article:modified_time\" content=\"2012-12-05T17:00:50+00:00\" \/>\n<meta property=\"og:image\" content=\"https:\/\/www.pressenza.com\/wp-content\/uploads\/2012\/12\/Benjamin-Netanyahu-Angela-Merkel.jpg\" \/>\n\t<meta property=\"og:image:width\" content=\"400\" \/>\n\t<meta property=\"og:image:height\" content=\"277\" \/>\n\t<meta property=\"og:image:type\" content=\"image\/jpeg\" \/>\n<meta name=\"author\" content=\"P\u00eda Figueroa\" \/>\n<meta name=\"twitter:card\" content=\"summary_large_image\" \/>\n<meta name=\"twitter:creator\" content=\"@piafigueroa\" \/>\n<meta name=\"twitter:site\" content=\"@PressenzaIPA\" \/>\n<meta name=\"twitter:label1\" content=\"Escrito por\" \/>\n\t<meta name=\"twitter:data1\" content=\"P\u00eda Figueroa\" \/>\n\t<meta name=\"twitter:label2\" content=\"Tiempo de lectura\" \/>\n\t<meta name=\"twitter:data2\" content=\"2 minutos\" \/>\n<script type=\"application\/ld+json\" class=\"yoast-schema-graph\">{\"@context\":\"https:\/\/schema.org\",\"@graph\":[{\"@type\":\"Article\",\"@id\":\"https:\/\/www.pressenza.com\/es\/2012\/12\/reunion-clave-entre-netanyahu-y-merkel-luego-de-la-votacion-en-la-onu-a-favor-de-palestina\/#article\",\"isPartOf\":{\"@id\":\"https:\/\/www.pressenza.com\/es\/2012\/12\/reunion-clave-entre-netanyahu-y-merkel-luego-de-la-votacion-en-la-onu-a-favor-de-palestina\/\"},\"author\":{\"name\":\"P\u00eda Figueroa\",\"@id\":\"https:\/\/www.pressenza.com\/es\/#\/schema\/person\/8bb53ec73ef39ceec36ca0128a0ccd41\"},\"headline\":\"Reuni\u00f3n clave entre Netanyahu y Merkel luego de la votaci\u00f3n en la ONU a favor de Palestina\",\"datePublished\":\"2012-12-05T16:55:23+00:00\",\"dateModified\":\"2012-12-05T17:00:50+00:00\",\"mainEntityOfPage\":{\"@id\":\"https:\/\/www.pressenza.com\/es\/2012\/12\/reunion-clave-entre-netanyahu-y-merkel-luego-de-la-votacion-en-la-onu-a-favor-de-palestina\/\"},\"wordCount\":429,\"publisher\":{\"@id\":\"https:\/\/www.pressenza.com\/es\/#organization\"},\"image\":{\"@id\":\"https:\/\/www.pressenza.com\/es\/2012\/12\/reunion-clave-entre-netanyahu-y-merkel-luego-de-la-votacion-en-la-onu-a-favor-de-palestina\/#primaryimage\"},\"thumbnailUrl\":\"https:\/\/www.pressenza.com\/wp-content\/uploads\/2012\/12\/Benjamin-Netanyahu-Angela-Merkel.jpg\",\"keywords\":[\"Palestina\"],\"articleSection\":[\"Asuntos internacionales\",\"Europa\"],\"inLanguage\":\"es\"},{\"@type\":\"WebPage\",\"@id\":\"https:\/\/www.pressenza.com\/es\/2012\/12\/reunion-clave-entre-netanyahu-y-merkel-luego-de-la-votacion-en-la-onu-a-favor-de-palestina\/\",\"url\":\"https:\/\/www.pressenza.com\/es\/2012\/12\/reunion-clave-entre-netanyahu-y-merkel-luego-de-la-votacion-en-la-onu-a-favor-de-palestina\/\",\"name\":\"Reuni\u00f3n clave entre Netanyahu y Merkel luego de la votaci\u00f3n en la ONU a favor de Palestina\",\"isPartOf\":{\"@id\":\"https:\/\/www.pressenza.com\/es\/#website\"},\"primaryImageOfPage\":{\"@id\":\"https:\/\/www.pressenza.com\/es\/2012\/12\/reunion-clave-entre-netanyahu-y-merkel-luego-de-la-votacion-en-la-onu-a-favor-de-palestina\/#primaryimage\"},\"image\":{\"@id\":\"https:\/\/www.pressenza.com\/es\/2012\/12\/reunion-clave-entre-netanyahu-y-merkel-luego-de-la-votacion-en-la-onu-a-favor-de-palestina\/#primaryimage\"},\"thumbnailUrl\":\"https:\/\/www.pressenza.com\/wp-content\/uploads\/2012\/12\/Benjamin-Netanyahu-Angela-Merkel.jpg\",\"datePublished\":\"2012-12-05T16:55:23+00:00\",\"dateModified\":\"2012-12-05T17:00:50+00:00\",\"description\":\"La canciller alemana, Angela Merkel, y el primer ministro israel\u00ed, Benjamin Netanyahu, celebrar\u00e1n esta noche una cena de trabajo previa a las consultas\",\"breadcrumb\":{\"@id\":\"https:\/\/www.pressenza.com\/es\/2012\/12\/reunion-clave-entre-netanyahu-y-merkel-luego-de-la-votacion-en-la-onu-a-favor-de-palestina\/#breadcrumb\"},\"inLanguage\":\"es\",\"potentialAction\":[{\"@type\":\"ReadAction\",\"target\":[\"https:\/\/www.pressenza.com\/es\/2012\/12\/reunion-clave-entre-netanyahu-y-merkel-luego-de-la-votacion-en-la-onu-a-favor-de-palestina\/\"]}]},{\"@type\":\"ImageObject\",\"inLanguage\":\"es\",\"@id\":\"https:\/\/www.pressenza.com\/es\/2012\/12\/reunion-clave-entre-netanyahu-y-merkel-luego-de-la-votacion-en-la-onu-a-favor-de-palestina\/#primaryimage\",\"url\":\"https:\/\/www.pressenza.com\/wp-content\/uploads\/2012\/12\/Benjamin-Netanyahu-Angela-Merkel.jpg\",\"contentUrl\":\"https:\/\/www.pressenza.com\/wp-content\/uploads\/2012\/12\/Benjamin-Netanyahu-Angela-Merkel.jpg\",\"width\":\"400\",\"height\":\"277\"},{\"@type\":\"BreadcrumbList\",\"@id\":\"https:\/\/www.pressenza.com\/es\/2012\/12\/reunion-clave-entre-netanyahu-y-merkel-luego-de-la-votacion-en-la-onu-a-favor-de-palestina\/#breadcrumb\",\"itemListElement\":[{\"@type\":\"ListItem\",\"position\":1,\"name\":\"Accueil\",\"item\":\"https:\/\/www.pressenza.com\/es\/\"},{\"@type\":\"ListItem\",\"position\":2,\"name\":\"Reuni\u00f3n clave entre Netanyahu y Merkel luego de la votaci\u00f3n en la ONU a favor de Palestina\"}]},{\"@type\":\"WebSite\",\"@id\":\"https:\/\/www.pressenza.com\/es\/#website\",\"url\":\"https:\/\/www.pressenza.com\/es\/\",\"name\":\"Pressenza\",\"description\":\"International Press Agency\",\"publisher\":{\"@id\":\"https:\/\/www.pressenza.com\/es\/#organization\"},\"potentialAction\":[{\"@type\":\"SearchAction\",\"target\":{\"@type\":\"EntryPoint\",\"urlTemplate\":\"https:\/\/www.pressenza.com\/es\/?s={search_term_string}\"},\"query-input\":{\"@type\":\"PropertyValueSpecification\",\"valueRequired\":true,\"valueName\":\"search_term_string\"}}],\"inLanguage\":\"es\"},{\"@type\":\"Organization\",\"@id\":\"https:\/\/www.pressenza.com\/es\/#organization\",\"name\":\"Pressenza\",\"url\":\"https:\/\/www.pressenza.com\/es\/\",\"logo\":{\"@type\":\"ImageObject\",\"inLanguage\":\"es\",\"@id\":\"https:\/\/www.pressenza.com\/es\/#\/schema\/logo\/image\/\",\"url\":\"https:\/\/www.pressenza.com\/wp-content\/uploads\/2022\/10\/pressenza_logo_200x200.jpg\",\"contentUrl\":\"https:\/\/www.pressenza.com\/wp-content\/uploads\/2022\/10\/pressenza_logo_200x200.jpg\",\"width\":200,\"height\":200,\"caption\":\"Pressenza\"},\"image\":{\"@id\":\"https:\/\/www.pressenza.com\/es\/#\/schema\/logo\/image\/\"},\"sameAs\":[\"https:\/\/www.facebook.com\/PressenzaItalia\",\"https:\/\/x.com\/PressenzaIPA\"]},{\"@type\":\"Person\",\"@id\":\"https:\/\/www.pressenza.com\/es\/#\/schema\/person\/8bb53ec73ef39ceec36ca0128a0ccd41\",\"name\":\"P\u00eda Figueroa\",\"description\":\"Founder of Pressenza, life-long humanist, author of several monographs and books.\",\"sameAs\":[\"https:\/\/www.facebook.com\/pia.figueroa?ref=tn_tnmn\",\"https:\/\/x.com\/piafigueroa\"],\"url\":\"https:\/\/www.pressenza.com\/es\/author\/pia-figueroa\/\"}]}<\/script>\n<!-- \/ Yoast SEO plugin. -->","yoast_head_json":{"title":"Reuni\u00f3n clave entre Netanyahu y Merkel luego de la votaci\u00f3n en la ONU a favor de Palestina","description":"La canciller alemana, Angela Merkel, y el primer ministro israel\u00ed, Benjamin Netanyahu, celebrar\u00e1n esta noche una cena de trabajo previa a las consultas","robots":{"index":"index","follow":"follow","max-snippet":"max-snippet:-1","max-image-preview":"max-image-preview:large","max-video-preview":"max-video-preview:-1"},"canonical":"https:\/\/www.pressenza.com\/es\/2012\/12\/reunion-clave-entre-netanyahu-y-merkel-luego-de-la-votacion-en-la-onu-a-favor-de-palestina\/","og_locale":"es_ES","og_type":"article","og_title":"Reuni\u00f3n clave entre Netanyahu y Merkel luego de la votaci\u00f3n en la ONU a favor de Palestina","og_description":"La canciller alemana, Angela Merkel, y el primer ministro israel\u00ed, Benjamin Netanyahu, celebrar\u00e1n esta noche una cena de trabajo previa a las consultas","og_url":"https:\/\/www.pressenza.com\/es\/2012\/12\/reunion-clave-entre-netanyahu-y-merkel-luego-de-la-votacion-en-la-onu-a-favor-de-palestina\/","og_site_name":"Pressenza","article_publisher":"https:\/\/www.facebook.com\/PressenzaItalia","article_author":"https:\/\/www.facebook.com\/pia.figueroa?ref=tn_tnmn","article_published_time":"2012-12-05T16:55:23+00:00","article_modified_time":"2012-12-05T17:00:50+00:00","og_image":[{"width":400,"height":277,"url":"https:\/\/www.pressenza.com\/wp-content\/uploads\/2012\/12\/Benjamin-Netanyahu-Angela-Merkel.jpg","type":"image\/jpeg"}],"author":"P\u00eda Figueroa","twitter_card":"summary_large_image","twitter_creator":"@piafigueroa","twitter_site":"@PressenzaIPA","twitter_misc":{"Escrito por":"P\u00eda Figueroa","Tiempo de lectura":"2 minutos"},"schema":{"@context":"https:\/\/schema.org","@graph":[{"@type":"Article","@id":"https:\/\/www.pressenza.com\/es\/2012\/12\/reunion-clave-entre-netanyahu-y-merkel-luego-de-la-votacion-en-la-onu-a-favor-de-palestina\/#article","isPartOf":{"@id":"https:\/\/www.pressenza.com\/es\/2012\/12\/reunion-clave-entre-netanyahu-y-merkel-luego-de-la-votacion-en-la-onu-a-favor-de-palestina\/"},"author":{"name":"P\u00eda Figueroa","@id":"https:\/\/www.pressenza.com\/es\/#\/schema\/person\/8bb53ec73ef39ceec36ca0128a0ccd41"},"headline":"Reuni\u00f3n clave entre Netanyahu y Merkel luego de la votaci\u00f3n en la ONU a favor de Palestina","datePublished":"2012-12-05T16:55:23+00:00","dateModified":"2012-12-05T17:00:50+00:00","mainEntityOfPage":{"@id":"https:\/\/www.pressenza.com\/es\/2012\/12\/reunion-clave-entre-netanyahu-y-merkel-luego-de-la-votacion-en-la-onu-a-favor-de-palestina\/"},"wordCount":429,"publisher":{"@id":"https:\/\/www.pressenza.com\/es\/#organization"},"image":{"@id":"https:\/\/www.pressenza.com\/es\/2012\/12\/reunion-clave-entre-netanyahu-y-merkel-luego-de-la-votacion-en-la-onu-a-favor-de-palestina\/#primaryimage"},"thumbnailUrl":"https:\/\/www.pressenza.com\/wp-content\/uploads\/2012\/12\/Benjamin-Netanyahu-Angela-Merkel.jpg","keywords":["Palestina"],"articleSection":["Asuntos internacionales","Europa"],"inLanguage":"es"},{"@type":"WebPage","@id":"https:\/\/www.pressenza.com\/es\/2012\/12\/reunion-clave-entre-netanyahu-y-merkel-luego-de-la-votacion-en-la-onu-a-favor-de-palestina\/","url":"https:\/\/www.pressenza.com\/es\/2012\/12\/reunion-clave-entre-netanyahu-y-merkel-luego-de-la-votacion-en-la-onu-a-favor-de-palestina\/","name":"Reuni\u00f3n clave entre Netanyahu y Merkel luego de la votaci\u00f3n en la ONU a favor de Palestina","isPartOf":{"@id":"https:\/\/www.pressenza.com\/es\/#website"},"primaryImageOfPage":{"@id":"https:\/\/www.pressenza.com\/es\/2012\/12\/reunion-clave-entre-netanyahu-y-merkel-luego-de-la-votacion-en-la-onu-a-favor-de-palestina\/#primaryimage"},"image":{"@id":"https:\/\/www.pressenza.com\/es\/2012\/12\/reunion-clave-entre-netanyahu-y-merkel-luego-de-la-votacion-en-la-onu-a-favor-de-palestina\/#primaryimage"},"thumbnailUrl":"https:\/\/www.pressenza.com\/wp-content\/uploads\/2012\/12\/Benjamin-Netanyahu-Angela-Merkel.jpg","datePublished":"2012-12-05T16:55:23+00:00","dateModified":"2012-12-05T17:00:50+00:00","description":"La canciller alemana, Angela Merkel, y el primer ministro israel\u00ed, Benjamin Netanyahu, celebrar\u00e1n esta noche una cena de trabajo previa a las consultas","breadcrumb":{"@id":"https:\/\/www.pressenza.com\/es\/2012\/12\/reunion-clave-entre-netanyahu-y-merkel-luego-de-la-votacion-en-la-onu-a-favor-de-palestina\/#breadcrumb"},"inLanguage":"es","potentialAction":[{"@type":"ReadAction","target":["https:\/\/www.pressenza.com\/es\/2012\/12\/reunion-clave-entre-netanyahu-y-merkel-luego-de-la-votacion-en-la-onu-a-favor-de-palestina\/"]}]},{"@type":"ImageObject","inLanguage":"es","@id":"https:\/\/www.pressenza.com\/es\/2012\/12\/reunion-clave-entre-netanyahu-y-merkel-luego-de-la-votacion-en-la-onu-a-favor-de-palestina\/#primaryimage","url":"https:\/\/www.pressenza.com\/wp-content\/uploads\/2012\/12\/Benjamin-Netanyahu-Angela-Merkel.jpg","contentUrl":"https:\/\/www.pressenza.com\/wp-content\/uploads\/2012\/12\/Benjamin-Netanyahu-Angela-Merkel.jpg","width":"400","height":"277"},{"@type":"BreadcrumbList","@id":"https:\/\/www.pressenza.com\/es\/2012\/12\/reunion-clave-entre-netanyahu-y-merkel-luego-de-la-votacion-en-la-onu-a-favor-de-palestina\/#breadcrumb","itemListElement":[{"@type":"ListItem","position":1,"name":"Accueil","item":"https:\/\/www.pressenza.com\/es\/"},{"@type":"ListItem","position":2,"name":"Reuni\u00f3n clave entre Netanyahu y Merkel luego de la votaci\u00f3n en la ONU a favor de Palestina"}]},{"@type":"WebSite","@id":"https:\/\/www.pressenza.com\/es\/#website","url":"https:\/\/www.pressenza.com\/es\/","name":"Pressenza","description":"International Press Agency","publisher":{"@id":"https:\/\/www.pressenza.com\/es\/#organization"},"potentialAction":[{"@type":"SearchAction","target":{"@type":"EntryPoint","urlTemplate":"https:\/\/www.pressenza.com\/es\/?s={search_term_string}"},"query-input":{"@type":"PropertyValueSpecification","valueRequired":true,"valueName":"search_term_string"}}],"inLanguage":"es"},{"@type":"Organization","@id":"https:\/\/www.pressenza.com\/es\/#organization","name":"Pressenza","url":"https:\/\/www.pressenza.com\/es\/","logo":{"@type":"ImageObject","inLanguage":"es","@id":"https:\/\/www.pressenza.com\/es\/#\/schema\/logo\/image\/","url":"https:\/\/www.pressenza.com\/wp-content\/uploads\/2022\/10\/pressenza_logo_200x200.jpg","contentUrl":"https:\/\/www.pressenza.com\/wp-content\/uploads\/2022\/10\/pressenza_logo_200x200.jpg","width":200,"height":200,"caption":"Pressenza"},"image":{"@id":"https:\/\/www.pressenza.com\/es\/#\/schema\/logo\/image\/"},"sameAs":["https:\/\/www.facebook.com\/PressenzaItalia","https:\/\/x.com\/PressenzaIPA"]},{"@type":"Person","@id":"https:\/\/www.pressenza.com\/es\/#\/schema\/person\/8bb53ec73ef39ceec36ca0128a0ccd41","name":"P\u00eda Figueroa","description":"Founder of Pressenza, life-long humanist, author of several monographs and books.","sameAs":["https:\/\/www.facebook.com\/pia.figueroa?ref=tn_tnmn","https:\/\/x.com\/piafigueroa"],"url":"https:\/\/www.pressenza.com\/es\/author\/pia-figueroa\/"}]}},"place":"Berl\u00edn","original_article_url":"","_links":{"self":[{"href":"https:\/\/www.pressenza.com\/es\/wp-json\/wp\/v2\/posts\/26877","targetHints":{"allow":["GET"]}}],"collection":[{"href":"https:\/\/www.pressenza.com\/es\/wp-json\/wp\/v2\/posts"}],"about":[{"href":"https:\/\/www.pressenza.com\/es\/wp-json\/wp\/v2\/types\/post"}],"author":[{"embeddable":true,"href":"https:\/\/www.pressenza.com\/es\/wp-json\/wp\/v2\/users\/22"}],"replies":[{"embeddable":true,"href":"https:\/\/www.pressenza.com\/es\/wp-json\/wp\/v2\/comments?post=26877"}],"version-history":[{"count":0,"href":"https:\/\/www.pressenza.com\/es\/wp-json\/wp\/v2\/posts\/26877\/revisions"}],"wp:featuredmedia":[{"embeddable":true,"href":"https:\/\/www.pressenza.com\/es\/wp-json\/wp\/v2\/media\/26885"}],"wp:attachment":[{"href":"https:\/\/www.pressenza.com\/es\/wp-json\/wp\/v2\/media?parent=26877"}],"wp:term":[{"taxonomy":"category","embeddable":true,"href":"https:\/\/www.pressenza.com\/es\/wp-json\/wp\/v2\/categories?post=26877"},{"taxonomy":"post_tag","embeddable":true,"href":"https:\/\/www.pressenza.com\/es\/wp-json\/wp\/v2\/tags?post=26877"}],"curies":[{"name":"wp","href":"https:\/\/api.w.org\/{rel}","templated":true}]}}