{"id":268603,"date":"2016-01-19T17:12:49","date_gmt":"2016-01-19T17:12:49","guid":{"rendered":"http:\/\/www.pressenza.com\/es\/?p=268603"},"modified":"2016-01-19T17:28:34","modified_gmt":"2016-01-19T17:28:34","slug":"ecuador-se-solidariza-con-milagro-sala","status":"publish","type":"post","link":"https:\/\/www.pressenza.com\/es\/2016\/01\/ecuador-se-solidariza-con-milagro-sala\/","title":{"rendered":"Ecuador se solidariza con Milagro Sala"},"content":{"rendered":"<p><em>El partido de Rafael Correa, Alianza Pa\u00eds, manifest\u00f3 su apoyo y preocupaci\u00f3n por la detenci\u00f3n de la diputada del PARLASUR Milagro Sala.<\/em><\/p>\n<p><em><strong>Por Agencia Paco Urondo<\/strong><\/em><\/p>\n<p>Quito, 18 de enero de 2016<\/p>\n<p><strong>Alianza PAIS se solidariza con la parlamentaria argentina Milagro Sala<\/strong><br \/>\nEl Movimiento Alianza PAIS expresa su preocupaci\u00f3n y solidaridad ante la injusta detenci\u00f3n de la compa\u00f1era Milagro Sala, lideresa ind\u00edgena y parlamentaria del Mercosur por Argentina. Desde Ecuador, seguimos con preocupaci\u00f3n cualquier intento de restringir las libertades democr\u00e1ticas y de borrar el legado hist\u00f3rico de lucha por la emancipaci\u00f3n, justicia social y soberan\u00eda del pueblo argentino en los \u00faltimos a\u00f1os.<br \/>\nLas fuerzas progresistas de Am\u00e9rica Latina nos mantenemos alertas y rechazamos esta y otras Formas de persecuci\u00f3n pol\u00edtica contra quienes luchamos por un mundo m\u00e1s justo. Alentamos a que se garantice el debido proceso democr\u00e1tico para la inmediata liberaci\u00f3n de Milagro Sala.<br \/>\nSaludos fraternos,<\/p>\n<p><em>Guillaume Long<\/em><br \/>\n<em>Presidente de la Comisi\u00f3n de Relaciones Internacionales<\/em><br \/>\n<em>Movimiento Alianza PAIS<\/em><\/p>\n<p>&nbsp;<\/p>\n<blockquote class=\"twitter-tweet\" lang=\"es\">\n<p dir=\"ltr\" lang=\"es\">Preocupante la detenci\u00f3n de <a href=\"https:\/\/twitter.com\/hashtag\/MilagroSala?src=hash\">#MilagroSala<\/a>, compa\u00f1era parlamentaria argentina y luchadora social. Am\u00e9rica Latina atenta a su liberaci\u00f3n.<\/p>\n<p>\u2014 Gabriela Rivadeneira (@GabrielaEsPais) <a href=\"https:\/\/twitter.com\/GabrielaEsPais\/status\/688839303519186949\">enero 17, 2016<\/a><\/p><\/blockquote>\n<p><script src=\"\/\/platform.twitter.com\/widgets.js\" async=\"\" charset=\"utf-8\"><\/script><\/p>\n","protected":false},"excerpt":{"rendered":"<p>El partido de Rafael Correa, Alianza Pa\u00eds, manifest\u00f3 su apoyo y preocupaci\u00f3n por la detenci\u00f3n de la diputada del PARLASUR Milagro Sala. Por Agencia Paco Urondo Quito, 18 de enero de 2016 Alianza PAIS se solidariza con la parlamentaria argentina&hellip;<\/p>\n","protected":false},"author":87,"featured_media":268633,"comment_status":"closed","ping_status":"open","sticky":false,"template":"","format":"standard","meta":{"footnotes":""},"categories":[39,74,67],"tags":[23324,1266,1096],"class_list":["post-268603","post","type-post","status-publish","format-standard","has-post-thumbnail","hentry","category-internacional","category-politica-es","category-sudamerica","tag-alianza-pais","tag-milagro-sala","tag-tupac-amaru"],"yoast_head":"<!-- This site is optimized with the Yoast SEO plugin v27.1.1 - https:\/\/yoast.com\/product\/yoast-seo-wordpress\/ -->\n<title>Ecuador se solidariza con Milagro Sala<\/title>\n<meta name=\"description\" content=\"El partido de Rafael Correa, Alianza Pa\u00eds, manifest\u00f3 su apoyo y preocupaci\u00f3n por la detenci\u00f3n de la diputada del PARLASUR Milagro Sala. Por Agencia Paco\" \/>\n<meta name=\"robots\" content=\"index, follow, max-snippet:-1, max-image-preview:large, max-video-preview:-1\" \/>\n<link rel=\"canonical\" href=\"https:\/\/www.pressenza.com\/es\/2016\/01\/ecuador-se-solidariza-con-milagro-sala\/\" \/>\n<meta property=\"og:locale\" content=\"es_ES\" \/>\n<meta property=\"og:type\" content=\"article\" \/>\n<meta property=\"og:title\" content=\"Ecuador se solidariza con Milagro Sala\" \/>\n<meta property=\"og:description\" content=\"El partido de Rafael Correa, Alianza Pa\u00eds, manifest\u00f3 su apoyo y preocupaci\u00f3n por la detenci\u00f3n de la diputada del PARLASUR Milagro Sala. Por Agencia Paco\" \/>\n<meta property=\"og:url\" content=\"https:\/\/www.pressenza.com\/es\/2016\/01\/ecuador-se-solidariza-con-milagro-sala\/\" \/>\n<meta property=\"og:site_name\" content=\"Pressenza\" \/>\n<meta property=\"article:publisher\" content=\"https:\/\/www.facebook.com\/PressenzaItalia\" \/>\n<meta property=\"article:published_time\" content=\"2016-01-19T17:12:49+00:00\" \/>\n<meta property=\"article:modified_time\" content=\"2016-01-19T17:28:34+00:00\" \/>\n<meta property=\"og:image\" content=\"https:\/\/www.pressenza.com\/wp-content\/uploads\/2016\/01\/Rafael-Correa.jpeg\" \/>\n\t<meta property=\"og:image:width\" content=\"1280\" \/>\n\t<meta property=\"og:image:height\" content=\"851\" \/>\n\t<meta property=\"og:image:type\" content=\"image\/jpeg\" \/>\n<meta name=\"author\" content=\"Redacci\u00f3n Argentina\" \/>\n<meta name=\"twitter:card\" content=\"summary_large_image\" \/>\n<meta name=\"twitter:creator\" content=\"@pressenza\" \/>\n<meta name=\"twitter:site\" content=\"@PressenzaIPA\" \/>\n<meta name=\"twitter:label1\" content=\"Escrito por\" \/>\n\t<meta name=\"twitter:data1\" content=\"Redacci\u00f3n Argentina\" \/>\n\t<meta name=\"twitter:label2\" content=\"Tiempo de lectura\" \/>\n\t<meta name=\"twitter:data2\" content=\"1 minuto\" \/>\n<script type=\"application\/ld+json\" class=\"yoast-schema-graph\">{\"@context\":\"https:\/\/schema.org\",\"@graph\":[{\"@type\":\"Article\",\"@id\":\"https:\/\/www.pressenza.com\/es\/2016\/01\/ecuador-se-solidariza-con-milagro-sala\/#article\",\"isPartOf\":{\"@id\":\"https:\/\/www.pressenza.com\/es\/2016\/01\/ecuador-se-solidariza-con-milagro-sala\/\"},\"author\":{\"name\":\"Redacci\u00f3n Argentina\",\"@id\":\"https:\/\/www.pressenza.com\/es\/#\/schema\/person\/0dda7d1b68267ad95b1e1d83abc98c89\"},\"headline\":\"Ecuador se solidariza con Milagro Sala\",\"datePublished\":\"2016-01-19T17:12:49+00:00\",\"dateModified\":\"2016-01-19T17:28:34+00:00\",\"mainEntityOfPage\":{\"@id\":\"https:\/\/www.pressenza.com\/es\/2016\/01\/ecuador-se-solidariza-con-milagro-sala\/\"},\"wordCount\":208,\"publisher\":{\"@id\":\"https:\/\/www.pressenza.com\/es\/#organization\"},\"image\":{\"@id\":\"https:\/\/www.pressenza.com\/es\/2016\/01\/ecuador-se-solidariza-con-milagro-sala\/#primaryimage\"},\"thumbnailUrl\":\"https:\/\/www.pressenza.com\/wp-content\/uploads\/2016\/01\/Rafael-Correa.jpeg\",\"keywords\":[\"Alianza PA\u00cdS\",\"Milagro Sala\",\"Tupac Amaru\"],\"articleSection\":[\"Internacional\",\"Pol\u00edtica\",\"Sudam\u00e9rica\"],\"inLanguage\":\"es\"},{\"@type\":\"WebPage\",\"@id\":\"https:\/\/www.pressenza.com\/es\/2016\/01\/ecuador-se-solidariza-con-milagro-sala\/\",\"url\":\"https:\/\/www.pressenza.com\/es\/2016\/01\/ecuador-se-solidariza-con-milagro-sala\/\",\"name\":\"Ecuador se solidariza con Milagro Sala\",\"isPartOf\":{\"@id\":\"https:\/\/www.pressenza.com\/es\/#website\"},\"primaryImageOfPage\":{\"@id\":\"https:\/\/www.pressenza.com\/es\/2016\/01\/ecuador-se-solidariza-con-milagro-sala\/#primaryimage\"},\"image\":{\"@id\":\"https:\/\/www.pressenza.com\/es\/2016\/01\/ecuador-se-solidariza-con-milagro-sala\/#primaryimage\"},\"thumbnailUrl\":\"https:\/\/www.pressenza.com\/wp-content\/uploads\/2016\/01\/Rafael-Correa.jpeg\",\"datePublished\":\"2016-01-19T17:12:49+00:00\",\"dateModified\":\"2016-01-19T17:28:34+00:00\",\"description\":\"El partido de Rafael Correa, Alianza Pa\u00eds, manifest\u00f3 su apoyo y preocupaci\u00f3n por la detenci\u00f3n de la diputada del PARLASUR Milagro Sala. Por Agencia Paco\",\"breadcrumb\":{\"@id\":\"https:\/\/www.pressenza.com\/es\/2016\/01\/ecuador-se-solidariza-con-milagro-sala\/#breadcrumb\"},\"inLanguage\":\"es\",\"potentialAction\":[{\"@type\":\"ReadAction\",\"target\":[\"https:\/\/www.pressenza.com\/es\/2016\/01\/ecuador-se-solidariza-con-milagro-sala\/\"]}]},{\"@type\":\"ImageObject\",\"inLanguage\":\"es\",\"@id\":\"https:\/\/www.pressenza.com\/es\/2016\/01\/ecuador-se-solidariza-con-milagro-sala\/#primaryimage\",\"url\":\"https:\/\/www.pressenza.com\/wp-content\/uploads\/2016\/01\/Rafael-Correa.jpeg\",\"contentUrl\":\"https:\/\/www.pressenza.com\/wp-content\/uploads\/2016\/01\/Rafael-Correa.jpeg\",\"width\":1280,\"height\":851},{\"@type\":\"BreadcrumbList\",\"@id\":\"https:\/\/www.pressenza.com\/es\/2016\/01\/ecuador-se-solidariza-con-milagro-sala\/#breadcrumb\",\"itemListElement\":[{\"@type\":\"ListItem\",\"position\":1,\"name\":\"Accueil\",\"item\":\"https:\/\/www.pressenza.com\/es\/\"},{\"@type\":\"ListItem\",\"position\":2,\"name\":\"Ecuador se solidariza con Milagro Sala\"}]},{\"@type\":\"WebSite\",\"@id\":\"https:\/\/www.pressenza.com\/es\/#website\",\"url\":\"https:\/\/www.pressenza.com\/es\/\",\"name\":\"Pressenza\",\"description\":\"International Press Agency\",\"publisher\":{\"@id\":\"https:\/\/www.pressenza.com\/es\/#organization\"},\"potentialAction\":[{\"@type\":\"SearchAction\",\"target\":{\"@type\":\"EntryPoint\",\"urlTemplate\":\"https:\/\/www.pressenza.com\/es\/?s={search_term_string}\"},\"query-input\":{\"@type\":\"PropertyValueSpecification\",\"valueRequired\":true,\"valueName\":\"search_term_string\"}}],\"inLanguage\":\"es\"},{\"@type\":\"Organization\",\"@id\":\"https:\/\/www.pressenza.com\/es\/#organization\",\"name\":\"Pressenza\",\"url\":\"https:\/\/www.pressenza.com\/es\/\",\"logo\":{\"@type\":\"ImageObject\",\"inLanguage\":\"es\",\"@id\":\"https:\/\/www.pressenza.com\/es\/#\/schema\/logo\/image\/\",\"url\":\"https:\/\/www.pressenza.com\/wp-content\/uploads\/2022\/10\/pressenza_logo_200x200.jpg\",\"contentUrl\":\"https:\/\/www.pressenza.com\/wp-content\/uploads\/2022\/10\/pressenza_logo_200x200.jpg\",\"width\":200,\"height\":200,\"caption\":\"Pressenza\"},\"image\":{\"@id\":\"https:\/\/www.pressenza.com\/es\/#\/schema\/logo\/image\/\"},\"sameAs\":[\"https:\/\/www.facebook.com\/PressenzaItalia\",\"https:\/\/x.com\/PressenzaIPA\"]},{\"@type\":\"Person\",\"@id\":\"https:\/\/www.pressenza.com\/es\/#\/schema\/person\/0dda7d1b68267ad95b1e1d83abc98c89\",\"name\":\"Redacci\u00f3n Argentina\",\"description\":\"News from the Pressenza Bureau in Argentina.\",\"sameAs\":[\"https:\/\/x.com\/pressenza\"],\"url\":\"https:\/\/www.pressenza.com\/es\/author\/redaccion-argentina\/\"}]}<\/script>\n<!-- \/ Yoast SEO plugin. -->","yoast_head_json":{"title":"Ecuador se solidariza con Milagro Sala","description":"El partido de Rafael Correa, Alianza Pa\u00eds, manifest\u00f3 su apoyo y preocupaci\u00f3n por la detenci\u00f3n de la diputada del PARLASUR Milagro Sala. Por Agencia Paco","robots":{"index":"index","follow":"follow","max-snippet":"max-snippet:-1","max-image-preview":"max-image-preview:large","max-video-preview":"max-video-preview:-1"},"canonical":"https:\/\/www.pressenza.com\/es\/2016\/01\/ecuador-se-solidariza-con-milagro-sala\/","og_locale":"es_ES","og_type":"article","og_title":"Ecuador se solidariza con Milagro Sala","og_description":"El partido de Rafael Correa, Alianza Pa\u00eds, manifest\u00f3 su apoyo y preocupaci\u00f3n por la detenci\u00f3n de la diputada del PARLASUR Milagro Sala. Por Agencia Paco","og_url":"https:\/\/www.pressenza.com\/es\/2016\/01\/ecuador-se-solidariza-con-milagro-sala\/","og_site_name":"Pressenza","article_publisher":"https:\/\/www.facebook.com\/PressenzaItalia","article_published_time":"2016-01-19T17:12:49+00:00","article_modified_time":"2016-01-19T17:28:34+00:00","og_image":[{"width":1280,"height":851,"url":"https:\/\/www.pressenza.com\/wp-content\/uploads\/2016\/01\/Rafael-Correa.jpeg","type":"image\/jpeg"}],"author":"Redacci\u00f3n Argentina","twitter_card":"summary_large_image","twitter_creator":"@pressenza","twitter_site":"@PressenzaIPA","twitter_misc":{"Escrito por":"Redacci\u00f3n Argentina","Tiempo de lectura":"1 minuto"},"schema":{"@context":"https:\/\/schema.org","@graph":[{"@type":"Article","@id":"https:\/\/www.pressenza.com\/es\/2016\/01\/ecuador-se-solidariza-con-milagro-sala\/#article","isPartOf":{"@id":"https:\/\/www.pressenza.com\/es\/2016\/01\/ecuador-se-solidariza-con-milagro-sala\/"},"author":{"name":"Redacci\u00f3n Argentina","@id":"https:\/\/www.pressenza.com\/es\/#\/schema\/person\/0dda7d1b68267ad95b1e1d83abc98c89"},"headline":"Ecuador se solidariza con Milagro Sala","datePublished":"2016-01-19T17:12:49+00:00","dateModified":"2016-01-19T17:28:34+00:00","mainEntityOfPage":{"@id":"https:\/\/www.pressenza.com\/es\/2016\/01\/ecuador-se-solidariza-con-milagro-sala\/"},"wordCount":208,"publisher":{"@id":"https:\/\/www.pressenza.com\/es\/#organization"},"image":{"@id":"https:\/\/www.pressenza.com\/es\/2016\/01\/ecuador-se-solidariza-con-milagro-sala\/#primaryimage"},"thumbnailUrl":"https:\/\/www.pressenza.com\/wp-content\/uploads\/2016\/01\/Rafael-Correa.jpeg","keywords":["Alianza PA\u00cdS","Milagro Sala","Tupac Amaru"],"articleSection":["Internacional","Pol\u00edtica","Sudam\u00e9rica"],"inLanguage":"es"},{"@type":"WebPage","@id":"https:\/\/www.pressenza.com\/es\/2016\/01\/ecuador-se-solidariza-con-milagro-sala\/","url":"https:\/\/www.pressenza.com\/es\/2016\/01\/ecuador-se-solidariza-con-milagro-sala\/","name":"Ecuador se solidariza con Milagro Sala","isPartOf":{"@id":"https:\/\/www.pressenza.com\/es\/#website"},"primaryImageOfPage":{"@id":"https:\/\/www.pressenza.com\/es\/2016\/01\/ecuador-se-solidariza-con-milagro-sala\/#primaryimage"},"image":{"@id":"https:\/\/www.pressenza.com\/es\/2016\/01\/ecuador-se-solidariza-con-milagro-sala\/#primaryimage"},"thumbnailUrl":"https:\/\/www.pressenza.com\/wp-content\/uploads\/2016\/01\/Rafael-Correa.jpeg","datePublished":"2016-01-19T17:12:49+00:00","dateModified":"2016-01-19T17:28:34+00:00","description":"El partido de Rafael Correa, Alianza Pa\u00eds, manifest\u00f3 su apoyo y preocupaci\u00f3n por la detenci\u00f3n de la diputada del PARLASUR Milagro Sala. Por Agencia Paco","breadcrumb":{"@id":"https:\/\/www.pressenza.com\/es\/2016\/01\/ecuador-se-solidariza-con-milagro-sala\/#breadcrumb"},"inLanguage":"es","potentialAction":[{"@type":"ReadAction","target":["https:\/\/www.pressenza.com\/es\/2016\/01\/ecuador-se-solidariza-con-milagro-sala\/"]}]},{"@type":"ImageObject","inLanguage":"es","@id":"https:\/\/www.pressenza.com\/es\/2016\/01\/ecuador-se-solidariza-con-milagro-sala\/#primaryimage","url":"https:\/\/www.pressenza.com\/wp-content\/uploads\/2016\/01\/Rafael-Correa.jpeg","contentUrl":"https:\/\/www.pressenza.com\/wp-content\/uploads\/2016\/01\/Rafael-Correa.jpeg","width":1280,"height":851},{"@type":"BreadcrumbList","@id":"https:\/\/www.pressenza.com\/es\/2016\/01\/ecuador-se-solidariza-con-milagro-sala\/#breadcrumb","itemListElement":[{"@type":"ListItem","position":1,"name":"Accueil","item":"https:\/\/www.pressenza.com\/es\/"},{"@type":"ListItem","position":2,"name":"Ecuador se solidariza con Milagro Sala"}]},{"@type":"WebSite","@id":"https:\/\/www.pressenza.com\/es\/#website","url":"https:\/\/www.pressenza.com\/es\/","name":"Pressenza","description":"International Press Agency","publisher":{"@id":"https:\/\/www.pressenza.com\/es\/#organization"},"potentialAction":[{"@type":"SearchAction","target":{"@type":"EntryPoint","urlTemplate":"https:\/\/www.pressenza.com\/es\/?s={search_term_string}"},"query-input":{"@type":"PropertyValueSpecification","valueRequired":true,"valueName":"search_term_string"}}],"inLanguage":"es"},{"@type":"Organization","@id":"https:\/\/www.pressenza.com\/es\/#organization","name":"Pressenza","url":"https:\/\/www.pressenza.com\/es\/","logo":{"@type":"ImageObject","inLanguage":"es","@id":"https:\/\/www.pressenza.com\/es\/#\/schema\/logo\/image\/","url":"https:\/\/www.pressenza.com\/wp-content\/uploads\/2022\/10\/pressenza_logo_200x200.jpg","contentUrl":"https:\/\/www.pressenza.com\/wp-content\/uploads\/2022\/10\/pressenza_logo_200x200.jpg","width":200,"height":200,"caption":"Pressenza"},"image":{"@id":"https:\/\/www.pressenza.com\/es\/#\/schema\/logo\/image\/"},"sameAs":["https:\/\/www.facebook.com\/PressenzaItalia","https:\/\/x.com\/PressenzaIPA"]},{"@type":"Person","@id":"https:\/\/www.pressenza.com\/es\/#\/schema\/person\/0dda7d1b68267ad95b1e1d83abc98c89","name":"Redacci\u00f3n Argentina","description":"News from the Pressenza Bureau in Argentina.","sameAs":["https:\/\/x.com\/pressenza"],"url":"https:\/\/www.pressenza.com\/es\/author\/redaccion-argentina\/"}]}},"place":"Quito","original_article_url":"http:\/\/agenciapacourondo.com.ar\/secciones\/patria-grande\/18365-ecuador-se-solidariza-con-milagro-sala","_links":{"self":[{"href":"https:\/\/www.pressenza.com\/es\/wp-json\/wp\/v2\/posts\/268603","targetHints":{"allow":["GET"]}}],"collection":[{"href":"https:\/\/www.pressenza.com\/es\/wp-json\/wp\/v2\/posts"}],"about":[{"href":"https:\/\/www.pressenza.com\/es\/wp-json\/wp\/v2\/types\/post"}],"author":[{"embeddable":true,"href":"https:\/\/www.pressenza.com\/es\/wp-json\/wp\/v2\/users\/87"}],"replies":[{"embeddable":true,"href":"https:\/\/www.pressenza.com\/es\/wp-json\/wp\/v2\/comments?post=268603"}],"version-history":[{"count":0,"href":"https:\/\/www.pressenza.com\/es\/wp-json\/wp\/v2\/posts\/268603\/revisions"}],"wp:featuredmedia":[{"embeddable":true,"href":"https:\/\/www.pressenza.com\/es\/wp-json\/wp\/v2\/media\/268633"}],"wp:attachment":[{"href":"https:\/\/www.pressenza.com\/es\/wp-json\/wp\/v2\/media?parent=268603"}],"wp:term":[{"taxonomy":"category","embeddable":true,"href":"https:\/\/www.pressenza.com\/es\/wp-json\/wp\/v2\/categories?post=268603"},{"taxonomy":"post_tag","embeddable":true,"href":"https:\/\/www.pressenza.com\/es\/wp-json\/wp\/v2\/tags?post=268603"}],"curies":[{"name":"wp","href":"https:\/\/api.w.org\/{rel}","templated":true}]}}