{"id":2683789,"date":"2026-03-12T23:44:37","date_gmt":"2026-03-12T23:44:37","guid":{"rendered":"https:\/\/www.pressenza.com\/?p=2683789"},"modified":"2026-03-12T23:44:37","modified_gmt":"2026-03-12T23:44:37","slug":"cuba-italia-los-medicos-cubanos-no-se-van-de-calabria","status":"publish","type":"post","link":"https:\/\/www.pressenza.com\/es\/2026\/03\/cuba-italia-los-medicos-cubanos-no-se-van-de-calabria\/","title":{"rendered":"Cuba\/Italia: Los m\u00e9dicos cubanos no se van de Calabria"},"content":{"rendered":"<p>A pesar de las presiones estadounidenses, las autoridades regionales ratifican la imprescindibilidad del apoyo recibido<\/p>\n<div><b>Por Giorgio Trucchi | LINyM<\/b><\/div>\n<p>En 2009, el sistema de salud de Calabria, regi\u00f3n ubicada en la punta de la \u201cbota\u201d de la pen\u00ednsula italiana, fue intervenido por una grav\u00edsima crisis financiera y operativa debido a un elevado d\u00e9ficit presupuestario, mala gesti\u00f3n, despilfarros estructurales, falta de personal y a una mala calidad de los servicios m\u00e9dico-sanitarios prestados. Se calcula que una quinta parte de los habitantes migraba a otras regiones para su hospitalizaci\u00f3n.<\/p>\n<p>Diez a\u00f1os despu\u00e9s, el gobierno central de la \u00e9poca impuls\u00f3 un decreto con el que asumi\u00f3 el control total del sistema sanitario calabr\u00e9s, apartando la administraci\u00f3n regional de la gesti\u00f3n de los servicios y el personal de salud y otorgando plenos poderes a una junta interventora.<\/p>\n<p>El inicio de la pandemia de Covid-19 en Italia (marzo 2020) profundiz\u00f3 a\u00fan m\u00e1s la crisis sanitaria de la regi\u00f3n sure\u00f1a. Esto llev\u00f3 a la necesidad urgente de traer personal desde el exterior para enfrentar el colapso del sistema de salud p\u00fablica.<\/p>\n<p>El 22 de marzo de 2020, desembarcaba en Italia, rumbo a la ciudad de Crema, la brigada m\u00e9dica cubana \u201cHenry Reeve\u201d. Integrada por 52 profesionales, la brigada llegaba al pa\u00eds en \u201cayuda solidaria de emergencia\u201d para apoyar la lucha contra la pandemia y salvar vidas. Un mes m\u00e1s tarde, otra brigada, conformada por 38 entre m\u00e9dicos y enfermeros, iba a prestar su servicio, igual que la primera de forma solidaria y gratuita, en Tur\u00edn.<\/p>\n<p>Un tercer grupo respondi\u00f3 al llamado del gobernador de la Regi\u00f3n Calabria, Roberto Occhiuto (centro-derecha), quien acord\u00f3 con la Comercializadora de servicios m\u00e9dicos cubanos la presencia escalonada de unos 500 m\u00e9dicos y enfermeros. El convenio firmado en 2022 se fundaba en el art\u00edculo 13 del decreto 183\/2020 que permit\u00eda, en situaci\u00f3n de crisis, la contrataci\u00f3n de personal que consigui\u00f3 su t\u00edtulo en el extranjero.<\/p>\n<p>El aporte del personal m\u00e9dico cubano fue fundamental, especialmente cubriendo las necesidades en urgencias, ginecolog\u00eda, ortopedia, radiolog\u00eda, cardiolog\u00eda y pediatr\u00eda, trabajando en 27 hospitales de las provincias de Catanzaro, Cosenza, Crotone, Reggio Calabria y Vibo Valentia. Tanto as\u00ed que, mientras las otras brigadas m\u00e9dicas, terminada la emergencia, regresaban a Cuba, el grupo de profesionales de instancia en Calabria se mantuvo apoyando las necesidades de cientos de miles de personas. Hoy en d\u00eda siguen ah\u00ed, desempe\u00f1\u00e1ndose en las estructuras sanitarias repartidas por toda la regi\u00f3n.<\/p>\n<p>\u201cEn la situaci\u00f3n en la que nos encontr\u00e1bamos, al l\u00edmite de nuestras fuerzas, ver llegar a decenas de profesionales entusiastas y de buen coraz\u00f3n, tambi\u00e9n levant\u00f3 el \u00e1nimo de quienes trabajaban en el hospital\u201d, dijo en su momento a medios nacionales Francesca Liotta, dirigente sanitaria del hospital de Polistena (Gioia Tauro).<\/p>\n<p>\u201cEs gracias a su presencia que hemos logrado mantener abiertas la sala de emergencia, la unidad de cuidado intensivo y pediatr\u00eda. Nos permiten enfrentar cualquier emergencia\u201d, subray\u00f3 Liotta.<\/p>\n<p><b>La longa manu de Estados Unidos<\/b><\/p>\n<p>Han pasado m\u00e1s de cinco a\u00f1os y el 23 de febrero pasado, Occhiuto se reuni\u00f3 en la ciudad de Catanzaro con el embajador estadounidense Mike Hammer y el c\u00f3nsul Terrence Flynn. Ante la insistencia de los diplom\u00e1ticos para que se diera por terminada la colaboraci\u00f3n de los cubanos, el gobernador de la regi\u00f3n Calabria aclar\u00f3 que esta no era una opci\u00f3n viable.<\/p>\n<p>\u201cLos m\u00e9dicos cubanos est\u00e1n permitiendo que hospitales y salas de emergencia sigan funcionando y contin\u00faan siendo una necesidad para nuestra regi\u00f3n. Mi prioridad en este momento es asegurar el derecho a la atenci\u00f3n m\u00e9dica de los ciudadanos calabreses\u201d, expres\u00f3 Occhiuto en un comunicado.<\/p>\n<p>La m\u00e1xima autoridad de Calabria explic\u00f3 tambi\u00e9n que ya estaba en marcha el plan para incrementar la cantidad del personal m\u00e9dico y de salud cubano de 500 a 1000 unidades. Sin embargo, la insistencia del cuerpo diplom\u00e1tico estadounidense lo llev\u00f3 a reconsiderar esta segunda etapa, explorando posibles alternativas, tanto con m\u00e9dicos europeos como extraeuropeos.<\/p>\n<p>\u201cAlgo que no est\u00e1 en discusi\u00f3n es que los m\u00e9dicos cubanos que actualmente prestan su servicio en Calabria \u2013 un poco m\u00e1s de 400 \u2013 se quedan. Han estado y siguen siendo fundamentales para garantizar el funcionamiento de las estructuras sanitarias\u201d, asegur\u00f3 Occhiuto.<\/p>\n<p><b>Una larga historia de presi\u00f3n<\/b><\/p>\n<p>Socavar la credibilidad del trabajo realizado por las brigadas m\u00e9dicas en todo el mundo se ha convertido en pieza clave para Donald Trump. Precisamente por ello, el a\u00f1o pasado Estados Unidos anunci\u00f3 una ampliaci\u00f3n de las restricciones de visado a aquellas personas que se benefician del apoyo m\u00e9dico cubano.<\/p>\n<p>Asimismo, Cuba ha sido incluida en una lista negra de pa\u00edses que no cumplen los est\u00e1ndares m\u00ednimos de lucha contra la trata de personas. De esta manera se estar\u00edan sancionando trabajadores y funcionarios del gobierno cubano y de aquellos pa\u00edses que mantienen programas m\u00e9dicos con Cuba.<\/p>\n<p>Los ataques a la m\u00e1s grande de las Antillas Mayores se han intensificado con el regreso de Trump, en perfecta continuidad con las pol\u00edticas adoptadas durante su primer mandato, entre otros, nuevas restricciones a remesas y viajes, prohibici\u00f3n de vuelos ch\u00e1rter, sanciones a empresas de seguros y financieras, la reactivaci\u00f3n del T\u00edtulo III de la Helms-Burton, la inclusi\u00f3n de Cuba en la lista de estados patrocinadores del terrorismo y en la de adversarios extranjeros, sanciones a pa\u00edses que suministran petr\u00f3leo a la isla.<\/p>\n<p>\u201cItalia es el \u00fanico pa\u00eds de la Uni\u00f3n Europea que sigue empleando en sus hospitales a un n\u00famero significativo de m\u00e9dicos cubanos, que ahora se han vuelto un \u2018blanco\u2019 simb\u00f3lico y pol\u00edtico. Sabemos muy bien que el verdadero objetivo es cortar el flujo de divisas a la isla e intensificar el bloqueo\u201d, dijo en una nota el peri\u00f3dico Calabria 7.<\/p>\n<p>Para el diputado de Alianza Verdes e Izquierda, Angelo Bonelli, \u201clas presiones del gobierno de los Estados Unidos sobre la presencia de m\u00e9dicos cubanos en nuestro sistema sanitario p\u00fablico son inaceptables. Su aporte en Calabria ha sido fundamental y no podemos m\u00e1s que expresar nuestra gratitud por su profesionalismo. Insto \u2013 concluy\u00f3 Bonelli \u2013 a la premier (Giorgia) Meloni a intervenir para contrarrestar la indebida injerencia de un pa\u00eds extranjero en los asuntos internos de otro pa\u00eds\u201d.<\/p>\n<div>Fuente:\u00a0<a href=\"https:\/\/nuevanicaraguaymas.blogspot.com\/2026\/03\/los-medicos-cubanos-no-se-van-de.html\" target=\"_blank\" rel=\"noopener\" data-saferedirecturl=\"https:\/\/www.google.com\/url?q=https:\/\/nuevanicaraguaymas.blogspot.com\/2026\/03\/los-medicos-cubanos-no-se-van-de.html&amp;source=gmail&amp;ust=1773436089186000&amp;usg=AOvVaw2_eALiPqcrLlaQA1u3iMAM\">LINyM<\/a><\/div>\n","protected":false},"excerpt":{"rendered":"<p>A pesar de las presiones estadounidenses, las autoridades regionales ratifican la imprescindibilidad del apoyo recibido Por Giorgio Trucchi | LINyM En 2009, el sistema de salud de Calabria, regi\u00f3n ubicada en la punta de la \u201cbota\u201d de la pen\u00ednsula italiana,&hellip;<\/p>\n","protected":false},"author":1800,"featured_media":2683817,"comment_status":"closed","ping_status":"closed","sticky":false,"template":"","format":"standard","meta":{"footnotes":""},"categories":[69,76,11389,66,74,1239],"tags":[153437,95667,58810,153435,153436],"class_list":["post-2683789","post","type-post","status-publish","format-standard","has-post-thumbnail","hentry","category-america-central","category-relaciones-exteriores","category-contenido-original","category-europa-es","category-politica-es","category-salud","tag-500-personas-entre-medicos-y-enfermeros","tag-calabria-es","tag-medicos-cubanos-es","tag-presiones-estadounidenses","tag-roberto-occhiuto-centro-derecha-gobernador-de-la-region-de-calabria"],"yoast_head":"<!-- This site is optimized with the Yoast SEO plugin v27.1.1 - https:\/\/yoast.com\/product\/yoast-seo-wordpress\/ -->\n<title>Cuba\/Italia: Los m\u00e9dicos cubanos no se van de Calabria<\/title>\n<meta name=\"description\" content=\"A pesar de las presiones estadounidenses, las autoridades regionales ratifican la imprescindibilidad del apoyo recibido Por Giorgio Trucchi | LINyM En\" \/>\n<meta name=\"robots\" content=\"index, follow, max-snippet:-1, max-image-preview:large, max-video-preview:-1\" \/>\n<link rel=\"canonical\" href=\"https:\/\/www.pressenza.com\/es\/2026\/03\/cuba-italia-los-medicos-cubanos-no-se-van-de-calabria\/\" \/>\n<meta property=\"og:locale\" content=\"es_ES\" \/>\n<meta property=\"og:type\" content=\"article\" \/>\n<meta property=\"og:title\" content=\"Cuba\/Italia: Los m\u00e9dicos cubanos no se van de Calabria\" \/>\n<meta property=\"og:description\" content=\"A pesar de las presiones estadounidenses, las autoridades regionales ratifican la imprescindibilidad del apoyo recibido Por Giorgio Trucchi | LINyM En\" \/>\n<meta property=\"og:url\" content=\"https:\/\/www.pressenza.com\/es\/2026\/03\/cuba-italia-los-medicos-cubanos-no-se-van-de-calabria\/\" \/>\n<meta property=\"og:site_name\" content=\"Pressenza\" \/>\n<meta property=\"article:publisher\" content=\"https:\/\/www.facebook.com\/PressenzaItalia\" \/>\n<meta property=\"article:published_time\" content=\"2026-03-12T23:44:37+00:00\" \/>\n<meta property=\"og:image\" content=\"https:\/\/www.pressenza.com\/wp-content\/uploads\/2026\/03\/Medicos-Calabria.jpg\" \/>\n\t<meta property=\"og:image:width\" content=\"748\" \/>\n\t<meta property=\"og:image:height\" content=\"498\" \/>\n\t<meta property=\"og:image:type\" content=\"image\/jpeg\" \/>\n<meta name=\"author\" content=\"Giorgio Trucchi\" \/>\n<meta name=\"twitter:card\" content=\"summary_large_image\" \/>\n<meta name=\"twitter:creator\" content=\"@PressenzaIPA\" \/>\n<meta name=\"twitter:site\" content=\"@PressenzaIPA\" \/>\n<meta name=\"twitter:label1\" content=\"Escrito por\" \/>\n\t<meta name=\"twitter:data1\" content=\"Giorgio Trucchi\" \/>\n\t<meta name=\"twitter:label2\" content=\"Tiempo de lectura\" \/>\n\t<meta name=\"twitter:data2\" content=\"5 minutos\" \/>\n<script type=\"application\/ld+json\" class=\"yoast-schema-graph\">{\"@context\":\"https:\/\/schema.org\",\"@graph\":[{\"@type\":\"Article\",\"@id\":\"https:\/\/www.pressenza.com\/es\/2026\/03\/cuba-italia-los-medicos-cubanos-no-se-van-de-calabria\/#article\",\"isPartOf\":{\"@id\":\"https:\/\/www.pressenza.com\/es\/2026\/03\/cuba-italia-los-medicos-cubanos-no-se-van-de-calabria\/\"},\"author\":{\"name\":\"Giorgio Trucchi\",\"@id\":\"https:\/\/www.pressenza.com\/es\/#\/schema\/person\/55ec2a8f1b3e718010691e4aba073020\"},\"headline\":\"Cuba\/Italia: Los m\u00e9dicos cubanos no se van de Calabria\",\"datePublished\":\"2026-03-12T23:44:37+00:00\",\"mainEntityOfPage\":{\"@id\":\"https:\/\/www.pressenza.com\/es\/2026\/03\/cuba-italia-los-medicos-cubanos-no-se-van-de-calabria\/\"},\"wordCount\":1095,\"publisher\":{\"@id\":\"https:\/\/www.pressenza.com\/es\/#organization\"},\"image\":{\"@id\":\"https:\/\/www.pressenza.com\/es\/2026\/03\/cuba-italia-los-medicos-cubanos-no-se-van-de-calabria\/#primaryimage\"},\"thumbnailUrl\":\"https:\/\/www.pressenza.com\/wp-content\/uploads\/2026\/03\/Medicos-Calabria.jpg\",\"keywords\":[\"500 personas entre m\u00e9dicos y enfermeros\",\"Calabria\",\"m\u00e9dicos cubanos\",\"presiones estadounidenses\",\"Roberto Occhiuto (centro-derecha) - Gobernador de la regi\u00f3n de Calabria\"],\"articleSection\":[\"Am\u00e9rica Central\",\"Asuntos internacionales\",\"Contenido Original\",\"Europa\",\"Pol\u00edtica\",\"Salud\"],\"inLanguage\":\"es\"},{\"@type\":\"WebPage\",\"@id\":\"https:\/\/www.pressenza.com\/es\/2026\/03\/cuba-italia-los-medicos-cubanos-no-se-van-de-calabria\/\",\"url\":\"https:\/\/www.pressenza.com\/es\/2026\/03\/cuba-italia-los-medicos-cubanos-no-se-van-de-calabria\/\",\"name\":\"Cuba\/Italia: Los m\u00e9dicos cubanos no se van de Calabria\",\"isPartOf\":{\"@id\":\"https:\/\/www.pressenza.com\/es\/#website\"},\"primaryImageOfPage\":{\"@id\":\"https:\/\/www.pressenza.com\/es\/2026\/03\/cuba-italia-los-medicos-cubanos-no-se-van-de-calabria\/#primaryimage\"},\"image\":{\"@id\":\"https:\/\/www.pressenza.com\/es\/2026\/03\/cuba-italia-los-medicos-cubanos-no-se-van-de-calabria\/#primaryimage\"},\"thumbnailUrl\":\"https:\/\/www.pressenza.com\/wp-content\/uploads\/2026\/03\/Medicos-Calabria.jpg\",\"datePublished\":\"2026-03-12T23:44:37+00:00\",\"description\":\"A pesar de las presiones estadounidenses, las autoridades regionales ratifican la imprescindibilidad del apoyo recibido Por Giorgio Trucchi | LINyM En\",\"breadcrumb\":{\"@id\":\"https:\/\/www.pressenza.com\/es\/2026\/03\/cuba-italia-los-medicos-cubanos-no-se-van-de-calabria\/#breadcrumb\"},\"inLanguage\":\"es\",\"potentialAction\":[{\"@type\":\"ReadAction\",\"target\":[\"https:\/\/www.pressenza.com\/es\/2026\/03\/cuba-italia-los-medicos-cubanos-no-se-van-de-calabria\/\"]}]},{\"@type\":\"ImageObject\",\"inLanguage\":\"es\",\"@id\":\"https:\/\/www.pressenza.com\/es\/2026\/03\/cuba-italia-los-medicos-cubanos-no-se-van-de-calabria\/#primaryimage\",\"url\":\"https:\/\/www.pressenza.com\/wp-content\/uploads\/2026\/03\/Medicos-Calabria.jpg\",\"contentUrl\":\"https:\/\/www.pressenza.com\/wp-content\/uploads\/2026\/03\/Medicos-Calabria.jpg\",\"width\":748,\"height\":498},{\"@type\":\"BreadcrumbList\",\"@id\":\"https:\/\/www.pressenza.com\/es\/2026\/03\/cuba-italia-los-medicos-cubanos-no-se-van-de-calabria\/#breadcrumb\",\"itemListElement\":[{\"@type\":\"ListItem\",\"position\":1,\"name\":\"Accueil\",\"item\":\"https:\/\/www.pressenza.com\/es\/\"},{\"@type\":\"ListItem\",\"position\":2,\"name\":\"Cuba\/Italia: Los m\u00e9dicos cubanos no se van de Calabria\"}]},{\"@type\":\"WebSite\",\"@id\":\"https:\/\/www.pressenza.com\/es\/#website\",\"url\":\"https:\/\/www.pressenza.com\/es\/\",\"name\":\"Pressenza\",\"description\":\"International Press Agency\",\"publisher\":{\"@id\":\"https:\/\/www.pressenza.com\/es\/#organization\"},\"potentialAction\":[{\"@type\":\"SearchAction\",\"target\":{\"@type\":\"EntryPoint\",\"urlTemplate\":\"https:\/\/www.pressenza.com\/es\/?s={search_term_string}\"},\"query-input\":{\"@type\":\"PropertyValueSpecification\",\"valueRequired\":true,\"valueName\":\"search_term_string\"}}],\"inLanguage\":\"es\"},{\"@type\":\"Organization\",\"@id\":\"https:\/\/www.pressenza.com\/es\/#organization\",\"name\":\"Pressenza\",\"url\":\"https:\/\/www.pressenza.com\/es\/\",\"logo\":{\"@type\":\"ImageObject\",\"inLanguage\":\"es\",\"@id\":\"https:\/\/www.pressenza.com\/es\/#\/schema\/logo\/image\/\",\"url\":\"https:\/\/www.pressenza.com\/wp-content\/uploads\/2022\/10\/pressenza_logo_200x200.jpg\",\"contentUrl\":\"https:\/\/www.pressenza.com\/wp-content\/uploads\/2022\/10\/pressenza_logo_200x200.jpg\",\"width\":200,\"height\":200,\"caption\":\"Pressenza\"},\"image\":{\"@id\":\"https:\/\/www.pressenza.com\/es\/#\/schema\/logo\/image\/\"},\"sameAs\":[\"https:\/\/www.facebook.com\/PressenzaItalia\",\"https:\/\/x.com\/PressenzaIPA\"]},{\"@type\":\"Person\",\"@id\":\"https:\/\/www.pressenza.com\/es\/#\/schema\/person\/55ec2a8f1b3e718010691e4aba073020\",\"name\":\"Giorgio Trucchi\",\"url\":\"https:\/\/www.pressenza.com\/es\/author\/giorgio-trucchi\/\"}]}<\/script>\n<!-- \/ Yoast SEO plugin. -->","yoast_head_json":{"title":"Cuba\/Italia: Los m\u00e9dicos cubanos no se van de Calabria","description":"A pesar de las presiones estadounidenses, las autoridades regionales ratifican la imprescindibilidad del apoyo recibido Por Giorgio Trucchi | LINyM En","robots":{"index":"index","follow":"follow","max-snippet":"max-snippet:-1","max-image-preview":"max-image-preview:large","max-video-preview":"max-video-preview:-1"},"canonical":"https:\/\/www.pressenza.com\/es\/2026\/03\/cuba-italia-los-medicos-cubanos-no-se-van-de-calabria\/","og_locale":"es_ES","og_type":"article","og_title":"Cuba\/Italia: Los m\u00e9dicos cubanos no se van de Calabria","og_description":"A pesar de las presiones estadounidenses, las autoridades regionales ratifican la imprescindibilidad del apoyo recibido Por Giorgio Trucchi | LINyM En","og_url":"https:\/\/www.pressenza.com\/es\/2026\/03\/cuba-italia-los-medicos-cubanos-no-se-van-de-calabria\/","og_site_name":"Pressenza","article_publisher":"https:\/\/www.facebook.com\/PressenzaItalia","article_published_time":"2026-03-12T23:44:37+00:00","og_image":[{"width":748,"height":498,"url":"https:\/\/www.pressenza.com\/wp-content\/uploads\/2026\/03\/Medicos-Calabria.jpg","type":"image\/jpeg"}],"author":"Giorgio Trucchi","twitter_card":"summary_large_image","twitter_creator":"@PressenzaIPA","twitter_site":"@PressenzaIPA","twitter_misc":{"Escrito por":"Giorgio Trucchi","Tiempo de lectura":"5 minutos"},"schema":{"@context":"https:\/\/schema.org","@graph":[{"@type":"Article","@id":"https:\/\/www.pressenza.com\/es\/2026\/03\/cuba-italia-los-medicos-cubanos-no-se-van-de-calabria\/#article","isPartOf":{"@id":"https:\/\/www.pressenza.com\/es\/2026\/03\/cuba-italia-los-medicos-cubanos-no-se-van-de-calabria\/"},"author":{"name":"Giorgio Trucchi","@id":"https:\/\/www.pressenza.com\/es\/#\/schema\/person\/55ec2a8f1b3e718010691e4aba073020"},"headline":"Cuba\/Italia: Los m\u00e9dicos cubanos no se van de Calabria","datePublished":"2026-03-12T23:44:37+00:00","mainEntityOfPage":{"@id":"https:\/\/www.pressenza.com\/es\/2026\/03\/cuba-italia-los-medicos-cubanos-no-se-van-de-calabria\/"},"wordCount":1095,"publisher":{"@id":"https:\/\/www.pressenza.com\/es\/#organization"},"image":{"@id":"https:\/\/www.pressenza.com\/es\/2026\/03\/cuba-italia-los-medicos-cubanos-no-se-van-de-calabria\/#primaryimage"},"thumbnailUrl":"https:\/\/www.pressenza.com\/wp-content\/uploads\/2026\/03\/Medicos-Calabria.jpg","keywords":["500 personas entre m\u00e9dicos y enfermeros","Calabria","m\u00e9dicos cubanos","presiones estadounidenses","Roberto Occhiuto (centro-derecha) - Gobernador de la regi\u00f3n de Calabria"],"articleSection":["Am\u00e9rica Central","Asuntos internacionales","Contenido Original","Europa","Pol\u00edtica","Salud"],"inLanguage":"es"},{"@type":"WebPage","@id":"https:\/\/www.pressenza.com\/es\/2026\/03\/cuba-italia-los-medicos-cubanos-no-se-van-de-calabria\/","url":"https:\/\/www.pressenza.com\/es\/2026\/03\/cuba-italia-los-medicos-cubanos-no-se-van-de-calabria\/","name":"Cuba\/Italia: Los m\u00e9dicos cubanos no se van de Calabria","isPartOf":{"@id":"https:\/\/www.pressenza.com\/es\/#website"},"primaryImageOfPage":{"@id":"https:\/\/www.pressenza.com\/es\/2026\/03\/cuba-italia-los-medicos-cubanos-no-se-van-de-calabria\/#primaryimage"},"image":{"@id":"https:\/\/www.pressenza.com\/es\/2026\/03\/cuba-italia-los-medicos-cubanos-no-se-van-de-calabria\/#primaryimage"},"thumbnailUrl":"https:\/\/www.pressenza.com\/wp-content\/uploads\/2026\/03\/Medicos-Calabria.jpg","datePublished":"2026-03-12T23:44:37+00:00","description":"A pesar de las presiones estadounidenses, las autoridades regionales ratifican la imprescindibilidad del apoyo recibido Por Giorgio Trucchi | LINyM En","breadcrumb":{"@id":"https:\/\/www.pressenza.com\/es\/2026\/03\/cuba-italia-los-medicos-cubanos-no-se-van-de-calabria\/#breadcrumb"},"inLanguage":"es","potentialAction":[{"@type":"ReadAction","target":["https:\/\/www.pressenza.com\/es\/2026\/03\/cuba-italia-los-medicos-cubanos-no-se-van-de-calabria\/"]}]},{"@type":"ImageObject","inLanguage":"es","@id":"https:\/\/www.pressenza.com\/es\/2026\/03\/cuba-italia-los-medicos-cubanos-no-se-van-de-calabria\/#primaryimage","url":"https:\/\/www.pressenza.com\/wp-content\/uploads\/2026\/03\/Medicos-Calabria.jpg","contentUrl":"https:\/\/www.pressenza.com\/wp-content\/uploads\/2026\/03\/Medicos-Calabria.jpg","width":748,"height":498},{"@type":"BreadcrumbList","@id":"https:\/\/www.pressenza.com\/es\/2026\/03\/cuba-italia-los-medicos-cubanos-no-se-van-de-calabria\/#breadcrumb","itemListElement":[{"@type":"ListItem","position":1,"name":"Accueil","item":"https:\/\/www.pressenza.com\/es\/"},{"@type":"ListItem","position":2,"name":"Cuba\/Italia: Los m\u00e9dicos cubanos no se van de Calabria"}]},{"@type":"WebSite","@id":"https:\/\/www.pressenza.com\/es\/#website","url":"https:\/\/www.pressenza.com\/es\/","name":"Pressenza","description":"International Press Agency","publisher":{"@id":"https:\/\/www.pressenza.com\/es\/#organization"},"potentialAction":[{"@type":"SearchAction","target":{"@type":"EntryPoint","urlTemplate":"https:\/\/www.pressenza.com\/es\/?s={search_term_string}"},"query-input":{"@type":"PropertyValueSpecification","valueRequired":true,"valueName":"search_term_string"}}],"inLanguage":"es"},{"@type":"Organization","@id":"https:\/\/www.pressenza.com\/es\/#organization","name":"Pressenza","url":"https:\/\/www.pressenza.com\/es\/","logo":{"@type":"ImageObject","inLanguage":"es","@id":"https:\/\/www.pressenza.com\/es\/#\/schema\/logo\/image\/","url":"https:\/\/www.pressenza.com\/wp-content\/uploads\/2022\/10\/pressenza_logo_200x200.jpg","contentUrl":"https:\/\/www.pressenza.com\/wp-content\/uploads\/2022\/10\/pressenza_logo_200x200.jpg","width":200,"height":200,"caption":"Pressenza"},"image":{"@id":"https:\/\/www.pressenza.com\/es\/#\/schema\/logo\/image\/"},"sameAs":["https:\/\/www.facebook.com\/PressenzaItalia","https:\/\/x.com\/PressenzaIPA"]},{"@type":"Person","@id":"https:\/\/www.pressenza.com\/es\/#\/schema\/person\/55ec2a8f1b3e718010691e4aba073020","name":"Giorgio Trucchi","url":"https:\/\/www.pressenza.com\/es\/author\/giorgio-trucchi\/"}]}},"place":"Honduras","original_article_url":"https:\/\/nuevanicaraguaymas.blogspot.com\/2026\/03\/los-medicos-cubanos-no-se-van-de.html","_links":{"self":[{"href":"https:\/\/www.pressenza.com\/es\/wp-json\/wp\/v2\/posts\/2683789","targetHints":{"allow":["GET"]}}],"collection":[{"href":"https:\/\/www.pressenza.com\/es\/wp-json\/wp\/v2\/posts"}],"about":[{"href":"https:\/\/www.pressenza.com\/es\/wp-json\/wp\/v2\/types\/post"}],"author":[{"embeddable":true,"href":"https:\/\/www.pressenza.com\/es\/wp-json\/wp\/v2\/users\/1800"}],"replies":[{"embeddable":true,"href":"https:\/\/www.pressenza.com\/es\/wp-json\/wp\/v2\/comments?post=2683789"}],"version-history":[{"count":2,"href":"https:\/\/www.pressenza.com\/es\/wp-json\/wp\/v2\/posts\/2683789\/revisions"}],"predecessor-version":[{"id":2685984,"href":"https:\/\/www.pressenza.com\/es\/wp-json\/wp\/v2\/posts\/2683789\/revisions\/2685984"}],"wp:featuredmedia":[{"embeddable":true,"href":"https:\/\/www.pressenza.com\/es\/wp-json\/wp\/v2\/media\/2683817"}],"wp:attachment":[{"href":"https:\/\/www.pressenza.com\/es\/wp-json\/wp\/v2\/media?parent=2683789"}],"wp:term":[{"taxonomy":"category","embeddable":true,"href":"https:\/\/www.pressenza.com\/es\/wp-json\/wp\/v2\/categories?post=2683789"},{"taxonomy":"post_tag","embeddable":true,"href":"https:\/\/www.pressenza.com\/es\/wp-json\/wp\/v2\/tags?post=2683789"}],"curies":[{"name":"wp","href":"https:\/\/api.w.org\/{rel}","templated":true}]}}