{"id":2681760,"date":"2026-03-06T16:19:53","date_gmt":"2026-03-06T16:19:53","guid":{"rendered":"https:\/\/www.pressenza.com\/?p=2681760"},"modified":"2026-03-06T17:04:34","modified_gmt":"2026-03-06T17:04:34","slug":"esta-cuba-bajo-la-amenaza-de-estados-unidos","status":"publish","type":"post","link":"https:\/\/www.pressenza.com\/es\/2026\/03\/esta-cuba-bajo-la-amenaza-de-estados-unidos\/","title":{"rendered":"\u00bfEst\u00e1 Cuba bajo la amenaza de Estados Unidos?"},"content":{"rendered":"<blockquote><p>Estados Unidos est\u00e1 intentando desestabilizar la situaci\u00f3n en Cuba a fin de lograr un cambio de poder en la Isla; seg\u00fan expertos entrevistados por Izvestia. En los \u00faltimos d\u00edas, las autoridades de la Rep\u00fablica arrestaron a diez ciudadanos paname\u00f1os que preparaban carteles antigubernamentales destinados a organizar protestas. Estados Unidos no ha sido considerado oficialmente como el organizador tras de estas actividades. Sin embargo, funcionarios estadounidenses han declarado abiertamente que \u2014\u201cCuba es la siguiente en la l\u00ednea despu\u00e9s de Ir\u00e1n.<\/p>\n<p>Por ahora, los cubanos no est\u00e1n saliendo a las calles, pero la dif\u00edcil situaci\u00f3n econ\u00f3mica del pa\u00eds podr\u00eda desencadenar disturbios. Si los esfuerzos por desestabilizar la situaci\u00f3n fracasan, la Casa Blanca podr\u00eda decidir recurrir a acciones m\u00e1s contundentes, incluyendo una posible \u201coperaci\u00f3n militar\u201d.<\/p><\/blockquote>\n<p>Por Kester Kenn Klomegah<\/p>\n<p>(Oficina de Mosc\u00fa) \u2014 Uno de los objetivos de la pol\u00edtica estadounidense hacia Cuba durante varias d\u00e9cadas ha sido provocar el descontento con las pol\u00edticas de las autoridades y cultivar sentimientos de protesta, declar\u00f3 a Izvestia, Timur Almukov, experto en Am\u00e9rica Latina.<\/p>\n<p>\u2014<strong class=\"Yjhzub\" data-sfc-cb=\"\" data-processed=\"true\">\u00ab<\/strong>El c\u00e1lculo de las autoridades estadounidenses es hacer que, la situaci\u00f3n de los cubanos comunes, sea tan dif\u00edcil de sobrellevar que ellos mismos se movilicen para derrocar a su Gobierno. De ah\u00ed los intentos de aislar a Cuba de todos sus socios clave: Rusia, China, Venezuela y M\u00e9xico\u00bb, afirm\u00f3 Almukov.<\/p>\n<p>Los expertos creen que Estados Unidos podr\u00eda considerar la opci\u00f3n de una operaci\u00f3n militar contra Cuba. Al mismo tiempo, una ocupaci\u00f3n a gran escala del pa\u00eds parece improbable, ya que pronto se celebrar\u00e1n \u201celecciones legislativas de medio t\u00e9rmino\u201d, en EE.UU., \u00a0y la opini\u00f3n p\u00fablica estadounidense reacciona de forma extremadamente negativa ante la muerte de soldados estadounidenses.<\/p>\n<p>Sin embargo, no se puede descartar por completo una intervenci\u00f3n militar, declar\u00f3 a Izvestia Yegor Lidovsky, director general del \u201cCentro Cultural Latinoamer\u00e1nico Hugo Ch\u00e1vez\u201d. Antes de la captura del presidente venezolano Nicolas Maduro. En su momento, pocos cre\u00edan que Estados Unidos llevar\u00eda a cabo tal operaci\u00f3n. Muchos expertos tambi\u00e9n se mostraron esc\u00e9pticos de que Washington lanzara una campa\u00f1a prolongada contra Ir\u00e1n.<\/p>\n<p>No obstante, Cuba sigue siendo un socio prioritario fiable de Rusia en Am\u00e9rica Latina, pero Washington considera a Cuba como una zona de inter\u00e9s exclusivamente estadounidense. Simult\u00e1neamente con Venezuela, Estados Unidos ha estado tomando medidas agresivas y desarrollando una campa\u00f1a pol\u00edtica contra Cuba. El ministro de Relaciones Exteriores, Sergu\u00e9i Lavrov, advirti\u00f3 que Washington podr\u00eda ir m\u00e1s all\u00e1 de su deseo de gobernar Venezuela, Cuba e Ir\u00e1n.<\/p>\n<p>Llam\u00f3 la atenci\u00f3n sobre las declaraciones del presidente estadounidense Donald Trump y otros altos funcionarios estadounidenses, quienes \u00abno dudan en decir que no se guiar\u00e1n por ning\u00fan principio de la ONU, que se guiar\u00e1n \u00fanicamente por los intereses de su Estado\u00bb.<\/p>\n<p>Lavrov cree que lo que est\u00e1 sucediendo en el Mundo ahora es \u2014\u00abun reflejo de cambios profundos y problemas subyacentes en la pol\u00edtica mundial y la econom\u00eda global. Aqu\u00ed no estamos hablando solo ni tanto de esta crisis en Oriente Medio. Esto es un reflejo de los problemas m\u00e1s profundos, que ahora han salido a la superficie y que consisten, principalmente, en el choque del Derecho internacional y precisamente la ausencia del Derecho internacional\u00bb.<\/p>\n<p>Compar\u00f3 la situaci\u00f3n actual con <strong>\u2014<\/strong>\u00abc\u00f3mo era en el siglo XIX, antes de que se alcanzaran ciertos entendimientos despu\u00e9s de la Primera Guerra Mundial, y despu\u00e9s de la Segunda Guerra Mundial, se estableciera las Naciones Unidas y se adoptara la Carta de la ONU\u00bb. Estados Unidos es miembro permanente del Consejo de Seguridad. Y otros dos miembros occidentales del Consejo de Seguridad, Francia y Gran Breta\u00f1a est\u00e1n tratando de distanciarse de Washington.<\/p>\n<p>El 29 de enero, Estados Unidos firm\u00f3 una orden ejecutiva que hace posible que Washington imponga aranceles a los productos de pa\u00edses que suministran petr\u00f3leo a Cuba. El documento declaraba el estado de emergencia por una supuesta amenaza procedente de Cuba. El ministro de Relaciones Exteriores de Cuba, Bruno Rodr\u00edguez Parrilla, conden\u00f3 en\u00e9rgicamente las medidas Afirm\u00f3 que no solo podr\u00edan hacer que Cuba se enfrente a \u00abun bloqueo total de los suministros de energ\u00eda\u00bb, sino tambi\u00e9n \u00abviolar todos los principios del comercio internacional\u00bb, creando \u00abcondiciones de vida extremadamente dif\u00edciles\u00bb, para el propio pueblo cubano. Cuba, con una poblaci\u00f3n estimada de 11,5 millones de habitantes, es un pa\u00eds insular en el Caribe.<\/p>\n","protected":false},"excerpt":{"rendered":"<p>Estados Unidos est\u00e1 intentando desestabilizar la situaci\u00f3n en Cuba a fin de lograr un cambio de poder en la Isla; seg\u00fan expertos entrevistados por Izvestia. En los \u00faltimos d\u00edas, las autoridades de la Rep\u00fablica arrestaron a diez ciudadanos paname\u00f1os que&hellip;<\/p>\n","protected":false},"author":1869,"featured_media":2681761,"comment_status":"closed","ping_status":"closed","sticky":false,"template":"","format":"standard","meta":{"footnotes":""},"categories":[39],"tags":[105220,10793],"class_list":["post-2681760","post","type-post","status-publish","format-standard","has-post-thumbnail","hentry","category-internacional","tag-bloque-a-cuba","tag-estados-unidos-de-norteamerica"],"yoast_head":"<!-- This site is optimized with the Yoast SEO plugin v27.1.1 - https:\/\/yoast.com\/product\/yoast-seo-wordpress\/ -->\n<title>\u00bfEst\u00e1 Cuba bajo la amenaza de Estados Unidos?<\/title>\n<meta name=\"description\" content=\"Estados Unidos est\u00e1 intentando desestabilizar la situaci\u00f3n en Cuba a fin de lograr un cambio de poder en la Isla; seg\u00fan expertos entrevistados por an\u00e1lisis profundo sobre la situaci\u00f3n actual entre Cuba y EE.UU. Habla de desestabilizaci\u00f3n, posibles intervenciones y la postura rusa. Muy interesante para entender el contexto geopol\u00edtico de las acciones EEUU en esta parte del Mundo.\" \/>\n<meta name=\"robots\" content=\"index, follow, max-snippet:-1, max-image-preview:large, max-video-preview:-1\" \/>\n<link rel=\"canonical\" href=\"https:\/\/www.pressenza.com\/es\/2026\/03\/esta-cuba-bajo-la-amenaza-de-estados-unidos\/\" \/>\n<meta property=\"og:locale\" content=\"es_ES\" \/>\n<meta property=\"og:type\" content=\"article\" \/>\n<meta property=\"og:title\" content=\"\u00bfEst\u00e1 Cuba bajo la amenaza de Estados Unidos?\" \/>\n<meta property=\"og:description\" content=\"Estados Unidos est\u00e1 intentando desestabilizar la situaci\u00f3n en Cuba a fin de lograr un cambio de poder en la Isla; seg\u00fan expertos entrevistados por an\u00e1lisis profundo sobre la situaci\u00f3n actual entre Cuba y EE.UU. Habla de desestabilizaci\u00f3n, posibles intervenciones y la postura rusa. Muy interesante para entender el contexto geopol\u00edtico de las acciones EEUU en esta parte del Mundo.\" \/>\n<meta property=\"og:url\" content=\"https:\/\/www.pressenza.com\/es\/2026\/03\/esta-cuba-bajo-la-amenaza-de-estados-unidos\/\" \/>\n<meta property=\"og:site_name\" content=\"Pressenza\" \/>\n<meta property=\"article:publisher\" content=\"https:\/\/www.facebook.com\/PressenzaItalia\" \/>\n<meta property=\"article:published_time\" content=\"2026-03-06T16:19:53+00:00\" \/>\n<meta property=\"article:modified_time\" content=\"2026-03-06T17:04:34+00:00\" \/>\n<meta property=\"og:image\" content=\"https:\/\/www.pressenza.com\/wp-content\/uploads\/2026\/03\/Depositphotos_317292957_S.jpg\" \/>\n\t<meta property=\"og:image:width\" content=\"1000\" \/>\n\t<meta property=\"og:image:height\" content=\"667\" \/>\n\t<meta property=\"og:image:type\" content=\"image\/jpeg\" \/>\n<meta name=\"author\" content=\"Kester Kenn Klomegah\" \/>\n<meta name=\"twitter:card\" content=\"summary_large_image\" \/>\n<meta name=\"twitter:creator\" content=\"@PressenzaIPA\" \/>\n<meta name=\"twitter:site\" content=\"@PressenzaIPA\" \/>\n<meta name=\"twitter:label1\" content=\"Escrito por\" \/>\n\t<meta name=\"twitter:data1\" content=\"Kester Kenn Klomegah\" \/>\n\t<meta name=\"twitter:label2\" content=\"Tiempo de lectura\" \/>\n\t<meta name=\"twitter:data2\" content=\"3 minutos\" \/>\n<script type=\"application\/ld+json\" class=\"yoast-schema-graph\">{\"@context\":\"https:\/\/schema.org\",\"@graph\":[{\"@type\":\"Article\",\"@id\":\"https:\/\/www.pressenza.com\/es\/2026\/03\/esta-cuba-bajo-la-amenaza-de-estados-unidos\/#article\",\"isPartOf\":{\"@id\":\"https:\/\/www.pressenza.com\/es\/2026\/03\/esta-cuba-bajo-la-amenaza-de-estados-unidos\/\"},\"author\":{\"name\":\"Kester Kenn Klomegah\",\"@id\":\"https:\/\/www.pressenza.com\/es\/#\/schema\/person\/a816e4849c6d5848b64565c6414a7808\"},\"headline\":\"\u00bfEst\u00e1 Cuba bajo la amenaza de Estados Unidos?\",\"datePublished\":\"2026-03-06T16:19:53+00:00\",\"dateModified\":\"2026-03-06T17:04:34+00:00\",\"mainEntityOfPage\":{\"@id\":\"https:\/\/www.pressenza.com\/es\/2026\/03\/esta-cuba-bajo-la-amenaza-de-estados-unidos\/\"},\"wordCount\":782,\"publisher\":{\"@id\":\"https:\/\/www.pressenza.com\/es\/#organization\"},\"image\":{\"@id\":\"https:\/\/www.pressenza.com\/es\/2026\/03\/esta-cuba-bajo-la-amenaza-de-estados-unidos\/#primaryimage\"},\"thumbnailUrl\":\"https:\/\/www.pressenza.com\/wp-content\/uploads\/2026\/03\/Depositphotos_317292957_S.jpg\",\"keywords\":[\"Bloque a Cuba\",\"Estados Unidos de Norteam\u00e9rica\"],\"articleSection\":[\"Internacional\"],\"inLanguage\":\"es\"},{\"@type\":\"WebPage\",\"@id\":\"https:\/\/www.pressenza.com\/es\/2026\/03\/esta-cuba-bajo-la-amenaza-de-estados-unidos\/\",\"url\":\"https:\/\/www.pressenza.com\/es\/2026\/03\/esta-cuba-bajo-la-amenaza-de-estados-unidos\/\",\"name\":\"\u00bfEst\u00e1 Cuba bajo la amenaza de Estados Unidos?\",\"isPartOf\":{\"@id\":\"https:\/\/www.pressenza.com\/es\/#website\"},\"primaryImageOfPage\":{\"@id\":\"https:\/\/www.pressenza.com\/es\/2026\/03\/esta-cuba-bajo-la-amenaza-de-estados-unidos\/#primaryimage\"},\"image\":{\"@id\":\"https:\/\/www.pressenza.com\/es\/2026\/03\/esta-cuba-bajo-la-amenaza-de-estados-unidos\/#primaryimage\"},\"thumbnailUrl\":\"https:\/\/www.pressenza.com\/wp-content\/uploads\/2026\/03\/Depositphotos_317292957_S.jpg\",\"datePublished\":\"2026-03-06T16:19:53+00:00\",\"dateModified\":\"2026-03-06T17:04:34+00:00\",\"description\":\"Estados Unidos est\u00e1 intentando desestabilizar la situaci\u00f3n en Cuba a fin de lograr un cambio de poder en la Isla; seg\u00fan expertos entrevistados por an\u00e1lisis profundo sobre la situaci\u00f3n actual entre Cuba y EE.UU. Habla de desestabilizaci\u00f3n, posibles intervenciones y la postura rusa. Muy interesante para entender el contexto geopol\u00edtico de las acciones EEUU en esta parte del Mundo.\",\"breadcrumb\":{\"@id\":\"https:\/\/www.pressenza.com\/es\/2026\/03\/esta-cuba-bajo-la-amenaza-de-estados-unidos\/#breadcrumb\"},\"inLanguage\":\"es\",\"potentialAction\":[{\"@type\":\"ReadAction\",\"target\":[\"https:\/\/www.pressenza.com\/es\/2026\/03\/esta-cuba-bajo-la-amenaza-de-estados-unidos\/\"]}]},{\"@type\":\"ImageObject\",\"inLanguage\":\"es\",\"@id\":\"https:\/\/www.pressenza.com\/es\/2026\/03\/esta-cuba-bajo-la-amenaza-de-estados-unidos\/#primaryimage\",\"url\":\"https:\/\/www.pressenza.com\/wp-content\/uploads\/2026\/03\/Depositphotos_317292957_S.jpg\",\"contentUrl\":\"https:\/\/www.pressenza.com\/wp-content\/uploads\/2026\/03\/Depositphotos_317292957_S.jpg\",\"width\":1000,\"height\":667,\"caption\":\"A view of the streets of the city with cuban people. Many children are flocking to their educator.\"},{\"@type\":\"BreadcrumbList\",\"@id\":\"https:\/\/www.pressenza.com\/es\/2026\/03\/esta-cuba-bajo-la-amenaza-de-estados-unidos\/#breadcrumb\",\"itemListElement\":[{\"@type\":\"ListItem\",\"position\":1,\"name\":\"Accueil\",\"item\":\"https:\/\/www.pressenza.com\/es\/\"},{\"@type\":\"ListItem\",\"position\":2,\"name\":\"\u00bfEst\u00e1 Cuba bajo la amenaza de Estados Unidos?\"}]},{\"@type\":\"WebSite\",\"@id\":\"https:\/\/www.pressenza.com\/es\/#website\",\"url\":\"https:\/\/www.pressenza.com\/es\/\",\"name\":\"Pressenza\",\"description\":\"International Press Agency\",\"publisher\":{\"@id\":\"https:\/\/www.pressenza.com\/es\/#organization\"},\"potentialAction\":[{\"@type\":\"SearchAction\",\"target\":{\"@type\":\"EntryPoint\",\"urlTemplate\":\"https:\/\/www.pressenza.com\/es\/?s={search_term_string}\"},\"query-input\":{\"@type\":\"PropertyValueSpecification\",\"valueRequired\":true,\"valueName\":\"search_term_string\"}}],\"inLanguage\":\"es\"},{\"@type\":\"Organization\",\"@id\":\"https:\/\/www.pressenza.com\/es\/#organization\",\"name\":\"Pressenza\",\"url\":\"https:\/\/www.pressenza.com\/es\/\",\"logo\":{\"@type\":\"ImageObject\",\"inLanguage\":\"es\",\"@id\":\"https:\/\/www.pressenza.com\/es\/#\/schema\/logo\/image\/\",\"url\":\"https:\/\/www.pressenza.com\/wp-content\/uploads\/2022\/10\/pressenza_logo_200x200.jpg\",\"contentUrl\":\"https:\/\/www.pressenza.com\/wp-content\/uploads\/2022\/10\/pressenza_logo_200x200.jpg\",\"width\":200,\"height\":200,\"caption\":\"Pressenza\"},\"image\":{\"@id\":\"https:\/\/www.pressenza.com\/es\/#\/schema\/logo\/image\/\"},\"sameAs\":[\"https:\/\/www.facebook.com\/PressenzaItalia\",\"https:\/\/x.com\/PressenzaIPA\"]},{\"@type\":\"Person\",\"@id\":\"https:\/\/www.pressenza.com\/es\/#\/schema\/person\/a816e4849c6d5848b64565c6414a7808\",\"name\":\"Kester Kenn Klomegah\",\"description\":\"Kester Kenn Klomegah, who previously worked for the Inter Press Service (IPS), is an observer of socio-economic and political development issues in former Soviet republics, particularly in the Russian Federation and Eurasia. He enjoys travelling and visiting historical places in Eastern and Central Europe. Klomegah is a frequent and passionate contributor to Pressenza Media.\",\"url\":\"https:\/\/www.pressenza.com\/es\/author\/kester-kenn-klomegah\/\"}]}<\/script>\n<!-- \/ Yoast SEO plugin. -->","yoast_head_json":{"title":"\u00bfEst\u00e1 Cuba bajo la amenaza de Estados Unidos?","description":"Estados Unidos est\u00e1 intentando desestabilizar la situaci\u00f3n en Cuba a fin de lograr un cambio de poder en la Isla; seg\u00fan expertos entrevistados por an\u00e1lisis profundo sobre la situaci\u00f3n actual entre Cuba y EE.UU. Habla de desestabilizaci\u00f3n, posibles intervenciones y la postura rusa. Muy interesante para entender el contexto geopol\u00edtico de las acciones EEUU en esta parte del Mundo.","robots":{"index":"index","follow":"follow","max-snippet":"max-snippet:-1","max-image-preview":"max-image-preview:large","max-video-preview":"max-video-preview:-1"},"canonical":"https:\/\/www.pressenza.com\/es\/2026\/03\/esta-cuba-bajo-la-amenaza-de-estados-unidos\/","og_locale":"es_ES","og_type":"article","og_title":"\u00bfEst\u00e1 Cuba bajo la amenaza de Estados Unidos?","og_description":"Estados Unidos est\u00e1 intentando desestabilizar la situaci\u00f3n en Cuba a fin de lograr un cambio de poder en la Isla; seg\u00fan expertos entrevistados por an\u00e1lisis profundo sobre la situaci\u00f3n actual entre Cuba y EE.UU. Habla de desestabilizaci\u00f3n, posibles intervenciones y la postura rusa. Muy interesante para entender el contexto geopol\u00edtico de las acciones EEUU en esta parte del Mundo.","og_url":"https:\/\/www.pressenza.com\/es\/2026\/03\/esta-cuba-bajo-la-amenaza-de-estados-unidos\/","og_site_name":"Pressenza","article_publisher":"https:\/\/www.facebook.com\/PressenzaItalia","article_published_time":"2026-03-06T16:19:53+00:00","article_modified_time":"2026-03-06T17:04:34+00:00","og_image":[{"width":1000,"height":667,"url":"https:\/\/www.pressenza.com\/wp-content\/uploads\/2026\/03\/Depositphotos_317292957_S.jpg","type":"image\/jpeg"}],"author":"Kester Kenn Klomegah","twitter_card":"summary_large_image","twitter_creator":"@PressenzaIPA","twitter_site":"@PressenzaIPA","twitter_misc":{"Escrito por":"Kester Kenn Klomegah","Tiempo de lectura":"3 minutos"},"schema":{"@context":"https:\/\/schema.org","@graph":[{"@type":"Article","@id":"https:\/\/www.pressenza.com\/es\/2026\/03\/esta-cuba-bajo-la-amenaza-de-estados-unidos\/#article","isPartOf":{"@id":"https:\/\/www.pressenza.com\/es\/2026\/03\/esta-cuba-bajo-la-amenaza-de-estados-unidos\/"},"author":{"name":"Kester Kenn Klomegah","@id":"https:\/\/www.pressenza.com\/es\/#\/schema\/person\/a816e4849c6d5848b64565c6414a7808"},"headline":"\u00bfEst\u00e1 Cuba bajo la amenaza de Estados Unidos?","datePublished":"2026-03-06T16:19:53+00:00","dateModified":"2026-03-06T17:04:34+00:00","mainEntityOfPage":{"@id":"https:\/\/www.pressenza.com\/es\/2026\/03\/esta-cuba-bajo-la-amenaza-de-estados-unidos\/"},"wordCount":782,"publisher":{"@id":"https:\/\/www.pressenza.com\/es\/#organization"},"image":{"@id":"https:\/\/www.pressenza.com\/es\/2026\/03\/esta-cuba-bajo-la-amenaza-de-estados-unidos\/#primaryimage"},"thumbnailUrl":"https:\/\/www.pressenza.com\/wp-content\/uploads\/2026\/03\/Depositphotos_317292957_S.jpg","keywords":["Bloque a Cuba","Estados Unidos de Norteam\u00e9rica"],"articleSection":["Internacional"],"inLanguage":"es"},{"@type":"WebPage","@id":"https:\/\/www.pressenza.com\/es\/2026\/03\/esta-cuba-bajo-la-amenaza-de-estados-unidos\/","url":"https:\/\/www.pressenza.com\/es\/2026\/03\/esta-cuba-bajo-la-amenaza-de-estados-unidos\/","name":"\u00bfEst\u00e1 Cuba bajo la amenaza de Estados Unidos?","isPartOf":{"@id":"https:\/\/www.pressenza.com\/es\/#website"},"primaryImageOfPage":{"@id":"https:\/\/www.pressenza.com\/es\/2026\/03\/esta-cuba-bajo-la-amenaza-de-estados-unidos\/#primaryimage"},"image":{"@id":"https:\/\/www.pressenza.com\/es\/2026\/03\/esta-cuba-bajo-la-amenaza-de-estados-unidos\/#primaryimage"},"thumbnailUrl":"https:\/\/www.pressenza.com\/wp-content\/uploads\/2026\/03\/Depositphotos_317292957_S.jpg","datePublished":"2026-03-06T16:19:53+00:00","dateModified":"2026-03-06T17:04:34+00:00","description":"Estados Unidos est\u00e1 intentando desestabilizar la situaci\u00f3n en Cuba a fin de lograr un cambio de poder en la Isla; seg\u00fan expertos entrevistados por an\u00e1lisis profundo sobre la situaci\u00f3n actual entre Cuba y EE.UU. Habla de desestabilizaci\u00f3n, posibles intervenciones y la postura rusa. Muy interesante para entender el contexto geopol\u00edtico de las acciones EEUU en esta parte del Mundo.","breadcrumb":{"@id":"https:\/\/www.pressenza.com\/es\/2026\/03\/esta-cuba-bajo-la-amenaza-de-estados-unidos\/#breadcrumb"},"inLanguage":"es","potentialAction":[{"@type":"ReadAction","target":["https:\/\/www.pressenza.com\/es\/2026\/03\/esta-cuba-bajo-la-amenaza-de-estados-unidos\/"]}]},{"@type":"ImageObject","inLanguage":"es","@id":"https:\/\/www.pressenza.com\/es\/2026\/03\/esta-cuba-bajo-la-amenaza-de-estados-unidos\/#primaryimage","url":"https:\/\/www.pressenza.com\/wp-content\/uploads\/2026\/03\/Depositphotos_317292957_S.jpg","contentUrl":"https:\/\/www.pressenza.com\/wp-content\/uploads\/2026\/03\/Depositphotos_317292957_S.jpg","width":1000,"height":667,"caption":"A view of the streets of the city with cuban people. Many children are flocking to their educator."},{"@type":"BreadcrumbList","@id":"https:\/\/www.pressenza.com\/es\/2026\/03\/esta-cuba-bajo-la-amenaza-de-estados-unidos\/#breadcrumb","itemListElement":[{"@type":"ListItem","position":1,"name":"Accueil","item":"https:\/\/www.pressenza.com\/es\/"},{"@type":"ListItem","position":2,"name":"\u00bfEst\u00e1 Cuba bajo la amenaza de Estados Unidos?"}]},{"@type":"WebSite","@id":"https:\/\/www.pressenza.com\/es\/#website","url":"https:\/\/www.pressenza.com\/es\/","name":"Pressenza","description":"International Press Agency","publisher":{"@id":"https:\/\/www.pressenza.com\/es\/#organization"},"potentialAction":[{"@type":"SearchAction","target":{"@type":"EntryPoint","urlTemplate":"https:\/\/www.pressenza.com\/es\/?s={search_term_string}"},"query-input":{"@type":"PropertyValueSpecification","valueRequired":true,"valueName":"search_term_string"}}],"inLanguage":"es"},{"@type":"Organization","@id":"https:\/\/www.pressenza.com\/es\/#organization","name":"Pressenza","url":"https:\/\/www.pressenza.com\/es\/","logo":{"@type":"ImageObject","inLanguage":"es","@id":"https:\/\/www.pressenza.com\/es\/#\/schema\/logo\/image\/","url":"https:\/\/www.pressenza.com\/wp-content\/uploads\/2022\/10\/pressenza_logo_200x200.jpg","contentUrl":"https:\/\/www.pressenza.com\/wp-content\/uploads\/2022\/10\/pressenza_logo_200x200.jpg","width":200,"height":200,"caption":"Pressenza"},"image":{"@id":"https:\/\/www.pressenza.com\/es\/#\/schema\/logo\/image\/"},"sameAs":["https:\/\/www.facebook.com\/PressenzaItalia","https:\/\/x.com\/PressenzaIPA"]},{"@type":"Person","@id":"https:\/\/www.pressenza.com\/es\/#\/schema\/person\/a816e4849c6d5848b64565c6414a7808","name":"Kester Kenn Klomegah","description":"Kester Kenn Klomegah, who previously worked for the Inter Press Service (IPS), is an observer of socio-economic and political development issues in former Soviet republics, particularly in the Russian Federation and Eurasia. He enjoys travelling and visiting historical places in Eastern and Central Europe. Klomegah is a frequent and passionate contributor to Pressenza Media.","url":"https:\/\/www.pressenza.com\/es\/author\/kester-kenn-klomegah\/"}]}},"place":"Mosc\u00fa, Rusia","original_article_url":"","_links":{"self":[{"href":"https:\/\/www.pressenza.com\/es\/wp-json\/wp\/v2\/posts\/2681760","targetHints":{"allow":["GET"]}}],"collection":[{"href":"https:\/\/www.pressenza.com\/es\/wp-json\/wp\/v2\/posts"}],"about":[{"href":"https:\/\/www.pressenza.com\/es\/wp-json\/wp\/v2\/types\/post"}],"author":[{"embeddable":true,"href":"https:\/\/www.pressenza.com\/es\/wp-json\/wp\/v2\/users\/1869"}],"replies":[{"embeddable":true,"href":"https:\/\/www.pressenza.com\/es\/wp-json\/wp\/v2\/comments?post=2681760"}],"version-history":[{"count":5,"href":"https:\/\/www.pressenza.com\/es\/wp-json\/wp\/v2\/posts\/2681760\/revisions"}],"predecessor-version":[{"id":2681815,"href":"https:\/\/www.pressenza.com\/es\/wp-json\/wp\/v2\/posts\/2681760\/revisions\/2681815"}],"wp:featuredmedia":[{"embeddable":true,"href":"https:\/\/www.pressenza.com\/es\/wp-json\/wp\/v2\/media\/2681761"}],"wp:attachment":[{"href":"https:\/\/www.pressenza.com\/es\/wp-json\/wp\/v2\/media?parent=2681760"}],"wp:term":[{"taxonomy":"category","embeddable":true,"href":"https:\/\/www.pressenza.com\/es\/wp-json\/wp\/v2\/categories?post=2681760"},{"taxonomy":"post_tag","embeddable":true,"href":"https:\/\/www.pressenza.com\/es\/wp-json\/wp\/v2\/tags?post=2681760"}],"curies":[{"name":"wp","href":"https:\/\/api.w.org\/{rel}","templated":true}]}}