{"id":268079,"date":"2016-01-18T02:55:12","date_gmt":"2016-01-18T02:55:12","guid":{"rendered":"http:\/\/www.pressenza.com\/es\/?p=268079"},"modified":"2016-04-04T19:18:30","modified_gmt":"2016-04-04T18:18:30","slug":"via-campesina-exige-liberacion-de-milagro-sala-y-repudia-la-criminalizacion-de-la-protesta","status":"publish","type":"post","link":"https:\/\/www.pressenza.com\/es\/2016\/01\/via-campesina-exige-liberacion-de-milagro-sala-y-repudia-la-criminalizacion-de-la-protesta\/","title":{"rendered":"V\u00eda Campesina exige liberaci\u00f3n de Milagro Sala y repudia la criminalizaci\u00f3n de la protesta"},"content":{"rendered":"<p><em>En un comunicado fechado el 17 de enero, la CLOC V\u00eda Campesina Argentina y el Movimiento Nacional Campesino Ind\u00edgena expusieron:<\/em><\/p>\n<p class=\"entry-title\"><strong>Repudiamos la Criminalizaci\u00f3n de la protesta Social y exigimos la liberaci\u00f3n de Milagro Sala<\/strong><\/p>\n<p>Desde el MNCI Via Campesina, repudiamos y denunciamos la detenci\u00f3n de Milagro Sala, dirigente de la Organizaci\u00f3n Tupac Amaru , hecho enmarcado en una sucesi\u00f3n de acciones y amenazas del Gobierno Juje\u00f1o de Gerardo Morales y del Gobierno Nacional de Mauricio Macri, que tienden a criminalizar, perseguir y acosar a las organizaciones sociales y pol\u00edticas que representan los intereses populares.<\/p>\n<p>Las descalificaciones a la militancia social y pol\u00edtica y a las organizaciones populares son el relato Neoliberal para luego justificar la represi\u00f3n y persecuci\u00f3n de quienes no comulgamos con la ideolog\u00eda del oficialismo.<\/p>\n<p>Milagro Sala es una Presa Pol\u00edtica de este Gobierno, su condici\u00f3n de militante social y popular, de\u00a0ra\u00edces ind\u00edgenas, Latinoamericanista, y actual Parlamentaria del Mercosur, ponen aun mas gravedad a los hechos.<\/p>\n<p>Campesinos, ind\u00edgenas de las comunidades y parajes de todos los territorios del campo profundo y de los barrios urbanos y periurbanos repudiamos estas agresiones y exhortamos a la inmediata Liberaci\u00f3n de la compa\u00f1era Milagro Sala.<\/p>\n<p><span id=\"more-2124\"><\/span>Adem\u00e1s exhortamos al Gobierno de Jujuy a dialogar y recibir a las organizaciones sociales que llevan mas de un mes acampando pac\u00edficamente para solicitar dialogo y respeto a las fuentes de trabajo.<\/p>\n<p>La Organizaci\u00f3n Tupac Amaru a logrado,por medio de la lucha y la organizaci\u00f3n, resolver el problema de la vivienda, el trabajo, la educaci\u00f3n e incluso el deporte y la cultura a miles de familias Argentinas. Al parecer eso es un delito para las \u00e9lites econ\u00f3micas y olig\u00e1rquicas de la Argentinas<\/p>\n<p>Estos mismos funcionarios que acusan a las Tupac Amaru , son los que instigaron y acompa\u00f1aron a poder agrario concentrado para cortar las rutas y desabastecer los mercados de alimentos y de divisas nacionales. Son los que acompa\u00f1aron las manifestaciones de Blumberg y de las operaciones en torno a la muerte de Nisman.<\/p>\n<p>En esos casos, consideraban legal la protesta.<\/p>\n<p>Las organizaciones de Base del MNCI Via Campesina, estamos alertas y movilizadas frente a esta situaci\u00f3n que esperamos se resuelva urgente.<\/p>\n<p>Basta de persecuci\u00f3n a la militancia<\/p>\n<p>Basta de Presos pol\u00edticos en Argentinas<\/p>\n<p>Basta de Represi\u00f3n<\/p>\n<p>Somos tierra para alimentar a los pueblos<\/p>\n<p><em>Movimiento Nacional Campesino Ind\u00edgena<\/em><\/p>\n<p><em>CLOC Via Campesina Argentina<\/em><\/p>\n","protected":false},"excerpt":{"rendered":"<p>En un comunicado fechado el 17 de enero, la CLOC V\u00eda Campesina Argentina y el Movimiento Nacional Campesino Ind\u00edgena expusieron: Repudiamos la Criminalizaci\u00f3n de la protesta Social y exigimos la liberaci\u00f3n de Milagro Sala Desde el MNCI Via Campesina, repudiamos&hellip;<\/p>\n","protected":false},"author":87,"featured_media":268080,"comment_status":"closed","ping_status":"open","sticky":false,"template":"","format":"standard","meta":{"footnotes":""},"categories":[149,79,74,67],"tags":[932,23278,12416,23257,7399,1266,23277,5379,1497,394,1096],"class_list":["post-268079","post","type-post","status-publish","format-standard","has-post-thumbnail","hentry","category-comunicados-de-prensa","category-derechos-humanos","category-politica-es","category-sudamerica","tag-argentina-en","tag-cloc-via-campesina","tag-criminalizacion-de-la-protesta","tag-detencion","tag-jujuy","tag-milagro-sala","tag-mnci","tag-movilizacion","tag-movimientos-sociales","tag-protestas-sociales","tag-tupac-amaru"],"yoast_head":"<!-- This site is optimized with the Yoast SEO plugin v27.1.1 - https:\/\/yoast.com\/product\/yoast-seo-wordpress\/ -->\n<title>V\u00eda Campesina exige liberaci\u00f3n de Milagro Sala y repudia la criminalizaci\u00f3n de la protesta<\/title>\n<meta name=\"description\" content=\"En un comunicado fechado el 17 de enero, la CLOC V\u00eda Campesina Argentina y el Movimiento Nacional Campesino Ind\u00edgena expusieron: Repudiamos la\" \/>\n<meta name=\"robots\" content=\"index, follow, max-snippet:-1, max-image-preview:large, max-video-preview:-1\" \/>\n<link rel=\"canonical\" href=\"https:\/\/www.pressenza.com\/es\/2016\/01\/via-campesina-exige-liberacion-de-milagro-sala-y-repudia-la-criminalizacion-de-la-protesta\/\" \/>\n<meta property=\"og:locale\" content=\"es_ES\" \/>\n<meta property=\"og:type\" content=\"article\" \/>\n<meta property=\"og:title\" content=\"V\u00eda Campesina exige liberaci\u00f3n de Milagro Sala y repudia la criminalizaci\u00f3n de la protesta\" \/>\n<meta property=\"og:description\" content=\"En un comunicado fechado el 17 de enero, la CLOC V\u00eda Campesina Argentina y el Movimiento Nacional Campesino Ind\u00edgena expusieron: Repudiamos la\" \/>\n<meta property=\"og:url\" content=\"https:\/\/www.pressenza.com\/es\/2016\/01\/via-campesina-exige-liberacion-de-milagro-sala-y-repudia-la-criminalizacion-de-la-protesta\/\" \/>\n<meta property=\"og:site_name\" content=\"Pressenza\" \/>\n<meta property=\"article:publisher\" content=\"https:\/\/www.facebook.com\/PressenzaItalia\" \/>\n<meta property=\"article:published_time\" content=\"2016-01-18T02:55:12+00:00\" \/>\n<meta property=\"article:modified_time\" content=\"2016-04-04T18:18:30+00:00\" \/>\n<meta property=\"og:image\" content=\"https:\/\/www.pressenza.com\/wp-content\/uploads\/2016\/01\/milasala.jpg\" \/>\n\t<meta property=\"og:image:width\" content=\"303\" \/>\n\t<meta property=\"og:image:height\" content=\"166\" \/>\n\t<meta property=\"og:image:type\" content=\"image\/jpeg\" \/>\n<meta name=\"author\" content=\"Redacci\u00f3n Argentina\" \/>\n<meta name=\"twitter:card\" content=\"summary_large_image\" \/>\n<meta name=\"twitter:creator\" content=\"@pressenza\" \/>\n<meta name=\"twitter:site\" content=\"@PressenzaIPA\" \/>\n<meta name=\"twitter:label1\" content=\"Escrito por\" \/>\n\t<meta name=\"twitter:data1\" content=\"Redacci\u00f3n Argentina\" \/>\n\t<meta name=\"twitter:label2\" content=\"Tiempo de lectura\" \/>\n\t<meta name=\"twitter:data2\" content=\"2 minutos\" \/>\n<script type=\"application\/ld+json\" class=\"yoast-schema-graph\">{\"@context\":\"https:\/\/schema.org\",\"@graph\":[{\"@type\":\"Article\",\"@id\":\"https:\/\/www.pressenza.com\/es\/2016\/01\/via-campesina-exige-liberacion-de-milagro-sala-y-repudia-la-criminalizacion-de-la-protesta\/#article\",\"isPartOf\":{\"@id\":\"https:\/\/www.pressenza.com\/es\/2016\/01\/via-campesina-exige-liberacion-de-milagro-sala-y-repudia-la-criminalizacion-de-la-protesta\/\"},\"author\":{\"name\":\"Redacci\u00f3n Argentina\",\"@id\":\"https:\/\/www.pressenza.com\/es\/#\/schema\/person\/0dda7d1b68267ad95b1e1d83abc98c89\"},\"headline\":\"V\u00eda Campesina exige liberaci\u00f3n de Milagro Sala y repudia la criminalizaci\u00f3n de la protesta\",\"datePublished\":\"2016-01-18T02:55:12+00:00\",\"dateModified\":\"2016-04-04T18:18:30+00:00\",\"mainEntityOfPage\":{\"@id\":\"https:\/\/www.pressenza.com\/es\/2016\/01\/via-campesina-exige-liberacion-de-milagro-sala-y-repudia-la-criminalizacion-de-la-protesta\/\"},\"wordCount\":436,\"publisher\":{\"@id\":\"https:\/\/www.pressenza.com\/es\/#organization\"},\"image\":{\"@id\":\"https:\/\/www.pressenza.com\/es\/2016\/01\/via-campesina-exige-liberacion-de-milagro-sala-y-repudia-la-criminalizacion-de-la-protesta\/#primaryimage\"},\"thumbnailUrl\":\"https:\/\/www.pressenza.com\/wp-content\/uploads\/2016\/01\/milasala.jpg\",\"keywords\":[\"Argentina\",\"CLOC V\u00eda Campesina\",\"Criminalizaci\u00f3n de la protesta\",\"detenci\u00f3n\",\"Jujuy\",\"Milagro Sala\",\"MNCI\",\"movilizaci\u00f3n\",\"movimientos sociales\",\"protestas sociales\",\"Tupac Amaru\"],\"articleSection\":[\"Comunicados de Prensa\",\"Derechos Humanos\",\"Pol\u00edtica\",\"Sudam\u00e9rica\"],\"inLanguage\":\"es\"},{\"@type\":\"WebPage\",\"@id\":\"https:\/\/www.pressenza.com\/es\/2016\/01\/via-campesina-exige-liberacion-de-milagro-sala-y-repudia-la-criminalizacion-de-la-protesta\/\",\"url\":\"https:\/\/www.pressenza.com\/es\/2016\/01\/via-campesina-exige-liberacion-de-milagro-sala-y-repudia-la-criminalizacion-de-la-protesta\/\",\"name\":\"V\u00eda Campesina exige liberaci\u00f3n de Milagro Sala y repudia la criminalizaci\u00f3n de la protesta\",\"isPartOf\":{\"@id\":\"https:\/\/www.pressenza.com\/es\/#website\"},\"primaryImageOfPage\":{\"@id\":\"https:\/\/www.pressenza.com\/es\/2016\/01\/via-campesina-exige-liberacion-de-milagro-sala-y-repudia-la-criminalizacion-de-la-protesta\/#primaryimage\"},\"image\":{\"@id\":\"https:\/\/www.pressenza.com\/es\/2016\/01\/via-campesina-exige-liberacion-de-milagro-sala-y-repudia-la-criminalizacion-de-la-protesta\/#primaryimage\"},\"thumbnailUrl\":\"https:\/\/www.pressenza.com\/wp-content\/uploads\/2016\/01\/milasala.jpg\",\"datePublished\":\"2016-01-18T02:55:12+00:00\",\"dateModified\":\"2016-04-04T18:18:30+00:00\",\"description\":\"En un comunicado fechado el 17 de enero, la CLOC V\u00eda Campesina Argentina y el Movimiento Nacional Campesino Ind\u00edgena expusieron: Repudiamos la\",\"breadcrumb\":{\"@id\":\"https:\/\/www.pressenza.com\/es\/2016\/01\/via-campesina-exige-liberacion-de-milagro-sala-y-repudia-la-criminalizacion-de-la-protesta\/#breadcrumb\"},\"inLanguage\":\"es\",\"potentialAction\":[{\"@type\":\"ReadAction\",\"target\":[\"https:\/\/www.pressenza.com\/es\/2016\/01\/via-campesina-exige-liberacion-de-milagro-sala-y-repudia-la-criminalizacion-de-la-protesta\/\"]}]},{\"@type\":\"ImageObject\",\"inLanguage\":\"es\",\"@id\":\"https:\/\/www.pressenza.com\/es\/2016\/01\/via-campesina-exige-liberacion-de-milagro-sala-y-repudia-la-criminalizacion-de-la-protesta\/#primaryimage\",\"url\":\"https:\/\/www.pressenza.com\/wp-content\/uploads\/2016\/01\/milasala.jpg\",\"contentUrl\":\"https:\/\/www.pressenza.com\/wp-content\/uploads\/2016\/01\/milasala.jpg\",\"width\":303,\"height\":166},{\"@type\":\"BreadcrumbList\",\"@id\":\"https:\/\/www.pressenza.com\/es\/2016\/01\/via-campesina-exige-liberacion-de-milagro-sala-y-repudia-la-criminalizacion-de-la-protesta\/#breadcrumb\",\"itemListElement\":[{\"@type\":\"ListItem\",\"position\":1,\"name\":\"Accueil\",\"item\":\"https:\/\/www.pressenza.com\/es\/\"},{\"@type\":\"ListItem\",\"position\":2,\"name\":\"V\u00eda Campesina exige liberaci\u00f3n de Milagro Sala y repudia la criminalizaci\u00f3n de la protesta\"}]},{\"@type\":\"WebSite\",\"@id\":\"https:\/\/www.pressenza.com\/es\/#website\",\"url\":\"https:\/\/www.pressenza.com\/es\/\",\"name\":\"Pressenza\",\"description\":\"International Press Agency\",\"publisher\":{\"@id\":\"https:\/\/www.pressenza.com\/es\/#organization\"},\"potentialAction\":[{\"@type\":\"SearchAction\",\"target\":{\"@type\":\"EntryPoint\",\"urlTemplate\":\"https:\/\/www.pressenza.com\/es\/?s={search_term_string}\"},\"query-input\":{\"@type\":\"PropertyValueSpecification\",\"valueRequired\":true,\"valueName\":\"search_term_string\"}}],\"inLanguage\":\"es\"},{\"@type\":\"Organization\",\"@id\":\"https:\/\/www.pressenza.com\/es\/#organization\",\"name\":\"Pressenza\",\"url\":\"https:\/\/www.pressenza.com\/es\/\",\"logo\":{\"@type\":\"ImageObject\",\"inLanguage\":\"es\",\"@id\":\"https:\/\/www.pressenza.com\/es\/#\/schema\/logo\/image\/\",\"url\":\"https:\/\/www.pressenza.com\/wp-content\/uploads\/2022\/10\/pressenza_logo_200x200.jpg\",\"contentUrl\":\"https:\/\/www.pressenza.com\/wp-content\/uploads\/2022\/10\/pressenza_logo_200x200.jpg\",\"width\":200,\"height\":200,\"caption\":\"Pressenza\"},\"image\":{\"@id\":\"https:\/\/www.pressenza.com\/es\/#\/schema\/logo\/image\/\"},\"sameAs\":[\"https:\/\/www.facebook.com\/PressenzaItalia\",\"https:\/\/x.com\/PressenzaIPA\"]},{\"@type\":\"Person\",\"@id\":\"https:\/\/www.pressenza.com\/es\/#\/schema\/person\/0dda7d1b68267ad95b1e1d83abc98c89\",\"name\":\"Redacci\u00f3n Argentina\",\"description\":\"News from the Pressenza Bureau in Argentina.\",\"sameAs\":[\"https:\/\/x.com\/pressenza\"],\"url\":\"https:\/\/www.pressenza.com\/es\/author\/redaccion-argentina\/\"}]}<\/script>\n<!-- \/ Yoast SEO plugin. -->","yoast_head_json":{"title":"V\u00eda Campesina exige liberaci\u00f3n de Milagro Sala y repudia la criminalizaci\u00f3n de la protesta","description":"En un comunicado fechado el 17 de enero, la CLOC V\u00eda Campesina Argentina y el Movimiento Nacional Campesino Ind\u00edgena expusieron: Repudiamos la","robots":{"index":"index","follow":"follow","max-snippet":"max-snippet:-1","max-image-preview":"max-image-preview:large","max-video-preview":"max-video-preview:-1"},"canonical":"https:\/\/www.pressenza.com\/es\/2016\/01\/via-campesina-exige-liberacion-de-milagro-sala-y-repudia-la-criminalizacion-de-la-protesta\/","og_locale":"es_ES","og_type":"article","og_title":"V\u00eda Campesina exige liberaci\u00f3n de Milagro Sala y repudia la criminalizaci\u00f3n de la protesta","og_description":"En un comunicado fechado el 17 de enero, la CLOC V\u00eda Campesina Argentina y el Movimiento Nacional Campesino Ind\u00edgena expusieron: Repudiamos la","og_url":"https:\/\/www.pressenza.com\/es\/2016\/01\/via-campesina-exige-liberacion-de-milagro-sala-y-repudia-la-criminalizacion-de-la-protesta\/","og_site_name":"Pressenza","article_publisher":"https:\/\/www.facebook.com\/PressenzaItalia","article_published_time":"2016-01-18T02:55:12+00:00","article_modified_time":"2016-04-04T18:18:30+00:00","og_image":[{"width":303,"height":166,"url":"https:\/\/www.pressenza.com\/wp-content\/uploads\/2016\/01\/milasala.jpg","type":"image\/jpeg"}],"author":"Redacci\u00f3n Argentina","twitter_card":"summary_large_image","twitter_creator":"@pressenza","twitter_site":"@PressenzaIPA","twitter_misc":{"Escrito por":"Redacci\u00f3n Argentina","Tiempo de lectura":"2 minutos"},"schema":{"@context":"https:\/\/schema.org","@graph":[{"@type":"Article","@id":"https:\/\/www.pressenza.com\/es\/2016\/01\/via-campesina-exige-liberacion-de-milagro-sala-y-repudia-la-criminalizacion-de-la-protesta\/#article","isPartOf":{"@id":"https:\/\/www.pressenza.com\/es\/2016\/01\/via-campesina-exige-liberacion-de-milagro-sala-y-repudia-la-criminalizacion-de-la-protesta\/"},"author":{"name":"Redacci\u00f3n Argentina","@id":"https:\/\/www.pressenza.com\/es\/#\/schema\/person\/0dda7d1b68267ad95b1e1d83abc98c89"},"headline":"V\u00eda Campesina exige liberaci\u00f3n de Milagro Sala y repudia la criminalizaci\u00f3n de la protesta","datePublished":"2016-01-18T02:55:12+00:00","dateModified":"2016-04-04T18:18:30+00:00","mainEntityOfPage":{"@id":"https:\/\/www.pressenza.com\/es\/2016\/01\/via-campesina-exige-liberacion-de-milagro-sala-y-repudia-la-criminalizacion-de-la-protesta\/"},"wordCount":436,"publisher":{"@id":"https:\/\/www.pressenza.com\/es\/#organization"},"image":{"@id":"https:\/\/www.pressenza.com\/es\/2016\/01\/via-campesina-exige-liberacion-de-milagro-sala-y-repudia-la-criminalizacion-de-la-protesta\/#primaryimage"},"thumbnailUrl":"https:\/\/www.pressenza.com\/wp-content\/uploads\/2016\/01\/milasala.jpg","keywords":["Argentina","CLOC V\u00eda Campesina","Criminalizaci\u00f3n de la protesta","detenci\u00f3n","Jujuy","Milagro Sala","MNCI","movilizaci\u00f3n","movimientos sociales","protestas sociales","Tupac Amaru"],"articleSection":["Comunicados de Prensa","Derechos Humanos","Pol\u00edtica","Sudam\u00e9rica"],"inLanguage":"es"},{"@type":"WebPage","@id":"https:\/\/www.pressenza.com\/es\/2016\/01\/via-campesina-exige-liberacion-de-milagro-sala-y-repudia-la-criminalizacion-de-la-protesta\/","url":"https:\/\/www.pressenza.com\/es\/2016\/01\/via-campesina-exige-liberacion-de-milagro-sala-y-repudia-la-criminalizacion-de-la-protesta\/","name":"V\u00eda Campesina exige liberaci\u00f3n de Milagro Sala y repudia la criminalizaci\u00f3n de la protesta","isPartOf":{"@id":"https:\/\/www.pressenza.com\/es\/#website"},"primaryImageOfPage":{"@id":"https:\/\/www.pressenza.com\/es\/2016\/01\/via-campesina-exige-liberacion-de-milagro-sala-y-repudia-la-criminalizacion-de-la-protesta\/#primaryimage"},"image":{"@id":"https:\/\/www.pressenza.com\/es\/2016\/01\/via-campesina-exige-liberacion-de-milagro-sala-y-repudia-la-criminalizacion-de-la-protesta\/#primaryimage"},"thumbnailUrl":"https:\/\/www.pressenza.com\/wp-content\/uploads\/2016\/01\/milasala.jpg","datePublished":"2016-01-18T02:55:12+00:00","dateModified":"2016-04-04T18:18:30+00:00","description":"En un comunicado fechado el 17 de enero, la CLOC V\u00eda Campesina Argentina y el Movimiento Nacional Campesino Ind\u00edgena expusieron: Repudiamos la","breadcrumb":{"@id":"https:\/\/www.pressenza.com\/es\/2016\/01\/via-campesina-exige-liberacion-de-milagro-sala-y-repudia-la-criminalizacion-de-la-protesta\/#breadcrumb"},"inLanguage":"es","potentialAction":[{"@type":"ReadAction","target":["https:\/\/www.pressenza.com\/es\/2016\/01\/via-campesina-exige-liberacion-de-milagro-sala-y-repudia-la-criminalizacion-de-la-protesta\/"]}]},{"@type":"ImageObject","inLanguage":"es","@id":"https:\/\/www.pressenza.com\/es\/2016\/01\/via-campesina-exige-liberacion-de-milagro-sala-y-repudia-la-criminalizacion-de-la-protesta\/#primaryimage","url":"https:\/\/www.pressenza.com\/wp-content\/uploads\/2016\/01\/milasala.jpg","contentUrl":"https:\/\/www.pressenza.com\/wp-content\/uploads\/2016\/01\/milasala.jpg","width":303,"height":166},{"@type":"BreadcrumbList","@id":"https:\/\/www.pressenza.com\/es\/2016\/01\/via-campesina-exige-liberacion-de-milagro-sala-y-repudia-la-criminalizacion-de-la-protesta\/#breadcrumb","itemListElement":[{"@type":"ListItem","position":1,"name":"Accueil","item":"https:\/\/www.pressenza.com\/es\/"},{"@type":"ListItem","position":2,"name":"V\u00eda Campesina exige liberaci\u00f3n de Milagro Sala y repudia la criminalizaci\u00f3n de la protesta"}]},{"@type":"WebSite","@id":"https:\/\/www.pressenza.com\/es\/#website","url":"https:\/\/www.pressenza.com\/es\/","name":"Pressenza","description":"International Press Agency","publisher":{"@id":"https:\/\/www.pressenza.com\/es\/#organization"},"potentialAction":[{"@type":"SearchAction","target":{"@type":"EntryPoint","urlTemplate":"https:\/\/www.pressenza.com\/es\/?s={search_term_string}"},"query-input":{"@type":"PropertyValueSpecification","valueRequired":true,"valueName":"search_term_string"}}],"inLanguage":"es"},{"@type":"Organization","@id":"https:\/\/www.pressenza.com\/es\/#organization","name":"Pressenza","url":"https:\/\/www.pressenza.com\/es\/","logo":{"@type":"ImageObject","inLanguage":"es","@id":"https:\/\/www.pressenza.com\/es\/#\/schema\/logo\/image\/","url":"https:\/\/www.pressenza.com\/wp-content\/uploads\/2022\/10\/pressenza_logo_200x200.jpg","contentUrl":"https:\/\/www.pressenza.com\/wp-content\/uploads\/2022\/10\/pressenza_logo_200x200.jpg","width":200,"height":200,"caption":"Pressenza"},"image":{"@id":"https:\/\/www.pressenza.com\/es\/#\/schema\/logo\/image\/"},"sameAs":["https:\/\/www.facebook.com\/PressenzaItalia","https:\/\/x.com\/PressenzaIPA"]},{"@type":"Person","@id":"https:\/\/www.pressenza.com\/es\/#\/schema\/person\/0dda7d1b68267ad95b1e1d83abc98c89","name":"Redacci\u00f3n Argentina","description":"News from the Pressenza Bureau in Argentina.","sameAs":["https:\/\/x.com\/pressenza"],"url":"https:\/\/www.pressenza.com\/es\/author\/redaccion-argentina\/"}]}},"place":"","original_article_url":"http:\/\/mnci.org.ar\/repudiamos-la-criminalizacion-de-la-protesta-social-y-exigimos-la-liberacion-de-milagro-sala\/","_links":{"self":[{"href":"https:\/\/www.pressenza.com\/es\/wp-json\/wp\/v2\/posts\/268079","targetHints":{"allow":["GET"]}}],"collection":[{"href":"https:\/\/www.pressenza.com\/es\/wp-json\/wp\/v2\/posts"}],"about":[{"href":"https:\/\/www.pressenza.com\/es\/wp-json\/wp\/v2\/types\/post"}],"author":[{"embeddable":true,"href":"https:\/\/www.pressenza.com\/es\/wp-json\/wp\/v2\/users\/87"}],"replies":[{"embeddable":true,"href":"https:\/\/www.pressenza.com\/es\/wp-json\/wp\/v2\/comments?post=268079"}],"version-history":[{"count":0,"href":"https:\/\/www.pressenza.com\/es\/wp-json\/wp\/v2\/posts\/268079\/revisions"}],"wp:featuredmedia":[{"embeddable":true,"href":"https:\/\/www.pressenza.com\/es\/wp-json\/wp\/v2\/media\/268080"}],"wp:attachment":[{"href":"https:\/\/www.pressenza.com\/es\/wp-json\/wp\/v2\/media?parent=268079"}],"wp:term":[{"taxonomy":"category","embeddable":true,"href":"https:\/\/www.pressenza.com\/es\/wp-json\/wp\/v2\/categories?post=268079"},{"taxonomy":"post_tag","embeddable":true,"href":"https:\/\/www.pressenza.com\/es\/wp-json\/wp\/v2\/tags?post=268079"}],"curies":[{"name":"wp","href":"https:\/\/api.w.org\/{rel}","templated":true}]}}