{"id":268075,"date":"2016-01-17T22:48:43","date_gmt":"2016-01-17T22:48:43","guid":{"rendered":"http:\/\/www.pressenza.com\/es\/?p=268075"},"modified":"2016-04-26T16:33:16","modified_gmt":"2016-04-26T15:33:16","slug":"bagdad-la-musica-de-karim-wasfi-contra-la-violencia","status":"publish","type":"post","link":"https:\/\/www.pressenza.com\/es\/2016\/01\/bagdad-la-musica-de-karim-wasfi-contra-la-violencia\/","title":{"rendered":"Bagdad, la m\u00fasica de Karim Wasfi contra la violencia"},"content":{"rendered":"<p style=\"text-align: justify;\">Estamos acostumbrados a escuchar el violonchelo en un teatro o en una sala de conciertos o en un auditorio, o tal vez en diferentes lugares solo en ocasiones especiales. Pero la realidad a veces puede ir m\u00e1s all\u00e1 de la imaginaci\u00f3n, y cuando algo as\u00ed sucede, especialmente si exalta lo positivo y la grandeza de los sentimientos humanos, no puede uno dejar de emocionarse y pensar que, tarde o temprano, el coraz\u00f3n triunfar\u00e1 en la lucha diaria contra la deshumanizaci\u00f3n y la crueldad del hombre.<\/p>\n<p style=\"text-align: justify;\">Y esta es la historia de <strong>Karim Wasfi<\/strong>, violonchelista y director de la Orquesta Sinf\u00f3nica Nacional de Irak que, en colaboraci\u00f3n con la poetisa iraqu\u00ed y activista de los derechos humanos, <strong>Amal Al-Jubouri<\/strong>, decidi\u00f3 hace mucho tiempo contraponer la m\u00fasica y su violonchelo frente a las bombas de ISIS que producen devastaci\u00f3n con frecuencia en Bagdad. Ya sucedi\u00f3 en al menos siete ataques de coches bomba durante el a\u00f1o pasado.<\/p>\n<p style=\"text-align: justify;\">En estas circunstancias dram\u00e1ticas, Karim no pierde el \u00e1nimo; por el contrario, visitaba los lugares afectados y entre los escombros y desechos sacaba el violonchelo de su caja y comenzaba a tocar.<\/p>\n<p style=\"text-align: justify;\">Karim Wasfi es el fundador del Centro para la Creatividad &#8211; Paz a trav\u00e9s del Arte (<em>Karim Wasfi Center For Creativity \u2013 Peace Through Arts<\/em>), cuyo mantra es \u00abnuestra m\u00fasica es un puente para la paz\u00bb (<strong><em>Our Music is a Bridge for Peace<\/em><\/strong>).<\/p>\n<p style=\"text-align: justify;\">Tuvimos la oportunidad de contactarlo para hacerle algunas preguntas.<\/p>\n<p style=\"text-align: justify;\">Pero primero, den un vistazo a uno de los de v\u00eddeos, cortes\u00eda de Soutuna TV, grabado por Amal Al-Jubouri.<\/p>\n<p><a href=\"https:\/\/www.youtube.com\/watch?v=QDgJJaov1fM\">https:\/\/www.youtube.com\/watch?v=QDgJJaov1fM<\/a><\/p>\n<p style=\"text-align: justify;\"><strong>Desde hace alg\u00fan tiempo, en Bagdad, empez\u00f3 a tocar el violonchelo luego de algunos atentados reivindicados por ISIS. \u00bfCu\u00e1l es el significado de su iniciativa?<\/strong><\/p>\n<p style=\"text-align: justify;\">El sentido de lo que hice y que sigo haciendo es la intenci\u00f3n de contraponer a la muerte con la vida. Desafiar la brutalidad con la belleza, para crear un equilibrio entre lo feo y lo bello. Para m\u00ed es un acto de proactividad.<\/p>\n<p style=\"text-align: justify;\"><strong>\u00bfCu\u00e1les fueron las reacciones de las personas en torno a este dram\u00e1tico contexto?<\/strong><\/p>\n<p style=\"text-align: justify;\">La gente ha reaccionado muy positivamente. Ha mostrado afecto, calidez y comprensi\u00f3n. Me he sentido acogido y comprendido.<\/p>\n<p style=\"text-align: justify;\"><strong>\u00bfCu\u00e1l es su percepci\u00f3n de ISIS y los diferentes actores internacionales, que, desde hace a\u00f1os, est\u00e1n jugando un papel importante en todo esto?<\/strong><\/p>\n<p style=\"text-align: justify;\">No deseo caer y no voy a caer en la trampa de la intimidaci\u00f3n de ISIS, como lo hicieron los gobiernos que reaccionaron a su brutalidad. Es un error.<\/p>\n<p style=\"text-align: justify;\"><strong>\u00bfQu\u00e9 es lo que piensa y siente la gente de Bagdad sobre las actuales condiciones de vida?<\/strong><\/p>\n<p style=\"text-align: justify;\">Seguramente las personas se preocupan por la tensi\u00f3n existente, pero est\u00e1n tratando de vivir de una manera proactiva y hacer frente a la actual situaci\u00f3n de la manera m\u00e1s normal posible. La vida en Bagdad puede ser muy estresante e incierta, pero trato de vivir con la certeza a trav\u00e9s de la bondad y el deseo de mejorar.<\/p>\n<p style=\"text-align: justify;\"><strong>Despu\u00e9s de los ataques de coches bomba, has tocado durante horas. \u00bfCu\u00e1l es tu repertorio? \u00bfC\u00f3mo eliges qu\u00e9 temas tocar?<\/strong><\/p>\n<p style=\"text-align: justify;\">Mi repertorio es esencial y deliberadamente improvisado con el fin de crear una atm\u00f3sfera transparente y una reacci\u00f3n inmediata que puede ser la m\u00e1s pura posible.<\/p>\n<p style=\"text-align: justify;\"><strong>El sonido de la m\u00fasica y el sonido de las bombas son una de las mayores contradicciones de la vida diaria en Irak. Por un lado, la vida y la creatividad; y por la otra, la muerte y la destrucci\u00f3n. \u00bfCu\u00e1l es tu opini\u00f3n sobre el futuro del pa\u00eds?<\/strong><\/p>\n<p style=\"text-align: justify;\">El futuro de Irak es incierto y vago, pero creo en la motivaci\u00f3n, la inspiraci\u00f3n y en el poder de la voluntad. Irak puede prosperar si la gente decide respetar el sentido de la civilizaci\u00f3n y la integraci\u00f3n, que ya se est\u00e1n aplicando.<\/p>\n<p style=\"text-align: justify;\"><strong>En tu opini\u00f3n, \u00bfpuede la m\u00fasica, las otras expresiones del arte y todos los actos de no violencia representar formas de detener las guerras y los conflictos entre los pa\u00edses, los pueblos, las religiones?<\/strong><\/p>\n<p style=\"text-align: justify;\">S\u00ed, los considero como un \u00abpoder blando\u00bb. Eleg\u00ed la m\u00fasica porque su sonido es el sentido de la creaci\u00f3n. Para m\u00ed, el sonido se crea a trav\u00e9s de las vibraciones. La m\u00fasica es una forma de crear im\u00e1genes, recuerdos, predicciones, e incluso la integraci\u00f3n.<\/p>\n<p style=\"text-align: justify;\"><strong>Para terminar, te pedir\u00edamos tocar un tema ahora, para nosotros. \u00bfQu\u00e9 te gustar\u00eda hacernos escuchar?<\/strong><\/p>\n<p style=\"text-align: justify;\">Tocar\u00e9 el Ave Mar\u00eda.<\/p>\n","protected":false},"excerpt":{"rendered":"<p>Estamos acostumbrados a escuchar el violonchelo en un teatro o en una sala de conciertos o en un auditorio, o tal vez en diferentes lugares solo en ocasiones especiales. Pero la realidad a veces puede ir m\u00e1s all\u00e1 de la&hellip;<\/p>\n","protected":false},"author":680,"featured_media":267361,"comment_status":"closed","ping_status":"open","sticky":false,"template":"","format":"standard","meta":{"footnotes":""},"categories":[11389,75,155,39,71,1242,1243],"tags":[23223,23274,23275,4164,11886,23221,23224,23276,383,419],"class_list":["post-268075","post","type-post","status-publish","format-standard","has-post-thumbnail","hentry","category-contenido-original","category-cultura-es","category-entrevistas","category-internacional","category-medio-oriente-es","category-noviolencia-tema","category-paz-desarme","tag-amal-al-jabouri","tag-ataques-terroristas","tag-bagdad","tag-irak-es","tag-isis-en","tag-karim-wasfi","tag-karim-wasfi-center-for-creativity-peace-through-arts","tag-musica-por-la-paz","tag-noviolencia","tag-paz"],"yoast_head":"<!-- This site is optimized with the Yoast SEO plugin v27.1.1 - https:\/\/yoast.com\/product\/yoast-seo-wordpress\/ -->\n<title>Bagdad, la m\u00fasica de Karim Wasfi contra la violencia<\/title>\n<meta name=\"description\" content=\"Estamos acostumbrados a escuchar el violonchelo en un teatro o en una sala de conciertos o en un auditorio, o tal vez en diferentes lugares solo en\" \/>\n<meta name=\"robots\" content=\"index, follow, max-snippet:-1, max-image-preview:large, max-video-preview:-1\" \/>\n<link rel=\"canonical\" href=\"https:\/\/www.pressenza.com\/es\/2016\/01\/bagdad-la-musica-de-karim-wasfi-contra-la-violencia\/\" \/>\n<meta property=\"og:locale\" content=\"es_ES\" \/>\n<meta property=\"og:type\" content=\"article\" \/>\n<meta property=\"og:title\" content=\"Bagdad, la m\u00fasica de Karim Wasfi contra la violencia\" \/>\n<meta property=\"og:description\" content=\"Estamos acostumbrados a escuchar el violonchelo en un teatro o en una sala de conciertos o en un auditorio, o tal vez en diferentes lugares solo en\" \/>\n<meta property=\"og:url\" content=\"https:\/\/www.pressenza.com\/es\/2016\/01\/bagdad-la-musica-de-karim-wasfi-contra-la-violencia\/\" \/>\n<meta property=\"og:site_name\" content=\"Pressenza\" \/>\n<meta property=\"article:publisher\" content=\"https:\/\/www.facebook.com\/PressenzaItalia\" \/>\n<meta property=\"article:author\" content=\"https:\/\/www.facebook.com\/dariosolare\" \/>\n<meta property=\"article:published_time\" content=\"2016-01-17T22:48:43+00:00\" \/>\n<meta property=\"article:modified_time\" content=\"2016-04-26T15:33:16+00:00\" \/>\n<meta property=\"og:image\" content=\"https:\/\/www.pressenza.com\/wp-content\/uploads\/2016\/01\/5.jpg\" \/>\n\t<meta property=\"og:image:width\" content=\"960\" \/>\n\t<meta property=\"og:image:height\" content=\"720\" \/>\n\t<meta property=\"og:image:type\" content=\"image\/jpeg\" \/>\n<meta name=\"author\" content=\"Dario Lo Scalzo\" \/>\n<meta name=\"twitter:card\" content=\"summary_large_image\" \/>\n<meta name=\"twitter:creator\" content=\"@dario-lo-scalzo\" \/>\n<meta name=\"twitter:site\" content=\"@PressenzaIPA\" \/>\n<meta name=\"twitter:label1\" content=\"Escrito por\" \/>\n\t<meta name=\"twitter:data1\" content=\"Dario Lo Scalzo\" \/>\n\t<meta name=\"twitter:label2\" content=\"Tiempo de lectura\" \/>\n\t<meta name=\"twitter:data2\" content=\"4 minutos\" \/>\n<script type=\"application\/ld+json\" class=\"yoast-schema-graph\">{\"@context\":\"https:\/\/schema.org\",\"@graph\":[{\"@type\":\"Article\",\"@id\":\"https:\/\/www.pressenza.com\/es\/2016\/01\/bagdad-la-musica-de-karim-wasfi-contra-la-violencia\/#article\",\"isPartOf\":{\"@id\":\"https:\/\/www.pressenza.com\/es\/2016\/01\/bagdad-la-musica-de-karim-wasfi-contra-la-violencia\/\"},\"author\":{\"name\":\"Dario Lo Scalzo\",\"@id\":\"https:\/\/www.pressenza.com\/es\/#\/schema\/person\/4734d5a58e73e1588c6b58e2610d4390\"},\"headline\":\"Bagdad, la m\u00fasica de Karim Wasfi contra la violencia\",\"datePublished\":\"2016-01-17T22:48:43+00:00\",\"dateModified\":\"2016-04-26T15:33:16+00:00\",\"mainEntityOfPage\":{\"@id\":\"https:\/\/www.pressenza.com\/es\/2016\/01\/bagdad-la-musica-de-karim-wasfi-contra-la-violencia\/\"},\"wordCount\":797,\"publisher\":{\"@id\":\"https:\/\/www.pressenza.com\/es\/#organization\"},\"image\":{\"@id\":\"https:\/\/www.pressenza.com\/es\/2016\/01\/bagdad-la-musica-de-karim-wasfi-contra-la-violencia\/#primaryimage\"},\"thumbnailUrl\":\"https:\/\/www.pressenza.com\/wp-content\/uploads\/2016\/01\/5.jpg\",\"keywords\":[\"Amal Al-Jabouri\",\"ataques terroristas\",\"Bagdad\",\"Irak\",\"ISIS\",\"Karim Wasfi\",\"Karim Wasfi Center For Creativity - Peace Through Arts\",\"M\u00fasica por la paz\",\"Noviolencia\",\"Paz\"],\"articleSection\":[\"Contenido Original\",\"Cultura y Medios\",\"Entrevistas\",\"Internacional\",\"Medio Oriente\",\"Noviolencia\",\"Paz y Desarme\"],\"inLanguage\":\"es\"},{\"@type\":\"WebPage\",\"@id\":\"https:\/\/www.pressenza.com\/es\/2016\/01\/bagdad-la-musica-de-karim-wasfi-contra-la-violencia\/\",\"url\":\"https:\/\/www.pressenza.com\/es\/2016\/01\/bagdad-la-musica-de-karim-wasfi-contra-la-violencia\/\",\"name\":\"Bagdad, la m\u00fasica de Karim Wasfi contra la violencia\",\"isPartOf\":{\"@id\":\"https:\/\/www.pressenza.com\/es\/#website\"},\"primaryImageOfPage\":{\"@id\":\"https:\/\/www.pressenza.com\/es\/2016\/01\/bagdad-la-musica-de-karim-wasfi-contra-la-violencia\/#primaryimage\"},\"image\":{\"@id\":\"https:\/\/www.pressenza.com\/es\/2016\/01\/bagdad-la-musica-de-karim-wasfi-contra-la-violencia\/#primaryimage\"},\"thumbnailUrl\":\"https:\/\/www.pressenza.com\/wp-content\/uploads\/2016\/01\/5.jpg\",\"datePublished\":\"2016-01-17T22:48:43+00:00\",\"dateModified\":\"2016-04-26T15:33:16+00:00\",\"description\":\"Estamos acostumbrados a escuchar el violonchelo en un teatro o en una sala de conciertos o en un auditorio, o tal vez en diferentes lugares solo en\",\"breadcrumb\":{\"@id\":\"https:\/\/www.pressenza.com\/es\/2016\/01\/bagdad-la-musica-de-karim-wasfi-contra-la-violencia\/#breadcrumb\"},\"inLanguage\":\"es\",\"potentialAction\":[{\"@type\":\"ReadAction\",\"target\":[\"https:\/\/www.pressenza.com\/es\/2016\/01\/bagdad-la-musica-de-karim-wasfi-contra-la-violencia\/\"]}]},{\"@type\":\"ImageObject\",\"inLanguage\":\"es\",\"@id\":\"https:\/\/www.pressenza.com\/es\/2016\/01\/bagdad-la-musica-de-karim-wasfi-contra-la-violencia\/#primaryimage\",\"url\":\"https:\/\/www.pressenza.com\/wp-content\/uploads\/2016\/01\/5.jpg\",\"contentUrl\":\"https:\/\/www.pressenza.com\/wp-content\/uploads\/2016\/01\/5.jpg\",\"width\":960,\"height\":720},{\"@type\":\"BreadcrumbList\",\"@id\":\"https:\/\/www.pressenza.com\/es\/2016\/01\/bagdad-la-musica-de-karim-wasfi-contra-la-violencia\/#breadcrumb\",\"itemListElement\":[{\"@type\":\"ListItem\",\"position\":1,\"name\":\"Accueil\",\"item\":\"https:\/\/www.pressenza.com\/es\/\"},{\"@type\":\"ListItem\",\"position\":2,\"name\":\"Bagdad, la m\u00fasica de Karim Wasfi contra la violencia\"}]},{\"@type\":\"WebSite\",\"@id\":\"https:\/\/www.pressenza.com\/es\/#website\",\"url\":\"https:\/\/www.pressenza.com\/es\/\",\"name\":\"Pressenza\",\"description\":\"International Press Agency\",\"publisher\":{\"@id\":\"https:\/\/www.pressenza.com\/es\/#organization\"},\"potentialAction\":[{\"@type\":\"SearchAction\",\"target\":{\"@type\":\"EntryPoint\",\"urlTemplate\":\"https:\/\/www.pressenza.com\/es\/?s={search_term_string}\"},\"query-input\":{\"@type\":\"PropertyValueSpecification\",\"valueRequired\":true,\"valueName\":\"search_term_string\"}}],\"inLanguage\":\"es\"},{\"@type\":\"Organization\",\"@id\":\"https:\/\/www.pressenza.com\/es\/#organization\",\"name\":\"Pressenza\",\"url\":\"https:\/\/www.pressenza.com\/es\/\",\"logo\":{\"@type\":\"ImageObject\",\"inLanguage\":\"es\",\"@id\":\"https:\/\/www.pressenza.com\/es\/#\/schema\/logo\/image\/\",\"url\":\"https:\/\/www.pressenza.com\/wp-content\/uploads\/2022\/10\/pressenza_logo_200x200.jpg\",\"contentUrl\":\"https:\/\/www.pressenza.com\/wp-content\/uploads\/2022\/10\/pressenza_logo_200x200.jpg\",\"width\":200,\"height\":200,\"caption\":\"Pressenza\"},\"image\":{\"@id\":\"https:\/\/www.pressenza.com\/es\/#\/schema\/logo\/image\/\"},\"sameAs\":[\"https:\/\/www.facebook.com\/PressenzaItalia\",\"https:\/\/x.com\/PressenzaIPA\"]},{\"@type\":\"Person\",\"@id\":\"https:\/\/www.pressenza.com\/es\/#\/schema\/person\/4734d5a58e73e1588c6b58e2610d4390\",\"name\":\"Dario Lo Scalzo\",\"description\":\"Dario Lo Scalzo: Journalist, writer and videomaker Dario has a professional background in banking, microcredit, lean thinking and change management. For years, he has been involved in Human Rights and Nonviolence issues. As a journalist, he wrote for Terranauta and Il Cambiamento (as a columnist and creator of the \\\"Invisible Stories\\\" section). He also cooperated with other online and print newpapers (Girodivite, Left Avvenimenti, Il Clandestino con permesso di soggiorno). In 2020, he created and launched the Video Team of the online green magazine \\\"GreenMe\\\". Currently, Dario is part of the Italian editorial staff of Pressenza International Press Agency and he is a freelance video-journalist at Radiotelevisione svizzera (RSI)\",\"sameAs\":[\"https:\/\/www.facebook.com\/dariosolare\",\"https:\/\/x.com\/dario-lo-scalzo\"],\"url\":\"https:\/\/www.pressenza.com\/es\/author\/dario-lo-scalzo\/\"}]}<\/script>\n<!-- \/ Yoast SEO plugin. -->","yoast_head_json":{"title":"Bagdad, la m\u00fasica de Karim Wasfi contra la violencia","description":"Estamos acostumbrados a escuchar el violonchelo en un teatro o en una sala de conciertos o en un auditorio, o tal vez en diferentes lugares solo en","robots":{"index":"index","follow":"follow","max-snippet":"max-snippet:-1","max-image-preview":"max-image-preview:large","max-video-preview":"max-video-preview:-1"},"canonical":"https:\/\/www.pressenza.com\/es\/2016\/01\/bagdad-la-musica-de-karim-wasfi-contra-la-violencia\/","og_locale":"es_ES","og_type":"article","og_title":"Bagdad, la m\u00fasica de Karim Wasfi contra la violencia","og_description":"Estamos acostumbrados a escuchar el violonchelo en un teatro o en una sala de conciertos o en un auditorio, o tal vez en diferentes lugares solo en","og_url":"https:\/\/www.pressenza.com\/es\/2016\/01\/bagdad-la-musica-de-karim-wasfi-contra-la-violencia\/","og_site_name":"Pressenza","article_publisher":"https:\/\/www.facebook.com\/PressenzaItalia","article_author":"https:\/\/www.facebook.com\/dariosolare","article_published_time":"2016-01-17T22:48:43+00:00","article_modified_time":"2016-04-26T15:33:16+00:00","og_image":[{"width":960,"height":720,"url":"https:\/\/www.pressenza.com\/wp-content\/uploads\/2016\/01\/5.jpg","type":"image\/jpeg"}],"author":"Dario Lo Scalzo","twitter_card":"summary_large_image","twitter_creator":"@dario-lo-scalzo","twitter_site":"@PressenzaIPA","twitter_misc":{"Escrito por":"Dario Lo Scalzo","Tiempo de lectura":"4 minutos"},"schema":{"@context":"https:\/\/schema.org","@graph":[{"@type":"Article","@id":"https:\/\/www.pressenza.com\/es\/2016\/01\/bagdad-la-musica-de-karim-wasfi-contra-la-violencia\/#article","isPartOf":{"@id":"https:\/\/www.pressenza.com\/es\/2016\/01\/bagdad-la-musica-de-karim-wasfi-contra-la-violencia\/"},"author":{"name":"Dario Lo Scalzo","@id":"https:\/\/www.pressenza.com\/es\/#\/schema\/person\/4734d5a58e73e1588c6b58e2610d4390"},"headline":"Bagdad, la m\u00fasica de Karim Wasfi contra la violencia","datePublished":"2016-01-17T22:48:43+00:00","dateModified":"2016-04-26T15:33:16+00:00","mainEntityOfPage":{"@id":"https:\/\/www.pressenza.com\/es\/2016\/01\/bagdad-la-musica-de-karim-wasfi-contra-la-violencia\/"},"wordCount":797,"publisher":{"@id":"https:\/\/www.pressenza.com\/es\/#organization"},"image":{"@id":"https:\/\/www.pressenza.com\/es\/2016\/01\/bagdad-la-musica-de-karim-wasfi-contra-la-violencia\/#primaryimage"},"thumbnailUrl":"https:\/\/www.pressenza.com\/wp-content\/uploads\/2016\/01\/5.jpg","keywords":["Amal Al-Jabouri","ataques terroristas","Bagdad","Irak","ISIS","Karim Wasfi","Karim Wasfi Center For Creativity - Peace Through Arts","M\u00fasica por la paz","Noviolencia","Paz"],"articleSection":["Contenido Original","Cultura y Medios","Entrevistas","Internacional","Medio Oriente","Noviolencia","Paz y Desarme"],"inLanguage":"es"},{"@type":"WebPage","@id":"https:\/\/www.pressenza.com\/es\/2016\/01\/bagdad-la-musica-de-karim-wasfi-contra-la-violencia\/","url":"https:\/\/www.pressenza.com\/es\/2016\/01\/bagdad-la-musica-de-karim-wasfi-contra-la-violencia\/","name":"Bagdad, la m\u00fasica de Karim Wasfi contra la violencia","isPartOf":{"@id":"https:\/\/www.pressenza.com\/es\/#website"},"primaryImageOfPage":{"@id":"https:\/\/www.pressenza.com\/es\/2016\/01\/bagdad-la-musica-de-karim-wasfi-contra-la-violencia\/#primaryimage"},"image":{"@id":"https:\/\/www.pressenza.com\/es\/2016\/01\/bagdad-la-musica-de-karim-wasfi-contra-la-violencia\/#primaryimage"},"thumbnailUrl":"https:\/\/www.pressenza.com\/wp-content\/uploads\/2016\/01\/5.jpg","datePublished":"2016-01-17T22:48:43+00:00","dateModified":"2016-04-26T15:33:16+00:00","description":"Estamos acostumbrados a escuchar el violonchelo en un teatro o en una sala de conciertos o en un auditorio, o tal vez en diferentes lugares solo en","breadcrumb":{"@id":"https:\/\/www.pressenza.com\/es\/2016\/01\/bagdad-la-musica-de-karim-wasfi-contra-la-violencia\/#breadcrumb"},"inLanguage":"es","potentialAction":[{"@type":"ReadAction","target":["https:\/\/www.pressenza.com\/es\/2016\/01\/bagdad-la-musica-de-karim-wasfi-contra-la-violencia\/"]}]},{"@type":"ImageObject","inLanguage":"es","@id":"https:\/\/www.pressenza.com\/es\/2016\/01\/bagdad-la-musica-de-karim-wasfi-contra-la-violencia\/#primaryimage","url":"https:\/\/www.pressenza.com\/wp-content\/uploads\/2016\/01\/5.jpg","contentUrl":"https:\/\/www.pressenza.com\/wp-content\/uploads\/2016\/01\/5.jpg","width":960,"height":720},{"@type":"BreadcrumbList","@id":"https:\/\/www.pressenza.com\/es\/2016\/01\/bagdad-la-musica-de-karim-wasfi-contra-la-violencia\/#breadcrumb","itemListElement":[{"@type":"ListItem","position":1,"name":"Accueil","item":"https:\/\/www.pressenza.com\/es\/"},{"@type":"ListItem","position":2,"name":"Bagdad, la m\u00fasica de Karim Wasfi contra la violencia"}]},{"@type":"WebSite","@id":"https:\/\/www.pressenza.com\/es\/#website","url":"https:\/\/www.pressenza.com\/es\/","name":"Pressenza","description":"International Press Agency","publisher":{"@id":"https:\/\/www.pressenza.com\/es\/#organization"},"potentialAction":[{"@type":"SearchAction","target":{"@type":"EntryPoint","urlTemplate":"https:\/\/www.pressenza.com\/es\/?s={search_term_string}"},"query-input":{"@type":"PropertyValueSpecification","valueRequired":true,"valueName":"search_term_string"}}],"inLanguage":"es"},{"@type":"Organization","@id":"https:\/\/www.pressenza.com\/es\/#organization","name":"Pressenza","url":"https:\/\/www.pressenza.com\/es\/","logo":{"@type":"ImageObject","inLanguage":"es","@id":"https:\/\/www.pressenza.com\/es\/#\/schema\/logo\/image\/","url":"https:\/\/www.pressenza.com\/wp-content\/uploads\/2022\/10\/pressenza_logo_200x200.jpg","contentUrl":"https:\/\/www.pressenza.com\/wp-content\/uploads\/2022\/10\/pressenza_logo_200x200.jpg","width":200,"height":200,"caption":"Pressenza"},"image":{"@id":"https:\/\/www.pressenza.com\/es\/#\/schema\/logo\/image\/"},"sameAs":["https:\/\/www.facebook.com\/PressenzaItalia","https:\/\/x.com\/PressenzaIPA"]},{"@type":"Person","@id":"https:\/\/www.pressenza.com\/es\/#\/schema\/person\/4734d5a58e73e1588c6b58e2610d4390","name":"Dario Lo Scalzo","description":"Dario Lo Scalzo: Journalist, writer and videomaker Dario has a professional background in banking, microcredit, lean thinking and change management. For years, he has been involved in Human Rights and Nonviolence issues. As a journalist, he wrote for Terranauta and Il Cambiamento (as a columnist and creator of the \"Invisible Stories\" section). He also cooperated with other online and print newpapers (Girodivite, Left Avvenimenti, Il Clandestino con permesso di soggiorno). In 2020, he created and launched the Video Team of the online green magazine \"GreenMe\". Currently, Dario is part of the Italian editorial staff of Pressenza International Press Agency and he is a freelance video-journalist at Radiotelevisione svizzera (RSI)","sameAs":["https:\/\/www.facebook.com\/dariosolare","https:\/\/x.com\/dario-lo-scalzo"],"url":"https:\/\/www.pressenza.com\/es\/author\/dario-lo-scalzo\/"}]}},"place":"","original_article_url":"","_links":{"self":[{"href":"https:\/\/www.pressenza.com\/es\/wp-json\/wp\/v2\/posts\/268075","targetHints":{"allow":["GET"]}}],"collection":[{"href":"https:\/\/www.pressenza.com\/es\/wp-json\/wp\/v2\/posts"}],"about":[{"href":"https:\/\/www.pressenza.com\/es\/wp-json\/wp\/v2\/types\/post"}],"author":[{"embeddable":true,"href":"https:\/\/www.pressenza.com\/es\/wp-json\/wp\/v2\/users\/680"}],"replies":[{"embeddable":true,"href":"https:\/\/www.pressenza.com\/es\/wp-json\/wp\/v2\/comments?post=268075"}],"version-history":[{"count":0,"href":"https:\/\/www.pressenza.com\/es\/wp-json\/wp\/v2\/posts\/268075\/revisions"}],"wp:featuredmedia":[{"embeddable":true,"href":"https:\/\/www.pressenza.com\/es\/wp-json\/wp\/v2\/media\/267361"}],"wp:attachment":[{"href":"https:\/\/www.pressenza.com\/es\/wp-json\/wp\/v2\/media?parent=268075"}],"wp:term":[{"taxonomy":"category","embeddable":true,"href":"https:\/\/www.pressenza.com\/es\/wp-json\/wp\/v2\/categories?post=268075"},{"taxonomy":"post_tag","embeddable":true,"href":"https:\/\/www.pressenza.com\/es\/wp-json\/wp\/v2\/tags?post=268075"}],"curies":[{"name":"wp","href":"https:\/\/api.w.org\/{rel}","templated":true}]}}