{"id":2678628,"date":"2026-02-22T22:35:30","date_gmt":"2026-02-22T22:35:30","guid":{"rendered":"https:\/\/www.pressenza.com\/?p=2678628"},"modified":"2026-02-22T22:35:30","modified_gmt":"2026-02-22T22:35:30","slug":"cuba-no-depende-solo-del-petroleo","status":"publish","type":"post","link":"https:\/\/www.pressenza.com\/es\/2026\/02\/cuba-no-depende-solo-del-petroleo\/","title":{"rendered":"Cuba no depende s\u00f3lo del petr\u00f3leo"},"content":{"rendered":"<p>Les voy explicando, hay que hablar en Megawats (MW) porque as\u00ed es la cosa.<\/p>\n<p>Cuba no depende s\u00f3lo del petr\u00f3leo, pues en colaboraci\u00f3n con China, avanza en un plan acelerado de instalaci\u00f3n de energ\u00eda fotovoltaica, superando los 1,000 MW de capacidad instalada a inicios de 2026 mediante la sincronizaci\u00f3n de m\u00faltiples parques fotovoltaicos. Se han concluido decenas de parques de 21,8 MW cada uno, lo que ha permitido mejorar la generaci\u00f3n diurna y reducir el consumo de combustible.<\/p>\n<p><strong>Lo que se consume<\/strong><br \/>\nHorario diurno: 3000 MW<br \/>\nHoras pico de 18 a 21 horas 3500 MW<\/p>\n<p>La generaci\u00f3n disponible\u00a0se queda por debajo de los 2,500 MW, lo que provoca d\u00e9ficits de entre 500 MW y 1,000 MW, y\u00a0 genera los desagradables \u00abapagones\u00bb.<br \/>\nPara que el sistema sea saludable, Cuba necesita tener instalada y disponible una capacidad de aproximadamente 4,000 MW a 4,500 MW.<\/p>\n<p>\u00bfPor qu\u00e9 m\u00e1s de lo que se consume? Pues para reservas operacionales, mantenimiento, y otras necesidades imprevistas.<\/p>\n<p>Para que todo el pa\u00eds est\u00e9 cubierto y se acaben los apagones, se requiere una inversi\u00f3n masiva en sistemas de almacenamiento (bater\u00edas) de gran escala que son muy caras.<br \/>\nSin embargo, se est\u00e1n incorporando sistemas de acumulaci\u00f3n de energ\u00eda en parques seleccionados (ej. La Habana, Holgu\u00edn, Granma) para mejorar la estabilidad del Sistema de Energ\u00eda Nacional (SEN) y permitir el uso de energ\u00eda solar fuera de las horas de sol.<\/p>\n<p><strong>Estado Actual y Proyecciones (Febrero 2026):<\/strong><br \/>\nCapacidad y Sincronizaci\u00f3n: A principios de 2026, Cuba report\u00f3 tener sincronizados al Sistema El\u00e9ctrico Nacional (SEN) m\u00e1s de 45 parques, superando los 1,000 MW de capacidad instalada total.<br \/>\nObjetivo 2026: El pa\u00eds proyecta a\u00f1adir otros 100 MW de generaci\u00f3n fotovoltaica en 2026, manteniendo el ritmo de crecimiento del a\u00f1o anterior.<br \/>\nA pesar de estos avances, los apagones persisten, especialmente en la noche, debido a la alta dependencia de los combustibles f\u00f3siles y la lenta implementaci\u00f3n de bater\u00edas a gran escala.<\/p>\n<p>Pero los cubanos son optimistas y conf\u00edan en su revoluci\u00f3n, que ha superado situaciones mucho peores. Ahora todo el mundo los est\u00e1 ayudando.<\/p>\n<p>Y para que vean, les voy a contar una an\u00e9cdota: yo ten\u00eda un amigo cubano muy simp\u00e1tico, dicharachero y optimista sempiterno, ya fallecido desgraciadamente, que me dec\u00eda:<br \/>\n\u201cEstamos muy bien porque ahora, a veces tenemos ALUMBRONES.\u201d<\/p>\n","protected":false},"excerpt":{"rendered":"<p>Les voy explicando, hay que hablar en Megawats (MW) porque as\u00ed es la cosa. Cuba no depende s\u00f3lo del petr\u00f3leo, pues en colaboraci\u00f3n con China, avanza en un plan acelerado de instalaci\u00f3n de energ\u00eda fotovoltaica, superando los 1,000 MW de&hellip;<\/p>\n","protected":false},"author":2124,"featured_media":2678629,"comment_status":"closed","ping_status":"closed","sticky":false,"template":"","format":"standard","meta":{"footnotes":""},"categories":[69,497,11389,78,81,106739],"tags":[379,4334,152182,6379],"class_list":["post-2678628","post","type-post","status-publish","format-standard","has-post-thumbnail","hentry","category-america-central","category-ciencia-tecnologia","category-contenido-original","category-medio-ambiente-ecologia","category-economia-es","category-noticia","tag-cuba-es","tag-energia-es","tag-fotovoltaica","tag-petroleo"],"yoast_head":"<!-- This site is optimized with the Yoast SEO plugin v27.1.1 - https:\/\/yoast.com\/product\/yoast-seo-wordpress\/ -->\n<title>Cuba no depende s\u00f3lo del petr\u00f3leo<\/title>\n<meta name=\"description\" content=\"Les voy explicando, hay que hablar en Megawats (MW) porque as\u00ed es la cosa. Cuba no depende s\u00f3lo del petr\u00f3leo, pues en colaboraci\u00f3n con China, avanza en un\" \/>\n<meta name=\"robots\" content=\"index, follow, max-snippet:-1, max-image-preview:large, max-video-preview:-1\" \/>\n<link rel=\"canonical\" href=\"https:\/\/www.pressenza.com\/es\/2026\/02\/cuba-no-depende-solo-del-petroleo\/\" \/>\n<meta property=\"og:locale\" content=\"es_ES\" \/>\n<meta property=\"og:type\" content=\"article\" \/>\n<meta property=\"og:title\" content=\"Cuba no depende s\u00f3lo del petr\u00f3leo\" \/>\n<meta property=\"og:description\" content=\"Les voy explicando, hay que hablar en Megawats (MW) porque as\u00ed es la cosa. Cuba no depende s\u00f3lo del petr\u00f3leo, pues en colaboraci\u00f3n con China, avanza en un\" \/>\n<meta property=\"og:url\" content=\"https:\/\/www.pressenza.com\/es\/2026\/02\/cuba-no-depende-solo-del-petroleo\/\" \/>\n<meta property=\"og:site_name\" content=\"Pressenza\" \/>\n<meta property=\"article:publisher\" content=\"https:\/\/www.facebook.com\/PressenzaItalia\" \/>\n<meta property=\"article:published_time\" content=\"2026-02-22T22:35:30+00:00\" \/>\n<meta property=\"og:image\" content=\"https:\/\/www.pressenza.com\/wp-content\/uploads\/2026\/02\/fotovoltaico-Ciego-Avila-1.jpg\" \/>\n\t<meta property=\"og:image:width\" content=\"1020\" \/>\n\t<meta property=\"og:image:height\" content=\"574\" \/>\n\t<meta property=\"og:image:type\" content=\"image\/jpeg\" \/>\n<meta name=\"author\" content=\"Margarita Labarca Goddard\" \/>\n<meta name=\"twitter:card\" content=\"summary_large_image\" \/>\n<meta name=\"twitter:creator\" content=\"@PressenzaIPA\" \/>\n<meta name=\"twitter:site\" content=\"@PressenzaIPA\" \/>\n<meta name=\"twitter:label1\" content=\"Escrito por\" \/>\n\t<meta name=\"twitter:data1\" content=\"Margarita Labarca Goddard\" \/>\n\t<meta name=\"twitter:label2\" content=\"Tiempo de lectura\" \/>\n\t<meta name=\"twitter:data2\" content=\"2 minutos\" \/>\n<script type=\"application\/ld+json\" class=\"yoast-schema-graph\">{\"@context\":\"https:\/\/schema.org\",\"@graph\":[{\"@type\":\"Article\",\"@id\":\"https:\/\/www.pressenza.com\/es\/2026\/02\/cuba-no-depende-solo-del-petroleo\/#article\",\"isPartOf\":{\"@id\":\"https:\/\/www.pressenza.com\/es\/2026\/02\/cuba-no-depende-solo-del-petroleo\/\"},\"author\":{\"name\":\"Margarita Labarca Goddard\",\"@id\":\"https:\/\/www.pressenza.com\/es\/#\/schema\/person\/671f453ff8d847cc1742639e75e22e13\"},\"headline\":\"Cuba no depende s\u00f3lo del petr\u00f3leo\",\"datePublished\":\"2026-02-22T22:35:30+00:00\",\"mainEntityOfPage\":{\"@id\":\"https:\/\/www.pressenza.com\/es\/2026\/02\/cuba-no-depende-solo-del-petroleo\/\"},\"wordCount\":400,\"publisher\":{\"@id\":\"https:\/\/www.pressenza.com\/es\/#organization\"},\"image\":{\"@id\":\"https:\/\/www.pressenza.com\/es\/2026\/02\/cuba-no-depende-solo-del-petroleo\/#primaryimage\"},\"thumbnailUrl\":\"https:\/\/www.pressenza.com\/wp-content\/uploads\/2026\/02\/fotovoltaico-Ciego-Avila-1.jpg\",\"keywords\":[\"Cuba\",\"energ\u00eda\",\"fotovoltaica\",\"petr\u00f3leo\"],\"articleSection\":[\"Am\u00e9rica Central\",\"Ciencia y Tecnolog\u00eda\",\"Contenido Original\",\"Ecolog\u00eda y Medio Ambiente\",\"Econom\u00eda\",\"Noticia\"],\"inLanguage\":\"es\"},{\"@type\":\"WebPage\",\"@id\":\"https:\/\/www.pressenza.com\/es\/2026\/02\/cuba-no-depende-solo-del-petroleo\/\",\"url\":\"https:\/\/www.pressenza.com\/es\/2026\/02\/cuba-no-depende-solo-del-petroleo\/\",\"name\":\"Cuba no depende s\u00f3lo del petr\u00f3leo\",\"isPartOf\":{\"@id\":\"https:\/\/www.pressenza.com\/es\/#website\"},\"primaryImageOfPage\":{\"@id\":\"https:\/\/www.pressenza.com\/es\/2026\/02\/cuba-no-depende-solo-del-petroleo\/#primaryimage\"},\"image\":{\"@id\":\"https:\/\/www.pressenza.com\/es\/2026\/02\/cuba-no-depende-solo-del-petroleo\/#primaryimage\"},\"thumbnailUrl\":\"https:\/\/www.pressenza.com\/wp-content\/uploads\/2026\/02\/fotovoltaico-Ciego-Avila-1.jpg\",\"datePublished\":\"2026-02-22T22:35:30+00:00\",\"description\":\"Les voy explicando, hay que hablar en Megawats (MW) porque as\u00ed es la cosa. Cuba no depende s\u00f3lo del petr\u00f3leo, pues en colaboraci\u00f3n con China, avanza en un\",\"breadcrumb\":{\"@id\":\"https:\/\/www.pressenza.com\/es\/2026\/02\/cuba-no-depende-solo-del-petroleo\/#breadcrumb\"},\"inLanguage\":\"es\",\"potentialAction\":[{\"@type\":\"ReadAction\",\"target\":[\"https:\/\/www.pressenza.com\/es\/2026\/02\/cuba-no-depende-solo-del-petroleo\/\"]}]},{\"@type\":\"ImageObject\",\"inLanguage\":\"es\",\"@id\":\"https:\/\/www.pressenza.com\/es\/2026\/02\/cuba-no-depende-solo-del-petroleo\/#primaryimage\",\"url\":\"https:\/\/www.pressenza.com\/wp-content\/uploads\/2026\/02\/fotovoltaico-Ciego-Avila-1.jpg\",\"contentUrl\":\"https:\/\/www.pressenza.com\/wp-content\/uploads\/2026\/02\/fotovoltaico-Ciego-Avila-1.jpg\",\"width\":1020,\"height\":574},{\"@type\":\"BreadcrumbList\",\"@id\":\"https:\/\/www.pressenza.com\/es\/2026\/02\/cuba-no-depende-solo-del-petroleo\/#breadcrumb\",\"itemListElement\":[{\"@type\":\"ListItem\",\"position\":1,\"name\":\"Accueil\",\"item\":\"https:\/\/www.pressenza.com\/es\/\"},{\"@type\":\"ListItem\",\"position\":2,\"name\":\"Cuba no depende s\u00f3lo del petr\u00f3leo\"}]},{\"@type\":\"WebSite\",\"@id\":\"https:\/\/www.pressenza.com\/es\/#website\",\"url\":\"https:\/\/www.pressenza.com\/es\/\",\"name\":\"Pressenza\",\"description\":\"International Press Agency\",\"publisher\":{\"@id\":\"https:\/\/www.pressenza.com\/es\/#organization\"},\"potentialAction\":[{\"@type\":\"SearchAction\",\"target\":{\"@type\":\"EntryPoint\",\"urlTemplate\":\"https:\/\/www.pressenza.com\/es\/?s={search_term_string}\"},\"query-input\":{\"@type\":\"PropertyValueSpecification\",\"valueRequired\":true,\"valueName\":\"search_term_string\"}}],\"inLanguage\":\"es\"},{\"@type\":\"Organization\",\"@id\":\"https:\/\/www.pressenza.com\/es\/#organization\",\"name\":\"Pressenza\",\"url\":\"https:\/\/www.pressenza.com\/es\/\",\"logo\":{\"@type\":\"ImageObject\",\"inLanguage\":\"es\",\"@id\":\"https:\/\/www.pressenza.com\/es\/#\/schema\/logo\/image\/\",\"url\":\"https:\/\/www.pressenza.com\/wp-content\/uploads\/2022\/10\/pressenza_logo_200x200.jpg\",\"contentUrl\":\"https:\/\/www.pressenza.com\/wp-content\/uploads\/2022\/10\/pressenza_logo_200x200.jpg\",\"width\":200,\"height\":200,\"caption\":\"Pressenza\"},\"image\":{\"@id\":\"https:\/\/www.pressenza.com\/es\/#\/schema\/logo\/image\/\"},\"sameAs\":[\"https:\/\/www.facebook.com\/PressenzaItalia\",\"https:\/\/x.com\/PressenzaIPA\"]},{\"@type\":\"Person\",\"@id\":\"https:\/\/www.pressenza.com\/es\/#\/schema\/person\/671f453ff8d847cc1742639e75e22e13\",\"name\":\"Margarita Labarca Goddard\",\"description\":\"A graduate of the University of Chile\u2019s Law School (1960), she held a prominent role in public administration during Salvador Allende\u2019s government. Her life has been shaped by a deep international perspective, from an upbringing in Argentina and post-war Paris to political exile in Cuba and Mexico following the 1973 coup. A resident of Mexico since 1979 due to judicial persecution by the Chilean dictatorship, she brings to her writing extensive expertise in the legal, political, and social issues of Latin America.\",\"url\":\"https:\/\/www.pressenza.com\/es\/author\/margarita-labarca-goddard\/\"}]}<\/script>\n<!-- \/ Yoast SEO plugin. -->","yoast_head_json":{"title":"Cuba no depende s\u00f3lo del petr\u00f3leo","description":"Les voy explicando, hay que hablar en Megawats (MW) porque as\u00ed es la cosa. Cuba no depende s\u00f3lo del petr\u00f3leo, pues en colaboraci\u00f3n con China, avanza en un","robots":{"index":"index","follow":"follow","max-snippet":"max-snippet:-1","max-image-preview":"max-image-preview:large","max-video-preview":"max-video-preview:-1"},"canonical":"https:\/\/www.pressenza.com\/es\/2026\/02\/cuba-no-depende-solo-del-petroleo\/","og_locale":"es_ES","og_type":"article","og_title":"Cuba no depende s\u00f3lo del petr\u00f3leo","og_description":"Les voy explicando, hay que hablar en Megawats (MW) porque as\u00ed es la cosa. Cuba no depende s\u00f3lo del petr\u00f3leo, pues en colaboraci\u00f3n con China, avanza en un","og_url":"https:\/\/www.pressenza.com\/es\/2026\/02\/cuba-no-depende-solo-del-petroleo\/","og_site_name":"Pressenza","article_publisher":"https:\/\/www.facebook.com\/PressenzaItalia","article_published_time":"2026-02-22T22:35:30+00:00","og_image":[{"width":1020,"height":574,"url":"https:\/\/www.pressenza.com\/wp-content\/uploads\/2026\/02\/fotovoltaico-Ciego-Avila-1.jpg","type":"image\/jpeg"}],"author":"Margarita Labarca Goddard","twitter_card":"summary_large_image","twitter_creator":"@PressenzaIPA","twitter_site":"@PressenzaIPA","twitter_misc":{"Escrito por":"Margarita Labarca Goddard","Tiempo de lectura":"2 minutos"},"schema":{"@context":"https:\/\/schema.org","@graph":[{"@type":"Article","@id":"https:\/\/www.pressenza.com\/es\/2026\/02\/cuba-no-depende-solo-del-petroleo\/#article","isPartOf":{"@id":"https:\/\/www.pressenza.com\/es\/2026\/02\/cuba-no-depende-solo-del-petroleo\/"},"author":{"name":"Margarita Labarca Goddard","@id":"https:\/\/www.pressenza.com\/es\/#\/schema\/person\/671f453ff8d847cc1742639e75e22e13"},"headline":"Cuba no depende s\u00f3lo del petr\u00f3leo","datePublished":"2026-02-22T22:35:30+00:00","mainEntityOfPage":{"@id":"https:\/\/www.pressenza.com\/es\/2026\/02\/cuba-no-depende-solo-del-petroleo\/"},"wordCount":400,"publisher":{"@id":"https:\/\/www.pressenza.com\/es\/#organization"},"image":{"@id":"https:\/\/www.pressenza.com\/es\/2026\/02\/cuba-no-depende-solo-del-petroleo\/#primaryimage"},"thumbnailUrl":"https:\/\/www.pressenza.com\/wp-content\/uploads\/2026\/02\/fotovoltaico-Ciego-Avila-1.jpg","keywords":["Cuba","energ\u00eda","fotovoltaica","petr\u00f3leo"],"articleSection":["Am\u00e9rica Central","Ciencia y Tecnolog\u00eda","Contenido Original","Ecolog\u00eda y Medio Ambiente","Econom\u00eda","Noticia"],"inLanguage":"es"},{"@type":"WebPage","@id":"https:\/\/www.pressenza.com\/es\/2026\/02\/cuba-no-depende-solo-del-petroleo\/","url":"https:\/\/www.pressenza.com\/es\/2026\/02\/cuba-no-depende-solo-del-petroleo\/","name":"Cuba no depende s\u00f3lo del petr\u00f3leo","isPartOf":{"@id":"https:\/\/www.pressenza.com\/es\/#website"},"primaryImageOfPage":{"@id":"https:\/\/www.pressenza.com\/es\/2026\/02\/cuba-no-depende-solo-del-petroleo\/#primaryimage"},"image":{"@id":"https:\/\/www.pressenza.com\/es\/2026\/02\/cuba-no-depende-solo-del-petroleo\/#primaryimage"},"thumbnailUrl":"https:\/\/www.pressenza.com\/wp-content\/uploads\/2026\/02\/fotovoltaico-Ciego-Avila-1.jpg","datePublished":"2026-02-22T22:35:30+00:00","description":"Les voy explicando, hay que hablar en Megawats (MW) porque as\u00ed es la cosa. Cuba no depende s\u00f3lo del petr\u00f3leo, pues en colaboraci\u00f3n con China, avanza en un","breadcrumb":{"@id":"https:\/\/www.pressenza.com\/es\/2026\/02\/cuba-no-depende-solo-del-petroleo\/#breadcrumb"},"inLanguage":"es","potentialAction":[{"@type":"ReadAction","target":["https:\/\/www.pressenza.com\/es\/2026\/02\/cuba-no-depende-solo-del-petroleo\/"]}]},{"@type":"ImageObject","inLanguage":"es","@id":"https:\/\/www.pressenza.com\/es\/2026\/02\/cuba-no-depende-solo-del-petroleo\/#primaryimage","url":"https:\/\/www.pressenza.com\/wp-content\/uploads\/2026\/02\/fotovoltaico-Ciego-Avila-1.jpg","contentUrl":"https:\/\/www.pressenza.com\/wp-content\/uploads\/2026\/02\/fotovoltaico-Ciego-Avila-1.jpg","width":1020,"height":574},{"@type":"BreadcrumbList","@id":"https:\/\/www.pressenza.com\/es\/2026\/02\/cuba-no-depende-solo-del-petroleo\/#breadcrumb","itemListElement":[{"@type":"ListItem","position":1,"name":"Accueil","item":"https:\/\/www.pressenza.com\/es\/"},{"@type":"ListItem","position":2,"name":"Cuba no depende s\u00f3lo del petr\u00f3leo"}]},{"@type":"WebSite","@id":"https:\/\/www.pressenza.com\/es\/#website","url":"https:\/\/www.pressenza.com\/es\/","name":"Pressenza","description":"International Press Agency","publisher":{"@id":"https:\/\/www.pressenza.com\/es\/#organization"},"potentialAction":[{"@type":"SearchAction","target":{"@type":"EntryPoint","urlTemplate":"https:\/\/www.pressenza.com\/es\/?s={search_term_string}"},"query-input":{"@type":"PropertyValueSpecification","valueRequired":true,"valueName":"search_term_string"}}],"inLanguage":"es"},{"@type":"Organization","@id":"https:\/\/www.pressenza.com\/es\/#organization","name":"Pressenza","url":"https:\/\/www.pressenza.com\/es\/","logo":{"@type":"ImageObject","inLanguage":"es","@id":"https:\/\/www.pressenza.com\/es\/#\/schema\/logo\/image\/","url":"https:\/\/www.pressenza.com\/wp-content\/uploads\/2022\/10\/pressenza_logo_200x200.jpg","contentUrl":"https:\/\/www.pressenza.com\/wp-content\/uploads\/2022\/10\/pressenza_logo_200x200.jpg","width":200,"height":200,"caption":"Pressenza"},"image":{"@id":"https:\/\/www.pressenza.com\/es\/#\/schema\/logo\/image\/"},"sameAs":["https:\/\/www.facebook.com\/PressenzaItalia","https:\/\/x.com\/PressenzaIPA"]},{"@type":"Person","@id":"https:\/\/www.pressenza.com\/es\/#\/schema\/person\/671f453ff8d847cc1742639e75e22e13","name":"Margarita Labarca Goddard","description":"A graduate of the University of Chile\u2019s Law School (1960), she held a prominent role in public administration during Salvador Allende\u2019s government. Her life has been shaped by a deep international perspective, from an upbringing in Argentina and post-war Paris to political exile in Cuba and Mexico following the 1973 coup. A resident of Mexico since 1979 due to judicial persecution by the Chilean dictatorship, she brings to her writing extensive expertise in the legal, political, and social issues of Latin America.","url":"https:\/\/www.pressenza.com\/es\/author\/margarita-labarca-goddard\/"}]}},"place":"Ciudad de M\u00e9xico, M\u00e9xico","original_article_url":"","_links":{"self":[{"href":"https:\/\/www.pressenza.com\/es\/wp-json\/wp\/v2\/posts\/2678628","targetHints":{"allow":["GET"]}}],"collection":[{"href":"https:\/\/www.pressenza.com\/es\/wp-json\/wp\/v2\/posts"}],"about":[{"href":"https:\/\/www.pressenza.com\/es\/wp-json\/wp\/v2\/types\/post"}],"author":[{"embeddable":true,"href":"https:\/\/www.pressenza.com\/es\/wp-json\/wp\/v2\/users\/2124"}],"replies":[{"embeddable":true,"href":"https:\/\/www.pressenza.com\/es\/wp-json\/wp\/v2\/comments?post=2678628"}],"version-history":[{"count":1,"href":"https:\/\/www.pressenza.com\/es\/wp-json\/wp\/v2\/posts\/2678628\/revisions"}],"predecessor-version":[{"id":2678630,"href":"https:\/\/www.pressenza.com\/es\/wp-json\/wp\/v2\/posts\/2678628\/revisions\/2678630"}],"wp:featuredmedia":[{"embeddable":true,"href":"https:\/\/www.pressenza.com\/es\/wp-json\/wp\/v2\/media\/2678629"}],"wp:attachment":[{"href":"https:\/\/www.pressenza.com\/es\/wp-json\/wp\/v2\/media?parent=2678628"}],"wp:term":[{"taxonomy":"category","embeddable":true,"href":"https:\/\/www.pressenza.com\/es\/wp-json\/wp\/v2\/categories?post=2678628"},{"taxonomy":"post_tag","embeddable":true,"href":"https:\/\/www.pressenza.com\/es\/wp-json\/wp\/v2\/tags?post=2678628"}],"curies":[{"name":"wp","href":"https:\/\/api.w.org\/{rel}","templated":true}]}}