{"id":267861,"date":"2016-01-16T23:44:53","date_gmt":"2016-01-16T23:44:53","guid":{"rendered":"http:\/\/www.pressenza.com\/es\/?p=267861"},"modified":"2016-01-17T00:41:13","modified_gmt":"2016-01-17T00:41:13","slug":"humanistas-exigen-liberacion-de-milagro-sala","status":"publish","type":"post","link":"https:\/\/www.pressenza.com\/es\/2016\/01\/humanistas-exigen-liberacion-de-milagro-sala\/","title":{"rendered":"Humanistas exigen liberaci\u00f3n de Milagro Sala"},"content":{"rendered":"<p><strong>Liberen a Milagro Sala<\/strong><\/p>\n<p>Los humanistas argentinos repudiamos la arbitraria e injustificada detenci\u00f3n de Milagro Sala, dirigente de la organizaci\u00f3n social T\u00fapac Amaru y parlamentaria del Mercosur. La privaci\u00f3n de su libertad ocurri\u00f3 hoy s\u00e1bado 16 de enero al mediod\u00eda por orden de su encarnizado enemigo el actual gobernador de Jujuy Gerardo Morales, quien orden\u00f3 el allanamiento de su domicilio. Frente a esta y otras medidas no <span class=\"text_exposed_show\">parece exagerado decir que en Argentina vivimos en Estado de Sitio ilegal y no declarado desde hace un mes.<br \/>\n<\/span><\/p>\n<p><span class=\"text_exposed_show\">A las 13:30 tuite\u00f3: \u201cEn este momento la polic\u00eda de Gerardo Morales me est\u00e1 deteniendo, esto es como en la dictadura. <a class=\"_58cn\" href=\"https:\/\/www.facebook.com\/hashtag\/jujuy?source=feed_text&amp;story_id=546319972201016\" data-ft=\"{&quot;tn&quot;:&quot;*N&quot;,&quot;type&quot;:104}\"><span class=\"_58cl\">\u202a#\u200e<\/span><span class=\"_58cm\">Jujuy\u202c<\/span><\/a> @SalaMilagro<br \/>\nMilagro se encuentra alojada en una celda com\u00fan sin garant\u00edas para su seguridad personal y la polic\u00eda mantiene un operativo cerrojo en torno al acampe de la organizaci\u00f3n en el centro de la ciudad, por lo que se teme un intento de desalojo por la fuerza.<br \/>\n<\/span><\/p>\n<p><span class=\"text_exposed_show\">Morales -cuya familia se dedica al negocio inmobiliario y de la construcci\u00f3n- siempre ha sido cr\u00edtico de la acci\u00f3n social de la organizaci\u00f3n T\u00fapac Amaru que realiza obras a menor costo y con mayor calidad y ahora ha dado un zarpazo para descabezar a la organizaci\u00f3n a la par que maniobr\u00f3 para quitar su personer\u00eda jur\u00eddica. Esta medida -efectivizada ayer- le impide a la T\u00fapac participar de los programas estatales de viviendas y beneficios sociales. Tambi\u00e9n se les han cerrado sus cuentas bancarias.<br \/>\n<\/span><\/p>\n<p><span class=\"text_exposed_show\">Los humanistas hacemos responsable de esta situaci\u00f3n, en la que peligra la vida de una dirigente social opositora, al gobierno de la provincia de Jujuy y al gobierno nacional. Recordemos que hace pocas semanas, ante una falsa alarma Morales pidi\u00f3 el desplazamiento de gendarmes para protegerse de \u201ceventuales disturbios\u201d que nunca se produjeron pero que atribu\u00eda canallescamente a la T\u00fapac Amaru. Esos gendarmes resultaron muertos en un penoso accidente debido al apresuramiento de Morales. Ahora deber\u00edan garantizar la vida de la dirigente detenida.<br \/>\n<\/span><\/p>\n<p><span class=\"text_exposed_show\">Advertimos al se\u00f1or gobernador de Jujuy que este no es el camino del di\u00e1logo que nuestra sociedad necesita y reiteramos la exigencia de una r\u00e1pida liberaci\u00f3n de Milagro Sala.<br \/>\n<\/span><\/p>\n<p><em><span class=\"text_exposed_show\">Firman<br \/>\n<strong>Partido Humanista<\/strong> Consejo Provincial de Buenos Aires y Consejos de base de la Ciudad Aut\u00f3noma de Buenos Aires.<\/span><\/em><\/p>\n","protected":false},"excerpt":{"rendered":"<p>Liberen a Milagro Sala Los humanistas argentinos repudiamos la arbitraria e injustificada detenci\u00f3n de Milagro Sala, dirigente de la organizaci\u00f3n social T\u00fapac Amaru y parlamentaria del Mercosur. La privaci\u00f3n de su libertad ocurri\u00f3 hoy s\u00e1bado 16 de enero al mediod\u00eda&hellip;<\/p>\n","protected":false},"author":87,"featured_media":267878,"comment_status":"closed","ping_status":"open","sticky":false,"template":"","format":"standard","meta":{"footnotes":""},"categories":[149,11389,79,74,80,67],"tags":[26,23257,7399,1318,14796,1266,1096,17434],"class_list":["post-267861","post","type-post","status-publish","format-standard","has-post-thumbnail","hentry","category-comunicados-de-prensa","category-contenido-original","category-derechos-humanos","category-politica-es","category-pueblos-originarios","category-sudamerica","tag-argentina","tag-detencion","tag-jujuy","tag-liberacion","tag-libertad","tag-milagro-sala","tag-tupac-amaru","tag-violencia-institucional"],"yoast_head":"<!-- This site is optimized with the Yoast SEO plugin v27.1.1 - https:\/\/yoast.com\/product\/yoast-seo-wordpress\/ -->\n<title>Humanistas exigen liberaci\u00f3n de Milagro Sala<\/title>\n<meta name=\"description\" content=\"Liberen a Milagro Sala Los humanistas argentinos repudiamos la arbitraria e injustificada detenci\u00f3n de Milagro Sala, dirigente de la organizaci\u00f3n social\" \/>\n<meta name=\"robots\" content=\"index, follow, max-snippet:-1, max-image-preview:large, max-video-preview:-1\" \/>\n<link rel=\"canonical\" href=\"https:\/\/www.pressenza.com\/es\/2016\/01\/humanistas-exigen-liberacion-de-milagro-sala\/\" \/>\n<meta property=\"og:locale\" content=\"es_ES\" \/>\n<meta property=\"og:type\" content=\"article\" \/>\n<meta property=\"og:title\" content=\"Humanistas exigen liberaci\u00f3n de Milagro Sala\" \/>\n<meta property=\"og:description\" content=\"Liberen a Milagro Sala Los humanistas argentinos repudiamos la arbitraria e injustificada detenci\u00f3n de Milagro Sala, dirigente de la organizaci\u00f3n social\" \/>\n<meta property=\"og:url\" content=\"https:\/\/www.pressenza.com\/es\/2016\/01\/humanistas-exigen-liberacion-de-milagro-sala\/\" \/>\n<meta property=\"og:site_name\" content=\"Pressenza\" \/>\n<meta property=\"article:publisher\" content=\"https:\/\/www.facebook.com\/PressenzaItalia\" \/>\n<meta property=\"article:published_time\" content=\"2016-01-16T23:44:53+00:00\" \/>\n<meta property=\"article:modified_time\" content=\"2016-01-17T00:41:13+00:00\" \/>\n<meta property=\"og:image\" content=\"https:\/\/www.pressenza.com\/wp-content\/uploads\/2016\/01\/movimila2.jpg\" \/>\n\t<meta property=\"og:image:width\" content=\"960\" \/>\n\t<meta property=\"og:image:height\" content=\"540\" \/>\n\t<meta property=\"og:image:type\" content=\"image\/jpeg\" \/>\n<meta name=\"author\" content=\"Redacci\u00f3n Argentina\" \/>\n<meta name=\"twitter:card\" content=\"summary_large_image\" \/>\n<meta name=\"twitter:creator\" content=\"@pressenza\" \/>\n<meta name=\"twitter:site\" content=\"@PressenzaIPA\" \/>\n<meta name=\"twitter:label1\" content=\"Escrito por\" \/>\n\t<meta name=\"twitter:data1\" content=\"Redacci\u00f3n Argentina\" \/>\n\t<meta name=\"twitter:label2\" content=\"Tiempo de lectura\" \/>\n\t<meta name=\"twitter:data2\" content=\"2 minutos\" \/>\n<script type=\"application\/ld+json\" class=\"yoast-schema-graph\">{\"@context\":\"https:\/\/schema.org\",\"@graph\":[{\"@type\":\"Article\",\"@id\":\"https:\/\/www.pressenza.com\/es\/2016\/01\/humanistas-exigen-liberacion-de-milagro-sala\/#article\",\"isPartOf\":{\"@id\":\"https:\/\/www.pressenza.com\/es\/2016\/01\/humanistas-exigen-liberacion-de-milagro-sala\/\"},\"author\":{\"name\":\"Redacci\u00f3n Argentina\",\"@id\":\"https:\/\/www.pressenza.com\/es\/#\/schema\/person\/0dda7d1b68267ad95b1e1d83abc98c89\"},\"headline\":\"Humanistas exigen liberaci\u00f3n de Milagro Sala\",\"datePublished\":\"2016-01-16T23:44:53+00:00\",\"dateModified\":\"2016-01-17T00:41:13+00:00\",\"mainEntityOfPage\":{\"@id\":\"https:\/\/www.pressenza.com\/es\/2016\/01\/humanistas-exigen-liberacion-de-milagro-sala\/\"},\"wordCount\":404,\"publisher\":{\"@id\":\"https:\/\/www.pressenza.com\/es\/#organization\"},\"image\":{\"@id\":\"https:\/\/www.pressenza.com\/es\/2016\/01\/humanistas-exigen-liberacion-de-milagro-sala\/#primaryimage\"},\"thumbnailUrl\":\"https:\/\/www.pressenza.com\/wp-content\/uploads\/2016\/01\/movimila2.jpg\",\"keywords\":[\"Argentina\",\"detenci\u00f3n\",\"Jujuy\",\"liberaci\u00f3n\",\"Libertad\",\"Milagro Sala\",\"Tupac Amaru\",\"Violencia institucional\"],\"articleSection\":[\"Comunicados de Prensa\",\"Contenido Original\",\"Derechos Humanos\",\"Pol\u00edtica\",\"Pueblos Originarios\",\"Sudam\u00e9rica\"],\"inLanguage\":\"es\"},{\"@type\":\"WebPage\",\"@id\":\"https:\/\/www.pressenza.com\/es\/2016\/01\/humanistas-exigen-liberacion-de-milagro-sala\/\",\"url\":\"https:\/\/www.pressenza.com\/es\/2016\/01\/humanistas-exigen-liberacion-de-milagro-sala\/\",\"name\":\"Humanistas exigen liberaci\u00f3n de Milagro Sala\",\"isPartOf\":{\"@id\":\"https:\/\/www.pressenza.com\/es\/#website\"},\"primaryImageOfPage\":{\"@id\":\"https:\/\/www.pressenza.com\/es\/2016\/01\/humanistas-exigen-liberacion-de-milagro-sala\/#primaryimage\"},\"image\":{\"@id\":\"https:\/\/www.pressenza.com\/es\/2016\/01\/humanistas-exigen-liberacion-de-milagro-sala\/#primaryimage\"},\"thumbnailUrl\":\"https:\/\/www.pressenza.com\/wp-content\/uploads\/2016\/01\/movimila2.jpg\",\"datePublished\":\"2016-01-16T23:44:53+00:00\",\"dateModified\":\"2016-01-17T00:41:13+00:00\",\"description\":\"Liberen a Milagro Sala Los humanistas argentinos repudiamos la arbitraria e injustificada detenci\u00f3n de Milagro Sala, dirigente de la organizaci\u00f3n social\",\"breadcrumb\":{\"@id\":\"https:\/\/www.pressenza.com\/es\/2016\/01\/humanistas-exigen-liberacion-de-milagro-sala\/#breadcrumb\"},\"inLanguage\":\"es\",\"potentialAction\":[{\"@type\":\"ReadAction\",\"target\":[\"https:\/\/www.pressenza.com\/es\/2016\/01\/humanistas-exigen-liberacion-de-milagro-sala\/\"]}]},{\"@type\":\"ImageObject\",\"inLanguage\":\"es\",\"@id\":\"https:\/\/www.pressenza.com\/es\/2016\/01\/humanistas-exigen-liberacion-de-milagro-sala\/#primaryimage\",\"url\":\"https:\/\/www.pressenza.com\/wp-content\/uploads\/2016\/01\/movimila2.jpg\",\"contentUrl\":\"https:\/\/www.pressenza.com\/wp-content\/uploads\/2016\/01\/movimila2.jpg\",\"width\":960,\"height\":540},{\"@type\":\"BreadcrumbList\",\"@id\":\"https:\/\/www.pressenza.com\/es\/2016\/01\/humanistas-exigen-liberacion-de-milagro-sala\/#breadcrumb\",\"itemListElement\":[{\"@type\":\"ListItem\",\"position\":1,\"name\":\"Accueil\",\"item\":\"https:\/\/www.pressenza.com\/es\/\"},{\"@type\":\"ListItem\",\"position\":2,\"name\":\"Humanistas exigen liberaci\u00f3n de Milagro Sala\"}]},{\"@type\":\"WebSite\",\"@id\":\"https:\/\/www.pressenza.com\/es\/#website\",\"url\":\"https:\/\/www.pressenza.com\/es\/\",\"name\":\"Pressenza\",\"description\":\"International Press Agency\",\"publisher\":{\"@id\":\"https:\/\/www.pressenza.com\/es\/#organization\"},\"potentialAction\":[{\"@type\":\"SearchAction\",\"target\":{\"@type\":\"EntryPoint\",\"urlTemplate\":\"https:\/\/www.pressenza.com\/es\/?s={search_term_string}\"},\"query-input\":{\"@type\":\"PropertyValueSpecification\",\"valueRequired\":true,\"valueName\":\"search_term_string\"}}],\"inLanguage\":\"es\"},{\"@type\":\"Organization\",\"@id\":\"https:\/\/www.pressenza.com\/es\/#organization\",\"name\":\"Pressenza\",\"url\":\"https:\/\/www.pressenza.com\/es\/\",\"logo\":{\"@type\":\"ImageObject\",\"inLanguage\":\"es\",\"@id\":\"https:\/\/www.pressenza.com\/es\/#\/schema\/logo\/image\/\",\"url\":\"https:\/\/www.pressenza.com\/wp-content\/uploads\/2022\/10\/pressenza_logo_200x200.jpg\",\"contentUrl\":\"https:\/\/www.pressenza.com\/wp-content\/uploads\/2022\/10\/pressenza_logo_200x200.jpg\",\"width\":200,\"height\":200,\"caption\":\"Pressenza\"},\"image\":{\"@id\":\"https:\/\/www.pressenza.com\/es\/#\/schema\/logo\/image\/\"},\"sameAs\":[\"https:\/\/www.facebook.com\/PressenzaItalia\",\"https:\/\/x.com\/PressenzaIPA\"]},{\"@type\":\"Person\",\"@id\":\"https:\/\/www.pressenza.com\/es\/#\/schema\/person\/0dda7d1b68267ad95b1e1d83abc98c89\",\"name\":\"Redacci\u00f3n Argentina\",\"description\":\"News from the Pressenza Bureau in Argentina.\",\"sameAs\":[\"https:\/\/x.com\/pressenza\"],\"url\":\"https:\/\/www.pressenza.com\/es\/author\/redaccion-argentina\/\"}]}<\/script>\n<!-- \/ Yoast SEO plugin. -->","yoast_head_json":{"title":"Humanistas exigen liberaci\u00f3n de Milagro Sala","description":"Liberen a Milagro Sala Los humanistas argentinos repudiamos la arbitraria e injustificada detenci\u00f3n de Milagro Sala, dirigente de la organizaci\u00f3n social","robots":{"index":"index","follow":"follow","max-snippet":"max-snippet:-1","max-image-preview":"max-image-preview:large","max-video-preview":"max-video-preview:-1"},"canonical":"https:\/\/www.pressenza.com\/es\/2016\/01\/humanistas-exigen-liberacion-de-milagro-sala\/","og_locale":"es_ES","og_type":"article","og_title":"Humanistas exigen liberaci\u00f3n de Milagro Sala","og_description":"Liberen a Milagro Sala Los humanistas argentinos repudiamos la arbitraria e injustificada detenci\u00f3n de Milagro Sala, dirigente de la organizaci\u00f3n social","og_url":"https:\/\/www.pressenza.com\/es\/2016\/01\/humanistas-exigen-liberacion-de-milagro-sala\/","og_site_name":"Pressenza","article_publisher":"https:\/\/www.facebook.com\/PressenzaItalia","article_published_time":"2016-01-16T23:44:53+00:00","article_modified_time":"2016-01-17T00:41:13+00:00","og_image":[{"width":960,"height":540,"url":"https:\/\/www.pressenza.com\/wp-content\/uploads\/2016\/01\/movimila2.jpg","type":"image\/jpeg"}],"author":"Redacci\u00f3n Argentina","twitter_card":"summary_large_image","twitter_creator":"@pressenza","twitter_site":"@PressenzaIPA","twitter_misc":{"Escrito por":"Redacci\u00f3n Argentina","Tiempo de lectura":"2 minutos"},"schema":{"@context":"https:\/\/schema.org","@graph":[{"@type":"Article","@id":"https:\/\/www.pressenza.com\/es\/2016\/01\/humanistas-exigen-liberacion-de-milagro-sala\/#article","isPartOf":{"@id":"https:\/\/www.pressenza.com\/es\/2016\/01\/humanistas-exigen-liberacion-de-milagro-sala\/"},"author":{"name":"Redacci\u00f3n Argentina","@id":"https:\/\/www.pressenza.com\/es\/#\/schema\/person\/0dda7d1b68267ad95b1e1d83abc98c89"},"headline":"Humanistas exigen liberaci\u00f3n de Milagro Sala","datePublished":"2016-01-16T23:44:53+00:00","dateModified":"2016-01-17T00:41:13+00:00","mainEntityOfPage":{"@id":"https:\/\/www.pressenza.com\/es\/2016\/01\/humanistas-exigen-liberacion-de-milagro-sala\/"},"wordCount":404,"publisher":{"@id":"https:\/\/www.pressenza.com\/es\/#organization"},"image":{"@id":"https:\/\/www.pressenza.com\/es\/2016\/01\/humanistas-exigen-liberacion-de-milagro-sala\/#primaryimage"},"thumbnailUrl":"https:\/\/www.pressenza.com\/wp-content\/uploads\/2016\/01\/movimila2.jpg","keywords":["Argentina","detenci\u00f3n","Jujuy","liberaci\u00f3n","Libertad","Milagro Sala","Tupac Amaru","Violencia institucional"],"articleSection":["Comunicados de Prensa","Contenido Original","Derechos Humanos","Pol\u00edtica","Pueblos Originarios","Sudam\u00e9rica"],"inLanguage":"es"},{"@type":"WebPage","@id":"https:\/\/www.pressenza.com\/es\/2016\/01\/humanistas-exigen-liberacion-de-milagro-sala\/","url":"https:\/\/www.pressenza.com\/es\/2016\/01\/humanistas-exigen-liberacion-de-milagro-sala\/","name":"Humanistas exigen liberaci\u00f3n de Milagro Sala","isPartOf":{"@id":"https:\/\/www.pressenza.com\/es\/#website"},"primaryImageOfPage":{"@id":"https:\/\/www.pressenza.com\/es\/2016\/01\/humanistas-exigen-liberacion-de-milagro-sala\/#primaryimage"},"image":{"@id":"https:\/\/www.pressenza.com\/es\/2016\/01\/humanistas-exigen-liberacion-de-milagro-sala\/#primaryimage"},"thumbnailUrl":"https:\/\/www.pressenza.com\/wp-content\/uploads\/2016\/01\/movimila2.jpg","datePublished":"2016-01-16T23:44:53+00:00","dateModified":"2016-01-17T00:41:13+00:00","description":"Liberen a Milagro Sala Los humanistas argentinos repudiamos la arbitraria e injustificada detenci\u00f3n de Milagro Sala, dirigente de la organizaci\u00f3n social","breadcrumb":{"@id":"https:\/\/www.pressenza.com\/es\/2016\/01\/humanistas-exigen-liberacion-de-milagro-sala\/#breadcrumb"},"inLanguage":"es","potentialAction":[{"@type":"ReadAction","target":["https:\/\/www.pressenza.com\/es\/2016\/01\/humanistas-exigen-liberacion-de-milagro-sala\/"]}]},{"@type":"ImageObject","inLanguage":"es","@id":"https:\/\/www.pressenza.com\/es\/2016\/01\/humanistas-exigen-liberacion-de-milagro-sala\/#primaryimage","url":"https:\/\/www.pressenza.com\/wp-content\/uploads\/2016\/01\/movimila2.jpg","contentUrl":"https:\/\/www.pressenza.com\/wp-content\/uploads\/2016\/01\/movimila2.jpg","width":960,"height":540},{"@type":"BreadcrumbList","@id":"https:\/\/www.pressenza.com\/es\/2016\/01\/humanistas-exigen-liberacion-de-milagro-sala\/#breadcrumb","itemListElement":[{"@type":"ListItem","position":1,"name":"Accueil","item":"https:\/\/www.pressenza.com\/es\/"},{"@type":"ListItem","position":2,"name":"Humanistas exigen liberaci\u00f3n de Milagro Sala"}]},{"@type":"WebSite","@id":"https:\/\/www.pressenza.com\/es\/#website","url":"https:\/\/www.pressenza.com\/es\/","name":"Pressenza","description":"International Press Agency","publisher":{"@id":"https:\/\/www.pressenza.com\/es\/#organization"},"potentialAction":[{"@type":"SearchAction","target":{"@type":"EntryPoint","urlTemplate":"https:\/\/www.pressenza.com\/es\/?s={search_term_string}"},"query-input":{"@type":"PropertyValueSpecification","valueRequired":true,"valueName":"search_term_string"}}],"inLanguage":"es"},{"@type":"Organization","@id":"https:\/\/www.pressenza.com\/es\/#organization","name":"Pressenza","url":"https:\/\/www.pressenza.com\/es\/","logo":{"@type":"ImageObject","inLanguage":"es","@id":"https:\/\/www.pressenza.com\/es\/#\/schema\/logo\/image\/","url":"https:\/\/www.pressenza.com\/wp-content\/uploads\/2022\/10\/pressenza_logo_200x200.jpg","contentUrl":"https:\/\/www.pressenza.com\/wp-content\/uploads\/2022\/10\/pressenza_logo_200x200.jpg","width":200,"height":200,"caption":"Pressenza"},"image":{"@id":"https:\/\/www.pressenza.com\/es\/#\/schema\/logo\/image\/"},"sameAs":["https:\/\/www.facebook.com\/PressenzaItalia","https:\/\/x.com\/PressenzaIPA"]},{"@type":"Person","@id":"https:\/\/www.pressenza.com\/es\/#\/schema\/person\/0dda7d1b68267ad95b1e1d83abc98c89","name":"Redacci\u00f3n Argentina","description":"News from the Pressenza Bureau in Argentina.","sameAs":["https:\/\/x.com\/pressenza"],"url":"https:\/\/www.pressenza.com\/es\/author\/redaccion-argentina\/"}]}},"place":"Ciudad de Buenos Aires","original_article_url":"","_links":{"self":[{"href":"https:\/\/www.pressenza.com\/es\/wp-json\/wp\/v2\/posts\/267861","targetHints":{"allow":["GET"]}}],"collection":[{"href":"https:\/\/www.pressenza.com\/es\/wp-json\/wp\/v2\/posts"}],"about":[{"href":"https:\/\/www.pressenza.com\/es\/wp-json\/wp\/v2\/types\/post"}],"author":[{"embeddable":true,"href":"https:\/\/www.pressenza.com\/es\/wp-json\/wp\/v2\/users\/87"}],"replies":[{"embeddable":true,"href":"https:\/\/www.pressenza.com\/es\/wp-json\/wp\/v2\/comments?post=267861"}],"version-history":[{"count":0,"href":"https:\/\/www.pressenza.com\/es\/wp-json\/wp\/v2\/posts\/267861\/revisions"}],"wp:featuredmedia":[{"embeddable":true,"href":"https:\/\/www.pressenza.com\/es\/wp-json\/wp\/v2\/media\/267878"}],"wp:attachment":[{"href":"https:\/\/www.pressenza.com\/es\/wp-json\/wp\/v2\/media?parent=267861"}],"wp:term":[{"taxonomy":"category","embeddable":true,"href":"https:\/\/www.pressenza.com\/es\/wp-json\/wp\/v2\/categories?post=267861"},{"taxonomy":"post_tag","embeddable":true,"href":"https:\/\/www.pressenza.com\/es\/wp-json\/wp\/v2\/tags?post=267861"}],"curies":[{"name":"wp","href":"https:\/\/api.w.org\/{rel}","templated":true}]}}