{"id":2678156,"date":"2026-02-21T03:52:20","date_gmt":"2026-02-21T03:52:20","guid":{"rendered":"https:\/\/www.pressenza.com\/?p=2678156"},"modified":"2026-02-21T03:52:20","modified_gmt":"2026-02-21T03:52:20","slug":"peru-gran-marcha-nacional-de-mototaxistas-en-defensa-de-la-vida","status":"publish","type":"post","link":"https:\/\/www.pressenza.com\/es\/2026\/02\/peru-gran-marcha-nacional-de-mototaxistas-en-defensa-de-la-vida\/","title":{"rendered":"Per\u00fa: Gran Marcha Nacional de Mototaxistas en defensa de la vida"},"content":{"rendered":"<h3>La Confederaci\u00f3n de Mototaxistas del Per\u00fa, que agrupa a m\u00e1s 2 millones de mototaxistas a nivel nacional, convoc\u00f3 este jueves 19 a una Marcha Nacional que tuvo como centro la Plaza 2 de Mayo y las principales avenidas de Lima Metropolitana. El motivo: defensa de la vida, ante el alarmante avance de la criminalidad, el desgobierno y las pol\u00edticas que atentan contra la estabilidad laboral de miles de familias que viven del transporte menor formal en el pa\u00eds.<\/h3>\n<p>Herberht Villafan Broncano, presidente de la confederaci\u00f3n -con bases en todo el pa\u00eds- se\u00f1al\u00f3 que el sector mototaxista se encuentra en estado de alerta permanente, debido a los constantes asesinatos, extorsiones y normas promovidas por lobistas, que buscan desaparecer al mototaxismo formal bajo el pretexto de falsas reformas.<\/p>\n<p>\u201cAhora el sicariato nos est\u00e1 destruyendo, nadie quiere ser dirigente por ser asesinados, es decir, nos llevan a la acefal\u00eda total y ahora nos cobran de manera individual. Nosotros evaluamos que estos delincuentes apuntan a destruir las instituciones, y luego poder cobrar en todo Lima Metropolitana y el pa\u00eds. Por otro lado, las medidas que toma el Estado no sirven, en pleno Estado de Emergencia nos siguen asesinando y se ha incrementado de 6 a 7 asesinatos por d\u00eda entre transportistas, emolienteros, ambulantes, mercados. Los delincuentes generan fortuna y captan a j\u00f3venes sin trabajo\u201d.<\/p>\n<p>La marcha, que cont\u00f3 con 8 mil manifestantes aproximadamente, se desplaz\u00f3 por diversas arterias de la ciudad capital, y termin\u00f3 en una reuni\u00f3n en el Congreso de la Rep\u00fablica, con el presidente de la comisi\u00f3n de Transportes y Comunicaciones, Carlos Zevallos.<\/p>\n<p>\u201cLe solicitamos que se publique la modificatoria de la Ley N\u00b0 31917,\u00a0 nueva Ley del Mototaxista porque es discriminatoria y nos pone en peligro, ya que nos identificar\u00edan m\u00e1s f\u00e1cilmente los delincuentes. El presidente se comprometi\u00f3 a que antes del 28 de julio debe estar publicada una nueva ley que modifique la presente\u201d acot\u00f3 el dirigente.<\/p>\n<p>Villafan Broncano tambi\u00e9n emplaz\u00f3 al congresista Tello para que el Proyecto de Ley 1969-2021 que contiene \u2018que los fondos que se recauden del 80% del AFOCAT (Asociaci\u00f3n Fondo Contra Accidentes de Tr\u00e1nsito) debe ser para la siniestralidad, de manera intangible y el 20% para casos administrativos. Pero los malos administradores se agarran la plata, dejan en abandono a miles de pacientes sin indemnizaci\u00f3n, no cubren el descanso m\u00e9dico. Lo que quieren los lobistas es que se elimine la AFOCAT.<\/p>\n<p>Por AFOCAT pagamos 50 soles. En t\u00e9rminos econ\u00f3micos a nosotros nos ayuda, pero debe ser un fondo intangible e inembargable. Resulta que el congresista Tello no quiere agendar este pedido en esta legislatura. Solicitamos al ministerio del Interior para tocar la inseguridad ciudadana, la realidad de abajo es diferente, solicitamos beca 18 para los hijos de mototaxistas y subsidio de 400 soles a los hijos de los mototaxistas ca\u00eddos\u201d.<\/p>\n<h3><strong>\u201cSomos producto de la econom\u00eda\u201d<\/strong><\/h3>\n<p>Actualmente, el gremio cuenta con 2 millones de mototaxistas formales a nivel nacional, quienes brindan el servicio de transporte p\u00fablico ligero y que se encuentran formalizados.<\/p>\n<p>\u201cQue el pa\u00eds entienda que nosotros somos producto de la econom\u00eda, no hay trabajo, nosotros tenemos que trabajar en la v\u00eda p\u00fablica, somos familias de bajos recursos, la v\u00eda p\u00fablica es nuestro centro de trabajo, pero la situaci\u00f3n es terrible, m\u00e1s de 80 fallecidos solo en Lima y jefes de familia que dejan en la orfandad a hijos y familias, las mujeres deben sacar adelante a sus familias cuando pierden al padre mototaxista\u201d se\u00f1al\u00f3 Villaf\u00e1n.<\/p>\n<p>\u201cLos mototaxistas no somos delincuentes, somos trabajadores. Hoy salimos a las calles para exigir seguridad, respeto a nuestro trabajo y decisiones justas para el pueblo\u201d, afirmaron los manifestantes. Entre las principales demandas que vitoreaban a voz en cuello se escuchaban: No m\u00e1s muertos producto de la inseguridad ciudadana, No a los lobistas que legislan contra los trabajadores, Respeto y vigencia de la AFOCAT; Estabilidad laboral para el mototaxista formal y la Indemnizaci\u00f3n econ\u00f3mica a las familias afectadas por la delincuencia.<\/p>\n<p>Mediante un mensaje difundido en redes sociales, la Confederaci\u00f3n hizo un llamado a la unidad nacional del gremio, exhortando a los mototaxistas de todas las regiones a participar en esta y otras marchas, de forma pac\u00edfica, organizada y contundente, con el objetivo de ser escuchados por el Gobierno y el Congreso. Video: <a href=\"https:\/\/www.facebook.com\/share\/v\/1DiDvT7iVi\/\">https:\/\/www.facebook.com\/share\/v\/1DiDvT7iVi\/<\/a><\/p>\n<p>La Confederaci\u00f3n de Mototaxistas del Per\u00fa afirma que la movilizaci\u00f3n es leg\u00edtima, pac\u00edfica y ciudadana, y responde al abandono del Estado frente a la inseguridad y a la falta de pol\u00edticas reales que protejan al transporte menor formal.<\/p>\n<p>Puede ver la marcha nacional de mototaxistas en el siguiente enlace: <a href=\"https:\/\/www.facebook.com\/reel\/2665763923808608\">https:\/\/www.facebook.com\/reel\/2665763923808608<\/a><\/p>\n<p>Marcha nacional de mototaxistas (mayo 2025) en el siguiente enlace: <a href=\"https:\/\/www.facebook.com\/esverperu\/videos\/582734574842980\">https:\/\/www.facebook.com\/esverperu\/videos\/582734574842980<\/a><\/p>\n<p><img loading=\"lazy\" decoding=\"async\" class=\"alignnone wp-image-2678159\" src=\"https:\/\/www.pressenza.com\/wp-content\/uploads\/2026\/02\/WhatsApp-Image-2026-02-20-at-10.18.57-PM-225x300.jpeg\" alt=\"\" width=\"302\" height=\"403\" srcset=\"https:\/\/www.pressenza.com\/wp-content\/uploads\/2026\/02\/WhatsApp-Image-2026-02-20-at-10.18.57-PM-225x300.jpeg 225w, https:\/\/www.pressenza.com\/wp-content\/uploads\/2026\/02\/WhatsApp-Image-2026-02-20-at-10.18.57-PM-767x1024.jpeg 767w, https:\/\/www.pressenza.com\/wp-content\/uploads\/2026\/02\/WhatsApp-Image-2026-02-20-at-10.18.57-PM.jpeg 959w\" sizes=\"auto, (max-width: 302px) 100vw, 302px\" \/><\/p>\n<p>Fotos y videos: Confederaci\u00f3n de Mototaxistas del Per\u00fa.<\/p>\n<p>&nbsp;<\/p>\n","protected":false},"excerpt":{"rendered":"<p>La Confederaci\u00f3n de Mototaxistas del Per\u00fa, que agrupa a m\u00e1s 2 millones de mototaxistas a nivel nacional, convoc\u00f3 este jueves 19 a una Marcha Nacional que tuvo como centro la Plaza 2 de Mayo y las principales avenidas de Lima&hellip;<\/p>\n","protected":false},"author":831,"featured_media":2678157,"comment_status":"closed","ping_status":"closed","sticky":false,"template":"","format":"standard","meta":{"footnotes":""},"categories":[11389,79,67],"tags":[39418,114704,127150,23042],"class_list":["post-2678156","post","type-post","status-publish","format-standard","has-post-thumbnail","hentry","category-contenido-original","category-derechos-humanos","category-sudamerica","tag-extorsion","tag-marcha-nacional","tag-sicariato","tag-transporte"],"yoast_head":"<!-- This site is optimized with the Yoast SEO plugin v27.1.1 - https:\/\/yoast.com\/product\/yoast-seo-wordpress\/ -->\n<title>Per\u00fa: Gran Marcha Nacional de Mototaxistas en defensa de la vida<\/title>\n<meta name=\"description\" content=\"La Confederaci\u00f3n de Mototaxistas del Per\u00fa, que agrupa a m\u00e1s 2 millones de mototaxistas a nivel nacional, convoc\u00f3 este jueves 19 a una Marcha Nacional que\" \/>\n<meta name=\"robots\" content=\"index, follow, max-snippet:-1, max-image-preview:large, max-video-preview:-1\" \/>\n<link rel=\"canonical\" href=\"https:\/\/www.pressenza.com\/es\/2026\/02\/peru-gran-marcha-nacional-de-mototaxistas-en-defensa-de-la-vida\/\" \/>\n<meta property=\"og:locale\" content=\"es_ES\" \/>\n<meta property=\"og:type\" content=\"article\" \/>\n<meta property=\"og:title\" content=\"Per\u00fa: Gran Marcha Nacional de Mototaxistas en defensa de la vida\" \/>\n<meta property=\"og:description\" content=\"La Confederaci\u00f3n de Mototaxistas del Per\u00fa, que agrupa a m\u00e1s 2 millones de mototaxistas a nivel nacional, convoc\u00f3 este jueves 19 a una Marcha Nacional que\" \/>\n<meta property=\"og:url\" content=\"https:\/\/www.pressenza.com\/es\/2026\/02\/peru-gran-marcha-nacional-de-mototaxistas-en-defensa-de-la-vida\/\" \/>\n<meta property=\"og:site_name\" content=\"Pressenza\" \/>\n<meta property=\"article:publisher\" content=\"https:\/\/www.facebook.com\/PressenzaItalia\" \/>\n<meta property=\"article:published_time\" content=\"2026-02-21T03:52:20+00:00\" \/>\n<meta property=\"og:image\" content=\"https:\/\/www.pressenza.com\/wp-content\/uploads\/2026\/02\/WhatsApp-Image-2026-02-20-at-10.09.42-PM.jpeg\" \/>\n\t<meta property=\"og:image:width\" content=\"1280\" \/>\n\t<meta property=\"og:image:height\" content=\"960\" \/>\n\t<meta property=\"og:image:type\" content=\"image\/jpeg\" \/>\n<meta name=\"author\" content=\"Redacci\u00f3n Per\u00fa\" \/>\n<meta name=\"twitter:card\" content=\"summary_large_image\" \/>\n<meta name=\"twitter:creator\" content=\"@PressenzaIPA\" \/>\n<meta name=\"twitter:site\" content=\"@PressenzaIPA\" \/>\n<meta name=\"twitter:label1\" content=\"Escrito por\" \/>\n\t<meta name=\"twitter:data1\" content=\"Redacci\u00f3n Per\u00fa\" \/>\n\t<meta name=\"twitter:label2\" content=\"Tiempo de lectura\" \/>\n\t<meta name=\"twitter:data2\" content=\"4 minutos\" \/>\n<script type=\"application\/ld+json\" class=\"yoast-schema-graph\">{\"@context\":\"https:\/\/schema.org\",\"@graph\":[{\"@type\":\"Article\",\"@id\":\"https:\/\/www.pressenza.com\/es\/2026\/02\/peru-gran-marcha-nacional-de-mototaxistas-en-defensa-de-la-vida\/#article\",\"isPartOf\":{\"@id\":\"https:\/\/www.pressenza.com\/es\/2026\/02\/peru-gran-marcha-nacional-de-mototaxistas-en-defensa-de-la-vida\/\"},\"author\":{\"name\":\"Redacci\u00f3n Per\u00fa\",\"@id\":\"https:\/\/www.pressenza.com\/es\/#\/schema\/person\/e86c29a41185b85084a478822f5de81b\"},\"headline\":\"Per\u00fa: Gran Marcha Nacional de Mototaxistas en defensa de la vida\",\"datePublished\":\"2026-02-21T03:52:20+00:00\",\"mainEntityOfPage\":{\"@id\":\"https:\/\/www.pressenza.com\/es\/2026\/02\/peru-gran-marcha-nacional-de-mototaxistas-en-defensa-de-la-vida\/\"},\"wordCount\":833,\"publisher\":{\"@id\":\"https:\/\/www.pressenza.com\/es\/#organization\"},\"image\":{\"@id\":\"https:\/\/www.pressenza.com\/es\/2026\/02\/peru-gran-marcha-nacional-de-mototaxistas-en-defensa-de-la-vida\/#primaryimage\"},\"thumbnailUrl\":\"https:\/\/www.pressenza.com\/wp-content\/uploads\/2026\/02\/WhatsApp-Image-2026-02-20-at-10.09.42-PM.jpeg\",\"keywords\":[\"extorsi\u00f3n\",\"marcha nacional\",\"sicariato\",\"transporte\"],\"articleSection\":[\"Contenido Original\",\"Derechos Humanos\",\"Sudam\u00e9rica\"],\"inLanguage\":\"es\"},{\"@type\":\"WebPage\",\"@id\":\"https:\/\/www.pressenza.com\/es\/2026\/02\/peru-gran-marcha-nacional-de-mototaxistas-en-defensa-de-la-vida\/\",\"url\":\"https:\/\/www.pressenza.com\/es\/2026\/02\/peru-gran-marcha-nacional-de-mototaxistas-en-defensa-de-la-vida\/\",\"name\":\"Per\u00fa: Gran Marcha Nacional de Mototaxistas en defensa de la vida\",\"isPartOf\":{\"@id\":\"https:\/\/www.pressenza.com\/es\/#website\"},\"primaryImageOfPage\":{\"@id\":\"https:\/\/www.pressenza.com\/es\/2026\/02\/peru-gran-marcha-nacional-de-mototaxistas-en-defensa-de-la-vida\/#primaryimage\"},\"image\":{\"@id\":\"https:\/\/www.pressenza.com\/es\/2026\/02\/peru-gran-marcha-nacional-de-mototaxistas-en-defensa-de-la-vida\/#primaryimage\"},\"thumbnailUrl\":\"https:\/\/www.pressenza.com\/wp-content\/uploads\/2026\/02\/WhatsApp-Image-2026-02-20-at-10.09.42-PM.jpeg\",\"datePublished\":\"2026-02-21T03:52:20+00:00\",\"description\":\"La Confederaci\u00f3n de Mototaxistas del Per\u00fa, que agrupa a m\u00e1s 2 millones de mototaxistas a nivel nacional, convoc\u00f3 este jueves 19 a una Marcha Nacional que\",\"breadcrumb\":{\"@id\":\"https:\/\/www.pressenza.com\/es\/2026\/02\/peru-gran-marcha-nacional-de-mototaxistas-en-defensa-de-la-vida\/#breadcrumb\"},\"inLanguage\":\"es\",\"potentialAction\":[{\"@type\":\"ReadAction\",\"target\":[\"https:\/\/www.pressenza.com\/es\/2026\/02\/peru-gran-marcha-nacional-de-mototaxistas-en-defensa-de-la-vida\/\"]}]},{\"@type\":\"ImageObject\",\"inLanguage\":\"es\",\"@id\":\"https:\/\/www.pressenza.com\/es\/2026\/02\/peru-gran-marcha-nacional-de-mototaxistas-en-defensa-de-la-vida\/#primaryimage\",\"url\":\"https:\/\/www.pressenza.com\/wp-content\/uploads\/2026\/02\/WhatsApp-Image-2026-02-20-at-10.09.42-PM.jpeg\",\"contentUrl\":\"https:\/\/www.pressenza.com\/wp-content\/uploads\/2026\/02\/WhatsApp-Image-2026-02-20-at-10.09.42-PM.jpeg\",\"width\":1280,\"height\":960},{\"@type\":\"BreadcrumbList\",\"@id\":\"https:\/\/www.pressenza.com\/es\/2026\/02\/peru-gran-marcha-nacional-de-mototaxistas-en-defensa-de-la-vida\/#breadcrumb\",\"itemListElement\":[{\"@type\":\"ListItem\",\"position\":1,\"name\":\"Accueil\",\"item\":\"https:\/\/www.pressenza.com\/es\/\"},{\"@type\":\"ListItem\",\"position\":2,\"name\":\"Per\u00fa: Gran Marcha Nacional de Mototaxistas en defensa de la vida\"}]},{\"@type\":\"WebSite\",\"@id\":\"https:\/\/www.pressenza.com\/es\/#website\",\"url\":\"https:\/\/www.pressenza.com\/es\/\",\"name\":\"Pressenza\",\"description\":\"International Press Agency\",\"publisher\":{\"@id\":\"https:\/\/www.pressenza.com\/es\/#organization\"},\"potentialAction\":[{\"@type\":\"SearchAction\",\"target\":{\"@type\":\"EntryPoint\",\"urlTemplate\":\"https:\/\/www.pressenza.com\/es\/?s={search_term_string}\"},\"query-input\":{\"@type\":\"PropertyValueSpecification\",\"valueRequired\":true,\"valueName\":\"search_term_string\"}}],\"inLanguage\":\"es\"},{\"@type\":\"Organization\",\"@id\":\"https:\/\/www.pressenza.com\/es\/#organization\",\"name\":\"Pressenza\",\"url\":\"https:\/\/www.pressenza.com\/es\/\",\"logo\":{\"@type\":\"ImageObject\",\"inLanguage\":\"es\",\"@id\":\"https:\/\/www.pressenza.com\/es\/#\/schema\/logo\/image\/\",\"url\":\"https:\/\/www.pressenza.com\/wp-content\/uploads\/2022\/10\/pressenza_logo_200x200.jpg\",\"contentUrl\":\"https:\/\/www.pressenza.com\/wp-content\/uploads\/2022\/10\/pressenza_logo_200x200.jpg\",\"width\":200,\"height\":200,\"caption\":\"Pressenza\"},\"image\":{\"@id\":\"https:\/\/www.pressenza.com\/es\/#\/schema\/logo\/image\/\"},\"sameAs\":[\"https:\/\/www.facebook.com\/PressenzaItalia\",\"https:\/\/x.com\/PressenzaIPA\"]},{\"@type\":\"Person\",\"@id\":\"https:\/\/www.pressenza.com\/es\/#\/schema\/person\/e86c29a41185b85084a478822f5de81b\",\"name\":\"Redacci\u00f3n Per\u00fa\",\"description\":\"News published by the Pressenza bureau in Peru\",\"url\":\"https:\/\/www.pressenza.com\/es\/author\/redaccion-peru\/\"}]}<\/script>\n<!-- \/ Yoast SEO plugin. -->","yoast_head_json":{"title":"Per\u00fa: Gran Marcha Nacional de Mototaxistas en defensa de la vida","description":"La Confederaci\u00f3n de Mototaxistas del Per\u00fa, que agrupa a m\u00e1s 2 millones de mototaxistas a nivel nacional, convoc\u00f3 este jueves 19 a una Marcha Nacional que","robots":{"index":"index","follow":"follow","max-snippet":"max-snippet:-1","max-image-preview":"max-image-preview:large","max-video-preview":"max-video-preview:-1"},"canonical":"https:\/\/www.pressenza.com\/es\/2026\/02\/peru-gran-marcha-nacional-de-mototaxistas-en-defensa-de-la-vida\/","og_locale":"es_ES","og_type":"article","og_title":"Per\u00fa: Gran Marcha Nacional de Mototaxistas en defensa de la vida","og_description":"La Confederaci\u00f3n de Mototaxistas del Per\u00fa, que agrupa a m\u00e1s 2 millones de mototaxistas a nivel nacional, convoc\u00f3 este jueves 19 a una Marcha Nacional que","og_url":"https:\/\/www.pressenza.com\/es\/2026\/02\/peru-gran-marcha-nacional-de-mototaxistas-en-defensa-de-la-vida\/","og_site_name":"Pressenza","article_publisher":"https:\/\/www.facebook.com\/PressenzaItalia","article_published_time":"2026-02-21T03:52:20+00:00","og_image":[{"width":1280,"height":960,"url":"https:\/\/www.pressenza.com\/wp-content\/uploads\/2026\/02\/WhatsApp-Image-2026-02-20-at-10.09.42-PM.jpeg","type":"image\/jpeg"}],"author":"Redacci\u00f3n Per\u00fa","twitter_card":"summary_large_image","twitter_creator":"@PressenzaIPA","twitter_site":"@PressenzaIPA","twitter_misc":{"Escrito por":"Redacci\u00f3n Per\u00fa","Tiempo de lectura":"4 minutos"},"schema":{"@context":"https:\/\/schema.org","@graph":[{"@type":"Article","@id":"https:\/\/www.pressenza.com\/es\/2026\/02\/peru-gran-marcha-nacional-de-mototaxistas-en-defensa-de-la-vida\/#article","isPartOf":{"@id":"https:\/\/www.pressenza.com\/es\/2026\/02\/peru-gran-marcha-nacional-de-mototaxistas-en-defensa-de-la-vida\/"},"author":{"name":"Redacci\u00f3n Per\u00fa","@id":"https:\/\/www.pressenza.com\/es\/#\/schema\/person\/e86c29a41185b85084a478822f5de81b"},"headline":"Per\u00fa: Gran Marcha Nacional de Mototaxistas en defensa de la vida","datePublished":"2026-02-21T03:52:20+00:00","mainEntityOfPage":{"@id":"https:\/\/www.pressenza.com\/es\/2026\/02\/peru-gran-marcha-nacional-de-mototaxistas-en-defensa-de-la-vida\/"},"wordCount":833,"publisher":{"@id":"https:\/\/www.pressenza.com\/es\/#organization"},"image":{"@id":"https:\/\/www.pressenza.com\/es\/2026\/02\/peru-gran-marcha-nacional-de-mototaxistas-en-defensa-de-la-vida\/#primaryimage"},"thumbnailUrl":"https:\/\/www.pressenza.com\/wp-content\/uploads\/2026\/02\/WhatsApp-Image-2026-02-20-at-10.09.42-PM.jpeg","keywords":["extorsi\u00f3n","marcha nacional","sicariato","transporte"],"articleSection":["Contenido Original","Derechos Humanos","Sudam\u00e9rica"],"inLanguage":"es"},{"@type":"WebPage","@id":"https:\/\/www.pressenza.com\/es\/2026\/02\/peru-gran-marcha-nacional-de-mototaxistas-en-defensa-de-la-vida\/","url":"https:\/\/www.pressenza.com\/es\/2026\/02\/peru-gran-marcha-nacional-de-mototaxistas-en-defensa-de-la-vida\/","name":"Per\u00fa: Gran Marcha Nacional de Mototaxistas en defensa de la vida","isPartOf":{"@id":"https:\/\/www.pressenza.com\/es\/#website"},"primaryImageOfPage":{"@id":"https:\/\/www.pressenza.com\/es\/2026\/02\/peru-gran-marcha-nacional-de-mototaxistas-en-defensa-de-la-vida\/#primaryimage"},"image":{"@id":"https:\/\/www.pressenza.com\/es\/2026\/02\/peru-gran-marcha-nacional-de-mototaxistas-en-defensa-de-la-vida\/#primaryimage"},"thumbnailUrl":"https:\/\/www.pressenza.com\/wp-content\/uploads\/2026\/02\/WhatsApp-Image-2026-02-20-at-10.09.42-PM.jpeg","datePublished":"2026-02-21T03:52:20+00:00","description":"La Confederaci\u00f3n de Mototaxistas del Per\u00fa, que agrupa a m\u00e1s 2 millones de mototaxistas a nivel nacional, convoc\u00f3 este jueves 19 a una Marcha Nacional que","breadcrumb":{"@id":"https:\/\/www.pressenza.com\/es\/2026\/02\/peru-gran-marcha-nacional-de-mototaxistas-en-defensa-de-la-vida\/#breadcrumb"},"inLanguage":"es","potentialAction":[{"@type":"ReadAction","target":["https:\/\/www.pressenza.com\/es\/2026\/02\/peru-gran-marcha-nacional-de-mototaxistas-en-defensa-de-la-vida\/"]}]},{"@type":"ImageObject","inLanguage":"es","@id":"https:\/\/www.pressenza.com\/es\/2026\/02\/peru-gran-marcha-nacional-de-mototaxistas-en-defensa-de-la-vida\/#primaryimage","url":"https:\/\/www.pressenza.com\/wp-content\/uploads\/2026\/02\/WhatsApp-Image-2026-02-20-at-10.09.42-PM.jpeg","contentUrl":"https:\/\/www.pressenza.com\/wp-content\/uploads\/2026\/02\/WhatsApp-Image-2026-02-20-at-10.09.42-PM.jpeg","width":1280,"height":960},{"@type":"BreadcrumbList","@id":"https:\/\/www.pressenza.com\/es\/2026\/02\/peru-gran-marcha-nacional-de-mototaxistas-en-defensa-de-la-vida\/#breadcrumb","itemListElement":[{"@type":"ListItem","position":1,"name":"Accueil","item":"https:\/\/www.pressenza.com\/es\/"},{"@type":"ListItem","position":2,"name":"Per\u00fa: Gran Marcha Nacional de Mototaxistas en defensa de la vida"}]},{"@type":"WebSite","@id":"https:\/\/www.pressenza.com\/es\/#website","url":"https:\/\/www.pressenza.com\/es\/","name":"Pressenza","description":"International Press Agency","publisher":{"@id":"https:\/\/www.pressenza.com\/es\/#organization"},"potentialAction":[{"@type":"SearchAction","target":{"@type":"EntryPoint","urlTemplate":"https:\/\/www.pressenza.com\/es\/?s={search_term_string}"},"query-input":{"@type":"PropertyValueSpecification","valueRequired":true,"valueName":"search_term_string"}}],"inLanguage":"es"},{"@type":"Organization","@id":"https:\/\/www.pressenza.com\/es\/#organization","name":"Pressenza","url":"https:\/\/www.pressenza.com\/es\/","logo":{"@type":"ImageObject","inLanguage":"es","@id":"https:\/\/www.pressenza.com\/es\/#\/schema\/logo\/image\/","url":"https:\/\/www.pressenza.com\/wp-content\/uploads\/2022\/10\/pressenza_logo_200x200.jpg","contentUrl":"https:\/\/www.pressenza.com\/wp-content\/uploads\/2022\/10\/pressenza_logo_200x200.jpg","width":200,"height":200,"caption":"Pressenza"},"image":{"@id":"https:\/\/www.pressenza.com\/es\/#\/schema\/logo\/image\/"},"sameAs":["https:\/\/www.facebook.com\/PressenzaItalia","https:\/\/x.com\/PressenzaIPA"]},{"@type":"Person","@id":"https:\/\/www.pressenza.com\/es\/#\/schema\/person\/e86c29a41185b85084a478822f5de81b","name":"Redacci\u00f3n Per\u00fa","description":"News published by the Pressenza bureau in Peru","url":"https:\/\/www.pressenza.com\/es\/author\/redaccion-peru\/"}]}},"place":"","original_article_url":"","_links":{"self":[{"href":"https:\/\/www.pressenza.com\/es\/wp-json\/wp\/v2\/posts\/2678156","targetHints":{"allow":["GET"]}}],"collection":[{"href":"https:\/\/www.pressenza.com\/es\/wp-json\/wp\/v2\/posts"}],"about":[{"href":"https:\/\/www.pressenza.com\/es\/wp-json\/wp\/v2\/types\/post"}],"author":[{"embeddable":true,"href":"https:\/\/www.pressenza.com\/es\/wp-json\/wp\/v2\/users\/831"}],"replies":[{"embeddable":true,"href":"https:\/\/www.pressenza.com\/es\/wp-json\/wp\/v2\/comments?post=2678156"}],"version-history":[{"count":5,"href":"https:\/\/www.pressenza.com\/es\/wp-json\/wp\/v2\/posts\/2678156\/revisions"}],"predecessor-version":[{"id":2678163,"href":"https:\/\/www.pressenza.com\/es\/wp-json\/wp\/v2\/posts\/2678156\/revisions\/2678163"}],"wp:featuredmedia":[{"embeddable":true,"href":"https:\/\/www.pressenza.com\/es\/wp-json\/wp\/v2\/media\/2678157"}],"wp:attachment":[{"href":"https:\/\/www.pressenza.com\/es\/wp-json\/wp\/v2\/media?parent=2678156"}],"wp:term":[{"taxonomy":"category","embeddable":true,"href":"https:\/\/www.pressenza.com\/es\/wp-json\/wp\/v2\/categories?post=2678156"},{"taxonomy":"post_tag","embeddable":true,"href":"https:\/\/www.pressenza.com\/es\/wp-json\/wp\/v2\/tags?post=2678156"}],"curies":[{"name":"wp","href":"https:\/\/api.w.org\/{rel}","templated":true}]}}