{"id":2677732,"date":"2026-02-19T13:03:59","date_gmt":"2026-02-19T13:03:59","guid":{"rendered":"https:\/\/www.pressenza.com\/?p=2677732"},"modified":"2026-02-19T13:03:59","modified_gmt":"2026-02-19T13:03:59","slug":"plan-artico-desmilitarizado-paz-sostenibilidad-onu","status":"publish","type":"post","link":"https:\/\/www.pressenza.com\/es\/2026\/02\/plan-artico-desmilitarizado-paz-sostenibilidad-onu\/","title":{"rendered":"Una nueva perspectiva y hoja de ruta para un \u00c1rtico desmilitarizado por el bien com\u00fan y por qu\u00e9 es racional"},"content":{"rendered":"<p><strong>Este no es otro comentario geopol\u00edtico sobre el \u00c1rtico. Es una propuesta de paz visionaria, capaz de preservar la regi\u00f3n de la rivalidad militarizada y del deterioro ecol\u00f3gico. Una hoja de ruta hacia la seguridad compartida, el desarrollo sostenible y la dignidad humana \u2014 en beneficio de Groenlandia, del \u00c1rtico y, en \u00faltima instancia, de todos nosotros.<\/strong><\/p>\n<p>Por Jan Oberg \u2014 director de TFF<\/p>\n<h3><strong>I. Cuatro principios para una nueva visi\u00f3n del \u00c1rtico<\/strong><\/h3>\n<p>El \u00c1rtico es a menudo presentado como un fr\u00edo escenario de rivalidad. Es decir, un lugar donde las grandes potencias ponen a prueba su determinaci\u00f3n o coerci\u00f3n. Pero esta cosmovisi\u00f3n es anticuada, poco imaginativa y, en \u00faltima instancia, contraproducente. El \u00c1rtico no es un vac\u00edo que esperando a ser militarizado. Es una regi\u00f3n viva, un estabilizador clim\u00e1tico y un hogar cultural cuyo futuro moldear\u00e1 el destino de la Humanidad. Si partimos de esa comprensi\u00f3n, es posible <strong>un orden \u00e1rtico mucho m\u00e1s racional<\/strong>, uno que sea pac\u00edfico, cooperativo y centrado en las personas que realmente viven all\u00ed.<\/p>\n<p>Esta visi\u00f3n se asienta sobre cuatro principios pr\u00e1cticos. Ninguno de ellos es ut\u00f3pico. Todos est\u00e1n basados en el sentido com\u00fan, la dignidad humana y el pensamiento estrat\u00e9gico a largo plazo.<\/p>\n<h4><strong>1. Los Groenlandeses deben estar en el centro de cualquier visi\u00f3n sobre el \u00c1rtico<\/strong><\/h4>\n<p>Groenlandia no es un premio estrat\u00e9gico; es una sociedad con su propia civilizaci\u00f3n, sus propios sistemas de conocimiento y su propio derecho a moldear el futuro de la regi\u00f3n. Cualquier modelo de gobernanza \u00e1rtica que margine a los groenlandeses est\u00e1 condenado al fracaso. Su conocimiento ecol\u00f3gico, su continuidad cultural y su experiencia vivida del hielo los convierten en socios indispensables para cualquier futuro sostenible. Esto no es ingenuo, es la \u00fanica base realista para una gobernanza \u00e1rtica leg\u00edtima.<\/p>\n<blockquote><p><em>El empoderamiento se convierte en la forma m\u00e1s efectiva de legitimidad.<\/em><\/p><\/blockquote>\n<h4><strong>2. La cooperaci\u00f3n reduce la necesidad de militarizaci\u00f3n \u2014 y ahorra enormes recursos<\/strong><\/h4>\n<p>La militarizaci\u00f3n en el \u00c1rtico no es una se\u00f1al de fortaleza; es un s\u00edntoma de desconfianza. Rusia, con diferencia la costa \u00e1rtica m\u00e1s extensa, es un actor indispensable. China, aunque no es un estado \u00e1rtico, es una presencia cient\u00edfica y econ\u00f3mica global cuya participaci\u00f3n en la regi\u00f3n es inevitable. Estados Unidos, los pa\u00edses n\u00f3rdicos, Canad\u00e1 y otros, todos tienen intereses leg\u00edtimos. Pero la legitimidad no puede basarse en la rivalidad. Los intereses no implican intimidaci\u00f3n y la influencia no s\u00f3lo deber entenderse por militarizaci\u00f3n. Existen enfoques m\u00e1s inteligentes.<\/p>\n<p>Los destructores con capacidad para el hielo, los submarinos nucleares, las bases fortificadas y los sistemas de vigilancia por sat\u00e9lite se encuentran entre los activos militares m\u00e1s caros de la Tierra. Cada corona, d\u00f3lar, rublo o yuan gastado en la militarizaci\u00f3n del \u00c1rtico es dinero que no se destina a la adaptaci\u00f3n clim\u00e1tica, a la educaci\u00f3n, la salud, las energ\u00edas renovables o el bienestar de las comunidades \u00e1rticas. Cuando los estados comparten datos, coordinan pol\u00edticas y construyen instituciones conjuntas, la necesidad percibida de posturas militares disminuye naturalmente y tambi\u00e9n lo hacen los costes que \u00e9stas suponen. Se\u00f1alar esto no es nada ingenuo, es una estrategia inteligente y sostenible.<\/p>\n<blockquote><p><em>La cooperaci\u00f3n se convierte en la forma m\u00e1s efectiva y la m\u00e1s econ\u00f3mica de desarme.<\/em><\/p><\/blockquote>\n<h4><strong>3. El uso sostenible de los recursos \u00e1rticos debe beneficiar a la Humanidad, no solo a aquellos estados armados y poderosos<\/strong><\/h4>\n<p>Los minerales, las pesquer\u00edas, las rutas mar\u00edtimas y el conocimiento cient\u00edfico del \u00c1rtico tienen una importancia global. Tratarlos como bot\u00edn para aquellos con las flotas m\u00e1s grandes no solo es injusto; es irracional. Un orden internacional civilizado utiliza los recursos sabiamente, protege los ecosistemas fr\u00e1giles y distribuye los beneficios de manera justa. El desarrollo sostenible es una necesidad planetaria que, desde las pol\u00edticas y el poder militar como \u00fanico prop\u00f3sito, imposibilitan. En cambio, cuando se aborda el \u00c1rtico de manera cooperativa, puede servir a toda la humanidad, no solo a aquellos que pueden proyectar fuerza o coerci\u00f3n. Quienes ahora piensan \u2014<em>\u00ab\u00a1Oh!, qu\u00e9 ingenuo\u00bb<\/em>, \u2014no aportan ideas acerca de c\u00f3mo prevenir de otra manera el colapso ecol\u00f3gico y el conflicto geopol\u00edtico.<\/p>\n<blockquote><p><em>La sostenibilidad se convierte en la forma m\u00e1s efectiva de prosperidad.<\/em><\/p><\/blockquote>\n<h4><strong>4. Las Naciones Unidas deben servir como Custodio de la Paz y la Administraci\u00f3n Compartida<\/strong><\/h4>\n<p>El \u00c1rtico es demasiado importante tanto ecol\u00f3gica, clim\u00e1tica y culturalmente, como para ser gobernado por los intereses nacionales fragmentados de potencias grandes, pero no precisamente <em>\u201cgrandiosas\u201d<\/em> en la pr\u00e1ctica. Las Naciones Unidas, en cambio, proporcionan la legitimidad, continuidad y el marco normativo necesarios para anclar un orden pac\u00edfico en el \u00c1rtico. Una <strong>Zona de Paz y Sostenibilidad en el \u00c1rtico<\/strong> reconocida por la ONU incorporar\u00eda la desmilitarizaci\u00f3n, los derechos ind\u00edgenas, la cooperaci\u00f3n cient\u00edfica y el desarrollo sostenible en un marco global que trascienda las tensiones a corto plazo.<\/p>\n<blockquote><p><em>La administraci\u00f3n compartida se convierte en la forma m\u00e1s efectiva de seguridad.<\/em><\/p><\/blockquote>\n<p>Si estos cuatro principios son aceptados, dado que no son ni irreales ni ingenuos, entonces surge una nueva pregunta: \u00bfC\u00f3mo ser\u00eda un sistema de gobernanza \u00e1rtica si se construyera sobre la legitimidad, la cooperaci\u00f3n, la sostenibilidad y la administraci\u00f3n compartida? La respuesta es <strong>un plan para un \u00c1rtico desmilitarizado<\/strong>, gobernado conjuntamente, con base cient\u00edfica, protegido ecol\u00f3gicamente y centrado en las personas que lo llaman hogar.<\/p>\n<p><strong>II. Un plan pr\u00e1ctico para un futuro pac\u00edfico en el \u00c1rtico<\/strong><\/p>\n<h4><strong>1. Un \u00c1rtico desmilitarizado: seguridad a trav\u00e9s de la cooperaci\u00f3n<\/strong><\/h4>\n<p>Un \u00c1rtico pac\u00edfico comienza con el establecimiento de una <strong>Zona Desmilitarizada del \u00c1rtico<\/strong>. Entendido como una regi\u00f3n donde los activos militares, las bases y los ejercicios militares se eliminen gradualmente y sean reemplazados por funciones civiles, cient\u00edficas y humanitarias. Esto no disminuye la soberan\u00eda nacional; simplemente reconoce que las amenazas m\u00e1s apremiantes en el \u00c1rtico no son de naturaleza militar. El deshielo, el clima extremo, el colapso de los ecosistemas y las rutas mar\u00edtimas impredecibles no pueden ser disuadidos por submarinos o aviones de combate.<\/p>\n<p>Un \u00c1rtico desmilitarizado reducir\u00eda las tensiones entre las grandes potencias, previene accidentes y una escalada, y proteger\u00eda ecosistemas fr\u00e1giles. Tambi\u00e9n liberar\u00eda enormes recursos financieros actualmente inmovilizados en sistemas militares preparados para el clima polar. La verificaci\u00f3n se basar\u00eda en monitoreo satelital, datos abiertos e inspecciones peri\u00f3dicas, realizados (idealmente) bajo los auspicios de la ONU. El \u00c1rtico se convertir\u00eda en un s\u00edmbolo de c\u00f3mo es la seguridad cooperativa en el siglo XXI: no la ausencia de soberan\u00eda, sino la presencia de confianza.<\/p>\n<p>La insistencia de EE.UU. en desarrollar su &#8216;Domo Dorado&#8217; con Groenlandia como pieza vital para el control estadounidense de la zona, es en s\u00ed un gran factor desestabilizador. Porque claramente apunta a permitir que, desde esa ventaja, EE.UU. pueda destruir a Rusia o China y (espera poder) derribar los misiles de respuesta en un segundo ataque de cualquiera de ellos. Esto reduce el umbral para que desde EE.UU. se inicie una guerra nuclear, porque los responsables de la toma de decisiones creer\u00e1n poder comenzar y ganar una guerra nuclear sin coste alguno. La soluci\u00f3n a esta filosof\u00eda, basada en el terror, es un nuevo acuerdo entre EE.UU. y Rusia sobre la reducci\u00f3n y finalmente la abolici\u00f3n de las armas nucleares. No es militarizar a\u00fan m\u00e1s Groenlandia.<\/p>\n<h4><strong>2. Una nueva arquitectura de gobernanza: el Consejo de Cooperaci\u00f3n del \u00c1rtico<\/strong><\/h4>\n<p>El Consejo \u00c1rtico, aunque valioso, ya no es suficiente. Nunca fue dise\u00f1ado para manejar las tensiones geopol\u00edticas actuales o la crisis clim\u00e1tica acelerada. Un <strong>nuevo Consejo de Cooperaci\u00f3n del \u00c1rtico<\/strong> se basar\u00eda en las fortalezas del Consejo existente, al tiempo que corregir\u00eda sus debilidades. Ser\u00eda inclusivo, transparente y capaz de tomar decisiones vinculantes en \u00e1reas donde la cooperaci\u00f3n es esencial.<\/p>\n<p>Las autoridades groenlandesas y los pueblos ind\u00edgenas ser\u00edan co-decisores plenos. Los Estados \u00e1rticos, los Estados observadores y las organizaciones cient\u00edficas, participar\u00edan todos ellos en una estructura que utilice la votaci\u00f3n por mayor\u00eda cualificada, mandatos claros y derechos de veto ind\u00edgena en asuntos de impacto cultural y ecol\u00f3gicos. Su competencia incluir\u00eda la protecci\u00f3n ambiental, la gesti\u00f3n sostenible de recursos, la regulaci\u00f3n del transporte mar\u00edtimo, la cooperaci\u00f3n cient\u00edfica, la respuesta a emergencias y el manejo de conflictos para prevenir la violencia. Esto no es una autoridad supranacional; es un lugar donde los estados y los pueblos coordinan pol\u00edticas entre s\u00ed, resuelven disputas y generan confianza.<\/p>\n<p><strong>3. Groenlandia como \u201cZona de Responsabilidad Especial\u201d<\/strong><\/p>\n<p>Groenlandia es el coraz\u00f3n moral y estrat\u00e9gico del \u00c1rtico. Su pueblo ha soportado siglos de colonialismo, explotaci\u00f3n estrat\u00e9gica y presi\u00f3n geopol\u00edtica. Un futuro pac\u00edfico para el \u00c1rtico debe incluir, por lo tanto, un Pacto de Asociaci\u00f3n con Groenlandia, anclado en el sistema de la ONU, que garantice el pleno respeto a la autodeterminaci\u00f3n groenlandesa y proteja a la isla de la diplomacia coercitiva. El Pacto asegurar\u00eda que Groenlandia conserve el acceso prioritario a los ingresos de los recursos locales y reciba una inversi\u00f3n sostenida en educaci\u00f3n, salud, preservaci\u00f3n cultural e infraestructura sostenible.<\/p>\n<p>Groenlandia tambi\u00e9n albergar\u00eda un <em>Centro de Paz \u00e1rtico de la ONU<\/em>. Un centro para la investigaci\u00f3n, la diplomacia y el conocimiento ind\u00edgena. Este enfoque reconoce que Groenlandia no es un objeto pasivo de inter\u00e9s internacional, sino un sujeto activo con aspiraciones propias.<\/p>\n<h4><strong>4. Uso sostenible de los recursos: una alternativa civilizada a la rivalidad extractiva<\/strong><\/h4>\n<p>Los recursos del \u00c1rtico deben utilizarse sabiamente, con moderaci\u00f3n y en beneficio de todos. Esto requiere umbrales ecol\u00f3gicos estrictos, consentimiento ind\u00edgena, evaluaciones de impacto transparentes y mecanismos de ingresos compartidos. Requiere corredores mar\u00edtimos limpios, regulaciones de navegaci\u00f3n lenta y la designaci\u00f3n de grandes \u00e1reas protegidas. Ll\u00e1mense \u201cParques de Paz del \u00c1rtico\u201d, que salvaguarden la biodiversidad y el patrimonio cultural. <strong>Este es el desarrollo responsable, el \u00fanico tipo que tiene sentido en una regi\u00f3n cuya salud ecol\u00f3gica afecta a todo el planeta.<\/strong><\/p>\n<h4><strong>5. La ONU como Custodio y completando la CONVEMAR<\/strong><\/h4>\n<p>Las Naciones Unidas anclar\u00edan todo el sistema a trav\u00e9s de un conjunto de nuevos instrumentos: un:<\/p>\n<ul>\n<li>Tratado de Desmilitarizaci\u00f3n del \u00c1rtico de la ONU,<\/li>\n<li>una Carta de Bienes Comunes del \u00c1rtico de la ONU,<\/li>\n<li>un Pacto de Asociaci\u00f3n ONU-Groenlandia,<\/li>\n<li>una Convenci\u00f3n de la ONU para Recursos Sostenibles en el \u00c1rtico, y<\/li>\n<li>un Acuerdo de la ONU sobre Movilidad y Conocimiento en el \u00c1rtico.<\/li>\n<\/ul>\n<p>Estos instrumentos no reemplazar\u00edan la Convenci\u00f3n de las Naciones Unidas sobre el Derecho del Mar (CONVEMAR). Por el contrario, la completar\u00edan. La CONVEMAR proporciona la base legal para las zonas mar\u00edtimas, los derechos de navegaci\u00f3n y las reclamaciones de recursos. Pero no aborda la desmilitarizaci\u00f3n, los derechos ind\u00edgenas, la gobernanza cooperativa o el desarrollo sostenible. El marco de la ONU propuesto aqu\u00ed llenar\u00eda esos vac\u00edos respetando y complementando plenamente los principios de la CONVEMAR. De esta manera, el \u00c1rtico se convierte no en un vac\u00edo legal, sino en una regi\u00f3n donde se fortalece, clarifica y moderniza el derecho internacional.<\/p>\n<p><strong>III. Conclusi\u00f3n: un futuro \u00e1rtico m\u00e1s racional, civilizado y visionario<\/strong><\/p>\n<p>El \u00c1rtico no est\u00e1 destinado a convertirse en un escenario militarizado de sospecha m\u00fatua y posturas estrat\u00e9gicas o defensivas. Ese camino nace, sencillamente, desde la pereza intelectual y la falta de imaginaci\u00f3n. En cambio, lo que este plan o propuesta demuestra es que un futuro diferente para el \u00c1rtico no solo es posible, sino profundamente m\u00e1s racional. Es m\u00e1s rentable, m\u00e1s estabilizador, m\u00e1s respetuoso con las personas que viven all\u00ed y mucho m\u00e1s beneficioso para la humanidad que cualquier cosa concebida a trav\u00e9s de la estrecha lente de la geopol\u00edtica transaccional.<\/p>\n<p>Esta visi\u00f3n reconoce las realidades del siglo XXI. La vasta costa \u00e1rtica de Rusia la hace indispensable. La presencia cient\u00edfica y econ\u00f3mica de China la hace inevitable. Estados Unidos, los pa\u00edses n\u00f3rdicos, Canad\u00e1 y otros tienen todos intereses leg\u00edtimos tambi\u00e9n.<\/p>\n<p>Esto no es ingenuidad. Ingenuo es creer que m\u00e1s bases, m\u00e1s submarinos y m\u00e1s gestos de se\u00f1alizaci\u00f3n estrat\u00e9gica puedan generar, por s\u00ed solos, paz, desarrollo y cooperaci\u00f3n, precisamente lo que hoy necesitamos con urgencia. Ingenuo es suponer que el \u00c1rtico puede militarizarse sin consecuencias, o que la crisis clim\u00e1tica pueda afrontarse mediante la disuasi\u00f3n.<\/p>\n<p>Lo ingenuo es imaginar que el futuro puede asegurarse repitiendo los malos h\u00e1bitos del pasado.<\/p>\n<p>La pol\u00edtica, en su mejor expresi\u00f3n, es el arte de imaginar lo que a\u00fan no existe y luego construir las instituciones que lo hagan realidad. Es la capacidad de incluir a otros en un horizonte compartido de desarrollo y seguridad. Es el coraje de decir: podemos hacerlo mejor que la rivalidad, mejor que el miedo, mejor que la l\u00f3gica del m\u00e1s fuerte.<\/p>\n<p>Este plan es una invitaci\u00f3n a regresar a <em>ese<\/em> significado m\u00e1s profundo de la pol\u00edtica. Una vuelta a la pol\u00edtica con visi\u00f3n de futuro, responsabilidad y con el prop\u00f3sito com\u00fan de pensar global y localmente, en lugar de solo nacionalmente.<\/p>\n<p>No es casualidad que una propuesta tal surja de <em>las tradiciones de la investigaci\u00f3n para la paz y los estudios de futuro<\/em>. Estos campos siempre han insistido en que la seguridad no es la ausencia de guerra, sino la presencia de cooperaci\u00f3n para la realizaci\u00f3n de los potenciales de la sociedad. Que el futuro no est\u00e1 predeterminado, sino moldeado por elecciones; que la humanidad avanza cuando reemplaza la dominaci\u00f3n por el di\u00e1logo y la competencia por la creatividad.<\/p>\n<p>El \u00c1rtico, quiz\u00e1s m\u00e1s que cualquier otra regi\u00f3n del planeta, exige este tipo de pensamiento. Un pensamiento riguroso y largo plazo, interdisciplinario y basado en el respeto por las realidades vividas de las comunidades locales. \u00bfDe qu\u00e9 otra manera si no desarrollar la paz y la seguridad?<\/p>\n<p>La pregunta no es si esta visi\u00f3n es demasiado ambiciosa. El \u00c1rtico y el mundo no pueden permitirse menos. Un \u00c1rtico militarizado ofrece solo inestabilidad, despilfarro de recursos y destrucci\u00f3n ecol\u00f3gica. Todas las &#8216;grandes&#8217; potencias involucradas deben repensar y salir de su com\u00fan caja militarista.<\/p>\n<p>Un \u00c1rtico cooperativo, desmilitarizado y anclado en la ONU ofrece estabilidad, sostenibilidad y beneficios compartidos para todos. El \u00c1rtico representa una oportunidad extraordinaria para pensar de manera diferente y forjar un futuro m\u00e1s civilizado. Existen muchas alternativas (TAMA, por sus siglas en ingl\u00e9s), y esta propuesta no pretende ser la \u00fanica. Pero la actual escalada de intimidaci\u00f3n, orientada hacia una explotaci\u00f3n extractiva sin visi\u00f3n, acompa\u00f1ada de proyecci\u00f3n de poder militar y de la amenaza nuclear, no puede ser una de ellas.<\/p>\n<p>El mundo necesita una nueva mirada, im\u00e1genes de un futuro mejor y pensamiento constructivo y creativo para hacerlo posible. TFF agradece sus ideas y visiones constructivas, porque no podemos avanzar hacia un lugar mejor y m\u00e1s deseable si conducimos con la mirada fija en el espejo retrovisor.<\/p>\n","protected":false},"excerpt":{"rendered":"<p>Este no es otro comentario geopol\u00edtico sobre el \u00c1rtico. Es una propuesta de paz visionaria, capaz de preservar la regi\u00f3n de la rivalidad militarizada y del deterioro ecol\u00f3gico. Una hoja de ruta hacia la seguridad compartida, el desarrollo sostenible y&hellip;<\/p>\n","protected":false},"author":1148,"featured_media":2677733,"comment_status":"closed","ping_status":"closed","sticky":false,"template":"","format":"standard","meta":{"footnotes":""},"categories":[76,111168,39,74],"tags":[61817],"class_list":["post-2677732","post","type-post","status-publish","format-standard","has-post-thumbnail","hentry","category-relaciones-exteriores","category-feature-es","category-internacional","category-politica-es","tag-un-es"],"yoast_head":"<!-- This site is optimized with the Yoast SEO plugin v27.1.1 - https:\/\/yoast.com\/product\/yoast-seo-wordpress\/ -->\n<title>Una nueva perspectiva y hoja de ruta para un \u00c1rtico desmilitarizado por el bien com\u00fan y por qu\u00e9 es racional<\/title>\n<meta name=\"description\" content=\"Este no es otro comentario geopol\u00edtico sobre el \u00c1rtico. Es una propuesta de paz visionaria, capaz de preservar la regi\u00f3n de la rivalidad militarizada y Alternativa a la geopol\u00edtica tradicional. Un plan visionario para un \u00c1rtico desmilitarizado que propone paz, sostenibilidad y cooperaci\u00f3n internacional, situando a Groenlandia y la ONU en el centro. Descubre esta propuesta para un futuro \u00e1rtico sin rivalidades militares.\" \/>\n<meta name=\"robots\" content=\"index, follow, max-snippet:-1, max-image-preview:large, max-video-preview:-1\" \/>\n<link rel=\"canonical\" href=\"https:\/\/www.pressenza.com\/es\/2026\/02\/plan-artico-desmilitarizado-paz-sostenibilidad-onu\/\" \/>\n<meta property=\"og:locale\" content=\"es_ES\" \/>\n<meta property=\"og:type\" content=\"article\" \/>\n<meta property=\"og:title\" content=\"Una nueva perspectiva y hoja de ruta para un \u00c1rtico desmilitarizado por el bien com\u00fan y por qu\u00e9 es racional\" \/>\n<meta property=\"og:description\" content=\"Este no es otro comentario geopol\u00edtico sobre el \u00c1rtico. Es una propuesta de paz visionaria, capaz de preservar la regi\u00f3n de la rivalidad militarizada y Alternativa a la geopol\u00edtica tradicional. Un plan visionario para un \u00c1rtico desmilitarizado que propone paz, sostenibilidad y cooperaci\u00f3n internacional, situando a Groenlandia y la ONU en el centro. Descubre esta propuesta para un futuro \u00e1rtico sin rivalidades militares.\" \/>\n<meta property=\"og:url\" content=\"https:\/\/www.pressenza.com\/es\/2026\/02\/plan-artico-desmilitarizado-paz-sostenibilidad-onu\/\" \/>\n<meta property=\"og:site_name\" content=\"Pressenza\" \/>\n<meta property=\"article:publisher\" content=\"https:\/\/www.facebook.com\/PressenzaItalia\" \/>\n<meta property=\"article:author\" content=\"https:\/\/www.facebook.com\/Transnational\" \/>\n<meta property=\"article:published_time\" content=\"2026-02-19T13:03:59+00:00\" \/>\n<meta property=\"og:image\" content=\"https:\/\/www.pressenza.com\/wp-content\/uploads\/2026\/02\/Depositphotos_332056680_S.jpg\" \/>\n\t<meta property=\"og:image:width\" content=\"1000\" \/>\n\t<meta property=\"og:image:height\" content=\"1000\" \/>\n\t<meta property=\"og:image:type\" content=\"image\/jpeg\" \/>\n<meta name=\"author\" content=\"Transnational Foundation for Peace and Future Research\" \/>\n<meta name=\"twitter:card\" content=\"summary_large_image\" \/>\n<meta name=\"twitter:creator\" content=\"@TFFworldaffairs\" \/>\n<meta name=\"twitter:site\" content=\"@PressenzaIPA\" \/>\n<meta name=\"twitter:label1\" content=\"Escrito por\" \/>\n\t<meta name=\"twitter:data1\" content=\"Transnational Foundation for Peace and Future Research\" \/>\n\t<meta name=\"twitter:label2\" content=\"Tiempo de lectura\" \/>\n\t<meta name=\"twitter:data2\" content=\"11 minutos\" \/>\n<script type=\"application\/ld+json\" class=\"yoast-schema-graph\">{\"@context\":\"https:\/\/schema.org\",\"@graph\":[{\"@type\":\"Article\",\"@id\":\"https:\/\/www.pressenza.com\/es\/2026\/02\/plan-artico-desmilitarizado-paz-sostenibilidad-onu\/#article\",\"isPartOf\":{\"@id\":\"https:\/\/www.pressenza.com\/es\/2026\/02\/plan-artico-desmilitarizado-paz-sostenibilidad-onu\/\"},\"author\":{\"name\":\"Transnational Foundation for Peace and Future Research\",\"@id\":\"https:\/\/www.pressenza.com\/es\/#\/schema\/person\/21d6c64be355897a40979f43c386bc96\"},\"headline\":\"Una nueva perspectiva y hoja de ruta para un \u00c1rtico desmilitarizado por el bien com\u00fan y por qu\u00e9 es racional\",\"datePublished\":\"2026-02-19T13:03:59+00:00\",\"mainEntityOfPage\":{\"@id\":\"https:\/\/www.pressenza.com\/es\/2026\/02\/plan-artico-desmilitarizado-paz-sostenibilidad-onu\/\"},\"wordCount\":2624,\"publisher\":{\"@id\":\"https:\/\/www.pressenza.com\/es\/#organization\"},\"image\":{\"@id\":\"https:\/\/www.pressenza.com\/es\/2026\/02\/plan-artico-desmilitarizado-paz-sostenibilidad-onu\/#primaryimage\"},\"thumbnailUrl\":\"https:\/\/www.pressenza.com\/wp-content\/uploads\/2026\/02\/Depositphotos_332056680_S.jpg\",\"keywords\":[\"UN\"],\"articleSection\":[\"Asuntos internacionales\",\"Feature\",\"Internacional\",\"Pol\u00edtica\"],\"inLanguage\":\"es\"},{\"@type\":\"WebPage\",\"@id\":\"https:\/\/www.pressenza.com\/es\/2026\/02\/plan-artico-desmilitarizado-paz-sostenibilidad-onu\/\",\"url\":\"https:\/\/www.pressenza.com\/es\/2026\/02\/plan-artico-desmilitarizado-paz-sostenibilidad-onu\/\",\"name\":\"Una nueva perspectiva y hoja de ruta para un \u00c1rtico desmilitarizado por el bien com\u00fan y por qu\u00e9 es racional\",\"isPartOf\":{\"@id\":\"https:\/\/www.pressenza.com\/es\/#website\"},\"primaryImageOfPage\":{\"@id\":\"https:\/\/www.pressenza.com\/es\/2026\/02\/plan-artico-desmilitarizado-paz-sostenibilidad-onu\/#primaryimage\"},\"image\":{\"@id\":\"https:\/\/www.pressenza.com\/es\/2026\/02\/plan-artico-desmilitarizado-paz-sostenibilidad-onu\/#primaryimage\"},\"thumbnailUrl\":\"https:\/\/www.pressenza.com\/wp-content\/uploads\/2026\/02\/Depositphotos_332056680_S.jpg\",\"datePublished\":\"2026-02-19T13:03:59+00:00\",\"description\":\"Este no es otro comentario geopol\u00edtico sobre el \u00c1rtico. Es una propuesta de paz visionaria, capaz de preservar la regi\u00f3n de la rivalidad militarizada y Alternativa a la geopol\u00edtica tradicional. Un plan visionario para un \u00c1rtico desmilitarizado que propone paz, sostenibilidad y cooperaci\u00f3n internacional, situando a Groenlandia y la ONU en el centro. Descubre esta propuesta para un futuro \u00e1rtico sin rivalidades militares.\",\"breadcrumb\":{\"@id\":\"https:\/\/www.pressenza.com\/es\/2026\/02\/plan-artico-desmilitarizado-paz-sostenibilidad-onu\/#breadcrumb\"},\"inLanguage\":\"es\",\"potentialAction\":[{\"@type\":\"ReadAction\",\"target\":[\"https:\/\/www.pressenza.com\/es\/2026\/02\/plan-artico-desmilitarizado-paz-sostenibilidad-onu\/\"]}]},{\"@type\":\"ImageObject\",\"inLanguage\":\"es\",\"@id\":\"https:\/\/www.pressenza.com\/es\/2026\/02\/plan-artico-desmilitarizado-paz-sostenibilidad-onu\/#primaryimage\",\"url\":\"https:\/\/www.pressenza.com\/wp-content\/uploads\/2026\/02\/Depositphotos_332056680_S.jpg\",\"contentUrl\":\"https:\/\/www.pressenza.com\/wp-content\/uploads\/2026\/02\/Depositphotos_332056680_S.jpg\",\"width\":1000,\"height\":1000,\"caption\":\"Earth globe 3d illustration. North Asia view. Very detailed and photo realistic. On white background. (Original maps provided by NASA.)\"},{\"@type\":\"BreadcrumbList\",\"@id\":\"https:\/\/www.pressenza.com\/es\/2026\/02\/plan-artico-desmilitarizado-paz-sostenibilidad-onu\/#breadcrumb\",\"itemListElement\":[{\"@type\":\"ListItem\",\"position\":1,\"name\":\"Accueil\",\"item\":\"https:\/\/www.pressenza.com\/es\/\"},{\"@type\":\"ListItem\",\"position\":2,\"name\":\"Una nueva perspectiva y hoja de ruta para un \u00c1rtico desmilitarizado por el bien com\u00fan y por qu\u00e9 es racional\"}]},{\"@type\":\"WebSite\",\"@id\":\"https:\/\/www.pressenza.com\/es\/#website\",\"url\":\"https:\/\/www.pressenza.com\/es\/\",\"name\":\"Pressenza\",\"description\":\"International Press Agency\",\"publisher\":{\"@id\":\"https:\/\/www.pressenza.com\/es\/#organization\"},\"potentialAction\":[{\"@type\":\"SearchAction\",\"target\":{\"@type\":\"EntryPoint\",\"urlTemplate\":\"https:\/\/www.pressenza.com\/es\/?s={search_term_string}\"},\"query-input\":{\"@type\":\"PropertyValueSpecification\",\"valueRequired\":true,\"valueName\":\"search_term_string\"}}],\"inLanguage\":\"es\"},{\"@type\":\"Organization\",\"@id\":\"https:\/\/www.pressenza.com\/es\/#organization\",\"name\":\"Pressenza\",\"url\":\"https:\/\/www.pressenza.com\/es\/\",\"logo\":{\"@type\":\"ImageObject\",\"inLanguage\":\"es\",\"@id\":\"https:\/\/www.pressenza.com\/es\/#\/schema\/logo\/image\/\",\"url\":\"https:\/\/www.pressenza.com\/wp-content\/uploads\/2022\/10\/pressenza_logo_200x200.jpg\",\"contentUrl\":\"https:\/\/www.pressenza.com\/wp-content\/uploads\/2022\/10\/pressenza_logo_200x200.jpg\",\"width\":200,\"height\":200,\"caption\":\"Pressenza\"},\"image\":{\"@id\":\"https:\/\/www.pressenza.com\/es\/#\/schema\/logo\/image\/\"},\"sameAs\":[\"https:\/\/www.facebook.com\/PressenzaItalia\",\"https:\/\/x.com\/PressenzaIPA\"]},{\"@type\":\"Person\",\"@id\":\"https:\/\/www.pressenza.com\/es\/#\/schema\/person\/21d6c64be355897a40979f43c386bc96\",\"name\":\"Transnational Foundation for Peace and Future Research\",\"description\":\"TFF is an independent think tank, a global network that aims to bring about peace by peaceful means. It inspires a passion for peace from the grassroots to the corridors of power. TFF is an all-volunteer global network. It promotes conflict-mitigation and reconciliation in general, as well as in a more targeted way in a selected number of conflict regions - through meticulous on-the-ground research, active listening, education and advocacy. The Foundation is committed to doing diagnosis and prognosis as well as proposing solutions. It does so in a clear, pro-peace manner. transnational.live\",\"sameAs\":[\"https:\/\/www.facebook.com\/Transnational\",\"https:\/\/x.com\/TFFworldaffairs\"],\"url\":\"https:\/\/www.pressenza.com\/es\/author\/tff\/\"}]}<\/script>\n<!-- \/ Yoast SEO plugin. -->","yoast_head_json":{"title":"Una nueva perspectiva y hoja de ruta para un \u00c1rtico desmilitarizado por el bien com\u00fan y por qu\u00e9 es racional","description":"Este no es otro comentario geopol\u00edtico sobre el \u00c1rtico. Es una propuesta de paz visionaria, capaz de preservar la regi\u00f3n de la rivalidad militarizada y Alternativa a la geopol\u00edtica tradicional. Un plan visionario para un \u00c1rtico desmilitarizado que propone paz, sostenibilidad y cooperaci\u00f3n internacional, situando a Groenlandia y la ONU en el centro. Descubre esta propuesta para un futuro \u00e1rtico sin rivalidades militares.","robots":{"index":"index","follow":"follow","max-snippet":"max-snippet:-1","max-image-preview":"max-image-preview:large","max-video-preview":"max-video-preview:-1"},"canonical":"https:\/\/www.pressenza.com\/es\/2026\/02\/plan-artico-desmilitarizado-paz-sostenibilidad-onu\/","og_locale":"es_ES","og_type":"article","og_title":"Una nueva perspectiva y hoja de ruta para un \u00c1rtico desmilitarizado por el bien com\u00fan y por qu\u00e9 es racional","og_description":"Este no es otro comentario geopol\u00edtico sobre el \u00c1rtico. Es una propuesta de paz visionaria, capaz de preservar la regi\u00f3n de la rivalidad militarizada y Alternativa a la geopol\u00edtica tradicional. Un plan visionario para un \u00c1rtico desmilitarizado que propone paz, sostenibilidad y cooperaci\u00f3n internacional, situando a Groenlandia y la ONU en el centro. Descubre esta propuesta para un futuro \u00e1rtico sin rivalidades militares.","og_url":"https:\/\/www.pressenza.com\/es\/2026\/02\/plan-artico-desmilitarizado-paz-sostenibilidad-onu\/","og_site_name":"Pressenza","article_publisher":"https:\/\/www.facebook.com\/PressenzaItalia","article_author":"https:\/\/www.facebook.com\/Transnational","article_published_time":"2026-02-19T13:03:59+00:00","og_image":[{"width":1000,"height":1000,"url":"https:\/\/www.pressenza.com\/wp-content\/uploads\/2026\/02\/Depositphotos_332056680_S.jpg","type":"image\/jpeg"}],"author":"Transnational Foundation for Peace and Future Research","twitter_card":"summary_large_image","twitter_creator":"@TFFworldaffairs","twitter_site":"@PressenzaIPA","twitter_misc":{"Escrito por":"Transnational Foundation for Peace and Future Research","Tiempo de lectura":"11 minutos"},"schema":{"@context":"https:\/\/schema.org","@graph":[{"@type":"Article","@id":"https:\/\/www.pressenza.com\/es\/2026\/02\/plan-artico-desmilitarizado-paz-sostenibilidad-onu\/#article","isPartOf":{"@id":"https:\/\/www.pressenza.com\/es\/2026\/02\/plan-artico-desmilitarizado-paz-sostenibilidad-onu\/"},"author":{"name":"Transnational Foundation for Peace and Future Research","@id":"https:\/\/www.pressenza.com\/es\/#\/schema\/person\/21d6c64be355897a40979f43c386bc96"},"headline":"Una nueva perspectiva y hoja de ruta para un \u00c1rtico desmilitarizado por el bien com\u00fan y por qu\u00e9 es racional","datePublished":"2026-02-19T13:03:59+00:00","mainEntityOfPage":{"@id":"https:\/\/www.pressenza.com\/es\/2026\/02\/plan-artico-desmilitarizado-paz-sostenibilidad-onu\/"},"wordCount":2624,"publisher":{"@id":"https:\/\/www.pressenza.com\/es\/#organization"},"image":{"@id":"https:\/\/www.pressenza.com\/es\/2026\/02\/plan-artico-desmilitarizado-paz-sostenibilidad-onu\/#primaryimage"},"thumbnailUrl":"https:\/\/www.pressenza.com\/wp-content\/uploads\/2026\/02\/Depositphotos_332056680_S.jpg","keywords":["UN"],"articleSection":["Asuntos internacionales","Feature","Internacional","Pol\u00edtica"],"inLanguage":"es"},{"@type":"WebPage","@id":"https:\/\/www.pressenza.com\/es\/2026\/02\/plan-artico-desmilitarizado-paz-sostenibilidad-onu\/","url":"https:\/\/www.pressenza.com\/es\/2026\/02\/plan-artico-desmilitarizado-paz-sostenibilidad-onu\/","name":"Una nueva perspectiva y hoja de ruta para un \u00c1rtico desmilitarizado por el bien com\u00fan y por qu\u00e9 es racional","isPartOf":{"@id":"https:\/\/www.pressenza.com\/es\/#website"},"primaryImageOfPage":{"@id":"https:\/\/www.pressenza.com\/es\/2026\/02\/plan-artico-desmilitarizado-paz-sostenibilidad-onu\/#primaryimage"},"image":{"@id":"https:\/\/www.pressenza.com\/es\/2026\/02\/plan-artico-desmilitarizado-paz-sostenibilidad-onu\/#primaryimage"},"thumbnailUrl":"https:\/\/www.pressenza.com\/wp-content\/uploads\/2026\/02\/Depositphotos_332056680_S.jpg","datePublished":"2026-02-19T13:03:59+00:00","description":"Este no es otro comentario geopol\u00edtico sobre el \u00c1rtico. Es una propuesta de paz visionaria, capaz de preservar la regi\u00f3n de la rivalidad militarizada y Alternativa a la geopol\u00edtica tradicional. Un plan visionario para un \u00c1rtico desmilitarizado que propone paz, sostenibilidad y cooperaci\u00f3n internacional, situando a Groenlandia y la ONU en el centro. Descubre esta propuesta para un futuro \u00e1rtico sin rivalidades militares.","breadcrumb":{"@id":"https:\/\/www.pressenza.com\/es\/2026\/02\/plan-artico-desmilitarizado-paz-sostenibilidad-onu\/#breadcrumb"},"inLanguage":"es","potentialAction":[{"@type":"ReadAction","target":["https:\/\/www.pressenza.com\/es\/2026\/02\/plan-artico-desmilitarizado-paz-sostenibilidad-onu\/"]}]},{"@type":"ImageObject","inLanguage":"es","@id":"https:\/\/www.pressenza.com\/es\/2026\/02\/plan-artico-desmilitarizado-paz-sostenibilidad-onu\/#primaryimage","url":"https:\/\/www.pressenza.com\/wp-content\/uploads\/2026\/02\/Depositphotos_332056680_S.jpg","contentUrl":"https:\/\/www.pressenza.com\/wp-content\/uploads\/2026\/02\/Depositphotos_332056680_S.jpg","width":1000,"height":1000,"caption":"Earth globe 3d illustration. North Asia view. Very detailed and photo realistic. On white background. (Original maps provided by NASA.)"},{"@type":"BreadcrumbList","@id":"https:\/\/www.pressenza.com\/es\/2026\/02\/plan-artico-desmilitarizado-paz-sostenibilidad-onu\/#breadcrumb","itemListElement":[{"@type":"ListItem","position":1,"name":"Accueil","item":"https:\/\/www.pressenza.com\/es\/"},{"@type":"ListItem","position":2,"name":"Una nueva perspectiva y hoja de ruta para un \u00c1rtico desmilitarizado por el bien com\u00fan y por qu\u00e9 es racional"}]},{"@type":"WebSite","@id":"https:\/\/www.pressenza.com\/es\/#website","url":"https:\/\/www.pressenza.com\/es\/","name":"Pressenza","description":"International Press Agency","publisher":{"@id":"https:\/\/www.pressenza.com\/es\/#organization"},"potentialAction":[{"@type":"SearchAction","target":{"@type":"EntryPoint","urlTemplate":"https:\/\/www.pressenza.com\/es\/?s={search_term_string}"},"query-input":{"@type":"PropertyValueSpecification","valueRequired":true,"valueName":"search_term_string"}}],"inLanguage":"es"},{"@type":"Organization","@id":"https:\/\/www.pressenza.com\/es\/#organization","name":"Pressenza","url":"https:\/\/www.pressenza.com\/es\/","logo":{"@type":"ImageObject","inLanguage":"es","@id":"https:\/\/www.pressenza.com\/es\/#\/schema\/logo\/image\/","url":"https:\/\/www.pressenza.com\/wp-content\/uploads\/2022\/10\/pressenza_logo_200x200.jpg","contentUrl":"https:\/\/www.pressenza.com\/wp-content\/uploads\/2022\/10\/pressenza_logo_200x200.jpg","width":200,"height":200,"caption":"Pressenza"},"image":{"@id":"https:\/\/www.pressenza.com\/es\/#\/schema\/logo\/image\/"},"sameAs":["https:\/\/www.facebook.com\/PressenzaItalia","https:\/\/x.com\/PressenzaIPA"]},{"@type":"Person","@id":"https:\/\/www.pressenza.com\/es\/#\/schema\/person\/21d6c64be355897a40979f43c386bc96","name":"Transnational Foundation for Peace and Future Research","description":"TFF is an independent think tank, a global network that aims to bring about peace by peaceful means. It inspires a passion for peace from the grassroots to the corridors of power. TFF is an all-volunteer global network. It promotes conflict-mitigation and reconciliation in general, as well as in a more targeted way in a selected number of conflict regions - through meticulous on-the-ground research, active listening, education and advocacy. The Foundation is committed to doing diagnosis and prognosis as well as proposing solutions. It does so in a clear, pro-peace manner. transnational.live","sameAs":["https:\/\/www.facebook.com\/Transnational","https:\/\/x.com\/TFFworldaffairs"],"url":"https:\/\/www.pressenza.com\/es\/author\/tff\/"}]}},"place":"","original_article_url":"https:\/\/thetransnational.substack.com\/p\/a-new-perspective-and-blueprint-a","_links":{"self":[{"href":"https:\/\/www.pressenza.com\/es\/wp-json\/wp\/v2\/posts\/2677732","targetHints":{"allow":["GET"]}}],"collection":[{"href":"https:\/\/www.pressenza.com\/es\/wp-json\/wp\/v2\/posts"}],"about":[{"href":"https:\/\/www.pressenza.com\/es\/wp-json\/wp\/v2\/types\/post"}],"author":[{"embeddable":true,"href":"https:\/\/www.pressenza.com\/es\/wp-json\/wp\/v2\/users\/1148"}],"replies":[{"embeddable":true,"href":"https:\/\/www.pressenza.com\/es\/wp-json\/wp\/v2\/comments?post=2677732"}],"version-history":[{"count":8,"href":"https:\/\/www.pressenza.com\/es\/wp-json\/wp\/v2\/posts\/2677732\/revisions"}],"predecessor-version":[{"id":2677735,"href":"https:\/\/www.pressenza.com\/es\/wp-json\/wp\/v2\/posts\/2677732\/revisions\/2677735"}],"wp:featuredmedia":[{"embeddable":true,"href":"https:\/\/www.pressenza.com\/es\/wp-json\/wp\/v2\/media\/2677733"}],"wp:attachment":[{"href":"https:\/\/www.pressenza.com\/es\/wp-json\/wp\/v2\/media?parent=2677732"}],"wp:term":[{"taxonomy":"category","embeddable":true,"href":"https:\/\/www.pressenza.com\/es\/wp-json\/wp\/v2\/categories?post=2677732"},{"taxonomy":"post_tag","embeddable":true,"href":"https:\/\/www.pressenza.com\/es\/wp-json\/wp\/v2\/tags?post=2677732"}],"curies":[{"name":"wp","href":"https:\/\/api.w.org\/{rel}","templated":true}]}}