{"id":2672085,"date":"2026-01-30T22:47:29","date_gmt":"2026-01-30T22:47:29","guid":{"rendered":"https:\/\/www.pressenza.com\/?p=2672085"},"modified":"2026-01-30T22:47:29","modified_gmt":"2026-01-30T22:47:29","slug":"presidente-turco-promete-esfuerzos-de-mediacion-para-calmar-las-tensiones-entre-iran-y-ee-uu","status":"publish","type":"post","link":"https:\/\/www.pressenza.com\/es\/2026\/01\/presidente-turco-promete-esfuerzos-de-mediacion-para-calmar-las-tensiones-entre-iran-y-ee-uu\/","title":{"rendered":"Presidente turco promete esfuerzos de mediaci\u00f3n para calmar las tensiones entre Ir\u00e1n y EE. UU."},"content":{"rendered":"<p>El presidente turco, Recep Tayyip Erdogan, afirm\u00f3 hoy viernes que Turqu\u00eda est\u00e1 dispuesta a desempe\u00f1ar un papel mediador entre Ir\u00e1n y Estados Unidos para ayudar a aliviar las tensiones regionales.<\/p>\n<p>Erdogan hizo estas declaraciones durante una conversaci\u00f3n telef\u00f3nica con su hom\u00f3logo iran\u00ed, Masoud Pezeshkian, seg\u00fan un comunicado de la Direcci\u00f3n de Comunicaciones de Turqu\u00eda.<\/p>\n<p>Los dos l\u00edderes analizaron la escalada de tensiones militares en la regi\u00f3n y la importancia del di\u00e1logo y la cooperaci\u00f3n para mantener la estabilidad, reflej\u00f3 el comunicado.<\/p>\n<p>Erdogan reiter\u00f3 la disposici\u00f3n de Turqu\u00eda a actuar como puente entre Teher\u00e1n y Washington y destac\u00f3 el compromiso del pa\u00eds con la diplomacia constructiva.<\/p>\n<p>Seg\u00fan un comunicado publicado en la p\u00e1gina web de la Oficina del Presidente de Ir\u00e1n, Masoud Pezeshkian destac\u00f3 la pol\u00edtica de principios iran\u00ed de llevar a cabo una diplomacia basada en la dignidad dentro del marco del derecho internacional, reiterando que el enfoque del pa\u00eds se basa en el di\u00e1logo, el respeto mutuo y la l\u00f3gica de beneficio rec\u00edproco, as\u00ed como en el rechazo al uso de amenazas y la fuerza.<\/p>\n<p>Pezeshkian a\u00f1adi\u00f3 que el inicio de procesos diplom\u00e1ticos eficaces y basados en el di\u00e1logo requer\u00eda un clima de confianza mutua e indic\u00f3 que los requisitos previos para el \u00e9xito de cualquier iniciativa diplom\u00e1tica eran los esfuerzos de las partes implicadas por demostrar su buena voluntad y el cese de movimientos belicistas y amenazantes en la regi\u00f3n.<\/p>\n<p>El presidente de Estados Unidos, Donald Trump, dijo el mi\u00e9rcoles que una \u00abArmada masiva\u00bb, encabezada por el portaaviones Abraham Lincoln, est\u00e1 dirigi\u00e9ndose hacia Ir\u00e1n, y advirti\u00f3 que a Teher\u00e1n \u00abse le acaba el tiempo\u00bb para alcanzar un acuerdo con Washington.<\/p>\n","protected":false},"excerpt":{"rendered":"<p>El presidente turco, Recep Tayyip Erdogan, afirm\u00f3 hoy viernes que Turqu\u00eda est\u00e1 dispuesta a desempe\u00f1ar un papel mediador entre Ir\u00e1n y Estados Unidos para ayudar a aliviar las tensiones regionales. Erdogan hizo estas declaraciones durante una conversaci\u00f3n telef\u00f3nica con su&hellip;<\/p>\n","protected":false},"author":2266,"featured_media":2672086,"comment_status":"closed","ping_status":"closed","sticky":false,"template":"","format":"standard","meta":{"footnotes":""},"categories":[65,76,68,106739,1243],"tags":[10793,1697,71138],"class_list":["post-2672085","post","type-post","status-publish","format-standard","has-post-thumbnail","hentry","category-asia-es","category-relaciones-exteriores","category-norteamerica","category-noticia","category-paz-desarme","tag-estados-unidos-de-norteamerica","tag-iran-es","tag-recep-tayyip-erdogan-es"],"yoast_head":"<!-- This site is optimized with the Yoast SEO plugin v27.1.1 - https:\/\/yoast.com\/product\/yoast-seo-wordpress\/ -->\n<title>Presidente turco promete esfuerzos de mediaci\u00f3n para calmar las tensiones entre Ir\u00e1n y EE. UU.<\/title>\n<meta name=\"description\" content=\"El presidente turco, Recep Tayyip Erdogan, afirm\u00f3 hoy viernes que Turqu\u00eda est\u00e1 dispuesta a desempe\u00f1ar un papel mediador entre Ir\u00e1n y Estados Unidos para\" \/>\n<meta name=\"robots\" content=\"index, follow, max-snippet:-1, max-image-preview:large, max-video-preview:-1\" \/>\n<link rel=\"canonical\" href=\"https:\/\/www.pressenza.com\/es\/2026\/01\/presidente-turco-promete-esfuerzos-de-mediacion-para-calmar-las-tensiones-entre-iran-y-ee-uu\/\" \/>\n<meta property=\"og:locale\" content=\"es_ES\" \/>\n<meta property=\"og:type\" content=\"article\" \/>\n<meta property=\"og:title\" content=\"Presidente turco promete esfuerzos de mediaci\u00f3n para calmar las tensiones entre Ir\u00e1n y EE. UU.\" \/>\n<meta property=\"og:description\" content=\"El presidente turco, Recep Tayyip Erdogan, afirm\u00f3 hoy viernes que Turqu\u00eda est\u00e1 dispuesta a desempe\u00f1ar un papel mediador entre Ir\u00e1n y Estados Unidos para\" \/>\n<meta property=\"og:url\" content=\"https:\/\/www.pressenza.com\/es\/2026\/01\/presidente-turco-promete-esfuerzos-de-mediacion-para-calmar-las-tensiones-entre-iran-y-ee-uu\/\" \/>\n<meta property=\"og:site_name\" content=\"Pressenza\" \/>\n<meta property=\"article:publisher\" content=\"https:\/\/www.facebook.com\/PressenzaItalia\" \/>\n<meta property=\"article:published_time\" content=\"2026-01-30T22:47:29+00:00\" \/>\n<meta property=\"og:image\" content=\"https:\/\/www.pressenza.com\/wp-content\/uploads\/2026\/01\/20211015C9A06E8593D00001A57A5F3614FEE780_1310355233_1638833623689.jpg\" \/>\n\t<meta property=\"og:image:width\" content=\"1023\" \/>\n\t<meta property=\"og:image:height\" content=\"682\" \/>\n\t<meta property=\"og:image:type\" content=\"image\/jpeg\" \/>\n<meta name=\"author\" content=\"Xinhua\" \/>\n<meta name=\"twitter:card\" content=\"summary_large_image\" \/>\n<meta name=\"twitter:creator\" content=\"@PressenzaIPA\" \/>\n<meta name=\"twitter:site\" content=\"@PressenzaIPA\" \/>\n<meta name=\"twitter:label1\" content=\"Escrito por\" \/>\n\t<meta name=\"twitter:data1\" content=\"Xinhua\" \/>\n\t<meta name=\"twitter:label2\" content=\"Tiempo de lectura\" \/>\n\t<meta name=\"twitter:data2\" content=\"2 minutos\" \/>\n<script type=\"application\/ld+json\" class=\"yoast-schema-graph\">{\"@context\":\"https:\/\/schema.org\",\"@graph\":[{\"@type\":\"Article\",\"@id\":\"https:\/\/www.pressenza.com\/es\/2026\/01\/presidente-turco-promete-esfuerzos-de-mediacion-para-calmar-las-tensiones-entre-iran-y-ee-uu\/#article\",\"isPartOf\":{\"@id\":\"https:\/\/www.pressenza.com\/es\/2026\/01\/presidente-turco-promete-esfuerzos-de-mediacion-para-calmar-las-tensiones-entre-iran-y-ee-uu\/\"},\"author\":{\"name\":\"Xinhua\",\"@id\":\"https:\/\/www.pressenza.com\/es\/#\/schema\/person\/f7d16a80c42ebb5aefb3b4c8b32b6c2e\"},\"headline\":\"Presidente turco promete esfuerzos de mediaci\u00f3n para calmar las tensiones entre Ir\u00e1n y EE. UU.\",\"datePublished\":\"2026-01-30T22:47:29+00:00\",\"mainEntityOfPage\":{\"@id\":\"https:\/\/www.pressenza.com\/es\/2026\/01\/presidente-turco-promete-esfuerzos-de-mediacion-para-calmar-las-tensiones-entre-iran-y-ee-uu\/\"},\"wordCount\":324,\"publisher\":{\"@id\":\"https:\/\/www.pressenza.com\/es\/#organization\"},\"image\":{\"@id\":\"https:\/\/www.pressenza.com\/es\/2026\/01\/presidente-turco-promete-esfuerzos-de-mediacion-para-calmar-las-tensiones-entre-iran-y-ee-uu\/#primaryimage\"},\"thumbnailUrl\":\"https:\/\/www.pressenza.com\/wp-content\/uploads\/2026\/01\/20211015C9A06E8593D00001A57A5F3614FEE780_1310355233_1638833623689.jpg\",\"keywords\":[\"Estados Unidos de Norteam\u00e9rica\",\"Ir\u00e1n\",\"Recep Tayyip Erdogan\"],\"articleSection\":[\"Asia\",\"Asuntos internacionales\",\"Norteam\u00e9rica\",\"Noticia\",\"Paz y Desarme\"],\"inLanguage\":\"es\"},{\"@type\":\"WebPage\",\"@id\":\"https:\/\/www.pressenza.com\/es\/2026\/01\/presidente-turco-promete-esfuerzos-de-mediacion-para-calmar-las-tensiones-entre-iran-y-ee-uu\/\",\"url\":\"https:\/\/www.pressenza.com\/es\/2026\/01\/presidente-turco-promete-esfuerzos-de-mediacion-para-calmar-las-tensiones-entre-iran-y-ee-uu\/\",\"name\":\"Presidente turco promete esfuerzos de mediaci\u00f3n para calmar las tensiones entre Ir\u00e1n y EE. UU.\",\"isPartOf\":{\"@id\":\"https:\/\/www.pressenza.com\/es\/#website\"},\"primaryImageOfPage\":{\"@id\":\"https:\/\/www.pressenza.com\/es\/2026\/01\/presidente-turco-promete-esfuerzos-de-mediacion-para-calmar-las-tensiones-entre-iran-y-ee-uu\/#primaryimage\"},\"image\":{\"@id\":\"https:\/\/www.pressenza.com\/es\/2026\/01\/presidente-turco-promete-esfuerzos-de-mediacion-para-calmar-las-tensiones-entre-iran-y-ee-uu\/#primaryimage\"},\"thumbnailUrl\":\"https:\/\/www.pressenza.com\/wp-content\/uploads\/2026\/01\/20211015C9A06E8593D00001A57A5F3614FEE780_1310355233_1638833623689.jpg\",\"datePublished\":\"2026-01-30T22:47:29+00:00\",\"description\":\"El presidente turco, Recep Tayyip Erdogan, afirm\u00f3 hoy viernes que Turqu\u00eda est\u00e1 dispuesta a desempe\u00f1ar un papel mediador entre Ir\u00e1n y Estados Unidos para\",\"breadcrumb\":{\"@id\":\"https:\/\/www.pressenza.com\/es\/2026\/01\/presidente-turco-promete-esfuerzos-de-mediacion-para-calmar-las-tensiones-entre-iran-y-ee-uu\/#breadcrumb\"},\"inLanguage\":\"es\",\"potentialAction\":[{\"@type\":\"ReadAction\",\"target\":[\"https:\/\/www.pressenza.com\/es\/2026\/01\/presidente-turco-promete-esfuerzos-de-mediacion-para-calmar-las-tensiones-entre-iran-y-ee-uu\/\"]}]},{\"@type\":\"ImageObject\",\"inLanguage\":\"es\",\"@id\":\"https:\/\/www.pressenza.com\/es\/2026\/01\/presidente-turco-promete-esfuerzos-de-mediacion-para-calmar-las-tensiones-entre-iran-y-ee-uu\/#primaryimage\",\"url\":\"https:\/\/www.pressenza.com\/wp-content\/uploads\/2026\/01\/20211015C9A06E8593D00001A57A5F3614FEE780_1310355233_1638833623689.jpg\",\"contentUrl\":\"https:\/\/www.pressenza.com\/wp-content\/uploads\/2026\/01\/20211015C9A06E8593D00001A57A5F3614FEE780_1310355233_1638833623689.jpg\",\"width\":1023,\"height\":682},{\"@type\":\"BreadcrumbList\",\"@id\":\"https:\/\/www.pressenza.com\/es\/2026\/01\/presidente-turco-promete-esfuerzos-de-mediacion-para-calmar-las-tensiones-entre-iran-y-ee-uu\/#breadcrumb\",\"itemListElement\":[{\"@type\":\"ListItem\",\"position\":1,\"name\":\"Accueil\",\"item\":\"https:\/\/www.pressenza.com\/es\/\"},{\"@type\":\"ListItem\",\"position\":2,\"name\":\"Presidente turco promete esfuerzos de mediaci\u00f3n para calmar las tensiones entre Ir\u00e1n y EE. UU.\"}]},{\"@type\":\"WebSite\",\"@id\":\"https:\/\/www.pressenza.com\/es\/#website\",\"url\":\"https:\/\/www.pressenza.com\/es\/\",\"name\":\"Pressenza\",\"description\":\"International Press Agency\",\"publisher\":{\"@id\":\"https:\/\/www.pressenza.com\/es\/#organization\"},\"potentialAction\":[{\"@type\":\"SearchAction\",\"target\":{\"@type\":\"EntryPoint\",\"urlTemplate\":\"https:\/\/www.pressenza.com\/es\/?s={search_term_string}\"},\"query-input\":{\"@type\":\"PropertyValueSpecification\",\"valueRequired\":true,\"valueName\":\"search_term_string\"}}],\"inLanguage\":\"es\"},{\"@type\":\"Organization\",\"@id\":\"https:\/\/www.pressenza.com\/es\/#organization\",\"name\":\"Pressenza\",\"url\":\"https:\/\/www.pressenza.com\/es\/\",\"logo\":{\"@type\":\"ImageObject\",\"inLanguage\":\"es\",\"@id\":\"https:\/\/www.pressenza.com\/es\/#\/schema\/logo\/image\/\",\"url\":\"https:\/\/www.pressenza.com\/wp-content\/uploads\/2022\/10\/pressenza_logo_200x200.jpg\",\"contentUrl\":\"https:\/\/www.pressenza.com\/wp-content\/uploads\/2022\/10\/pressenza_logo_200x200.jpg\",\"width\":200,\"height\":200,\"caption\":\"Pressenza\"},\"image\":{\"@id\":\"https:\/\/www.pressenza.com\/es\/#\/schema\/logo\/image\/\"},\"sameAs\":[\"https:\/\/www.facebook.com\/PressenzaItalia\",\"https:\/\/x.com\/PressenzaIPA\"]},{\"@type\":\"Person\",\"@id\":\"https:\/\/www.pressenza.com\/es\/#\/schema\/person\/f7d16a80c42ebb5aefb3b4c8b32b6c2e\",\"name\":\"Xinhua\",\"description\":\"Official State news agency of the People's Republic of China. http:\/\/www.xinhuanet.com\/. \u00a0 \u00a0Xinhua articles and photos published on Pressenza are free to reproduce, provided that the source and author are clearly mentioned.\",\"url\":\"https:\/\/www.pressenza.com\/es\/author\/xinhua\/\"}]}<\/script>\n<!-- \/ Yoast SEO plugin. -->","yoast_head_json":{"title":"Presidente turco promete esfuerzos de mediaci\u00f3n para calmar las tensiones entre Ir\u00e1n y EE. UU.","description":"El presidente turco, Recep Tayyip Erdogan, afirm\u00f3 hoy viernes que Turqu\u00eda est\u00e1 dispuesta a desempe\u00f1ar un papel mediador entre Ir\u00e1n y Estados Unidos para","robots":{"index":"index","follow":"follow","max-snippet":"max-snippet:-1","max-image-preview":"max-image-preview:large","max-video-preview":"max-video-preview:-1"},"canonical":"https:\/\/www.pressenza.com\/es\/2026\/01\/presidente-turco-promete-esfuerzos-de-mediacion-para-calmar-las-tensiones-entre-iran-y-ee-uu\/","og_locale":"es_ES","og_type":"article","og_title":"Presidente turco promete esfuerzos de mediaci\u00f3n para calmar las tensiones entre Ir\u00e1n y EE. UU.","og_description":"El presidente turco, Recep Tayyip Erdogan, afirm\u00f3 hoy viernes que Turqu\u00eda est\u00e1 dispuesta a desempe\u00f1ar un papel mediador entre Ir\u00e1n y Estados Unidos para","og_url":"https:\/\/www.pressenza.com\/es\/2026\/01\/presidente-turco-promete-esfuerzos-de-mediacion-para-calmar-las-tensiones-entre-iran-y-ee-uu\/","og_site_name":"Pressenza","article_publisher":"https:\/\/www.facebook.com\/PressenzaItalia","article_published_time":"2026-01-30T22:47:29+00:00","og_image":[{"width":1023,"height":682,"url":"https:\/\/www.pressenza.com\/wp-content\/uploads\/2026\/01\/20211015C9A06E8593D00001A57A5F3614FEE780_1310355233_1638833623689.jpg","type":"image\/jpeg"}],"author":"Xinhua","twitter_card":"summary_large_image","twitter_creator":"@PressenzaIPA","twitter_site":"@PressenzaIPA","twitter_misc":{"Escrito por":"Xinhua","Tiempo de lectura":"2 minutos"},"schema":{"@context":"https:\/\/schema.org","@graph":[{"@type":"Article","@id":"https:\/\/www.pressenza.com\/es\/2026\/01\/presidente-turco-promete-esfuerzos-de-mediacion-para-calmar-las-tensiones-entre-iran-y-ee-uu\/#article","isPartOf":{"@id":"https:\/\/www.pressenza.com\/es\/2026\/01\/presidente-turco-promete-esfuerzos-de-mediacion-para-calmar-las-tensiones-entre-iran-y-ee-uu\/"},"author":{"name":"Xinhua","@id":"https:\/\/www.pressenza.com\/es\/#\/schema\/person\/f7d16a80c42ebb5aefb3b4c8b32b6c2e"},"headline":"Presidente turco promete esfuerzos de mediaci\u00f3n para calmar las tensiones entre Ir\u00e1n y EE. UU.","datePublished":"2026-01-30T22:47:29+00:00","mainEntityOfPage":{"@id":"https:\/\/www.pressenza.com\/es\/2026\/01\/presidente-turco-promete-esfuerzos-de-mediacion-para-calmar-las-tensiones-entre-iran-y-ee-uu\/"},"wordCount":324,"publisher":{"@id":"https:\/\/www.pressenza.com\/es\/#organization"},"image":{"@id":"https:\/\/www.pressenza.com\/es\/2026\/01\/presidente-turco-promete-esfuerzos-de-mediacion-para-calmar-las-tensiones-entre-iran-y-ee-uu\/#primaryimage"},"thumbnailUrl":"https:\/\/www.pressenza.com\/wp-content\/uploads\/2026\/01\/20211015C9A06E8593D00001A57A5F3614FEE780_1310355233_1638833623689.jpg","keywords":["Estados Unidos de Norteam\u00e9rica","Ir\u00e1n","Recep Tayyip Erdogan"],"articleSection":["Asia","Asuntos internacionales","Norteam\u00e9rica","Noticia","Paz y Desarme"],"inLanguage":"es"},{"@type":"WebPage","@id":"https:\/\/www.pressenza.com\/es\/2026\/01\/presidente-turco-promete-esfuerzos-de-mediacion-para-calmar-las-tensiones-entre-iran-y-ee-uu\/","url":"https:\/\/www.pressenza.com\/es\/2026\/01\/presidente-turco-promete-esfuerzos-de-mediacion-para-calmar-las-tensiones-entre-iran-y-ee-uu\/","name":"Presidente turco promete esfuerzos de mediaci\u00f3n para calmar las tensiones entre Ir\u00e1n y EE. UU.","isPartOf":{"@id":"https:\/\/www.pressenza.com\/es\/#website"},"primaryImageOfPage":{"@id":"https:\/\/www.pressenza.com\/es\/2026\/01\/presidente-turco-promete-esfuerzos-de-mediacion-para-calmar-las-tensiones-entre-iran-y-ee-uu\/#primaryimage"},"image":{"@id":"https:\/\/www.pressenza.com\/es\/2026\/01\/presidente-turco-promete-esfuerzos-de-mediacion-para-calmar-las-tensiones-entre-iran-y-ee-uu\/#primaryimage"},"thumbnailUrl":"https:\/\/www.pressenza.com\/wp-content\/uploads\/2026\/01\/20211015C9A06E8593D00001A57A5F3614FEE780_1310355233_1638833623689.jpg","datePublished":"2026-01-30T22:47:29+00:00","description":"El presidente turco, Recep Tayyip Erdogan, afirm\u00f3 hoy viernes que Turqu\u00eda est\u00e1 dispuesta a desempe\u00f1ar un papel mediador entre Ir\u00e1n y Estados Unidos para","breadcrumb":{"@id":"https:\/\/www.pressenza.com\/es\/2026\/01\/presidente-turco-promete-esfuerzos-de-mediacion-para-calmar-las-tensiones-entre-iran-y-ee-uu\/#breadcrumb"},"inLanguage":"es","potentialAction":[{"@type":"ReadAction","target":["https:\/\/www.pressenza.com\/es\/2026\/01\/presidente-turco-promete-esfuerzos-de-mediacion-para-calmar-las-tensiones-entre-iran-y-ee-uu\/"]}]},{"@type":"ImageObject","inLanguage":"es","@id":"https:\/\/www.pressenza.com\/es\/2026\/01\/presidente-turco-promete-esfuerzos-de-mediacion-para-calmar-las-tensiones-entre-iran-y-ee-uu\/#primaryimage","url":"https:\/\/www.pressenza.com\/wp-content\/uploads\/2026\/01\/20211015C9A06E8593D00001A57A5F3614FEE780_1310355233_1638833623689.jpg","contentUrl":"https:\/\/www.pressenza.com\/wp-content\/uploads\/2026\/01\/20211015C9A06E8593D00001A57A5F3614FEE780_1310355233_1638833623689.jpg","width":1023,"height":682},{"@type":"BreadcrumbList","@id":"https:\/\/www.pressenza.com\/es\/2026\/01\/presidente-turco-promete-esfuerzos-de-mediacion-para-calmar-las-tensiones-entre-iran-y-ee-uu\/#breadcrumb","itemListElement":[{"@type":"ListItem","position":1,"name":"Accueil","item":"https:\/\/www.pressenza.com\/es\/"},{"@type":"ListItem","position":2,"name":"Presidente turco promete esfuerzos de mediaci\u00f3n para calmar las tensiones entre Ir\u00e1n y EE. UU."}]},{"@type":"WebSite","@id":"https:\/\/www.pressenza.com\/es\/#website","url":"https:\/\/www.pressenza.com\/es\/","name":"Pressenza","description":"International Press Agency","publisher":{"@id":"https:\/\/www.pressenza.com\/es\/#organization"},"potentialAction":[{"@type":"SearchAction","target":{"@type":"EntryPoint","urlTemplate":"https:\/\/www.pressenza.com\/es\/?s={search_term_string}"},"query-input":{"@type":"PropertyValueSpecification","valueRequired":true,"valueName":"search_term_string"}}],"inLanguage":"es"},{"@type":"Organization","@id":"https:\/\/www.pressenza.com\/es\/#organization","name":"Pressenza","url":"https:\/\/www.pressenza.com\/es\/","logo":{"@type":"ImageObject","inLanguage":"es","@id":"https:\/\/www.pressenza.com\/es\/#\/schema\/logo\/image\/","url":"https:\/\/www.pressenza.com\/wp-content\/uploads\/2022\/10\/pressenza_logo_200x200.jpg","contentUrl":"https:\/\/www.pressenza.com\/wp-content\/uploads\/2022\/10\/pressenza_logo_200x200.jpg","width":200,"height":200,"caption":"Pressenza"},"image":{"@id":"https:\/\/www.pressenza.com\/es\/#\/schema\/logo\/image\/"},"sameAs":["https:\/\/www.facebook.com\/PressenzaItalia","https:\/\/x.com\/PressenzaIPA"]},{"@type":"Person","@id":"https:\/\/www.pressenza.com\/es\/#\/schema\/person\/f7d16a80c42ebb5aefb3b4c8b32b6c2e","name":"Xinhua","description":"Official State news agency of the People's Republic of China. http:\/\/www.xinhuanet.com\/. \u00a0 \u00a0Xinhua articles and photos published on Pressenza are free to reproduce, provided that the source and author are clearly mentioned.","url":"https:\/\/www.pressenza.com\/es\/author\/xinhua\/"}]}},"place":"Turqu\u00eda","original_article_url":"https:\/\/spanish.xinhuanet.com\/20260130\/09b18b2eb4aa485fbd9083e9abf02bce\/c.html","_links":{"self":[{"href":"https:\/\/www.pressenza.com\/es\/wp-json\/wp\/v2\/posts\/2672085","targetHints":{"allow":["GET"]}}],"collection":[{"href":"https:\/\/www.pressenza.com\/es\/wp-json\/wp\/v2\/posts"}],"about":[{"href":"https:\/\/www.pressenza.com\/es\/wp-json\/wp\/v2\/types\/post"}],"author":[{"embeddable":true,"href":"https:\/\/www.pressenza.com\/es\/wp-json\/wp\/v2\/users\/2266"}],"replies":[{"embeddable":true,"href":"https:\/\/www.pressenza.com\/es\/wp-json\/wp\/v2\/comments?post=2672085"}],"version-history":[{"count":1,"href":"https:\/\/www.pressenza.com\/es\/wp-json\/wp\/v2\/posts\/2672085\/revisions"}],"predecessor-version":[{"id":2672087,"href":"https:\/\/www.pressenza.com\/es\/wp-json\/wp\/v2\/posts\/2672085\/revisions\/2672087"}],"wp:featuredmedia":[{"embeddable":true,"href":"https:\/\/www.pressenza.com\/es\/wp-json\/wp\/v2\/media\/2672086"}],"wp:attachment":[{"href":"https:\/\/www.pressenza.com\/es\/wp-json\/wp\/v2\/media?parent=2672085"}],"wp:term":[{"taxonomy":"category","embeddable":true,"href":"https:\/\/www.pressenza.com\/es\/wp-json\/wp\/v2\/categories?post=2672085"},{"taxonomy":"post_tag","embeddable":true,"href":"https:\/\/www.pressenza.com\/es\/wp-json\/wp\/v2\/tags?post=2672085"}],"curies":[{"name":"wp","href":"https:\/\/api.w.org\/{rel}","templated":true}]}}