{"id":2670610,"date":"2026-01-25T11:53:54","date_gmt":"2026-01-25T11:53:54","guid":{"rendered":"https:\/\/www.pressenza.com\/?p=2670610"},"modified":"2026-01-25T11:53:54","modified_gmt":"2026-01-25T11:53:54","slug":"hallazgo-arqueologico-mexico-localiza-tumba-zapoteca-de-1400-anos","status":"publish","type":"post","link":"https:\/\/www.pressenza.com\/es\/2026\/01\/hallazgo-arqueologico-mexico-localiza-tumba-zapoteca-de-1400-anos\/","title":{"rendered":"Hallazgo arqueol\u00f3gico: M\u00e9xico localiza tumba zapoteca de 1400 a\u00f1os"},"content":{"rendered":"<p class=\"introtext\">M\u00e9xico inform\u00f3 sobre el descubrimiento de una tumba zapoteca del a\u00f1o 600 d.C. en Oaxaca, clave para comprender la organizaci\u00f3n social y funeraria prehisp\u00e1nica.<\/p>\n<div>\n<p>La presidenta de M\u00e9xico, Claudia Sheinbaum Pardo, anunci\u00f3 el\u00a0viernes el descubrimiento arqueol\u00f3gico m\u00e1s relevante registrado en el pa\u00eds durante la \u00faltima d\u00e9cada: una tumba zapoteca fechada hacia el a\u00f1o 600 de nuestra era, localizada en los Valles Centrales de Oaxaca y hallada por especialistas del Instituto Nacional de Antropolog\u00eda e Historia (INAH), organismo dependiente de la Secretar\u00eda de Cultura.<\/p>\n<p>Durante su conferencia matutina, la mandataria subray\u00f3 que el hallazgo destaca tanto por su extraordinario estado de conservaci\u00f3n como por el aporte sustancial que ofrece al conocimiento de la organizaci\u00f3n social, los rituales funerarios y la cosmovisi\u00f3n de la civilizaci\u00f3n zapoteca. \u201cEs una muestra contundente de la grandeza milenaria de M\u00e9xico\u201d, destac\u00f3.<\/p>\n<\/div>\n<p>El conjunto funerario comprende una compleja estructura arquitect\u00f3nica decorada con elementos escult\u00f3ricos, pintura mural, frisos y l\u00e1pidas de piedra con inscripciones calend\u00e1ricas, lo que lo sit\u00faa entre los descubrimientos m\u00e1s significativos del patrimonio arqueol\u00f3gico nacional. En la entrada de la antec\u00e1mara sobresale la figura de un b\u00faho \u2014s\u00edmbolo zapoteca asociado a la noche y la muerte\u2014 cuyo pico cubre el rostro estucado y policromado de un personaje masculino, interpretado como un posible ancestro venerado e invocado como intermediario ante las divinidades.<\/p>\n<p>El acceso a la tumba est\u00e1 flanqueado por jambas finamente labradas que representan a un hombre y una mujer ataviados con tocados y objetos rituales, figuras que podr\u00edan corresponder a guardianes simb\u00f3licos del recinto. En el dintel superior se conserva un friso integrado por l\u00e1pidas grabadas con nombres calend\u00e1ricos, reforzando el car\u00e1cter ceremonial y ritual del espacio funerario.<\/p>\n<p>En el interior de la c\u00e1mara se preservan, en su ubicaci\u00f3n original, fragmentos de una notable pintura mural policromada en tonos ocre, blanco, verde, rojo y azul. La escena muestra una procesi\u00f3n de personajes portando bolsas de copal y avanzando hacia la entrada, una iconograf\u00eda vinculada a ceremonias funerarias y pr\u00e1cticas de ofrenda.<\/p>\n<p>La secretaria de Cultura, Claudia Curiel de Icaza, se\u00f1al\u00f3 a trav\u00e9s de las redes sociales que se trata de un hallazgo excepcional que permite profundizar en la comprensi\u00f3n de la complejidad social, art\u00edstica y simb\u00f3lica de la cultura zapoteca, y reafirm\u00f3 el compromiso del gobierno federal con su estudio, conservaci\u00f3n y difusi\u00f3n.<\/p>\n<p>Actualmente, un equipo interdisciplinario del Centro INAH Oaxaca realiza trabajos de conservaci\u00f3n y estabilizaci\u00f3n del inmueble, con especial atenci\u00f3n a la pintura mural, cuyo estado es delicado debido a la presencia de ra\u00edces, insectos y variaciones ambientales. De forma paralela, se desarrollan estudios cer\u00e1micos, iconogr\u00e1ficos, epigr\u00e1ficos y de antropolog\u00eda f\u00edsica para ampliar el conocimiento sobre los rituales y pr\u00e1cticas funerarias asociados al conjunto.<\/p>\n<p>Por su calidad constructiva y riqueza decorativa, el recinto ha sido comparado con otros complejos funerarios zapotecos de alta relevancia en la regi\u00f3n, consolid\u00e1ndose como una pieza clave para el entendimiento de la historia prehisp\u00e1nica de M\u00e9xico.<\/p>\n","protected":false},"excerpt":{"rendered":"<p>M\u00e9xico inform\u00f3 sobre el descubrimiento de una tumba zapoteca del a\u00f1o 600 d.C. en Oaxaca, clave para comprender la organizaci\u00f3n social y funeraria prehisp\u00e1nica. La presidenta de M\u00e9xico, Claudia Sheinbaum Pardo, anunci\u00f3 el\u00a0viernes el descubrimiento arqueol\u00f3gico m\u00e1s relevante registrado en&hellip;<\/p>\n","protected":false},"author":954,"featured_media":2670612,"comment_status":"closed","ping_status":"closed","sticky":false,"template":"","format":"standard","meta":{"footnotes":""},"categories":[497,75,68,106739],"tags":[122491,54348],"class_list":["post-2670610","post","type-post","status-publish","format-standard","has-post-thumbnail","hentry","category-ciencia-tecnologia","category-cultura-es","category-norteamerica","category-noticia","tag-claudia-sheinbaum-es","tag-oaxaca-es"],"yoast_head":"<!-- This site is optimized with the Yoast SEO plugin v27.1.1 - https:\/\/yoast.com\/product\/yoast-seo-wordpress\/ -->\n<title>Hallazgo arqueol\u00f3gico: M\u00e9xico localiza tumba zapoteca de 1400 a\u00f1os<\/title>\n<meta name=\"description\" content=\"M\u00e9xico inform\u00f3 sobre el descubrimiento de una tumba zapoteca del a\u00f1o 600 d.C. en Oaxaca, clave para comprender la organizaci\u00f3n social y funeraria\" \/>\n<meta name=\"robots\" content=\"index, follow, max-snippet:-1, max-image-preview:large, max-video-preview:-1\" \/>\n<link rel=\"canonical\" href=\"https:\/\/www.pressenza.com\/es\/2026\/01\/hallazgo-arqueologico-mexico-localiza-tumba-zapoteca-de-1400-anos\/\" \/>\n<meta property=\"og:locale\" content=\"es_ES\" \/>\n<meta property=\"og:type\" content=\"article\" \/>\n<meta property=\"og:title\" content=\"Hallazgo arqueol\u00f3gico: M\u00e9xico localiza tumba zapoteca de 1400 a\u00f1os\" \/>\n<meta property=\"og:description\" content=\"M\u00e9xico inform\u00f3 sobre el descubrimiento de una tumba zapoteca del a\u00f1o 600 d.C. en Oaxaca, clave para comprender la organizaci\u00f3n social y funeraria\" \/>\n<meta property=\"og:url\" content=\"https:\/\/www.pressenza.com\/es\/2026\/01\/hallazgo-arqueologico-mexico-localiza-tumba-zapoteca-de-1400-anos\/\" \/>\n<meta property=\"og:site_name\" content=\"Pressenza\" \/>\n<meta property=\"article:publisher\" content=\"https:\/\/www.facebook.com\/PressenzaItalia\" \/>\n<meta property=\"article:author\" content=\"https:\/\/www.facebook.com\/Hispantv\" \/>\n<meta property=\"article:published_time\" content=\"2026-01-25T11:53:54+00:00\" \/>\n<meta property=\"og:image\" content=\"https:\/\/www.pressenza.com\/wp-content\/uploads\/2026\/01\/tumba-zapoteca.jpg\" \/>\n\t<meta property=\"og:image:width\" content=\"950\" \/>\n\t<meta property=\"og:image:height\" content=\"534\" \/>\n\t<meta property=\"og:image:type\" content=\"image\/jpeg\" \/>\n<meta name=\"author\" content=\"HispanTV\" \/>\n<meta name=\"twitter:card\" content=\"summary_large_image\" \/>\n<meta name=\"twitter:creator\" content=\"@Hispantv\" \/>\n<meta name=\"twitter:site\" content=\"@PressenzaIPA\" \/>\n<meta name=\"twitter:label1\" content=\"Escrito por\" \/>\n\t<meta name=\"twitter:data1\" content=\"HispanTV\" \/>\n\t<meta name=\"twitter:label2\" content=\"Tiempo de lectura\" \/>\n\t<meta name=\"twitter:data2\" content=\"3 minutos\" \/>\n<script type=\"application\/ld+json\" class=\"yoast-schema-graph\">{\"@context\":\"https:\/\/schema.org\",\"@graph\":[{\"@type\":\"Article\",\"@id\":\"https:\/\/www.pressenza.com\/es\/2026\/01\/hallazgo-arqueologico-mexico-localiza-tumba-zapoteca-de-1400-anos\/#article\",\"isPartOf\":{\"@id\":\"https:\/\/www.pressenza.com\/es\/2026\/01\/hallazgo-arqueologico-mexico-localiza-tumba-zapoteca-de-1400-anos\/\"},\"author\":{\"name\":\"HispanTV\",\"@id\":\"https:\/\/www.pressenza.com\/es\/#\/schema\/person\/2e5ffdf0e238fbba512bcf5c97959187\"},\"headline\":\"Hallazgo arqueol\u00f3gico: M\u00e9xico localiza tumba zapoteca de 1400 a\u00f1os\",\"datePublished\":\"2026-01-25T11:53:54+00:00\",\"mainEntityOfPage\":{\"@id\":\"https:\/\/www.pressenza.com\/es\/2026\/01\/hallazgo-arqueologico-mexico-localiza-tumba-zapoteca-de-1400-anos\/\"},\"wordCount\":548,\"publisher\":{\"@id\":\"https:\/\/www.pressenza.com\/es\/#organization\"},\"image\":{\"@id\":\"https:\/\/www.pressenza.com\/es\/2026\/01\/hallazgo-arqueologico-mexico-localiza-tumba-zapoteca-de-1400-anos\/#primaryimage\"},\"thumbnailUrl\":\"https:\/\/www.pressenza.com\/wp-content\/uploads\/2026\/01\/tumba-zapoteca.jpg\",\"keywords\":[\"Claudia Sheinbaum\",\"Oaxaca\"],\"articleSection\":[\"Ciencia y Tecnolog\u00eda\",\"Cultura y Medios\",\"Norteam\u00e9rica\",\"Noticia\"],\"inLanguage\":\"es\"},{\"@type\":\"WebPage\",\"@id\":\"https:\/\/www.pressenza.com\/es\/2026\/01\/hallazgo-arqueologico-mexico-localiza-tumba-zapoteca-de-1400-anos\/\",\"url\":\"https:\/\/www.pressenza.com\/es\/2026\/01\/hallazgo-arqueologico-mexico-localiza-tumba-zapoteca-de-1400-anos\/\",\"name\":\"Hallazgo arqueol\u00f3gico: M\u00e9xico localiza tumba zapoteca de 1400 a\u00f1os\",\"isPartOf\":{\"@id\":\"https:\/\/www.pressenza.com\/es\/#website\"},\"primaryImageOfPage\":{\"@id\":\"https:\/\/www.pressenza.com\/es\/2026\/01\/hallazgo-arqueologico-mexico-localiza-tumba-zapoteca-de-1400-anos\/#primaryimage\"},\"image\":{\"@id\":\"https:\/\/www.pressenza.com\/es\/2026\/01\/hallazgo-arqueologico-mexico-localiza-tumba-zapoteca-de-1400-anos\/#primaryimage\"},\"thumbnailUrl\":\"https:\/\/www.pressenza.com\/wp-content\/uploads\/2026\/01\/tumba-zapoteca.jpg\",\"datePublished\":\"2026-01-25T11:53:54+00:00\",\"description\":\"M\u00e9xico inform\u00f3 sobre el descubrimiento de una tumba zapoteca del a\u00f1o 600 d.C. en Oaxaca, clave para comprender la organizaci\u00f3n social y funeraria\",\"breadcrumb\":{\"@id\":\"https:\/\/www.pressenza.com\/es\/2026\/01\/hallazgo-arqueologico-mexico-localiza-tumba-zapoteca-de-1400-anos\/#breadcrumb\"},\"inLanguage\":\"es\",\"potentialAction\":[{\"@type\":\"ReadAction\",\"target\":[\"https:\/\/www.pressenza.com\/es\/2026\/01\/hallazgo-arqueologico-mexico-localiza-tumba-zapoteca-de-1400-anos\/\"]}]},{\"@type\":\"ImageObject\",\"inLanguage\":\"es\",\"@id\":\"https:\/\/www.pressenza.com\/es\/2026\/01\/hallazgo-arqueologico-mexico-localiza-tumba-zapoteca-de-1400-anos\/#primaryimage\",\"url\":\"https:\/\/www.pressenza.com\/wp-content\/uploads\/2026\/01\/tumba-zapoteca.jpg\",\"contentUrl\":\"https:\/\/www.pressenza.com\/wp-content\/uploads\/2026\/01\/tumba-zapoteca.jpg\",\"width\":950,\"height\":534},{\"@type\":\"BreadcrumbList\",\"@id\":\"https:\/\/www.pressenza.com\/es\/2026\/01\/hallazgo-arqueologico-mexico-localiza-tumba-zapoteca-de-1400-anos\/#breadcrumb\",\"itemListElement\":[{\"@type\":\"ListItem\",\"position\":1,\"name\":\"Accueil\",\"item\":\"https:\/\/www.pressenza.com\/es\/\"},{\"@type\":\"ListItem\",\"position\":2,\"name\":\"Hallazgo arqueol\u00f3gico: M\u00e9xico localiza tumba zapoteca de 1400 a\u00f1os\"}]},{\"@type\":\"WebSite\",\"@id\":\"https:\/\/www.pressenza.com\/es\/#website\",\"url\":\"https:\/\/www.pressenza.com\/es\/\",\"name\":\"Pressenza\",\"description\":\"International Press Agency\",\"publisher\":{\"@id\":\"https:\/\/www.pressenza.com\/es\/#organization\"},\"potentialAction\":[{\"@type\":\"SearchAction\",\"target\":{\"@type\":\"EntryPoint\",\"urlTemplate\":\"https:\/\/www.pressenza.com\/es\/?s={search_term_string}\"},\"query-input\":{\"@type\":\"PropertyValueSpecification\",\"valueRequired\":true,\"valueName\":\"search_term_string\"}}],\"inLanguage\":\"es\"},{\"@type\":\"Organization\",\"@id\":\"https:\/\/www.pressenza.com\/es\/#organization\",\"name\":\"Pressenza\",\"url\":\"https:\/\/www.pressenza.com\/es\/\",\"logo\":{\"@type\":\"ImageObject\",\"inLanguage\":\"es\",\"@id\":\"https:\/\/www.pressenza.com\/es\/#\/schema\/logo\/image\/\",\"url\":\"https:\/\/www.pressenza.com\/wp-content\/uploads\/2022\/10\/pressenza_logo_200x200.jpg\",\"contentUrl\":\"https:\/\/www.pressenza.com\/wp-content\/uploads\/2022\/10\/pressenza_logo_200x200.jpg\",\"width\":200,\"height\":200,\"caption\":\"Pressenza\"},\"image\":{\"@id\":\"https:\/\/www.pressenza.com\/es\/#\/schema\/logo\/image\/\"},\"sameAs\":[\"https:\/\/www.facebook.com\/PressenzaItalia\",\"https:\/\/x.com\/PressenzaIPA\"]},{\"@type\":\"Person\",\"@id\":\"https:\/\/www.pressenza.com\/es\/#\/schema\/person\/2e5ffdf0e238fbba512bcf5c97959187\",\"name\":\"HispanTV\",\"description\":\"Trabajar bajo el f\u00e9rreo compromiso como medio de comunicaci\u00f3n para fomentar el acercamiento entre los pueblos de Ir\u00e1n, el Hispanoamericano y los de Medio Oriente, considerando adem\u00e1s la necesidad de crear una mayor cercan\u00eda entre todos los pueblos de Am\u00e9rica Latina. http:\/\/www.hispantv.com\/\",\"sameAs\":[\"http:\/\/www.hispantv.ir\",\"https:\/\/www.facebook.com\/Hispantv\",\"https:\/\/x.com\/Hispantv\"],\"url\":\"https:\/\/www.pressenza.com\/es\/author\/hispantv\/\"}]}<\/script>\n<!-- \/ Yoast SEO plugin. -->","yoast_head_json":{"title":"Hallazgo arqueol\u00f3gico: M\u00e9xico localiza tumba zapoteca de 1400 a\u00f1os","description":"M\u00e9xico inform\u00f3 sobre el descubrimiento de una tumba zapoteca del a\u00f1o 600 d.C. en Oaxaca, clave para comprender la organizaci\u00f3n social y funeraria","robots":{"index":"index","follow":"follow","max-snippet":"max-snippet:-1","max-image-preview":"max-image-preview:large","max-video-preview":"max-video-preview:-1"},"canonical":"https:\/\/www.pressenza.com\/es\/2026\/01\/hallazgo-arqueologico-mexico-localiza-tumba-zapoteca-de-1400-anos\/","og_locale":"es_ES","og_type":"article","og_title":"Hallazgo arqueol\u00f3gico: M\u00e9xico localiza tumba zapoteca de 1400 a\u00f1os","og_description":"M\u00e9xico inform\u00f3 sobre el descubrimiento de una tumba zapoteca del a\u00f1o 600 d.C. en Oaxaca, clave para comprender la organizaci\u00f3n social y funeraria","og_url":"https:\/\/www.pressenza.com\/es\/2026\/01\/hallazgo-arqueologico-mexico-localiza-tumba-zapoteca-de-1400-anos\/","og_site_name":"Pressenza","article_publisher":"https:\/\/www.facebook.com\/PressenzaItalia","article_author":"https:\/\/www.facebook.com\/Hispantv","article_published_time":"2026-01-25T11:53:54+00:00","og_image":[{"width":950,"height":534,"url":"https:\/\/www.pressenza.com\/wp-content\/uploads\/2026\/01\/tumba-zapoteca.jpg","type":"image\/jpeg"}],"author":"HispanTV","twitter_card":"summary_large_image","twitter_creator":"@Hispantv","twitter_site":"@PressenzaIPA","twitter_misc":{"Escrito por":"HispanTV","Tiempo de lectura":"3 minutos"},"schema":{"@context":"https:\/\/schema.org","@graph":[{"@type":"Article","@id":"https:\/\/www.pressenza.com\/es\/2026\/01\/hallazgo-arqueologico-mexico-localiza-tumba-zapoteca-de-1400-anos\/#article","isPartOf":{"@id":"https:\/\/www.pressenza.com\/es\/2026\/01\/hallazgo-arqueologico-mexico-localiza-tumba-zapoteca-de-1400-anos\/"},"author":{"name":"HispanTV","@id":"https:\/\/www.pressenza.com\/es\/#\/schema\/person\/2e5ffdf0e238fbba512bcf5c97959187"},"headline":"Hallazgo arqueol\u00f3gico: M\u00e9xico localiza tumba zapoteca de 1400 a\u00f1os","datePublished":"2026-01-25T11:53:54+00:00","mainEntityOfPage":{"@id":"https:\/\/www.pressenza.com\/es\/2026\/01\/hallazgo-arqueologico-mexico-localiza-tumba-zapoteca-de-1400-anos\/"},"wordCount":548,"publisher":{"@id":"https:\/\/www.pressenza.com\/es\/#organization"},"image":{"@id":"https:\/\/www.pressenza.com\/es\/2026\/01\/hallazgo-arqueologico-mexico-localiza-tumba-zapoteca-de-1400-anos\/#primaryimage"},"thumbnailUrl":"https:\/\/www.pressenza.com\/wp-content\/uploads\/2026\/01\/tumba-zapoteca.jpg","keywords":["Claudia Sheinbaum","Oaxaca"],"articleSection":["Ciencia y Tecnolog\u00eda","Cultura y Medios","Norteam\u00e9rica","Noticia"],"inLanguage":"es"},{"@type":"WebPage","@id":"https:\/\/www.pressenza.com\/es\/2026\/01\/hallazgo-arqueologico-mexico-localiza-tumba-zapoteca-de-1400-anos\/","url":"https:\/\/www.pressenza.com\/es\/2026\/01\/hallazgo-arqueologico-mexico-localiza-tumba-zapoteca-de-1400-anos\/","name":"Hallazgo arqueol\u00f3gico: M\u00e9xico localiza tumba zapoteca de 1400 a\u00f1os","isPartOf":{"@id":"https:\/\/www.pressenza.com\/es\/#website"},"primaryImageOfPage":{"@id":"https:\/\/www.pressenza.com\/es\/2026\/01\/hallazgo-arqueologico-mexico-localiza-tumba-zapoteca-de-1400-anos\/#primaryimage"},"image":{"@id":"https:\/\/www.pressenza.com\/es\/2026\/01\/hallazgo-arqueologico-mexico-localiza-tumba-zapoteca-de-1400-anos\/#primaryimage"},"thumbnailUrl":"https:\/\/www.pressenza.com\/wp-content\/uploads\/2026\/01\/tumba-zapoteca.jpg","datePublished":"2026-01-25T11:53:54+00:00","description":"M\u00e9xico inform\u00f3 sobre el descubrimiento de una tumba zapoteca del a\u00f1o 600 d.C. en Oaxaca, clave para comprender la organizaci\u00f3n social y funeraria","breadcrumb":{"@id":"https:\/\/www.pressenza.com\/es\/2026\/01\/hallazgo-arqueologico-mexico-localiza-tumba-zapoteca-de-1400-anos\/#breadcrumb"},"inLanguage":"es","potentialAction":[{"@type":"ReadAction","target":["https:\/\/www.pressenza.com\/es\/2026\/01\/hallazgo-arqueologico-mexico-localiza-tumba-zapoteca-de-1400-anos\/"]}]},{"@type":"ImageObject","inLanguage":"es","@id":"https:\/\/www.pressenza.com\/es\/2026\/01\/hallazgo-arqueologico-mexico-localiza-tumba-zapoteca-de-1400-anos\/#primaryimage","url":"https:\/\/www.pressenza.com\/wp-content\/uploads\/2026\/01\/tumba-zapoteca.jpg","contentUrl":"https:\/\/www.pressenza.com\/wp-content\/uploads\/2026\/01\/tumba-zapoteca.jpg","width":950,"height":534},{"@type":"BreadcrumbList","@id":"https:\/\/www.pressenza.com\/es\/2026\/01\/hallazgo-arqueologico-mexico-localiza-tumba-zapoteca-de-1400-anos\/#breadcrumb","itemListElement":[{"@type":"ListItem","position":1,"name":"Accueil","item":"https:\/\/www.pressenza.com\/es\/"},{"@type":"ListItem","position":2,"name":"Hallazgo arqueol\u00f3gico: M\u00e9xico localiza tumba zapoteca de 1400 a\u00f1os"}]},{"@type":"WebSite","@id":"https:\/\/www.pressenza.com\/es\/#website","url":"https:\/\/www.pressenza.com\/es\/","name":"Pressenza","description":"International Press Agency","publisher":{"@id":"https:\/\/www.pressenza.com\/es\/#organization"},"potentialAction":[{"@type":"SearchAction","target":{"@type":"EntryPoint","urlTemplate":"https:\/\/www.pressenza.com\/es\/?s={search_term_string}"},"query-input":{"@type":"PropertyValueSpecification","valueRequired":true,"valueName":"search_term_string"}}],"inLanguage":"es"},{"@type":"Organization","@id":"https:\/\/www.pressenza.com\/es\/#organization","name":"Pressenza","url":"https:\/\/www.pressenza.com\/es\/","logo":{"@type":"ImageObject","inLanguage":"es","@id":"https:\/\/www.pressenza.com\/es\/#\/schema\/logo\/image\/","url":"https:\/\/www.pressenza.com\/wp-content\/uploads\/2022\/10\/pressenza_logo_200x200.jpg","contentUrl":"https:\/\/www.pressenza.com\/wp-content\/uploads\/2022\/10\/pressenza_logo_200x200.jpg","width":200,"height":200,"caption":"Pressenza"},"image":{"@id":"https:\/\/www.pressenza.com\/es\/#\/schema\/logo\/image\/"},"sameAs":["https:\/\/www.facebook.com\/PressenzaItalia","https:\/\/x.com\/PressenzaIPA"]},{"@type":"Person","@id":"https:\/\/www.pressenza.com\/es\/#\/schema\/person\/2e5ffdf0e238fbba512bcf5c97959187","name":"HispanTV","description":"Trabajar bajo el f\u00e9rreo compromiso como medio de comunicaci\u00f3n para fomentar el acercamiento entre los pueblos de Ir\u00e1n, el Hispanoamericano y los de Medio Oriente, considerando adem\u00e1s la necesidad de crear una mayor cercan\u00eda entre todos los pueblos de Am\u00e9rica Latina. http:\/\/www.hispantv.com\/","sameAs":["http:\/\/www.hispantv.ir","https:\/\/www.facebook.com\/Hispantv","https:\/\/x.com\/Hispantv"],"url":"https:\/\/www.pressenza.com\/es\/author\/hispantv\/"}]}},"place":"","original_article_url":"https:\/\/www.hispantv.com\/noticias\/cultura\/639164\/hallazgo-arqueologico-mexico-localiza-tumba-zapoteca-1400-anos","_links":{"self":[{"href":"https:\/\/www.pressenza.com\/es\/wp-json\/wp\/v2\/posts\/2670610","targetHints":{"allow":["GET"]}}],"collection":[{"href":"https:\/\/www.pressenza.com\/es\/wp-json\/wp\/v2\/posts"}],"about":[{"href":"https:\/\/www.pressenza.com\/es\/wp-json\/wp\/v2\/types\/post"}],"author":[{"embeddable":true,"href":"https:\/\/www.pressenza.com\/es\/wp-json\/wp\/v2\/users\/954"}],"replies":[{"embeddable":true,"href":"https:\/\/www.pressenza.com\/es\/wp-json\/wp\/v2\/comments?post=2670610"}],"version-history":[{"count":1,"href":"https:\/\/www.pressenza.com\/es\/wp-json\/wp\/v2\/posts\/2670610\/revisions"}],"predecessor-version":[{"id":2670613,"href":"https:\/\/www.pressenza.com\/es\/wp-json\/wp\/v2\/posts\/2670610\/revisions\/2670613"}],"wp:featuredmedia":[{"embeddable":true,"href":"https:\/\/www.pressenza.com\/es\/wp-json\/wp\/v2\/media\/2670612"}],"wp:attachment":[{"href":"https:\/\/www.pressenza.com\/es\/wp-json\/wp\/v2\/media?parent=2670610"}],"wp:term":[{"taxonomy":"category","embeddable":true,"href":"https:\/\/www.pressenza.com\/es\/wp-json\/wp\/v2\/categories?post=2670610"},{"taxonomy":"post_tag","embeddable":true,"href":"https:\/\/www.pressenza.com\/es\/wp-json\/wp\/v2\/tags?post=2670610"}],"curies":[{"name":"wp","href":"https:\/\/api.w.org\/{rel}","templated":true}]}}