{"id":2668717,"date":"2026-01-18T12:20:19","date_gmt":"2026-01-18T12:20:19","guid":{"rendered":"https:\/\/www.pressenza.com\/?p=2668717"},"modified":"2026-01-18T12:20:19","modified_gmt":"2026-01-18T12:20:19","slug":"afrocubanidad-grabado-y-danza-en-nueva-obra-de-rosario-cardenas","status":"publish","type":"post","link":"https:\/\/www.pressenza.com\/es\/2026\/01\/afrocubanidad-grabado-y-danza-en-nueva-obra-de-rosario-cardenas\/","title":{"rendered":"Afrocubanidad, grabado y danza en nueva obra de Rosario C\u00e1rdenas"},"content":{"rendered":"<p style=\"padding-left: 40px;\"><em>La Compa\u00f1\u00eda Rosario C\u00e1rdenas propone para este fin de semana la obra Siempre vuelvo. Visitaciones a Belkis Ay\u00f3n, una propuesta que enlaza artes visuales y danza contempor\u00e1nea, estrenada hoy en la Sala Covarrubias del Teatro Nacional de Cuba.<\/em><\/p>\n<p>Concebida por la core\u00f3grafa y Premio Nacional de Danza (2013), Rosario C\u00e1rdenas, la pieza convoca a 14 int\u00e9rpretes en un recorrido esc\u00e9nico por los s\u00edmbolos y el mundo on\u00edrico presentes en la obra de la destacada artista visual cubana, cuya trayectoria marc\u00f3 un hito en el grabado contempor\u00e1neo.<\/p>\n<p>El mundo de la artista visual Belkis Ay\u00f3n para m\u00ed es m\u00e1gico; ella ha codificado un mundo que tiene que ver con nuestras ra\u00edces de origen africano y dentro de esa codificaci\u00f3n, est\u00e1 la fuerza de la imagen que ella transmite, resalt\u00f3 la directora de la compa\u00f1\u00eda al medio Habana Noticiario en d\u00edas previos.<\/p>\n<p><img loading=\"lazy\" decoding=\"async\" class=\"alignnone size-full wp-image-1695060\" src=\"https:\/\/www.prensa-latina.cu\/wp-content\/uploads\/2026\/01\/rosario-visitaciones-2.jpg\" sizes=\"auto, (max-width: 1024px) 100vw, 1024px\" srcset=\"https:\/\/www.prensa-latina.cu\/wp-content\/uploads\/2026\/01\/rosario-visitaciones-2.jpg 1024w, https:\/\/www.prensa-latina.cu\/wp-content\/uploads\/2026\/01\/rosario-visitaciones-2-500x365.jpg 500w, https:\/\/www.prensa-latina.cu\/wp-content\/uploads\/2026\/01\/rosario-visitaciones-2-768x561.jpg 768w\" alt=\"afrocubanidad-grabado-y-danza-en-nueva-obra-de-rosario-cardenas\" width=\"1024\" height=\"748\" \/><\/p>\n<p>Resistencia, palomas, serpientes, cabritos, bastidores, m\u00fasica electroac\u00fastica y tradicional, son algunos de los elementos que se entremezclan en esta creaci\u00f3n, un todo dividido a su vez en piezas individuales que acercan al espectador a la cultura afrocubana.<\/p>\n<p>Este hermoso espect\u00e1culo nos sustrae a la elecci\u00f3n de un ritmo sincopado que domina la escena, marcando en todo momento la cadencia natural de los cubanos para recrear ritmos ancestrales casi todos, en su mayor\u00eda, provenientes del componente africano de nuestra identidad, reza un texto de la poeta Nancy Morej\u00f3n en un folleto entregado al p\u00fablico previo al estreno.<\/p>\n<p><img loading=\"lazy\" decoding=\"async\" class=\"alignnone size-full wp-image-1695062\" src=\"https:\/\/www.prensa-latina.cu\/wp-content\/uploads\/2026\/01\/rosario-visitaciones-4.jpg\" sizes=\"auto, (max-width: 1024px) 100vw, 1024px\" srcset=\"https:\/\/www.prensa-latina.cu\/wp-content\/uploads\/2026\/01\/rosario-visitaciones-4.jpg 1024w, https:\/\/www.prensa-latina.cu\/wp-content\/uploads\/2026\/01\/rosario-visitaciones-4-500x365.jpg 500w, https:\/\/www.prensa-latina.cu\/wp-content\/uploads\/2026\/01\/rosario-visitaciones-4-768x561.jpg 768w\" alt=\"afrocubanidad-grabado-y-danza-en-nueva-obra-de-rosario-cardenas\" width=\"1024\" height=\"748\" \/><\/p>\n<p>Entre los acompa\u00f1amientos que enriquecen el montaje destacan la producci\u00f3n sonora en vivo gracias al DJ Iv\u00e1n Lejardi, la asesor\u00eda dramat\u00fargica de Raquel Carri\u00f3, las intervenciones audiovisuales de Juan Caunedo y el dise\u00f1o de vestuario de Cris-Cris.<\/p>\n<p>El estreno absoluto est\u00e1 dedicado adem\u00e1s al artista visual cubano Claudio Sotolongo, fallecido recientemente, quien estuvo a cargo del dise\u00f1o gr\u00e1fico junto a Christian Garandela.<\/p>\n<p>La funci\u00f3n continuar\u00e1 ma\u00f1ana en la Sala Covarrubias del capitalino Teatro Nacional a las 17:00 hora local.<\/p>\n","protected":false},"excerpt":{"rendered":"<p>La Compa\u00f1\u00eda Rosario C\u00e1rdenas propone para este fin de semana la obra Siempre vuelvo. Visitaciones a Belkis Ay\u00f3n, una propuesta que enlaza artes visuales y danza contempor\u00e1nea, estrenada hoy en la Sala Covarrubias del Teatro Nacional de Cuba. Concebida por&hellip;<\/p>\n","protected":false},"author":90,"featured_media":2668718,"comment_status":"closed","ping_status":"closed","sticky":false,"template":"","format":"standard","meta":{"footnotes":""},"categories":[69,75,106739],"tags":[336,94292,149922],"class_list":["post-2668717","post","type-post","status-publish","format-standard","has-post-thumbnail","hentry","category-america-central","category-cultura-es","category-noticia","tag-cultura-2","tag-danza-es","tag-rosario-cardenas"],"yoast_head":"<!-- This site is optimized with the Yoast SEO plugin v27.1.1 - https:\/\/yoast.com\/product\/yoast-seo-wordpress\/ -->\n<title>Afrocubanidad, grabado y danza en nueva obra de Rosario C\u00e1rdenas<\/title>\n<meta name=\"description\" content=\"La Compa\u00f1\u00eda Rosario C\u00e1rdenas propone para este fin de semana la obra Siempre vuelvo. Visitaciones a Belkis Ay\u00f3n, una propuesta que enlaza artes visuales y\" \/>\n<meta name=\"robots\" content=\"index, follow, max-snippet:-1, max-image-preview:large, max-video-preview:-1\" \/>\n<link rel=\"canonical\" href=\"https:\/\/www.pressenza.com\/es\/2026\/01\/afrocubanidad-grabado-y-danza-en-nueva-obra-de-rosario-cardenas\/\" \/>\n<meta property=\"og:locale\" content=\"es_ES\" \/>\n<meta property=\"og:type\" content=\"article\" \/>\n<meta property=\"og:title\" content=\"Afrocubanidad, grabado y danza en nueva obra de Rosario C\u00e1rdenas\" \/>\n<meta property=\"og:description\" content=\"La Compa\u00f1\u00eda Rosario C\u00e1rdenas propone para este fin de semana la obra Siempre vuelvo. Visitaciones a Belkis Ay\u00f3n, una propuesta que enlaza artes visuales y\" \/>\n<meta property=\"og:url\" content=\"https:\/\/www.pressenza.com\/es\/2026\/01\/afrocubanidad-grabado-y-danza-en-nueva-obra-de-rosario-cardenas\/\" \/>\n<meta property=\"og:site_name\" content=\"Pressenza\" \/>\n<meta property=\"article:publisher\" content=\"https:\/\/www.facebook.com\/PressenzaItalia\" \/>\n<meta property=\"article:author\" content=\"https:\/\/www.facebook.com\/AgenciaPrensaLatina\" \/>\n<meta property=\"article:published_time\" content=\"2026-01-18T12:20:19+00:00\" \/>\n<meta property=\"og:image\" content=\"https:\/\/www.pressenza.com\/wp-content\/uploads\/2026\/01\/rosario-visitaciones-1-1.jpg\" \/>\n\t<meta property=\"og:image:width\" content=\"950\" \/>\n\t<meta property=\"og:image:height\" content=\"694\" \/>\n\t<meta property=\"og:image:type\" content=\"image\/jpeg\" \/>\n<meta name=\"author\" content=\"Prensa Latina\" \/>\n<meta name=\"twitter:card\" content=\"summary_large_image\" \/>\n<meta name=\"twitter:creator\" content=\"@prensalatina_cu\" \/>\n<meta name=\"twitter:site\" content=\"@PressenzaIPA\" \/>\n<meta name=\"twitter:label1\" content=\"Escrito por\" \/>\n\t<meta name=\"twitter:data1\" content=\"Prensa Latina\" \/>\n\t<meta name=\"twitter:label2\" content=\"Tiempo de lectura\" \/>\n\t<meta name=\"twitter:data2\" content=\"3 minutos\" \/>\n<script type=\"application\/ld+json\" class=\"yoast-schema-graph\">{\"@context\":\"https:\/\/schema.org\",\"@graph\":[{\"@type\":\"Article\",\"@id\":\"https:\/\/www.pressenza.com\/es\/2026\/01\/afrocubanidad-grabado-y-danza-en-nueva-obra-de-rosario-cardenas\/#article\",\"isPartOf\":{\"@id\":\"https:\/\/www.pressenza.com\/es\/2026\/01\/afrocubanidad-grabado-y-danza-en-nueva-obra-de-rosario-cardenas\/\"},\"author\":{\"name\":\"Prensa Latina\",\"@id\":\"https:\/\/www.pressenza.com\/es\/#\/schema\/person\/e35c78ffa242d98f4f49ccb18c8631de\"},\"headline\":\"Afrocubanidad, grabado y danza en nueva obra de Rosario C\u00e1rdenas\",\"datePublished\":\"2026-01-18T12:20:19+00:00\",\"mainEntityOfPage\":{\"@id\":\"https:\/\/www.pressenza.com\/es\/2026\/01\/afrocubanidad-grabado-y-danza-en-nueva-obra-de-rosario-cardenas\/\"},\"wordCount\":359,\"publisher\":{\"@id\":\"https:\/\/www.pressenza.com\/es\/#organization\"},\"image\":{\"@id\":\"https:\/\/www.pressenza.com\/es\/2026\/01\/afrocubanidad-grabado-y-danza-en-nueva-obra-de-rosario-cardenas\/#primaryimage\"},\"thumbnailUrl\":\"https:\/\/www.pressenza.com\/wp-content\/uploads\/2026\/01\/rosario-visitaciones-1-1.jpg\",\"keywords\":[\"cultura\",\"danza\",\"rosario c\u00e1rdenas\"],\"articleSection\":[\"Am\u00e9rica Central\",\"Cultura y Medios\",\"Noticia\"],\"inLanguage\":\"es\"},{\"@type\":\"WebPage\",\"@id\":\"https:\/\/www.pressenza.com\/es\/2026\/01\/afrocubanidad-grabado-y-danza-en-nueva-obra-de-rosario-cardenas\/\",\"url\":\"https:\/\/www.pressenza.com\/es\/2026\/01\/afrocubanidad-grabado-y-danza-en-nueva-obra-de-rosario-cardenas\/\",\"name\":\"Afrocubanidad, grabado y danza en nueva obra de Rosario C\u00e1rdenas\",\"isPartOf\":{\"@id\":\"https:\/\/www.pressenza.com\/es\/#website\"},\"primaryImageOfPage\":{\"@id\":\"https:\/\/www.pressenza.com\/es\/2026\/01\/afrocubanidad-grabado-y-danza-en-nueva-obra-de-rosario-cardenas\/#primaryimage\"},\"image\":{\"@id\":\"https:\/\/www.pressenza.com\/es\/2026\/01\/afrocubanidad-grabado-y-danza-en-nueva-obra-de-rosario-cardenas\/#primaryimage\"},\"thumbnailUrl\":\"https:\/\/www.pressenza.com\/wp-content\/uploads\/2026\/01\/rosario-visitaciones-1-1.jpg\",\"datePublished\":\"2026-01-18T12:20:19+00:00\",\"description\":\"La Compa\u00f1\u00eda Rosario C\u00e1rdenas propone para este fin de semana la obra Siempre vuelvo. Visitaciones a Belkis Ay\u00f3n, una propuesta que enlaza artes visuales y\",\"breadcrumb\":{\"@id\":\"https:\/\/www.pressenza.com\/es\/2026\/01\/afrocubanidad-grabado-y-danza-en-nueva-obra-de-rosario-cardenas\/#breadcrumb\"},\"inLanguage\":\"es\",\"potentialAction\":[{\"@type\":\"ReadAction\",\"target\":[\"https:\/\/www.pressenza.com\/es\/2026\/01\/afrocubanidad-grabado-y-danza-en-nueva-obra-de-rosario-cardenas\/\"]}]},{\"@type\":\"ImageObject\",\"inLanguage\":\"es\",\"@id\":\"https:\/\/www.pressenza.com\/es\/2026\/01\/afrocubanidad-grabado-y-danza-en-nueva-obra-de-rosario-cardenas\/#primaryimage\",\"url\":\"https:\/\/www.pressenza.com\/wp-content\/uploads\/2026\/01\/rosario-visitaciones-1-1.jpg\",\"contentUrl\":\"https:\/\/www.pressenza.com\/wp-content\/uploads\/2026\/01\/rosario-visitaciones-1-1.jpg\",\"width\":950,\"height\":694},{\"@type\":\"BreadcrumbList\",\"@id\":\"https:\/\/www.pressenza.com\/es\/2026\/01\/afrocubanidad-grabado-y-danza-en-nueva-obra-de-rosario-cardenas\/#breadcrumb\",\"itemListElement\":[{\"@type\":\"ListItem\",\"position\":1,\"name\":\"Accueil\",\"item\":\"https:\/\/www.pressenza.com\/es\/\"},{\"@type\":\"ListItem\",\"position\":2,\"name\":\"Afrocubanidad, grabado y danza en nueva obra de Rosario C\u00e1rdenas\"}]},{\"@type\":\"WebSite\",\"@id\":\"https:\/\/www.pressenza.com\/es\/#website\",\"url\":\"https:\/\/www.pressenza.com\/es\/\",\"name\":\"Pressenza\",\"description\":\"International Press Agency\",\"publisher\":{\"@id\":\"https:\/\/www.pressenza.com\/es\/#organization\"},\"potentialAction\":[{\"@type\":\"SearchAction\",\"target\":{\"@type\":\"EntryPoint\",\"urlTemplate\":\"https:\/\/www.pressenza.com\/es\/?s={search_term_string}\"},\"query-input\":{\"@type\":\"PropertyValueSpecification\",\"valueRequired\":true,\"valueName\":\"search_term_string\"}}],\"inLanguage\":\"es\"},{\"@type\":\"Organization\",\"@id\":\"https:\/\/www.pressenza.com\/es\/#organization\",\"name\":\"Pressenza\",\"url\":\"https:\/\/www.pressenza.com\/es\/\",\"logo\":{\"@type\":\"ImageObject\",\"inLanguage\":\"es\",\"@id\":\"https:\/\/www.pressenza.com\/es\/#\/schema\/logo\/image\/\",\"url\":\"https:\/\/www.pressenza.com\/wp-content\/uploads\/2022\/10\/pressenza_logo_200x200.jpg\",\"contentUrl\":\"https:\/\/www.pressenza.com\/wp-content\/uploads\/2022\/10\/pressenza_logo_200x200.jpg\",\"width\":200,\"height\":200,\"caption\":\"Pressenza\"},\"image\":{\"@id\":\"https:\/\/www.pressenza.com\/es\/#\/schema\/logo\/image\/\"},\"sameAs\":[\"https:\/\/www.facebook.com\/PressenzaItalia\",\"https:\/\/x.com\/PressenzaIPA\"]},{\"@type\":\"Person\",\"@id\":\"https:\/\/www.pressenza.com\/es\/#\/schema\/person\/e35c78ffa242d98f4f49ccb18c8631de\",\"name\":\"Prensa Latina\",\"description\":\"www.prensa-latina.cu\",\"sameAs\":[\"https:\/\/www.facebook.com\/AgenciaPrensaLatina\",\"https:\/\/x.com\/prensalatina_cu\"],\"url\":\"https:\/\/www.pressenza.com\/es\/author\/prensa-latina\/\"}]}<\/script>\n<!-- \/ Yoast SEO plugin. -->","yoast_head_json":{"title":"Afrocubanidad, grabado y danza en nueva obra de Rosario C\u00e1rdenas","description":"La Compa\u00f1\u00eda Rosario C\u00e1rdenas propone para este fin de semana la obra Siempre vuelvo. Visitaciones a Belkis Ay\u00f3n, una propuesta que enlaza artes visuales y","robots":{"index":"index","follow":"follow","max-snippet":"max-snippet:-1","max-image-preview":"max-image-preview:large","max-video-preview":"max-video-preview:-1"},"canonical":"https:\/\/www.pressenza.com\/es\/2026\/01\/afrocubanidad-grabado-y-danza-en-nueva-obra-de-rosario-cardenas\/","og_locale":"es_ES","og_type":"article","og_title":"Afrocubanidad, grabado y danza en nueva obra de Rosario C\u00e1rdenas","og_description":"La Compa\u00f1\u00eda Rosario C\u00e1rdenas propone para este fin de semana la obra Siempre vuelvo. Visitaciones a Belkis Ay\u00f3n, una propuesta que enlaza artes visuales y","og_url":"https:\/\/www.pressenza.com\/es\/2026\/01\/afrocubanidad-grabado-y-danza-en-nueva-obra-de-rosario-cardenas\/","og_site_name":"Pressenza","article_publisher":"https:\/\/www.facebook.com\/PressenzaItalia","article_author":"https:\/\/www.facebook.com\/AgenciaPrensaLatina","article_published_time":"2026-01-18T12:20:19+00:00","og_image":[{"width":950,"height":694,"url":"https:\/\/www.pressenza.com\/wp-content\/uploads\/2026\/01\/rosario-visitaciones-1-1.jpg","type":"image\/jpeg"}],"author":"Prensa Latina","twitter_card":"summary_large_image","twitter_creator":"@prensalatina_cu","twitter_site":"@PressenzaIPA","twitter_misc":{"Escrito por":"Prensa Latina","Tiempo de lectura":"3 minutos"},"schema":{"@context":"https:\/\/schema.org","@graph":[{"@type":"Article","@id":"https:\/\/www.pressenza.com\/es\/2026\/01\/afrocubanidad-grabado-y-danza-en-nueva-obra-de-rosario-cardenas\/#article","isPartOf":{"@id":"https:\/\/www.pressenza.com\/es\/2026\/01\/afrocubanidad-grabado-y-danza-en-nueva-obra-de-rosario-cardenas\/"},"author":{"name":"Prensa Latina","@id":"https:\/\/www.pressenza.com\/es\/#\/schema\/person\/e35c78ffa242d98f4f49ccb18c8631de"},"headline":"Afrocubanidad, grabado y danza en nueva obra de Rosario C\u00e1rdenas","datePublished":"2026-01-18T12:20:19+00:00","mainEntityOfPage":{"@id":"https:\/\/www.pressenza.com\/es\/2026\/01\/afrocubanidad-grabado-y-danza-en-nueva-obra-de-rosario-cardenas\/"},"wordCount":359,"publisher":{"@id":"https:\/\/www.pressenza.com\/es\/#organization"},"image":{"@id":"https:\/\/www.pressenza.com\/es\/2026\/01\/afrocubanidad-grabado-y-danza-en-nueva-obra-de-rosario-cardenas\/#primaryimage"},"thumbnailUrl":"https:\/\/www.pressenza.com\/wp-content\/uploads\/2026\/01\/rosario-visitaciones-1-1.jpg","keywords":["cultura","danza","rosario c\u00e1rdenas"],"articleSection":["Am\u00e9rica Central","Cultura y Medios","Noticia"],"inLanguage":"es"},{"@type":"WebPage","@id":"https:\/\/www.pressenza.com\/es\/2026\/01\/afrocubanidad-grabado-y-danza-en-nueva-obra-de-rosario-cardenas\/","url":"https:\/\/www.pressenza.com\/es\/2026\/01\/afrocubanidad-grabado-y-danza-en-nueva-obra-de-rosario-cardenas\/","name":"Afrocubanidad, grabado y danza en nueva obra de Rosario C\u00e1rdenas","isPartOf":{"@id":"https:\/\/www.pressenza.com\/es\/#website"},"primaryImageOfPage":{"@id":"https:\/\/www.pressenza.com\/es\/2026\/01\/afrocubanidad-grabado-y-danza-en-nueva-obra-de-rosario-cardenas\/#primaryimage"},"image":{"@id":"https:\/\/www.pressenza.com\/es\/2026\/01\/afrocubanidad-grabado-y-danza-en-nueva-obra-de-rosario-cardenas\/#primaryimage"},"thumbnailUrl":"https:\/\/www.pressenza.com\/wp-content\/uploads\/2026\/01\/rosario-visitaciones-1-1.jpg","datePublished":"2026-01-18T12:20:19+00:00","description":"La Compa\u00f1\u00eda Rosario C\u00e1rdenas propone para este fin de semana la obra Siempre vuelvo. Visitaciones a Belkis Ay\u00f3n, una propuesta que enlaza artes visuales y","breadcrumb":{"@id":"https:\/\/www.pressenza.com\/es\/2026\/01\/afrocubanidad-grabado-y-danza-en-nueva-obra-de-rosario-cardenas\/#breadcrumb"},"inLanguage":"es","potentialAction":[{"@type":"ReadAction","target":["https:\/\/www.pressenza.com\/es\/2026\/01\/afrocubanidad-grabado-y-danza-en-nueva-obra-de-rosario-cardenas\/"]}]},{"@type":"ImageObject","inLanguage":"es","@id":"https:\/\/www.pressenza.com\/es\/2026\/01\/afrocubanidad-grabado-y-danza-en-nueva-obra-de-rosario-cardenas\/#primaryimage","url":"https:\/\/www.pressenza.com\/wp-content\/uploads\/2026\/01\/rosario-visitaciones-1-1.jpg","contentUrl":"https:\/\/www.pressenza.com\/wp-content\/uploads\/2026\/01\/rosario-visitaciones-1-1.jpg","width":950,"height":694},{"@type":"BreadcrumbList","@id":"https:\/\/www.pressenza.com\/es\/2026\/01\/afrocubanidad-grabado-y-danza-en-nueva-obra-de-rosario-cardenas\/#breadcrumb","itemListElement":[{"@type":"ListItem","position":1,"name":"Accueil","item":"https:\/\/www.pressenza.com\/es\/"},{"@type":"ListItem","position":2,"name":"Afrocubanidad, grabado y danza en nueva obra de Rosario C\u00e1rdenas"}]},{"@type":"WebSite","@id":"https:\/\/www.pressenza.com\/es\/#website","url":"https:\/\/www.pressenza.com\/es\/","name":"Pressenza","description":"International Press Agency","publisher":{"@id":"https:\/\/www.pressenza.com\/es\/#organization"},"potentialAction":[{"@type":"SearchAction","target":{"@type":"EntryPoint","urlTemplate":"https:\/\/www.pressenza.com\/es\/?s={search_term_string}"},"query-input":{"@type":"PropertyValueSpecification","valueRequired":true,"valueName":"search_term_string"}}],"inLanguage":"es"},{"@type":"Organization","@id":"https:\/\/www.pressenza.com\/es\/#organization","name":"Pressenza","url":"https:\/\/www.pressenza.com\/es\/","logo":{"@type":"ImageObject","inLanguage":"es","@id":"https:\/\/www.pressenza.com\/es\/#\/schema\/logo\/image\/","url":"https:\/\/www.pressenza.com\/wp-content\/uploads\/2022\/10\/pressenza_logo_200x200.jpg","contentUrl":"https:\/\/www.pressenza.com\/wp-content\/uploads\/2022\/10\/pressenza_logo_200x200.jpg","width":200,"height":200,"caption":"Pressenza"},"image":{"@id":"https:\/\/www.pressenza.com\/es\/#\/schema\/logo\/image\/"},"sameAs":["https:\/\/www.facebook.com\/PressenzaItalia","https:\/\/x.com\/PressenzaIPA"]},{"@type":"Person","@id":"https:\/\/www.pressenza.com\/es\/#\/schema\/person\/e35c78ffa242d98f4f49ccb18c8631de","name":"Prensa Latina","description":"www.prensa-latina.cu","sameAs":["https:\/\/www.facebook.com\/AgenciaPrensaLatina","https:\/\/x.com\/prensalatina_cu"],"url":"https:\/\/www.pressenza.com\/es\/author\/prensa-latina\/"}]}},"place":"La Habana","original_article_url":"https:\/\/www.prensa-latina.cu\/2026\/01\/17\/afrocubanidad-grabado-y-danza-en-nueva-obra-de-rosario-cardenas\/","_links":{"self":[{"href":"https:\/\/www.pressenza.com\/es\/wp-json\/wp\/v2\/posts\/2668717","targetHints":{"allow":["GET"]}}],"collection":[{"href":"https:\/\/www.pressenza.com\/es\/wp-json\/wp\/v2\/posts"}],"about":[{"href":"https:\/\/www.pressenza.com\/es\/wp-json\/wp\/v2\/types\/post"}],"author":[{"embeddable":true,"href":"https:\/\/www.pressenza.com\/es\/wp-json\/wp\/v2\/users\/90"}],"replies":[{"embeddable":true,"href":"https:\/\/www.pressenza.com\/es\/wp-json\/wp\/v2\/comments?post=2668717"}],"version-history":[{"count":1,"href":"https:\/\/www.pressenza.com\/es\/wp-json\/wp\/v2\/posts\/2668717\/revisions"}],"predecessor-version":[{"id":2668719,"href":"https:\/\/www.pressenza.com\/es\/wp-json\/wp\/v2\/posts\/2668717\/revisions\/2668719"}],"wp:featuredmedia":[{"embeddable":true,"href":"https:\/\/www.pressenza.com\/es\/wp-json\/wp\/v2\/media\/2668718"}],"wp:attachment":[{"href":"https:\/\/www.pressenza.com\/es\/wp-json\/wp\/v2\/media?parent=2668717"}],"wp:term":[{"taxonomy":"category","embeddable":true,"href":"https:\/\/www.pressenza.com\/es\/wp-json\/wp\/v2\/categories?post=2668717"},{"taxonomy":"post_tag","embeddable":true,"href":"https:\/\/www.pressenza.com\/es\/wp-json\/wp\/v2\/tags?post=2668717"}],"curies":[{"name":"wp","href":"https:\/\/api.w.org\/{rel}","templated":true}]}}