{"id":266611,"date":"2016-01-14T01:59:27","date_gmt":"2016-01-14T01:59:27","guid":{"rendered":"http:\/\/www.pressenza.com\/es\/?p=266611"},"modified":"2016-04-19T19:39:43","modified_gmt":"2016-04-19T18:39:43","slug":"una-vez-subastados-que-hacer-con-los-refugiados-sirios","status":"publish","type":"post","link":"https:\/\/www.pressenza.com\/es\/2016\/01\/una-vez-subastados-que-hacer-con-los-refugiados-sirios\/","title":{"rendered":"Una vez subastados, \u00bfqu\u00e9 hacer con los refugiados sirios?"},"content":{"rendered":"<p>Hace unos meses, una singular \u201csubasta humanitaria\u201d tuvo lugar en los despachos de la Comisi\u00f3n Europea en Bruselas, tras ver la imagen del cad\u00e1ver de un ni\u00f1o sirio de tres a\u00f1os que el mar arroj\u00f3 a las costas turcas. La \u201csubasta\u201d deb\u00eda decidir el n\u00famero de refugiados sirios a adjudicar por cada pa\u00eds de la Uni\u00f3n Europea (UE). Alemania gan\u00f3 el mayor lote.<span id=\"more-130623\"><\/span><\/p>\n<p>Pero antes de tomar una decisi\u00f3n final, algunos de los pa\u00edses europeos menos ricos se apresuraron a mostrar reticencias. \u201cEstamos tratando de salir de la crisis; tenemos un porcentaje muy alto de desempleados; un enorme d\u00e9ficit p\u00fablico \u2026 \u201c, tratar\u00edan de explicar las autoridades espa\u00f1olas, por ejemplo, con f\u00f3rmulas diplom\u00e1ticas.<\/p>\n<p>La decisi\u00f3n de la <a href=\"http:\/\/europa.eu\/index_es.htm\">UE<\/a> tambi\u00e9n desat\u00f3 una ola de controversias pol\u00edticas. Algunos l\u00edderes conservadores, como el primer ministro h\u00fangaro Viktor Orban, alertar\u00edan contra ese \u201ctsunami\u201d de musulmanes amenazando con atacar \u201cnuestra civilizaci\u00f3n cristiana\u201d.<\/p>\n<p>Otros, como el multimillonario estadounidense y precandidato presidencial republicano, Donald Trump, se apresuraron a reclamar la total prohibici\u00f3n de entrada a su pa\u00eds de todos los musulmanes.<\/p>\n<p><strong>El factor mano de obra<\/strong><\/p>\n<p>Mientras, los expertos en mercados laborales argumentar\u00edan que el llamado proceso de \u201cselecci\u00f3n natural\u201d resolver\u00eda el problema, es decir, que los mercados de trabajo contratar\u00edan a aquellos refugiados cualificados como mano de obra no costosa, mientras que los no cualificados terminar\u00edan siendo inmigrantes ilegales indocumentados y, por lo tanto, f\u00e1ciles de repatriar.<\/p>\n<p>Pero este argumento no ha sido suficiente para calmar el p\u00e1nico que varios pol\u00edticos y muchos medios de informaci\u00f3n indujeron entre ciudadanos europeos.<\/p>\n<p>Otro argumento esgrimido por esos expertos es el hecho de que la poblaci\u00f3n europea sigue envejeciendo sin el reemplazo demogr\u00e1fico necesario, lo que se traduce en m\u00e1s receptores de pensiones y menos contribuyentes para reponer el presupuesto de jubilaciones.<\/p>\n<p>Todo esto, por supuesto, al margen de las convicciones humanitarias.<\/p>\n<p>Fue cuando la UE, encabezada por Alemania, decidi\u00f3 ofrecer ayuda econ\u00f3mica a los pa\u00edses \u201cde acogida\u201d menos ricos (6.000 euros por refugiado) que los m\u00e1s reacios aceptaron el trato. As\u00ed Espa\u00f1a, que convino en acoger entre 14.000 y 16.000 refugiados, ha jaleado hace unas semanas la llegada de los primeros 14.<\/p>\n<p><strong>El nuevo infierno<\/strong><\/p>\n<p>Mientras, los medios de informaci\u00f3n difund\u00edan decenas de im\u00e1genes dram\u00e1ticas y relatos tr\u00e1gicos sobre las kilom\u00e9tricas barreras de alambre de p\u00faas y concertinas construidas por algunos estados de Europa del Este; la llamada \u201cjungla de Calais\u201d en Francia; los cientos de refugiados atrapados en las fronteras; la llegada del fr\u00edo invierno, o la muerte diaria de decenas de seres humanos en las costas griegas.<\/p>\n<p>Luego vino la matanza brutal, inhumana, execrable de civiles franceses el 13 de noviembre a manos de terroristas yihadistas; los ataques inmediatamente anteriores contra la poblaci\u00f3n desarmada en L\u00edbano, as\u00ed como los precedentes en T\u00fanez y, m\u00e1s tarde, los de la v\u00edspera de A\u00f1o Nuevo en la ciudad alemana de Colonia, por no hablar del diario asesinato de inocentes en Egipto, Iraq, Siria y Turqu\u00eda, entre otros.<\/p>\n<p>Todo esto cre\u00f3 problemas internos a varios gobernantes europeos, como la canciller alemana, Angela Merkel, adem\u00e1s de alimentar a\u00fan m\u00e1s el p\u00e1nico inducido entre los ciudadanos europeos.<\/p>\n<p>As\u00ed, las convicciones humanitarias europeas se fueron poco a poco resquebrajando.<\/p>\n<p><strong>Un almac\u00e9n de refugiados en Turqu\u00eda<\/strong><\/p>\n<p>De repente, se encontr\u00f3 una \u201csoluci\u00f3n\u201d: la UE pidi\u00f3 a Turqu\u00eda mantener a los refugiados sirios en su territorio o en sus fronteras, impidi\u00e9ndoles pasar a Europa, a cambio del pago de 3.000 millones de euros y la promesa de descongelar el bloqueado proceso de negociaciones con Ankara para su posible integraci\u00f3n en el club europeo.<\/p>\n<p>En otras palabras: transformar Turqu\u00eda en un \u201calmac\u00e9n\u201d de refugiados sirios, hasta que\u2026<\/p>\n<p><strong>Hechos son hechos<\/strong><\/p>\n<p>Algunos hechos, entretanto:<\/p>\n<p>\u2013 El n\u00famero actual de refugiados sirios supera los 4,5 millones \u2013 seg\u00fan la oficina del \u00a0<a href=\"http:\/\/www.acnur.org\/t3\/\">Alto Comisionado de las Naciones Unidas para los Refugiados<\/a> (Acnur). Esta cifra no incluye a los cerca de 7,5 millones de desplazados internos, es decir, de refugiados en su propio pa\u00eds. El total representar\u00eda m\u00e1s de 50 por ciento de la poblaci\u00f3n siria de 23 millones de habitantes;<\/p>\n<p>\u2013 La cifra de refugiados sirios \u201csubastados\u201d en Europa representar\u00eda apenas una quinta parte de esos 4,5 millones errantes en suelo europeo;<\/p>\n<p>\u2013 El n\u00famero de refugiados sirios que efectivamente podr\u00edan al fin permanecer en Europa se estima que baje a menos de 15 por ciento de esos 4,5 millones;<\/p>\n<p>\u2013 Los restantes, es decir, 85 por ciento de los 4,5 millones de refugiados sirios se distribuyen actualmente en Medio Oriente, en pa\u00edses \u00e1rabes pobres e\/o inestables, como \u00a0L\u00edbano (con m\u00e1s de un mill\u00f3n de refugiados o una quinta parte de su poblaci\u00f3n total); el turbulento Iraq, y Jordania, donde el campamento Za\u2019atri representa la cuarta \u201cciudad\u201d m\u00e1s poblada del pa\u00eds;<\/p>\n<p>\u2013 La mayor parte de ayuda y asistencia humanitarias proceden de los deficitarios recursos de la Organizaci\u00f3n de las Naciones Unidas (ONU) o de organizaciones de la sociedad civil;<\/p>\n<p>\u2013 Los propios europeos tambi\u00e9n fueron refugiados durante y despu\u00e9s de la Segunda Guerra Mundial, con cifras que superan las de los refugiados sirios;<\/p>\n<p>\u2013 La labor humanitaria del Fondo de las Naciones Unidas para la Infancia (Unicef) comenz\u00f3 en las postrimer\u00edas de la Segunda Guerra Mundial y, a mediados de los a\u00f1os 50, millones de ni\u00f1os europeos recib\u00edan ayuda humanitaria.<\/p>\n<p><strong>\u00bfY ahora qu\u00e9?<\/strong><\/p>\n<p>\u00bfQu\u00e9 hacer ahora con estos 4,5 millones de refugiados sirios?<\/p>\n<p>Tras casi cinco a\u00f1os de guerra que ya cost\u00f3 la vida de m\u00e1s de 300.000 personas; de intensos bombardeos a cargo de Estados Unidos, Francia, Gran Breta\u00f1a y Rusia; de la experimentaci\u00f3n de \u00faltimos modelos de \u201cdrones\u201d (aviones no tripulados) sobre el terreno, y tragedias humanas para m\u00e1s de la mitad de la poblaci\u00f3n del pa\u00eds, el Consejo de Seguridad de la ONU de repente reaccion\u00f3.<\/p>\n<p>As\u00ed, las cinco mayores potencias militares del mundo (Estados Unidos, Gran Breta\u00f1a, Francia, Rusia y China), adoptaron el 18 de diciembre la <a href=\"http:\/\/www.un.org\/es\/comun\/docs\/?symbol=S\/RES\/2254%282015%29\">Resoluci\u00f3n del Consejo de Seguridad 2254 (2015)<\/a> estableciendo una \u201choja de ruta\u201d para el proceso de paz en Siria, y un calendario de conversaciones facilitadas por la ONU entre el r\u00e9gimen de Bashar al Assad y los grupos de la \u201coposici\u00f3n\u201d.<\/p>\n<p>Todo se movi\u00f3 muy r\u00e1pidamente, tanto que el enviado especial de la ONU para Siria, Staffan de Mistura, ya ha fijado el 25 de enero como fecha l\u00edmite para iniciar en Ginebra las conversaciones entre las partes.<\/p>\n<p>La <a href=\"http:\/\/www.ipsnoticias.net\/2016\/01\/una-hoja-de-ruta-para-siria\/\">\u201choja de ruta\u201d<\/a> habla de muchas cosas, incluso de elecciones \u201clibres\u201d en el plazo de 18 meses.<\/p>\n<p>No hace menci\u00f3n expl\u00edcita, sin embargo, al destino de los 12 millones de refugiados en su propio pa\u00eds o en las tierras y mares del mundo, ninguno de los cuales sabe ya qu\u00e9 hacer o ad\u00f3nde ir.<\/p>\n<p><strong>Art\u00edculo original de Inter Press Service<\/strong><\/p>\n","protected":false},"excerpt":{"rendered":"<p>Hace unos meses, una singular \u201csubasta humanitaria\u201d tuvo lugar en los despachos de la Comisi\u00f3n Europea en Bruselas, tras ver la imagen del cad\u00e1ver de un ni\u00f1o sirio de tres a\u00f1os que el mar arroj\u00f3 a las costas turcas. La&hellip;<\/p>\n","protected":false},"author":530,"featured_media":266612,"comment_status":"closed","ping_status":"open","sticky":false,"template":"","format":"standard","meta":{"footnotes":""},"categories":[65,76,79,66,39,71,74],"tags":[4438,649,208,419,3022,6397,4817],"class_list":["post-266611","post","type-post","status-publish","format-standard","has-post-thumbnail","hentry","category-asia-es","category-relaciones-exteriores","category-derechos-humanos","category-europa-es","category-internacional","category-medio-oriente-es","category-politica-es","tag-libano","tag-naciones-unidas","tag-onu","tag-paz","tag-refugiados","tag-siria","tag-union-europea"],"yoast_head":"<!-- This site is optimized with the Yoast SEO plugin v27.1.1 - https:\/\/yoast.com\/product\/yoast-seo-wordpress\/ -->\n<title>Una vez subastados, \u00bfqu\u00e9 hacer con los refugiados sirios?<\/title>\n<meta name=\"description\" content=\"Hace unos meses, una singular \u201csubasta humanitaria\u201d tuvo lugar en los despachos de la Comisi\u00f3n Europea en Bruselas, tras ver la imagen del cad\u00e1ver de un\" \/>\n<meta name=\"robots\" content=\"index, follow, max-snippet:-1, max-image-preview:large, max-video-preview:-1\" \/>\n<link rel=\"canonical\" href=\"https:\/\/www.pressenza.com\/es\/2016\/01\/una-vez-subastados-que-hacer-con-los-refugiados-sirios\/\" \/>\n<meta property=\"og:locale\" content=\"es_ES\" \/>\n<meta property=\"og:type\" content=\"article\" \/>\n<meta property=\"og:title\" content=\"Una vez subastados, \u00bfqu\u00e9 hacer con los refugiados sirios?\" \/>\n<meta property=\"og:description\" content=\"Hace unos meses, una singular \u201csubasta humanitaria\u201d tuvo lugar en los despachos de la Comisi\u00f3n Europea en Bruselas, tras ver la imagen del cad\u00e1ver de un\" \/>\n<meta property=\"og:url\" content=\"https:\/\/www.pressenza.com\/es\/2016\/01\/una-vez-subastados-que-hacer-con-los-refugiados-sirios\/\" \/>\n<meta property=\"og:site_name\" content=\"Pressenza\" \/>\n<meta property=\"article:publisher\" content=\"https:\/\/www.facebook.com\/PressenzaItalia\" \/>\n<meta property=\"article:published_time\" content=\"2016-01-14T01:59:27+00:00\" \/>\n<meta property=\"article:modified_time\" content=\"2016-04-19T18:39:43+00:00\" \/>\n<meta property=\"og:image\" content=\"https:\/\/www.pressenza.com\/wp-content\/uploads\/2016\/01\/SyriaLebanon_1201_-629x419-629x419.jpg\" \/>\n\t<meta property=\"og:image:width\" content=\"629\" \/>\n\t<meta property=\"og:image:height\" content=\"419\" \/>\n\t<meta property=\"og:image:type\" content=\"image\/jpeg\" \/>\n<meta name=\"author\" content=\"Baher Kamal\" \/>\n<meta name=\"twitter:card\" content=\"summary_large_image\" \/>\n<meta name=\"twitter:creator\" content=\"@PressenzaIPA\" \/>\n<meta name=\"twitter:site\" content=\"@PressenzaIPA\" \/>\n<meta name=\"twitter:label1\" content=\"Escrito por\" \/>\n\t<meta name=\"twitter:data1\" content=\"Baher Kamal\" \/>\n\t<meta name=\"twitter:label2\" content=\"Tiempo de lectura\" \/>\n\t<meta name=\"twitter:data2\" content=\"6 minutos\" \/>\n<script type=\"application\/ld+json\" class=\"yoast-schema-graph\">{\"@context\":\"https:\/\/schema.org\",\"@graph\":[{\"@type\":\"Article\",\"@id\":\"https:\/\/www.pressenza.com\/es\/2016\/01\/una-vez-subastados-que-hacer-con-los-refugiados-sirios\/#article\",\"isPartOf\":{\"@id\":\"https:\/\/www.pressenza.com\/es\/2016\/01\/una-vez-subastados-que-hacer-con-los-refugiados-sirios\/\"},\"author\":{\"name\":\"Baher Kamal\",\"@id\":\"https:\/\/www.pressenza.com\/es\/#\/schema\/person\/a78eb664d1a2baf4d9b26dc0c0fc5b1b\"},\"headline\":\"Una vez subastados, \u00bfqu\u00e9 hacer con los refugiados sirios?\",\"datePublished\":\"2016-01-14T01:59:27+00:00\",\"dateModified\":\"2016-04-19T18:39:43+00:00\",\"mainEntityOfPage\":{\"@id\":\"https:\/\/www.pressenza.com\/es\/2016\/01\/una-vez-subastados-que-hacer-con-los-refugiados-sirios\/\"},\"wordCount\":1198,\"publisher\":{\"@id\":\"https:\/\/www.pressenza.com\/es\/#organization\"},\"image\":{\"@id\":\"https:\/\/www.pressenza.com\/es\/2016\/01\/una-vez-subastados-que-hacer-con-los-refugiados-sirios\/#primaryimage\"},\"thumbnailUrl\":\"https:\/\/www.pressenza.com\/wp-content\/uploads\/2016\/01\/SyriaLebanon_1201_-629x419-629x419.jpg\",\"keywords\":[\"Libano\",\"Naciones Unidas\",\"ONU\",\"Paz\",\"refugiados\",\"Siria\",\"Uni\u00f3n Europea\"],\"articleSection\":[\"Asia\",\"Asuntos internacionales\",\"Derechos Humanos\",\"Europa\",\"Internacional\",\"Medio Oriente\",\"Pol\u00edtica\"],\"inLanguage\":\"es\"},{\"@type\":\"WebPage\",\"@id\":\"https:\/\/www.pressenza.com\/es\/2016\/01\/una-vez-subastados-que-hacer-con-los-refugiados-sirios\/\",\"url\":\"https:\/\/www.pressenza.com\/es\/2016\/01\/una-vez-subastados-que-hacer-con-los-refugiados-sirios\/\",\"name\":\"Una vez subastados, \u00bfqu\u00e9 hacer con los refugiados sirios?\",\"isPartOf\":{\"@id\":\"https:\/\/www.pressenza.com\/es\/#website\"},\"primaryImageOfPage\":{\"@id\":\"https:\/\/www.pressenza.com\/es\/2016\/01\/una-vez-subastados-que-hacer-con-los-refugiados-sirios\/#primaryimage\"},\"image\":{\"@id\":\"https:\/\/www.pressenza.com\/es\/2016\/01\/una-vez-subastados-que-hacer-con-los-refugiados-sirios\/#primaryimage\"},\"thumbnailUrl\":\"https:\/\/www.pressenza.com\/wp-content\/uploads\/2016\/01\/SyriaLebanon_1201_-629x419-629x419.jpg\",\"datePublished\":\"2016-01-14T01:59:27+00:00\",\"dateModified\":\"2016-04-19T18:39:43+00:00\",\"description\":\"Hace unos meses, una singular \u201csubasta humanitaria\u201d tuvo lugar en los despachos de la Comisi\u00f3n Europea en Bruselas, tras ver la imagen del cad\u00e1ver de un\",\"breadcrumb\":{\"@id\":\"https:\/\/www.pressenza.com\/es\/2016\/01\/una-vez-subastados-que-hacer-con-los-refugiados-sirios\/#breadcrumb\"},\"inLanguage\":\"es\",\"potentialAction\":[{\"@type\":\"ReadAction\",\"target\":[\"https:\/\/www.pressenza.com\/es\/2016\/01\/una-vez-subastados-que-hacer-con-los-refugiados-sirios\/\"]}]},{\"@type\":\"ImageObject\",\"inLanguage\":\"es\",\"@id\":\"https:\/\/www.pressenza.com\/es\/2016\/01\/una-vez-subastados-que-hacer-con-los-refugiados-sirios\/#primaryimage\",\"url\":\"https:\/\/www.pressenza.com\/wp-content\/uploads\/2016\/01\/SyriaLebanon_1201_-629x419-629x419.jpg\",\"contentUrl\":\"https:\/\/www.pressenza.com\/wp-content\/uploads\/2016\/01\/SyriaLebanon_1201_-629x419-629x419.jpg\",\"width\":629,\"height\":419},{\"@type\":\"BreadcrumbList\",\"@id\":\"https:\/\/www.pressenza.com\/es\/2016\/01\/una-vez-subastados-que-hacer-con-los-refugiados-sirios\/#breadcrumb\",\"itemListElement\":[{\"@type\":\"ListItem\",\"position\":1,\"name\":\"Accueil\",\"item\":\"https:\/\/www.pressenza.com\/es\/\"},{\"@type\":\"ListItem\",\"position\":2,\"name\":\"Una vez subastados, \u00bfqu\u00e9 hacer con los refugiados sirios?\"}]},{\"@type\":\"WebSite\",\"@id\":\"https:\/\/www.pressenza.com\/es\/#website\",\"url\":\"https:\/\/www.pressenza.com\/es\/\",\"name\":\"Pressenza\",\"description\":\"International Press Agency\",\"publisher\":{\"@id\":\"https:\/\/www.pressenza.com\/es\/#organization\"},\"potentialAction\":[{\"@type\":\"SearchAction\",\"target\":{\"@type\":\"EntryPoint\",\"urlTemplate\":\"https:\/\/www.pressenza.com\/es\/?s={search_term_string}\"},\"query-input\":{\"@type\":\"PropertyValueSpecification\",\"valueRequired\":true,\"valueName\":\"search_term_string\"}}],\"inLanguage\":\"es\"},{\"@type\":\"Organization\",\"@id\":\"https:\/\/www.pressenza.com\/es\/#organization\",\"name\":\"Pressenza\",\"url\":\"https:\/\/www.pressenza.com\/es\/\",\"logo\":{\"@type\":\"ImageObject\",\"inLanguage\":\"es\",\"@id\":\"https:\/\/www.pressenza.com\/es\/#\/schema\/logo\/image\/\",\"url\":\"https:\/\/www.pressenza.com\/wp-content\/uploads\/2022\/10\/pressenza_logo_200x200.jpg\",\"contentUrl\":\"https:\/\/www.pressenza.com\/wp-content\/uploads\/2022\/10\/pressenza_logo_200x200.jpg\",\"width\":200,\"height\":200,\"caption\":\"Pressenza\"},\"image\":{\"@id\":\"https:\/\/www.pressenza.com\/es\/#\/schema\/logo\/image\/\"},\"sameAs\":[\"https:\/\/www.facebook.com\/PressenzaItalia\",\"https:\/\/x.com\/PressenzaIPA\"]},{\"@type\":\"Person\",\"@id\":\"https:\/\/www.pressenza.com\/es\/#\/schema\/person\/a78eb664d1a2baf4d9b26dc0c0fc5b1b\",\"name\":\"Baher Kamal\",\"description\":\"Baher Kamal, Egyptian-born, Spanish national secular journalist. He is founder and publisher of Human Wrongs Watch Kamal is a pro-peace, non-violence, human rights, harmonious coexistence defender among human beings and with Nature, with more than 43 years of professional experience. With these issues in sight, he covered practically all professional posts, from correspondent to chief editor of dailies and international news agencies. human-wrongs-watch.net\",\"url\":\"https:\/\/www.pressenza.com\/es\/author\/baher-kamal\/\"}]}<\/script>\n<!-- \/ Yoast SEO plugin. -->","yoast_head_json":{"title":"Una vez subastados, \u00bfqu\u00e9 hacer con los refugiados sirios?","description":"Hace unos meses, una singular \u201csubasta humanitaria\u201d tuvo lugar en los despachos de la Comisi\u00f3n Europea en Bruselas, tras ver la imagen del cad\u00e1ver de un","robots":{"index":"index","follow":"follow","max-snippet":"max-snippet:-1","max-image-preview":"max-image-preview:large","max-video-preview":"max-video-preview:-1"},"canonical":"https:\/\/www.pressenza.com\/es\/2016\/01\/una-vez-subastados-que-hacer-con-los-refugiados-sirios\/","og_locale":"es_ES","og_type":"article","og_title":"Una vez subastados, \u00bfqu\u00e9 hacer con los refugiados sirios?","og_description":"Hace unos meses, una singular \u201csubasta humanitaria\u201d tuvo lugar en los despachos de la Comisi\u00f3n Europea en Bruselas, tras ver la imagen del cad\u00e1ver de un","og_url":"https:\/\/www.pressenza.com\/es\/2016\/01\/una-vez-subastados-que-hacer-con-los-refugiados-sirios\/","og_site_name":"Pressenza","article_publisher":"https:\/\/www.facebook.com\/PressenzaItalia","article_published_time":"2016-01-14T01:59:27+00:00","article_modified_time":"2016-04-19T18:39:43+00:00","og_image":[{"width":629,"height":419,"url":"https:\/\/www.pressenza.com\/wp-content\/uploads\/2016\/01\/SyriaLebanon_1201_-629x419-629x419.jpg","type":"image\/jpeg"}],"author":"Baher Kamal","twitter_card":"summary_large_image","twitter_creator":"@PressenzaIPA","twitter_site":"@PressenzaIPA","twitter_misc":{"Escrito por":"Baher Kamal","Tiempo de lectura":"6 minutos"},"schema":{"@context":"https:\/\/schema.org","@graph":[{"@type":"Article","@id":"https:\/\/www.pressenza.com\/es\/2016\/01\/una-vez-subastados-que-hacer-con-los-refugiados-sirios\/#article","isPartOf":{"@id":"https:\/\/www.pressenza.com\/es\/2016\/01\/una-vez-subastados-que-hacer-con-los-refugiados-sirios\/"},"author":{"name":"Baher Kamal","@id":"https:\/\/www.pressenza.com\/es\/#\/schema\/person\/a78eb664d1a2baf4d9b26dc0c0fc5b1b"},"headline":"Una vez subastados, \u00bfqu\u00e9 hacer con los refugiados sirios?","datePublished":"2016-01-14T01:59:27+00:00","dateModified":"2016-04-19T18:39:43+00:00","mainEntityOfPage":{"@id":"https:\/\/www.pressenza.com\/es\/2016\/01\/una-vez-subastados-que-hacer-con-los-refugiados-sirios\/"},"wordCount":1198,"publisher":{"@id":"https:\/\/www.pressenza.com\/es\/#organization"},"image":{"@id":"https:\/\/www.pressenza.com\/es\/2016\/01\/una-vez-subastados-que-hacer-con-los-refugiados-sirios\/#primaryimage"},"thumbnailUrl":"https:\/\/www.pressenza.com\/wp-content\/uploads\/2016\/01\/SyriaLebanon_1201_-629x419-629x419.jpg","keywords":["Libano","Naciones Unidas","ONU","Paz","refugiados","Siria","Uni\u00f3n Europea"],"articleSection":["Asia","Asuntos internacionales","Derechos Humanos","Europa","Internacional","Medio Oriente","Pol\u00edtica"],"inLanguage":"es"},{"@type":"WebPage","@id":"https:\/\/www.pressenza.com\/es\/2016\/01\/una-vez-subastados-que-hacer-con-los-refugiados-sirios\/","url":"https:\/\/www.pressenza.com\/es\/2016\/01\/una-vez-subastados-que-hacer-con-los-refugiados-sirios\/","name":"Una vez subastados, \u00bfqu\u00e9 hacer con los refugiados sirios?","isPartOf":{"@id":"https:\/\/www.pressenza.com\/es\/#website"},"primaryImageOfPage":{"@id":"https:\/\/www.pressenza.com\/es\/2016\/01\/una-vez-subastados-que-hacer-con-los-refugiados-sirios\/#primaryimage"},"image":{"@id":"https:\/\/www.pressenza.com\/es\/2016\/01\/una-vez-subastados-que-hacer-con-los-refugiados-sirios\/#primaryimage"},"thumbnailUrl":"https:\/\/www.pressenza.com\/wp-content\/uploads\/2016\/01\/SyriaLebanon_1201_-629x419-629x419.jpg","datePublished":"2016-01-14T01:59:27+00:00","dateModified":"2016-04-19T18:39:43+00:00","description":"Hace unos meses, una singular \u201csubasta humanitaria\u201d tuvo lugar en los despachos de la Comisi\u00f3n Europea en Bruselas, tras ver la imagen del cad\u00e1ver de un","breadcrumb":{"@id":"https:\/\/www.pressenza.com\/es\/2016\/01\/una-vez-subastados-que-hacer-con-los-refugiados-sirios\/#breadcrumb"},"inLanguage":"es","potentialAction":[{"@type":"ReadAction","target":["https:\/\/www.pressenza.com\/es\/2016\/01\/una-vez-subastados-que-hacer-con-los-refugiados-sirios\/"]}]},{"@type":"ImageObject","inLanguage":"es","@id":"https:\/\/www.pressenza.com\/es\/2016\/01\/una-vez-subastados-que-hacer-con-los-refugiados-sirios\/#primaryimage","url":"https:\/\/www.pressenza.com\/wp-content\/uploads\/2016\/01\/SyriaLebanon_1201_-629x419-629x419.jpg","contentUrl":"https:\/\/www.pressenza.com\/wp-content\/uploads\/2016\/01\/SyriaLebanon_1201_-629x419-629x419.jpg","width":629,"height":419},{"@type":"BreadcrumbList","@id":"https:\/\/www.pressenza.com\/es\/2016\/01\/una-vez-subastados-que-hacer-con-los-refugiados-sirios\/#breadcrumb","itemListElement":[{"@type":"ListItem","position":1,"name":"Accueil","item":"https:\/\/www.pressenza.com\/es\/"},{"@type":"ListItem","position":2,"name":"Una vez subastados, \u00bfqu\u00e9 hacer con los refugiados sirios?"}]},{"@type":"WebSite","@id":"https:\/\/www.pressenza.com\/es\/#website","url":"https:\/\/www.pressenza.com\/es\/","name":"Pressenza","description":"International Press Agency","publisher":{"@id":"https:\/\/www.pressenza.com\/es\/#organization"},"potentialAction":[{"@type":"SearchAction","target":{"@type":"EntryPoint","urlTemplate":"https:\/\/www.pressenza.com\/es\/?s={search_term_string}"},"query-input":{"@type":"PropertyValueSpecification","valueRequired":true,"valueName":"search_term_string"}}],"inLanguage":"es"},{"@type":"Organization","@id":"https:\/\/www.pressenza.com\/es\/#organization","name":"Pressenza","url":"https:\/\/www.pressenza.com\/es\/","logo":{"@type":"ImageObject","inLanguage":"es","@id":"https:\/\/www.pressenza.com\/es\/#\/schema\/logo\/image\/","url":"https:\/\/www.pressenza.com\/wp-content\/uploads\/2022\/10\/pressenza_logo_200x200.jpg","contentUrl":"https:\/\/www.pressenza.com\/wp-content\/uploads\/2022\/10\/pressenza_logo_200x200.jpg","width":200,"height":200,"caption":"Pressenza"},"image":{"@id":"https:\/\/www.pressenza.com\/es\/#\/schema\/logo\/image\/"},"sameAs":["https:\/\/www.facebook.com\/PressenzaItalia","https:\/\/x.com\/PressenzaIPA"]},{"@type":"Person","@id":"https:\/\/www.pressenza.com\/es\/#\/schema\/person\/a78eb664d1a2baf4d9b26dc0c0fc5b1b","name":"Baher Kamal","description":"Baher Kamal, Egyptian-born, Spanish national secular journalist. He is founder and publisher of Human Wrongs Watch Kamal is a pro-peace, non-violence, human rights, harmonious coexistence defender among human beings and with Nature, with more than 43 years of professional experience. With these issues in sight, he covered practically all professional posts, from correspondent to chief editor of dailies and international news agencies. human-wrongs-watch.net","url":"https:\/\/www.pressenza.com\/es\/author\/baher-kamal\/"}]}},"place":"Madrid","original_article_url":"http:\/\/www.ipsnoticias.net\/2016\/01\/una-vez-subastados-que-hacer-con-los-refugiados-sirios\/","_links":{"self":[{"href":"https:\/\/www.pressenza.com\/es\/wp-json\/wp\/v2\/posts\/266611","targetHints":{"allow":["GET"]}}],"collection":[{"href":"https:\/\/www.pressenza.com\/es\/wp-json\/wp\/v2\/posts"}],"about":[{"href":"https:\/\/www.pressenza.com\/es\/wp-json\/wp\/v2\/types\/post"}],"author":[{"embeddable":true,"href":"https:\/\/www.pressenza.com\/es\/wp-json\/wp\/v2\/users\/530"}],"replies":[{"embeddable":true,"href":"https:\/\/www.pressenza.com\/es\/wp-json\/wp\/v2\/comments?post=266611"}],"version-history":[{"count":0,"href":"https:\/\/www.pressenza.com\/es\/wp-json\/wp\/v2\/posts\/266611\/revisions"}],"wp:featuredmedia":[{"embeddable":true,"href":"https:\/\/www.pressenza.com\/es\/wp-json\/wp\/v2\/media\/266612"}],"wp:attachment":[{"href":"https:\/\/www.pressenza.com\/es\/wp-json\/wp\/v2\/media?parent=266611"}],"wp:term":[{"taxonomy":"category","embeddable":true,"href":"https:\/\/www.pressenza.com\/es\/wp-json\/wp\/v2\/categories?post=266611"},{"taxonomy":"post_tag","embeddable":true,"href":"https:\/\/www.pressenza.com\/es\/wp-json\/wp\/v2\/tags?post=266611"}],"curies":[{"name":"wp","href":"https:\/\/api.w.org\/{rel}","templated":true}]}}