{"id":2662304,"date":"2025-12-18T14:03:48","date_gmt":"2025-12-18T14:03:48","guid":{"rendered":"https:\/\/www.pressenza.com\/?p=2662304"},"modified":"2025-12-18T15:27:44","modified_gmt":"2025-12-18T15:27:44","slug":"hacer-frente-a-la-guerra","status":"publish","type":"post","link":"https:\/\/www.pressenza.com\/es\/2025\/12\/hacer-frente-a-la-guerra\/","title":{"rendered":"Hacer frente a la guerra"},"content":{"rendered":"<p>La descarada agresi\u00f3n de Donald Trump y el Comando Sur contra Venezuela pueden desembocar en una guerra con consecuencias desastrosas para los pueblos de Am\u00e9rica Latina, el Caribe y, por supuesto, para el mismo pueblo estadounidense.<\/p>\n<p>Como ha sucedido una y otra vez en la historia, los pueblos ponen los muertos y las \u00e9lites insensibles, las corporaciones financieras y armamentistas, se llevan la ganancia.<\/p>\n<p>No hay argumento que justifique la destrucci\u00f3n de una naci\u00f3n por otra, mucho menos, si los argumentos que se esgrimen no son sino argucias, inventos, justificaciones para enga\u00f1ar a la gente y amarrarla en situaciones de conflicto, fabricando enemigos inexistentes.<\/p>\n<p><b>Contextos agresivos<\/b><\/p>\n<p>El objetivo inmediato, visible y monstruoso de Trump y su administraci\u00f3n es la apropiaci\u00f3n directa de las enormes reservas naturales de Venezuela. Apropiaci\u00f3n que seguramente ya ha sido a su vez reservada por anticipado por alguna empresa multinacional, corrompiendo con d\u00e1divas o promesas futuras a m\u00e1s de alg\u00fan funcionario, representante pol\u00edtico o pariente.<\/p>\n<p>Pero esta ofensiva debe ser vista, comprendida y, sobre todo, denunciada, desde varios \u00e1ngulos.<\/p>\n<p>En primer t\u00e9rmino, liquidar al gobierno bolivariano es equivalente a ejemplarizar lo que le sucede a los pueblos y liderazgos que osan desafiar la arrogancia imperial. Un m\u00e9todo usado y muy conocido desde anta\u00f1o para prevenir futuras rebeliones.<\/p>\n<p>De este modo, es obvio que nada termina con Venezuela, sino que, en las mentes afiebradas de los estrategas b\u00e9licos, se continuar\u00eda con Cuba, Nicaragua, incluso con M\u00e9xico, Colombia y Brasil.<\/p>\n<p>No cabe duda que varios <i>think tanks<\/i> neoconservadores han aconsejado, ante el avance chino y el fortalecimiento de los BRICS, tomar por la fuerza lo que consideran su plaza m\u00e1s cercana, Am\u00e9rica Latina y el Caribe, antes de aventurarse en nuevas guerras lejanas.<\/p>\n<p>El contexto pol\u00edtico regional les resulta aparentemente favorable, con varios gnomos pol\u00edticos vasallos en el gobierno, que se ilusionan con verse adulados y apoyados por la potencia del Norte. Hasta algunos pa\u00edses del Caribe, otrora f\u00e9rreamente unidos en postura soberana, han sucumbido al avance retr\u00f3grado, quien sabe con qu\u00e9 promesas.<\/p>\n<p>Como hemos sostenido en otras oportunidades, m\u00e1s all\u00e1 de sus lamentables consecuencias, este momento reaccionario es eso, una reacci\u00f3n a las transformaciones y mejoras \u2013 aun cuando parciales &#8211; producidas en los \u00faltimos a\u00f1os en la regi\u00f3n y el mundo. Pero m\u00e1s all\u00e1 del desgaste de las pol\u00edticas progresistas y el aumento l\u00f3gico de expectativas en las poblaciones debido al crecimiento social colectivo, es sobre todo la alta incertidumbre frente al futuro y la inestabilidad y extra\u00f1eza que genera un paisaje humano modificado en sus h\u00e1bitos y posibilidades, lo que motivan un impulso regresivo en muchas personas.<\/p>\n<p>Todo esto se suma a la met\u00f3dica instalaci\u00f3n de la violencia generalizada y el temor en la subjetividad colectiva a trav\u00e9s de medios y plataformas corporativas . Esta difusi\u00f3n masiva del peligro de hechos delictivos \u2013 objetivamente existentes, pero desproporcionadamente presentados en forma y volumen a las audiencias masivas &#8211; abre la puerta al discurso de \u201cmano dura\u201d y a la irrupci\u00f3n de cuerpos armados extranjeros junto al aumento de la vigilancia y el control social.<\/p>\n<p>Nada nuevo, y sin embargo, bastante efectivo, al menos en el corto plazo, para garantizar la expansi\u00f3n de la ultraderecha y su discurso irracional.<\/p>\n<p>Como se\u00f1al\u00f3 el senador Bernie Sanders, la escalada contra Venezuela tambi\u00e9n pretende desviar la atenci\u00f3n hacia un escenario b\u00e9lico, frente a la crisis econ\u00f3mica y social interna que afronta la poblaci\u00f3n de los Estados Unidos, marcada por el aumento de los precios de servicios b\u00e1sicos como salud, vivienda y alimentaci\u00f3n.<\/p>\n<p>Asimismo, llenar los medios y las redes de continuos exabruptos, endilgando a otros la culpa de las injusticias producidas por el propio sistema, son parte de la estrategia comunicacional de manipulaci\u00f3n utilizada por las ultraderechas, impidiendo as\u00ed que los temas verdaderamente importantes formen parte de la agenda de discusi\u00f3n p\u00fablica.<\/p>\n<p>Visto en perspectiva m\u00e1s extendida, asistimos a la ca\u00edda de un ciclo hist\u00f3rico largo, inserto en el marco del dominio colonial y neocolonial de Occidente. Esa ca\u00edda y su correspondiente reemplazo por un nuevo momento civilizatorio, es lo que est\u00e1 en juego y se quiere resistir y demorar por parte de los poderes establecidos anteriormente.<\/p>\n<p><b>T\u00e1cticas de guerra<\/b><\/p>\n<p>En la actual coyuntura es evidente que la continuidad de las t\u00e1cticas tendientes a deteriorar la econom\u00eda del pueblo venezolano mediante el bloqueo, el cierre del espacio a\u00e9reo y la amenaza de invasi\u00f3n persiguen, en los sue\u00f1os h\u00famedos de los Maquiavelos del capital, la idea de provocar una rebeli\u00f3n interna, sobre todo, en las fuerzas armadas.<\/p>\n<p>El resultado ser\u00eda una guerra civil, la que ser\u00eda apoyada directa- e indirectamente por el imperialismo, bajo la fachada de ayudar a los \u201cluchadores de la libertad\u201d, sin pagar los costos de inmiscuirse directamente. Guerra, al fin, que traer\u00eda consecuencias igualmente terribles para la poblaci\u00f3n. V\u00edctimas mortales, desplazados, destrucci\u00f3n de infraestructura y las secuelas psicosociales que dejan en las conciencias estos enfrentamientos armados, mucho m\u00e1s dif\u00edciles de remover que escombros materiales.<\/p>\n<p>Tambi\u00e9n puede pensarse en acciones de comandos insurgentes o en puestas en escena que habiliten un escenario propicio para una invasi\u00f3n parcial y la instalaci\u00f3n de un gobierno paralelo.<\/p>\n<p>Pero m\u00e1s all\u00e1 de estas especulaciones, que sin duda forman parte de diversos mapas mentales agresivos, la clave fundamental para que no se produzca un desenlace doloroso, ser\u00e1 el rechazo popular a la vulneraci\u00f3n de una de sus m\u00e1ximas aspiraciones: la paz.<\/p>\n<p><b>Hacer frente a la afrenta<\/b><\/p>\n<p>Pese a la imperiosa necesidad de desarrollar acciones efectivas que impidan nuevas guerras, descripciones como la anterior no son ociosas, ya que tienen como intenci\u00f3n desmontar narrativas que justifican la matanza. Sin embargo, no bastan para detener lo que hoy ya cruza la l\u00ednea de la amenaza y se convierte en destrucci\u00f3n.<\/p>\n<p>En la direcci\u00f3n de promover unidad y articulaci\u00f3n contra la guerra pueden se\u00f1alarse m\u00faltiples antecedentes. Destacan, en los \u00faltimos tiempos acciones ejemplares como las Marchas Mundiales por la Paz y la No Violencia, promovidas por el colectivo Mundo Sin Guerras y Sin Violencia, un organismo del Movimiento Humanista. Movilizaci\u00f3n que recorri\u00f3 el planeta concitando la adhesi\u00f3n expl\u00edcita de millones de personas y destacadas personalidades de las m\u00e1s diversas procedencias y culturas.<\/p>\n<p>Seg\u00fan indica la experiencia, la clave estrat\u00e9gica para el logro y mantenimiento de la paz, la justicia social y el avance de derechos ha sido y ser\u00e1 incrementar la incidencia de la participaci\u00f3n popular.<\/p>\n<p>En esa misma l\u00ednea, desde distintos sectores sociales se est\u00e1 convocando hoy a la unidad en la diversidad para defender la paz en la regi\u00f3n y el mundo. Esa es, sin duda alguna, la urgencia del momento. Los pueblos ya han sufrido suficiente las consecuencias de la guerra y la violencia. Todas las organizaciones y movimientos populares est\u00e1n convocadas a estar a la altura de la situaci\u00f3n y a constituir un frente plural de acci\u00f3n a escala masiva contra la guerra.<\/p>\n<p>Es importante que esta alianza sea forjada incluyendo a todos los colectivos y organizaciones que tambi\u00e9n luchan por la superaci\u00f3n del supremacismo y los arrebatos tir\u00e1nicos en el llamado \u201cnorte global\u201d, conformando una base s\u00f3lida para construir a partir de all\u00ed relaciones de hermandad y colaboraci\u00f3n.<\/p>\n<p>De este modo, podremos superar esta etapa oscura y librarnos de las pr\u00e1cticas violentas que impiden abordar con \u00edmpetu la necesidad de evoluci\u00f3n de la humanidad desde la profundidad de la conciencia individual y colectiva y sembrar la semilla de la futura Naci\u00f3n Humana Universal.<\/p>\n","protected":false},"excerpt":{"rendered":"<p>La descarada agresi\u00f3n de Donald Trump y el Comando Sur contra Venezuela pueden desembocar en una guerra con consecuencias desastrosas para los pueblos de Am\u00e9rica Latina, el Caribe y, por supuesto, para el mismo pueblo estadounidense. Como ha sucedido una&hellip;<\/p>\n","protected":false},"author":970,"featured_media":2662310,"comment_status":"closed","ping_status":"closed","sticky":false,"template":"","format":"standard","meta":{"footnotes":""},"categories":[69,11389,68,1243,67],"tags":[3496,148426,148427,20715],"class_list":["post-2662304","post","type-post","status-publish","format-standard","has-post-thumbnail","hentry","category-america-central","category-contenido-original","category-norteamerica","category-paz-desarme","category-sudamerica","tag-no-a-la-guerra","tag-no-a-la-guerra-de-trump","tag-no-kings","tag-zona-de-paz"],"yoast_head":"<!-- This site is optimized with the Yoast SEO plugin v27.1.1 - https:\/\/yoast.com\/product\/yoast-seo-wordpress\/ -->\n<title>Hacer frente a la guerra<\/title>\n<meta name=\"description\" content=\"La descarada agresi\u00f3n de Donald Trump y el Comando Sur contra Venezuela pueden desembocar en una guerra con consecuencias desastrosas para los pueblos de\" \/>\n<meta name=\"robots\" content=\"index, follow, max-snippet:-1, max-image-preview:large, max-video-preview:-1\" \/>\n<link rel=\"canonical\" href=\"https:\/\/www.pressenza.com\/es\/2025\/12\/hacer-frente-a-la-guerra\/\" \/>\n<meta property=\"og:locale\" content=\"es_ES\" \/>\n<meta property=\"og:type\" content=\"article\" \/>\n<meta property=\"og:title\" content=\"Hacer frente a la guerra\" \/>\n<meta property=\"og:description\" content=\"La descarada agresi\u00f3n de Donald Trump y el Comando Sur contra Venezuela pueden desembocar en una guerra con consecuencias desastrosas para los pueblos de\" \/>\n<meta property=\"og:url\" content=\"https:\/\/www.pressenza.com\/es\/2025\/12\/hacer-frente-a-la-guerra\/\" \/>\n<meta property=\"og:site_name\" content=\"Pressenza\" \/>\n<meta property=\"article:publisher\" content=\"https:\/\/www.facebook.com\/PressenzaItalia\" \/>\n<meta property=\"article:author\" content=\"https:\/\/www.facebook.com\/javier.tolcachier?fref=ts\" \/>\n<meta property=\"article:published_time\" content=\"2025-12-18T14:03:48+00:00\" \/>\n<meta property=\"article:modified_time\" content=\"2025-12-18T15:27:44+00:00\" \/>\n<meta property=\"og:image\" content=\"https:\/\/www.pressenza.com\/wp-content\/uploads\/2025\/12\/marcha-mundial-v2.jpg\" \/>\n\t<meta property=\"og:image:width\" content=\"994\" \/>\n\t<meta property=\"og:image:height\" content=\"658\" \/>\n\t<meta property=\"og:image:type\" content=\"image\/jpeg\" \/>\n<meta name=\"author\" content=\"Javier Tolcachier\" \/>\n<meta name=\"twitter:card\" content=\"summary_large_image\" \/>\n<meta name=\"twitter:creator\" content=\"@jtolcachier\" \/>\n<meta name=\"twitter:site\" content=\"@PressenzaIPA\" \/>\n<meta name=\"twitter:label1\" content=\"Escrito por\" \/>\n\t<meta name=\"twitter:data1\" content=\"Javier Tolcachier\" \/>\n\t<meta name=\"twitter:label2\" content=\"Tiempo de lectura\" \/>\n\t<meta name=\"twitter:data2\" content=\"6 minutos\" \/>\n<script type=\"application\/ld+json\" class=\"yoast-schema-graph\">{\"@context\":\"https:\/\/schema.org\",\"@graph\":[{\"@type\":\"Article\",\"@id\":\"https:\/\/www.pressenza.com\/es\/2025\/12\/hacer-frente-a-la-guerra\/#article\",\"isPartOf\":{\"@id\":\"https:\/\/www.pressenza.com\/es\/2025\/12\/hacer-frente-a-la-guerra\/\"},\"author\":{\"name\":\"Javier Tolcachier\",\"@id\":\"https:\/\/www.pressenza.com\/es\/#\/schema\/person\/f353f6d4eed144101dedba60e6227564\"},\"headline\":\"Hacer frente a la guerra\",\"datePublished\":\"2025-12-18T14:03:48+00:00\",\"dateModified\":\"2025-12-18T15:27:44+00:00\",\"mainEntityOfPage\":{\"@id\":\"https:\/\/www.pressenza.com\/es\/2025\/12\/hacer-frente-a-la-guerra\/\"},\"wordCount\":1328,\"publisher\":{\"@id\":\"https:\/\/www.pressenza.com\/es\/#organization\"},\"image\":{\"@id\":\"https:\/\/www.pressenza.com\/es\/2025\/12\/hacer-frente-a-la-guerra\/#primaryimage\"},\"thumbnailUrl\":\"https:\/\/www.pressenza.com\/wp-content\/uploads\/2025\/12\/marcha-mundial-v2.jpg\",\"keywords\":[\"no a la guerra\",\"No a la guerra de Trump\",\"No Kings\",\"Zona de Paz\"],\"articleSection\":[\"Am\u00e9rica Central\",\"Contenido Original\",\"Norteam\u00e9rica\",\"Paz y Desarme\",\"Sudam\u00e9rica\"],\"inLanguage\":\"es\"},{\"@type\":\"WebPage\",\"@id\":\"https:\/\/www.pressenza.com\/es\/2025\/12\/hacer-frente-a-la-guerra\/\",\"url\":\"https:\/\/www.pressenza.com\/es\/2025\/12\/hacer-frente-a-la-guerra\/\",\"name\":\"Hacer frente a la guerra\",\"isPartOf\":{\"@id\":\"https:\/\/www.pressenza.com\/es\/#website\"},\"primaryImageOfPage\":{\"@id\":\"https:\/\/www.pressenza.com\/es\/2025\/12\/hacer-frente-a-la-guerra\/#primaryimage\"},\"image\":{\"@id\":\"https:\/\/www.pressenza.com\/es\/2025\/12\/hacer-frente-a-la-guerra\/#primaryimage\"},\"thumbnailUrl\":\"https:\/\/www.pressenza.com\/wp-content\/uploads\/2025\/12\/marcha-mundial-v2.jpg\",\"datePublished\":\"2025-12-18T14:03:48+00:00\",\"dateModified\":\"2025-12-18T15:27:44+00:00\",\"description\":\"La descarada agresi\u00f3n de Donald Trump y el Comando Sur contra Venezuela pueden desembocar en una guerra con consecuencias desastrosas para los pueblos de\",\"breadcrumb\":{\"@id\":\"https:\/\/www.pressenza.com\/es\/2025\/12\/hacer-frente-a-la-guerra\/#breadcrumb\"},\"inLanguage\":\"es\",\"potentialAction\":[{\"@type\":\"ReadAction\",\"target\":[\"https:\/\/www.pressenza.com\/es\/2025\/12\/hacer-frente-a-la-guerra\/\"]}]},{\"@type\":\"ImageObject\",\"inLanguage\":\"es\",\"@id\":\"https:\/\/www.pressenza.com\/es\/2025\/12\/hacer-frente-a-la-guerra\/#primaryimage\",\"url\":\"https:\/\/www.pressenza.com\/wp-content\/uploads\/2025\/12\/marcha-mundial-v2.jpg\",\"contentUrl\":\"https:\/\/www.pressenza.com\/wp-content\/uploads\/2025\/12\/marcha-mundial-v2.jpg\",\"width\":994,\"height\":658},{\"@type\":\"BreadcrumbList\",\"@id\":\"https:\/\/www.pressenza.com\/es\/2025\/12\/hacer-frente-a-la-guerra\/#breadcrumb\",\"itemListElement\":[{\"@type\":\"ListItem\",\"position\":1,\"name\":\"Accueil\",\"item\":\"https:\/\/www.pressenza.com\/es\/\"},{\"@type\":\"ListItem\",\"position\":2,\"name\":\"Hacer frente a la guerra\"}]},{\"@type\":\"WebSite\",\"@id\":\"https:\/\/www.pressenza.com\/es\/#website\",\"url\":\"https:\/\/www.pressenza.com\/es\/\",\"name\":\"Pressenza\",\"description\":\"International Press Agency\",\"publisher\":{\"@id\":\"https:\/\/www.pressenza.com\/es\/#organization\"},\"potentialAction\":[{\"@type\":\"SearchAction\",\"target\":{\"@type\":\"EntryPoint\",\"urlTemplate\":\"https:\/\/www.pressenza.com\/es\/?s={search_term_string}\"},\"query-input\":{\"@type\":\"PropertyValueSpecification\",\"valueRequired\":true,\"valueName\":\"search_term_string\"}}],\"inLanguage\":\"es\"},{\"@type\":\"Organization\",\"@id\":\"https:\/\/www.pressenza.com\/es\/#organization\",\"name\":\"Pressenza\",\"url\":\"https:\/\/www.pressenza.com\/es\/\",\"logo\":{\"@type\":\"ImageObject\",\"inLanguage\":\"es\",\"@id\":\"https:\/\/www.pressenza.com\/es\/#\/schema\/logo\/image\/\",\"url\":\"https:\/\/www.pressenza.com\/wp-content\/uploads\/2022\/10\/pressenza_logo_200x200.jpg\",\"contentUrl\":\"https:\/\/www.pressenza.com\/wp-content\/uploads\/2022\/10\/pressenza_logo_200x200.jpg\",\"width\":200,\"height\":200,\"caption\":\"Pressenza\"},\"image\":{\"@id\":\"https:\/\/www.pressenza.com\/es\/#\/schema\/logo\/image\/\"},\"sameAs\":[\"https:\/\/www.facebook.com\/PressenzaItalia\",\"https:\/\/x.com\/PressenzaIPA\"]},{\"@type\":\"Person\",\"@id\":\"https:\/\/www.pressenza.com\/es\/#\/schema\/person\/f353f6d4eed144101dedba60e6227564\",\"name\":\"Javier Tolcachier\",\"description\":\"Javier Tolcachier is a researcher from the World Centre of Humanist Studies, an organism of the Humanist Movement. Mail: javiertolcachier@disroot.org Twitter: @jtolcachier\",\"sameAs\":[\"https:\/\/www.facebook.com\/javier.tolcachier?fref=ts\",\"https:\/\/x.com\/jtolcachier\"],\"url\":\"https:\/\/www.pressenza.com\/es\/author\/javier-tolcachier\/\"}]}<\/script>\n<!-- \/ Yoast SEO plugin. -->","yoast_head_json":{"title":"Hacer frente a la guerra","description":"La descarada agresi\u00f3n de Donald Trump y el Comando Sur contra Venezuela pueden desembocar en una guerra con consecuencias desastrosas para los pueblos de","robots":{"index":"index","follow":"follow","max-snippet":"max-snippet:-1","max-image-preview":"max-image-preview:large","max-video-preview":"max-video-preview:-1"},"canonical":"https:\/\/www.pressenza.com\/es\/2025\/12\/hacer-frente-a-la-guerra\/","og_locale":"es_ES","og_type":"article","og_title":"Hacer frente a la guerra","og_description":"La descarada agresi\u00f3n de Donald Trump y el Comando Sur contra Venezuela pueden desembocar en una guerra con consecuencias desastrosas para los pueblos de","og_url":"https:\/\/www.pressenza.com\/es\/2025\/12\/hacer-frente-a-la-guerra\/","og_site_name":"Pressenza","article_publisher":"https:\/\/www.facebook.com\/PressenzaItalia","article_author":"https:\/\/www.facebook.com\/javier.tolcachier?fref=ts","article_published_time":"2025-12-18T14:03:48+00:00","article_modified_time":"2025-12-18T15:27:44+00:00","og_image":[{"width":994,"height":658,"url":"https:\/\/www.pressenza.com\/wp-content\/uploads\/2025\/12\/marcha-mundial-v2.jpg","type":"image\/jpeg"}],"author":"Javier Tolcachier","twitter_card":"summary_large_image","twitter_creator":"@jtolcachier","twitter_site":"@PressenzaIPA","twitter_misc":{"Escrito por":"Javier Tolcachier","Tiempo de lectura":"6 minutos"},"schema":{"@context":"https:\/\/schema.org","@graph":[{"@type":"Article","@id":"https:\/\/www.pressenza.com\/es\/2025\/12\/hacer-frente-a-la-guerra\/#article","isPartOf":{"@id":"https:\/\/www.pressenza.com\/es\/2025\/12\/hacer-frente-a-la-guerra\/"},"author":{"name":"Javier Tolcachier","@id":"https:\/\/www.pressenza.com\/es\/#\/schema\/person\/f353f6d4eed144101dedba60e6227564"},"headline":"Hacer frente a la guerra","datePublished":"2025-12-18T14:03:48+00:00","dateModified":"2025-12-18T15:27:44+00:00","mainEntityOfPage":{"@id":"https:\/\/www.pressenza.com\/es\/2025\/12\/hacer-frente-a-la-guerra\/"},"wordCount":1328,"publisher":{"@id":"https:\/\/www.pressenza.com\/es\/#organization"},"image":{"@id":"https:\/\/www.pressenza.com\/es\/2025\/12\/hacer-frente-a-la-guerra\/#primaryimage"},"thumbnailUrl":"https:\/\/www.pressenza.com\/wp-content\/uploads\/2025\/12\/marcha-mundial-v2.jpg","keywords":["no a la guerra","No a la guerra de Trump","No Kings","Zona de Paz"],"articleSection":["Am\u00e9rica Central","Contenido Original","Norteam\u00e9rica","Paz y Desarme","Sudam\u00e9rica"],"inLanguage":"es"},{"@type":"WebPage","@id":"https:\/\/www.pressenza.com\/es\/2025\/12\/hacer-frente-a-la-guerra\/","url":"https:\/\/www.pressenza.com\/es\/2025\/12\/hacer-frente-a-la-guerra\/","name":"Hacer frente a la guerra","isPartOf":{"@id":"https:\/\/www.pressenza.com\/es\/#website"},"primaryImageOfPage":{"@id":"https:\/\/www.pressenza.com\/es\/2025\/12\/hacer-frente-a-la-guerra\/#primaryimage"},"image":{"@id":"https:\/\/www.pressenza.com\/es\/2025\/12\/hacer-frente-a-la-guerra\/#primaryimage"},"thumbnailUrl":"https:\/\/www.pressenza.com\/wp-content\/uploads\/2025\/12\/marcha-mundial-v2.jpg","datePublished":"2025-12-18T14:03:48+00:00","dateModified":"2025-12-18T15:27:44+00:00","description":"La descarada agresi\u00f3n de Donald Trump y el Comando Sur contra Venezuela pueden desembocar en una guerra con consecuencias desastrosas para los pueblos de","breadcrumb":{"@id":"https:\/\/www.pressenza.com\/es\/2025\/12\/hacer-frente-a-la-guerra\/#breadcrumb"},"inLanguage":"es","potentialAction":[{"@type":"ReadAction","target":["https:\/\/www.pressenza.com\/es\/2025\/12\/hacer-frente-a-la-guerra\/"]}]},{"@type":"ImageObject","inLanguage":"es","@id":"https:\/\/www.pressenza.com\/es\/2025\/12\/hacer-frente-a-la-guerra\/#primaryimage","url":"https:\/\/www.pressenza.com\/wp-content\/uploads\/2025\/12\/marcha-mundial-v2.jpg","contentUrl":"https:\/\/www.pressenza.com\/wp-content\/uploads\/2025\/12\/marcha-mundial-v2.jpg","width":994,"height":658},{"@type":"BreadcrumbList","@id":"https:\/\/www.pressenza.com\/es\/2025\/12\/hacer-frente-a-la-guerra\/#breadcrumb","itemListElement":[{"@type":"ListItem","position":1,"name":"Accueil","item":"https:\/\/www.pressenza.com\/es\/"},{"@type":"ListItem","position":2,"name":"Hacer frente a la guerra"}]},{"@type":"WebSite","@id":"https:\/\/www.pressenza.com\/es\/#website","url":"https:\/\/www.pressenza.com\/es\/","name":"Pressenza","description":"International Press Agency","publisher":{"@id":"https:\/\/www.pressenza.com\/es\/#organization"},"potentialAction":[{"@type":"SearchAction","target":{"@type":"EntryPoint","urlTemplate":"https:\/\/www.pressenza.com\/es\/?s={search_term_string}"},"query-input":{"@type":"PropertyValueSpecification","valueRequired":true,"valueName":"search_term_string"}}],"inLanguage":"es"},{"@type":"Organization","@id":"https:\/\/www.pressenza.com\/es\/#organization","name":"Pressenza","url":"https:\/\/www.pressenza.com\/es\/","logo":{"@type":"ImageObject","inLanguage":"es","@id":"https:\/\/www.pressenza.com\/es\/#\/schema\/logo\/image\/","url":"https:\/\/www.pressenza.com\/wp-content\/uploads\/2022\/10\/pressenza_logo_200x200.jpg","contentUrl":"https:\/\/www.pressenza.com\/wp-content\/uploads\/2022\/10\/pressenza_logo_200x200.jpg","width":200,"height":200,"caption":"Pressenza"},"image":{"@id":"https:\/\/www.pressenza.com\/es\/#\/schema\/logo\/image\/"},"sameAs":["https:\/\/www.facebook.com\/PressenzaItalia","https:\/\/x.com\/PressenzaIPA"]},{"@type":"Person","@id":"https:\/\/www.pressenza.com\/es\/#\/schema\/person\/f353f6d4eed144101dedba60e6227564","name":"Javier Tolcachier","description":"Javier Tolcachier is a researcher from the World Centre of Humanist Studies, an organism of the Humanist Movement. Mail: javiertolcachier@disroot.org Twitter: @jtolcachier","sameAs":["https:\/\/www.facebook.com\/javier.tolcachier?fref=ts","https:\/\/x.com\/jtolcachier"],"url":"https:\/\/www.pressenza.com\/es\/author\/javier-tolcachier\/"}]}},"place":"","original_article_url":"","_links":{"self":[{"href":"https:\/\/www.pressenza.com\/es\/wp-json\/wp\/v2\/posts\/2662304","targetHints":{"allow":["GET"]}}],"collection":[{"href":"https:\/\/www.pressenza.com\/es\/wp-json\/wp\/v2\/posts"}],"about":[{"href":"https:\/\/www.pressenza.com\/es\/wp-json\/wp\/v2\/types\/post"}],"author":[{"embeddable":true,"href":"https:\/\/www.pressenza.com\/es\/wp-json\/wp\/v2\/users\/970"}],"replies":[{"embeddable":true,"href":"https:\/\/www.pressenza.com\/es\/wp-json\/wp\/v2\/comments?post=2662304"}],"version-history":[{"count":4,"href":"https:\/\/www.pressenza.com\/es\/wp-json\/wp\/v2\/posts\/2662304\/revisions"}],"predecessor-version":[{"id":2662325,"href":"https:\/\/www.pressenza.com\/es\/wp-json\/wp\/v2\/posts\/2662304\/revisions\/2662325"}],"wp:featuredmedia":[{"embeddable":true,"href":"https:\/\/www.pressenza.com\/es\/wp-json\/wp\/v2\/media\/2662310"}],"wp:attachment":[{"href":"https:\/\/www.pressenza.com\/es\/wp-json\/wp\/v2\/media?parent=2662304"}],"wp:term":[{"taxonomy":"category","embeddable":true,"href":"https:\/\/www.pressenza.com\/es\/wp-json\/wp\/v2\/categories?post=2662304"},{"taxonomy":"post_tag","embeddable":true,"href":"https:\/\/www.pressenza.com\/es\/wp-json\/wp\/v2\/tags?post=2662304"}],"curies":[{"name":"wp","href":"https:\/\/api.w.org\/{rel}","templated":true}]}}