{"id":2661550,"date":"2025-12-15T15:59:07","date_gmt":"2025-12-15T15:59:07","guid":{"rendered":"https:\/\/www.pressenza.com\/?p=2661550"},"modified":"2025-12-15T15:59:07","modified_gmt":"2025-12-15T15:59:07","slug":"el-triunfo-de-kast","status":"publish","type":"post","link":"https:\/\/www.pressenza.com\/es\/2025\/12\/el-triunfo-de-kast\/","title":{"rendered":"El triunfo de Kast"},"content":{"rendered":"<p>El nuevo presidente de la rep\u00fablica de Chile ser\u00e1 Jos\u00e9 Antonio Kast. As\u00ed lo ha decidido la ciudadan\u00eda en la segunda ronda electoral en la que el candidato del Partido Republicano ha reunido m\u00e1s de 7 millones de sufragios (59%), una cifra que supera los sufragios de todos los mandatarios anteriores. Su contrincante comunista tuvo tambi\u00e9n a su haber un considerable apoyo electoral, mucho m\u00e1s de las cifras hist\u00f3ricas de su colectividad y de la izquierda.<\/p>\n<p>Luego de largos meses de campa\u00f1a, lo cierto es que esta vez las encuestas s\u00ed acertaron en marcar la preferencia ciudadana por Kast, aunque muchos estimaron que el buen desempe\u00f1o de Jeannette Jara en los debates medi\u00e1ticos podr\u00eda inclinar la aguja a su favor. Sin embargo, parece ser que estas confrontaciones favorecieron m\u00e1s al voto nulo o en blanco, entre los que hay que consignar un amplio repudio hacia ambos candidatos, marcando una cifra que supera con creces al voto de quienes hab\u00edan favorecido en primera vuelta a Franco Parisi, cuyo \u201cPartido de la Gente\u201d llam\u00f3 a no manifestarse en favor de los candidatos que pasaron a la segunda ronda.<\/p>\n<p>Como era de esperarse, las celebraciones de la derecha fueron contundentes, as\u00ed como se hizo evidente la frustraci\u00f3n de ese numeroso conjunto de partidos de la centro izquierda. No faltan ahora quienes aseguran que la mejor candidata para enfrentar a la derecha habr\u00eda sido la PPD Carolina Toh\u00e1 quien, sin embargo, perdi\u00f3 en las primarias de este sector cuando se impuso Jeannette Jara. As\u00ed como entre quienes terminaron d\u00e1ndole su apoyo a Kast aseguran que el triunfo de la derecha habr\u00eda sido m\u00e1s contundente todav\u00eda si la candidata hubiera sido Evelyn Matthei. Pero el resultado de la primera ronda electoral inclin\u00f3 la balanza hacia los candidatos de los partidos m\u00e1s extremos del espectro partidista, por lo que ahora lo m\u00e1s derrotados son los centroderechistas y centroizquierdistas.<\/p>\n<p>Kast ha llamado a la unidad nacional y se propone encabezar un gobierno de emergencia, en un \u201cpa\u00eds que se cae a pedazos\u201d seg\u00fan varios de sus partidarios. Parece muy propuesto, adem\u00e1s, a combatir el crimen organizado, el narcotr\u00e1fico y activar la repatriaci\u00f3n de m\u00e1s de 350 mil extranjeros que se encontrar\u00edan ilegales en nuestro pa\u00eds. En un prop\u00f3sito que desconoce el enorme aporte de la mano de obra inmigrante a nuestra econom\u00eda y, muy especialmente, a la agricultura y dentro del amplio sector de los servicios. Aunque tambi\u00e9n es evidente que en los \u00faltimos a\u00f1os han ingresado a Chile numerosas bandas delictuales que los tribunales y las polic\u00edas han logrado apresar y encarcelar parcialmente en recintos que hoy se encuentran sobrepoblados y donde la Gendarmer\u00eda aparece sobrepasada por las acciones de muchos cabecillas dentro y fuera de estos reclusorios. Por todo lo cual el nuevo gobierno tendr\u00e1 que encarar la urgente necesidad de construir m\u00e1s e inexpugnables centros de aislamiento.<\/p>\n<p>Para el nuevo orden que quiere edificar el Presidente Electo tendr\u00e1 que lograr acuerdos dentro de un Parlamento nuevamente dividido y tensionado, en que muy posiblemente se expresar\u00e1 una f\u00e9rrea oposici\u00f3n a su mandato. No lograr\u00e1 Kast obtener algunas leyes si no logra la mayor\u00eda que necesita, pero todo depender\u00e1 de su liderazgo y habilidad de gobernante, porque s\u00ed existe en el nuevo Legislativo un n\u00famero de independientes posible de ser seducido.<\/p>\n<p>Sin duda que la oposici\u00f3n al nuevo gobierno se expresar\u00e1 m\u00e1s en la sociedad civil, en las instituciones gremiales y sindicales, as\u00ed como en el mundo de Derechos Humanos, donde se teme la gesti\u00f3n de un mandatario radical de quien se supone simpat\u00edas con el pinochetismo, incluso con las ideas del nazismo, en el cual habr\u00edan militado sus padres y abuelos que tambi\u00e9n en su hora fueron inmigrantes.<\/p>\n<p>Ciertamente que la tranquilidad pol\u00edtica en la calle durante el gobierno de Gabriel Boric se debi\u00f3 a que muchos de los que promovieron, por ejemplo, el Estallido Social del 2019, arribaron al Ejecutivo y a la colaboraci\u00f3n con este desde las asesor\u00edas y fundaciones que le dieron cobijo.\u00a0 Se trata justamente de esa \u201ccostra parasitaria\u201d que el gobierno de Kast se propone extirpar de toda la administraci\u00f3n p\u00fablica a partir del primer d\u00eda de su gesti\u00f3n.<\/p>\n<p>Suponemos que s\u00ed o s\u00ed se activar\u00e1n los grupos opositores, ahora que todo el ex oficialismo va a estar con sus dos pies en la calle, adem\u00e1s de lo que hagan los partidos de la centro izquierda desde los medios de comunicaci\u00f3n y del propio Parlamento. Sin embargo, no podemos ignorar el inmenso apoyo popular obtenido por Kast, su Partido Republicano y las colectividades de la centro derecha que tambi\u00e9n han logrado presencia en las movilizaciones callejeras. Todos los cuales ven en la derecha la posibilidad de mantenerse en el poder en m\u00e1s de uno o dos per\u00edodos presidenciales, como lo ha se\u00f1alado el ex l\u00edder de la UDI, Pablo Longueira.<\/p>\n<p>De esta forma, el nuevo gobierno debiera obligarse a mantener los derechos obtenidos por el pueblo en materia salarial y sindical. Incluso en cumplir nuevos avances que aseguren la paz social. No le bastar\u00e1 con combatir a los grupos m\u00e1s radicales de la izquierda sin resolver la tr\u00e1gica realidad de las miles de familias que viven en campamentos a lo largo de todo del pa\u00eds, la situaci\u00f3n de ese mill\u00f3n de desocupados y, seg\u00fan lo prometido, terminar con las largas listas de espera en los hospitales. Sumado a todo esto enmendar el sistema previsional y atender las demandas educacionales, donde se observa hoy un clima extremo de tensi\u00f3n con violentas manifestaciones de los estudiantes.<\/p>\n<p>La tarea del pr\u00f3ximo gobernante ser\u00e1 muy ardua cuando tambi\u00e9n se propone la dr\u00e1stica reducci\u00f3n del presupuesto fiscal, lo que implica el combate a la corrupci\u00f3n que compromete a toda la administraci\u00f3n p\u00fablica, incluyendo a los tribunales de justicia, a no pocos municipios e, incluso, a las polic\u00edas y militares. Hasta donde se extiende la larga mano del narcotr\u00e1fico en el soborno, el cohecho y la malversaci\u00f3n de los caudales p\u00fablicos.<\/p>\n<p>El \u201ccambio\u201d prometido por Kast supone adem\u00e1s una profunda innovaci\u00f3n en nuestra diplomacia de manera de comprometer amistad, por ejemplo, con los reg\u00edmenes de Argentina y El Salvador y alentar la desestabilizaci\u00f3n del gobierno venezolano. Muy conteste con las acciones en nuestro continente del presidente estadounidense Donald Trump que amenazan la soberan\u00eda de sus naciones.<\/p>\n<p>Este viraje en nuestras relaciones exteriores nos augura tensiones internas si se considera los muchos chilenos latinoamericanistas y antiimperialistas no dispuestos al alineamiento de nuestra pol\u00edtica exterior con los reg\u00edmenes de derecha que ahora se prodigan en todo el mundo.<\/p>\n<p>Aunque los resultados electorales son muy contundentes, en este caso en favor de la ultraderecha, no hay que descartar que en el voto a Kast hay muchos que lo apoyaron porque ven en \u00e9l la posibilidad de neutralizar la delincuencia expresada e m\u00faltiples homicidios, robos, secuestros, asaltos y otros delitos. Apostando a que exista una acci\u00f3n gubernamental dr\u00e1stica que cumpla con la promesa de reubicar a Chile entre los pa\u00edses m\u00e1s seguros del mundo. Que siga, al respecto, los pasos del presidente salvadore\u00f1o Nayib Bukele para disminuir casi a cero el fen\u00f3meno de la delincuencia en su pa\u00eds.<\/p>\n<p>Todo esto porque la propaganda electoral y la orientaci\u00f3n medi\u00e1tica fue efectiva en convencernos de vivir una realidad ciertamente exagerada si se la compara con lo que realmente sucede en los pa\u00edses m\u00e1s afectados por la lacra de la inseguridad social.<\/p>\n<p>Sumado a lo anterior, debemos consignar las denuncias acciones judiciales relativas a la corrupci\u00f3n de militantes y operadores pol\u00edticos del gobierno de Gabriel Boric. Posiblemente exageradas, tambi\u00e9n, durante la contienda electoral. Procesos que podr\u00edan esclarecerse durante la gesti\u00f3n del nuevo gobierno generando las tensiones correspondientes.<\/p>\n<p>Hay que reconocer la debilidad gubernativa de todos los \u00faltimos gobiernos de centro izquierda o derecha que dejaron al pa\u00eds con un m\u00ednimo de crecimiento econ\u00f3mico y con altos \u00edndices de inconformidad social. \u00a0Con mandatarios que se impusieron en elecciones, pero muy r\u00e1pidamente perdieron apoyo popular en el poder. Ello es lo que mejor explica la aguja electoral inclinada en favor ahora del candidato m\u00e1s radicalizado de la derecha. Tal como ha ocurrido en otros casos de la historia universal y regional que derivaron en gobiernos autoritarios o, incluso, totalitarios. Pero debemos aceptar que son principalmente el c\u00famulo de errores y desprop\u00f3sitos de los gobiernos precedentes los que llevaron a la ciudadan\u00eda nacional a apostar por la salida m\u00e1s extrema.<\/p>\n<p>Es necesaria la autocr\u00edtica de los derrotados, as\u00ed como la templanza de los nuevos mandatarios. Porque en muy claro, tambi\u00e9n, que tenemos una poblaci\u00f3n profundamente dividida e indignada por las desigualdades sociales, el sectarismo, el caudillismo y el ideologismo insensato. Los que de prolongarse continuar\u00e1n tensionando gravemente nuestra convivencia.<\/p>\n<p>Conviene agregar que Chile vivi\u00f3 la campa\u00f1a electoral m\u00e1s sucia de todas las \u00faltimas d\u00e9cadas, especialmente por el desempe\u00f1o irresponsable en las redes sociales y el protagonismo televisivo de un periodismo gravemente sesgado. Todo lo cual no ayud\u00f3 al voto libre e informado atendiendo al bajo nivel educacional de nuestra poblaci\u00f3n y a su escasa vocaci\u00f3n c\u00edvica.<\/p>\n","protected":false},"excerpt":{"rendered":"<p>El nuevo presidente de la rep\u00fablica de Chile ser\u00e1 Jos\u00e9 Antonio Kast. As\u00ed lo ha decidido la ciudadan\u00eda en la segunda ronda electoral en la que el candidato del Partido Republicano ha reunido m\u00e1s de 7 millones de sufragios (59%),&hellip;<\/p>\n","protected":false},"author":1739,"featured_media":2661551,"comment_status":"closed","ping_status":"closed","sticky":false,"template":"","format":"standard","meta":{"footnotes":""},"categories":[11389,161,74,67],"tags":[29,403,141996],"class_list":["post-2661550","post","type-post","status-publish","format-standard","has-post-thumbnail","hentry","category-contenido-original","category-opiniones","category-politica-es","category-sudamerica","tag-chile","tag-elecciones","tag-kast"],"yoast_head":"<!-- This site is optimized with the Yoast SEO plugin v27.1.1 - https:\/\/yoast.com\/product\/yoast-seo-wordpress\/ -->\n<title>El triunfo de Kast<\/title>\n<meta name=\"description\" content=\"El nuevo presidente de la rep\u00fablica de Chile ser\u00e1 Jos\u00e9 Antonio Kast. As\u00ed lo ha decidido la ciudadan\u00eda en la segunda ronda electoral en la que el candidato\" \/>\n<meta name=\"robots\" content=\"index, follow, max-snippet:-1, max-image-preview:large, max-video-preview:-1\" \/>\n<link rel=\"canonical\" href=\"https:\/\/www.pressenza.com\/es\/2025\/12\/el-triunfo-de-kast\/\" \/>\n<meta property=\"og:locale\" content=\"es_ES\" \/>\n<meta property=\"og:type\" content=\"article\" \/>\n<meta property=\"og:title\" content=\"El triunfo de Kast\" \/>\n<meta property=\"og:description\" content=\"El nuevo presidente de la rep\u00fablica de Chile ser\u00e1 Jos\u00e9 Antonio Kast. As\u00ed lo ha decidido la ciudadan\u00eda en la segunda ronda electoral en la que el candidato\" \/>\n<meta property=\"og:url\" content=\"https:\/\/www.pressenza.com\/es\/2025\/12\/el-triunfo-de-kast\/\" \/>\n<meta property=\"og:site_name\" content=\"Pressenza\" \/>\n<meta property=\"article:publisher\" content=\"https:\/\/www.facebook.com\/PressenzaItalia\" \/>\n<meta property=\"article:published_time\" content=\"2025-12-15T15:59:07+00:00\" \/>\n<meta property=\"og:image\" content=\"https:\/\/www.pressenza.com\/wp-content\/uploads\/2025\/12\/985aaf42a39143fc2b9600c83014f04e.jpg\" \/>\n\t<meta property=\"og:image:width\" content=\"736\" \/>\n\t<meta property=\"og:image:height\" content=\"736\" \/>\n\t<meta property=\"og:image:type\" content=\"image\/jpeg\" \/>\n<meta name=\"author\" content=\"Juan Pablo C\u00e1rdenas\" \/>\n<meta name=\"twitter:card\" content=\"summary_large_image\" \/>\n<meta name=\"twitter:creator\" content=\"@PressenzaIPA\" \/>\n<meta name=\"twitter:site\" content=\"@PressenzaIPA\" \/>\n<meta name=\"twitter:label1\" content=\"Escrito por\" \/>\n\t<meta name=\"twitter:data1\" content=\"Juan Pablo C\u00e1rdenas\" \/>\n\t<meta name=\"twitter:label2\" content=\"Tiempo de lectura\" \/>\n\t<meta name=\"twitter:data2\" content=\"8 minutos\" \/>\n<script type=\"application\/ld+json\" class=\"yoast-schema-graph\">{\"@context\":\"https:\/\/schema.org\",\"@graph\":[{\"@type\":\"Article\",\"@id\":\"https:\/\/www.pressenza.com\/es\/2025\/12\/el-triunfo-de-kast\/#article\",\"isPartOf\":{\"@id\":\"https:\/\/www.pressenza.com\/es\/2025\/12\/el-triunfo-de-kast\/\"},\"author\":{\"name\":\"Juan Pablo C\u00e1rdenas\",\"@id\":\"https:\/\/www.pressenza.com\/es\/#\/schema\/person\/d72a7c8c014dcbfa2ef9e9976103ea0d\"},\"headline\":\"El triunfo de Kast\",\"datePublished\":\"2025-12-15T15:59:07+00:00\",\"mainEntityOfPage\":{\"@id\":\"https:\/\/www.pressenza.com\/es\/2025\/12\/el-triunfo-de-kast\/\"},\"wordCount\":1612,\"publisher\":{\"@id\":\"https:\/\/www.pressenza.com\/es\/#organization\"},\"image\":{\"@id\":\"https:\/\/www.pressenza.com\/es\/2025\/12\/el-triunfo-de-kast\/#primaryimage\"},\"thumbnailUrl\":\"https:\/\/www.pressenza.com\/wp-content\/uploads\/2025\/12\/985aaf42a39143fc2b9600c83014f04e.jpg\",\"keywords\":[\"Chile\",\"elecciones\",\"Kast\"],\"articleSection\":[\"Contenido Original\",\"Opiniones\",\"Pol\u00edtica\",\"Sudam\u00e9rica\"],\"inLanguage\":\"es\"},{\"@type\":\"WebPage\",\"@id\":\"https:\/\/www.pressenza.com\/es\/2025\/12\/el-triunfo-de-kast\/\",\"url\":\"https:\/\/www.pressenza.com\/es\/2025\/12\/el-triunfo-de-kast\/\",\"name\":\"El triunfo de Kast\",\"isPartOf\":{\"@id\":\"https:\/\/www.pressenza.com\/es\/#website\"},\"primaryImageOfPage\":{\"@id\":\"https:\/\/www.pressenza.com\/es\/2025\/12\/el-triunfo-de-kast\/#primaryimage\"},\"image\":{\"@id\":\"https:\/\/www.pressenza.com\/es\/2025\/12\/el-triunfo-de-kast\/#primaryimage\"},\"thumbnailUrl\":\"https:\/\/www.pressenza.com\/wp-content\/uploads\/2025\/12\/985aaf42a39143fc2b9600c83014f04e.jpg\",\"datePublished\":\"2025-12-15T15:59:07+00:00\",\"description\":\"El nuevo presidente de la rep\u00fablica de Chile ser\u00e1 Jos\u00e9 Antonio Kast. As\u00ed lo ha decidido la ciudadan\u00eda en la segunda ronda electoral en la que el candidato\",\"breadcrumb\":{\"@id\":\"https:\/\/www.pressenza.com\/es\/2025\/12\/el-triunfo-de-kast\/#breadcrumb\"},\"inLanguage\":\"es\",\"potentialAction\":[{\"@type\":\"ReadAction\",\"target\":[\"https:\/\/www.pressenza.com\/es\/2025\/12\/el-triunfo-de-kast\/\"]}]},{\"@type\":\"ImageObject\",\"inLanguage\":\"es\",\"@id\":\"https:\/\/www.pressenza.com\/es\/2025\/12\/el-triunfo-de-kast\/#primaryimage\",\"url\":\"https:\/\/www.pressenza.com\/wp-content\/uploads\/2025\/12\/985aaf42a39143fc2b9600c83014f04e.jpg\",\"contentUrl\":\"https:\/\/www.pressenza.com\/wp-content\/uploads\/2025\/12\/985aaf42a39143fc2b9600c83014f04e.jpg\",\"width\":736,\"height\":736},{\"@type\":\"BreadcrumbList\",\"@id\":\"https:\/\/www.pressenza.com\/es\/2025\/12\/el-triunfo-de-kast\/#breadcrumb\",\"itemListElement\":[{\"@type\":\"ListItem\",\"position\":1,\"name\":\"Accueil\",\"item\":\"https:\/\/www.pressenza.com\/es\/\"},{\"@type\":\"ListItem\",\"position\":2,\"name\":\"El triunfo de Kast\"}]},{\"@type\":\"WebSite\",\"@id\":\"https:\/\/www.pressenza.com\/es\/#website\",\"url\":\"https:\/\/www.pressenza.com\/es\/\",\"name\":\"Pressenza\",\"description\":\"International Press Agency\",\"publisher\":{\"@id\":\"https:\/\/www.pressenza.com\/es\/#organization\"},\"potentialAction\":[{\"@type\":\"SearchAction\",\"target\":{\"@type\":\"EntryPoint\",\"urlTemplate\":\"https:\/\/www.pressenza.com\/es\/?s={search_term_string}\"},\"query-input\":{\"@type\":\"PropertyValueSpecification\",\"valueRequired\":true,\"valueName\":\"search_term_string\"}}],\"inLanguage\":\"es\"},{\"@type\":\"Organization\",\"@id\":\"https:\/\/www.pressenza.com\/es\/#organization\",\"name\":\"Pressenza\",\"url\":\"https:\/\/www.pressenza.com\/es\/\",\"logo\":{\"@type\":\"ImageObject\",\"inLanguage\":\"es\",\"@id\":\"https:\/\/www.pressenza.com\/es\/#\/schema\/logo\/image\/\",\"url\":\"https:\/\/www.pressenza.com\/wp-content\/uploads\/2022\/10\/pressenza_logo_200x200.jpg\",\"contentUrl\":\"https:\/\/www.pressenza.com\/wp-content\/uploads\/2022\/10\/pressenza_logo_200x200.jpg\",\"width\":200,\"height\":200,\"caption\":\"Pressenza\"},\"image\":{\"@id\":\"https:\/\/www.pressenza.com\/es\/#\/schema\/logo\/image\/\"},\"sameAs\":[\"https:\/\/www.facebook.com\/PressenzaItalia\",\"https:\/\/x.com\/PressenzaIPA\"]},{\"@type\":\"Person\",\"@id\":\"https:\/\/www.pressenza.com\/es\/#\/schema\/person\/d72a7c8c014dcbfa2ef9e9976103ea0d\",\"name\":\"Juan Pablo C\u00e1rdenas\",\"description\":\"Juan Pablo C\u00e1rdenas Squella es un periodista y profesor universitario de vasta trayectoria. En el 2005 recibi\u00f3 en premio nacional de Periodismo y, antes, la Pluma de Oro de la Libertad, otorgada por la Federaci\u00f3n Mundial de la Prensa. Tambi\u00e9n obtuvo el Premio Latinoamericano de Periodismo, la Houten Camara de Holanda (1989) entre otras m\u00faltiples distinciones nacionales y extranjeras. Forma parte de los sesenta periodistas del mundo considerados H\u00e9roes de la Libertad de Expresi\u00f3n, reconocimiento hecho por la Federaci\u00f3n Internacional de Periodistas. Ha sido director y columnista de las revistas Debate Universitario, An\u00e1lisis y Los Tiempos, as\u00ed como del diario electr\u00f3nico primeral\u00ednea.cl. Tambi\u00e9n fue por m\u00e1s 18 a\u00f1os director de la Radio Universidad de Chile y de su diario digital. Se ha desempe\u00f1ado como profesor de varias escuelas de periodismo de Santiago y Valpara\u00edso y en la Universidad de Chile alcanz\u00f3 el grado de profesor titular y senador universitario.\",\"url\":\"https:\/\/www.pressenza.com\/es\/author\/juan-pablo-cardenas\/\"}]}<\/script>\n<!-- \/ Yoast SEO plugin. -->","yoast_head_json":{"title":"El triunfo de Kast","description":"El nuevo presidente de la rep\u00fablica de Chile ser\u00e1 Jos\u00e9 Antonio Kast. As\u00ed lo ha decidido la ciudadan\u00eda en la segunda ronda electoral en la que el candidato","robots":{"index":"index","follow":"follow","max-snippet":"max-snippet:-1","max-image-preview":"max-image-preview:large","max-video-preview":"max-video-preview:-1"},"canonical":"https:\/\/www.pressenza.com\/es\/2025\/12\/el-triunfo-de-kast\/","og_locale":"es_ES","og_type":"article","og_title":"El triunfo de Kast","og_description":"El nuevo presidente de la rep\u00fablica de Chile ser\u00e1 Jos\u00e9 Antonio Kast. As\u00ed lo ha decidido la ciudadan\u00eda en la segunda ronda electoral en la que el candidato","og_url":"https:\/\/www.pressenza.com\/es\/2025\/12\/el-triunfo-de-kast\/","og_site_name":"Pressenza","article_publisher":"https:\/\/www.facebook.com\/PressenzaItalia","article_published_time":"2025-12-15T15:59:07+00:00","og_image":[{"width":736,"height":736,"url":"https:\/\/www.pressenza.com\/wp-content\/uploads\/2025\/12\/985aaf42a39143fc2b9600c83014f04e.jpg","type":"image\/jpeg"}],"author":"Juan Pablo C\u00e1rdenas","twitter_card":"summary_large_image","twitter_creator":"@PressenzaIPA","twitter_site":"@PressenzaIPA","twitter_misc":{"Escrito por":"Juan Pablo C\u00e1rdenas","Tiempo de lectura":"8 minutos"},"schema":{"@context":"https:\/\/schema.org","@graph":[{"@type":"Article","@id":"https:\/\/www.pressenza.com\/es\/2025\/12\/el-triunfo-de-kast\/#article","isPartOf":{"@id":"https:\/\/www.pressenza.com\/es\/2025\/12\/el-triunfo-de-kast\/"},"author":{"name":"Juan Pablo C\u00e1rdenas","@id":"https:\/\/www.pressenza.com\/es\/#\/schema\/person\/d72a7c8c014dcbfa2ef9e9976103ea0d"},"headline":"El triunfo de Kast","datePublished":"2025-12-15T15:59:07+00:00","mainEntityOfPage":{"@id":"https:\/\/www.pressenza.com\/es\/2025\/12\/el-triunfo-de-kast\/"},"wordCount":1612,"publisher":{"@id":"https:\/\/www.pressenza.com\/es\/#organization"},"image":{"@id":"https:\/\/www.pressenza.com\/es\/2025\/12\/el-triunfo-de-kast\/#primaryimage"},"thumbnailUrl":"https:\/\/www.pressenza.com\/wp-content\/uploads\/2025\/12\/985aaf42a39143fc2b9600c83014f04e.jpg","keywords":["Chile","elecciones","Kast"],"articleSection":["Contenido Original","Opiniones","Pol\u00edtica","Sudam\u00e9rica"],"inLanguage":"es"},{"@type":"WebPage","@id":"https:\/\/www.pressenza.com\/es\/2025\/12\/el-triunfo-de-kast\/","url":"https:\/\/www.pressenza.com\/es\/2025\/12\/el-triunfo-de-kast\/","name":"El triunfo de Kast","isPartOf":{"@id":"https:\/\/www.pressenza.com\/es\/#website"},"primaryImageOfPage":{"@id":"https:\/\/www.pressenza.com\/es\/2025\/12\/el-triunfo-de-kast\/#primaryimage"},"image":{"@id":"https:\/\/www.pressenza.com\/es\/2025\/12\/el-triunfo-de-kast\/#primaryimage"},"thumbnailUrl":"https:\/\/www.pressenza.com\/wp-content\/uploads\/2025\/12\/985aaf42a39143fc2b9600c83014f04e.jpg","datePublished":"2025-12-15T15:59:07+00:00","description":"El nuevo presidente de la rep\u00fablica de Chile ser\u00e1 Jos\u00e9 Antonio Kast. As\u00ed lo ha decidido la ciudadan\u00eda en la segunda ronda electoral en la que el candidato","breadcrumb":{"@id":"https:\/\/www.pressenza.com\/es\/2025\/12\/el-triunfo-de-kast\/#breadcrumb"},"inLanguage":"es","potentialAction":[{"@type":"ReadAction","target":["https:\/\/www.pressenza.com\/es\/2025\/12\/el-triunfo-de-kast\/"]}]},{"@type":"ImageObject","inLanguage":"es","@id":"https:\/\/www.pressenza.com\/es\/2025\/12\/el-triunfo-de-kast\/#primaryimage","url":"https:\/\/www.pressenza.com\/wp-content\/uploads\/2025\/12\/985aaf42a39143fc2b9600c83014f04e.jpg","contentUrl":"https:\/\/www.pressenza.com\/wp-content\/uploads\/2025\/12\/985aaf42a39143fc2b9600c83014f04e.jpg","width":736,"height":736},{"@type":"BreadcrumbList","@id":"https:\/\/www.pressenza.com\/es\/2025\/12\/el-triunfo-de-kast\/#breadcrumb","itemListElement":[{"@type":"ListItem","position":1,"name":"Accueil","item":"https:\/\/www.pressenza.com\/es\/"},{"@type":"ListItem","position":2,"name":"El triunfo de Kast"}]},{"@type":"WebSite","@id":"https:\/\/www.pressenza.com\/es\/#website","url":"https:\/\/www.pressenza.com\/es\/","name":"Pressenza","description":"International Press Agency","publisher":{"@id":"https:\/\/www.pressenza.com\/es\/#organization"},"potentialAction":[{"@type":"SearchAction","target":{"@type":"EntryPoint","urlTemplate":"https:\/\/www.pressenza.com\/es\/?s={search_term_string}"},"query-input":{"@type":"PropertyValueSpecification","valueRequired":true,"valueName":"search_term_string"}}],"inLanguage":"es"},{"@type":"Organization","@id":"https:\/\/www.pressenza.com\/es\/#organization","name":"Pressenza","url":"https:\/\/www.pressenza.com\/es\/","logo":{"@type":"ImageObject","inLanguage":"es","@id":"https:\/\/www.pressenza.com\/es\/#\/schema\/logo\/image\/","url":"https:\/\/www.pressenza.com\/wp-content\/uploads\/2022\/10\/pressenza_logo_200x200.jpg","contentUrl":"https:\/\/www.pressenza.com\/wp-content\/uploads\/2022\/10\/pressenza_logo_200x200.jpg","width":200,"height":200,"caption":"Pressenza"},"image":{"@id":"https:\/\/www.pressenza.com\/es\/#\/schema\/logo\/image\/"},"sameAs":["https:\/\/www.facebook.com\/PressenzaItalia","https:\/\/x.com\/PressenzaIPA"]},{"@type":"Person","@id":"https:\/\/www.pressenza.com\/es\/#\/schema\/person\/d72a7c8c014dcbfa2ef9e9976103ea0d","name":"Juan Pablo C\u00e1rdenas","description":"Juan Pablo C\u00e1rdenas Squella es un periodista y profesor universitario de vasta trayectoria. En el 2005 recibi\u00f3 en premio nacional de Periodismo y, antes, la Pluma de Oro de la Libertad, otorgada por la Federaci\u00f3n Mundial de la Prensa. Tambi\u00e9n obtuvo el Premio Latinoamericano de Periodismo, la Houten Camara de Holanda (1989) entre otras m\u00faltiples distinciones nacionales y extranjeras. Forma parte de los sesenta periodistas del mundo considerados H\u00e9roes de la Libertad de Expresi\u00f3n, reconocimiento hecho por la Federaci\u00f3n Internacional de Periodistas. Ha sido director y columnista de las revistas Debate Universitario, An\u00e1lisis y Los Tiempos, as\u00ed como del diario electr\u00f3nico primeral\u00ednea.cl. Tambi\u00e9n fue por m\u00e1s 18 a\u00f1os director de la Radio Universidad de Chile y de su diario digital. Se ha desempe\u00f1ado como profesor de varias escuelas de periodismo de Santiago y Valpara\u00edso y en la Universidad de Chile alcanz\u00f3 el grado de profesor titular y senador universitario.","url":"https:\/\/www.pressenza.com\/es\/author\/juan-pablo-cardenas\/"}]}},"place":"Santiago de Chile","original_article_url":"","_links":{"self":[{"href":"https:\/\/www.pressenza.com\/es\/wp-json\/wp\/v2\/posts\/2661550","targetHints":{"allow":["GET"]}}],"collection":[{"href":"https:\/\/www.pressenza.com\/es\/wp-json\/wp\/v2\/posts"}],"about":[{"href":"https:\/\/www.pressenza.com\/es\/wp-json\/wp\/v2\/types\/post"}],"author":[{"embeddable":true,"href":"https:\/\/www.pressenza.com\/es\/wp-json\/wp\/v2\/users\/1739"}],"replies":[{"embeddable":true,"href":"https:\/\/www.pressenza.com\/es\/wp-json\/wp\/v2\/comments?post=2661550"}],"version-history":[{"count":2,"href":"https:\/\/www.pressenza.com\/es\/wp-json\/wp\/v2\/posts\/2661550\/revisions"}],"predecessor-version":[{"id":2661554,"href":"https:\/\/www.pressenza.com\/es\/wp-json\/wp\/v2\/posts\/2661550\/revisions\/2661554"}],"wp:featuredmedia":[{"embeddable":true,"href":"https:\/\/www.pressenza.com\/es\/wp-json\/wp\/v2\/media\/2661551"}],"wp:attachment":[{"href":"https:\/\/www.pressenza.com\/es\/wp-json\/wp\/v2\/media?parent=2661550"}],"wp:term":[{"taxonomy":"category","embeddable":true,"href":"https:\/\/www.pressenza.com\/es\/wp-json\/wp\/v2\/categories?post=2661550"},{"taxonomy":"post_tag","embeddable":true,"href":"https:\/\/www.pressenza.com\/es\/wp-json\/wp\/v2\/tags?post=2661550"}],"curies":[{"name":"wp","href":"https:\/\/api.w.org\/{rel}","templated":true}]}}