{"id":2661150,"date":"2025-12-13T21:28:37","date_gmt":"2025-12-13T21:28:37","guid":{"rendered":"https:\/\/www.pressenza.com\/?p=2661150"},"modified":"2025-12-13T21:28:37","modified_gmt":"2025-12-13T21:28:37","slug":"cuba-ratifica-compromiso-con-garantia-de-derechos-de-personas-con-discapacidad","status":"publish","type":"post","link":"https:\/\/www.pressenza.com\/es\/2025\/12\/cuba-ratifica-compromiso-con-garantia-de-derechos-de-personas-con-discapacidad\/","title":{"rendered":"Cuba ratifica compromiso con garant\u00eda de derechos de personas con discapacidad"},"content":{"rendered":"<p>Cuando se cumple el 19\u00ba aniversario de la aprobaci\u00f3n de la Convenci\u00f3n sobre los Derechos de las Personas con Discapacidad en la Asamblea General de las Naciones Unidas, las principales asociaciones cubanas del sector participaron este viernes en un panel de reflexi\u00f3n y an\u00e1lisis sobre los avances y desaf\u00edos en la materia.<\/p>\n<p>El encuentro, titulado \u00abCuba y la protecci\u00f3n de los derechos de las personas con discapacidad\u00bb, se desarroll\u00f3 en la Biblioteca Nacional \u00abJos\u00e9 Mart\u00ed\u00bb, de la capital cubana, y reuni\u00f3 a representantes de varias organizaciones, que agrupan a una comunidad de unas 400.000 personas.<\/p>\n<p>El panel cont\u00f3 con la presencia e intervenciones de voceros de la Asociaci\u00f3n Cubana de Personas con Discapacidad F\u00edsico-Motora (ACLIFIM), la Asociaci\u00f3n Nacional del Ciego (ANCI), la Asociaci\u00f3n Nacional de Sordos de Cuba (ANSOC) y la Asociaci\u00f3n Cubana de Personas en Situaci\u00f3n de Discapacidad Intelectual (ACPDI).<\/p>\n<p>Seg\u00fan sus organizadores, el espacio sirvi\u00f3 para examinar, desde la perspectiva de las propias personas con discapacidad y sus organizaciones, la implementaci\u00f3n en Cuba de los postulados de la Convenci\u00f3n, tratado internacional adoptado por la ONU el 13 de diciembre de 2006 y ratificado por la isla caribe\u00f1a.<\/p>\n<p>El presidente de la Asociaci\u00f3n Nacional del Ciego (ANCI), Jorge Luis Cala, destac\u00f3 como el mayor logro de los \u00faltimos a\u00f1os la cohesi\u00f3n, el acompa\u00f1amiento y la participaci\u00f3n activa en los procesos de desarrollo legislativo y en el dise\u00f1o e implementaci\u00f3n de pol\u00edticas sociales a nivel nacional.<\/p>\n<p>Cala subray\u00f3 que la mayor fortaleza reside en la atenci\u00f3n directa y el intercambio constante con el Estado cubano.<\/p>\n<p>Resalt\u00f3 la importancia del di\u00e1logo, que se mantiene incluso desde los m\u00e1s altos niveles de direcci\u00f3n del pa\u00eds, y el seguimiento que desde la Presidencia de la Rep\u00fablica se brinda a cada uno de los programas dirigidos a este sector.<\/p>\n<p>Por su parte, la presidenta nacional de la Asociaci\u00f3n Cubana de Personas en Situaci\u00f3n de Discapacidad Intelectual (ACPDI), Mayel\u00edn Oliva, se\u00f1al\u00f3 que una de las fortalezas fundamentales de la organizaci\u00f3n ha sido la inserci\u00f3n efectiva de sus miembros a la sociedad.<\/p>\n<p>Entre los \u00e9xitos m\u00e1s relevantes, mencion\u00f3 la expansi\u00f3n de su trabajo a nueve provincias y 24 municipios de Cuba.<\/p>\n<p>Asimismo, Oliva enfatiz\u00f3 como un hito significativo la creaci\u00f3n, de conjunto con el Estado, del Centro de Desarrollo de Habilidades y Cuidados para personas con discapacidad intelectual mayores de 18 a\u00f1os, una instituci\u00f3n que prioriza el v\u00ednculo familiar y representa un avance concreto en la atenci\u00f3n a este grupo poblacional.<\/p>\n<p>Durante el debate, los panelistas abordaron tem\u00e1ticas relacionadas con la inclusi\u00f3n social, la accesibilidad, el empleo, la educaci\u00f3n y la participaci\u00f3n plena y efectiva en la sociedad, principios fundamentales del instrumento internacional.<\/p>\n<p>Tambi\u00e9n se\u00f1alaron que la celebraci\u00f3n de este panel en un espacio cultural emblem\u00e1tico como la Biblioteca Nacional subraya la importancia que se otorga al tema de la discapacidad como parte de los derechos humanos y del proyecto social cubano.<\/p>\n<p>El evento constituy\u00f3 una oportunidad para reafirmar el compromiso con la continuidad del trabajo para eliminar barreras y garantizar la igualdad de oportunidades para todas las personas.<\/p>\n","protected":false},"excerpt":{"rendered":"<p>Cuando se cumple el 19\u00ba aniversario de la aprobaci\u00f3n de la Convenci\u00f3n sobre los Derechos de las Personas con Discapacidad en la Asamblea General de las Naciones Unidas, las principales asociaciones cubanas del sector participaron este viernes en un panel&hellip;<\/p>\n","protected":false},"author":2266,"featured_media":2661151,"comment_status":"closed","ping_status":"closed","sticky":false,"template":"","format":"standard","meta":{"footnotes":""},"categories":[69,79,1241,106739],"tags":[379,16121],"class_list":["post-2661150","post","type-post","status-publish","format-standard","has-post-thumbnail","hentry","category-america-central","category-derechos-humanos","category-diversidad","category-noticia","tag-cuba-es","tag-discapacidad"],"yoast_head":"<!-- This site is optimized with the Yoast SEO plugin v27.1.1 - https:\/\/yoast.com\/product\/yoast-seo-wordpress\/ -->\n<title>Cuba ratifica compromiso con garant\u00eda de derechos de personas con discapacidad<\/title>\n<meta name=\"description\" content=\"Cuando se cumple el 19\u00ba aniversario de la aprobaci\u00f3n de la Convenci\u00f3n sobre los Derechos de las Personas con Discapacidad en la Asamblea General de las\" \/>\n<meta name=\"robots\" content=\"index, follow, max-snippet:-1, max-image-preview:large, max-video-preview:-1\" \/>\n<link rel=\"canonical\" href=\"https:\/\/www.pressenza.com\/es\/2025\/12\/cuba-ratifica-compromiso-con-garantia-de-derechos-de-personas-con-discapacidad\/\" \/>\n<meta property=\"og:locale\" content=\"es_ES\" \/>\n<meta property=\"og:type\" content=\"article\" \/>\n<meta property=\"og:title\" content=\"Cuba ratifica compromiso con garant\u00eda de derechos de personas con discapacidad\" \/>\n<meta property=\"og:description\" content=\"Cuando se cumple el 19\u00ba aniversario de la aprobaci\u00f3n de la Convenci\u00f3n sobre los Derechos de las Personas con Discapacidad en la Asamblea General de las\" \/>\n<meta property=\"og:url\" content=\"https:\/\/www.pressenza.com\/es\/2025\/12\/cuba-ratifica-compromiso-con-garantia-de-derechos-de-personas-con-discapacidad\/\" \/>\n<meta property=\"og:site_name\" content=\"Pressenza\" \/>\n<meta property=\"article:publisher\" content=\"https:\/\/www.facebook.com\/PressenzaItalia\" \/>\n<meta property=\"article:published_time\" content=\"2025-12-13T21:28:37+00:00\" \/>\n<meta property=\"og:image\" content=\"https:\/\/www.pressenza.com\/wp-content\/uploads\/2025\/12\/personas-con-discapacidad-1.jpg\" \/>\n\t<meta property=\"og:image:width\" content=\"1024\" \/>\n\t<meta property=\"og:image:height\" content=\"620\" \/>\n\t<meta property=\"og:image:type\" content=\"image\/jpeg\" \/>\n<meta name=\"author\" content=\"Xinhua\" \/>\n<meta name=\"twitter:card\" content=\"summary_large_image\" \/>\n<meta name=\"twitter:creator\" content=\"@PressenzaIPA\" \/>\n<meta name=\"twitter:site\" content=\"@PressenzaIPA\" \/>\n<meta name=\"twitter:label1\" content=\"Escrito por\" \/>\n\t<meta name=\"twitter:data1\" content=\"Xinhua\" \/>\n\t<meta name=\"twitter:label2\" content=\"Tiempo de lectura\" \/>\n\t<meta name=\"twitter:data2\" content=\"3 minutos\" \/>\n<script type=\"application\/ld+json\" class=\"yoast-schema-graph\">{\"@context\":\"https:\/\/schema.org\",\"@graph\":[{\"@type\":\"Article\",\"@id\":\"https:\/\/www.pressenza.com\/es\/2025\/12\/cuba-ratifica-compromiso-con-garantia-de-derechos-de-personas-con-discapacidad\/#article\",\"isPartOf\":{\"@id\":\"https:\/\/www.pressenza.com\/es\/2025\/12\/cuba-ratifica-compromiso-con-garantia-de-derechos-de-personas-con-discapacidad\/\"},\"author\":{\"name\":\"Xinhua\",\"@id\":\"https:\/\/www.pressenza.com\/es\/#\/schema\/person\/f7d16a80c42ebb5aefb3b4c8b32b6c2e\"},\"headline\":\"Cuba ratifica compromiso con garant\u00eda de derechos de personas con discapacidad\",\"datePublished\":\"2025-12-13T21:28:37+00:00\",\"mainEntityOfPage\":{\"@id\":\"https:\/\/www.pressenza.com\/es\/2025\/12\/cuba-ratifica-compromiso-con-garantia-de-derechos-de-personas-con-discapacidad\/\"},\"wordCount\":560,\"publisher\":{\"@id\":\"https:\/\/www.pressenza.com\/es\/#organization\"},\"image\":{\"@id\":\"https:\/\/www.pressenza.com\/es\/2025\/12\/cuba-ratifica-compromiso-con-garantia-de-derechos-de-personas-con-discapacidad\/#primaryimage\"},\"thumbnailUrl\":\"https:\/\/www.pressenza.com\/wp-content\/uploads\/2025\/12\/personas-con-discapacidad-1.jpg\",\"keywords\":[\"Cuba\",\"discapacidad\"],\"articleSection\":[\"Am\u00e9rica Central\",\"Derechos Humanos\",\"Diversidad\",\"Noticia\"],\"inLanguage\":\"es\"},{\"@type\":\"WebPage\",\"@id\":\"https:\/\/www.pressenza.com\/es\/2025\/12\/cuba-ratifica-compromiso-con-garantia-de-derechos-de-personas-con-discapacidad\/\",\"url\":\"https:\/\/www.pressenza.com\/es\/2025\/12\/cuba-ratifica-compromiso-con-garantia-de-derechos-de-personas-con-discapacidad\/\",\"name\":\"Cuba ratifica compromiso con garant\u00eda de derechos de personas con discapacidad\",\"isPartOf\":{\"@id\":\"https:\/\/www.pressenza.com\/es\/#website\"},\"primaryImageOfPage\":{\"@id\":\"https:\/\/www.pressenza.com\/es\/2025\/12\/cuba-ratifica-compromiso-con-garantia-de-derechos-de-personas-con-discapacidad\/#primaryimage\"},\"image\":{\"@id\":\"https:\/\/www.pressenza.com\/es\/2025\/12\/cuba-ratifica-compromiso-con-garantia-de-derechos-de-personas-con-discapacidad\/#primaryimage\"},\"thumbnailUrl\":\"https:\/\/www.pressenza.com\/wp-content\/uploads\/2025\/12\/personas-con-discapacidad-1.jpg\",\"datePublished\":\"2025-12-13T21:28:37+00:00\",\"description\":\"Cuando se cumple el 19\u00ba aniversario de la aprobaci\u00f3n de la Convenci\u00f3n sobre los Derechos de las Personas con Discapacidad en la Asamblea General de las\",\"breadcrumb\":{\"@id\":\"https:\/\/www.pressenza.com\/es\/2025\/12\/cuba-ratifica-compromiso-con-garantia-de-derechos-de-personas-con-discapacidad\/#breadcrumb\"},\"inLanguage\":\"es\",\"potentialAction\":[{\"@type\":\"ReadAction\",\"target\":[\"https:\/\/www.pressenza.com\/es\/2025\/12\/cuba-ratifica-compromiso-con-garantia-de-derechos-de-personas-con-discapacidad\/\"]}]},{\"@type\":\"ImageObject\",\"inLanguage\":\"es\",\"@id\":\"https:\/\/www.pressenza.com\/es\/2025\/12\/cuba-ratifica-compromiso-con-garantia-de-derechos-de-personas-con-discapacidad\/#primaryimage\",\"url\":\"https:\/\/www.pressenza.com\/wp-content\/uploads\/2025\/12\/personas-con-discapacidad-1.jpg\",\"contentUrl\":\"https:\/\/www.pressenza.com\/wp-content\/uploads\/2025\/12\/personas-con-discapacidad-1.jpg\",\"width\":1024,\"height\":620},{\"@type\":\"BreadcrumbList\",\"@id\":\"https:\/\/www.pressenza.com\/es\/2025\/12\/cuba-ratifica-compromiso-con-garantia-de-derechos-de-personas-con-discapacidad\/#breadcrumb\",\"itemListElement\":[{\"@type\":\"ListItem\",\"position\":1,\"name\":\"Accueil\",\"item\":\"https:\/\/www.pressenza.com\/es\/\"},{\"@type\":\"ListItem\",\"position\":2,\"name\":\"Cuba ratifica compromiso con garant\u00eda de derechos de personas con discapacidad\"}]},{\"@type\":\"WebSite\",\"@id\":\"https:\/\/www.pressenza.com\/es\/#website\",\"url\":\"https:\/\/www.pressenza.com\/es\/\",\"name\":\"Pressenza\",\"description\":\"International Press Agency\",\"publisher\":{\"@id\":\"https:\/\/www.pressenza.com\/es\/#organization\"},\"potentialAction\":[{\"@type\":\"SearchAction\",\"target\":{\"@type\":\"EntryPoint\",\"urlTemplate\":\"https:\/\/www.pressenza.com\/es\/?s={search_term_string}\"},\"query-input\":{\"@type\":\"PropertyValueSpecification\",\"valueRequired\":true,\"valueName\":\"search_term_string\"}}],\"inLanguage\":\"es\"},{\"@type\":\"Organization\",\"@id\":\"https:\/\/www.pressenza.com\/es\/#organization\",\"name\":\"Pressenza\",\"url\":\"https:\/\/www.pressenza.com\/es\/\",\"logo\":{\"@type\":\"ImageObject\",\"inLanguage\":\"es\",\"@id\":\"https:\/\/www.pressenza.com\/es\/#\/schema\/logo\/image\/\",\"url\":\"https:\/\/www.pressenza.com\/wp-content\/uploads\/2022\/10\/pressenza_logo_200x200.jpg\",\"contentUrl\":\"https:\/\/www.pressenza.com\/wp-content\/uploads\/2022\/10\/pressenza_logo_200x200.jpg\",\"width\":200,\"height\":200,\"caption\":\"Pressenza\"},\"image\":{\"@id\":\"https:\/\/www.pressenza.com\/es\/#\/schema\/logo\/image\/\"},\"sameAs\":[\"https:\/\/www.facebook.com\/PressenzaItalia\",\"https:\/\/x.com\/PressenzaIPA\"]},{\"@type\":\"Person\",\"@id\":\"https:\/\/www.pressenza.com\/es\/#\/schema\/person\/f7d16a80c42ebb5aefb3b4c8b32b6c2e\",\"name\":\"Xinhua\",\"description\":\"Official State news agency of the People's Republic of China. http:\/\/www.xinhuanet.com\/. \u00a0 \u00a0Xinhua articles and photos published on Pressenza are free to reproduce, provided that the source and author are clearly mentioned.\",\"url\":\"https:\/\/www.pressenza.com\/es\/author\/xinhua\/\"}]}<\/script>\n<!-- \/ Yoast SEO plugin. -->","yoast_head_json":{"title":"Cuba ratifica compromiso con garant\u00eda de derechos de personas con discapacidad","description":"Cuando se cumple el 19\u00ba aniversario de la aprobaci\u00f3n de la Convenci\u00f3n sobre los Derechos de las Personas con Discapacidad en la Asamblea General de las","robots":{"index":"index","follow":"follow","max-snippet":"max-snippet:-1","max-image-preview":"max-image-preview:large","max-video-preview":"max-video-preview:-1"},"canonical":"https:\/\/www.pressenza.com\/es\/2025\/12\/cuba-ratifica-compromiso-con-garantia-de-derechos-de-personas-con-discapacidad\/","og_locale":"es_ES","og_type":"article","og_title":"Cuba ratifica compromiso con garant\u00eda de derechos de personas con discapacidad","og_description":"Cuando se cumple el 19\u00ba aniversario de la aprobaci\u00f3n de la Convenci\u00f3n sobre los Derechos de las Personas con Discapacidad en la Asamblea General de las","og_url":"https:\/\/www.pressenza.com\/es\/2025\/12\/cuba-ratifica-compromiso-con-garantia-de-derechos-de-personas-con-discapacidad\/","og_site_name":"Pressenza","article_publisher":"https:\/\/www.facebook.com\/PressenzaItalia","article_published_time":"2025-12-13T21:28:37+00:00","og_image":[{"width":1024,"height":620,"url":"https:\/\/www.pressenza.com\/wp-content\/uploads\/2025\/12\/personas-con-discapacidad-1.jpg","type":"image\/jpeg"}],"author":"Xinhua","twitter_card":"summary_large_image","twitter_creator":"@PressenzaIPA","twitter_site":"@PressenzaIPA","twitter_misc":{"Escrito por":"Xinhua","Tiempo de lectura":"3 minutos"},"schema":{"@context":"https:\/\/schema.org","@graph":[{"@type":"Article","@id":"https:\/\/www.pressenza.com\/es\/2025\/12\/cuba-ratifica-compromiso-con-garantia-de-derechos-de-personas-con-discapacidad\/#article","isPartOf":{"@id":"https:\/\/www.pressenza.com\/es\/2025\/12\/cuba-ratifica-compromiso-con-garantia-de-derechos-de-personas-con-discapacidad\/"},"author":{"name":"Xinhua","@id":"https:\/\/www.pressenza.com\/es\/#\/schema\/person\/f7d16a80c42ebb5aefb3b4c8b32b6c2e"},"headline":"Cuba ratifica compromiso con garant\u00eda de derechos de personas con discapacidad","datePublished":"2025-12-13T21:28:37+00:00","mainEntityOfPage":{"@id":"https:\/\/www.pressenza.com\/es\/2025\/12\/cuba-ratifica-compromiso-con-garantia-de-derechos-de-personas-con-discapacidad\/"},"wordCount":560,"publisher":{"@id":"https:\/\/www.pressenza.com\/es\/#organization"},"image":{"@id":"https:\/\/www.pressenza.com\/es\/2025\/12\/cuba-ratifica-compromiso-con-garantia-de-derechos-de-personas-con-discapacidad\/#primaryimage"},"thumbnailUrl":"https:\/\/www.pressenza.com\/wp-content\/uploads\/2025\/12\/personas-con-discapacidad-1.jpg","keywords":["Cuba","discapacidad"],"articleSection":["Am\u00e9rica Central","Derechos Humanos","Diversidad","Noticia"],"inLanguage":"es"},{"@type":"WebPage","@id":"https:\/\/www.pressenza.com\/es\/2025\/12\/cuba-ratifica-compromiso-con-garantia-de-derechos-de-personas-con-discapacidad\/","url":"https:\/\/www.pressenza.com\/es\/2025\/12\/cuba-ratifica-compromiso-con-garantia-de-derechos-de-personas-con-discapacidad\/","name":"Cuba ratifica compromiso con garant\u00eda de derechos de personas con discapacidad","isPartOf":{"@id":"https:\/\/www.pressenza.com\/es\/#website"},"primaryImageOfPage":{"@id":"https:\/\/www.pressenza.com\/es\/2025\/12\/cuba-ratifica-compromiso-con-garantia-de-derechos-de-personas-con-discapacidad\/#primaryimage"},"image":{"@id":"https:\/\/www.pressenza.com\/es\/2025\/12\/cuba-ratifica-compromiso-con-garantia-de-derechos-de-personas-con-discapacidad\/#primaryimage"},"thumbnailUrl":"https:\/\/www.pressenza.com\/wp-content\/uploads\/2025\/12\/personas-con-discapacidad-1.jpg","datePublished":"2025-12-13T21:28:37+00:00","description":"Cuando se cumple el 19\u00ba aniversario de la aprobaci\u00f3n de la Convenci\u00f3n sobre los Derechos de las Personas con Discapacidad en la Asamblea General de las","breadcrumb":{"@id":"https:\/\/www.pressenza.com\/es\/2025\/12\/cuba-ratifica-compromiso-con-garantia-de-derechos-de-personas-con-discapacidad\/#breadcrumb"},"inLanguage":"es","potentialAction":[{"@type":"ReadAction","target":["https:\/\/www.pressenza.com\/es\/2025\/12\/cuba-ratifica-compromiso-con-garantia-de-derechos-de-personas-con-discapacidad\/"]}]},{"@type":"ImageObject","inLanguage":"es","@id":"https:\/\/www.pressenza.com\/es\/2025\/12\/cuba-ratifica-compromiso-con-garantia-de-derechos-de-personas-con-discapacidad\/#primaryimage","url":"https:\/\/www.pressenza.com\/wp-content\/uploads\/2025\/12\/personas-con-discapacidad-1.jpg","contentUrl":"https:\/\/www.pressenza.com\/wp-content\/uploads\/2025\/12\/personas-con-discapacidad-1.jpg","width":1024,"height":620},{"@type":"BreadcrumbList","@id":"https:\/\/www.pressenza.com\/es\/2025\/12\/cuba-ratifica-compromiso-con-garantia-de-derechos-de-personas-con-discapacidad\/#breadcrumb","itemListElement":[{"@type":"ListItem","position":1,"name":"Accueil","item":"https:\/\/www.pressenza.com\/es\/"},{"@type":"ListItem","position":2,"name":"Cuba ratifica compromiso con garant\u00eda de derechos de personas con discapacidad"}]},{"@type":"WebSite","@id":"https:\/\/www.pressenza.com\/es\/#website","url":"https:\/\/www.pressenza.com\/es\/","name":"Pressenza","description":"International Press Agency","publisher":{"@id":"https:\/\/www.pressenza.com\/es\/#organization"},"potentialAction":[{"@type":"SearchAction","target":{"@type":"EntryPoint","urlTemplate":"https:\/\/www.pressenza.com\/es\/?s={search_term_string}"},"query-input":{"@type":"PropertyValueSpecification","valueRequired":true,"valueName":"search_term_string"}}],"inLanguage":"es"},{"@type":"Organization","@id":"https:\/\/www.pressenza.com\/es\/#organization","name":"Pressenza","url":"https:\/\/www.pressenza.com\/es\/","logo":{"@type":"ImageObject","inLanguage":"es","@id":"https:\/\/www.pressenza.com\/es\/#\/schema\/logo\/image\/","url":"https:\/\/www.pressenza.com\/wp-content\/uploads\/2022\/10\/pressenza_logo_200x200.jpg","contentUrl":"https:\/\/www.pressenza.com\/wp-content\/uploads\/2022\/10\/pressenza_logo_200x200.jpg","width":200,"height":200,"caption":"Pressenza"},"image":{"@id":"https:\/\/www.pressenza.com\/es\/#\/schema\/logo\/image\/"},"sameAs":["https:\/\/www.facebook.com\/PressenzaItalia","https:\/\/x.com\/PressenzaIPA"]},{"@type":"Person","@id":"https:\/\/www.pressenza.com\/es\/#\/schema\/person\/f7d16a80c42ebb5aefb3b4c8b32b6c2e","name":"Xinhua","description":"Official State news agency of the People's Republic of China. http:\/\/www.xinhuanet.com\/. \u00a0 \u00a0Xinhua articles and photos published on Pressenza are free to reproduce, provided that the source and author are clearly mentioned.","url":"https:\/\/www.pressenza.com\/es\/author\/xinhua\/"}]}},"place":"La Habana, Cuba","original_article_url":"https:\/\/spanish.xinhuanet.com\/20251213\/de455250c57040e79761ec4213b13a7c\/c.html","_links":{"self":[{"href":"https:\/\/www.pressenza.com\/es\/wp-json\/wp\/v2\/posts\/2661150","targetHints":{"allow":["GET"]}}],"collection":[{"href":"https:\/\/www.pressenza.com\/es\/wp-json\/wp\/v2\/posts"}],"about":[{"href":"https:\/\/www.pressenza.com\/es\/wp-json\/wp\/v2\/types\/post"}],"author":[{"embeddable":true,"href":"https:\/\/www.pressenza.com\/es\/wp-json\/wp\/v2\/users\/2266"}],"replies":[{"embeddable":true,"href":"https:\/\/www.pressenza.com\/es\/wp-json\/wp\/v2\/comments?post=2661150"}],"version-history":[{"count":1,"href":"https:\/\/www.pressenza.com\/es\/wp-json\/wp\/v2\/posts\/2661150\/revisions"}],"predecessor-version":[{"id":2661152,"href":"https:\/\/www.pressenza.com\/es\/wp-json\/wp\/v2\/posts\/2661150\/revisions\/2661152"}],"wp:featuredmedia":[{"embeddable":true,"href":"https:\/\/www.pressenza.com\/es\/wp-json\/wp\/v2\/media\/2661151"}],"wp:attachment":[{"href":"https:\/\/www.pressenza.com\/es\/wp-json\/wp\/v2\/media?parent=2661150"}],"wp:term":[{"taxonomy":"category","embeddable":true,"href":"https:\/\/www.pressenza.com\/es\/wp-json\/wp\/v2\/categories?post=2661150"},{"taxonomy":"post_tag","embeddable":true,"href":"https:\/\/www.pressenza.com\/es\/wp-json\/wp\/v2\/tags?post=2661150"}],"curies":[{"name":"wp","href":"https:\/\/api.w.org\/{rel}","templated":true}]}}