{"id":2660901,"date":"2025-12-13T02:36:18","date_gmt":"2025-12-13T02:36:18","guid":{"rendered":"https:\/\/www.pressenza.com\/?p=2660901"},"modified":"2025-12-13T02:40:01","modified_gmt":"2025-12-13T02:40:01","slug":"soledad-la-nueva-novela-de-ximena-guiraldes-que-explora-la-vida-interior-y-resiliencia-de-una-mujer","status":"publish","type":"post","link":"https:\/\/www.pressenza.com\/es\/2025\/12\/soledad-la-nueva-novela-de-ximena-guiraldes-que-explora-la-vida-interior-y-resiliencia-de-una-mujer\/","title":{"rendered":"\u201cSoledad\u201d, la nueva novela de Ximena G\u00fciraldes que explora la vida interior y resiliencia de una mujer"},"content":{"rendered":"<h3>La Editorial Forja acaba de publicar la novela \u201cSoledad\u201d, de la escritora Ximena G\u00fciraldes, una obra que atrapa desde la primera p\u00e1gina con un lenguaje \u00edntimo y una mirada profunda sobre los afectos, las p\u00e9rdidas y las b\u00fasquedas personales. Un relato donde el amor y la soledad se entrelazan con la intensidad de lo vivido y de lo que se calla.<\/h3>\n<p>\u201c<em>Soledad es un libro que se habita. No basta con pasar sus p\u00e1ginas; hay que entrar en ellas con los cinco sentidos, permitir que su intensidad, su dolor, su sensualidad nos toquen, nos sacudan, nos acaricien con ternura y tambi\u00e9n con rabia<\/em>\u201d. Con esas palabras, el escritor Jos\u00e9 Ignacio Valenzuela describe la primera novela de Ximena G\u00fciraldes. Y es precisamente esa experiencia sensorial la que propone la autora: una historia donde el erotismo, la memoria y la reflexi\u00f3n se mezclan en una trama de emociones que resultan tan reales como universales.<\/p>\n<p>La novela relata la experiencia \u00edntima de una mujer atravesada por el deseo, la memoria, la p\u00e9rdida y la soledad. En su vida confluyen relaciones afectivas intensas, experiencias er\u00f3ticas y recuerdos dolorosos, que la impulsan a una b\u00fasqueda interior: comprender lo vivido, sus grietas y sus silencios. No se trata solo de una historia de amor o de p\u00e9rdida, sino tambi\u00e9n de un viaje hacia la reflexi\u00f3n personal, donde las tensiones sociales en un contexto pol\u00edtico de Dictadura, las expectativas culturales y las heridas emocionales convergen. A lo largo de la narraci\u00f3n, la protagonista se enfrenta a sus contradicciones, a las heridas del pasado y al anhelo de redenci\u00f3n, mientras construye una identidad fr\u00e1gil, pero consciente.<\/p>\n<p>Durante el lanzamiento del libro, el escritor y cr\u00edtico literario, Javier Edwards Renard, destac\u00f3 que \u201c<em>todos los elementos que conforman la trama de Soledad ocupan el lugar necesario, la densidad exacta, la emoci\u00f3n que golpea con f\u00e9rrea austeridad, el contexto socio pol\u00edtico que nos hace pensar sin renunciar a verdades aceptadas, pero \u00a0tambi\u00e9n, sin dejar de mostrar una perspectiva m\u00e1s amplia que no justifica, pero s\u00ed ayuda a ver el trasfondo de lo humano<\/em>\u201d.<\/p>\n<p>\u201c<em>Habr\u00e1 quien quiera decir que se trata de una novela femenina, pero en realidad, esta es una novela en el que la voz de una mujer toma la palabra para hablar al que quiera o\u00edr y entender. Esta novela la entender\u00e1n desde el ADN de su g\u00e9nero las mujeres, pero \u00a1qu\u00e9 lecci\u00f3n para los que leemos desde la otra orilla!<\/em>\u201d, concluy\u00f3.<\/p>\n<h3>Familia de escritores<\/h3>\n<p>Ximena G\u00fciraldes pertenece a una familia de escritores. Es licenciada en Relaciones Humanas y Sociales, con estudios en Ciencias Pol\u00edticas en la Universidad de Chile y Filosof\u00eda en la Pontificia Universidad Cat\u00f3lica. Ha sido finalista en numerosos concursos de cuentos entre 2013 y 2023, pero su primera publicaci\u00f3n literaria lleg\u00f3 reci\u00e9n con \u00abVidrios empa\u00f1ados\u00bb (Editorial Forja, 2023), libro que reuni\u00f3 cinco de sus relatos premiados.<\/p>\n<p>Con \u201cSoledad\u201d, su primera novela, confirma una voz narrativa madura, sensible y honesta, capaz de conectar con el lector desde la emoci\u00f3n y la reflexi\u00f3n. Ya se encuentra disponible en librer\u00edas y en el sitio web de Editorial Forja (<a href=\"https:\/\/www.editorialforja.cl\/\">www.editorialforja.cl<\/a>).<\/p>\n<p><img loading=\"lazy\" decoding=\"async\" class=\"alignnone  wp-image-2660907\" src=\"https:\/\/www.pressenza.com\/wp-content\/uploads\/2025\/12\/Portada-1-200x300.png\" alt=\"\" width=\"273\" height=\"410\" srcset=\"https:\/\/www.pressenza.com\/wp-content\/uploads\/2025\/12\/Portada-1-200x300.png 200w, https:\/\/www.pressenza.com\/wp-content\/uploads\/2025\/12\/Portada-1.png 347w\" sizes=\"auto, (max-width: 273px) 100vw, 273px\" \/><\/p>\n<p>&nbsp;<\/p>\n<p>&nbsp;<\/p>\n","protected":false},"excerpt":{"rendered":"<p>La Editorial Forja acaba de publicar la novela \u201cSoledad\u201d, de la escritora Ximena G\u00fciraldes, una obra que atrapa desde la primera p\u00e1gina con un lenguaje \u00edntimo y una mirada profunda sobre los afectos, las p\u00e9rdidas y las b\u00fasquedas personales. Un&hellip;<\/p>\n","protected":false},"author":2011,"featured_media":2660906,"comment_status":"closed","ping_status":"closed","sticky":false,"template":"","format":"standard","meta":{"footnotes":""},"categories":[11389,54515,106739,67],"tags":[148107,27815,148106,113066],"class_list":["post-2660901","post","type-post","status-publish","format-standard","has-post-thumbnail","hentry","category-contenido-original","category-genero-y-feminismos","category-noticia","category-sudamerica","tag-editorial-forja","tag-mujer","tag-musa","tag-obra-literaria"],"yoast_head":"<!-- This site is optimized with the Yoast SEO plugin v27.1.1 - https:\/\/yoast.com\/product\/yoast-seo-wordpress\/ -->\n<title>\u201cSoledad\u201d, la nueva novela de Ximena G\u00fciraldes que explora la vida interior y resiliencia de una mujer<\/title>\n<meta name=\"description\" content=\"La Editorial Forja acaba de publicar la novela \u201cSoledad\u201d, de la escritora Ximena G\u00fciraldes, una obra que atrapa desde la primera p\u00e1gina con un lenguaje\" \/>\n<meta name=\"robots\" content=\"index, follow, max-snippet:-1, max-image-preview:large, max-video-preview:-1\" \/>\n<link rel=\"canonical\" href=\"https:\/\/www.pressenza.com\/es\/2025\/12\/soledad-la-nueva-novela-de-ximena-guiraldes-que-explora-la-vida-interior-y-resiliencia-de-una-mujer\/\" \/>\n<meta property=\"og:locale\" content=\"es_ES\" \/>\n<meta property=\"og:type\" content=\"article\" \/>\n<meta property=\"og:title\" content=\"\u201cSoledad\u201d, la nueva novela de Ximena G\u00fciraldes que explora la vida interior y resiliencia de una mujer\" \/>\n<meta property=\"og:description\" content=\"La Editorial Forja acaba de publicar la novela \u201cSoledad\u201d, de la escritora Ximena G\u00fciraldes, una obra que atrapa desde la primera p\u00e1gina con un lenguaje\" \/>\n<meta property=\"og:url\" content=\"https:\/\/www.pressenza.com\/es\/2025\/12\/soledad-la-nueva-novela-de-ximena-guiraldes-que-explora-la-vida-interior-y-resiliencia-de-una-mujer\/\" \/>\n<meta property=\"og:site_name\" content=\"Pressenza\" \/>\n<meta property=\"article:publisher\" content=\"https:\/\/www.facebook.com\/PressenzaItalia\" \/>\n<meta property=\"article:published_time\" content=\"2025-12-13T02:36:18+00:00\" \/>\n<meta property=\"article:modified_time\" content=\"2025-12-13T02:40:01+00:00\" \/>\n<meta property=\"og:image\" content=\"https:\/\/www.pressenza.com\/wp-content\/uploads\/2025\/12\/WhatsApp-Image-2025-11-25-at-9.09.20-PM-1.jpeg\" \/>\n\t<meta property=\"og:image:width\" content=\"863\" \/>\n\t<meta property=\"og:image:height\" content=\"621\" \/>\n\t<meta property=\"og:image:type\" content=\"image\/jpeg\" \/>\n<meta name=\"author\" content=\"Mariana Hales Beseler\" \/>\n<meta name=\"twitter:card\" content=\"summary_large_image\" \/>\n<meta name=\"twitter:creator\" content=\"@PressenzaIPA\" \/>\n<meta name=\"twitter:site\" content=\"@PressenzaIPA\" \/>\n<meta name=\"twitter:label1\" content=\"Escrito por\" \/>\n\t<meta name=\"twitter:data1\" content=\"Mariana Hales Beseler\" \/>\n\t<meta name=\"twitter:label2\" content=\"Tiempo de lectura\" \/>\n\t<meta name=\"twitter:data2\" content=\"3 minutos\" \/>\n<script type=\"application\/ld+json\" class=\"yoast-schema-graph\">{\"@context\":\"https:\/\/schema.org\",\"@graph\":[{\"@type\":\"Article\",\"@id\":\"https:\/\/www.pressenza.com\/es\/2025\/12\/soledad-la-nueva-novela-de-ximena-guiraldes-que-explora-la-vida-interior-y-resiliencia-de-una-mujer\/#article\",\"isPartOf\":{\"@id\":\"https:\/\/www.pressenza.com\/es\/2025\/12\/soledad-la-nueva-novela-de-ximena-guiraldes-que-explora-la-vida-interior-y-resiliencia-de-una-mujer\/\"},\"author\":{\"name\":\"Mariana Hales Beseler\",\"@id\":\"https:\/\/www.pressenza.com\/es\/#\/schema\/person\/03ad45693deae00354a5a14ad538ed1e\"},\"headline\":\"\u201cSoledad\u201d, la nueva novela de Ximena G\u00fciraldes que explora la vida interior y resiliencia de una mujer\",\"datePublished\":\"2025-12-13T02:36:18+00:00\",\"dateModified\":\"2025-12-13T02:40:01+00:00\",\"mainEntityOfPage\":{\"@id\":\"https:\/\/www.pressenza.com\/es\/2025\/12\/soledad-la-nueva-novela-de-ximena-guiraldes-que-explora-la-vida-interior-y-resiliencia-de-una-mujer\/\"},\"wordCount\":568,\"publisher\":{\"@id\":\"https:\/\/www.pressenza.com\/es\/#organization\"},\"image\":{\"@id\":\"https:\/\/www.pressenza.com\/es\/2025\/12\/soledad-la-nueva-novela-de-ximena-guiraldes-que-explora-la-vida-interior-y-resiliencia-de-una-mujer\/#primaryimage\"},\"thumbnailUrl\":\"https:\/\/www.pressenza.com\/wp-content\/uploads\/2025\/12\/WhatsApp-Image-2025-11-25-at-9.09.20-PM-1.jpeg\",\"keywords\":[\"Editorial Forja\",\"mujer\",\"musa\",\"obra literaria\"],\"articleSection\":[\"Contenido Original\",\"G\u00e9nero y Feminismos\",\"Noticia\",\"Sudam\u00e9rica\"],\"inLanguage\":\"es\"},{\"@type\":\"WebPage\",\"@id\":\"https:\/\/www.pressenza.com\/es\/2025\/12\/soledad-la-nueva-novela-de-ximena-guiraldes-que-explora-la-vida-interior-y-resiliencia-de-una-mujer\/\",\"url\":\"https:\/\/www.pressenza.com\/es\/2025\/12\/soledad-la-nueva-novela-de-ximena-guiraldes-que-explora-la-vida-interior-y-resiliencia-de-una-mujer\/\",\"name\":\"\u201cSoledad\u201d, la nueva novela de Ximena G\u00fciraldes que explora la vida interior y resiliencia de una mujer\",\"isPartOf\":{\"@id\":\"https:\/\/www.pressenza.com\/es\/#website\"},\"primaryImageOfPage\":{\"@id\":\"https:\/\/www.pressenza.com\/es\/2025\/12\/soledad-la-nueva-novela-de-ximena-guiraldes-que-explora-la-vida-interior-y-resiliencia-de-una-mujer\/#primaryimage\"},\"image\":{\"@id\":\"https:\/\/www.pressenza.com\/es\/2025\/12\/soledad-la-nueva-novela-de-ximena-guiraldes-que-explora-la-vida-interior-y-resiliencia-de-una-mujer\/#primaryimage\"},\"thumbnailUrl\":\"https:\/\/www.pressenza.com\/wp-content\/uploads\/2025\/12\/WhatsApp-Image-2025-11-25-at-9.09.20-PM-1.jpeg\",\"datePublished\":\"2025-12-13T02:36:18+00:00\",\"dateModified\":\"2025-12-13T02:40:01+00:00\",\"description\":\"La Editorial Forja acaba de publicar la novela \u201cSoledad\u201d, de la escritora Ximena G\u00fciraldes, una obra que atrapa desde la primera p\u00e1gina con un lenguaje\",\"breadcrumb\":{\"@id\":\"https:\/\/www.pressenza.com\/es\/2025\/12\/soledad-la-nueva-novela-de-ximena-guiraldes-que-explora-la-vida-interior-y-resiliencia-de-una-mujer\/#breadcrumb\"},\"inLanguage\":\"es\",\"potentialAction\":[{\"@type\":\"ReadAction\",\"target\":[\"https:\/\/www.pressenza.com\/es\/2025\/12\/soledad-la-nueva-novela-de-ximena-guiraldes-que-explora-la-vida-interior-y-resiliencia-de-una-mujer\/\"]}]},{\"@type\":\"ImageObject\",\"inLanguage\":\"es\",\"@id\":\"https:\/\/www.pressenza.com\/es\/2025\/12\/soledad-la-nueva-novela-de-ximena-guiraldes-que-explora-la-vida-interior-y-resiliencia-de-una-mujer\/#primaryimage\",\"url\":\"https:\/\/www.pressenza.com\/wp-content\/uploads\/2025\/12\/WhatsApp-Image-2025-11-25-at-9.09.20-PM-1.jpeg\",\"contentUrl\":\"https:\/\/www.pressenza.com\/wp-content\/uploads\/2025\/12\/WhatsApp-Image-2025-11-25-at-9.09.20-PM-1.jpeg\",\"width\":863,\"height\":621},{\"@type\":\"BreadcrumbList\",\"@id\":\"https:\/\/www.pressenza.com\/es\/2025\/12\/soledad-la-nueva-novela-de-ximena-guiraldes-que-explora-la-vida-interior-y-resiliencia-de-una-mujer\/#breadcrumb\",\"itemListElement\":[{\"@type\":\"ListItem\",\"position\":1,\"name\":\"Accueil\",\"item\":\"https:\/\/www.pressenza.com\/es\/\"},{\"@type\":\"ListItem\",\"position\":2,\"name\":\"\u201cSoledad\u201d, la nueva novela de Ximena G\u00fciraldes que explora la vida interior y resiliencia de una mujer\"}]},{\"@type\":\"WebSite\",\"@id\":\"https:\/\/www.pressenza.com\/es\/#website\",\"url\":\"https:\/\/www.pressenza.com\/es\/\",\"name\":\"Pressenza\",\"description\":\"International Press Agency\",\"publisher\":{\"@id\":\"https:\/\/www.pressenza.com\/es\/#organization\"},\"potentialAction\":[{\"@type\":\"SearchAction\",\"target\":{\"@type\":\"EntryPoint\",\"urlTemplate\":\"https:\/\/www.pressenza.com\/es\/?s={search_term_string}\"},\"query-input\":{\"@type\":\"PropertyValueSpecification\",\"valueRequired\":true,\"valueName\":\"search_term_string\"}}],\"inLanguage\":\"es\"},{\"@type\":\"Organization\",\"@id\":\"https:\/\/www.pressenza.com\/es\/#organization\",\"name\":\"Pressenza\",\"url\":\"https:\/\/www.pressenza.com\/es\/\",\"logo\":{\"@type\":\"ImageObject\",\"inLanguage\":\"es\",\"@id\":\"https:\/\/www.pressenza.com\/es\/#\/schema\/logo\/image\/\",\"url\":\"https:\/\/www.pressenza.com\/wp-content\/uploads\/2022\/10\/pressenza_logo_200x200.jpg\",\"contentUrl\":\"https:\/\/www.pressenza.com\/wp-content\/uploads\/2022\/10\/pressenza_logo_200x200.jpg\",\"width\":200,\"height\":200,\"caption\":\"Pressenza\"},\"image\":{\"@id\":\"https:\/\/www.pressenza.com\/es\/#\/schema\/logo\/image\/\"},\"sameAs\":[\"https:\/\/www.facebook.com\/PressenzaItalia\",\"https:\/\/x.com\/PressenzaIPA\"]},{\"@type\":\"Person\",\"@id\":\"https:\/\/www.pressenza.com\/es\/#\/schema\/person\/03ad45693deae00354a5a14ad538ed1e\",\"name\":\"Mariana Hales Beseler\",\"description\":\"Periodista chilena. Desde el a\u00f1o 2003 trabaja en distintas editoriales como encargada de comunicaciones, en relaci\u00f3n con muchos autores y sus creaciones. El a\u00f1o 2012 cre\u00f3 una oficina de servicios editoriales y comunicacionales a trav\u00e9s de la cual hace prensa y difusi\u00f3n, asesor\u00edas para autores y temas relacionados a la edici\u00f3n y publicaci\u00f3n de libros. Desde ese mismo a\u00f1o trabaja con Chilevisi\u00f3n para la concreci\u00f3n del proyecto audiovisual \\\"In\u00e9s\\\", basado en el libro \\\"In\u00e9s del Alma M\u00eda\\\" de Isabel Allende, el que pr\u00f3ximamente ser\u00e1 exhibido en Chile.\",\"sameAs\":[\"http:\/\/www.marianahales.com\/\"],\"url\":\"https:\/\/www.pressenza.com\/es\/author\/mariana-hales-beseler\/\"}]}<\/script>\n<!-- \/ Yoast SEO plugin. -->","yoast_head_json":{"title":"\u201cSoledad\u201d, la nueva novela de Ximena G\u00fciraldes que explora la vida interior y resiliencia de una mujer","description":"La Editorial Forja acaba de publicar la novela \u201cSoledad\u201d, de la escritora Ximena G\u00fciraldes, una obra que atrapa desde la primera p\u00e1gina con un lenguaje","robots":{"index":"index","follow":"follow","max-snippet":"max-snippet:-1","max-image-preview":"max-image-preview:large","max-video-preview":"max-video-preview:-1"},"canonical":"https:\/\/www.pressenza.com\/es\/2025\/12\/soledad-la-nueva-novela-de-ximena-guiraldes-que-explora-la-vida-interior-y-resiliencia-de-una-mujer\/","og_locale":"es_ES","og_type":"article","og_title":"\u201cSoledad\u201d, la nueva novela de Ximena G\u00fciraldes que explora la vida interior y resiliencia de una mujer","og_description":"La Editorial Forja acaba de publicar la novela \u201cSoledad\u201d, de la escritora Ximena G\u00fciraldes, una obra que atrapa desde la primera p\u00e1gina con un lenguaje","og_url":"https:\/\/www.pressenza.com\/es\/2025\/12\/soledad-la-nueva-novela-de-ximena-guiraldes-que-explora-la-vida-interior-y-resiliencia-de-una-mujer\/","og_site_name":"Pressenza","article_publisher":"https:\/\/www.facebook.com\/PressenzaItalia","article_published_time":"2025-12-13T02:36:18+00:00","article_modified_time":"2025-12-13T02:40:01+00:00","og_image":[{"width":863,"height":621,"url":"https:\/\/www.pressenza.com\/wp-content\/uploads\/2025\/12\/WhatsApp-Image-2025-11-25-at-9.09.20-PM-1.jpeg","type":"image\/jpeg"}],"author":"Mariana Hales Beseler","twitter_card":"summary_large_image","twitter_creator":"@PressenzaIPA","twitter_site":"@PressenzaIPA","twitter_misc":{"Escrito por":"Mariana Hales Beseler","Tiempo de lectura":"3 minutos"},"schema":{"@context":"https:\/\/schema.org","@graph":[{"@type":"Article","@id":"https:\/\/www.pressenza.com\/es\/2025\/12\/soledad-la-nueva-novela-de-ximena-guiraldes-que-explora-la-vida-interior-y-resiliencia-de-una-mujer\/#article","isPartOf":{"@id":"https:\/\/www.pressenza.com\/es\/2025\/12\/soledad-la-nueva-novela-de-ximena-guiraldes-que-explora-la-vida-interior-y-resiliencia-de-una-mujer\/"},"author":{"name":"Mariana Hales Beseler","@id":"https:\/\/www.pressenza.com\/es\/#\/schema\/person\/03ad45693deae00354a5a14ad538ed1e"},"headline":"\u201cSoledad\u201d, la nueva novela de Ximena G\u00fciraldes que explora la vida interior y resiliencia de una mujer","datePublished":"2025-12-13T02:36:18+00:00","dateModified":"2025-12-13T02:40:01+00:00","mainEntityOfPage":{"@id":"https:\/\/www.pressenza.com\/es\/2025\/12\/soledad-la-nueva-novela-de-ximena-guiraldes-que-explora-la-vida-interior-y-resiliencia-de-una-mujer\/"},"wordCount":568,"publisher":{"@id":"https:\/\/www.pressenza.com\/es\/#organization"},"image":{"@id":"https:\/\/www.pressenza.com\/es\/2025\/12\/soledad-la-nueva-novela-de-ximena-guiraldes-que-explora-la-vida-interior-y-resiliencia-de-una-mujer\/#primaryimage"},"thumbnailUrl":"https:\/\/www.pressenza.com\/wp-content\/uploads\/2025\/12\/WhatsApp-Image-2025-11-25-at-9.09.20-PM-1.jpeg","keywords":["Editorial Forja","mujer","musa","obra literaria"],"articleSection":["Contenido Original","G\u00e9nero y Feminismos","Noticia","Sudam\u00e9rica"],"inLanguage":"es"},{"@type":"WebPage","@id":"https:\/\/www.pressenza.com\/es\/2025\/12\/soledad-la-nueva-novela-de-ximena-guiraldes-que-explora-la-vida-interior-y-resiliencia-de-una-mujer\/","url":"https:\/\/www.pressenza.com\/es\/2025\/12\/soledad-la-nueva-novela-de-ximena-guiraldes-que-explora-la-vida-interior-y-resiliencia-de-una-mujer\/","name":"\u201cSoledad\u201d, la nueva novela de Ximena G\u00fciraldes que explora la vida interior y resiliencia de una mujer","isPartOf":{"@id":"https:\/\/www.pressenza.com\/es\/#website"},"primaryImageOfPage":{"@id":"https:\/\/www.pressenza.com\/es\/2025\/12\/soledad-la-nueva-novela-de-ximena-guiraldes-que-explora-la-vida-interior-y-resiliencia-de-una-mujer\/#primaryimage"},"image":{"@id":"https:\/\/www.pressenza.com\/es\/2025\/12\/soledad-la-nueva-novela-de-ximena-guiraldes-que-explora-la-vida-interior-y-resiliencia-de-una-mujer\/#primaryimage"},"thumbnailUrl":"https:\/\/www.pressenza.com\/wp-content\/uploads\/2025\/12\/WhatsApp-Image-2025-11-25-at-9.09.20-PM-1.jpeg","datePublished":"2025-12-13T02:36:18+00:00","dateModified":"2025-12-13T02:40:01+00:00","description":"La Editorial Forja acaba de publicar la novela \u201cSoledad\u201d, de la escritora Ximena G\u00fciraldes, una obra que atrapa desde la primera p\u00e1gina con un lenguaje","breadcrumb":{"@id":"https:\/\/www.pressenza.com\/es\/2025\/12\/soledad-la-nueva-novela-de-ximena-guiraldes-que-explora-la-vida-interior-y-resiliencia-de-una-mujer\/#breadcrumb"},"inLanguage":"es","potentialAction":[{"@type":"ReadAction","target":["https:\/\/www.pressenza.com\/es\/2025\/12\/soledad-la-nueva-novela-de-ximena-guiraldes-que-explora-la-vida-interior-y-resiliencia-de-una-mujer\/"]}]},{"@type":"ImageObject","inLanguage":"es","@id":"https:\/\/www.pressenza.com\/es\/2025\/12\/soledad-la-nueva-novela-de-ximena-guiraldes-que-explora-la-vida-interior-y-resiliencia-de-una-mujer\/#primaryimage","url":"https:\/\/www.pressenza.com\/wp-content\/uploads\/2025\/12\/WhatsApp-Image-2025-11-25-at-9.09.20-PM-1.jpeg","contentUrl":"https:\/\/www.pressenza.com\/wp-content\/uploads\/2025\/12\/WhatsApp-Image-2025-11-25-at-9.09.20-PM-1.jpeg","width":863,"height":621},{"@type":"BreadcrumbList","@id":"https:\/\/www.pressenza.com\/es\/2025\/12\/soledad-la-nueva-novela-de-ximena-guiraldes-que-explora-la-vida-interior-y-resiliencia-de-una-mujer\/#breadcrumb","itemListElement":[{"@type":"ListItem","position":1,"name":"Accueil","item":"https:\/\/www.pressenza.com\/es\/"},{"@type":"ListItem","position":2,"name":"\u201cSoledad\u201d, la nueva novela de Ximena G\u00fciraldes que explora la vida interior y resiliencia de una mujer"}]},{"@type":"WebSite","@id":"https:\/\/www.pressenza.com\/es\/#website","url":"https:\/\/www.pressenza.com\/es\/","name":"Pressenza","description":"International Press Agency","publisher":{"@id":"https:\/\/www.pressenza.com\/es\/#organization"},"potentialAction":[{"@type":"SearchAction","target":{"@type":"EntryPoint","urlTemplate":"https:\/\/www.pressenza.com\/es\/?s={search_term_string}"},"query-input":{"@type":"PropertyValueSpecification","valueRequired":true,"valueName":"search_term_string"}}],"inLanguage":"es"},{"@type":"Organization","@id":"https:\/\/www.pressenza.com\/es\/#organization","name":"Pressenza","url":"https:\/\/www.pressenza.com\/es\/","logo":{"@type":"ImageObject","inLanguage":"es","@id":"https:\/\/www.pressenza.com\/es\/#\/schema\/logo\/image\/","url":"https:\/\/www.pressenza.com\/wp-content\/uploads\/2022\/10\/pressenza_logo_200x200.jpg","contentUrl":"https:\/\/www.pressenza.com\/wp-content\/uploads\/2022\/10\/pressenza_logo_200x200.jpg","width":200,"height":200,"caption":"Pressenza"},"image":{"@id":"https:\/\/www.pressenza.com\/es\/#\/schema\/logo\/image\/"},"sameAs":["https:\/\/www.facebook.com\/PressenzaItalia","https:\/\/x.com\/PressenzaIPA"]},{"@type":"Person","@id":"https:\/\/www.pressenza.com\/es\/#\/schema\/person\/03ad45693deae00354a5a14ad538ed1e","name":"Mariana Hales Beseler","description":"Periodista chilena. Desde el a\u00f1o 2003 trabaja en distintas editoriales como encargada de comunicaciones, en relaci\u00f3n con muchos autores y sus creaciones. El a\u00f1o 2012 cre\u00f3 una oficina de servicios editoriales y comunicacionales a trav\u00e9s de la cual hace prensa y difusi\u00f3n, asesor\u00edas para autores y temas relacionados a la edici\u00f3n y publicaci\u00f3n de libros. Desde ese mismo a\u00f1o trabaja con Chilevisi\u00f3n para la concreci\u00f3n del proyecto audiovisual \"In\u00e9s\", basado en el libro \"In\u00e9s del Alma M\u00eda\" de Isabel Allende, el que pr\u00f3ximamente ser\u00e1 exhibido en Chile.","sameAs":["http:\/\/www.marianahales.com\/"],"url":"https:\/\/www.pressenza.com\/es\/author\/mariana-hales-beseler\/"}]}},"place":"","original_article_url":"","_links":{"self":[{"href":"https:\/\/www.pressenza.com\/es\/wp-json\/wp\/v2\/posts\/2660901","targetHints":{"allow":["GET"]}}],"collection":[{"href":"https:\/\/www.pressenza.com\/es\/wp-json\/wp\/v2\/posts"}],"about":[{"href":"https:\/\/www.pressenza.com\/es\/wp-json\/wp\/v2\/types\/post"}],"author":[{"embeddable":true,"href":"https:\/\/www.pressenza.com\/es\/wp-json\/wp\/v2\/users\/2011"}],"replies":[{"embeddable":true,"href":"https:\/\/www.pressenza.com\/es\/wp-json\/wp\/v2\/comments?post=2660901"}],"version-history":[{"count":3,"href":"https:\/\/www.pressenza.com\/es\/wp-json\/wp\/v2\/posts\/2660901\/revisions"}],"predecessor-version":[{"id":2660908,"href":"https:\/\/www.pressenza.com\/es\/wp-json\/wp\/v2\/posts\/2660901\/revisions\/2660908"}],"wp:featuredmedia":[{"embeddable":true,"href":"https:\/\/www.pressenza.com\/es\/wp-json\/wp\/v2\/media\/2660906"}],"wp:attachment":[{"href":"https:\/\/www.pressenza.com\/es\/wp-json\/wp\/v2\/media?parent=2660901"}],"wp:term":[{"taxonomy":"category","embeddable":true,"href":"https:\/\/www.pressenza.com\/es\/wp-json\/wp\/v2\/categories?post=2660901"},{"taxonomy":"post_tag","embeddable":true,"href":"https:\/\/www.pressenza.com\/es\/wp-json\/wp\/v2\/tags?post=2660901"}],"curies":[{"name":"wp","href":"https:\/\/api.w.org\/{rel}","templated":true}]}}