{"id":2660237,"date":"2025-12-10T18:57:28","date_gmt":"2025-12-10T18:57:28","guid":{"rendered":"https:\/\/www.pressenza.com\/?p=2660237"},"modified":"2025-12-10T18:57:28","modified_gmt":"2025-12-10T18:57:28","slug":"el-orden-que-ofrece-la-ultraderecha-de-kast-y-el-precio-que-no-quieren-decir","status":"publish","type":"post","link":"https:\/\/www.pressenza.com\/es\/2025\/12\/el-orden-que-ofrece-la-ultraderecha-de-kast-y-el-precio-que-no-quieren-decir\/","title":{"rendered":"El orden que ofrece la ultraderecha de Kast y el precio que no quieren decir"},"content":{"rendered":"<p><strong>Mano dura como cortina de humo para pol\u00edticas antisociales<\/strong><\/p>\n<p>La ultraderecha vende orden como si fuera un remedio milagroso para todos los males del pa\u00eds. Lo presenta como una respuesta inevitable en tiempos de incertidumbre y como una prueba de car\u00e1cter pol\u00edtico. Pero detr\u00e1s de esa promesa se oculta una agenda econ\u00f3mica y social que rara vez se declara con transparencia. La mano dura funciona como espect\u00e1culo. Genera atenci\u00f3n. Desv\u00eda el foco. Empuja la discusi\u00f3n hacia el miedo y aleja a la ciudadan\u00eda de los temas que realmente afectan la vida diaria. No es casual. Es una estrategia dise\u00f1ada para esconder un modelo que beneficia a unos pocos a costa de la gran mayor\u00eda.<\/p>\n<p>Mientras el debate se concentra en delitos y amenazas, la ultraderecha impulsa reformas que flexibilizan derechos laborales, reducen responsabilidades empresariales y debilitan al Estado en \u00e1reas clave. Lo que se presenta como pol\u00edtica de seguridad es en realidad un envoltorio para medidas antisociales que consolidan la desigualdad. El orden ofrecido no es orden ciudadano. Es orden corporativo. Y esa diferencia jam\u00e1s aparece en sus discursos. Se oculta tras el ruido del miedo. Se encubre con la ret\u00f3rica de la fuerza. Se disfraza de urgencia nacional para avanzar sin oposici\u00f3n en un programa que perjudica a quienes m\u00e1s necesitan protecci\u00f3n social.<\/p>\n<p><strong>\u00a0<\/strong><\/p>\n<p><strong>Empresarios y gremios financiando discursos de intolerancia<\/strong><\/p>\n<p>El proyecto pol\u00edtico de la ultraderecha no se sostiene solo con votos. Se sostiene con dinero. Los principales gremios empresariales financian campa\u00f1as, organizaciones y plataformas que promueven un discurso de intolerancia presentado como defensa del sentido com\u00fan. Ese financiamiento nunca es gratuito. Responde a la necesidad de asegurar un Estado d\u00f3cil que mantenga intactas las reglas del modelo econ\u00f3mico. La supuesta guerra contra la delincuencia es tambi\u00e9n una guerra contra cualquier intento de redistribuci\u00f3n. No se trata de ideolog\u00eda. Se trata de intereses.<\/p>\n<p>Cuando los empresarios financian discursos autoritarios no lo hacen para mejorar la seguridad. Lo hacen para impedir que la pol\u00edtica avance hacia reformas que limiten su poder. Al financiar l\u00edderes que se presentan como salvadores del orden, garantizan un clima donde la desigualdad no se discute y donde cualquier demanda social puede ser criminalizada. Ese engranaje econ\u00f3mico alimenta la intolerancia porque funciona como herramienta de control. El odio se vuelve inversi\u00f3n. El miedo se vuelve negocio. Y el pa\u00eds termina atrapado en una narrativa donde el enemigo siempre es el ciudadano vulnerable y nunca el poder que condiciona toda la estructura social.<\/p>\n<p><strong>\u00a0<\/strong><\/p>\n<p><strong>La televisi\u00f3n como brazo comunicacional del modelo<\/strong><\/p>\n<p>La televisi\u00f3n chilena ha jugado un rol determinante en la expansi\u00f3n del relato ultraderechista. No solo amplifica el miedo, sino que legitima un discurso que presenta la represi\u00f3n como \u00fanica forma de gobernabilidad. Los matinales, noticieros y paneles pol\u00edticos se transforman en escenarios donde se construye un pa\u00eds permanentemente al borde del colapso. Esa representaci\u00f3n exagerada no surge por casualidad. Surge porque la televisi\u00f3n opera como brazo comunicacional de un modelo que necesita mantener a la ciudadan\u00eda en estado de alerta para justificar decisiones que no resisten an\u00e1lisis racional.<\/p>\n<p>Los canales instalan a los mismos comentaristas, repiten los mismos enfoques y difunden los mismos relatos que favorecen a los sectores m\u00e1s conservadores. Se omiten matices. Se simplifican problemas sociales complejos. Se excluyen voces que cuestionan la narrativa dominante. La televisi\u00f3n no solo informa. Moldea la percepci\u00f3n p\u00fablica. Y en ese proceso se convierte en una herramienta pol\u00edtica decisiva para la ultraderecha, que encuentra en la pantalla el escenario perfecto para transformar opini\u00f3n en obediencia. La repetici\u00f3n constante de miedo convierte la represi\u00f3n en pol\u00edtica aceptable y la cr\u00edtica social en sospecha.<\/p>\n<p>&nbsp;<\/p>\n<p><strong>La militarizaci\u00f3n como soluci\u00f3n f\u00e1cil para problemas complejos<\/strong><\/p>\n<p>Cada vez que un pa\u00eds atraviesa momentos de tensi\u00f3n la tentaci\u00f3n de militarizar se vuelve m\u00e1s fuerte. La ultraderecha presenta esa alternativa como soluci\u00f3n pr\u00e1ctica para enfrentar delitos, protestas o conflictos territoriales. Sin embargo, la militarizaci\u00f3n no resuelve nada. Solo desplaza los problemas. Los oculta bajo el uniforme. La historia latinoamericana demuestra que entregar poder pol\u00edtico a las fuerzas armadas genera m\u00e1s violaciones de derechos que mejoras reales. Aun as\u00ed, la ultraderecha insiste porque la militarizaci\u00f3n permite gobernar sin di\u00e1logo y sin negociaci\u00f3n. Es una salida r\u00e1pida para quienes no tienen proyecto social.<\/p>\n<p>La complejidad social de Chile exige pol\u00edticas p\u00fablicas serias, inversi\u00f3n estatal y reformas estructurales. Militarizar reemplaza ese trabajo por un atajo peligroso. Convierte al Estado en actor represivo y no en garante de derechos. Instala una l\u00f3gica donde los ciudadanos dejan de ser ciudadanos para convertirse en sospechosos. La ultraderecha evita reconocer que la violencia estructural nace de la desigualdad y no de la falta de uniformes. Para ellos la fuerza es respuesta suficiente. No porque funcione. Sino porque les permite gobernar sin rendir cuentas.<\/p>\n<p>&nbsp;<\/p>\n<p><strong>El riesgo real de gobernar por represi\u00f3n y no por pol\u00edtica<\/strong><\/p>\n<p>Gobernar por represi\u00f3n significa renunciar a la pol\u00edtica como espacio de construcci\u00f3n. Significa reemplazar el debate por \u00f3rdenes. Significa posicionar al Estado como entidad que castiga y no como instituci\u00f3n que sostiene. Ese esquema erosiona la democracia desde dentro. La ultraderecha sue\u00f1a con ese modelo porque elimina la negociaci\u00f3n, reduce el pluralismo y fortalece una estructura piramidal que beneficia a quienes detentan poder econ\u00f3mico. El pa\u00eds queda atrapado en una l\u00f3gica donde cualquier protesta es tratada como amenaza y cualquier demanda social como desobediencia.<\/p>\n<p>El problema no es solo \u00e9tico. Es pr\u00e1ctico. Ning\u00fan pa\u00eds ha alcanzado estabilidad duradera mediante la represi\u00f3n. La fuerza no resuelve la pobreza, ni la desigualdad, ni la desconfianza institucional. La fuerza solo posterga los conflictos hasta que explotan con m\u00e1s intensidad. Cuando un gobierno renuncia a la pol\u00edtica y abraza la represi\u00f3n se condena a vivir en guerra permanente contra su propia poblaci\u00f3n. Ese es el precio que la ultraderecha no quiere decir. El orden que prometen no es paz. Es silencio impuesto. Y ese silencio nunca ha sido sin\u00f3nimo de democracia.<\/p>\n<p>&nbsp;<\/p>\n<p><strong>EL ORDEN QUE NACE DE LA DIGNIDAD<\/strong><\/p>\n<p>Chile no est\u00e1 obligado a elegir entre miedo y autoritarismo. El pa\u00eds puede construir un orden distinto, uno que nazca de la dignidad y no de la fuerza. La verdadera seguridad surge de oportunidades, cohesi\u00f3n social y un Estado que protege sin destruir derechos. El autoritarismo aparece fuerte en tiempos de incertidumbre, pero es fr\u00e1gil cuando la ciudadan\u00eda se organiza y exige soluciones reales. El pa\u00eds cuenta con una memoria profunda que recuerda lo que ocurre cuando la represi\u00f3n reemplaza a la pol\u00edtica. Esa memoria es una fuerza que puede iluminar el camino y evitar retrocesos.<\/p>\n<p><strong>El orden verdadero no se impone. <\/strong><\/p>\n<ul>\n<li>Se construye desde abajo, desde comunidades que buscan justicia y desde pol\u00edticas que valoran la vida cotidiana.<\/li>\n<li>Chile tiene capacidad para elegir un futuro donde el di\u00e1logo reemplace al miedo y donde el Estado sea garante de paz y no administrador de castigos.<\/li>\n<li>La historia demuestra que la esperanza puede m\u00e1s que el autoritarismo cuando la ciudadan\u00eda decide participar con claridad y conciencia.<\/li>\n<li>El pa\u00eds puede recuperar confianza en s\u00ed mismo si reconoce que el orden que vale la pena defender no nace del uniforme.<\/li>\n<\/ul>\n<p>Nace del respeto mutuo y del compromiso con un futuro compartido\u2026.<\/p>\n<p>&nbsp;<\/p>\n<p><em><strong>Fuentes bibliogr\u00e1ficas<\/strong><\/em><\/p>\n<ul>\n<li>Ministerio del Interior de Chile<\/li>\n<\/ul>\n<p style=\"padding-left: 40px;\">Informe Anual de Seguridad P\u00fablica 2024.<\/p>\n<ul>\n<li>Instituto Nacional de Estad\u00edsticas<\/li>\n<\/ul>\n<p style=\"padding-left: 40px;\">ENUSC 2023\u20132024.<\/p>\n<ul>\n<li>Universidad Diego Portales<\/li>\n<\/ul>\n<p style=\"padding-left: 40px;\">Informe de Opini\u00f3n P\u00fablica 2024.<\/p>\n<ul>\n<li>Servicio Electoral de Chile<\/li>\n<\/ul>\n<p style=\"padding-left: 40px;\">Estad\u00edsticas Electorales 2017\u20132025.<\/p>\n<ul>\n<li>PNUD<\/li>\n<\/ul>\n<p style=\"padding-left: 40px;\">Democracia, Miedo y Autoritarismo en Am\u00e9rica Latina, 2024.<\/p>\n<ul>\n<li>Observatorio de Medios, Universidad de Chile<\/li>\n<\/ul>\n<p style=\"padding-left: 40px;\">Comunicaci\u00f3n del Miedo y Construcci\u00f3n del Orden, 2023.<\/p>\n","protected":false},"excerpt":{"rendered":"<p>Mano dura como cortina de humo para pol\u00edticas antisociales La ultraderecha vende orden como si fuera un remedio milagroso para todos los males del pa\u00eds. Lo presenta como una respuesta inevitable en tiempos de incertidumbre y como una prueba de&hellip;<\/p>\n","protected":false},"author":2493,"featured_media":1739401,"comment_status":"closed","ping_status":"closed","sticky":false,"template":"","format":"standard","meta":{"footnotes":""},"categories":[11389,161,74,67],"tags":[141996,19498,20804],"class_list":["post-2660237","post","type-post","status-publish","format-standard","has-post-thumbnail","hentry","category-contenido-original","category-opiniones","category-politica-es","category-sudamerica","tag-kast","tag-militarizacion","tag-ultraderecha"],"yoast_head":"<!-- This site is optimized with the Yoast SEO plugin v27.1.1 - https:\/\/yoast.com\/product\/yoast-seo-wordpress\/ -->\n<title>El orden que ofrece la ultraderecha de Kast y el precio que no quieren decir<\/title>\n<meta name=\"description\" content=\"Mano dura como cortina de humo para pol\u00edticas antisociales La ultraderecha vende orden como si fuera un remedio milagroso para todos los males del pa\u00eds.\" \/>\n<meta name=\"robots\" content=\"index, follow, max-snippet:-1, max-image-preview:large, max-video-preview:-1\" \/>\n<link rel=\"canonical\" href=\"https:\/\/www.pressenza.com\/es\/2025\/12\/el-orden-que-ofrece-la-ultraderecha-de-kast-y-el-precio-que-no-quieren-decir\/\" \/>\n<meta property=\"og:locale\" content=\"es_ES\" \/>\n<meta property=\"og:type\" content=\"article\" \/>\n<meta property=\"og:title\" content=\"El orden que ofrece la ultraderecha de Kast y el precio que no quieren decir\" \/>\n<meta property=\"og:description\" content=\"Mano dura como cortina de humo para pol\u00edticas antisociales La ultraderecha vende orden como si fuera un remedio milagroso para todos los males del pa\u00eds.\" \/>\n<meta property=\"og:url\" content=\"https:\/\/www.pressenza.com\/es\/2025\/12\/el-orden-que-ofrece-la-ultraderecha-de-kast-y-el-precio-que-no-quieren-decir\/\" \/>\n<meta property=\"og:site_name\" content=\"Pressenza\" \/>\n<meta property=\"article:publisher\" content=\"https:\/\/www.facebook.com\/PressenzaItalia\" \/>\n<meta property=\"article:published_time\" content=\"2025-12-10T18:57:28+00:00\" \/>\n<meta property=\"og:image\" content=\"https:\/\/www.pressenza.com\/wp-content\/uploads\/2023\/05\/elecciones-Chile-scaled-e1637344939566-pgazjedke451140urb3k6gbmqovmo8u1sgen30oiwo.jpeg\" \/>\n\t<meta property=\"og:image:width\" content=\"600\" \/>\n\t<meta property=\"og:image:height\" content=\"300\" \/>\n\t<meta property=\"og:image:type\" content=\"image\/jpeg\" \/>\n<meta name=\"author\" content=\"Mauricio Herrera Kahn\" \/>\n<meta name=\"twitter:card\" content=\"summary_large_image\" \/>\n<meta name=\"twitter:creator\" content=\"@PressenzaIPA\" \/>\n<meta name=\"twitter:site\" content=\"@PressenzaIPA\" \/>\n<meta name=\"twitter:label1\" content=\"Escrito por\" \/>\n\t<meta name=\"twitter:data1\" content=\"Mauricio Herrera Kahn\" \/>\n\t<meta name=\"twitter:label2\" content=\"Tiempo de lectura\" \/>\n\t<meta name=\"twitter:data2\" content=\"6 minutos\" \/>\n<script type=\"application\/ld+json\" class=\"yoast-schema-graph\">{\"@context\":\"https:\/\/schema.org\",\"@graph\":[{\"@type\":\"Article\",\"@id\":\"https:\/\/www.pressenza.com\/es\/2025\/12\/el-orden-que-ofrece-la-ultraderecha-de-kast-y-el-precio-que-no-quieren-decir\/#article\",\"isPartOf\":{\"@id\":\"https:\/\/www.pressenza.com\/es\/2025\/12\/el-orden-que-ofrece-la-ultraderecha-de-kast-y-el-precio-que-no-quieren-decir\/\"},\"author\":{\"name\":\"Mauricio Herrera Kahn\",\"@id\":\"https:\/\/www.pressenza.com\/es\/#\/schema\/person\/1d64caef2c28d4b0cae6de277a77d314\"},\"headline\":\"El orden que ofrece la ultraderecha de Kast y el precio que no quieren decir\",\"datePublished\":\"2025-12-10T18:57:28+00:00\",\"mainEntityOfPage\":{\"@id\":\"https:\/\/www.pressenza.com\/es\/2025\/12\/el-orden-que-ofrece-la-ultraderecha-de-kast-y-el-precio-que-no-quieren-decir\/\"},\"wordCount\":1356,\"publisher\":{\"@id\":\"https:\/\/www.pressenza.com\/es\/#organization\"},\"image\":{\"@id\":\"https:\/\/www.pressenza.com\/es\/2025\/12\/el-orden-que-ofrece-la-ultraderecha-de-kast-y-el-precio-que-no-quieren-decir\/#primaryimage\"},\"thumbnailUrl\":\"https:\/\/www.pressenza.com\/wp-content\/uploads\/2023\/05\/elecciones-Chile-scaled-e1637344939566-pgazjedke451140urb3k6gbmqovmo8u1sgen30oiwo.jpeg\",\"keywords\":[\"Kast\",\"militarizaci\u00f3n\",\"ultraderecha\"],\"articleSection\":[\"Contenido Original\",\"Opiniones\",\"Pol\u00edtica\",\"Sudam\u00e9rica\"],\"inLanguage\":\"es\"},{\"@type\":\"WebPage\",\"@id\":\"https:\/\/www.pressenza.com\/es\/2025\/12\/el-orden-que-ofrece-la-ultraderecha-de-kast-y-el-precio-que-no-quieren-decir\/\",\"url\":\"https:\/\/www.pressenza.com\/es\/2025\/12\/el-orden-que-ofrece-la-ultraderecha-de-kast-y-el-precio-que-no-quieren-decir\/\",\"name\":\"El orden que ofrece la ultraderecha de Kast y el precio que no quieren decir\",\"isPartOf\":{\"@id\":\"https:\/\/www.pressenza.com\/es\/#website\"},\"primaryImageOfPage\":{\"@id\":\"https:\/\/www.pressenza.com\/es\/2025\/12\/el-orden-que-ofrece-la-ultraderecha-de-kast-y-el-precio-que-no-quieren-decir\/#primaryimage\"},\"image\":{\"@id\":\"https:\/\/www.pressenza.com\/es\/2025\/12\/el-orden-que-ofrece-la-ultraderecha-de-kast-y-el-precio-que-no-quieren-decir\/#primaryimage\"},\"thumbnailUrl\":\"https:\/\/www.pressenza.com\/wp-content\/uploads\/2023\/05\/elecciones-Chile-scaled-e1637344939566-pgazjedke451140urb3k6gbmqovmo8u1sgen30oiwo.jpeg\",\"datePublished\":\"2025-12-10T18:57:28+00:00\",\"description\":\"Mano dura como cortina de humo para pol\u00edticas antisociales La ultraderecha vende orden como si fuera un remedio milagroso para todos los males del pa\u00eds.\",\"breadcrumb\":{\"@id\":\"https:\/\/www.pressenza.com\/es\/2025\/12\/el-orden-que-ofrece-la-ultraderecha-de-kast-y-el-precio-que-no-quieren-decir\/#breadcrumb\"},\"inLanguage\":\"es\",\"potentialAction\":[{\"@type\":\"ReadAction\",\"target\":[\"https:\/\/www.pressenza.com\/es\/2025\/12\/el-orden-que-ofrece-la-ultraderecha-de-kast-y-el-precio-que-no-quieren-decir\/\"]}]},{\"@type\":\"ImageObject\",\"inLanguage\":\"es\",\"@id\":\"https:\/\/www.pressenza.com\/es\/2025\/12\/el-orden-que-ofrece-la-ultraderecha-de-kast-y-el-precio-que-no-quieren-decir\/#primaryimage\",\"url\":\"https:\/\/www.pressenza.com\/wp-content\/uploads\/2023\/05\/elecciones-Chile-scaled-e1637344939566-pgazjedke451140urb3k6gbmqovmo8u1sgen30oiwo.jpeg\",\"contentUrl\":\"https:\/\/www.pressenza.com\/wp-content\/uploads\/2023\/05\/elecciones-Chile-scaled-e1637344939566-pgazjedke451140urb3k6gbmqovmo8u1sgen30oiwo.jpeg\",\"width\":600,\"height\":300},{\"@type\":\"BreadcrumbList\",\"@id\":\"https:\/\/www.pressenza.com\/es\/2025\/12\/el-orden-que-ofrece-la-ultraderecha-de-kast-y-el-precio-que-no-quieren-decir\/#breadcrumb\",\"itemListElement\":[{\"@type\":\"ListItem\",\"position\":1,\"name\":\"Accueil\",\"item\":\"https:\/\/www.pressenza.com\/es\/\"},{\"@type\":\"ListItem\",\"position\":2,\"name\":\"El orden que ofrece la ultraderecha de Kast y el precio que no quieren decir\"}]},{\"@type\":\"WebSite\",\"@id\":\"https:\/\/www.pressenza.com\/es\/#website\",\"url\":\"https:\/\/www.pressenza.com\/es\/\",\"name\":\"Pressenza\",\"description\":\"International Press Agency\",\"publisher\":{\"@id\":\"https:\/\/www.pressenza.com\/es\/#organization\"},\"potentialAction\":[{\"@type\":\"SearchAction\",\"target\":{\"@type\":\"EntryPoint\",\"urlTemplate\":\"https:\/\/www.pressenza.com\/es\/?s={search_term_string}\"},\"query-input\":{\"@type\":\"PropertyValueSpecification\",\"valueRequired\":true,\"valueName\":\"search_term_string\"}}],\"inLanguage\":\"es\"},{\"@type\":\"Organization\",\"@id\":\"https:\/\/www.pressenza.com\/es\/#organization\",\"name\":\"Pressenza\",\"url\":\"https:\/\/www.pressenza.com\/es\/\",\"logo\":{\"@type\":\"ImageObject\",\"inLanguage\":\"es\",\"@id\":\"https:\/\/www.pressenza.com\/es\/#\/schema\/logo\/image\/\",\"url\":\"https:\/\/www.pressenza.com\/wp-content\/uploads\/2022\/10\/pressenza_logo_200x200.jpg\",\"contentUrl\":\"https:\/\/www.pressenza.com\/wp-content\/uploads\/2022\/10\/pressenza_logo_200x200.jpg\",\"width\":200,\"height\":200,\"caption\":\"Pressenza\"},\"image\":{\"@id\":\"https:\/\/www.pressenza.com\/es\/#\/schema\/logo\/image\/\"},\"sameAs\":[\"https:\/\/www.facebook.com\/PressenzaItalia\",\"https:\/\/x.com\/PressenzaIPA\"]},{\"@type\":\"Person\",\"@id\":\"https:\/\/www.pressenza.com\/es\/#\/schema\/person\/1d64caef2c28d4b0cae6de277a77d314\",\"name\":\"Mauricio Herrera Kahn\",\"description\":\"Mauricio Herrera Kahn, Mechanical Engineer graduated from the Technical University of Ecuador (UTE) in 1975, with more than 45 years of experience in the mining engineering and project development sector. He has held positions such as General Manager, Project Manager, and Head of Engineering at national and international companies, where he led studies and project execution under the EPCM (Engineering, Procurement, and Construction Management) model. He is currently General Manager at HyB Ingenieros, developing studies and analyses of new plants and processes with Capex and Opex at the engineering profile level. For several years, he has been writing articles and columns on national and international social, political, and economic analysis.\",\"url\":\"https:\/\/www.pressenza.com\/es\/author\/mauricio-herrera-kahn\/\"}]}<\/script>\n<!-- \/ Yoast SEO plugin. -->","yoast_head_json":{"title":"El orden que ofrece la ultraderecha de Kast y el precio que no quieren decir","description":"Mano dura como cortina de humo para pol\u00edticas antisociales La ultraderecha vende orden como si fuera un remedio milagroso para todos los males del pa\u00eds.","robots":{"index":"index","follow":"follow","max-snippet":"max-snippet:-1","max-image-preview":"max-image-preview:large","max-video-preview":"max-video-preview:-1"},"canonical":"https:\/\/www.pressenza.com\/es\/2025\/12\/el-orden-que-ofrece-la-ultraderecha-de-kast-y-el-precio-que-no-quieren-decir\/","og_locale":"es_ES","og_type":"article","og_title":"El orden que ofrece la ultraderecha de Kast y el precio que no quieren decir","og_description":"Mano dura como cortina de humo para pol\u00edticas antisociales La ultraderecha vende orden como si fuera un remedio milagroso para todos los males del pa\u00eds.","og_url":"https:\/\/www.pressenza.com\/es\/2025\/12\/el-orden-que-ofrece-la-ultraderecha-de-kast-y-el-precio-que-no-quieren-decir\/","og_site_name":"Pressenza","article_publisher":"https:\/\/www.facebook.com\/PressenzaItalia","article_published_time":"2025-12-10T18:57:28+00:00","og_image":[{"width":600,"height":300,"url":"https:\/\/www.pressenza.com\/wp-content\/uploads\/2023\/05\/elecciones-Chile-scaled-e1637344939566-pgazjedke451140urb3k6gbmqovmo8u1sgen30oiwo.jpeg","type":"image\/jpeg"}],"author":"Mauricio Herrera Kahn","twitter_card":"summary_large_image","twitter_creator":"@PressenzaIPA","twitter_site":"@PressenzaIPA","twitter_misc":{"Escrito por":"Mauricio Herrera Kahn","Tiempo de lectura":"6 minutos"},"schema":{"@context":"https:\/\/schema.org","@graph":[{"@type":"Article","@id":"https:\/\/www.pressenza.com\/es\/2025\/12\/el-orden-que-ofrece-la-ultraderecha-de-kast-y-el-precio-que-no-quieren-decir\/#article","isPartOf":{"@id":"https:\/\/www.pressenza.com\/es\/2025\/12\/el-orden-que-ofrece-la-ultraderecha-de-kast-y-el-precio-que-no-quieren-decir\/"},"author":{"name":"Mauricio Herrera Kahn","@id":"https:\/\/www.pressenza.com\/es\/#\/schema\/person\/1d64caef2c28d4b0cae6de277a77d314"},"headline":"El orden que ofrece la ultraderecha de Kast y el precio que no quieren decir","datePublished":"2025-12-10T18:57:28+00:00","mainEntityOfPage":{"@id":"https:\/\/www.pressenza.com\/es\/2025\/12\/el-orden-que-ofrece-la-ultraderecha-de-kast-y-el-precio-que-no-quieren-decir\/"},"wordCount":1356,"publisher":{"@id":"https:\/\/www.pressenza.com\/es\/#organization"},"image":{"@id":"https:\/\/www.pressenza.com\/es\/2025\/12\/el-orden-que-ofrece-la-ultraderecha-de-kast-y-el-precio-que-no-quieren-decir\/#primaryimage"},"thumbnailUrl":"https:\/\/www.pressenza.com\/wp-content\/uploads\/2023\/05\/elecciones-Chile-scaled-e1637344939566-pgazjedke451140urb3k6gbmqovmo8u1sgen30oiwo.jpeg","keywords":["Kast","militarizaci\u00f3n","ultraderecha"],"articleSection":["Contenido Original","Opiniones","Pol\u00edtica","Sudam\u00e9rica"],"inLanguage":"es"},{"@type":"WebPage","@id":"https:\/\/www.pressenza.com\/es\/2025\/12\/el-orden-que-ofrece-la-ultraderecha-de-kast-y-el-precio-que-no-quieren-decir\/","url":"https:\/\/www.pressenza.com\/es\/2025\/12\/el-orden-que-ofrece-la-ultraderecha-de-kast-y-el-precio-que-no-quieren-decir\/","name":"El orden que ofrece la ultraderecha de Kast y el precio que no quieren decir","isPartOf":{"@id":"https:\/\/www.pressenza.com\/es\/#website"},"primaryImageOfPage":{"@id":"https:\/\/www.pressenza.com\/es\/2025\/12\/el-orden-que-ofrece-la-ultraderecha-de-kast-y-el-precio-que-no-quieren-decir\/#primaryimage"},"image":{"@id":"https:\/\/www.pressenza.com\/es\/2025\/12\/el-orden-que-ofrece-la-ultraderecha-de-kast-y-el-precio-que-no-quieren-decir\/#primaryimage"},"thumbnailUrl":"https:\/\/www.pressenza.com\/wp-content\/uploads\/2023\/05\/elecciones-Chile-scaled-e1637344939566-pgazjedke451140urb3k6gbmqovmo8u1sgen30oiwo.jpeg","datePublished":"2025-12-10T18:57:28+00:00","description":"Mano dura como cortina de humo para pol\u00edticas antisociales La ultraderecha vende orden como si fuera un remedio milagroso para todos los males del pa\u00eds.","breadcrumb":{"@id":"https:\/\/www.pressenza.com\/es\/2025\/12\/el-orden-que-ofrece-la-ultraderecha-de-kast-y-el-precio-que-no-quieren-decir\/#breadcrumb"},"inLanguage":"es","potentialAction":[{"@type":"ReadAction","target":["https:\/\/www.pressenza.com\/es\/2025\/12\/el-orden-que-ofrece-la-ultraderecha-de-kast-y-el-precio-que-no-quieren-decir\/"]}]},{"@type":"ImageObject","inLanguage":"es","@id":"https:\/\/www.pressenza.com\/es\/2025\/12\/el-orden-que-ofrece-la-ultraderecha-de-kast-y-el-precio-que-no-quieren-decir\/#primaryimage","url":"https:\/\/www.pressenza.com\/wp-content\/uploads\/2023\/05\/elecciones-Chile-scaled-e1637344939566-pgazjedke451140urb3k6gbmqovmo8u1sgen30oiwo.jpeg","contentUrl":"https:\/\/www.pressenza.com\/wp-content\/uploads\/2023\/05\/elecciones-Chile-scaled-e1637344939566-pgazjedke451140urb3k6gbmqovmo8u1sgen30oiwo.jpeg","width":600,"height":300},{"@type":"BreadcrumbList","@id":"https:\/\/www.pressenza.com\/es\/2025\/12\/el-orden-que-ofrece-la-ultraderecha-de-kast-y-el-precio-que-no-quieren-decir\/#breadcrumb","itemListElement":[{"@type":"ListItem","position":1,"name":"Accueil","item":"https:\/\/www.pressenza.com\/es\/"},{"@type":"ListItem","position":2,"name":"El orden que ofrece la ultraderecha de Kast y el precio que no quieren decir"}]},{"@type":"WebSite","@id":"https:\/\/www.pressenza.com\/es\/#website","url":"https:\/\/www.pressenza.com\/es\/","name":"Pressenza","description":"International Press Agency","publisher":{"@id":"https:\/\/www.pressenza.com\/es\/#organization"},"potentialAction":[{"@type":"SearchAction","target":{"@type":"EntryPoint","urlTemplate":"https:\/\/www.pressenza.com\/es\/?s={search_term_string}"},"query-input":{"@type":"PropertyValueSpecification","valueRequired":true,"valueName":"search_term_string"}}],"inLanguage":"es"},{"@type":"Organization","@id":"https:\/\/www.pressenza.com\/es\/#organization","name":"Pressenza","url":"https:\/\/www.pressenza.com\/es\/","logo":{"@type":"ImageObject","inLanguage":"es","@id":"https:\/\/www.pressenza.com\/es\/#\/schema\/logo\/image\/","url":"https:\/\/www.pressenza.com\/wp-content\/uploads\/2022\/10\/pressenza_logo_200x200.jpg","contentUrl":"https:\/\/www.pressenza.com\/wp-content\/uploads\/2022\/10\/pressenza_logo_200x200.jpg","width":200,"height":200,"caption":"Pressenza"},"image":{"@id":"https:\/\/www.pressenza.com\/es\/#\/schema\/logo\/image\/"},"sameAs":["https:\/\/www.facebook.com\/PressenzaItalia","https:\/\/x.com\/PressenzaIPA"]},{"@type":"Person","@id":"https:\/\/www.pressenza.com\/es\/#\/schema\/person\/1d64caef2c28d4b0cae6de277a77d314","name":"Mauricio Herrera Kahn","description":"Mauricio Herrera Kahn, Mechanical Engineer graduated from the Technical University of Ecuador (UTE) in 1975, with more than 45 years of experience in the mining engineering and project development sector. He has held positions such as General Manager, Project Manager, and Head of Engineering at national and international companies, where he led studies and project execution under the EPCM (Engineering, Procurement, and Construction Management) model. He is currently General Manager at HyB Ingenieros, developing studies and analyses of new plants and processes with Capex and Opex at the engineering profile level. For several years, he has been writing articles and columns on national and international social, political, and economic analysis.","url":"https:\/\/www.pressenza.com\/es\/author\/mauricio-herrera-kahn\/"}]}},"place":"Santiago de Chile","original_article_url":"","_links":{"self":[{"href":"https:\/\/www.pressenza.com\/es\/wp-json\/wp\/v2\/posts\/2660237","targetHints":{"allow":["GET"]}}],"collection":[{"href":"https:\/\/www.pressenza.com\/es\/wp-json\/wp\/v2\/posts"}],"about":[{"href":"https:\/\/www.pressenza.com\/es\/wp-json\/wp\/v2\/types\/post"}],"author":[{"embeddable":true,"href":"https:\/\/www.pressenza.com\/es\/wp-json\/wp\/v2\/users\/2493"}],"replies":[{"embeddable":true,"href":"https:\/\/www.pressenza.com\/es\/wp-json\/wp\/v2\/comments?post=2660237"}],"version-history":[{"count":1,"href":"https:\/\/www.pressenza.com\/es\/wp-json\/wp\/v2\/posts\/2660237\/revisions"}],"predecessor-version":[{"id":2660238,"href":"https:\/\/www.pressenza.com\/es\/wp-json\/wp\/v2\/posts\/2660237\/revisions\/2660238"}],"wp:featuredmedia":[{"embeddable":true,"href":"https:\/\/www.pressenza.com\/es\/wp-json\/wp\/v2\/media\/1739401"}],"wp:attachment":[{"href":"https:\/\/www.pressenza.com\/es\/wp-json\/wp\/v2\/media?parent=2660237"}],"wp:term":[{"taxonomy":"category","embeddable":true,"href":"https:\/\/www.pressenza.com\/es\/wp-json\/wp\/v2\/categories?post=2660237"},{"taxonomy":"post_tag","embeddable":true,"href":"https:\/\/www.pressenza.com\/es\/wp-json\/wp\/v2\/tags?post=2660237"}],"curies":[{"name":"wp","href":"https:\/\/api.w.org\/{rel}","templated":true}]}}