{"id":265866,"date":"2016-01-11T15:56:19","date_gmt":"2016-01-11T15:56:19","guid":{"rendered":"http:\/\/www.pressenza.com\/es\/?p=265866"},"modified":"2016-01-11T15:56:19","modified_gmt":"2016-01-11T15:56:19","slug":"estatales-argentinos-convocan-a-un-paro-por-la-suspension-de-paritarias","status":"publish","type":"post","link":"https:\/\/www.pressenza.com\/es\/2016\/01\/estatales-argentinos-convocan-a-un-paro-por-la-suspension-de-paritarias\/","title":{"rendered":"Estatales argentinos convocan a un paro por la suspensi\u00f3n de paritarias"},"content":{"rendered":"<p>Ser\u00e1 este martes en todo el territorio bonaerense y durar\u00e1 24hs.<\/p>\n<p>En conferencia de prensa, Oscar \u201cColo\u201d de Isasi de la<em> Asociaci\u00f3n Trabajadores del Estado <\/em>(ATE), se refiri\u00f3 al decreto dictado por la gobernadora Mar\u00eda Eugenia Vidal, el cual suspende las paritarias municipales por 180 d\u00edas.<\/p>\n<p>El dirigente manifest\u00f3 que ese decreto no solo intenta cercenar derechos construidos por consenso por el conjunto de trabajadores municipales como el un salario m\u00ednimo, vital y m\u00f3vil, que las plantas de personal tengan estabilidad laboral, el derecho a que exista la licencia por violencia de g\u00e9nero o la licencia por maternidad y paternidad.<\/p>\n<p><em>\u201cNo solo intentan quitarnos esos derechos, sino que lo hacen de una manera autoritaria y anticonstitucional al habilitar un decreto por medio del cual se suspende una ley y se reinstala una que es anterior. La gobernadora est\u00e1 violando claramente la Constituci\u00f3n. La provincia de Buenos Aires no tiene facultades para firma decretos de necesidad y urgencia, mucho menos tiene facultades para derogar o suspender una ley\u201d<\/em>, expres\u00f3.<\/p>\n<div class=\"audioPlayer  medium\" data-audio-mp3=\"http:\/\/radioestacionsur.org\/beta\/wp-content\/uploads\/2016\/01\/Oscar-de-Isasi-sobre-el-recurso-de-amparo-que-presentaran-por-el-decreto-de-Vidal-Descargar-audio.mp3\" data-audio-ogg=\"http:\/\/radioestacionsur.org\/beta\/wp-content\/uploads\/2016\/01\/Oscar-de-Isasi-sobre-el-recurso-de-amparo-que-presentaran-por-el-decreto-de-Vidal-Descargar-audio.ogg\"><\/div>\n<p>En ese sentido, De Isasi\u00a0dijo que la excusa que aplic\u00f3 Vidal es \u201cla falta de presupuesto\u201d y agreg\u00f3: <em>\u201cLa Asociaci\u00f3n de Trabajadores del Estado defini\u00f3 en primer lugar lugar participar en el d\u00eda de hoy (en referencia al lunes) junto a la CTA Aut\u00f3noma de la Provincia de Buenos Aires en el proceso de movilizaci\u00f3n por el derecho a la protesta social contra la represi\u00f3n y por la reincorporaci\u00f3n de los despedidos en La Plata, en segundo lugar definir una jornada provincial de lucha en todo el territorio bonaerense con paros, asambleas y otras actividades para ma\u00f1ana martes\u201d.<\/em><\/p>\n<p><em>\u201cLa jornada tendr\u00e1 como epicentro la bajada de la autopista cuando a primera hora de la ma\u00f1ana se realice un acto repudiando todas estas medidas del gobierno y exigiendo la reincorporaci\u00f3n de los despedidos, su pase a planta permanente y la plena vigencia de la paritaria municipal y la apertura de las mismas para toas las jurisdicciones del Estado\u201d.<\/em><\/p>\n<p>Adem\u00e1s, se reclamar\u00e1 por tambi\u00e9n el cese de la revisi\u00f3n de los contratos de trabajadores de estado nacional que d\u00eda a d\u00eda desarrollan tareas en el mismo.<\/p>\n<p><em>Para escuchar <a href=\"http:\/\/agencia.farco.org.ar\/noticias\/estatales-convocan-a-un-paro-por-la-suspension-de-paritarias\/\">los audios<\/a>\u00a0de Estaci\u00f3n Sur de La Plata<\/em><\/p>\n","protected":false},"excerpt":{"rendered":"<p>Ser\u00e1 este martes en todo el territorio bonaerense y durar\u00e1 24hs. En conferencia de prensa, Oscar \u201cColo\u201d de Isasi de la Asociaci\u00f3n Trabajadores del Estado (ATE), se refiri\u00f3 al decreto dictado por la gobernadora Mar\u00eda Eugenia Vidal, el cual suspende&hellip;<\/p>\n","protected":false},"author":577,"featured_media":0,"comment_status":"closed","ping_status":"open","sticky":false,"template":"","format":"standard","meta":{"footnotes":""},"categories":[74,67],"tags":[26,8308,4094,586,4993,1056],"class_list":["post-265866","post","type-post","status-publish","format-standard","hentry","category-politica-es","category-sudamerica","tag-argentina","tag-ate","tag-buenos-aires","tag-huelga","tag-paro","tag-sindicatos"],"yoast_head":"<!-- This site is optimized with the Yoast SEO plugin v27.1.1 - https:\/\/yoast.com\/product\/yoast-seo-wordpress\/ -->\n<title>Estatales argentinos convocan a un paro por la suspensi\u00f3n de paritarias<\/title>\n<meta name=\"description\" content=\"Ser\u00e1 este martes en todo el territorio bonaerense y durar\u00e1 24hs. En conferencia de prensa, Oscar \u201cColo\u201d de Isasi de la Asociaci\u00f3n Trabajadores del Estado\" \/>\n<meta name=\"robots\" content=\"index, follow, max-snippet:-1, max-image-preview:large, max-video-preview:-1\" \/>\n<link rel=\"canonical\" href=\"https:\/\/www.pressenza.com\/es\/2016\/01\/estatales-argentinos-convocan-a-un-paro-por-la-suspension-de-paritarias\/\" \/>\n<meta property=\"og:locale\" content=\"es_ES\" \/>\n<meta property=\"og:type\" content=\"article\" \/>\n<meta property=\"og:title\" content=\"Estatales argentinos convocan a un paro por la suspensi\u00f3n de paritarias\" \/>\n<meta property=\"og:description\" content=\"Ser\u00e1 este martes en todo el territorio bonaerense y durar\u00e1 24hs. En conferencia de prensa, Oscar \u201cColo\u201d de Isasi de la Asociaci\u00f3n Trabajadores del Estado\" \/>\n<meta property=\"og:url\" content=\"https:\/\/www.pressenza.com\/es\/2016\/01\/estatales-argentinos-convocan-a-un-paro-por-la-suspension-de-paritarias\/\" \/>\n<meta property=\"og:site_name\" content=\"Pressenza\" \/>\n<meta property=\"article:publisher\" content=\"https:\/\/www.facebook.com\/PressenzaItalia\" \/>\n<meta property=\"article:published_time\" content=\"2016-01-11T15:56:19+00:00\" \/>\n<meta name=\"author\" content=\"FARCO Foro Argentino de Radios Comunitarias\" \/>\n<meta name=\"twitter:card\" content=\"summary_large_image\" \/>\n<meta name=\"twitter:creator\" content=\"@PressenzaIPA\" \/>\n<meta name=\"twitter:site\" content=\"@PressenzaIPA\" \/>\n<meta name=\"twitter:label1\" content=\"Escrito por\" \/>\n\t<meta name=\"twitter:data1\" content=\"FARCO Foro Argentino de Radios Comunitarias\" \/>\n\t<meta name=\"twitter:label2\" content=\"Tiempo de lectura\" \/>\n\t<meta name=\"twitter:data2\" content=\"2 minutos\" \/>\n<script type=\"application\/ld+json\" class=\"yoast-schema-graph\">{\"@context\":\"https:\/\/schema.org\",\"@graph\":[{\"@type\":\"Article\",\"@id\":\"https:\/\/www.pressenza.com\/es\/2016\/01\/estatales-argentinos-convocan-a-un-paro-por-la-suspension-de-paritarias\/#article\",\"isPartOf\":{\"@id\":\"https:\/\/www.pressenza.com\/es\/2016\/01\/estatales-argentinos-convocan-a-un-paro-por-la-suspension-de-paritarias\/\"},\"author\":{\"name\":\"FARCO Foro Argentino de Radios Comunitarias\",\"@id\":\"https:\/\/www.pressenza.com\/es\/#\/schema\/person\/20869ee409603e5be876b3a9b1f9e8a3\"},\"headline\":\"Estatales argentinos convocan a un paro por la suspensi\u00f3n de paritarias\",\"datePublished\":\"2016-01-11T15:56:19+00:00\",\"mainEntityOfPage\":{\"@id\":\"https:\/\/www.pressenza.com\/es\/2016\/01\/estatales-argentinos-convocan-a-un-paro-por-la-suspension-de-paritarias\/\"},\"wordCount\":396,\"publisher\":{\"@id\":\"https:\/\/www.pressenza.com\/es\/#organization\"},\"keywords\":[\"Argentina\",\"ATE\",\"Buenos Aires\",\"huelga\",\"paro\",\"sindicatos\"],\"articleSection\":[\"Pol\u00edtica\",\"Sudam\u00e9rica\"],\"inLanguage\":\"es\"},{\"@type\":\"WebPage\",\"@id\":\"https:\/\/www.pressenza.com\/es\/2016\/01\/estatales-argentinos-convocan-a-un-paro-por-la-suspension-de-paritarias\/\",\"url\":\"https:\/\/www.pressenza.com\/es\/2016\/01\/estatales-argentinos-convocan-a-un-paro-por-la-suspension-de-paritarias\/\",\"name\":\"Estatales argentinos convocan a un paro por la suspensi\u00f3n de paritarias\",\"isPartOf\":{\"@id\":\"https:\/\/www.pressenza.com\/es\/#website\"},\"datePublished\":\"2016-01-11T15:56:19+00:00\",\"description\":\"Ser\u00e1 este martes en todo el territorio bonaerense y durar\u00e1 24hs. En conferencia de prensa, Oscar \u201cColo\u201d de Isasi de la Asociaci\u00f3n Trabajadores del Estado\",\"breadcrumb\":{\"@id\":\"https:\/\/www.pressenza.com\/es\/2016\/01\/estatales-argentinos-convocan-a-un-paro-por-la-suspension-de-paritarias\/#breadcrumb\"},\"inLanguage\":\"es\",\"potentialAction\":[{\"@type\":\"ReadAction\",\"target\":[\"https:\/\/www.pressenza.com\/es\/2016\/01\/estatales-argentinos-convocan-a-un-paro-por-la-suspension-de-paritarias\/\"]}]},{\"@type\":\"BreadcrumbList\",\"@id\":\"https:\/\/www.pressenza.com\/es\/2016\/01\/estatales-argentinos-convocan-a-un-paro-por-la-suspension-de-paritarias\/#breadcrumb\",\"itemListElement\":[{\"@type\":\"ListItem\",\"position\":1,\"name\":\"Accueil\",\"item\":\"https:\/\/www.pressenza.com\/es\/\"},{\"@type\":\"ListItem\",\"position\":2,\"name\":\"Estatales argentinos convocan a un paro por la suspensi\u00f3n de paritarias\"}]},{\"@type\":\"WebSite\",\"@id\":\"https:\/\/www.pressenza.com\/es\/#website\",\"url\":\"https:\/\/www.pressenza.com\/es\/\",\"name\":\"Pressenza\",\"description\":\"International Press Agency\",\"publisher\":{\"@id\":\"https:\/\/www.pressenza.com\/es\/#organization\"},\"potentialAction\":[{\"@type\":\"SearchAction\",\"target\":{\"@type\":\"EntryPoint\",\"urlTemplate\":\"https:\/\/www.pressenza.com\/es\/?s={search_term_string}\"},\"query-input\":{\"@type\":\"PropertyValueSpecification\",\"valueRequired\":true,\"valueName\":\"search_term_string\"}}],\"inLanguage\":\"es\"},{\"@type\":\"Organization\",\"@id\":\"https:\/\/www.pressenza.com\/es\/#organization\",\"name\":\"Pressenza\",\"url\":\"https:\/\/www.pressenza.com\/es\/\",\"logo\":{\"@type\":\"ImageObject\",\"inLanguage\":\"es\",\"@id\":\"https:\/\/www.pressenza.com\/es\/#\/schema\/logo\/image\/\",\"url\":\"https:\/\/www.pressenza.com\/wp-content\/uploads\/2022\/10\/pressenza_logo_200x200.jpg\",\"contentUrl\":\"https:\/\/www.pressenza.com\/wp-content\/uploads\/2022\/10\/pressenza_logo_200x200.jpg\",\"width\":200,\"height\":200,\"caption\":\"Pressenza\"},\"image\":{\"@id\":\"https:\/\/www.pressenza.com\/es\/#\/schema\/logo\/image\/\"},\"sameAs\":[\"https:\/\/www.facebook.com\/PressenzaItalia\",\"https:\/\/x.com\/PressenzaIPA\"]},{\"@type\":\"Person\",\"@id\":\"https:\/\/www.pressenza.com\/es\/#\/schema\/person\/20869ee409603e5be876b3a9b1f9e8a3\",\"name\":\"FARCO Foro Argentino de Radios Comunitarias\",\"url\":\"https:\/\/www.pressenza.com\/es\/author\/farco-foro-argentino-de-radios-comunitarias\/\"}]}<\/script>\n<!-- \/ Yoast SEO plugin. -->","yoast_head_json":{"title":"Estatales argentinos convocan a un paro por la suspensi\u00f3n de paritarias","description":"Ser\u00e1 este martes en todo el territorio bonaerense y durar\u00e1 24hs. En conferencia de prensa, Oscar \u201cColo\u201d de Isasi de la Asociaci\u00f3n Trabajadores del Estado","robots":{"index":"index","follow":"follow","max-snippet":"max-snippet:-1","max-image-preview":"max-image-preview:large","max-video-preview":"max-video-preview:-1"},"canonical":"https:\/\/www.pressenza.com\/es\/2016\/01\/estatales-argentinos-convocan-a-un-paro-por-la-suspension-de-paritarias\/","og_locale":"es_ES","og_type":"article","og_title":"Estatales argentinos convocan a un paro por la suspensi\u00f3n de paritarias","og_description":"Ser\u00e1 este martes en todo el territorio bonaerense y durar\u00e1 24hs. En conferencia de prensa, Oscar \u201cColo\u201d de Isasi de la Asociaci\u00f3n Trabajadores del Estado","og_url":"https:\/\/www.pressenza.com\/es\/2016\/01\/estatales-argentinos-convocan-a-un-paro-por-la-suspension-de-paritarias\/","og_site_name":"Pressenza","article_publisher":"https:\/\/www.facebook.com\/PressenzaItalia","article_published_time":"2016-01-11T15:56:19+00:00","author":"FARCO Foro Argentino de Radios Comunitarias","twitter_card":"summary_large_image","twitter_creator":"@PressenzaIPA","twitter_site":"@PressenzaIPA","twitter_misc":{"Escrito por":"FARCO Foro Argentino de Radios Comunitarias","Tiempo de lectura":"2 minutos"},"schema":{"@context":"https:\/\/schema.org","@graph":[{"@type":"Article","@id":"https:\/\/www.pressenza.com\/es\/2016\/01\/estatales-argentinos-convocan-a-un-paro-por-la-suspension-de-paritarias\/#article","isPartOf":{"@id":"https:\/\/www.pressenza.com\/es\/2016\/01\/estatales-argentinos-convocan-a-un-paro-por-la-suspension-de-paritarias\/"},"author":{"name":"FARCO Foro Argentino de Radios Comunitarias","@id":"https:\/\/www.pressenza.com\/es\/#\/schema\/person\/20869ee409603e5be876b3a9b1f9e8a3"},"headline":"Estatales argentinos convocan a un paro por la suspensi\u00f3n de paritarias","datePublished":"2016-01-11T15:56:19+00:00","mainEntityOfPage":{"@id":"https:\/\/www.pressenza.com\/es\/2016\/01\/estatales-argentinos-convocan-a-un-paro-por-la-suspension-de-paritarias\/"},"wordCount":396,"publisher":{"@id":"https:\/\/www.pressenza.com\/es\/#organization"},"keywords":["Argentina","ATE","Buenos Aires","huelga","paro","sindicatos"],"articleSection":["Pol\u00edtica","Sudam\u00e9rica"],"inLanguage":"es"},{"@type":"WebPage","@id":"https:\/\/www.pressenza.com\/es\/2016\/01\/estatales-argentinos-convocan-a-un-paro-por-la-suspension-de-paritarias\/","url":"https:\/\/www.pressenza.com\/es\/2016\/01\/estatales-argentinos-convocan-a-un-paro-por-la-suspension-de-paritarias\/","name":"Estatales argentinos convocan a un paro por la suspensi\u00f3n de paritarias","isPartOf":{"@id":"https:\/\/www.pressenza.com\/es\/#website"},"datePublished":"2016-01-11T15:56:19+00:00","description":"Ser\u00e1 este martes en todo el territorio bonaerense y durar\u00e1 24hs. En conferencia de prensa, Oscar \u201cColo\u201d de Isasi de la Asociaci\u00f3n Trabajadores del Estado","breadcrumb":{"@id":"https:\/\/www.pressenza.com\/es\/2016\/01\/estatales-argentinos-convocan-a-un-paro-por-la-suspension-de-paritarias\/#breadcrumb"},"inLanguage":"es","potentialAction":[{"@type":"ReadAction","target":["https:\/\/www.pressenza.com\/es\/2016\/01\/estatales-argentinos-convocan-a-un-paro-por-la-suspension-de-paritarias\/"]}]},{"@type":"BreadcrumbList","@id":"https:\/\/www.pressenza.com\/es\/2016\/01\/estatales-argentinos-convocan-a-un-paro-por-la-suspension-de-paritarias\/#breadcrumb","itemListElement":[{"@type":"ListItem","position":1,"name":"Accueil","item":"https:\/\/www.pressenza.com\/es\/"},{"@type":"ListItem","position":2,"name":"Estatales argentinos convocan a un paro por la suspensi\u00f3n de paritarias"}]},{"@type":"WebSite","@id":"https:\/\/www.pressenza.com\/es\/#website","url":"https:\/\/www.pressenza.com\/es\/","name":"Pressenza","description":"International Press Agency","publisher":{"@id":"https:\/\/www.pressenza.com\/es\/#organization"},"potentialAction":[{"@type":"SearchAction","target":{"@type":"EntryPoint","urlTemplate":"https:\/\/www.pressenza.com\/es\/?s={search_term_string}"},"query-input":{"@type":"PropertyValueSpecification","valueRequired":true,"valueName":"search_term_string"}}],"inLanguage":"es"},{"@type":"Organization","@id":"https:\/\/www.pressenza.com\/es\/#organization","name":"Pressenza","url":"https:\/\/www.pressenza.com\/es\/","logo":{"@type":"ImageObject","inLanguage":"es","@id":"https:\/\/www.pressenza.com\/es\/#\/schema\/logo\/image\/","url":"https:\/\/www.pressenza.com\/wp-content\/uploads\/2022\/10\/pressenza_logo_200x200.jpg","contentUrl":"https:\/\/www.pressenza.com\/wp-content\/uploads\/2022\/10\/pressenza_logo_200x200.jpg","width":200,"height":200,"caption":"Pressenza"},"image":{"@id":"https:\/\/www.pressenza.com\/es\/#\/schema\/logo\/image\/"},"sameAs":["https:\/\/www.facebook.com\/PressenzaItalia","https:\/\/x.com\/PressenzaIPA"]},{"@type":"Person","@id":"https:\/\/www.pressenza.com\/es\/#\/schema\/person\/20869ee409603e5be876b3a9b1f9e8a3","name":"FARCO Foro Argentino de Radios Comunitarias","url":"https:\/\/www.pressenza.com\/es\/author\/farco-foro-argentino-de-radios-comunitarias\/"}]}},"place":"La Plata","original_article_url":"http:\/\/agencia.farco.org.ar\/noticias\/estatales-convocan-a-un-paro-por-la-suspension-de-paritarias\/","_links":{"self":[{"href":"https:\/\/www.pressenza.com\/es\/wp-json\/wp\/v2\/posts\/265866","targetHints":{"allow":["GET"]}}],"collection":[{"href":"https:\/\/www.pressenza.com\/es\/wp-json\/wp\/v2\/posts"}],"about":[{"href":"https:\/\/www.pressenza.com\/es\/wp-json\/wp\/v2\/types\/post"}],"author":[{"embeddable":true,"href":"https:\/\/www.pressenza.com\/es\/wp-json\/wp\/v2\/users\/577"}],"replies":[{"embeddable":true,"href":"https:\/\/www.pressenza.com\/es\/wp-json\/wp\/v2\/comments?post=265866"}],"version-history":[{"count":0,"href":"https:\/\/www.pressenza.com\/es\/wp-json\/wp\/v2\/posts\/265866\/revisions"}],"wp:attachment":[{"href":"https:\/\/www.pressenza.com\/es\/wp-json\/wp\/v2\/media?parent=265866"}],"wp:term":[{"taxonomy":"category","embeddable":true,"href":"https:\/\/www.pressenza.com\/es\/wp-json\/wp\/v2\/categories?post=265866"},{"taxonomy":"post_tag","embeddable":true,"href":"https:\/\/www.pressenza.com\/es\/wp-json\/wp\/v2\/tags?post=265866"}],"curies":[{"name":"wp","href":"https:\/\/api.w.org\/{rel}","templated":true}]}}