{"id":2658109,"date":"2025-12-02T21:47:13","date_gmt":"2025-12-02T21:47:13","guid":{"rendered":"https:\/\/www.pressenza.com\/?p=2658109"},"modified":"2025-12-02T21:47:13","modified_gmt":"2025-12-02T21:47:13","slug":"audita-sanidad-vuelve-a-denunciar-el-uso-abusivo-de-contratos-menores-en-la-sanidad-madrilena","status":"publish","type":"post","link":"https:\/\/www.pressenza.com\/es\/2025\/12\/audita-sanidad-vuelve-a-denunciar-el-uso-abusivo-de-contratos-menores-en-la-sanidad-madrilena\/","title":{"rendered":"Audita Sanidad vuelve a denunciar el uso abusivo de contratos menores en la sanidad madrile\u00f1a"},"content":{"rendered":"<p>Ma\u00f1ana, jueves 4 de noviembre de 2025, a las 12:00 horas la Asociaci\u00f3n Auditor\u00eda Ciudadana de la Deuda en Sanidad (Audita Sanidad), junto con la Coordinadora de Barrios y Pueblos de Madrid en Defensa de la Sanidad presentar\u00e1n una denuncia ante la\u00a0en el Registro del Ministerio de Hacienda (C\/Alcal\u00e1, 9 en Madrid), por el uso\u00a0abusivo de los contratos menores por parte de la Consejer\u00eda de Sanidad de la Comunidad de Madrid durante el a\u00f1o 2020. A continuaci\u00f3n se presentar\u00e1 tambi\u00e9n una denuncia ante la Fiscal\u00eda del Tribunal de Cuentas.<\/p>\n<p>En 2020, la Consejer\u00eda de Sanidad de la Comunidad de Madrid y el SERMAS adjudicaron 408.133 contratos menores por 900 millones de euros. Es decir, los contratos menores representaron el 99,5% de todos los contratos consolid\u00e1ndose como regla y no excepci\u00f3n.<\/p>\n<p>Pese a que la figura del contrato menor est\u00e1 pensada para agilizar compras puntuales y favorecer a las PYMES, el informe de Audita Sanidad muestra que\u00a0<u>farmac\u00e9uticas y de tecnolog\u00eda m\u00e9dica<\/u>. Solo las 20 primeras empresas concentran el 21,7% de los contratos y el 35,6 % del valor (Roche, Medtronic, Novartis, Janssen, Pfizer, Johnson &amp; Johnson, etc.).<\/p>\n<p>Aunque la ley 9\/2017 de Contratos del Sector P\u00fablico proh\u00edbe el fraccionamiento de contratos, la pr\u00e1ctica observada es la contraria: <u>m\u00faltiples contratos menores, repetidos, con un mismo proveedor para un mismo\u00a0<\/u><u>producto<\/u>, por importes que habr\u00edan justificado una licitaci\u00f3n p\u00fablica. Esto se documenta con detalle en\u00a0hospitales como el Cl\u00ednico San Carlos, La Paz, Ram\u00f3n y Cajal, Gregorio Mara\u00f1\u00f3n, 12 de Octubre, Infanta Cristina, entre otros.<\/p>\n<p>Entre 2016 y 2020 se adjudicaron a dedo en la sanidad madrile\u00f1a 2,35 millones de contratos menores por m\u00e1s de 4.000 millones de euros. Aplicando la estimaci\u00f3n de la Comisi\u00f3n Nacional de los Mercados y la Competencia &#8211; CNMC (sobrecostes del 25% cuando no hay competencia), el uso abusivo del contrato menor\u00a0habr\u00eda generado unos <strong>818 millones de euros de sobrecostes<\/strong>. Con esa cantidad se podr\u00edan haber\u00a0financiado <strong>82 centros de salud <\/strong>o <strong>contratado a 14.600 m\u00e9dicos de Atenci\u00f3n Primaria <\/strong>durante un a\u00f1o, seg\u00fan los c\u00e1lculos del informe.<\/p>\n<p>M\u00e1s all\u00e1 de la cifra econ\u00f3mica, Audita Sanidad subraya que esta mala utilizaci\u00f3n del dinero p\u00fablico vulnera los principios de transparencia, concurrencia e igualdad ante la ley, y compromete el derecho a la salud, reconocido en la Constituci\u00f3n y en tratados internacionales.<\/p>\n<ul>\n<li>Investigaciones a fondo por parte de los organismos con responsabilidad fiscalizadora sobre el uso abusivo de contratos menores y el fraccionamiento de contratos en la sanidad madrile\u00f1a.<\/li>\n<li>Reformas legales para que la ciudadan\u00eda y asociaciones puedan activar fiscalizaciones cuando aporten documentaci\u00f3n.<\/li>\n<li>Garantizar la independencia real de las Intervenciones Generales frente a los gobiernos auton\u00f3micos.<\/li>\n<\/ul>\n<p>En resumen, Audita Sanidad denuncia que el abuso de contratos menores en la sanidad madrile\u00f1a encarece la contrataci\u00f3n, favorece a grandes corporaciones, erosiona la sanidad p\u00fablica y vulnera derechos humanos b\u00e1sicos.<\/p>\n","protected":false},"excerpt":{"rendered":"<p>Ma\u00f1ana, jueves 4 de noviembre de 2025, a las 12:00 horas la Asociaci\u00f3n Auditor\u00eda Ciudadana de la Deuda en Sanidad (Audita Sanidad), junto con la Coordinadora de Barrios y Pueblos de Madrid en Defensa de la Sanidad presentar\u00e1n una denuncia&hellip;<\/p>\n","protected":false},"author":94,"featured_media":1063372,"comment_status":"closed","ping_status":"closed","sticky":false,"template":"","format":"standard","meta":{"footnotes":""},"categories":[149,66,1239],"tags":[2247,12313,11325],"class_list":["post-2658109","post","type-post","status-publish","format-standard","has-post-thumbnail","hentry","category-comunicados-de-prensa","category-europa-es","category-salud","tag-comunidad-de-madrid","tag-privatizacion-servicios-publicos","tag-sanidad-publica"],"yoast_head":"<!-- This site is optimized with the Yoast SEO plugin v27.1.1 - https:\/\/yoast.com\/product\/yoast-seo-wordpress\/ -->\n<title>Audita Sanidad vuelve a denunciar el uso abusivo de contratos menores en la sanidad madrile\u00f1a<\/title>\n<meta name=\"description\" content=\"Ma\u00f1ana, jueves 4 de noviembre de 2025, a las 12:00 horas la Asociaci\u00f3n Auditor\u00eda Ciudadana de la Deuda en Sanidad (Audita Sanidad), junto con la\" \/>\n<meta name=\"robots\" content=\"index, follow, max-snippet:-1, max-image-preview:large, max-video-preview:-1\" \/>\n<link rel=\"canonical\" href=\"https:\/\/www.pressenza.com\/es\/2025\/12\/audita-sanidad-vuelve-a-denunciar-el-uso-abusivo-de-contratos-menores-en-la-sanidad-madrilena\/\" \/>\n<meta property=\"og:locale\" content=\"es_ES\" \/>\n<meta property=\"og:type\" content=\"article\" \/>\n<meta property=\"og:title\" content=\"Audita Sanidad vuelve a denunciar el uso abusivo de contratos menores en la sanidad madrile\u00f1a\" \/>\n<meta property=\"og:description\" content=\"Ma\u00f1ana, jueves 4 de noviembre de 2025, a las 12:00 horas la Asociaci\u00f3n Auditor\u00eda Ciudadana de la Deuda en Sanidad (Audita Sanidad), junto con la\" \/>\n<meta property=\"og:url\" content=\"https:\/\/www.pressenza.com\/es\/2025\/12\/audita-sanidad-vuelve-a-denunciar-el-uso-abusivo-de-contratos-menores-en-la-sanidad-madrilena\/\" \/>\n<meta property=\"og:site_name\" content=\"Pressenza\" \/>\n<meta property=\"article:publisher\" content=\"https:\/\/www.facebook.com\/PressenzaItalia\" \/>\n<meta property=\"article:author\" content=\"https:\/\/www.facebook.com\/pressenza\" \/>\n<meta property=\"article:published_time\" content=\"2025-12-02T21:47:13+00:00\" \/>\n<meta property=\"og:image\" content=\"https:\/\/www.pressenza.com\/wp-content\/uploads\/2020\/03\/sanidad-publica.jpg\" \/>\n\t<meta property=\"og:image:width\" content=\"800\" \/>\n\t<meta property=\"og:image:height\" content=\"533\" \/>\n\t<meta property=\"og:image:type\" content=\"image\/jpeg\" \/>\n<meta name=\"author\" content=\"Redacci\u00f3n Madrid\" \/>\n<meta name=\"twitter:card\" content=\"summary_large_image\" \/>\n<meta name=\"twitter:creator\" content=\"@pressenza\" \/>\n<meta name=\"twitter:site\" content=\"@PressenzaIPA\" \/>\n<meta name=\"twitter:label1\" content=\"Escrito por\" \/>\n\t<meta name=\"twitter:data1\" content=\"Redacci\u00f3n Madrid\" \/>\n\t<meta name=\"twitter:label2\" content=\"Tiempo de lectura\" \/>\n\t<meta name=\"twitter:data2\" content=\"3 minutos\" \/>\n<script type=\"application\/ld+json\" class=\"yoast-schema-graph\">{\"@context\":\"https:\/\/schema.org\",\"@graph\":[{\"@type\":\"Article\",\"@id\":\"https:\/\/www.pressenza.com\/es\/2025\/12\/audita-sanidad-vuelve-a-denunciar-el-uso-abusivo-de-contratos-menores-en-la-sanidad-madrilena\/#article\",\"isPartOf\":{\"@id\":\"https:\/\/www.pressenza.com\/es\/2025\/12\/audita-sanidad-vuelve-a-denunciar-el-uso-abusivo-de-contratos-menores-en-la-sanidad-madrilena\/\"},\"author\":{\"name\":\"Redacci\u00f3n Madrid\",\"@id\":\"https:\/\/www.pressenza.com\/es\/#\/schema\/person\/828fc40eeca2ad7be3630e5a46adba94\"},\"headline\":\"Audita Sanidad vuelve a denunciar el uso abusivo de contratos menores en la sanidad madrile\u00f1a\",\"datePublished\":\"2025-12-02T21:47:13+00:00\",\"mainEntityOfPage\":{\"@id\":\"https:\/\/www.pressenza.com\/es\/2025\/12\/audita-sanidad-vuelve-a-denunciar-el-uso-abusivo-de-contratos-menores-en-la-sanidad-madrilena\/\"},\"wordCount\":513,\"publisher\":{\"@id\":\"https:\/\/www.pressenza.com\/es\/#organization\"},\"image\":{\"@id\":\"https:\/\/www.pressenza.com\/es\/2025\/12\/audita-sanidad-vuelve-a-denunciar-el-uso-abusivo-de-contratos-menores-en-la-sanidad-madrilena\/#primaryimage\"},\"thumbnailUrl\":\"https:\/\/www.pressenza.com\/wp-content\/uploads\/2020\/03\/sanidad-publica.jpg\",\"keywords\":[\"Comunidad de Madrid\",\"Privatizaci\u00f3n servicios p\u00fablicos\",\"Sanidad P\u00fablica\"],\"articleSection\":[\"Comunicados de Prensa\",\"Europa\",\"Salud\"],\"inLanguage\":\"es\"},{\"@type\":\"WebPage\",\"@id\":\"https:\/\/www.pressenza.com\/es\/2025\/12\/audita-sanidad-vuelve-a-denunciar-el-uso-abusivo-de-contratos-menores-en-la-sanidad-madrilena\/\",\"url\":\"https:\/\/www.pressenza.com\/es\/2025\/12\/audita-sanidad-vuelve-a-denunciar-el-uso-abusivo-de-contratos-menores-en-la-sanidad-madrilena\/\",\"name\":\"Audita Sanidad vuelve a denunciar el uso abusivo de contratos menores en la sanidad madrile\u00f1a\",\"isPartOf\":{\"@id\":\"https:\/\/www.pressenza.com\/es\/#website\"},\"primaryImageOfPage\":{\"@id\":\"https:\/\/www.pressenza.com\/es\/2025\/12\/audita-sanidad-vuelve-a-denunciar-el-uso-abusivo-de-contratos-menores-en-la-sanidad-madrilena\/#primaryimage\"},\"image\":{\"@id\":\"https:\/\/www.pressenza.com\/es\/2025\/12\/audita-sanidad-vuelve-a-denunciar-el-uso-abusivo-de-contratos-menores-en-la-sanidad-madrilena\/#primaryimage\"},\"thumbnailUrl\":\"https:\/\/www.pressenza.com\/wp-content\/uploads\/2020\/03\/sanidad-publica.jpg\",\"datePublished\":\"2025-12-02T21:47:13+00:00\",\"description\":\"Ma\u00f1ana, jueves 4 de noviembre de 2025, a las 12:00 horas la Asociaci\u00f3n Auditor\u00eda Ciudadana de la Deuda en Sanidad (Audita Sanidad), junto con la\",\"breadcrumb\":{\"@id\":\"https:\/\/www.pressenza.com\/es\/2025\/12\/audita-sanidad-vuelve-a-denunciar-el-uso-abusivo-de-contratos-menores-en-la-sanidad-madrilena\/#breadcrumb\"},\"inLanguage\":\"es\",\"potentialAction\":[{\"@type\":\"ReadAction\",\"target\":[\"https:\/\/www.pressenza.com\/es\/2025\/12\/audita-sanidad-vuelve-a-denunciar-el-uso-abusivo-de-contratos-menores-en-la-sanidad-madrilena\/\"]}]},{\"@type\":\"ImageObject\",\"inLanguage\":\"es\",\"@id\":\"https:\/\/www.pressenza.com\/es\/2025\/12\/audita-sanidad-vuelve-a-denunciar-el-uso-abusivo-de-contratos-menores-en-la-sanidad-madrilena\/#primaryimage\",\"url\":\"https:\/\/www.pressenza.com\/wp-content\/uploads\/2020\/03\/sanidad-publica.jpg\",\"contentUrl\":\"https:\/\/www.pressenza.com\/wp-content\/uploads\/2020\/03\/sanidad-publica.jpg\",\"width\":800,\"height\":533},{\"@type\":\"BreadcrumbList\",\"@id\":\"https:\/\/www.pressenza.com\/es\/2025\/12\/audita-sanidad-vuelve-a-denunciar-el-uso-abusivo-de-contratos-menores-en-la-sanidad-madrilena\/#breadcrumb\",\"itemListElement\":[{\"@type\":\"ListItem\",\"position\":1,\"name\":\"Accueil\",\"item\":\"https:\/\/www.pressenza.com\/es\/\"},{\"@type\":\"ListItem\",\"position\":2,\"name\":\"Audita Sanidad vuelve a denunciar el uso abusivo de contratos menores en la sanidad madrile\u00f1a\"}]},{\"@type\":\"WebSite\",\"@id\":\"https:\/\/www.pressenza.com\/es\/#website\",\"url\":\"https:\/\/www.pressenza.com\/es\/\",\"name\":\"Pressenza\",\"description\":\"International Press Agency\",\"publisher\":{\"@id\":\"https:\/\/www.pressenza.com\/es\/#organization\"},\"potentialAction\":[{\"@type\":\"SearchAction\",\"target\":{\"@type\":\"EntryPoint\",\"urlTemplate\":\"https:\/\/www.pressenza.com\/es\/?s={search_term_string}\"},\"query-input\":{\"@type\":\"PropertyValueSpecification\",\"valueRequired\":true,\"valueName\":\"search_term_string\"}}],\"inLanguage\":\"es\"},{\"@type\":\"Organization\",\"@id\":\"https:\/\/www.pressenza.com\/es\/#organization\",\"name\":\"Pressenza\",\"url\":\"https:\/\/www.pressenza.com\/es\/\",\"logo\":{\"@type\":\"ImageObject\",\"inLanguage\":\"es\",\"@id\":\"https:\/\/www.pressenza.com\/es\/#\/schema\/logo\/image\/\",\"url\":\"https:\/\/www.pressenza.com\/wp-content\/uploads\/2022\/10\/pressenza_logo_200x200.jpg\",\"contentUrl\":\"https:\/\/www.pressenza.com\/wp-content\/uploads\/2022\/10\/pressenza_logo_200x200.jpg\",\"width\":200,\"height\":200,\"caption\":\"Pressenza\"},\"image\":{\"@id\":\"https:\/\/www.pressenza.com\/es\/#\/schema\/logo\/image\/\"},\"sameAs\":[\"https:\/\/www.facebook.com\/PressenzaItalia\",\"https:\/\/x.com\/PressenzaIPA\"]},{\"@type\":\"Person\",\"@id\":\"https:\/\/www.pressenza.com\/es\/#\/schema\/person\/828fc40eeca2ad7be3630e5a46adba94\",\"name\":\"Redacci\u00f3n Madrid\",\"description\":\"News from the Pressenza Bureau in Madrid, Spain\",\"sameAs\":[\"https:\/\/www.facebook.com\/pressenza\",\"https:\/\/x.com\/pressenza\"],\"url\":\"https:\/\/www.pressenza.com\/es\/author\/redaccion-madrid\/\"}]}<\/script>\n<!-- \/ Yoast SEO plugin. -->","yoast_head_json":{"title":"Audita Sanidad vuelve a denunciar el uso abusivo de contratos menores en la sanidad madrile\u00f1a","description":"Ma\u00f1ana, jueves 4 de noviembre de 2025, a las 12:00 horas la Asociaci\u00f3n Auditor\u00eda Ciudadana de la Deuda en Sanidad (Audita Sanidad), junto con la","robots":{"index":"index","follow":"follow","max-snippet":"max-snippet:-1","max-image-preview":"max-image-preview:large","max-video-preview":"max-video-preview:-1"},"canonical":"https:\/\/www.pressenza.com\/es\/2025\/12\/audita-sanidad-vuelve-a-denunciar-el-uso-abusivo-de-contratos-menores-en-la-sanidad-madrilena\/","og_locale":"es_ES","og_type":"article","og_title":"Audita Sanidad vuelve a denunciar el uso abusivo de contratos menores en la sanidad madrile\u00f1a","og_description":"Ma\u00f1ana, jueves 4 de noviembre de 2025, a las 12:00 horas la Asociaci\u00f3n Auditor\u00eda Ciudadana de la Deuda en Sanidad (Audita Sanidad), junto con la","og_url":"https:\/\/www.pressenza.com\/es\/2025\/12\/audita-sanidad-vuelve-a-denunciar-el-uso-abusivo-de-contratos-menores-en-la-sanidad-madrilena\/","og_site_name":"Pressenza","article_publisher":"https:\/\/www.facebook.com\/PressenzaItalia","article_author":"https:\/\/www.facebook.com\/pressenza","article_published_time":"2025-12-02T21:47:13+00:00","og_image":[{"width":800,"height":533,"url":"https:\/\/www.pressenza.com\/wp-content\/uploads\/2020\/03\/sanidad-publica.jpg","type":"image\/jpeg"}],"author":"Redacci\u00f3n Madrid","twitter_card":"summary_large_image","twitter_creator":"@pressenza","twitter_site":"@PressenzaIPA","twitter_misc":{"Escrito por":"Redacci\u00f3n Madrid","Tiempo de lectura":"3 minutos"},"schema":{"@context":"https:\/\/schema.org","@graph":[{"@type":"Article","@id":"https:\/\/www.pressenza.com\/es\/2025\/12\/audita-sanidad-vuelve-a-denunciar-el-uso-abusivo-de-contratos-menores-en-la-sanidad-madrilena\/#article","isPartOf":{"@id":"https:\/\/www.pressenza.com\/es\/2025\/12\/audita-sanidad-vuelve-a-denunciar-el-uso-abusivo-de-contratos-menores-en-la-sanidad-madrilena\/"},"author":{"name":"Redacci\u00f3n Madrid","@id":"https:\/\/www.pressenza.com\/es\/#\/schema\/person\/828fc40eeca2ad7be3630e5a46adba94"},"headline":"Audita Sanidad vuelve a denunciar el uso abusivo de contratos menores en la sanidad madrile\u00f1a","datePublished":"2025-12-02T21:47:13+00:00","mainEntityOfPage":{"@id":"https:\/\/www.pressenza.com\/es\/2025\/12\/audita-sanidad-vuelve-a-denunciar-el-uso-abusivo-de-contratos-menores-en-la-sanidad-madrilena\/"},"wordCount":513,"publisher":{"@id":"https:\/\/www.pressenza.com\/es\/#organization"},"image":{"@id":"https:\/\/www.pressenza.com\/es\/2025\/12\/audita-sanidad-vuelve-a-denunciar-el-uso-abusivo-de-contratos-menores-en-la-sanidad-madrilena\/#primaryimage"},"thumbnailUrl":"https:\/\/www.pressenza.com\/wp-content\/uploads\/2020\/03\/sanidad-publica.jpg","keywords":["Comunidad de Madrid","Privatizaci\u00f3n servicios p\u00fablicos","Sanidad P\u00fablica"],"articleSection":["Comunicados de Prensa","Europa","Salud"],"inLanguage":"es"},{"@type":"WebPage","@id":"https:\/\/www.pressenza.com\/es\/2025\/12\/audita-sanidad-vuelve-a-denunciar-el-uso-abusivo-de-contratos-menores-en-la-sanidad-madrilena\/","url":"https:\/\/www.pressenza.com\/es\/2025\/12\/audita-sanidad-vuelve-a-denunciar-el-uso-abusivo-de-contratos-menores-en-la-sanidad-madrilena\/","name":"Audita Sanidad vuelve a denunciar el uso abusivo de contratos menores en la sanidad madrile\u00f1a","isPartOf":{"@id":"https:\/\/www.pressenza.com\/es\/#website"},"primaryImageOfPage":{"@id":"https:\/\/www.pressenza.com\/es\/2025\/12\/audita-sanidad-vuelve-a-denunciar-el-uso-abusivo-de-contratos-menores-en-la-sanidad-madrilena\/#primaryimage"},"image":{"@id":"https:\/\/www.pressenza.com\/es\/2025\/12\/audita-sanidad-vuelve-a-denunciar-el-uso-abusivo-de-contratos-menores-en-la-sanidad-madrilena\/#primaryimage"},"thumbnailUrl":"https:\/\/www.pressenza.com\/wp-content\/uploads\/2020\/03\/sanidad-publica.jpg","datePublished":"2025-12-02T21:47:13+00:00","description":"Ma\u00f1ana, jueves 4 de noviembre de 2025, a las 12:00 horas la Asociaci\u00f3n Auditor\u00eda Ciudadana de la Deuda en Sanidad (Audita Sanidad), junto con la","breadcrumb":{"@id":"https:\/\/www.pressenza.com\/es\/2025\/12\/audita-sanidad-vuelve-a-denunciar-el-uso-abusivo-de-contratos-menores-en-la-sanidad-madrilena\/#breadcrumb"},"inLanguage":"es","potentialAction":[{"@type":"ReadAction","target":["https:\/\/www.pressenza.com\/es\/2025\/12\/audita-sanidad-vuelve-a-denunciar-el-uso-abusivo-de-contratos-menores-en-la-sanidad-madrilena\/"]}]},{"@type":"ImageObject","inLanguage":"es","@id":"https:\/\/www.pressenza.com\/es\/2025\/12\/audita-sanidad-vuelve-a-denunciar-el-uso-abusivo-de-contratos-menores-en-la-sanidad-madrilena\/#primaryimage","url":"https:\/\/www.pressenza.com\/wp-content\/uploads\/2020\/03\/sanidad-publica.jpg","contentUrl":"https:\/\/www.pressenza.com\/wp-content\/uploads\/2020\/03\/sanidad-publica.jpg","width":800,"height":533},{"@type":"BreadcrumbList","@id":"https:\/\/www.pressenza.com\/es\/2025\/12\/audita-sanidad-vuelve-a-denunciar-el-uso-abusivo-de-contratos-menores-en-la-sanidad-madrilena\/#breadcrumb","itemListElement":[{"@type":"ListItem","position":1,"name":"Accueil","item":"https:\/\/www.pressenza.com\/es\/"},{"@type":"ListItem","position":2,"name":"Audita Sanidad vuelve a denunciar el uso abusivo de contratos menores en la sanidad madrile\u00f1a"}]},{"@type":"WebSite","@id":"https:\/\/www.pressenza.com\/es\/#website","url":"https:\/\/www.pressenza.com\/es\/","name":"Pressenza","description":"International Press Agency","publisher":{"@id":"https:\/\/www.pressenza.com\/es\/#organization"},"potentialAction":[{"@type":"SearchAction","target":{"@type":"EntryPoint","urlTemplate":"https:\/\/www.pressenza.com\/es\/?s={search_term_string}"},"query-input":{"@type":"PropertyValueSpecification","valueRequired":true,"valueName":"search_term_string"}}],"inLanguage":"es"},{"@type":"Organization","@id":"https:\/\/www.pressenza.com\/es\/#organization","name":"Pressenza","url":"https:\/\/www.pressenza.com\/es\/","logo":{"@type":"ImageObject","inLanguage":"es","@id":"https:\/\/www.pressenza.com\/es\/#\/schema\/logo\/image\/","url":"https:\/\/www.pressenza.com\/wp-content\/uploads\/2022\/10\/pressenza_logo_200x200.jpg","contentUrl":"https:\/\/www.pressenza.com\/wp-content\/uploads\/2022\/10\/pressenza_logo_200x200.jpg","width":200,"height":200,"caption":"Pressenza"},"image":{"@id":"https:\/\/www.pressenza.com\/es\/#\/schema\/logo\/image\/"},"sameAs":["https:\/\/www.facebook.com\/PressenzaItalia","https:\/\/x.com\/PressenzaIPA"]},{"@type":"Person","@id":"https:\/\/www.pressenza.com\/es\/#\/schema\/person\/828fc40eeca2ad7be3630e5a46adba94","name":"Redacci\u00f3n Madrid","description":"News from the Pressenza Bureau in Madrid, Spain","sameAs":["https:\/\/www.facebook.com\/pressenza","https:\/\/x.com\/pressenza"],"url":"https:\/\/www.pressenza.com\/es\/author\/redaccion-madrid\/"}]}},"place":"","original_article_url":"","_links":{"self":[{"href":"https:\/\/www.pressenza.com\/es\/wp-json\/wp\/v2\/posts\/2658109","targetHints":{"allow":["GET"]}}],"collection":[{"href":"https:\/\/www.pressenza.com\/es\/wp-json\/wp\/v2\/posts"}],"about":[{"href":"https:\/\/www.pressenza.com\/es\/wp-json\/wp\/v2\/types\/post"}],"author":[{"embeddable":true,"href":"https:\/\/www.pressenza.com\/es\/wp-json\/wp\/v2\/users\/94"}],"replies":[{"embeddable":true,"href":"https:\/\/www.pressenza.com\/es\/wp-json\/wp\/v2\/comments?post=2658109"}],"version-history":[{"count":2,"href":"https:\/\/www.pressenza.com\/es\/wp-json\/wp\/v2\/posts\/2658109\/revisions"}],"predecessor-version":[{"id":2658115,"href":"https:\/\/www.pressenza.com\/es\/wp-json\/wp\/v2\/posts\/2658109\/revisions\/2658115"}],"wp:featuredmedia":[{"embeddable":true,"href":"https:\/\/www.pressenza.com\/es\/wp-json\/wp\/v2\/media\/1063372"}],"wp:attachment":[{"href":"https:\/\/www.pressenza.com\/es\/wp-json\/wp\/v2\/media?parent=2658109"}],"wp:term":[{"taxonomy":"category","embeddable":true,"href":"https:\/\/www.pressenza.com\/es\/wp-json\/wp\/v2\/categories?post=2658109"},{"taxonomy":"post_tag","embeddable":true,"href":"https:\/\/www.pressenza.com\/es\/wp-json\/wp\/v2\/tags?post=2658109"}],"curies":[{"name":"wp","href":"https:\/\/api.w.org\/{rel}","templated":true}]}}