{"id":2654776,"date":"2025-11-22T03:58:49","date_gmt":"2025-11-22T03:58:49","guid":{"rendered":"https:\/\/www.pressenza.com\/?p=2654776"},"modified":"2025-12-21T08:08:32","modified_gmt":"2025-12-21T08:08:32","slug":"pautas-para-un-voto-informado-y-responsable","status":"publish","type":"post","link":"https:\/\/www.pressenza.com\/es\/2025\/11\/pautas-para-un-voto-informado-y-responsable\/","title":{"rendered":"Pautas para un voto informado y responsable"},"content":{"rendered":"<h3>De nosotros depende hacer el cambio. O aceptamos pasivamente la maquinaria fraudulenta y perversa que nos gobierna o hacemos juntos la gran transformaci\u00f3n. De esto depende la calidad de vida tanto de la sociedad como el bienestar de los ecosistemas. Demostremos que tenemos memoria, dignidad, autoestima y coraje.<\/h3>\n<h3>Los derechos como horizonte:\u00a0Pautas para un voto informado y responsable<\/h3>\n<p>Por: Rodrigo Arce Rojas*<\/p>\n<p>Estamos cerca al inicio de las campa\u00f1as electorales para el proceso eleccionario peruano del pr\u00f3ximo a\u00f1o 2026 y pronto empezar\u00e1n las promesas ligeras, vac\u00edas, enga\u00f1osas, para ganarse el voto ciudadano. En medio del mar de candidatos y candidatas es importante contar con una gu\u00eda que permita tener mejores elementos para una buena decisi\u00f3n con repercusiones tangibles en la vida cotidiana de peruanas y peruanos.<\/p>\n<p>Hoy m\u00e1s que nunca necesitamos un voto informado y responsable para reconstruir el pa\u00eds, regenerar los tejidos de la vida y la sociedad y promover las grandes transformaciones con base en la equidad, la justicia y la paz en perspectiva de genuina y profunda sustentabilidad o de los buenos vivires o convivires. Los actuales pol\u00edticos, herederos de la nefasta tradici\u00f3n de tomar al Estado como bot\u00edn al servicio de sus intereses econ\u00f3micos o de sus amos. El presente art\u00edculo ofrece algunas pautas para un voto informado y responsable.<\/p>\n<blockquote>\n<h3>Lo primero que hay que desmitificar es el dicho que afirma que los peruanos no sabemos elegir.<\/h3>\n<\/blockquote>\n<p>Lo primero que hay que desmitificar es el dicho que afirma que los peruanos no sabemos elegir. Esto es una verdad a medias porque es resultado de un sistema pol\u00edtico y electoral que no ofrece opciones decentes y nos vemos obligados a elegir frecuentemente \u201cel mal menor\u201d. Si queremos que esta situaci\u00f3n cambie hay que hacer una profunda reforma pero que no es posible realizarla bajo las actuales circunstancias. Ya habr\u00e1 oportunidad de reformarlas, pero por ahora tenemos que velar porque los resultados sean lo menos da\u00f1inas posibles para la sociedad y la Naturaleza. En una situaci\u00f3n de aut\u00e9ntico democracia no tendr\u00edamos que pensar as\u00ed, pero hasta ah\u00ed nos han llevado los pol\u00edticos irresponsables.<\/p>\n<p>Aunque la democracia no es perfecta es posible convocarla para tratar de recomponer nuestra sociedad. La actual y profunda crisis pol\u00edtica es producto del sistema democr\u00e1tico que tenemos y que no produce decencia. Pero podemos aprovechar los resquicios para darnos la oportunidad de reconstruirnos como pa\u00eds y como sociedad. Por esto debemos usar el m\u00e9todo de los filtros para asegurarnos que al final podamos elegir a los m\u00e1s preparados, competentes y honestos puesto que estos valores dram\u00e1ticamente se han subvaluado. La figura 1 muestra un\u00a0<strong>primer filtro<\/strong>\u00a0por qui\u00e9nes no debemos elegir bajo ninguna circunstancia.<\/p>\n<p><img loading=\"lazy\" decoding=\"async\" class=\"alignnone wp-image-2654777\" src=\"https:\/\/www.pressenza.com\/wp-content\/uploads\/2025\/11\/1-filtro-300x188.png\" alt=\"Fig. 1: Primer filtro para descartar a los malos candidatos en el proceso eleccionario peruano.\" width=\"460\" height=\"288\" srcset=\"https:\/\/www.pressenza.com\/wp-content\/uploads\/2025\/11\/1-filtro-300x188.png 300w, https:\/\/www.pressenza.com\/wp-content\/uploads\/2025\/11\/1-filtro-820x514.png 820w, https:\/\/www.pressenza.com\/wp-content\/uploads\/2025\/11\/1-filtro.png 962w\" sizes=\"auto, (max-width: 460px) 100vw, 460px\" \/><\/p>\n<p>Hagamos ahora un\u00a0<strong>segundo filtro<\/strong>, como se muestra en la figura 2:<\/p>\n<p><img loading=\"lazy\" decoding=\"async\" class=\"alignnone wp-image-2654778\" src=\"https:\/\/www.pressenza.com\/wp-content\/uploads\/2025\/11\/2-filtro-300x190.png\" alt=\"\" width=\"455\" height=\"288\" srcset=\"https:\/\/www.pressenza.com\/wp-content\/uploads\/2025\/11\/2-filtro-300x190.png 300w, https:\/\/www.pressenza.com\/wp-content\/uploads\/2025\/11\/2-filtro-820x519.png 820w, https:\/\/www.pressenza.com\/wp-content\/uploads\/2025\/11\/2-filtro.png 945w\" sizes=\"auto, (max-width: 455px) 100vw, 455px\" \/><\/p>\n<p>Tambi\u00e9n hay que descartar a quienes se muestran \u201cgenerosos\u201d con regalitos de cualquier tipo. Ellas y ellos buscar\u00e1n recuperar \u201csu inversi\u00f3n\u201d a toda costa. Dudar de quienes en el poder despreciaron a la gente, pero que en campa\u00f1a electoral van prestos a solicitar los votos como si nada hubiera pasado. Incluso los que aparecen cargando o rescatando mascotitas no hay que creerles porque esos son simples actos marketeros.<\/p>\n<p>Ahora que ya hemos reducido la posibilidad de elegir malos candidatos veamos qui\u00e9nes quedan y que eventualmente podr\u00edan hacer un buen gobierno. Decimos eventualmente porque no hay seguridad con lo que tenemos. Consecuentemente tenemos que prestar atenci\u00f3n a la gran visi\u00f3n que presentan al pa\u00eds. La figura 3 muestra un mapa mental desde una perspectiva bio-eco-geo-cosmo-humanista con enfoque de derechos.<\/p>\n<div id=\"attachment_2654779\" class=\"wp-caption alignnone\"><img loading=\"lazy\" decoding=\"async\" aria-describedby=\"caption-attachment-2654779\" class=\" wp-image-2654779\" src=\"https:\/\/www.pressenza.com\/wp-content\/uploads\/2025\/11\/3-filtro-300x216.png\" alt=\"\" width=\"481\" height=\"346\" srcset=\"https:\/\/www.pressenza.com\/wp-content\/uploads\/2025\/11\/3-filtro-300x216.png 300w, https:\/\/www.pressenza.com\/wp-content\/uploads\/2025\/11\/3-filtro-820x589.png 820w, https:\/\/www.pressenza.com\/wp-content\/uploads\/2025\/11\/3-filtro.png 946w\" sizes=\"auto, (max-width: 481px) 100vw, 481px\" \/><p id=\"caption-attachment-2654779\" class=\"wp-caption-text\">Fig. 3: Los derechos bioculturales en perspectiva Bio-eco-geo-cosmo-humanismo<\/p><\/div>\n<p>Contrario al desprecio a los derechos, en esta propuesta los derechos conforman el coraz\u00f3n de la gran visi\u00f3n. As\u00ed las propuestas de los candidatos elegibles reconocen la importancia:<\/p>\n<ul>\n<li>De trabajar tanto por el bienestar humano como el bienestar de la naturaleza.<\/li>\n<li>De valorar la diversidad de derechos humanos.<\/li>\n<li>De valorar los Derechos de la Naturaleza.<\/li>\n<li>De los Derechos Bioculturales (Derechos humanos + Derechos de la Naturaleza).<\/li>\n<\/ul>\n<p>La valoraci\u00f3n de los derechos se deber\u00e1 traducir en algunas de las siguientes propuestas que se muestran en la Tabla 1<\/p>\n<p><img loading=\"lazy\" decoding=\"async\" class=\"alignnone wp-image-2654780\" src=\"https:\/\/www.pressenza.com\/wp-content\/uploads\/2025\/11\/tabla-285x300.png\" alt=\"\" width=\"447\" height=\"471\" srcset=\"https:\/\/www.pressenza.com\/wp-content\/uploads\/2025\/11\/tabla-285x300.png 285w, https:\/\/www.pressenza.com\/wp-content\/uploads\/2025\/11\/tabla.png 476w\" sizes=\"auto, (max-width: 447px) 100vw, 447px\" \/><\/p>\n<p>Por supuesto que las propuestas no son exhaustivas, pero nos dan una buena idea de aspectos clave a contemplar en los programas y compromisos.<\/p>\n<p>De nosotros depende hacer el cambio. O aceptamos pasivamente la maquinaria fraudulenta y perversa que nos gobierna o hacemos juntos la gran transformaci\u00f3n. De esto depende la calidad de vida tanto de la sociedad como el bienestar de los ecosistemas. Demostremos que tenemos memoria, dignidad, autoestima y coraje.<\/p>\n<p>&#8212;<br \/>\n*\u00a0Rodrigo Arce Rojas es doctor en Pensamiento complejo por la Multiversidad Mundo Real Edgar Morin. Correo electr\u00f3nico:\u00a0<a href=\"http:\/\/rarcerojas@yahoo.es\/\" target=\"_blank\" rel=\"noopener\">rarcerojas@yahoo.es<\/a><\/p>\n<p>&nbsp;<\/p>\n","protected":false},"excerpt":{"rendered":"<p>De nosotros depende hacer el cambio. O aceptamos pasivamente la maquinaria fraudulenta y perversa que nos gobierna o hacemos juntos la gran transformaci\u00f3n. De esto depende la calidad de vida tanto de la sociedad como el bienestar de los ecosistemas.&hellip;<\/p>\n","protected":false},"author":1256,"featured_media":2654781,"comment_status":"closed","ping_status":"closed","sticky":false,"template":"","format":"standard","meta":{"footnotes":""},"categories":[79,74,67],"tags":[146836,146834,147615,23287,146832],"class_list":["post-2654776","post","type-post","status-publish","format-standard","has-post-thumbnail","hentry","category-derechos-humanos","category-politica-es","category-sudamerica","tag-buengobierno","tag-porestosno","tag-buen-gobierno","tag-elecciones-peru","tag-voto-informado"],"yoast_head":"<!-- This site is optimized with the Yoast SEO plugin v27.1.1 - https:\/\/yoast.com\/product\/yoast-seo-wordpress\/ -->\n<title>Pautas para un voto informado y responsable<\/title>\n<meta name=\"description\" content=\"De nosotros depende hacer el cambio. O aceptamos pasivamente la maquinaria fraudulenta y perversa que nos gobierna o hacemos juntos la gran\" \/>\n<meta name=\"robots\" content=\"index, follow, max-snippet:-1, max-image-preview:large, max-video-preview:-1\" \/>\n<link rel=\"canonical\" href=\"https:\/\/www.pressenza.com\/es\/2025\/11\/pautas-para-un-voto-informado-y-responsable\/\" \/>\n<meta property=\"og:locale\" content=\"es_ES\" \/>\n<meta property=\"og:type\" content=\"article\" \/>\n<meta property=\"og:title\" content=\"Pautas para un voto informado y responsable\" \/>\n<meta property=\"og:description\" content=\"De nosotros depende hacer el cambio. O aceptamos pasivamente la maquinaria fraudulenta y perversa que nos gobierna o hacemos juntos la gran\" \/>\n<meta property=\"og:url\" content=\"https:\/\/www.pressenza.com\/es\/2025\/11\/pautas-para-un-voto-informado-y-responsable\/\" \/>\n<meta property=\"og:site_name\" content=\"Pressenza\" \/>\n<meta property=\"article:publisher\" content=\"https:\/\/www.facebook.com\/PressenzaItalia\" \/>\n<meta property=\"article:author\" content=\"https:\/\/www.facebook.com\/servindinoticias\/?fref=ts\" \/>\n<meta property=\"article:published_time\" content=\"2025-11-22T03:58:49+00:00\" \/>\n<meta property=\"article:modified_time\" content=\"2025-12-21T08:08:32+00:00\" \/>\n<meta property=\"og:image\" content=\"https:\/\/www.pressenza.com\/wp-content\/uploads\/2025\/11\/portada-21.png\" \/>\n\t<meta property=\"og:image:width\" content=\"875\" \/>\n\t<meta property=\"og:image:height\" content=\"586\" \/>\n\t<meta property=\"og:image:type\" content=\"image\/png\" \/>\n<meta name=\"author\" content=\"SERVINDI\" \/>\n<meta name=\"twitter:card\" content=\"summary_large_image\" \/>\n<meta name=\"twitter:creator\" content=\"@servindi\" \/>\n<meta name=\"twitter:site\" content=\"@PressenzaIPA\" \/>\n<meta name=\"twitter:label1\" content=\"Escrito por\" \/>\n\t<meta name=\"twitter:data1\" content=\"SERVINDI\" \/>\n\t<meta name=\"twitter:label2\" content=\"Tiempo de lectura\" \/>\n\t<meta name=\"twitter:data2\" content=\"5 minutos\" \/>\n<script type=\"application\/ld+json\" class=\"yoast-schema-graph\">{\"@context\":\"https:\/\/schema.org\",\"@graph\":[{\"@type\":\"Article\",\"@id\":\"https:\/\/www.pressenza.com\/es\/2025\/11\/pautas-para-un-voto-informado-y-responsable\/#article\",\"isPartOf\":{\"@id\":\"https:\/\/www.pressenza.com\/es\/2025\/11\/pautas-para-un-voto-informado-y-responsable\/\"},\"author\":{\"name\":\"SERVINDI\",\"@id\":\"https:\/\/www.pressenza.com\/es\/#\/schema\/person\/6f7bffaf2962fc89e55e93589c50d908\"},\"headline\":\"Pautas para un voto informado y responsable\",\"datePublished\":\"2025-11-22T03:58:49+00:00\",\"dateModified\":\"2025-12-21T08:08:32+00:00\",\"mainEntityOfPage\":{\"@id\":\"https:\/\/www.pressenza.com\/es\/2025\/11\/pautas-para-un-voto-informado-y-responsable\/\"},\"wordCount\":821,\"publisher\":{\"@id\":\"https:\/\/www.pressenza.com\/es\/#organization\"},\"image\":{\"@id\":\"https:\/\/www.pressenza.com\/es\/2025\/11\/pautas-para-un-voto-informado-y-responsable\/#primaryimage\"},\"thumbnailUrl\":\"https:\/\/www.pressenza.com\/wp-content\/uploads\/2025\/11\/portada-21.png\",\"keywords\":[\"#BuenGobierno\",\"#PorEstosNo\",\"Buen Gobierno\",\"elecciones per\u00fa\",\"voto informado\"],\"articleSection\":[\"Derechos Humanos\",\"Pol\u00edtica\",\"Sudam\u00e9rica\"],\"inLanguage\":\"es\"},{\"@type\":\"WebPage\",\"@id\":\"https:\/\/www.pressenza.com\/es\/2025\/11\/pautas-para-un-voto-informado-y-responsable\/\",\"url\":\"https:\/\/www.pressenza.com\/es\/2025\/11\/pautas-para-un-voto-informado-y-responsable\/\",\"name\":\"Pautas para un voto informado y responsable\",\"isPartOf\":{\"@id\":\"https:\/\/www.pressenza.com\/es\/#website\"},\"primaryImageOfPage\":{\"@id\":\"https:\/\/www.pressenza.com\/es\/2025\/11\/pautas-para-un-voto-informado-y-responsable\/#primaryimage\"},\"image\":{\"@id\":\"https:\/\/www.pressenza.com\/es\/2025\/11\/pautas-para-un-voto-informado-y-responsable\/#primaryimage\"},\"thumbnailUrl\":\"https:\/\/www.pressenza.com\/wp-content\/uploads\/2025\/11\/portada-21.png\",\"datePublished\":\"2025-11-22T03:58:49+00:00\",\"dateModified\":\"2025-12-21T08:08:32+00:00\",\"description\":\"De nosotros depende hacer el cambio. O aceptamos pasivamente la maquinaria fraudulenta y perversa que nos gobierna o hacemos juntos la gran\",\"breadcrumb\":{\"@id\":\"https:\/\/www.pressenza.com\/es\/2025\/11\/pautas-para-un-voto-informado-y-responsable\/#breadcrumb\"},\"inLanguage\":\"es\",\"potentialAction\":[{\"@type\":\"ReadAction\",\"target\":[\"https:\/\/www.pressenza.com\/es\/2025\/11\/pautas-para-un-voto-informado-y-responsable\/\"]}]},{\"@type\":\"ImageObject\",\"inLanguage\":\"es\",\"@id\":\"https:\/\/www.pressenza.com\/es\/2025\/11\/pautas-para-un-voto-informado-y-responsable\/#primaryimage\",\"url\":\"https:\/\/www.pressenza.com\/wp-content\/uploads\/2025\/11\/portada-21.png\",\"contentUrl\":\"https:\/\/www.pressenza.com\/wp-content\/uploads\/2025\/11\/portada-21.png\",\"width\":875,\"height\":586},{\"@type\":\"BreadcrumbList\",\"@id\":\"https:\/\/www.pressenza.com\/es\/2025\/11\/pautas-para-un-voto-informado-y-responsable\/#breadcrumb\",\"itemListElement\":[{\"@type\":\"ListItem\",\"position\":1,\"name\":\"Accueil\",\"item\":\"https:\/\/www.pressenza.com\/es\/\"},{\"@type\":\"ListItem\",\"position\":2,\"name\":\"Pautas para un voto informado y responsable\"}]},{\"@type\":\"WebSite\",\"@id\":\"https:\/\/www.pressenza.com\/es\/#website\",\"url\":\"https:\/\/www.pressenza.com\/es\/\",\"name\":\"Pressenza\",\"description\":\"International Press Agency\",\"publisher\":{\"@id\":\"https:\/\/www.pressenza.com\/es\/#organization\"},\"potentialAction\":[{\"@type\":\"SearchAction\",\"target\":{\"@type\":\"EntryPoint\",\"urlTemplate\":\"https:\/\/www.pressenza.com\/es\/?s={search_term_string}\"},\"query-input\":{\"@type\":\"PropertyValueSpecification\",\"valueRequired\":true,\"valueName\":\"search_term_string\"}}],\"inLanguage\":\"es\"},{\"@type\":\"Organization\",\"@id\":\"https:\/\/www.pressenza.com\/es\/#organization\",\"name\":\"Pressenza\",\"url\":\"https:\/\/www.pressenza.com\/es\/\",\"logo\":{\"@type\":\"ImageObject\",\"inLanguage\":\"es\",\"@id\":\"https:\/\/www.pressenza.com\/es\/#\/schema\/logo\/image\/\",\"url\":\"https:\/\/www.pressenza.com\/wp-content\/uploads\/2022\/10\/pressenza_logo_200x200.jpg\",\"contentUrl\":\"https:\/\/www.pressenza.com\/wp-content\/uploads\/2022\/10\/pressenza_logo_200x200.jpg\",\"width\":200,\"height\":200,\"caption\":\"Pressenza\"},\"image\":{\"@id\":\"https:\/\/www.pressenza.com\/es\/#\/schema\/logo\/image\/\"},\"sameAs\":[\"https:\/\/www.facebook.com\/PressenzaItalia\",\"https:\/\/x.com\/PressenzaIPA\"]},{\"@type\":\"Person\",\"@id\":\"https:\/\/www.pressenza.com\/es\/#\/schema\/person\/6f7bffaf2962fc89e55e93589c50d908\",\"name\":\"SERVINDI\",\"description\":\"Conscientes de nuestro rol de apoyo y acompa\u00f1amiento operamos como una agencia de noticias y elaboramos notas informativas, informes especiales, entrevistas y producciones de audio y v\u00eddeo, relacionadas al acontecer ind\u00edgena y ambiental nacional y mundial. www.servindi.org\",\"sameAs\":[\"https:\/\/www.facebook.com\/servindinoticias\/?fref=ts\",\"https:\/\/x.com\/servindi\"],\"url\":\"https:\/\/www.pressenza.com\/es\/author\/servindi\/\"}]}<\/script>\n<!-- \/ Yoast SEO plugin. -->","yoast_head_json":{"title":"Pautas para un voto informado y responsable","description":"De nosotros depende hacer el cambio. O aceptamos pasivamente la maquinaria fraudulenta y perversa que nos gobierna o hacemos juntos la gran","robots":{"index":"index","follow":"follow","max-snippet":"max-snippet:-1","max-image-preview":"max-image-preview:large","max-video-preview":"max-video-preview:-1"},"canonical":"https:\/\/www.pressenza.com\/es\/2025\/11\/pautas-para-un-voto-informado-y-responsable\/","og_locale":"es_ES","og_type":"article","og_title":"Pautas para un voto informado y responsable","og_description":"De nosotros depende hacer el cambio. O aceptamos pasivamente la maquinaria fraudulenta y perversa que nos gobierna o hacemos juntos la gran","og_url":"https:\/\/www.pressenza.com\/es\/2025\/11\/pautas-para-un-voto-informado-y-responsable\/","og_site_name":"Pressenza","article_publisher":"https:\/\/www.facebook.com\/PressenzaItalia","article_author":"https:\/\/www.facebook.com\/servindinoticias\/?fref=ts","article_published_time":"2025-11-22T03:58:49+00:00","article_modified_time":"2025-12-21T08:08:32+00:00","og_image":[{"width":875,"height":586,"url":"https:\/\/www.pressenza.com\/wp-content\/uploads\/2025\/11\/portada-21.png","type":"image\/png"}],"author":"SERVINDI","twitter_card":"summary_large_image","twitter_creator":"@servindi","twitter_site":"@PressenzaIPA","twitter_misc":{"Escrito por":"SERVINDI","Tiempo de lectura":"5 minutos"},"schema":{"@context":"https:\/\/schema.org","@graph":[{"@type":"Article","@id":"https:\/\/www.pressenza.com\/es\/2025\/11\/pautas-para-un-voto-informado-y-responsable\/#article","isPartOf":{"@id":"https:\/\/www.pressenza.com\/es\/2025\/11\/pautas-para-un-voto-informado-y-responsable\/"},"author":{"name":"SERVINDI","@id":"https:\/\/www.pressenza.com\/es\/#\/schema\/person\/6f7bffaf2962fc89e55e93589c50d908"},"headline":"Pautas para un voto informado y responsable","datePublished":"2025-11-22T03:58:49+00:00","dateModified":"2025-12-21T08:08:32+00:00","mainEntityOfPage":{"@id":"https:\/\/www.pressenza.com\/es\/2025\/11\/pautas-para-un-voto-informado-y-responsable\/"},"wordCount":821,"publisher":{"@id":"https:\/\/www.pressenza.com\/es\/#organization"},"image":{"@id":"https:\/\/www.pressenza.com\/es\/2025\/11\/pautas-para-un-voto-informado-y-responsable\/#primaryimage"},"thumbnailUrl":"https:\/\/www.pressenza.com\/wp-content\/uploads\/2025\/11\/portada-21.png","keywords":["#BuenGobierno","#PorEstosNo","Buen Gobierno","elecciones per\u00fa","voto informado"],"articleSection":["Derechos Humanos","Pol\u00edtica","Sudam\u00e9rica"],"inLanguage":"es"},{"@type":"WebPage","@id":"https:\/\/www.pressenza.com\/es\/2025\/11\/pautas-para-un-voto-informado-y-responsable\/","url":"https:\/\/www.pressenza.com\/es\/2025\/11\/pautas-para-un-voto-informado-y-responsable\/","name":"Pautas para un voto informado y responsable","isPartOf":{"@id":"https:\/\/www.pressenza.com\/es\/#website"},"primaryImageOfPage":{"@id":"https:\/\/www.pressenza.com\/es\/2025\/11\/pautas-para-un-voto-informado-y-responsable\/#primaryimage"},"image":{"@id":"https:\/\/www.pressenza.com\/es\/2025\/11\/pautas-para-un-voto-informado-y-responsable\/#primaryimage"},"thumbnailUrl":"https:\/\/www.pressenza.com\/wp-content\/uploads\/2025\/11\/portada-21.png","datePublished":"2025-11-22T03:58:49+00:00","dateModified":"2025-12-21T08:08:32+00:00","description":"De nosotros depende hacer el cambio. O aceptamos pasivamente la maquinaria fraudulenta y perversa que nos gobierna o hacemos juntos la gran","breadcrumb":{"@id":"https:\/\/www.pressenza.com\/es\/2025\/11\/pautas-para-un-voto-informado-y-responsable\/#breadcrumb"},"inLanguage":"es","potentialAction":[{"@type":"ReadAction","target":["https:\/\/www.pressenza.com\/es\/2025\/11\/pautas-para-un-voto-informado-y-responsable\/"]}]},{"@type":"ImageObject","inLanguage":"es","@id":"https:\/\/www.pressenza.com\/es\/2025\/11\/pautas-para-un-voto-informado-y-responsable\/#primaryimage","url":"https:\/\/www.pressenza.com\/wp-content\/uploads\/2025\/11\/portada-21.png","contentUrl":"https:\/\/www.pressenza.com\/wp-content\/uploads\/2025\/11\/portada-21.png","width":875,"height":586},{"@type":"BreadcrumbList","@id":"https:\/\/www.pressenza.com\/es\/2025\/11\/pautas-para-un-voto-informado-y-responsable\/#breadcrumb","itemListElement":[{"@type":"ListItem","position":1,"name":"Accueil","item":"https:\/\/www.pressenza.com\/es\/"},{"@type":"ListItem","position":2,"name":"Pautas para un voto informado y responsable"}]},{"@type":"WebSite","@id":"https:\/\/www.pressenza.com\/es\/#website","url":"https:\/\/www.pressenza.com\/es\/","name":"Pressenza","description":"International Press Agency","publisher":{"@id":"https:\/\/www.pressenza.com\/es\/#organization"},"potentialAction":[{"@type":"SearchAction","target":{"@type":"EntryPoint","urlTemplate":"https:\/\/www.pressenza.com\/es\/?s={search_term_string}"},"query-input":{"@type":"PropertyValueSpecification","valueRequired":true,"valueName":"search_term_string"}}],"inLanguage":"es"},{"@type":"Organization","@id":"https:\/\/www.pressenza.com\/es\/#organization","name":"Pressenza","url":"https:\/\/www.pressenza.com\/es\/","logo":{"@type":"ImageObject","inLanguage":"es","@id":"https:\/\/www.pressenza.com\/es\/#\/schema\/logo\/image\/","url":"https:\/\/www.pressenza.com\/wp-content\/uploads\/2022\/10\/pressenza_logo_200x200.jpg","contentUrl":"https:\/\/www.pressenza.com\/wp-content\/uploads\/2022\/10\/pressenza_logo_200x200.jpg","width":200,"height":200,"caption":"Pressenza"},"image":{"@id":"https:\/\/www.pressenza.com\/es\/#\/schema\/logo\/image\/"},"sameAs":["https:\/\/www.facebook.com\/PressenzaItalia","https:\/\/x.com\/PressenzaIPA"]},{"@type":"Person","@id":"https:\/\/www.pressenza.com\/es\/#\/schema\/person\/6f7bffaf2962fc89e55e93589c50d908","name":"SERVINDI","description":"Conscientes de nuestro rol de apoyo y acompa\u00f1amiento operamos como una agencia de noticias y elaboramos notas informativas, informes especiales, entrevistas y producciones de audio y v\u00eddeo, relacionadas al acontecer ind\u00edgena y ambiental nacional y mundial. www.servindi.org","sameAs":["https:\/\/www.facebook.com\/servindinoticias\/?fref=ts","https:\/\/x.com\/servindi"],"url":"https:\/\/www.pressenza.com\/es\/author\/servindi\/"}]}},"place":"","original_article_url":"","_links":{"self":[{"href":"https:\/\/www.pressenza.com\/es\/wp-json\/wp\/v2\/posts\/2654776","targetHints":{"allow":["GET"]}}],"collection":[{"href":"https:\/\/www.pressenza.com\/es\/wp-json\/wp\/v2\/posts"}],"about":[{"href":"https:\/\/www.pressenza.com\/es\/wp-json\/wp\/v2\/types\/post"}],"author":[{"embeddable":true,"href":"https:\/\/www.pressenza.com\/es\/wp-json\/wp\/v2\/users\/1256"}],"replies":[{"embeddable":true,"href":"https:\/\/www.pressenza.com\/es\/wp-json\/wp\/v2\/comments?post=2654776"}],"version-history":[{"count":2,"href":"https:\/\/www.pressenza.com\/es\/wp-json\/wp\/v2\/posts\/2654776\/revisions"}],"predecessor-version":[{"id":2654790,"href":"https:\/\/www.pressenza.com\/es\/wp-json\/wp\/v2\/posts\/2654776\/revisions\/2654790"}],"wp:featuredmedia":[{"embeddable":true,"href":"https:\/\/www.pressenza.com\/es\/wp-json\/wp\/v2\/media\/2654781"}],"wp:attachment":[{"href":"https:\/\/www.pressenza.com\/es\/wp-json\/wp\/v2\/media?parent=2654776"}],"wp:term":[{"taxonomy":"category","embeddable":true,"href":"https:\/\/www.pressenza.com\/es\/wp-json\/wp\/v2\/categories?post=2654776"},{"taxonomy":"post_tag","embeddable":true,"href":"https:\/\/www.pressenza.com\/es\/wp-json\/wp\/v2\/tags?post=2654776"}],"curies":[{"name":"wp","href":"https:\/\/api.w.org\/{rel}","templated":true}]}}