{"id":2654741,"date":"2025-11-22T00:28:52","date_gmt":"2025-11-22T00:28:52","guid":{"rendered":"https:\/\/www.pressenza.com\/?p=2654741"},"modified":"2025-11-22T00:28:52","modified_gmt":"2025-11-22T00:28:52","slug":"parisi-la-radicalidad-del-sentido-comun","status":"publish","type":"post","link":"https:\/\/www.pressenza.com\/es\/2025\/11\/parisi-la-radicalidad-del-sentido-comun\/","title":{"rendered":"Parisi: la radicalidad del sentido com\u00fan"},"content":{"rendered":"<p style=\"font-weight: 400;\">La reciente elecci\u00f3n presidencial dej\u00f3 en evidencia algo que buena parte del sistema pol\u00edtico no quiere ver: Franco Parisi no es un accidente estad\u00edstico ni un desahogo pasajero. Con casi 20% de los votos \u20142,5 millones de personas\u2014 qued\u00f3 a un paso de disputar la segunda vuelta. Cuando afirm\u00f3 que\u00a0<em>\u201csi las encuestas hubieran medido bien, habr\u00eda pasado\u201d<\/em>, muchos se rieron. Pero lo cierto es que tiene raz\u00f3n:\u00a0<strong>en Chile las encuestas no observan la realidad, la fabrican, y esta vez fabricaron mal<\/strong>.<\/p>\n<p style=\"font-weight: 400;\">Desde el domingo, los mismos analistas que fallaron en anticipar su ascenso intentan explicarlo con las categor\u00edas de siempre: voto \u201canti-\u00e9lite\u201d, \u201canti-partidos\u201d, \u201cantipol\u00edtico\u201d, \u201cde protesta\u201d. Son etiquetas c\u00f3modas, porque permiten mantener intacta la ilusi\u00f3n de que todo sigue bajo control. Pero no explican nada.\u00a0<strong>Parisi no representa el enojo: representa el sentido com\u00fan que la pol\u00edtica dej\u00f3 de escuchar.<\/strong><\/p>\n<p style=\"font-weight: 400;\">Mientras la izquierda radical y la derecha radical compiten por qui\u00e9n grita m\u00e1s fuerte desde los extremos, Parisi se instal\u00f3 en el centro emocional del pa\u00eds. No en el \u201ccentro pol\u00edtico\u201d, esa abstracci\u00f3n sociol\u00f3gica, sino en el terreno donde se juega lo cotidiano, lo que se toca, lo que duele. Su eslogan espont\u00e1neo \u2014<em>\u201cNi facho ni comunacho\u201d<\/em>\u2014 no es un chiste: es un diagn\u00f3stico. Es la frase de un pa\u00eds que desconf\u00eda de todos, que no se siente representado por nadie y que sospecha, con raz\u00f3n, que las soluciones ofrecidas siempre llegan tarde o nunca llegan. Como dir\u00eda Bombo Fica:\u00a0<em>\u201cSospechosa la wea\u201d<\/em>.<\/p>\n<p style=\"font-weight: 400;\">Parisi habla distinto. No porque sea m\u00e1s profundo, sino porque dej\u00f3 de hablarle a la \u00e9lite. Su profundidad es cultural, no acad\u00e9mica. Lo demuestra la frase que lanz\u00f3 en el foro minero:<\/p>\n<p style=\"font-weight: 400;\"><strong>\u201cMuchas veces se dice \u2018mira los tremendos sueldos que tienen\u2019. S\u00ed, ojal\u00e1 que ganen m\u00e1s. A m\u00ed me encanta que les vaya bien a los mineros, ojal\u00e1 que se compren una camioneta m\u00e1s grande, ojal\u00e1 que enchulen a la vieja si quieren, porque ellos todo el d\u00eda est\u00e1n preocupados de c\u00f3mo vivir\u201d.<\/strong><\/p>\n<p style=\"font-weight: 400;\">Para algunos esto es populismo vulgar; para millones, es exactamente c\u00f3mo se conversa en la vida real. Esa distancia \u2014la que separa el debate televisivo de la sobremesa\u2014 es donde Parisi gana.<\/p>\n<p style=\"font-weight: 400;\">En migraci\u00f3n, la diferencia es igual de n\u00edtida. Mientras los dem\u00e1s candidatos compiten por matices, Parisi remata con una frase imposible de ignorar:\u00a0<strong>\u201cNunca m\u00e1s un extranjero va a estar primero en la l\u00ednea para casa, colegio, salud, luz y seguridad.\u201d<\/strong>\u00a0No habla de fronteras ni de tratados: habla de \u201cla fila\u201d. De la injusticia percibida; de la sensaci\u00f3n de que el esfuerzo paga menos para unos que para otros. El norte vot\u00f3 por \u00e9l no s\u00f3lo por este discurso, sino por la misma l\u00f3gica: decir sin rodeos lo que todos comentan fuera de c\u00e1maras y que ning\u00fan candidato tradicional se atreve a decir frente a ellas.<\/p>\n<p style=\"font-weight: 400;\">Y cuando Parisi propone medidas, no ofrece sistemas complejos ni modelos te\u00f3ricos. Su promesa estrella \u2014<strong>eliminar el IVA a los medicamentos y devolverlo mensualmente<\/strong>\u2014 no requiere seminarios ni comisiones. Es simple. Es inmediata. Es entendible. Eso que la pol\u00edtica perdi\u00f3 hace a\u00f1os.<\/p>\n<p style=\"font-weight: 400;\">No es casual que su programa hable del \u201cpa\u00eds de los olvidados\u201d. La frase es cursi, pero funcional: resume una realidad que la \u00e9lite describe como \u201cmalestar social\u201d mientras la vive como una molestia pasajera.<\/p>\n<p style=\"font-weight: 400;\">Llamar \u201cradical\u201d a Parisi es un error conceptual. Radicales son quienes se atrincheran en ideolog\u00edas f\u00f3siles. Parisi no es radical:\u00a0<strong>es literal<\/strong>. Dice lo que piensa. Piensa lo que dice. Y lo dice como habla la gente com\u00fan. Esa honestidad brutal \u2014que puede parecer irresponsable, simplista o inc\u00f3moda\u2014 es exactamente lo que hoy mueve votos en todo el mundo.<\/p>\n<p style=\"font-weight: 400;\">La verdadera radicalidad del siglo XXI no est\u00e1 en las consignas ni en las doctrinas. Est\u00e1 en la capacidad de expresar lo que el pa\u00eds siente antes de que la \u00e9lite redacte el an\u00e1lisis. En esa habilidad, Parisi tiene algo que nadie m\u00e1s tiene:\u00a0<strong>olfato<\/strong>. Y eso \u2014ni m\u00e1s ni menos\u2014 explica sus 2,5 millones de votos y sus catorce diputados electos.<\/p>\n","protected":false},"excerpt":{"rendered":"<p>La reciente elecci\u00f3n presidencial dej\u00f3 en evidencia algo que buena parte del sistema pol\u00edtico no quiere ver: Franco Parisi no es un accidente estad\u00edstico ni un desahogo pasajero. Con casi 20% de los votos \u20142,5 millones de personas\u2014 qued\u00f3 a&hellip;<\/p>\n","protected":false},"author":1907,"featured_media":2654742,"comment_status":"closed","ping_status":"closed","sticky":false,"template":"","format":"standard","meta":{"footnotes":""},"categories":[11389,74,67],"tags":[42112,96991],"class_list":["post-2654741","post","type-post","status-publish","format-standard","has-post-thumbnail","hentry","category-contenido-original","category-politica-es","category-sudamerica","tag-elecciones-chile","tag-franco-parisi-es"],"yoast_head":"<!-- This site is optimized with the Yoast SEO plugin v27.1.1 - https:\/\/yoast.com\/product\/yoast-seo-wordpress\/ -->\n<title>Parisi: la radicalidad del sentido com\u00fan<\/title>\n<meta name=\"description\" content=\"La reciente elecci\u00f3n presidencial dej\u00f3 en evidencia algo que buena parte del sistema pol\u00edtico no quiere ver: Franco Parisi no es un accidente estad\u00edstico\" \/>\n<meta name=\"robots\" content=\"index, follow, max-snippet:-1, max-image-preview:large, max-video-preview:-1\" \/>\n<link rel=\"canonical\" href=\"https:\/\/www.pressenza.com\/es\/2025\/11\/parisi-la-radicalidad-del-sentido-comun\/\" \/>\n<meta property=\"og:locale\" content=\"es_ES\" \/>\n<meta property=\"og:type\" content=\"article\" \/>\n<meta property=\"og:title\" content=\"Parisi: la radicalidad del sentido com\u00fan\" \/>\n<meta property=\"og:description\" content=\"La reciente elecci\u00f3n presidencial dej\u00f3 en evidencia algo que buena parte del sistema pol\u00edtico no quiere ver: Franco Parisi no es un accidente estad\u00edstico\" \/>\n<meta property=\"og:url\" content=\"https:\/\/www.pressenza.com\/es\/2025\/11\/parisi-la-radicalidad-del-sentido-comun\/\" \/>\n<meta property=\"og:site_name\" content=\"Pressenza\" \/>\n<meta property=\"article:publisher\" content=\"https:\/\/www.facebook.com\/PressenzaItalia\" \/>\n<meta property=\"article:published_time\" content=\"2025-11-22T00:28:52+00:00\" \/>\n<meta property=\"og:image\" content=\"https:\/\/www.pressenza.com\/wp-content\/uploads\/2025\/11\/Franco_Parisi-wikipedia.png\" \/>\n\t<meta property=\"og:image:width\" content=\"330\" \/>\n\t<meta property=\"og:image:height\" content=\"440\" \/>\n\t<meta property=\"og:image:type\" content=\"image\/png\" \/>\n<meta name=\"author\" content=\"Marcelo Trivelli\" \/>\n<meta name=\"twitter:card\" content=\"summary_large_image\" \/>\n<meta name=\"twitter:creator\" content=\"@PressenzaIPA\" \/>\n<meta name=\"twitter:site\" content=\"@PressenzaIPA\" \/>\n<meta name=\"twitter:label1\" content=\"Escrito por\" \/>\n\t<meta name=\"twitter:data1\" content=\"Marcelo Trivelli\" \/>\n\t<meta name=\"twitter:label2\" content=\"Tiempo de lectura\" \/>\n\t<meta name=\"twitter:data2\" content=\"4 minutos\" \/>\n<script type=\"application\/ld+json\" class=\"yoast-schema-graph\">{\"@context\":\"https:\/\/schema.org\",\"@graph\":[{\"@type\":\"Article\",\"@id\":\"https:\/\/www.pressenza.com\/es\/2025\/11\/parisi-la-radicalidad-del-sentido-comun\/#article\",\"isPartOf\":{\"@id\":\"https:\/\/www.pressenza.com\/es\/2025\/11\/parisi-la-radicalidad-del-sentido-comun\/\"},\"author\":{\"name\":\"Marcelo Trivelli\",\"@id\":\"https:\/\/www.pressenza.com\/es\/#\/schema\/person\/62f77772bfcdd01e2cf156a471ba4ec5\"},\"headline\":\"Parisi: la radicalidad del sentido com\u00fan\",\"datePublished\":\"2025-11-22T00:28:52+00:00\",\"mainEntityOfPage\":{\"@id\":\"https:\/\/www.pressenza.com\/es\/2025\/11\/parisi-la-radicalidad-del-sentido-comun\/\"},\"wordCount\":724,\"publisher\":{\"@id\":\"https:\/\/www.pressenza.com\/es\/#organization\"},\"image\":{\"@id\":\"https:\/\/www.pressenza.com\/es\/2025\/11\/parisi-la-radicalidad-del-sentido-comun\/#primaryimage\"},\"thumbnailUrl\":\"https:\/\/www.pressenza.com\/wp-content\/uploads\/2025\/11\/Franco_Parisi-wikipedia.png\",\"keywords\":[\"Elecciones Chile\",\"Franco Parisi\"],\"articleSection\":[\"Contenido Original\",\"Pol\u00edtica\",\"Sudam\u00e9rica\"],\"inLanguage\":\"es\"},{\"@type\":\"WebPage\",\"@id\":\"https:\/\/www.pressenza.com\/es\/2025\/11\/parisi-la-radicalidad-del-sentido-comun\/\",\"url\":\"https:\/\/www.pressenza.com\/es\/2025\/11\/parisi-la-radicalidad-del-sentido-comun\/\",\"name\":\"Parisi: la radicalidad del sentido com\u00fan\",\"isPartOf\":{\"@id\":\"https:\/\/www.pressenza.com\/es\/#website\"},\"primaryImageOfPage\":{\"@id\":\"https:\/\/www.pressenza.com\/es\/2025\/11\/parisi-la-radicalidad-del-sentido-comun\/#primaryimage\"},\"image\":{\"@id\":\"https:\/\/www.pressenza.com\/es\/2025\/11\/parisi-la-radicalidad-del-sentido-comun\/#primaryimage\"},\"thumbnailUrl\":\"https:\/\/www.pressenza.com\/wp-content\/uploads\/2025\/11\/Franco_Parisi-wikipedia.png\",\"datePublished\":\"2025-11-22T00:28:52+00:00\",\"description\":\"La reciente elecci\u00f3n presidencial dej\u00f3 en evidencia algo que buena parte del sistema pol\u00edtico no quiere ver: Franco Parisi no es un accidente estad\u00edstico\",\"breadcrumb\":{\"@id\":\"https:\/\/www.pressenza.com\/es\/2025\/11\/parisi-la-radicalidad-del-sentido-comun\/#breadcrumb\"},\"inLanguage\":\"es\",\"potentialAction\":[{\"@type\":\"ReadAction\",\"target\":[\"https:\/\/www.pressenza.com\/es\/2025\/11\/parisi-la-radicalidad-del-sentido-comun\/\"]}]},{\"@type\":\"ImageObject\",\"inLanguage\":\"es\",\"@id\":\"https:\/\/www.pressenza.com\/es\/2025\/11\/parisi-la-radicalidad-del-sentido-comun\/#primaryimage\",\"url\":\"https:\/\/www.pressenza.com\/wp-content\/uploads\/2025\/11\/Franco_Parisi-wikipedia.png\",\"contentUrl\":\"https:\/\/www.pressenza.com\/wp-content\/uploads\/2025\/11\/Franco_Parisi-wikipedia.png\",\"width\":330,\"height\":440},{\"@type\":\"BreadcrumbList\",\"@id\":\"https:\/\/www.pressenza.com\/es\/2025\/11\/parisi-la-radicalidad-del-sentido-comun\/#breadcrumb\",\"itemListElement\":[{\"@type\":\"ListItem\",\"position\":1,\"name\":\"Accueil\",\"item\":\"https:\/\/www.pressenza.com\/es\/\"},{\"@type\":\"ListItem\",\"position\":2,\"name\":\"Parisi: la radicalidad del sentido com\u00fan\"}]},{\"@type\":\"WebSite\",\"@id\":\"https:\/\/www.pressenza.com\/es\/#website\",\"url\":\"https:\/\/www.pressenza.com\/es\/\",\"name\":\"Pressenza\",\"description\":\"International Press Agency\",\"publisher\":{\"@id\":\"https:\/\/www.pressenza.com\/es\/#organization\"},\"potentialAction\":[{\"@type\":\"SearchAction\",\"target\":{\"@type\":\"EntryPoint\",\"urlTemplate\":\"https:\/\/www.pressenza.com\/es\/?s={search_term_string}\"},\"query-input\":{\"@type\":\"PropertyValueSpecification\",\"valueRequired\":true,\"valueName\":\"search_term_string\"}}],\"inLanguage\":\"es\"},{\"@type\":\"Organization\",\"@id\":\"https:\/\/www.pressenza.com\/es\/#organization\",\"name\":\"Pressenza\",\"url\":\"https:\/\/www.pressenza.com\/es\/\",\"logo\":{\"@type\":\"ImageObject\",\"inLanguage\":\"es\",\"@id\":\"https:\/\/www.pressenza.com\/es\/#\/schema\/logo\/image\/\",\"url\":\"https:\/\/www.pressenza.com\/wp-content\/uploads\/2022\/10\/pressenza_logo_200x200.jpg\",\"contentUrl\":\"https:\/\/www.pressenza.com\/wp-content\/uploads\/2022\/10\/pressenza_logo_200x200.jpg\",\"width\":200,\"height\":200,\"caption\":\"Pressenza\"},\"image\":{\"@id\":\"https:\/\/www.pressenza.com\/es\/#\/schema\/logo\/image\/\"},\"sameAs\":[\"https:\/\/www.facebook.com\/PressenzaItalia\",\"https:\/\/x.com\/PressenzaIPA\"]},{\"@type\":\"Person\",\"@id\":\"https:\/\/www.pressenza.com\/es\/#\/schema\/person\/62f77772bfcdd01e2cf156a471ba4ec5\",\"name\":\"Marcelo Trivelli\",\"description\":\"Engineer, consultant and columnist on current affairs, always providing a critical and reflective view that adds to the debate. Main topics: education, politics and society. He has held various positions, among others, in the public sector (former mayor of Santiago), in the third sector (founder and president of Fundaci\u00f3n Semilla) and also in the private sector as a director of companies.\",\"url\":\"https:\/\/www.pressenza.com\/es\/author\/marcelo-trivelli\/\"}]}<\/script>\n<!-- \/ Yoast SEO plugin. -->","yoast_head_json":{"title":"Parisi: la radicalidad del sentido com\u00fan","description":"La reciente elecci\u00f3n presidencial dej\u00f3 en evidencia algo que buena parte del sistema pol\u00edtico no quiere ver: Franco Parisi no es un accidente estad\u00edstico","robots":{"index":"index","follow":"follow","max-snippet":"max-snippet:-1","max-image-preview":"max-image-preview:large","max-video-preview":"max-video-preview:-1"},"canonical":"https:\/\/www.pressenza.com\/es\/2025\/11\/parisi-la-radicalidad-del-sentido-comun\/","og_locale":"es_ES","og_type":"article","og_title":"Parisi: la radicalidad del sentido com\u00fan","og_description":"La reciente elecci\u00f3n presidencial dej\u00f3 en evidencia algo que buena parte del sistema pol\u00edtico no quiere ver: Franco Parisi no es un accidente estad\u00edstico","og_url":"https:\/\/www.pressenza.com\/es\/2025\/11\/parisi-la-radicalidad-del-sentido-comun\/","og_site_name":"Pressenza","article_publisher":"https:\/\/www.facebook.com\/PressenzaItalia","article_published_time":"2025-11-22T00:28:52+00:00","og_image":[{"width":330,"height":440,"url":"https:\/\/www.pressenza.com\/wp-content\/uploads\/2025\/11\/Franco_Parisi-wikipedia.png","type":"image\/png"}],"author":"Marcelo Trivelli","twitter_card":"summary_large_image","twitter_creator":"@PressenzaIPA","twitter_site":"@PressenzaIPA","twitter_misc":{"Escrito por":"Marcelo Trivelli","Tiempo de lectura":"4 minutos"},"schema":{"@context":"https:\/\/schema.org","@graph":[{"@type":"Article","@id":"https:\/\/www.pressenza.com\/es\/2025\/11\/parisi-la-radicalidad-del-sentido-comun\/#article","isPartOf":{"@id":"https:\/\/www.pressenza.com\/es\/2025\/11\/parisi-la-radicalidad-del-sentido-comun\/"},"author":{"name":"Marcelo Trivelli","@id":"https:\/\/www.pressenza.com\/es\/#\/schema\/person\/62f77772bfcdd01e2cf156a471ba4ec5"},"headline":"Parisi: la radicalidad del sentido com\u00fan","datePublished":"2025-11-22T00:28:52+00:00","mainEntityOfPage":{"@id":"https:\/\/www.pressenza.com\/es\/2025\/11\/parisi-la-radicalidad-del-sentido-comun\/"},"wordCount":724,"publisher":{"@id":"https:\/\/www.pressenza.com\/es\/#organization"},"image":{"@id":"https:\/\/www.pressenza.com\/es\/2025\/11\/parisi-la-radicalidad-del-sentido-comun\/#primaryimage"},"thumbnailUrl":"https:\/\/www.pressenza.com\/wp-content\/uploads\/2025\/11\/Franco_Parisi-wikipedia.png","keywords":["Elecciones Chile","Franco Parisi"],"articleSection":["Contenido Original","Pol\u00edtica","Sudam\u00e9rica"],"inLanguage":"es"},{"@type":"WebPage","@id":"https:\/\/www.pressenza.com\/es\/2025\/11\/parisi-la-radicalidad-del-sentido-comun\/","url":"https:\/\/www.pressenza.com\/es\/2025\/11\/parisi-la-radicalidad-del-sentido-comun\/","name":"Parisi: la radicalidad del sentido com\u00fan","isPartOf":{"@id":"https:\/\/www.pressenza.com\/es\/#website"},"primaryImageOfPage":{"@id":"https:\/\/www.pressenza.com\/es\/2025\/11\/parisi-la-radicalidad-del-sentido-comun\/#primaryimage"},"image":{"@id":"https:\/\/www.pressenza.com\/es\/2025\/11\/parisi-la-radicalidad-del-sentido-comun\/#primaryimage"},"thumbnailUrl":"https:\/\/www.pressenza.com\/wp-content\/uploads\/2025\/11\/Franco_Parisi-wikipedia.png","datePublished":"2025-11-22T00:28:52+00:00","description":"La reciente elecci\u00f3n presidencial dej\u00f3 en evidencia algo que buena parte del sistema pol\u00edtico no quiere ver: Franco Parisi no es un accidente estad\u00edstico","breadcrumb":{"@id":"https:\/\/www.pressenza.com\/es\/2025\/11\/parisi-la-radicalidad-del-sentido-comun\/#breadcrumb"},"inLanguage":"es","potentialAction":[{"@type":"ReadAction","target":["https:\/\/www.pressenza.com\/es\/2025\/11\/parisi-la-radicalidad-del-sentido-comun\/"]}]},{"@type":"ImageObject","inLanguage":"es","@id":"https:\/\/www.pressenza.com\/es\/2025\/11\/parisi-la-radicalidad-del-sentido-comun\/#primaryimage","url":"https:\/\/www.pressenza.com\/wp-content\/uploads\/2025\/11\/Franco_Parisi-wikipedia.png","contentUrl":"https:\/\/www.pressenza.com\/wp-content\/uploads\/2025\/11\/Franco_Parisi-wikipedia.png","width":330,"height":440},{"@type":"BreadcrumbList","@id":"https:\/\/www.pressenza.com\/es\/2025\/11\/parisi-la-radicalidad-del-sentido-comun\/#breadcrumb","itemListElement":[{"@type":"ListItem","position":1,"name":"Accueil","item":"https:\/\/www.pressenza.com\/es\/"},{"@type":"ListItem","position":2,"name":"Parisi: la radicalidad del sentido com\u00fan"}]},{"@type":"WebSite","@id":"https:\/\/www.pressenza.com\/es\/#website","url":"https:\/\/www.pressenza.com\/es\/","name":"Pressenza","description":"International Press Agency","publisher":{"@id":"https:\/\/www.pressenza.com\/es\/#organization"},"potentialAction":[{"@type":"SearchAction","target":{"@type":"EntryPoint","urlTemplate":"https:\/\/www.pressenza.com\/es\/?s={search_term_string}"},"query-input":{"@type":"PropertyValueSpecification","valueRequired":true,"valueName":"search_term_string"}}],"inLanguage":"es"},{"@type":"Organization","@id":"https:\/\/www.pressenza.com\/es\/#organization","name":"Pressenza","url":"https:\/\/www.pressenza.com\/es\/","logo":{"@type":"ImageObject","inLanguage":"es","@id":"https:\/\/www.pressenza.com\/es\/#\/schema\/logo\/image\/","url":"https:\/\/www.pressenza.com\/wp-content\/uploads\/2022\/10\/pressenza_logo_200x200.jpg","contentUrl":"https:\/\/www.pressenza.com\/wp-content\/uploads\/2022\/10\/pressenza_logo_200x200.jpg","width":200,"height":200,"caption":"Pressenza"},"image":{"@id":"https:\/\/www.pressenza.com\/es\/#\/schema\/logo\/image\/"},"sameAs":["https:\/\/www.facebook.com\/PressenzaItalia","https:\/\/x.com\/PressenzaIPA"]},{"@type":"Person","@id":"https:\/\/www.pressenza.com\/es\/#\/schema\/person\/62f77772bfcdd01e2cf156a471ba4ec5","name":"Marcelo Trivelli","description":"Engineer, consultant and columnist on current affairs, always providing a critical and reflective view that adds to the debate. Main topics: education, politics and society. He has held various positions, among others, in the public sector (former mayor of Santiago), in the third sector (founder and president of Fundaci\u00f3n Semilla) and also in the private sector as a director of companies.","url":"https:\/\/www.pressenza.com\/es\/author\/marcelo-trivelli\/"}]}},"place":"","original_article_url":"","_links":{"self":[{"href":"https:\/\/www.pressenza.com\/es\/wp-json\/wp\/v2\/posts\/2654741","targetHints":{"allow":["GET"]}}],"collection":[{"href":"https:\/\/www.pressenza.com\/es\/wp-json\/wp\/v2\/posts"}],"about":[{"href":"https:\/\/www.pressenza.com\/es\/wp-json\/wp\/v2\/types\/post"}],"author":[{"embeddable":true,"href":"https:\/\/www.pressenza.com\/es\/wp-json\/wp\/v2\/users\/1907"}],"replies":[{"embeddable":true,"href":"https:\/\/www.pressenza.com\/es\/wp-json\/wp\/v2\/comments?post=2654741"}],"version-history":[{"count":2,"href":"https:\/\/www.pressenza.com\/es\/wp-json\/wp\/v2\/posts\/2654741\/revisions"}],"predecessor-version":[{"id":2654744,"href":"https:\/\/www.pressenza.com\/es\/wp-json\/wp\/v2\/posts\/2654741\/revisions\/2654744"}],"wp:featuredmedia":[{"embeddable":true,"href":"https:\/\/www.pressenza.com\/es\/wp-json\/wp\/v2\/media\/2654742"}],"wp:attachment":[{"href":"https:\/\/www.pressenza.com\/es\/wp-json\/wp\/v2\/media?parent=2654741"}],"wp:term":[{"taxonomy":"category","embeddable":true,"href":"https:\/\/www.pressenza.com\/es\/wp-json\/wp\/v2\/categories?post=2654741"},{"taxonomy":"post_tag","embeddable":true,"href":"https:\/\/www.pressenza.com\/es\/wp-json\/wp\/v2\/tags?post=2654741"}],"curies":[{"name":"wp","href":"https:\/\/api.w.org\/{rel}","templated":true}]}}