{"id":2653773,"date":"2025-11-18T20:15:04","date_gmt":"2025-11-18T20:15:04","guid":{"rendered":"https:\/\/www.pressenza.com\/?p=2653773"},"modified":"2025-11-18T20:15:04","modified_gmt":"2025-11-18T20:15:04","slug":"cumbre-de-los-pueblos-entrega-carta-contundente-al-presidente-de-la-cop30-y-convoca-al-mundo-a-actuar-por-la-vida","status":"publish","type":"post","link":"https:\/\/www.pressenza.com\/es\/2025\/11\/cumbre-de-los-pueblos-entrega-carta-contundente-al-presidente-de-la-cop30-y-convoca-al-mundo-a-actuar-por-la-vida\/","title":{"rendered":"Cumbre de los Pueblos entrega carta contundente al presidente de la COP30 y convoca al mundo a actuar por la vida"},"content":{"rendered":"<p data-start=\"372\" data-end=\"3793\">La Cumbre de los Pueblos rumbo a la COP30 culmin\u00f3 este domingo 16 su programaci\u00f3n en Bel\u00e9m (PA) entregando al presidente de la COP30, el embajador Andr\u00e9 Corr\u00eaa do Lago, una carta de gran densidad pol\u00edtica, construida colectivamente por movimientos, organizaciones y redes que se articularon a lo largo de meses de encuentros preparatorios y de cinco d\u00edas intensos de debates, manifestaciones en las calles y en los r\u00edos de la ciudad amaz\u00f3nica.<\/p>\n<p data-start=\"372\" data-end=\"3793\">El documento expresa la unidad de pueblos originarios, comunidades tradicionales, quilombolas, pescadores y pescadoras, extractivistas, quebradoras de coco baba\u00e7u, campesinos, trabajadores y trabajadoras urbanas, juventud, movimientos de mujeres, poblaci\u00f3n LGBTQIAPN+, sindicatos, habitantes de las periferias y luchadores y luchadoras de todos los biomas. Seg\u00fan el texto, el proceso colectivo afirma el compromiso de construir un mundo justo y democr\u00e1tico, basado en el buen vivir y en la fuerza de la diversidad.<\/p>\n<p data-start=\"372\" data-end=\"3793\">La carta denuncia que la crisis clim\u00e1tica se agrava con el avance de la extrema derecha, del fascismo y de las guerras, y afirma que los pa\u00edses del Norte global, las corporaciones transnacionales y las \u00e9lites econ\u00f3micas son los principales responsables de las m\u00faltiples crisis ambientales y sociales. Hay un fuerte repudio al genocidio del pueblo palestino y solidaridad activa con los pueblos que resisten a proyectos imperiales, a la militarizaci\u00f3n y a la violaci\u00f3n de sus territorios.<\/p>\n<p data-start=\"372\" data-end=\"3793\">El texto tambi\u00e9n reafirma una visi\u00f3n que coloca el trabajo de cuidado en el centro de la vida, reconociendo al feminismo como parte esencial de la respuesta a las crisis. La sabidur\u00eda ancestral de los pueblos originarios, la creatividad de los territorios y la fuerza espiritual que orienta las luchas aparecen como fundamentos de soluciones reales y arraigadas.<\/p>\n<p data-start=\"372\" data-end=\"3793\">El presidente de la COP30, Andr\u00e9 Corr\u00eaa do Lago, recibi\u00f3 la carta en un momento en que concluye su propio ciclo de mensajes a la sociedad brasile\u00f1a e internacional, resaltando la necesidad de que la COP no sea solo un espacio de palabras, sino de acci\u00f3n concreta frente a la emergencia clim\u00e1tica. Se comprometi\u00f3 a presentar el documento en los espacios oficiales de la Conferencia del Clima.<\/p>\n<p data-start=\"372\" data-end=\"3793\">Entre las voces que resuenan en este proceso est\u00e1 la del cacique Raoni Metuktire, quien, al manifestarse durante la programaci\u00f3n de la C\u00fapula y de la COP30, volvi\u00f3 a alertar que la vida en la Tierra depende de la protecci\u00f3n de la Amazon\u00eda y que la destrucci\u00f3n del bosque compromete el futuro de toda la humanidad.<\/p>\n<p data-start=\"372\" data-end=\"3793\">\u201cUna vez m\u00e1s, pido a todos que podamos dar continuidad a esta misi\u00f3n de defender la vida de la Tierra, del planeta. Quiero que mantengamos esta continuidad de lucha, para que podamos enfrentar a quienes desean el mal, que quieren destruir nuestra tierra\u201d, dijo Raoni.<\/p>\n<p data-start=\"372\" data-end=\"3793\">La Declaraci\u00f3n Final refuerza el compromiso con el internacionalismo popular, la solidaridad entre territorios y la construcci\u00f3n de un Movimiento Internacional de Afectadas y Afectados por represas, cr\u00edmenes socioambientales e impactos de la crisis clim\u00e1tica.<\/p>\n<p data-start=\"372\" data-end=\"3793\">Para los movimientos, solo la organizaci\u00f3n global de los pueblos podr\u00e1 enfrentar las estructuras que alimentan desigualdades, violencias y el colapso ambiental. El mensaje es claro. Cuando la organizaci\u00f3n es fuerte, la lucha es fuerte. Es tiempo de avanzar con m\u00e1s unidad y conciencia para enfrentar al enemigo com\u00fan y defender la vida.<\/p>\n<p data-start=\"3795\" data-end=\"6391\"><strong data-start=\"3795\" data-end=\"3850\">Propuestas presentadas por la Cumbre de los Pueblos<\/strong><\/p>\n<p data-start=\"3795\" data-end=\"6391\">\u2022 Enfrentar todas las falsas soluciones de mercado y afirmar que el aire, los bosques, las aguas, las tierras, los minerales y la energ\u00eda son bienes comunes y no mercanc\u00edas.<br data-start=\"4026\" data-end=\"4029\" \/>\u2022 Garantizar la participaci\u00f3n y el protagonismo de los pueblos en la construcci\u00f3n de soluciones clim\u00e1ticas, con reconocimiento pleno de los saberes ancestrales.<br data-start=\"4189\" data-end=\"4192\" \/>\u2022 Demarcar y proteger tierras ind\u00edgenas y territorios tradicionales y asegurar pol\u00edticas de deforestaci\u00f3n cero, restauraci\u00f3n ecol\u00f3gica y recuperaci\u00f3n de \u00e1reas degradadas.<br data-start=\"4362\" data-end=\"4365\" \/>\u2022 Concretar la reforma agraria popular y fortalecer la agroecolog\u00eda como camino hacia la soberan\u00eda alimentaria y el combate al hambre.<br data-start=\"4499\" data-end=\"4502\" \/>\u2022 Enfrentar el racismo ambiental y construir ciudades justas, con pol\u00edticas de vivienda, saneamiento, regularizaci\u00f3n fundiaria, transporte p\u00fablico digno y acceso al agua y al verde.<br data-start=\"4683\" data-end=\"4686\" \/>\u2022 Asegurar participaci\u00f3n popular en la formulaci\u00f3n de pol\u00edticas clim\u00e1ticas urbanas y frenar la mercantilizaci\u00f3n de la vida en las ciudades.<br data-start=\"4825\" data-end=\"4828\" \/>\u2022 Defender el fin de las guerras y de la militarizaci\u00f3n y destinar recursos hoy dirigidos al sector b\u00e9lico a la reparaci\u00f3n de regiones afectadas por la crisis clim\u00e1tica.<br data-start=\"4997\" data-end=\"5000\" \/>\u2022 Exigir reparaci\u00f3n integral por p\u00e9rdidas y da\u00f1os causados por miner\u00eda, combustibles f\u00f3siles, represas y desastres ambientales, con responsabilizaci\u00f3n de las empresas.<br data-start=\"5167\" data-end=\"5170\" \/>\u2022 Valorar el trabajo de cuidado y reconocer su centralidad para sostener la vida humana y no humana, garantizando autonom\u00eda y justicia feminista.<br data-start=\"5315\" data-end=\"5318\" \/>\u2022 Construir una transici\u00f3n energ\u00e9tica justa, popular y soberana, con protecci\u00f3n de los territorios y superaci\u00f3n de la pobreza energ\u00e9tica.<br data-start=\"5455\" data-end=\"5458\" \/>\u2022 Defender el fin de la explotaci\u00f3n de combustibles f\u00f3siles y crear mecanismos que impidan su expansi\u00f3n, especialmente en la Amazon\u00eda y en ecosistemas sensibles.<br data-start=\"5619\" data-end=\"5622\" \/>\u2022 Gravar a las grandes corporaciones y grandes fortunas y garantizar financiamiento p\u00fablico para la transici\u00f3n justa, responsabilizando a los sectores que m\u00e1s lucran con la crisis.<br data-start=\"5802\" data-end=\"5805\" \/>\u2022 Rechazar modelos de financiamiento clim\u00e1tico que refuercen desigualdades y defender estructuras transparentes y democr\u00e1ticas que reconozcan la deuda socioambiental del Norte global.<br data-start=\"5988\" data-end=\"5991\" \/>\u2022 Fortalecer la protecci\u00f3n de defensores y defensoras de derechos humanos y ambientales y enfrentar la criminalizaci\u00f3n de los movimientos sociales.<br data-start=\"6138\" data-end=\"6141\" \/>\u2022 Crear instrumentos internacionales jur\u00eddicamente vinculantes para responsabilizar a empresas transnacionales por violaciones de derechos humanos y ambientales e implementar plenamente los derechos campesinos como pilar de la gobernanza clim\u00e1tica.<\/p>\n<p data-start=\"3795\" data-end=\"6391\">El texto completo de la Declaraci\u00f3n (en portugu\u00e9s) puede accederse <a href=\"https:\/\/cupuladospovoscop30.org\/carta-final\/\">aqu\u00ed<\/a><\/p>\n","protected":false},"excerpt":{"rendered":"<p>La Cumbre de los Pueblos rumbo a la COP30 culmin\u00f3 este domingo 16 su programaci\u00f3n en Bel\u00e9m (PA) entregando al presidente de la COP30, el embajador Andr\u00e9 Corr\u00eaa do Lago, una carta de gran densidad pol\u00edtica, construida colectivamente por movimientos,&hellip;<\/p>\n","protected":false},"author":1685,"featured_media":2653774,"comment_status":"closed","ping_status":"closed","sticky":false,"template":"","format":"standard","meta":{"footnotes":""},"categories":[76,11389,78,39],"tags":[145966,2611,407],"class_list":["post-2653773","post","type-post","status-publish","format-standard","has-post-thumbnail","hentry","category-relaciones-exteriores","category-contenido-original","category-medio-ambiente-ecologia","category-internacional","tag-cop-30","tag-cumbre-de-los-pueblos","tag-medio-ambiente"],"yoast_head":"<!-- This site is optimized with the Yoast SEO plugin v27.1.1 - https:\/\/yoast.com\/product\/yoast-seo-wordpress\/ -->\n<title>Cumbre de los Pueblos entrega carta contundente al presidente de la COP30 y convoca al mundo a actuar por la vida<\/title>\n<meta name=\"description\" content=\"La Cumbre de los Pueblos rumbo a la COP30 culmin\u00f3 este domingo 16 su programaci\u00f3n en Bel\u00e9m (PA) entregando al presidente de la COP30, el embajador Andr\u00e9\" \/>\n<meta name=\"robots\" content=\"index, follow, max-snippet:-1, max-image-preview:large, max-video-preview:-1\" \/>\n<link rel=\"canonical\" href=\"https:\/\/www.pressenza.com\/es\/2025\/11\/cumbre-de-los-pueblos-entrega-carta-contundente-al-presidente-de-la-cop30-y-convoca-al-mundo-a-actuar-por-la-vida\/\" \/>\n<meta property=\"og:locale\" content=\"es_ES\" \/>\n<meta property=\"og:type\" content=\"article\" \/>\n<meta property=\"og:title\" content=\"Cumbre de los Pueblos entrega carta contundente al presidente de la COP30 y convoca al mundo a actuar por la vida\" \/>\n<meta property=\"og:description\" content=\"La Cumbre de los Pueblos rumbo a la COP30 culmin\u00f3 este domingo 16 su programaci\u00f3n en Bel\u00e9m (PA) entregando al presidente de la COP30, el embajador Andr\u00e9\" \/>\n<meta property=\"og:url\" content=\"https:\/\/www.pressenza.com\/es\/2025\/11\/cumbre-de-los-pueblos-entrega-carta-contundente-al-presidente-de-la-cop30-y-convoca-al-mundo-a-actuar-por-la-vida\/\" \/>\n<meta property=\"og:site_name\" content=\"Pressenza\" \/>\n<meta property=\"article:publisher\" content=\"https:\/\/www.facebook.com\/PressenzaItalia\" \/>\n<meta property=\"article:published_time\" content=\"2025-11-18T20:15:04+00:00\" \/>\n<meta property=\"og:image\" content=\"https:\/\/www.pressenza.com\/wp-content\/uploads\/2025\/11\/cop-30-3.jpg\" \/>\n\t<meta property=\"og:image:width\" content=\"1065\" \/>\n\t<meta property=\"og:image:height\" content=\"715\" \/>\n\t<meta property=\"og:image:type\" content=\"image\/jpeg\" \/>\n<meta name=\"author\" content=\"Reda\u00e7\u00e3o Rio de Janeiro\" \/>\n<meta name=\"twitter:card\" content=\"summary_large_image\" \/>\n<meta name=\"twitter:creator\" content=\"@PressenzaIPA\" \/>\n<meta name=\"twitter:site\" content=\"@PressenzaIPA\" \/>\n<meta name=\"twitter:label1\" content=\"Escrito por\" \/>\n\t<meta name=\"twitter:data1\" content=\"Reda\u00e7\u00e3o Rio de Janeiro\" \/>\n\t<meta name=\"twitter:label2\" content=\"Tiempo de lectura\" \/>\n\t<meta name=\"twitter:data2\" content=\"5 minutos\" \/>\n<script type=\"application\/ld+json\" class=\"yoast-schema-graph\">{\"@context\":\"https:\/\/schema.org\",\"@graph\":[{\"@type\":\"Article\",\"@id\":\"https:\/\/www.pressenza.com\/es\/2025\/11\/cumbre-de-los-pueblos-entrega-carta-contundente-al-presidente-de-la-cop30-y-convoca-al-mundo-a-actuar-por-la-vida\/#article\",\"isPartOf\":{\"@id\":\"https:\/\/www.pressenza.com\/es\/2025\/11\/cumbre-de-los-pueblos-entrega-carta-contundente-al-presidente-de-la-cop30-y-convoca-al-mundo-a-actuar-por-la-vida\/\"},\"author\":{\"name\":\"Reda\u00e7\u00e3o Rio de Janeiro\",\"@id\":\"https:\/\/www.pressenza.com\/es\/#\/schema\/person\/6925e927f8ff3a0cdb838320c5d12259\"},\"headline\":\"Cumbre de los Pueblos entrega carta contundente al presidente de la COP30 y convoca al mundo a actuar por la vida\",\"datePublished\":\"2025-11-18T20:15:04+00:00\",\"mainEntityOfPage\":{\"@id\":\"https:\/\/www.pressenza.com\/es\/2025\/11\/cumbre-de-los-pueblos-entrega-carta-contundente-al-presidente-de-la-cop30-y-convoca-al-mundo-a-actuar-por-la-vida\/\"},\"wordCount\":1014,\"publisher\":{\"@id\":\"https:\/\/www.pressenza.com\/es\/#organization\"},\"image\":{\"@id\":\"https:\/\/www.pressenza.com\/es\/2025\/11\/cumbre-de-los-pueblos-entrega-carta-contundente-al-presidente-de-la-cop30-y-convoca-al-mundo-a-actuar-por-la-vida\/#primaryimage\"},\"thumbnailUrl\":\"https:\/\/www.pressenza.com\/wp-content\/uploads\/2025\/11\/cop-30-3.jpg\",\"keywords\":[\"cop 30\",\"Cumbre de los Pueblos\",\"medio ambiente\"],\"articleSection\":[\"Asuntos internacionales\",\"Contenido Original\",\"Ecolog\u00eda y Medio Ambiente\",\"Internacional\"],\"inLanguage\":\"es\"},{\"@type\":\"WebPage\",\"@id\":\"https:\/\/www.pressenza.com\/es\/2025\/11\/cumbre-de-los-pueblos-entrega-carta-contundente-al-presidente-de-la-cop30-y-convoca-al-mundo-a-actuar-por-la-vida\/\",\"url\":\"https:\/\/www.pressenza.com\/es\/2025\/11\/cumbre-de-los-pueblos-entrega-carta-contundente-al-presidente-de-la-cop30-y-convoca-al-mundo-a-actuar-por-la-vida\/\",\"name\":\"Cumbre de los Pueblos entrega carta contundente al presidente de la COP30 y convoca al mundo a actuar por la vida\",\"isPartOf\":{\"@id\":\"https:\/\/www.pressenza.com\/es\/#website\"},\"primaryImageOfPage\":{\"@id\":\"https:\/\/www.pressenza.com\/es\/2025\/11\/cumbre-de-los-pueblos-entrega-carta-contundente-al-presidente-de-la-cop30-y-convoca-al-mundo-a-actuar-por-la-vida\/#primaryimage\"},\"image\":{\"@id\":\"https:\/\/www.pressenza.com\/es\/2025\/11\/cumbre-de-los-pueblos-entrega-carta-contundente-al-presidente-de-la-cop30-y-convoca-al-mundo-a-actuar-por-la-vida\/#primaryimage\"},\"thumbnailUrl\":\"https:\/\/www.pressenza.com\/wp-content\/uploads\/2025\/11\/cop-30-3.jpg\",\"datePublished\":\"2025-11-18T20:15:04+00:00\",\"description\":\"La Cumbre de los Pueblos rumbo a la COP30 culmin\u00f3 este domingo 16 su programaci\u00f3n en Bel\u00e9m (PA) entregando al presidente de la COP30, el embajador Andr\u00e9\",\"breadcrumb\":{\"@id\":\"https:\/\/www.pressenza.com\/es\/2025\/11\/cumbre-de-los-pueblos-entrega-carta-contundente-al-presidente-de-la-cop30-y-convoca-al-mundo-a-actuar-por-la-vida\/#breadcrumb\"},\"inLanguage\":\"es\",\"potentialAction\":[{\"@type\":\"ReadAction\",\"target\":[\"https:\/\/www.pressenza.com\/es\/2025\/11\/cumbre-de-los-pueblos-entrega-carta-contundente-al-presidente-de-la-cop30-y-convoca-al-mundo-a-actuar-por-la-vida\/\"]}]},{\"@type\":\"ImageObject\",\"inLanguage\":\"es\",\"@id\":\"https:\/\/www.pressenza.com\/es\/2025\/11\/cumbre-de-los-pueblos-entrega-carta-contundente-al-presidente-de-la-cop30-y-convoca-al-mundo-a-actuar-por-la-vida\/#primaryimage\",\"url\":\"https:\/\/www.pressenza.com\/wp-content\/uploads\/2025\/11\/cop-30-3.jpg\",\"contentUrl\":\"https:\/\/www.pressenza.com\/wp-content\/uploads\/2025\/11\/cop-30-3.jpg\",\"width\":1065,\"height\":715},{\"@type\":\"BreadcrumbList\",\"@id\":\"https:\/\/www.pressenza.com\/es\/2025\/11\/cumbre-de-los-pueblos-entrega-carta-contundente-al-presidente-de-la-cop30-y-convoca-al-mundo-a-actuar-por-la-vida\/#breadcrumb\",\"itemListElement\":[{\"@type\":\"ListItem\",\"position\":1,\"name\":\"Accueil\",\"item\":\"https:\/\/www.pressenza.com\/es\/\"},{\"@type\":\"ListItem\",\"position\":2,\"name\":\"Cumbre de los Pueblos entrega carta contundente al presidente de la COP30 y convoca al mundo a actuar por la vida\"}]},{\"@type\":\"WebSite\",\"@id\":\"https:\/\/www.pressenza.com\/es\/#website\",\"url\":\"https:\/\/www.pressenza.com\/es\/\",\"name\":\"Pressenza\",\"description\":\"International Press Agency\",\"publisher\":{\"@id\":\"https:\/\/www.pressenza.com\/es\/#organization\"},\"potentialAction\":[{\"@type\":\"SearchAction\",\"target\":{\"@type\":\"EntryPoint\",\"urlTemplate\":\"https:\/\/www.pressenza.com\/es\/?s={search_term_string}\"},\"query-input\":{\"@type\":\"PropertyValueSpecification\",\"valueRequired\":true,\"valueName\":\"search_term_string\"}}],\"inLanguage\":\"es\"},{\"@type\":\"Organization\",\"@id\":\"https:\/\/www.pressenza.com\/es\/#organization\",\"name\":\"Pressenza\",\"url\":\"https:\/\/www.pressenza.com\/es\/\",\"logo\":{\"@type\":\"ImageObject\",\"inLanguage\":\"es\",\"@id\":\"https:\/\/www.pressenza.com\/es\/#\/schema\/logo\/image\/\",\"url\":\"https:\/\/www.pressenza.com\/wp-content\/uploads\/2022\/10\/pressenza_logo_200x200.jpg\",\"contentUrl\":\"https:\/\/www.pressenza.com\/wp-content\/uploads\/2022\/10\/pressenza_logo_200x200.jpg\",\"width\":200,\"height\":200,\"caption\":\"Pressenza\"},\"image\":{\"@id\":\"https:\/\/www.pressenza.com\/es\/#\/schema\/logo\/image\/\"},\"sameAs\":[\"https:\/\/www.facebook.com\/PressenzaItalia\",\"https:\/\/x.com\/PressenzaIPA\"]},{\"@type\":\"Person\",\"@id\":\"https:\/\/www.pressenza.com\/es\/#\/schema\/person\/6925e927f8ff3a0cdb838320c5d12259\",\"name\":\"Reda\u00e7\u00e3o Rio de Janeiro\",\"description\":\"News published by the Pressenza bureau in Rio de Janeiro, Brazil\",\"url\":\"https:\/\/www.pressenza.com\/es\/author\/redacao-rio-de-janeiro\/\"}]}<\/script>\n<!-- \/ Yoast SEO plugin. -->","yoast_head_json":{"title":"Cumbre de los Pueblos entrega carta contundente al presidente de la COP30 y convoca al mundo a actuar por la vida","description":"La Cumbre de los Pueblos rumbo a la COP30 culmin\u00f3 este domingo 16 su programaci\u00f3n en Bel\u00e9m (PA) entregando al presidente de la COP30, el embajador Andr\u00e9","robots":{"index":"index","follow":"follow","max-snippet":"max-snippet:-1","max-image-preview":"max-image-preview:large","max-video-preview":"max-video-preview:-1"},"canonical":"https:\/\/www.pressenza.com\/es\/2025\/11\/cumbre-de-los-pueblos-entrega-carta-contundente-al-presidente-de-la-cop30-y-convoca-al-mundo-a-actuar-por-la-vida\/","og_locale":"es_ES","og_type":"article","og_title":"Cumbre de los Pueblos entrega carta contundente al presidente de la COP30 y convoca al mundo a actuar por la vida","og_description":"La Cumbre de los Pueblos rumbo a la COP30 culmin\u00f3 este domingo 16 su programaci\u00f3n en Bel\u00e9m (PA) entregando al presidente de la COP30, el embajador Andr\u00e9","og_url":"https:\/\/www.pressenza.com\/es\/2025\/11\/cumbre-de-los-pueblos-entrega-carta-contundente-al-presidente-de-la-cop30-y-convoca-al-mundo-a-actuar-por-la-vida\/","og_site_name":"Pressenza","article_publisher":"https:\/\/www.facebook.com\/PressenzaItalia","article_published_time":"2025-11-18T20:15:04+00:00","og_image":[{"width":1065,"height":715,"url":"https:\/\/www.pressenza.com\/wp-content\/uploads\/2025\/11\/cop-30-3.jpg","type":"image\/jpeg"}],"author":"Reda\u00e7\u00e3o Rio de Janeiro","twitter_card":"summary_large_image","twitter_creator":"@PressenzaIPA","twitter_site":"@PressenzaIPA","twitter_misc":{"Escrito por":"Reda\u00e7\u00e3o Rio de Janeiro","Tiempo de lectura":"5 minutos"},"schema":{"@context":"https:\/\/schema.org","@graph":[{"@type":"Article","@id":"https:\/\/www.pressenza.com\/es\/2025\/11\/cumbre-de-los-pueblos-entrega-carta-contundente-al-presidente-de-la-cop30-y-convoca-al-mundo-a-actuar-por-la-vida\/#article","isPartOf":{"@id":"https:\/\/www.pressenza.com\/es\/2025\/11\/cumbre-de-los-pueblos-entrega-carta-contundente-al-presidente-de-la-cop30-y-convoca-al-mundo-a-actuar-por-la-vida\/"},"author":{"name":"Reda\u00e7\u00e3o Rio de Janeiro","@id":"https:\/\/www.pressenza.com\/es\/#\/schema\/person\/6925e927f8ff3a0cdb838320c5d12259"},"headline":"Cumbre de los Pueblos entrega carta contundente al presidente de la COP30 y convoca al mundo a actuar por la vida","datePublished":"2025-11-18T20:15:04+00:00","mainEntityOfPage":{"@id":"https:\/\/www.pressenza.com\/es\/2025\/11\/cumbre-de-los-pueblos-entrega-carta-contundente-al-presidente-de-la-cop30-y-convoca-al-mundo-a-actuar-por-la-vida\/"},"wordCount":1014,"publisher":{"@id":"https:\/\/www.pressenza.com\/es\/#organization"},"image":{"@id":"https:\/\/www.pressenza.com\/es\/2025\/11\/cumbre-de-los-pueblos-entrega-carta-contundente-al-presidente-de-la-cop30-y-convoca-al-mundo-a-actuar-por-la-vida\/#primaryimage"},"thumbnailUrl":"https:\/\/www.pressenza.com\/wp-content\/uploads\/2025\/11\/cop-30-3.jpg","keywords":["cop 30","Cumbre de los Pueblos","medio ambiente"],"articleSection":["Asuntos internacionales","Contenido Original","Ecolog\u00eda y Medio Ambiente","Internacional"],"inLanguage":"es"},{"@type":"WebPage","@id":"https:\/\/www.pressenza.com\/es\/2025\/11\/cumbre-de-los-pueblos-entrega-carta-contundente-al-presidente-de-la-cop30-y-convoca-al-mundo-a-actuar-por-la-vida\/","url":"https:\/\/www.pressenza.com\/es\/2025\/11\/cumbre-de-los-pueblos-entrega-carta-contundente-al-presidente-de-la-cop30-y-convoca-al-mundo-a-actuar-por-la-vida\/","name":"Cumbre de los Pueblos entrega carta contundente al presidente de la COP30 y convoca al mundo a actuar por la vida","isPartOf":{"@id":"https:\/\/www.pressenza.com\/es\/#website"},"primaryImageOfPage":{"@id":"https:\/\/www.pressenza.com\/es\/2025\/11\/cumbre-de-los-pueblos-entrega-carta-contundente-al-presidente-de-la-cop30-y-convoca-al-mundo-a-actuar-por-la-vida\/#primaryimage"},"image":{"@id":"https:\/\/www.pressenza.com\/es\/2025\/11\/cumbre-de-los-pueblos-entrega-carta-contundente-al-presidente-de-la-cop30-y-convoca-al-mundo-a-actuar-por-la-vida\/#primaryimage"},"thumbnailUrl":"https:\/\/www.pressenza.com\/wp-content\/uploads\/2025\/11\/cop-30-3.jpg","datePublished":"2025-11-18T20:15:04+00:00","description":"La Cumbre de los Pueblos rumbo a la COP30 culmin\u00f3 este domingo 16 su programaci\u00f3n en Bel\u00e9m (PA) entregando al presidente de la COP30, el embajador Andr\u00e9","breadcrumb":{"@id":"https:\/\/www.pressenza.com\/es\/2025\/11\/cumbre-de-los-pueblos-entrega-carta-contundente-al-presidente-de-la-cop30-y-convoca-al-mundo-a-actuar-por-la-vida\/#breadcrumb"},"inLanguage":"es","potentialAction":[{"@type":"ReadAction","target":["https:\/\/www.pressenza.com\/es\/2025\/11\/cumbre-de-los-pueblos-entrega-carta-contundente-al-presidente-de-la-cop30-y-convoca-al-mundo-a-actuar-por-la-vida\/"]}]},{"@type":"ImageObject","inLanguage":"es","@id":"https:\/\/www.pressenza.com\/es\/2025\/11\/cumbre-de-los-pueblos-entrega-carta-contundente-al-presidente-de-la-cop30-y-convoca-al-mundo-a-actuar-por-la-vida\/#primaryimage","url":"https:\/\/www.pressenza.com\/wp-content\/uploads\/2025\/11\/cop-30-3.jpg","contentUrl":"https:\/\/www.pressenza.com\/wp-content\/uploads\/2025\/11\/cop-30-3.jpg","width":1065,"height":715},{"@type":"BreadcrumbList","@id":"https:\/\/www.pressenza.com\/es\/2025\/11\/cumbre-de-los-pueblos-entrega-carta-contundente-al-presidente-de-la-cop30-y-convoca-al-mundo-a-actuar-por-la-vida\/#breadcrumb","itemListElement":[{"@type":"ListItem","position":1,"name":"Accueil","item":"https:\/\/www.pressenza.com\/es\/"},{"@type":"ListItem","position":2,"name":"Cumbre de los Pueblos entrega carta contundente al presidente de la COP30 y convoca al mundo a actuar por la vida"}]},{"@type":"WebSite","@id":"https:\/\/www.pressenza.com\/es\/#website","url":"https:\/\/www.pressenza.com\/es\/","name":"Pressenza","description":"International Press Agency","publisher":{"@id":"https:\/\/www.pressenza.com\/es\/#organization"},"potentialAction":[{"@type":"SearchAction","target":{"@type":"EntryPoint","urlTemplate":"https:\/\/www.pressenza.com\/es\/?s={search_term_string}"},"query-input":{"@type":"PropertyValueSpecification","valueRequired":true,"valueName":"search_term_string"}}],"inLanguage":"es"},{"@type":"Organization","@id":"https:\/\/www.pressenza.com\/es\/#organization","name":"Pressenza","url":"https:\/\/www.pressenza.com\/es\/","logo":{"@type":"ImageObject","inLanguage":"es","@id":"https:\/\/www.pressenza.com\/es\/#\/schema\/logo\/image\/","url":"https:\/\/www.pressenza.com\/wp-content\/uploads\/2022\/10\/pressenza_logo_200x200.jpg","contentUrl":"https:\/\/www.pressenza.com\/wp-content\/uploads\/2022\/10\/pressenza_logo_200x200.jpg","width":200,"height":200,"caption":"Pressenza"},"image":{"@id":"https:\/\/www.pressenza.com\/es\/#\/schema\/logo\/image\/"},"sameAs":["https:\/\/www.facebook.com\/PressenzaItalia","https:\/\/x.com\/PressenzaIPA"]},{"@type":"Person","@id":"https:\/\/www.pressenza.com\/es\/#\/schema\/person\/6925e927f8ff3a0cdb838320c5d12259","name":"Reda\u00e7\u00e3o Rio de Janeiro","description":"News published by the Pressenza bureau in Rio de Janeiro, Brazil","url":"https:\/\/www.pressenza.com\/es\/author\/redacao-rio-de-janeiro\/"}]}},"place":"Cumbre de los Pueblos, Bel\u00e9m\/PA, Brasil","original_article_url":"","_links":{"self":[{"href":"https:\/\/www.pressenza.com\/es\/wp-json\/wp\/v2\/posts\/2653773","targetHints":{"allow":["GET"]}}],"collection":[{"href":"https:\/\/www.pressenza.com\/es\/wp-json\/wp\/v2\/posts"}],"about":[{"href":"https:\/\/www.pressenza.com\/es\/wp-json\/wp\/v2\/types\/post"}],"author":[{"embeddable":true,"href":"https:\/\/www.pressenza.com\/es\/wp-json\/wp\/v2\/users\/1685"}],"replies":[{"embeddable":true,"href":"https:\/\/www.pressenza.com\/es\/wp-json\/wp\/v2\/comments?post=2653773"}],"version-history":[{"count":1,"href":"https:\/\/www.pressenza.com\/es\/wp-json\/wp\/v2\/posts\/2653773\/revisions"}],"predecessor-version":[{"id":2653775,"href":"https:\/\/www.pressenza.com\/es\/wp-json\/wp\/v2\/posts\/2653773\/revisions\/2653775"}],"wp:featuredmedia":[{"embeddable":true,"href":"https:\/\/www.pressenza.com\/es\/wp-json\/wp\/v2\/media\/2653774"}],"wp:attachment":[{"href":"https:\/\/www.pressenza.com\/es\/wp-json\/wp\/v2\/media?parent=2653773"}],"wp:term":[{"taxonomy":"category","embeddable":true,"href":"https:\/\/www.pressenza.com\/es\/wp-json\/wp\/v2\/categories?post=2653773"},{"taxonomy":"post_tag","embeddable":true,"href":"https:\/\/www.pressenza.com\/es\/wp-json\/wp\/v2\/tags?post=2653773"}],"curies":[{"name":"wp","href":"https:\/\/api.w.org\/{rel}","templated":true}]}}