{"id":2653190,"date":"2025-11-17T01:44:47","date_gmt":"2025-11-17T01:44:47","guid":{"rendered":"https:\/\/www.pressenza.com\/?p=2653190"},"modified":"2025-11-17T01:44:47","modified_gmt":"2025-11-17T01:44:47","slug":"marco-enriquez-ominami-las-elecciones-marcan-el-fin-de-una-epoca-para-chile","status":"publish","type":"post","link":"https:\/\/www.pressenza.com\/es\/2025\/11\/marco-enriquez-ominami-las-elecciones-marcan-el-fin-de-una-epoca-para-chile\/","title":{"rendered":"Marco Enr\u00edquez-Ominami: las elecciones marcan el fin de una \u00e9poca para Chile"},"content":{"rendered":"<p>Por Marco Enr\u00edquez-Ominami*<\/p>\n<p>El resultado de esta primera vuelta no marca solo la derrota de un sector: marca el fin de una \u00e9poca.<\/p>\n<p>Esta noche se cierra, de manera abrupta, una p\u00e1gina completa de la historia de Chile. La transici\u00f3n democr\u00e1tica iniciada en 1990 hab\u00eda sido pensada como un camino \u2014lento, pero posible\u2014 hacia un pa\u00eds m\u00e1s justo.<\/p>\n<p>Durante treinta y cinco a\u00f1os intentamos reformar un modelo construido por la dictadura sin lograr nunca quebrar su estructura profundamente injusta. Esta primera vuelta revela que no lo logramos: es el fin del par\u00e9ntesis democr\u00e1tico.<\/p>\n<p>El colapso hist\u00f3rico de la izquierda y el centro no es un accidente: es un veredicto. Hemos alcanzado nuestro nivel m\u00e1s bajo desde el fin de la dictadura. Nuestras fuerzas pol\u00edticas fueron los pilares de la transici\u00f3n, pero hoy no tienen base, ni relato, ni capacidad de resistencia. Su desaparici\u00f3n revela la profundidad del terremoto pol\u00edtico que atraviesa el pa\u00eds.<\/p>\n<p>La derecha dura, pinochetista y autoritaria, supera el 70 % y consagra as\u00ed su triunfo. Nunca, desde 1990, hab\u00eda logrado una mayor\u00eda de esta magnitud. No solo gan\u00f3 una elecci\u00f3n: reconquist\u00f3 el imaginario pol\u00edtico de Chile. Su victoria no nace de un proyecto nuevo, sino del retorno al miedo y al orden.<\/p>\n<p>La presidencia de Boric tiene una responsabilidad enorme en este derrumbe. Fue el primer gobierno desde 1990 que recibi\u00f3 un mandato claro \u2014y una mayor\u00eda\u2014 para reformar el pa\u00eds. No logr\u00f3 construir un proyecto econ\u00f3mico cre\u00edble, ni restaurar la autoridad del Estado, ni garantizar la seguridad. Fracas\u00f3 en reescribir la Constituci\u00f3n, dejando al pa\u00eds sin direcci\u00f3n. Ese vac\u00edo pol\u00edtico permiti\u00f3 que la derecha dura se adue\u00f1ara del ciclo.<\/p>\n<p>La demanda social se desplaz\u00f3 hacia la seguridad, el control y el orden autoritario.<\/p>\n<p>La derecha no convenci\u00f3 por sus soluciones, sino por la instrumentalizaci\u00f3n del miedo. Supo aprovechar las fallas del gobierno, la incertidumbre econ\u00f3mica y la violencia cotidiana. Transform\u00f3 el agotamiento social en capital pol\u00edtico.<\/p>\n<p>Esta noche, Chile cierra el par\u00e9ntesis democr\u00e1tico que intent\u00f3 abrir durante treinta y cinco a\u00f1os. La derecha dura se impone porque aprovech\u00f3 el colapso total del campo reformista. El pa\u00eds entra en una nueva era marcada por la tensi\u00f3n, el control y la autoridad.<\/p>\n<p>La izquierda tendr\u00e1 que reconstruirse desde las ruinas, con otras herramientas, otros relatos y otras personas.<\/p>\n<p>Este momento es tr\u00e1gico, pero tambi\u00e9n puede ser el punto de partida de una refundaci\u00f3n necesaria.<\/p>\n<p>&nbsp;<\/p>\n<p>*Candidato Presidencial en las elecciones chilenas<\/p>\n","protected":false},"excerpt":{"rendered":"<p>Por Marco Enr\u00edquez-Ominami* El resultado de esta primera vuelta no marca solo la derrota de un sector: marca el fin de una \u00e9poca. Esta noche se cierra, de manera abrupta, una p\u00e1gina completa de la historia de Chile. La transici\u00f3n&hellip;<\/p>\n","protected":false},"author":43,"featured_media":2653191,"comment_status":"closed","ping_status":"closed","sticky":false,"template":"","format":"standard","meta":{"footnotes":""},"categories":[149,11389,74,67],"tags":[29,403,8680],"class_list":["post-2653190","post","type-post","status-publish","format-standard","has-post-thumbnail","hentry","category-comunicados-de-prensa","category-contenido-original","category-politica-es","category-sudamerica","tag-chile","tag-elecciones","tag-marco-enriquez-ominami"],"yoast_head":"<!-- This site is optimized with the Yoast SEO plugin v27.1.1 - https:\/\/yoast.com\/product\/yoast-seo-wordpress\/ -->\n<title>Marco Enr\u00edquez-Ominami: las elecciones marcan el fin de una \u00e9poca para Chile<\/title>\n<meta name=\"description\" content=\"Por Marco Enr\u00edquez-Ominami* El resultado de esta primera vuelta no marca solo la derrota de un sector: marca el fin de una \u00e9poca. Esta noche se cierra, de\" \/>\n<meta name=\"robots\" content=\"index, follow, max-snippet:-1, max-image-preview:large, max-video-preview:-1\" \/>\n<link rel=\"canonical\" href=\"https:\/\/www.pressenza.com\/es\/2025\/11\/marco-enriquez-ominami-las-elecciones-marcan-el-fin-de-una-epoca-para-chile\/\" \/>\n<meta property=\"og:locale\" content=\"es_ES\" \/>\n<meta property=\"og:type\" content=\"article\" \/>\n<meta property=\"og:title\" content=\"Marco Enr\u00edquez-Ominami: las elecciones marcan el fin de una \u00e9poca para Chile\" \/>\n<meta property=\"og:description\" content=\"Por Marco Enr\u00edquez-Ominami* El resultado de esta primera vuelta no marca solo la derrota de un sector: marca el fin de una \u00e9poca. Esta noche se cierra, de\" \/>\n<meta property=\"og:url\" content=\"https:\/\/www.pressenza.com\/es\/2025\/11\/marco-enriquez-ominami-las-elecciones-marcan-el-fin-de-una-epoca-para-chile\/\" \/>\n<meta property=\"og:site_name\" content=\"Pressenza\" \/>\n<meta property=\"article:publisher\" content=\"https:\/\/www.facebook.com\/PressenzaItalia\" \/>\n<meta property=\"article:author\" content=\"https:\/\/www.facebook.com\/pressenza\" \/>\n<meta property=\"article:published_time\" content=\"2025-11-17T01:44:47+00:00\" \/>\n<meta property=\"og:image\" content=\"https:\/\/www.pressenza.com\/wp-content\/uploads\/2025\/11\/583699905_1406959787452673_8837436718976240862_n.jpg\" \/>\n\t<meta property=\"og:image:width\" content=\"1280\" \/>\n\t<meta property=\"og:image:height\" content=\"853\" \/>\n\t<meta property=\"og:image:type\" content=\"image\/jpeg\" \/>\n<meta name=\"author\" content=\"Redacci\u00f3n Chile\" \/>\n<meta name=\"twitter:card\" content=\"summary_large_image\" \/>\n<meta name=\"twitter:creator\" content=\"@pressenza\" \/>\n<meta name=\"twitter:site\" content=\"@PressenzaIPA\" \/>\n<meta name=\"twitter:label1\" content=\"Escrito por\" \/>\n\t<meta name=\"twitter:data1\" content=\"Redacci\u00f3n Chile\" \/>\n\t<meta name=\"twitter:label2\" content=\"Tiempo de lectura\" \/>\n\t<meta name=\"twitter:data2\" content=\"3 minutos\" \/>\n<script type=\"application\/ld+json\" class=\"yoast-schema-graph\">{\"@context\":\"https:\/\/schema.org\",\"@graph\":[{\"@type\":\"Article\",\"@id\":\"https:\/\/www.pressenza.com\/es\/2025\/11\/marco-enriquez-ominami-las-elecciones-marcan-el-fin-de-una-epoca-para-chile\/#article\",\"isPartOf\":{\"@id\":\"https:\/\/www.pressenza.com\/es\/2025\/11\/marco-enriquez-ominami-las-elecciones-marcan-el-fin-de-una-epoca-para-chile\/\"},\"author\":{\"name\":\"Redacci\u00f3n Chile\",\"@id\":\"https:\/\/www.pressenza.com\/es\/#\/schema\/person\/d7db40df35d6698ba69ba9ee260944ed\"},\"headline\":\"Marco Enr\u00edquez-Ominami: las elecciones marcan el fin de una \u00e9poca para Chile\",\"datePublished\":\"2025-11-17T01:44:47+00:00\",\"mainEntityOfPage\":{\"@id\":\"https:\/\/www.pressenza.com\/es\/2025\/11\/marco-enriquez-ominami-las-elecciones-marcan-el-fin-de-una-epoca-para-chile\/\"},\"wordCount\":453,\"publisher\":{\"@id\":\"https:\/\/www.pressenza.com\/es\/#organization\"},\"image\":{\"@id\":\"https:\/\/www.pressenza.com\/es\/2025\/11\/marco-enriquez-ominami-las-elecciones-marcan-el-fin-de-una-epoca-para-chile\/#primaryimage\"},\"thumbnailUrl\":\"https:\/\/www.pressenza.com\/wp-content\/uploads\/2025\/11\/583699905_1406959787452673_8837436718976240862_n.jpg\",\"keywords\":[\"Chile\",\"elecciones\",\"Marco Enr\u00edquez-Ominami\"],\"articleSection\":[\"Comunicados de Prensa\",\"Contenido Original\",\"Pol\u00edtica\",\"Sudam\u00e9rica\"],\"inLanguage\":\"es\"},{\"@type\":\"WebPage\",\"@id\":\"https:\/\/www.pressenza.com\/es\/2025\/11\/marco-enriquez-ominami-las-elecciones-marcan-el-fin-de-una-epoca-para-chile\/\",\"url\":\"https:\/\/www.pressenza.com\/es\/2025\/11\/marco-enriquez-ominami-las-elecciones-marcan-el-fin-de-una-epoca-para-chile\/\",\"name\":\"Marco Enr\u00edquez-Ominami: las elecciones marcan el fin de una \u00e9poca para Chile\",\"isPartOf\":{\"@id\":\"https:\/\/www.pressenza.com\/es\/#website\"},\"primaryImageOfPage\":{\"@id\":\"https:\/\/www.pressenza.com\/es\/2025\/11\/marco-enriquez-ominami-las-elecciones-marcan-el-fin-de-una-epoca-para-chile\/#primaryimage\"},\"image\":{\"@id\":\"https:\/\/www.pressenza.com\/es\/2025\/11\/marco-enriquez-ominami-las-elecciones-marcan-el-fin-de-una-epoca-para-chile\/#primaryimage\"},\"thumbnailUrl\":\"https:\/\/www.pressenza.com\/wp-content\/uploads\/2025\/11\/583699905_1406959787452673_8837436718976240862_n.jpg\",\"datePublished\":\"2025-11-17T01:44:47+00:00\",\"description\":\"Por Marco Enr\u00edquez-Ominami* El resultado de esta primera vuelta no marca solo la derrota de un sector: marca el fin de una \u00e9poca. Esta noche se cierra, de\",\"breadcrumb\":{\"@id\":\"https:\/\/www.pressenza.com\/es\/2025\/11\/marco-enriquez-ominami-las-elecciones-marcan-el-fin-de-una-epoca-para-chile\/#breadcrumb\"},\"inLanguage\":\"es\",\"potentialAction\":[{\"@type\":\"ReadAction\",\"target\":[\"https:\/\/www.pressenza.com\/es\/2025\/11\/marco-enriquez-ominami-las-elecciones-marcan-el-fin-de-una-epoca-para-chile\/\"]}]},{\"@type\":\"ImageObject\",\"inLanguage\":\"es\",\"@id\":\"https:\/\/www.pressenza.com\/es\/2025\/11\/marco-enriquez-ominami-las-elecciones-marcan-el-fin-de-una-epoca-para-chile\/#primaryimage\",\"url\":\"https:\/\/www.pressenza.com\/wp-content\/uploads\/2025\/11\/583699905_1406959787452673_8837436718976240862_n.jpg\",\"contentUrl\":\"https:\/\/www.pressenza.com\/wp-content\/uploads\/2025\/11\/583699905_1406959787452673_8837436718976240862_n.jpg\",\"width\":1280,\"height\":853},{\"@type\":\"BreadcrumbList\",\"@id\":\"https:\/\/www.pressenza.com\/es\/2025\/11\/marco-enriquez-ominami-las-elecciones-marcan-el-fin-de-una-epoca-para-chile\/#breadcrumb\",\"itemListElement\":[{\"@type\":\"ListItem\",\"position\":1,\"name\":\"Accueil\",\"item\":\"https:\/\/www.pressenza.com\/es\/\"},{\"@type\":\"ListItem\",\"position\":2,\"name\":\"Marco Enr\u00edquez-Ominami: las elecciones marcan el fin de una \u00e9poca para Chile\"}]},{\"@type\":\"WebSite\",\"@id\":\"https:\/\/www.pressenza.com\/es\/#website\",\"url\":\"https:\/\/www.pressenza.com\/es\/\",\"name\":\"Pressenza\",\"description\":\"International Press Agency\",\"publisher\":{\"@id\":\"https:\/\/www.pressenza.com\/es\/#organization\"},\"potentialAction\":[{\"@type\":\"SearchAction\",\"target\":{\"@type\":\"EntryPoint\",\"urlTemplate\":\"https:\/\/www.pressenza.com\/es\/?s={search_term_string}\"},\"query-input\":{\"@type\":\"PropertyValueSpecification\",\"valueRequired\":true,\"valueName\":\"search_term_string\"}}],\"inLanguage\":\"es\"},{\"@type\":\"Organization\",\"@id\":\"https:\/\/www.pressenza.com\/es\/#organization\",\"name\":\"Pressenza\",\"url\":\"https:\/\/www.pressenza.com\/es\/\",\"logo\":{\"@type\":\"ImageObject\",\"inLanguage\":\"es\",\"@id\":\"https:\/\/www.pressenza.com\/es\/#\/schema\/logo\/image\/\",\"url\":\"https:\/\/www.pressenza.com\/wp-content\/uploads\/2022\/10\/pressenza_logo_200x200.jpg\",\"contentUrl\":\"https:\/\/www.pressenza.com\/wp-content\/uploads\/2022\/10\/pressenza_logo_200x200.jpg\",\"width\":200,\"height\":200,\"caption\":\"Pressenza\"},\"image\":{\"@id\":\"https:\/\/www.pressenza.com\/es\/#\/schema\/logo\/image\/\"},\"sameAs\":[\"https:\/\/www.facebook.com\/PressenzaItalia\",\"https:\/\/x.com\/PressenzaIPA\"]},{\"@type\":\"Person\",\"@id\":\"https:\/\/www.pressenza.com\/es\/#\/schema\/person\/d7db40df35d6698ba69ba9ee260944ed\",\"name\":\"Redacci\u00f3n Chile\",\"description\":\"News from the Pressenza Bureau in Chile\",\"sameAs\":[\"https:\/\/www.facebook.com\/pressenza\",\"https:\/\/x.com\/pressenza\"],\"url\":\"https:\/\/www.pressenza.com\/es\/author\/redaccion-chile\/\"}]}<\/script>\n<!-- \/ Yoast SEO plugin. -->","yoast_head_json":{"title":"Marco Enr\u00edquez-Ominami: las elecciones marcan el fin de una \u00e9poca para Chile","description":"Por Marco Enr\u00edquez-Ominami* El resultado de esta primera vuelta no marca solo la derrota de un sector: marca el fin de una \u00e9poca. Esta noche se cierra, de","robots":{"index":"index","follow":"follow","max-snippet":"max-snippet:-1","max-image-preview":"max-image-preview:large","max-video-preview":"max-video-preview:-1"},"canonical":"https:\/\/www.pressenza.com\/es\/2025\/11\/marco-enriquez-ominami-las-elecciones-marcan-el-fin-de-una-epoca-para-chile\/","og_locale":"es_ES","og_type":"article","og_title":"Marco Enr\u00edquez-Ominami: las elecciones marcan el fin de una \u00e9poca para Chile","og_description":"Por Marco Enr\u00edquez-Ominami* El resultado de esta primera vuelta no marca solo la derrota de un sector: marca el fin de una \u00e9poca. Esta noche se cierra, de","og_url":"https:\/\/www.pressenza.com\/es\/2025\/11\/marco-enriquez-ominami-las-elecciones-marcan-el-fin-de-una-epoca-para-chile\/","og_site_name":"Pressenza","article_publisher":"https:\/\/www.facebook.com\/PressenzaItalia","article_author":"https:\/\/www.facebook.com\/pressenza","article_published_time":"2025-11-17T01:44:47+00:00","og_image":[{"width":1280,"height":853,"url":"https:\/\/www.pressenza.com\/wp-content\/uploads\/2025\/11\/583699905_1406959787452673_8837436718976240862_n.jpg","type":"image\/jpeg"}],"author":"Redacci\u00f3n Chile","twitter_card":"summary_large_image","twitter_creator":"@pressenza","twitter_site":"@PressenzaIPA","twitter_misc":{"Escrito por":"Redacci\u00f3n Chile","Tiempo de lectura":"3 minutos"},"schema":{"@context":"https:\/\/schema.org","@graph":[{"@type":"Article","@id":"https:\/\/www.pressenza.com\/es\/2025\/11\/marco-enriquez-ominami-las-elecciones-marcan-el-fin-de-una-epoca-para-chile\/#article","isPartOf":{"@id":"https:\/\/www.pressenza.com\/es\/2025\/11\/marco-enriquez-ominami-las-elecciones-marcan-el-fin-de-una-epoca-para-chile\/"},"author":{"name":"Redacci\u00f3n Chile","@id":"https:\/\/www.pressenza.com\/es\/#\/schema\/person\/d7db40df35d6698ba69ba9ee260944ed"},"headline":"Marco Enr\u00edquez-Ominami: las elecciones marcan el fin de una \u00e9poca para Chile","datePublished":"2025-11-17T01:44:47+00:00","mainEntityOfPage":{"@id":"https:\/\/www.pressenza.com\/es\/2025\/11\/marco-enriquez-ominami-las-elecciones-marcan-el-fin-de-una-epoca-para-chile\/"},"wordCount":453,"publisher":{"@id":"https:\/\/www.pressenza.com\/es\/#organization"},"image":{"@id":"https:\/\/www.pressenza.com\/es\/2025\/11\/marco-enriquez-ominami-las-elecciones-marcan-el-fin-de-una-epoca-para-chile\/#primaryimage"},"thumbnailUrl":"https:\/\/www.pressenza.com\/wp-content\/uploads\/2025\/11\/583699905_1406959787452673_8837436718976240862_n.jpg","keywords":["Chile","elecciones","Marco Enr\u00edquez-Ominami"],"articleSection":["Comunicados de Prensa","Contenido Original","Pol\u00edtica","Sudam\u00e9rica"],"inLanguage":"es"},{"@type":"WebPage","@id":"https:\/\/www.pressenza.com\/es\/2025\/11\/marco-enriquez-ominami-las-elecciones-marcan-el-fin-de-una-epoca-para-chile\/","url":"https:\/\/www.pressenza.com\/es\/2025\/11\/marco-enriquez-ominami-las-elecciones-marcan-el-fin-de-una-epoca-para-chile\/","name":"Marco Enr\u00edquez-Ominami: las elecciones marcan el fin de una \u00e9poca para Chile","isPartOf":{"@id":"https:\/\/www.pressenza.com\/es\/#website"},"primaryImageOfPage":{"@id":"https:\/\/www.pressenza.com\/es\/2025\/11\/marco-enriquez-ominami-las-elecciones-marcan-el-fin-de-una-epoca-para-chile\/#primaryimage"},"image":{"@id":"https:\/\/www.pressenza.com\/es\/2025\/11\/marco-enriquez-ominami-las-elecciones-marcan-el-fin-de-una-epoca-para-chile\/#primaryimage"},"thumbnailUrl":"https:\/\/www.pressenza.com\/wp-content\/uploads\/2025\/11\/583699905_1406959787452673_8837436718976240862_n.jpg","datePublished":"2025-11-17T01:44:47+00:00","description":"Por Marco Enr\u00edquez-Ominami* El resultado de esta primera vuelta no marca solo la derrota de un sector: marca el fin de una \u00e9poca. Esta noche se cierra, de","breadcrumb":{"@id":"https:\/\/www.pressenza.com\/es\/2025\/11\/marco-enriquez-ominami-las-elecciones-marcan-el-fin-de-una-epoca-para-chile\/#breadcrumb"},"inLanguage":"es","potentialAction":[{"@type":"ReadAction","target":["https:\/\/www.pressenza.com\/es\/2025\/11\/marco-enriquez-ominami-las-elecciones-marcan-el-fin-de-una-epoca-para-chile\/"]}]},{"@type":"ImageObject","inLanguage":"es","@id":"https:\/\/www.pressenza.com\/es\/2025\/11\/marco-enriquez-ominami-las-elecciones-marcan-el-fin-de-una-epoca-para-chile\/#primaryimage","url":"https:\/\/www.pressenza.com\/wp-content\/uploads\/2025\/11\/583699905_1406959787452673_8837436718976240862_n.jpg","contentUrl":"https:\/\/www.pressenza.com\/wp-content\/uploads\/2025\/11\/583699905_1406959787452673_8837436718976240862_n.jpg","width":1280,"height":853},{"@type":"BreadcrumbList","@id":"https:\/\/www.pressenza.com\/es\/2025\/11\/marco-enriquez-ominami-las-elecciones-marcan-el-fin-de-una-epoca-para-chile\/#breadcrumb","itemListElement":[{"@type":"ListItem","position":1,"name":"Accueil","item":"https:\/\/www.pressenza.com\/es\/"},{"@type":"ListItem","position":2,"name":"Marco Enr\u00edquez-Ominami: las elecciones marcan el fin de una \u00e9poca para Chile"}]},{"@type":"WebSite","@id":"https:\/\/www.pressenza.com\/es\/#website","url":"https:\/\/www.pressenza.com\/es\/","name":"Pressenza","description":"International Press Agency","publisher":{"@id":"https:\/\/www.pressenza.com\/es\/#organization"},"potentialAction":[{"@type":"SearchAction","target":{"@type":"EntryPoint","urlTemplate":"https:\/\/www.pressenza.com\/es\/?s={search_term_string}"},"query-input":{"@type":"PropertyValueSpecification","valueRequired":true,"valueName":"search_term_string"}}],"inLanguage":"es"},{"@type":"Organization","@id":"https:\/\/www.pressenza.com\/es\/#organization","name":"Pressenza","url":"https:\/\/www.pressenza.com\/es\/","logo":{"@type":"ImageObject","inLanguage":"es","@id":"https:\/\/www.pressenza.com\/es\/#\/schema\/logo\/image\/","url":"https:\/\/www.pressenza.com\/wp-content\/uploads\/2022\/10\/pressenza_logo_200x200.jpg","contentUrl":"https:\/\/www.pressenza.com\/wp-content\/uploads\/2022\/10\/pressenza_logo_200x200.jpg","width":200,"height":200,"caption":"Pressenza"},"image":{"@id":"https:\/\/www.pressenza.com\/es\/#\/schema\/logo\/image\/"},"sameAs":["https:\/\/www.facebook.com\/PressenzaItalia","https:\/\/x.com\/PressenzaIPA"]},{"@type":"Person","@id":"https:\/\/www.pressenza.com\/es\/#\/schema\/person\/d7db40df35d6698ba69ba9ee260944ed","name":"Redacci\u00f3n Chile","description":"News from the Pressenza Bureau in Chile","sameAs":["https:\/\/www.facebook.com\/pressenza","https:\/\/x.com\/pressenza"],"url":"https:\/\/www.pressenza.com\/es\/author\/redaccion-chile\/"}]}},"place":"Santiago de Chile","original_article_url":"","_links":{"self":[{"href":"https:\/\/www.pressenza.com\/es\/wp-json\/wp\/v2\/posts\/2653190","targetHints":{"allow":["GET"]}}],"collection":[{"href":"https:\/\/www.pressenza.com\/es\/wp-json\/wp\/v2\/posts"}],"about":[{"href":"https:\/\/www.pressenza.com\/es\/wp-json\/wp\/v2\/types\/post"}],"author":[{"embeddable":true,"href":"https:\/\/www.pressenza.com\/es\/wp-json\/wp\/v2\/users\/43"}],"replies":[{"embeddable":true,"href":"https:\/\/www.pressenza.com\/es\/wp-json\/wp\/v2\/comments?post=2653190"}],"version-history":[{"count":1,"href":"https:\/\/www.pressenza.com\/es\/wp-json\/wp\/v2\/posts\/2653190\/revisions"}],"predecessor-version":[{"id":2653192,"href":"https:\/\/www.pressenza.com\/es\/wp-json\/wp\/v2\/posts\/2653190\/revisions\/2653192"}],"wp:featuredmedia":[{"embeddable":true,"href":"https:\/\/www.pressenza.com\/es\/wp-json\/wp\/v2\/media\/2653191"}],"wp:attachment":[{"href":"https:\/\/www.pressenza.com\/es\/wp-json\/wp\/v2\/media?parent=2653190"}],"wp:term":[{"taxonomy":"category","embeddable":true,"href":"https:\/\/www.pressenza.com\/es\/wp-json\/wp\/v2\/categories?post=2653190"},{"taxonomy":"post_tag","embeddable":true,"href":"https:\/\/www.pressenza.com\/es\/wp-json\/wp\/v2\/tags?post=2653190"}],"curies":[{"name":"wp","href":"https:\/\/api.w.org\/{rel}","templated":true}]}}