{"id":2652622,"date":"2025-11-14T21:04:50","date_gmt":"2025-11-14T21:04:50","guid":{"rendered":"https:\/\/www.pressenza.com\/?p=2652622"},"modified":"2025-11-14T21:04:50","modified_gmt":"2025-11-14T21:04:50","slug":"la-falacia-de-que-todos-lo-hacen","status":"publish","type":"post","link":"https:\/\/www.pressenza.com\/es\/2025\/11\/la-falacia-de-que-todos-lo-hacen\/","title":{"rendered":"La falacia de que \u201ctodos lo hacen\u201d"},"content":{"rendered":"<p style=\"font-weight: 400;\">En la acusaci\u00f3n constitucional contra el juez\u00a0<strong>Antonio Ulloa<\/strong>, una idea qued\u00f3 flotando en el aire:\u00a0<em>\u201ctodos lo hacen\u201d<\/em>. Esa frase, tan cotidiana como peligrosa, resume una forma de pensar y actuar que se ha instalado en buena parte de la vida p\u00fablica y privada chilena. Es la justificaci\u00f3n perfecta para lo injustificable. En filosof\u00eda se conoce como\u00a0<strong>falacia\u00a0<em>ad populum<\/em><\/strong>: creer que algo es correcto o verdadero solo porque muchos lo hacen, lo dicen o lo aprueban.<\/p>\n<p style=\"font-weight: 400;\">Esta falacia domina el discurso pol\u00edtico y electoral. Las candidaturas apelan m\u00e1s a la emoci\u00f3n que a la raz\u00f3n, repitiendo consignas que, por su popularidad, se confunden con verdades:\u00a0<em>\u201ccerrar la frontera\u201d<\/em>,\u00a0<em>\u201cexpulsar a los migrantes irregulares\u201d<\/em>,\u00a0<em>\u201ccon mano dura se combate la delincuencia\u201d<\/em>. Son frases que producen aplausos, pero no soluciones. La mayor\u00eda promete hacerse cargo de los grandes problemas del pa\u00eds \u2014salud, educaci\u00f3n, seguridad o vivienda\u2014 sin explicar c\u00f3mo los abordar\u00e1.<\/p>\n<p style=\"font-weight: 400;\">Cuando llegue la hora de gobernar, quien resulte electo se encontrar\u00e1 con un Estado que responde con su propia versi\u00f3n del\u00a0<em>ad populum<\/em>:\u00a0<em>\u201csiempre se ha hecho as\u00ed\u201d<\/em>. Esa inercia institucional, junto con las defensas corporativas del mundo pol\u00edtico, son los principales obst\u00e1culos para transformar el pa\u00eds.<\/p>\n<p style=\"font-weight: 400;\">En el caso Ulloa, la defensa y parte de la Corte Suprema argumentaron que su conducta \u2014las gestiones para influir en nombramientos judiciales\u2014 era\u00a0<strong>\u201cun actuar tolerado por el mundo pol\u00edtico a lo largo de los a\u00f1os\u201d<\/strong>. En otras palabras, no se niega la falta, se normaliza. Pero entre un actuar tolerado y la\u00a0<strong>corrupci\u00f3n<\/strong>\u00a0o el\u00a0<strong>tr\u00e1fico de influencias<\/strong>\u00a0no hay frontera: basta un paso, y en Chile lo hemos cruzado demasiadas veces.<\/p>\n<p style=\"font-weight: 400;\">Para tener \u00e9xito, el pr\u00f3ximo gobierno deber\u00e1 romper esa l\u00f3gica. No bastar\u00e1 con proclamar voluntad de cambio; tendr\u00e1 que liderar a su coalici\u00f3n, convocar a la oposici\u00f3n y, sobre todo, enfrentarse a una cultura acostumbrada a justificar sus deficiencias con el\u00a0<em>\u201cas\u00ed se ha hecho siempre\u201d<\/em>. Gobernar no puede ser administrar la costumbre, sino desafiarla.\u00a0<strong>Un pol\u00edtico que no desaf\u00eda la costumbre est\u00e1 condenado a la mediocridad o al fracaso.<\/strong><\/p>\n<p style=\"font-weight: 400;\">Un ejemplo reciente es\u00a0<strong>Gendarmer\u00eda de Chile<\/strong>: en pocos d\u00edas se conocieron fiestas con alcohol en c\u00e1rceles, doce gendarmes formalizados en Iquique y la incautaci\u00f3n de un celular a un interno acusado de triple homicidio. No son hechos aislados, sino s\u00edntomas de una cultura institucional y pol\u00edtica que confunde tolerancia con impunidad.<\/p>\n<p style=\"font-weight: 400;\">Todos dicen que combatir\u00e1n la corrupci\u00f3n, pero nadie explica c\u00f3mo. La corrupci\u00f3n no comienza con grandes sobornos, sino con peque\u00f1os gestos de indulgencia: mirar hacia otro lado, justificar lo injustificable, aceptar que \u201ctodos lo hacen\u201d. Si nos hubi\u00e9ramos atrevido a enfrentar esta cultura de la corrupci\u00f3n, no habr\u00edamos terminado con un fallo de la Corte Suprema que conden\u00f3 a\u00a0<strong>Codelco<\/strong>\u00a0a pagar $17 mil millones a una empresa en la trama de la\u00a0<em>Mu\u00f1eca Bielorrusa<\/em>.<\/p>\n<p style=\"font-weight: 400;\">Chile no necesita m\u00e1s consignas ni populismos. Necesita liderazgo \u00e9tico, pensamiento cr\u00edtico y valent\u00eda para romper la inercia. Porque en pol\u00edtica, como en la vida,\u00a0<strong>lo que todos hacen no siempre est\u00e1 bien<\/strong>, y lo que nadie se atreve a cambiar, es precisamente lo que m\u00e1s urgente se vuelve transformar.<\/p>\n","protected":false},"excerpt":{"rendered":"<p>En la acusaci\u00f3n constitucional contra el juez\u00a0Antonio Ulloa, una idea qued\u00f3 flotando en el aire:\u00a0\u201ctodos lo hacen\u201d. Esa frase, tan cotidiana como peligrosa, resume una forma de pensar y actuar que se ha instalado en buena parte de la vida&hellip;<\/p>\n","protected":false},"author":1907,"featured_media":2652625,"comment_status":"closed","ping_status":"closed","sticky":false,"template":"","format":"standard","meta":{"footnotes":""},"categories":[11389,161,74,67],"tags":[773,146326,50165],"class_list":["post-2652622","post","type-post","status-publish","format-standard","has-post-thumbnail","hentry","category-contenido-original","category-opiniones","category-politica-es","category-sudamerica","tag-corrupcion","tag-falacia-ad-populum","tag-trafico-de-influencias"],"yoast_head":"<!-- This site is optimized with the Yoast SEO plugin v27.1.1 - https:\/\/yoast.com\/product\/yoast-seo-wordpress\/ -->\n<title>La falacia de que \u201ctodos lo hacen\u201d<\/title>\n<meta name=\"description\" content=\"En la acusaci\u00f3n constitucional contra el juez\u00a0Antonio Ulloa, una idea qued\u00f3 flotando en el aire:\u00a0\u201ctodos lo hacen\u201d. Esa frase, tan cotidiana como\" \/>\n<meta name=\"robots\" content=\"index, follow, max-snippet:-1, max-image-preview:large, max-video-preview:-1\" \/>\n<link rel=\"canonical\" href=\"https:\/\/www.pressenza.com\/es\/2025\/11\/la-falacia-de-que-todos-lo-hacen\/\" \/>\n<meta property=\"og:locale\" content=\"es_ES\" \/>\n<meta property=\"og:type\" content=\"article\" \/>\n<meta property=\"og:title\" content=\"La falacia de que \u201ctodos lo hacen\u201d\" \/>\n<meta property=\"og:description\" content=\"En la acusaci\u00f3n constitucional contra el juez\u00a0Antonio Ulloa, una idea qued\u00f3 flotando en el aire:\u00a0\u201ctodos lo hacen\u201d. Esa frase, tan cotidiana como\" \/>\n<meta property=\"og:url\" content=\"https:\/\/www.pressenza.com\/es\/2025\/11\/la-falacia-de-que-todos-lo-hacen\/\" \/>\n<meta property=\"og:site_name\" content=\"Pressenza\" \/>\n<meta property=\"article:publisher\" content=\"https:\/\/www.facebook.com\/PressenzaItalia\" \/>\n<meta property=\"article:published_time\" content=\"2025-11-14T21:04:50+00:00\" \/>\n<meta property=\"og:image\" content=\"https:\/\/www.pressenza.com\/wp-content\/uploads\/2025\/11\/Tirant-Formacion.jpg\" \/>\n\t<meta property=\"og:image:width\" content=\"1600\" \/>\n\t<meta property=\"og:image:height\" content=\"900\" \/>\n\t<meta property=\"og:image:type\" content=\"image\/jpeg\" \/>\n<meta name=\"author\" content=\"Marcelo Trivelli\" \/>\n<meta name=\"twitter:card\" content=\"summary_large_image\" \/>\n<meta name=\"twitter:creator\" content=\"@PressenzaIPA\" \/>\n<meta name=\"twitter:site\" content=\"@PressenzaIPA\" \/>\n<meta name=\"twitter:label1\" content=\"Escrito por\" \/>\n\t<meta name=\"twitter:data1\" content=\"Marcelo Trivelli\" \/>\n\t<meta name=\"twitter:label2\" content=\"Tiempo de lectura\" \/>\n\t<meta name=\"twitter:data2\" content=\"3 minutos\" \/>\n<script type=\"application\/ld+json\" class=\"yoast-schema-graph\">{\"@context\":\"https:\/\/schema.org\",\"@graph\":[{\"@type\":\"Article\",\"@id\":\"https:\/\/www.pressenza.com\/es\/2025\/11\/la-falacia-de-que-todos-lo-hacen\/#article\",\"isPartOf\":{\"@id\":\"https:\/\/www.pressenza.com\/es\/2025\/11\/la-falacia-de-que-todos-lo-hacen\/\"},\"author\":{\"name\":\"Marcelo Trivelli\",\"@id\":\"https:\/\/www.pressenza.com\/es\/#\/schema\/person\/62f77772bfcdd01e2cf156a471ba4ec5\"},\"headline\":\"La falacia de que \u201ctodos lo hacen\u201d\",\"datePublished\":\"2025-11-14T21:04:50+00:00\",\"mainEntityOfPage\":{\"@id\":\"https:\/\/www.pressenza.com\/es\/2025\/11\/la-falacia-de-que-todos-lo-hacen\/\"},\"wordCount\":571,\"publisher\":{\"@id\":\"https:\/\/www.pressenza.com\/es\/#organization\"},\"image\":{\"@id\":\"https:\/\/www.pressenza.com\/es\/2025\/11\/la-falacia-de-que-todos-lo-hacen\/#primaryimage\"},\"thumbnailUrl\":\"https:\/\/www.pressenza.com\/wp-content\/uploads\/2025\/11\/Tirant-Formacion.jpg\",\"keywords\":[\"corrupci\u00f3n\",\"falacia ad populum\",\"tr\u00e1fico de influencias\"],\"articleSection\":[\"Contenido Original\",\"Opiniones\",\"Pol\u00edtica\",\"Sudam\u00e9rica\"],\"inLanguage\":\"es\"},{\"@type\":\"WebPage\",\"@id\":\"https:\/\/www.pressenza.com\/es\/2025\/11\/la-falacia-de-que-todos-lo-hacen\/\",\"url\":\"https:\/\/www.pressenza.com\/es\/2025\/11\/la-falacia-de-que-todos-lo-hacen\/\",\"name\":\"La falacia de que \u201ctodos lo hacen\u201d\",\"isPartOf\":{\"@id\":\"https:\/\/www.pressenza.com\/es\/#website\"},\"primaryImageOfPage\":{\"@id\":\"https:\/\/www.pressenza.com\/es\/2025\/11\/la-falacia-de-que-todos-lo-hacen\/#primaryimage\"},\"image\":{\"@id\":\"https:\/\/www.pressenza.com\/es\/2025\/11\/la-falacia-de-que-todos-lo-hacen\/#primaryimage\"},\"thumbnailUrl\":\"https:\/\/www.pressenza.com\/wp-content\/uploads\/2025\/11\/Tirant-Formacion.jpg\",\"datePublished\":\"2025-11-14T21:04:50+00:00\",\"description\":\"En la acusaci\u00f3n constitucional contra el juez\u00a0Antonio Ulloa, una idea qued\u00f3 flotando en el aire:\u00a0\u201ctodos lo hacen\u201d. Esa frase, tan cotidiana como\",\"breadcrumb\":{\"@id\":\"https:\/\/www.pressenza.com\/es\/2025\/11\/la-falacia-de-que-todos-lo-hacen\/#breadcrumb\"},\"inLanguage\":\"es\",\"potentialAction\":[{\"@type\":\"ReadAction\",\"target\":[\"https:\/\/www.pressenza.com\/es\/2025\/11\/la-falacia-de-que-todos-lo-hacen\/\"]}]},{\"@type\":\"ImageObject\",\"inLanguage\":\"es\",\"@id\":\"https:\/\/www.pressenza.com\/es\/2025\/11\/la-falacia-de-que-todos-lo-hacen\/#primaryimage\",\"url\":\"https:\/\/www.pressenza.com\/wp-content\/uploads\/2025\/11\/Tirant-Formacion.jpg\",\"contentUrl\":\"https:\/\/www.pressenza.com\/wp-content\/uploads\/2025\/11\/Tirant-Formacion.jpg\",\"width\":1600,\"height\":900},{\"@type\":\"BreadcrumbList\",\"@id\":\"https:\/\/www.pressenza.com\/es\/2025\/11\/la-falacia-de-que-todos-lo-hacen\/#breadcrumb\",\"itemListElement\":[{\"@type\":\"ListItem\",\"position\":1,\"name\":\"Accueil\",\"item\":\"https:\/\/www.pressenza.com\/es\/\"},{\"@type\":\"ListItem\",\"position\":2,\"name\":\"La falacia de que \u201ctodos lo hacen\u201d\"}]},{\"@type\":\"WebSite\",\"@id\":\"https:\/\/www.pressenza.com\/es\/#website\",\"url\":\"https:\/\/www.pressenza.com\/es\/\",\"name\":\"Pressenza\",\"description\":\"International Press Agency\",\"publisher\":{\"@id\":\"https:\/\/www.pressenza.com\/es\/#organization\"},\"potentialAction\":[{\"@type\":\"SearchAction\",\"target\":{\"@type\":\"EntryPoint\",\"urlTemplate\":\"https:\/\/www.pressenza.com\/es\/?s={search_term_string}\"},\"query-input\":{\"@type\":\"PropertyValueSpecification\",\"valueRequired\":true,\"valueName\":\"search_term_string\"}}],\"inLanguage\":\"es\"},{\"@type\":\"Organization\",\"@id\":\"https:\/\/www.pressenza.com\/es\/#organization\",\"name\":\"Pressenza\",\"url\":\"https:\/\/www.pressenza.com\/es\/\",\"logo\":{\"@type\":\"ImageObject\",\"inLanguage\":\"es\",\"@id\":\"https:\/\/www.pressenza.com\/es\/#\/schema\/logo\/image\/\",\"url\":\"https:\/\/www.pressenza.com\/wp-content\/uploads\/2022\/10\/pressenza_logo_200x200.jpg\",\"contentUrl\":\"https:\/\/www.pressenza.com\/wp-content\/uploads\/2022\/10\/pressenza_logo_200x200.jpg\",\"width\":200,\"height\":200,\"caption\":\"Pressenza\"},\"image\":{\"@id\":\"https:\/\/www.pressenza.com\/es\/#\/schema\/logo\/image\/\"},\"sameAs\":[\"https:\/\/www.facebook.com\/PressenzaItalia\",\"https:\/\/x.com\/PressenzaIPA\"]},{\"@type\":\"Person\",\"@id\":\"https:\/\/www.pressenza.com\/es\/#\/schema\/person\/62f77772bfcdd01e2cf156a471ba4ec5\",\"name\":\"Marcelo Trivelli\",\"description\":\"Engineer, consultant and columnist on current affairs, always providing a critical and reflective view that adds to the debate. Main topics: education, politics and society. He has held various positions, among others, in the public sector (former mayor of Santiago), in the third sector (founder and president of Fundaci\u00f3n Semilla) and also in the private sector as a director of companies.\",\"url\":\"https:\/\/www.pressenza.com\/es\/author\/marcelo-trivelli\/\"}]}<\/script>\n<!-- \/ Yoast SEO plugin. -->","yoast_head_json":{"title":"La falacia de que \u201ctodos lo hacen\u201d","description":"En la acusaci\u00f3n constitucional contra el juez\u00a0Antonio Ulloa, una idea qued\u00f3 flotando en el aire:\u00a0\u201ctodos lo hacen\u201d. Esa frase, tan cotidiana como","robots":{"index":"index","follow":"follow","max-snippet":"max-snippet:-1","max-image-preview":"max-image-preview:large","max-video-preview":"max-video-preview:-1"},"canonical":"https:\/\/www.pressenza.com\/es\/2025\/11\/la-falacia-de-que-todos-lo-hacen\/","og_locale":"es_ES","og_type":"article","og_title":"La falacia de que \u201ctodos lo hacen\u201d","og_description":"En la acusaci\u00f3n constitucional contra el juez\u00a0Antonio Ulloa, una idea qued\u00f3 flotando en el aire:\u00a0\u201ctodos lo hacen\u201d. Esa frase, tan cotidiana como","og_url":"https:\/\/www.pressenza.com\/es\/2025\/11\/la-falacia-de-que-todos-lo-hacen\/","og_site_name":"Pressenza","article_publisher":"https:\/\/www.facebook.com\/PressenzaItalia","article_published_time":"2025-11-14T21:04:50+00:00","og_image":[{"width":1600,"height":900,"url":"https:\/\/www.pressenza.com\/wp-content\/uploads\/2025\/11\/Tirant-Formacion.jpg","type":"image\/jpeg"}],"author":"Marcelo Trivelli","twitter_card":"summary_large_image","twitter_creator":"@PressenzaIPA","twitter_site":"@PressenzaIPA","twitter_misc":{"Escrito por":"Marcelo Trivelli","Tiempo de lectura":"3 minutos"},"schema":{"@context":"https:\/\/schema.org","@graph":[{"@type":"Article","@id":"https:\/\/www.pressenza.com\/es\/2025\/11\/la-falacia-de-que-todos-lo-hacen\/#article","isPartOf":{"@id":"https:\/\/www.pressenza.com\/es\/2025\/11\/la-falacia-de-que-todos-lo-hacen\/"},"author":{"name":"Marcelo Trivelli","@id":"https:\/\/www.pressenza.com\/es\/#\/schema\/person\/62f77772bfcdd01e2cf156a471ba4ec5"},"headline":"La falacia de que \u201ctodos lo hacen\u201d","datePublished":"2025-11-14T21:04:50+00:00","mainEntityOfPage":{"@id":"https:\/\/www.pressenza.com\/es\/2025\/11\/la-falacia-de-que-todos-lo-hacen\/"},"wordCount":571,"publisher":{"@id":"https:\/\/www.pressenza.com\/es\/#organization"},"image":{"@id":"https:\/\/www.pressenza.com\/es\/2025\/11\/la-falacia-de-que-todos-lo-hacen\/#primaryimage"},"thumbnailUrl":"https:\/\/www.pressenza.com\/wp-content\/uploads\/2025\/11\/Tirant-Formacion.jpg","keywords":["corrupci\u00f3n","falacia ad populum","tr\u00e1fico de influencias"],"articleSection":["Contenido Original","Opiniones","Pol\u00edtica","Sudam\u00e9rica"],"inLanguage":"es"},{"@type":"WebPage","@id":"https:\/\/www.pressenza.com\/es\/2025\/11\/la-falacia-de-que-todos-lo-hacen\/","url":"https:\/\/www.pressenza.com\/es\/2025\/11\/la-falacia-de-que-todos-lo-hacen\/","name":"La falacia de que \u201ctodos lo hacen\u201d","isPartOf":{"@id":"https:\/\/www.pressenza.com\/es\/#website"},"primaryImageOfPage":{"@id":"https:\/\/www.pressenza.com\/es\/2025\/11\/la-falacia-de-que-todos-lo-hacen\/#primaryimage"},"image":{"@id":"https:\/\/www.pressenza.com\/es\/2025\/11\/la-falacia-de-que-todos-lo-hacen\/#primaryimage"},"thumbnailUrl":"https:\/\/www.pressenza.com\/wp-content\/uploads\/2025\/11\/Tirant-Formacion.jpg","datePublished":"2025-11-14T21:04:50+00:00","description":"En la acusaci\u00f3n constitucional contra el juez\u00a0Antonio Ulloa, una idea qued\u00f3 flotando en el aire:\u00a0\u201ctodos lo hacen\u201d. Esa frase, tan cotidiana como","breadcrumb":{"@id":"https:\/\/www.pressenza.com\/es\/2025\/11\/la-falacia-de-que-todos-lo-hacen\/#breadcrumb"},"inLanguage":"es","potentialAction":[{"@type":"ReadAction","target":["https:\/\/www.pressenza.com\/es\/2025\/11\/la-falacia-de-que-todos-lo-hacen\/"]}]},{"@type":"ImageObject","inLanguage":"es","@id":"https:\/\/www.pressenza.com\/es\/2025\/11\/la-falacia-de-que-todos-lo-hacen\/#primaryimage","url":"https:\/\/www.pressenza.com\/wp-content\/uploads\/2025\/11\/Tirant-Formacion.jpg","contentUrl":"https:\/\/www.pressenza.com\/wp-content\/uploads\/2025\/11\/Tirant-Formacion.jpg","width":1600,"height":900},{"@type":"BreadcrumbList","@id":"https:\/\/www.pressenza.com\/es\/2025\/11\/la-falacia-de-que-todos-lo-hacen\/#breadcrumb","itemListElement":[{"@type":"ListItem","position":1,"name":"Accueil","item":"https:\/\/www.pressenza.com\/es\/"},{"@type":"ListItem","position":2,"name":"La falacia de que \u201ctodos lo hacen\u201d"}]},{"@type":"WebSite","@id":"https:\/\/www.pressenza.com\/es\/#website","url":"https:\/\/www.pressenza.com\/es\/","name":"Pressenza","description":"International Press Agency","publisher":{"@id":"https:\/\/www.pressenza.com\/es\/#organization"},"potentialAction":[{"@type":"SearchAction","target":{"@type":"EntryPoint","urlTemplate":"https:\/\/www.pressenza.com\/es\/?s={search_term_string}"},"query-input":{"@type":"PropertyValueSpecification","valueRequired":true,"valueName":"search_term_string"}}],"inLanguage":"es"},{"@type":"Organization","@id":"https:\/\/www.pressenza.com\/es\/#organization","name":"Pressenza","url":"https:\/\/www.pressenza.com\/es\/","logo":{"@type":"ImageObject","inLanguage":"es","@id":"https:\/\/www.pressenza.com\/es\/#\/schema\/logo\/image\/","url":"https:\/\/www.pressenza.com\/wp-content\/uploads\/2022\/10\/pressenza_logo_200x200.jpg","contentUrl":"https:\/\/www.pressenza.com\/wp-content\/uploads\/2022\/10\/pressenza_logo_200x200.jpg","width":200,"height":200,"caption":"Pressenza"},"image":{"@id":"https:\/\/www.pressenza.com\/es\/#\/schema\/logo\/image\/"},"sameAs":["https:\/\/www.facebook.com\/PressenzaItalia","https:\/\/x.com\/PressenzaIPA"]},{"@type":"Person","@id":"https:\/\/www.pressenza.com\/es\/#\/schema\/person\/62f77772bfcdd01e2cf156a471ba4ec5","name":"Marcelo Trivelli","description":"Engineer, consultant and columnist on current affairs, always providing a critical and reflective view that adds to the debate. Main topics: education, politics and society. He has held various positions, among others, in the public sector (former mayor of Santiago), in the third sector (founder and president of Fundaci\u00f3n Semilla) and also in the private sector as a director of companies.","url":"https:\/\/www.pressenza.com\/es\/author\/marcelo-trivelli\/"}]}},"place":"","original_article_url":"","_links":{"self":[{"href":"https:\/\/www.pressenza.com\/es\/wp-json\/wp\/v2\/posts\/2652622","targetHints":{"allow":["GET"]}}],"collection":[{"href":"https:\/\/www.pressenza.com\/es\/wp-json\/wp\/v2\/posts"}],"about":[{"href":"https:\/\/www.pressenza.com\/es\/wp-json\/wp\/v2\/types\/post"}],"author":[{"embeddable":true,"href":"https:\/\/www.pressenza.com\/es\/wp-json\/wp\/v2\/users\/1907"}],"replies":[{"embeddable":true,"href":"https:\/\/www.pressenza.com\/es\/wp-json\/wp\/v2\/comments?post=2652622"}],"version-history":[{"count":2,"href":"https:\/\/www.pressenza.com\/es\/wp-json\/wp\/v2\/posts\/2652622\/revisions"}],"predecessor-version":[{"id":2652627,"href":"https:\/\/www.pressenza.com\/es\/wp-json\/wp\/v2\/posts\/2652622\/revisions\/2652627"}],"wp:featuredmedia":[{"embeddable":true,"href":"https:\/\/www.pressenza.com\/es\/wp-json\/wp\/v2\/media\/2652625"}],"wp:attachment":[{"href":"https:\/\/www.pressenza.com\/es\/wp-json\/wp\/v2\/media?parent=2652622"}],"wp:term":[{"taxonomy":"category","embeddable":true,"href":"https:\/\/www.pressenza.com\/es\/wp-json\/wp\/v2\/categories?post=2652622"},{"taxonomy":"post_tag","embeddable":true,"href":"https:\/\/www.pressenza.com\/es\/wp-json\/wp\/v2\/tags?post=2652622"}],"curies":[{"name":"wp","href":"https:\/\/api.w.org\/{rel}","templated":true}]}}