{"id":2649635,"date":"2025-11-03T12:25:57","date_gmt":"2025-11-03T12:25:57","guid":{"rendered":"https:\/\/www.pressenza.com\/?p=2649635"},"modified":"2025-11-03T12:25:57","modified_gmt":"2025-11-03T12:25:57","slug":"eslovenia-cuando-el-miedo-se-convierte-en-politica","status":"publish","type":"post","link":"https:\/\/www.pressenza.com\/es\/2025\/11\/eslovenia-cuando-el-miedo-se-convierte-en-politica\/","title":{"rendered":"Eslovenia: Cuando el miedo se convierte en Pol\u00edtica"},"content":{"rendered":"<p class=\"ds-markdown-paragraph\"><strong>Cuando el miedo se convierte en pol\u00edtica, socava el Estado de derecho. La respuesta de Eslovenia al asesinato de Ale\u0161 \u0160utar es una advertencia para Europa.<\/strong><\/p>\n<p class=\"ds-markdown-paragraph\">Cuando el miedo reemplaza a la raz\u00f3n, la democracia comienza a resquebrajarse. La respuesta de Eslovenia al asesinato de Ale\u0161 \u0160utar en Novo Mesto ha demostrado la rapidez con que la justicia puede ceder paso a la ira, y c\u00f3mo la b\u00fasqueda de control por parte de un Estado puede socavar sus propios cimientos. Lo que comenz\u00f3 como un proceso penal se ha convertido en un espejo para Europa, que muestra que cuando el miedo se convierte en pol\u00edtica, no gobierna, sino que destruye el Estado de derecho.<\/p>\n<p class=\"ds-markdown-paragraph\">Un hombre fue asesinado y un pa\u00eds perdi\u00f3 la cordura. El caso de Ale\u0161 \u0160utar deber\u00eda haber permanecido en manos de los Tribunales. En cambio, se convirti\u00f3 en un tema de dominio p\u00fablico. En cuesti\u00f3n de horas, la identidad roman\u00ed del sospechoso ocup\u00f3 los titulares, y la narrativa reemplazaba las pruebas. Los presentadores de televisi\u00f3n compet\u00edan en indignaci\u00f3n; los ministros dimit\u00edan para mostrar su responsabilidad; y las multitudes coreaban consignas racistas: \u00ab<em>Basta de violencia gitana<\/em>\u00ab.<\/p>\n<p class=\"ds-markdown-paragraph\">Un proceso penal se convirti\u00f3 en un teatro nacional. El duelo se inspir\u00f3 en el guion. El miedo se convirti\u00f3 en pol\u00edtica. Para los roman\u00edes, esta historia no es nueva. Cada vez que el poder se tambalea, busca un blanco conocido como chivo expiatorio. As\u00ed, en 1942, los roman\u00edes de Dolenjska fueron deportados a los campos de Rab y Gonars. Casi todos fueron asesinados. En 2006, la familia Strojan fue expulsada de Ambrus mientras la polic\u00eda \u00abpon\u00eda orden\u00bb. En 2009, Silvo Hudorovi\u0107 fue golpeado hasta la muerte; en 2019, una casa de roman\u00edes fue incendiada y, en 2022, j\u00f3venes fueron atacados en Murska Sobota. Cada d\u00e9cada deja cicatrices y silencio.<\/p>\n<p class=\"ds-markdown-paragraph\">El miedo es una pol\u00edtica barata en t\u00e9rminos de responsabilidad. Cuesta menos que las reformas y proporciona m\u00e1s tiempo en pantalla que la competencia en resolver los problemas. Novo Mesto, el epicentro de estos disturbios, se encuentra en una regi\u00f3n donde los roman\u00edes estaban presentes incluso antes de que existiera el Estado, que hoy cuestiona su existencia. Documentos del siglo XV describen a comerciantes y artesanos roman\u00edes en los mercados, conectando ciudades y mucho antes de que Eslovenia tuviera fronteras. De esos mismos valles, en 1942, casi todos los roman\u00edes fueron deportados a campos fascistas. Pocos regresaron. Sus descendientes reconstruyeron la misma econom\u00eda que hoy los excluye.<\/p>\n<p class=\"ds-markdown-paragraph\">Cuando Yugoslavia colaps\u00f3, los roman\u00edes que hab\u00edan construido sus f\u00e1bricas y reparado sus carreteras se convirtieron en ciudadanos de pa\u00edses que ya no los quer\u00edan. Eslovenia ingres\u00f3 en la UE con ambiciones democr\u00e1ticas, pero tambi\u00e9n con temores identitarios. Estos temores se tradujeron en medidas administrativas. Desde 2010, se han adoptado tres planes nacionales para la \u00abintegraci\u00f3n de los roman\u00edes\u00bb que prometen igualdad, pero que al mismo tiempo institucionalizan la vigilancia. Los asentamientos roman\u00edes son clasificados como \u00abriesgo de seguridad\u00bb. Los presupuestos para la integraci\u00f3n son gestionados por la polic\u00eda y los servicios sociales. As\u00ed, la igualdad es tratada como una amenaza.<\/p>\n<p class=\"ds-markdown-paragraph\">Pocos d\u00edas antes del asesinato, Eslovenia, durante su presidencia de la UE, fue anfitri\u00f3n de la cumbre MED9 y se present\u00f3 como progresista, innovador e inclusivo. Ursula von der Leyen y el Rey Abdullah II elogiaron su diplomacia de la apertura. Una semana despu\u00e9s, las calles se llenaron de consignas de odio y violencia. Este contraste no es una contradicci\u00f3n, sino parte de una coreograf\u00eda: cosmopolitismo <em>de escaparate<\/em> para la exportaci\u00f3n, y chivos expiatorios para consumo interno.<\/p>\n<p class=\"ds-markdown-paragraph\">En una Europa donde los roman\u00edes superan en n\u00famero a los eslovenos en una proporci\u00f3n de seis a uno, el trato que Eslovenia dispensa a sus ciudadanos roman\u00edes no puede ser considerado un asunto provincial. Refleja un h\u00e1bito continental: gobernar la incertidumbre proyect\u00e1ndola sobre los m\u00e1s desprotegidos.<\/p>\n<p class=\"ds-markdown-paragraph\">El miedo en Eslovenia no es espont\u00e1neo. Se gestiona como una partida presupuestaria. Los pol\u00edticos lo utilizan para unir a un electorado dividido, las burocracias lo traducen en propuestas de proyectos y los Medios de comunicaci\u00f3n lo venden cada noche en <em>Prime Time<\/em>. El miedo se refleja en los datos, en forma de encuestas, \u00edndices de audiencia y fondos presupuestados. Alimentando la econom\u00eda de la indignaci\u00f3n, donde la indignaci\u00f3n sale m\u00e1s barata que las verdederas reformas.<\/p>\n<p>Bruselas tambi\u00e9n contribuye a perpetuar este c\u00edrculo. Durante veinte a\u00f1os, la UE ha evaluado la &#8216;inclusi\u00f3n&#8217; en salas de conferencias, no en la seguridad ciudadana. Los informes se suceden, haciendo un balance moral est\u00e9ril que no cambia la realidad pol\u00edtica. As\u00ed, un sistema creado para fomentar la igualdad termina financiando, ir\u00f3nicamente, su propia quiebra.<\/p>\n<p class=\"ds-markdown-paragraph\">Detr\u00e1s de cada titular hay un hogar. En \u017dabjak, una mujer clava tableros de contrachapado en sus ventanas. En Brezje, un ni\u00f1o borra su foto de las redes sociales. Los padres mantienen a sus hijos en casa, mientras los mayores escuchan el eco de noches pasadas en las que el silencio cedi\u00f3 ante la violencia.<\/p>\n<p class=\"ds-markdown-paragraph\">El Estado ya no necesita decretos para aislar a los roman\u00edes \u2014esa tarea la cumple la inseguridad. Sin embargo, en esta inseguridad reside la capacidad m\u00e1s antigua de los roman\u00edes: la reconstrucci\u00f3n. Cada vez que Europa ha intentado borrarlos, ellos han levantado una nueva comunidad con los restos. La resistencia no es resignaci\u00f3n, sino conocimiento \u2014la competencia c\u00edvica que Europa ha perdido, mientras los roman\u00edes han aprendido a vivir con las fallas del Estado.<\/p>\n<p class=\"ds-markdown-paragraph\">La justicia para Ale\u0161 \u0160utar y la seguridad para los roman\u00edes no se excluyen mutuamente. Ambas son igualmente la medida de la estabilidad de Eslovenia. La justicia requiere pruebas, no emociones. La seguridad requiere protecci\u00f3n igualitaria, no culpa colectiva. Cuando la ley se vuelve selectiva, la autoridad se vuelve temporal.<\/p>\n<p class=\"ds-markdown-paragraph\">Si Eslovenia quiere volver a los cimientos sobre los que se construy\u00f3 su democracia y cumplir con las obligaciones contra\u00eddas al adherirse a la Uni\u00f3n Europea, deben suceder varias cosas. El asesinato de Ale\u0161 \u0160utar debe ser investigado completa e imparcialmente, libre de influencias pol\u00edticas y prejuicios \u00e9tnicos. El gobierno debe condenar p\u00fablicamente los discursos de odio y las acusaciones de culpa colectiva contra los roman\u00edes, y reafirmar que la igualdad ante la ley es innegociable. La seguridad de los roman\u00edes debe garantizarse mediante una protecci\u00f3n visible y efectiva dondequiera que surjan amenazas o intimidaciones. Este proceso deber\u00eda acompa\u00f1arse de una supervisi\u00f3n independiente a cargo de la Agencia de los Derechos Fundamentales de la Uni\u00f3n Europea y de la Comisi\u00f3n contra el Racismo y la Intolerancia del Consejo de Europa. As\u00ed se puede garantizar que las instituciones eslovenas act\u00faen de conformidad con las obligaciones de la Carta de los Derechos Fundamentales de la UE. Y, finalmente, la rendici\u00f3n de cuentas debe abarcar todos los niveles de gobernanza. Los funcionarios que hayan normalizado la hostilidad o no hayan impedido su propagaci\u00f3n deben afrontar su responsabilidad pol\u00edtica y legal. Estas no son medidas extraordinarias, sino los requisitos m\u00ednimos para la credibilidad de cualquier Estado miembro que afirme defender el Estado de derecho en Europa.<\/p>\n<p class=\"ds-markdown-paragraph\">Los roman\u00edes llevan seis siglos viviendo en suelo esloveno y han sobrevivido al fascismo, al socialismo y a la transici\u00f3n. Han dominado lo que los Estados nunca logran: c\u00f3mo sobrevivir al colapso sin reproducirlo. La supervivencia roman\u00ed no es un fen\u00f3meno folcl\u00f3rico, sino una memoria pol\u00edtica \u2014una prueba de que las leyes solo tienen significado cuando son compartidas por todos. Si Europa quiere redescubrir lo que significa la civilizaci\u00f3n, deber\u00eda empezar por aprender de los m\u00e1s desatendidos. El poder no se basa en el control, sino en el cuidado.<\/p>\n<p class=\"ds-markdown-paragraph\">Eslovenia se encuentra ahora ante una disyuntiva: pragmatismo o la defensa de sus principios democr\u00e1ticos. Puede seguir gobernando mediante el miedo o restaurar su legitimidad en el esp\u00edritu de las Leyes. La justicia para Ale\u0161 debe ser completa y justa, y la protecci\u00f3n para los roman\u00edes debe ser igual de real. Estos no son caminos paralelos, sino el mismo camino de regreso a la democracia. Los Estados no se desmoronan por invasiones, sino que se erosionan desde dentro cuando la confianza entre ciudadanos y ley desaparece. Esta erosi\u00f3n ya tiene un rostro: el de los roman\u00edes. Ellos han soportado el peso de las promesas incumplidas de Europa y, sin embargo, son la prueba m\u00e1s constante de su resiliencia. Su seguridad decidir\u00e1 si Eslovenia \u2014y con ella Europa\u2014 a\u00fan recuerda lo que significa ser civilizado.<\/p>\n<p class=\"ds-markdown-paragraph\"><em>Por Mensur Haliti, fundador de la Fundaci\u00f3n \u00abRoman\u00edes por la Democracia\u00bb<\/em><br \/>\n<a href=\"https:\/\/www.facebook.com\/profile.php?id=61558188684185\" target=\"_blank\" rel=\"noopener noreferrer\">https:\/\/www.facebook.com\/profile.php?id=61558188684185<\/a><\/p>\n<p class=\"ds-markdown-paragraph\"><em><strong><a href=\"https:\/\/www.facebook.com\/share\/1BeV9Uxmsn\/?mibextid=wwXIfr\" target=\"_blank\" rel=\"noopener noreferrer\">La traducci\u00f3n del italiano fue realizada por Kornelia Henrichmann del equipo de traducci\u00f3n voluntario de Pressenza.<\/a><a href=\"https:\/\/www.pressenza.com\/de\/mitarbeiten\/\" target=\"_blank\" rel=\"noopener noreferrer\">\u00a1Buscamos voluntarios!<\/a><\/strong><\/em><\/p>\n","protected":false},"excerpt":{"rendered":"<p>Cuando el miedo se convierte en pol\u00edtica, socava el Estado de derecho. La respuesta de Eslovenia al asesinato de Ale\u0161 \u0160utar es una advertencia para Europa. Cuando el miedo reemplaza a la raz\u00f3n, la democracia comienza a resquebrajarse. La respuesta&hellip;<\/p>\n","protected":false},"author":594,"featured_media":2649636,"comment_status":"closed","ping_status":"closed","sticky":false,"template":"","format":"standard","meta":{"footnotes":""},"categories":[11389,79,1241,66],"tags":[145564,1092,52228,34338,145563,40175,145559,145561,145560,145562,3098,48192,145558],"class_list":["post-2649635","post","type-post","status-publish","format-standard","has-post-thumbnail","hentry","category-contenido-original","category-derechos-humanos","category-diversidad","category-europa-es","tag-ales-sutar","tag-discriminacion","tag-eslovenia","tag-estado-de-derecho","tag-minorias-como-chivo-expiatorio","tag-minorias-etnicas","tag-politica-de-la-ue","tag-politica-del-miedo","tag-proteccion-de-minorias","tag-pueblo-romani","tag-racismo","tag-romanies","tag-tensiones-etnicas"],"yoast_head":"<!-- This site is optimized with the Yoast SEO plugin v27.1.1 - https:\/\/yoast.com\/product\/yoast-seo-wordpress\/ -->\n<title>Eslovenia: Cuando el miedo se convierte en Pol\u00edtica<\/title>\n<meta name=\"description\" content=\"Cuando el miedo se convierte en pol\u00edtica, socava el Estado de derecho. La respuesta de Eslovenia al asesinato de Ale\u0161 \u0160utar es una advertencia para El asesinato de Ale\u0161 \u0160utar desata la pol\u00edtica del miedo en Eslovenia. An\u00e1lisis de la respuesta del Estado, el aumento del racismo contra el pueblo roman\u00ed y la advertencia para el Estado de derecho en Europa\" \/>\n<meta name=\"robots\" content=\"index, follow, max-snippet:-1, max-image-preview:large, max-video-preview:-1\" \/>\n<link rel=\"canonical\" href=\"https:\/\/www.pressenza.com\/es\/2025\/11\/eslovenia-cuando-el-miedo-se-convierte-en-politica\/\" \/>\n<meta property=\"og:locale\" content=\"es_ES\" \/>\n<meta property=\"og:type\" content=\"article\" \/>\n<meta property=\"og:title\" content=\"Eslovenia: Cuando el miedo se convierte en Pol\u00edtica\" \/>\n<meta property=\"og:description\" content=\"Cuando el miedo se convierte en pol\u00edtica, socava el Estado de derecho. La respuesta de Eslovenia al asesinato de Ale\u0161 \u0160utar es una advertencia para El asesinato de Ale\u0161 \u0160utar desata la pol\u00edtica del miedo en Eslovenia. An\u00e1lisis de la respuesta del Estado, el aumento del racismo contra el pueblo roman\u00ed y la advertencia para el Estado de derecho en Europa\" \/>\n<meta property=\"og:url\" content=\"https:\/\/www.pressenza.com\/es\/2025\/11\/eslovenia-cuando-el-miedo-se-convierte-en-politica\/\" \/>\n<meta property=\"og:site_name\" content=\"Pressenza\" \/>\n<meta property=\"article:publisher\" content=\"https:\/\/www.facebook.com\/PressenzaItalia\" \/>\n<meta property=\"article:author\" content=\"https:\/\/www.facebook.com\/PressenzaItalia\" \/>\n<meta property=\"article:published_time\" content=\"2025-11-03T12:25:57+00:00\" \/>\n<meta property=\"og:image\" content=\"https:\/\/www.pressenza.com\/wp-content\/uploads\/2025\/10\/Aerial_view_of_Novo_Mesto_in_Slovenia.jpg\" \/>\n\t<meta property=\"og:image:width\" content=\"1600\" \/>\n\t<meta property=\"og:image:height\" content=\"1200\" \/>\n\t<meta property=\"og:image:type\" content=\"image\/jpeg\" \/>\n<meta name=\"author\" content=\"Redazione Italia\" \/>\n<meta name=\"twitter:card\" content=\"summary_large_image\" \/>\n<meta name=\"twitter:creator\" content=\"@pressenza_it\" \/>\n<meta name=\"twitter:site\" content=\"@PressenzaIPA\" \/>\n<meta name=\"twitter:label1\" content=\"Escrito por\" \/>\n\t<meta name=\"twitter:data1\" content=\"Redazione Italia\" \/>\n\t<meta name=\"twitter:label2\" content=\"Tiempo de lectura\" \/>\n\t<meta name=\"twitter:data2\" content=\"7 minutos\" \/>\n<script type=\"application\/ld+json\" class=\"yoast-schema-graph\">{\"@context\":\"https:\/\/schema.org\",\"@graph\":[{\"@type\":\"Article\",\"@id\":\"https:\/\/www.pressenza.com\/es\/2025\/11\/eslovenia-cuando-el-miedo-se-convierte-en-politica\/#article\",\"isPartOf\":{\"@id\":\"https:\/\/www.pressenza.com\/es\/2025\/11\/eslovenia-cuando-el-miedo-se-convierte-en-politica\/\"},\"author\":{\"name\":\"Redazione Italia\",\"@id\":\"https:\/\/www.pressenza.com\/es\/#\/schema\/person\/d983e81827ae24f2c7b1a2123d197f8d\"},\"headline\":\"Eslovenia: Cuando el miedo se convierte en Pol\u00edtica\",\"datePublished\":\"2025-11-03T12:25:57+00:00\",\"mainEntityOfPage\":{\"@id\":\"https:\/\/www.pressenza.com\/es\/2025\/11\/eslovenia-cuando-el-miedo-se-convierte-en-politica\/\"},\"wordCount\":1530,\"publisher\":{\"@id\":\"https:\/\/www.pressenza.com\/es\/#organization\"},\"image\":{\"@id\":\"https:\/\/www.pressenza.com\/es\/2025\/11\/eslovenia-cuando-el-miedo-se-convierte-en-politica\/#primaryimage\"},\"thumbnailUrl\":\"https:\/\/www.pressenza.com\/wp-content\/uploads\/2025\/10\/Aerial_view_of_Novo_Mesto_in_Slovenia.jpg\",\"keywords\":[\"Ale\u0161 \u0160utar\",\"discriminaci\u00f3n\",\"Eslovenia\",\"estado de derecho\",\"minor\u00edas como Chivo Expiatorio\",\"minor\u00edas \u00e9tnicas\",\"Pol\u00edtica de la UE\",\"Pol\u00edtica del Miedo\",\"Protecci\u00f3n de Minor\u00edas\",\"Pueblo Roman\u00ed\",\"racismo\",\"roman\u00edes\",\"Tensiones \u00c9tnicas\"],\"articleSection\":[\"Contenido Original\",\"Derechos Humanos\",\"Diversidad\",\"Europa\"],\"inLanguage\":\"es\"},{\"@type\":\"WebPage\",\"@id\":\"https:\/\/www.pressenza.com\/es\/2025\/11\/eslovenia-cuando-el-miedo-se-convierte-en-politica\/\",\"url\":\"https:\/\/www.pressenza.com\/es\/2025\/11\/eslovenia-cuando-el-miedo-se-convierte-en-politica\/\",\"name\":\"Eslovenia: Cuando el miedo se convierte en Pol\u00edtica\",\"isPartOf\":{\"@id\":\"https:\/\/www.pressenza.com\/es\/#website\"},\"primaryImageOfPage\":{\"@id\":\"https:\/\/www.pressenza.com\/es\/2025\/11\/eslovenia-cuando-el-miedo-se-convierte-en-politica\/#primaryimage\"},\"image\":{\"@id\":\"https:\/\/www.pressenza.com\/es\/2025\/11\/eslovenia-cuando-el-miedo-se-convierte-en-politica\/#primaryimage\"},\"thumbnailUrl\":\"https:\/\/www.pressenza.com\/wp-content\/uploads\/2025\/10\/Aerial_view_of_Novo_Mesto_in_Slovenia.jpg\",\"datePublished\":\"2025-11-03T12:25:57+00:00\",\"description\":\"Cuando el miedo se convierte en pol\u00edtica, socava el Estado de derecho. La respuesta de Eslovenia al asesinato de Ale\u0161 \u0160utar es una advertencia para El asesinato de Ale\u0161 \u0160utar desata la pol\u00edtica del miedo en Eslovenia. An\u00e1lisis de la respuesta del Estado, el aumento del racismo contra el pueblo roman\u00ed y la advertencia para el Estado de derecho en Europa\",\"breadcrumb\":{\"@id\":\"https:\/\/www.pressenza.com\/es\/2025\/11\/eslovenia-cuando-el-miedo-se-convierte-en-politica\/#breadcrumb\"},\"inLanguage\":\"es\",\"potentialAction\":[{\"@type\":\"ReadAction\",\"target\":[\"https:\/\/www.pressenza.com\/es\/2025\/11\/eslovenia-cuando-el-miedo-se-convierte-en-politica\/\"]}]},{\"@type\":\"ImageObject\",\"inLanguage\":\"es\",\"@id\":\"https:\/\/www.pressenza.com\/es\/2025\/11\/eslovenia-cuando-el-miedo-se-convierte-en-politica\/#primaryimage\",\"url\":\"https:\/\/www.pressenza.com\/wp-content\/uploads\/2025\/10\/Aerial_view_of_Novo_Mesto_in_Slovenia.jpg\",\"contentUrl\":\"https:\/\/www.pressenza.com\/wp-content\/uploads\/2025\/10\/Aerial_view_of_Novo_Mesto_in_Slovenia.jpg\",\"width\":1600,\"height\":1200,\"caption\":\"Luftaufnahme von Novo Mesto.\"},{\"@type\":\"BreadcrumbList\",\"@id\":\"https:\/\/www.pressenza.com\/es\/2025\/11\/eslovenia-cuando-el-miedo-se-convierte-en-politica\/#breadcrumb\",\"itemListElement\":[{\"@type\":\"ListItem\",\"position\":1,\"name\":\"Accueil\",\"item\":\"https:\/\/www.pressenza.com\/es\/\"},{\"@type\":\"ListItem\",\"position\":2,\"name\":\"Eslovenia: Cuando el miedo se convierte en Pol\u00edtica\"}]},{\"@type\":\"WebSite\",\"@id\":\"https:\/\/www.pressenza.com\/es\/#website\",\"url\":\"https:\/\/www.pressenza.com\/es\/\",\"name\":\"Pressenza\",\"description\":\"International Press Agency\",\"publisher\":{\"@id\":\"https:\/\/www.pressenza.com\/es\/#organization\"},\"potentialAction\":[{\"@type\":\"SearchAction\",\"target\":{\"@type\":\"EntryPoint\",\"urlTemplate\":\"https:\/\/www.pressenza.com\/es\/?s={search_term_string}\"},\"query-input\":{\"@type\":\"PropertyValueSpecification\",\"valueRequired\":true,\"valueName\":\"search_term_string\"}}],\"inLanguage\":\"es\"},{\"@type\":\"Organization\",\"@id\":\"https:\/\/www.pressenza.com\/es\/#organization\",\"name\":\"Pressenza\",\"url\":\"https:\/\/www.pressenza.com\/es\/\",\"logo\":{\"@type\":\"ImageObject\",\"inLanguage\":\"es\",\"@id\":\"https:\/\/www.pressenza.com\/es\/#\/schema\/logo\/image\/\",\"url\":\"https:\/\/www.pressenza.com\/wp-content\/uploads\/2022\/10\/pressenza_logo_200x200.jpg\",\"contentUrl\":\"https:\/\/www.pressenza.com\/wp-content\/uploads\/2022\/10\/pressenza_logo_200x200.jpg\",\"width\":200,\"height\":200,\"caption\":\"Pressenza\"},\"image\":{\"@id\":\"https:\/\/www.pressenza.com\/es\/#\/schema\/logo\/image\/\"},\"sameAs\":[\"https:\/\/www.facebook.com\/PressenzaItalia\",\"https:\/\/x.com\/PressenzaIPA\"]},{\"@type\":\"Person\",\"@id\":\"https:\/\/www.pressenza.com\/es\/#\/schema\/person\/d983e81827ae24f2c7b1a2123d197f8d\",\"name\":\"Redazione Italia\",\"description\":\"News from the Pressenza Bureau in Italy\",\"sameAs\":[\"https:\/\/www.pressenza.com\/it\/author\/redazione-italia\/\",\"https:\/\/www.facebook.com\/PressenzaItalia\",\"https:\/\/www.instagram.com\/pressenza_italia\/\",\"https:\/\/x.com\/pressenza_it\",\"https:\/\/www.youtube.com\/channel\/UCSalEIWjE1RSxkwjfftFuqg\"],\"url\":\"https:\/\/www.pressenza.com\/es\/author\/redazione-italia\/\"}]}<\/script>\n<!-- \/ Yoast SEO plugin. -->","yoast_head_json":{"title":"Eslovenia: Cuando el miedo se convierte en Pol\u00edtica","description":"Cuando el miedo se convierte en pol\u00edtica, socava el Estado de derecho. La respuesta de Eslovenia al asesinato de Ale\u0161 \u0160utar es una advertencia para El asesinato de Ale\u0161 \u0160utar desata la pol\u00edtica del miedo en Eslovenia. An\u00e1lisis de la respuesta del Estado, el aumento del racismo contra el pueblo roman\u00ed y la advertencia para el Estado de derecho en Europa","robots":{"index":"index","follow":"follow","max-snippet":"max-snippet:-1","max-image-preview":"max-image-preview:large","max-video-preview":"max-video-preview:-1"},"canonical":"https:\/\/www.pressenza.com\/es\/2025\/11\/eslovenia-cuando-el-miedo-se-convierte-en-politica\/","og_locale":"es_ES","og_type":"article","og_title":"Eslovenia: Cuando el miedo se convierte en Pol\u00edtica","og_description":"Cuando el miedo se convierte en pol\u00edtica, socava el Estado de derecho. La respuesta de Eslovenia al asesinato de Ale\u0161 \u0160utar es una advertencia para El asesinato de Ale\u0161 \u0160utar desata la pol\u00edtica del miedo en Eslovenia. An\u00e1lisis de la respuesta del Estado, el aumento del racismo contra el pueblo roman\u00ed y la advertencia para el Estado de derecho en Europa","og_url":"https:\/\/www.pressenza.com\/es\/2025\/11\/eslovenia-cuando-el-miedo-se-convierte-en-politica\/","og_site_name":"Pressenza","article_publisher":"https:\/\/www.facebook.com\/PressenzaItalia","article_author":"https:\/\/www.facebook.com\/PressenzaItalia","article_published_time":"2025-11-03T12:25:57+00:00","og_image":[{"width":1600,"height":1200,"url":"https:\/\/www.pressenza.com\/wp-content\/uploads\/2025\/10\/Aerial_view_of_Novo_Mesto_in_Slovenia.jpg","type":"image\/jpeg"}],"author":"Redazione Italia","twitter_card":"summary_large_image","twitter_creator":"@pressenza_it","twitter_site":"@PressenzaIPA","twitter_misc":{"Escrito por":"Redazione Italia","Tiempo de lectura":"7 minutos"},"schema":{"@context":"https:\/\/schema.org","@graph":[{"@type":"Article","@id":"https:\/\/www.pressenza.com\/es\/2025\/11\/eslovenia-cuando-el-miedo-se-convierte-en-politica\/#article","isPartOf":{"@id":"https:\/\/www.pressenza.com\/es\/2025\/11\/eslovenia-cuando-el-miedo-se-convierte-en-politica\/"},"author":{"name":"Redazione Italia","@id":"https:\/\/www.pressenza.com\/es\/#\/schema\/person\/d983e81827ae24f2c7b1a2123d197f8d"},"headline":"Eslovenia: Cuando el miedo se convierte en Pol\u00edtica","datePublished":"2025-11-03T12:25:57+00:00","mainEntityOfPage":{"@id":"https:\/\/www.pressenza.com\/es\/2025\/11\/eslovenia-cuando-el-miedo-se-convierte-en-politica\/"},"wordCount":1530,"publisher":{"@id":"https:\/\/www.pressenza.com\/es\/#organization"},"image":{"@id":"https:\/\/www.pressenza.com\/es\/2025\/11\/eslovenia-cuando-el-miedo-se-convierte-en-politica\/#primaryimage"},"thumbnailUrl":"https:\/\/www.pressenza.com\/wp-content\/uploads\/2025\/10\/Aerial_view_of_Novo_Mesto_in_Slovenia.jpg","keywords":["Ale\u0161 \u0160utar","discriminaci\u00f3n","Eslovenia","estado de derecho","minor\u00edas como Chivo Expiatorio","minor\u00edas \u00e9tnicas","Pol\u00edtica de la UE","Pol\u00edtica del Miedo","Protecci\u00f3n de Minor\u00edas","Pueblo Roman\u00ed","racismo","roman\u00edes","Tensiones \u00c9tnicas"],"articleSection":["Contenido Original","Derechos Humanos","Diversidad","Europa"],"inLanguage":"es"},{"@type":"WebPage","@id":"https:\/\/www.pressenza.com\/es\/2025\/11\/eslovenia-cuando-el-miedo-se-convierte-en-politica\/","url":"https:\/\/www.pressenza.com\/es\/2025\/11\/eslovenia-cuando-el-miedo-se-convierte-en-politica\/","name":"Eslovenia: Cuando el miedo se convierte en Pol\u00edtica","isPartOf":{"@id":"https:\/\/www.pressenza.com\/es\/#website"},"primaryImageOfPage":{"@id":"https:\/\/www.pressenza.com\/es\/2025\/11\/eslovenia-cuando-el-miedo-se-convierte-en-politica\/#primaryimage"},"image":{"@id":"https:\/\/www.pressenza.com\/es\/2025\/11\/eslovenia-cuando-el-miedo-se-convierte-en-politica\/#primaryimage"},"thumbnailUrl":"https:\/\/www.pressenza.com\/wp-content\/uploads\/2025\/10\/Aerial_view_of_Novo_Mesto_in_Slovenia.jpg","datePublished":"2025-11-03T12:25:57+00:00","description":"Cuando el miedo se convierte en pol\u00edtica, socava el Estado de derecho. La respuesta de Eslovenia al asesinato de Ale\u0161 \u0160utar es una advertencia para El asesinato de Ale\u0161 \u0160utar desata la pol\u00edtica del miedo en Eslovenia. An\u00e1lisis de la respuesta del Estado, el aumento del racismo contra el pueblo roman\u00ed y la advertencia para el Estado de derecho en Europa","breadcrumb":{"@id":"https:\/\/www.pressenza.com\/es\/2025\/11\/eslovenia-cuando-el-miedo-se-convierte-en-politica\/#breadcrumb"},"inLanguage":"es","potentialAction":[{"@type":"ReadAction","target":["https:\/\/www.pressenza.com\/es\/2025\/11\/eslovenia-cuando-el-miedo-se-convierte-en-politica\/"]}]},{"@type":"ImageObject","inLanguage":"es","@id":"https:\/\/www.pressenza.com\/es\/2025\/11\/eslovenia-cuando-el-miedo-se-convierte-en-politica\/#primaryimage","url":"https:\/\/www.pressenza.com\/wp-content\/uploads\/2025\/10\/Aerial_view_of_Novo_Mesto_in_Slovenia.jpg","contentUrl":"https:\/\/www.pressenza.com\/wp-content\/uploads\/2025\/10\/Aerial_view_of_Novo_Mesto_in_Slovenia.jpg","width":1600,"height":1200,"caption":"Luftaufnahme von Novo Mesto."},{"@type":"BreadcrumbList","@id":"https:\/\/www.pressenza.com\/es\/2025\/11\/eslovenia-cuando-el-miedo-se-convierte-en-politica\/#breadcrumb","itemListElement":[{"@type":"ListItem","position":1,"name":"Accueil","item":"https:\/\/www.pressenza.com\/es\/"},{"@type":"ListItem","position":2,"name":"Eslovenia: Cuando el miedo se convierte en Pol\u00edtica"}]},{"@type":"WebSite","@id":"https:\/\/www.pressenza.com\/es\/#website","url":"https:\/\/www.pressenza.com\/es\/","name":"Pressenza","description":"International Press Agency","publisher":{"@id":"https:\/\/www.pressenza.com\/es\/#organization"},"potentialAction":[{"@type":"SearchAction","target":{"@type":"EntryPoint","urlTemplate":"https:\/\/www.pressenza.com\/es\/?s={search_term_string}"},"query-input":{"@type":"PropertyValueSpecification","valueRequired":true,"valueName":"search_term_string"}}],"inLanguage":"es"},{"@type":"Organization","@id":"https:\/\/www.pressenza.com\/es\/#organization","name":"Pressenza","url":"https:\/\/www.pressenza.com\/es\/","logo":{"@type":"ImageObject","inLanguage":"es","@id":"https:\/\/www.pressenza.com\/es\/#\/schema\/logo\/image\/","url":"https:\/\/www.pressenza.com\/wp-content\/uploads\/2022\/10\/pressenza_logo_200x200.jpg","contentUrl":"https:\/\/www.pressenza.com\/wp-content\/uploads\/2022\/10\/pressenza_logo_200x200.jpg","width":200,"height":200,"caption":"Pressenza"},"image":{"@id":"https:\/\/www.pressenza.com\/es\/#\/schema\/logo\/image\/"},"sameAs":["https:\/\/www.facebook.com\/PressenzaItalia","https:\/\/x.com\/PressenzaIPA"]},{"@type":"Person","@id":"https:\/\/www.pressenza.com\/es\/#\/schema\/person\/d983e81827ae24f2c7b1a2123d197f8d","name":"Redazione Italia","description":"News from the Pressenza Bureau in Italy","sameAs":["https:\/\/www.pressenza.com\/it\/author\/redazione-italia\/","https:\/\/www.facebook.com\/PressenzaItalia","https:\/\/www.instagram.com\/pressenza_italia\/","https:\/\/x.com\/pressenza_it","https:\/\/www.youtube.com\/channel\/UCSalEIWjE1RSxkwjfftFuqg"],"url":"https:\/\/www.pressenza.com\/es\/author\/redazione-italia\/"}]}},"place":"","original_article_url":"","_links":{"self":[{"href":"https:\/\/www.pressenza.com\/es\/wp-json\/wp\/v2\/posts\/2649635","targetHints":{"allow":["GET"]}}],"collection":[{"href":"https:\/\/www.pressenza.com\/es\/wp-json\/wp\/v2\/posts"}],"about":[{"href":"https:\/\/www.pressenza.com\/es\/wp-json\/wp\/v2\/types\/post"}],"author":[{"embeddable":true,"href":"https:\/\/www.pressenza.com\/es\/wp-json\/wp\/v2\/users\/594"}],"replies":[{"embeddable":true,"href":"https:\/\/www.pressenza.com\/es\/wp-json\/wp\/v2\/comments?post=2649635"}],"version-history":[{"count":3,"href":"https:\/\/www.pressenza.com\/es\/wp-json\/wp\/v2\/posts\/2649635\/revisions"}],"predecessor-version":[{"id":2649640,"href":"https:\/\/www.pressenza.com\/es\/wp-json\/wp\/v2\/posts\/2649635\/revisions\/2649640"}],"wp:featuredmedia":[{"embeddable":true,"href":"https:\/\/www.pressenza.com\/es\/wp-json\/wp\/v2\/media\/2649636"}],"wp:attachment":[{"href":"https:\/\/www.pressenza.com\/es\/wp-json\/wp\/v2\/media?parent=2649635"}],"wp:term":[{"taxonomy":"category","embeddable":true,"href":"https:\/\/www.pressenza.com\/es\/wp-json\/wp\/v2\/categories?post=2649635"},{"taxonomy":"post_tag","embeddable":true,"href":"https:\/\/www.pressenza.com\/es\/wp-json\/wp\/v2\/tags?post=2649635"}],"curies":[{"name":"wp","href":"https:\/\/api.w.org\/{rel}","templated":true}]}}