{"id":2647235,"date":"2025-10-23T15:21:22","date_gmt":"2025-10-23T14:21:22","guid":{"rendered":"https:\/\/www.pressenza.com\/?p=2647235"},"modified":"2025-10-26T15:28:34","modified_gmt":"2025-10-26T15:28:34","slug":"axel-kaiser-y-el-mundo","status":"publish","type":"post","link":"https:\/\/www.pressenza.com\/es\/2025\/10\/axel-kaiser-y-el-mundo\/","title":{"rendered":"Axel Kaiser y el mundo"},"content":{"rendered":"<p>Por Elizabeth Subercaseaux*<\/p>\n<p>Lo que normalmente se entiende por mundo no est\u00e1 mejor gracias a Donald Trump y as\u00ed lo hicieron ver el s\u00e1bado 18 de octubre los siete millones de norteamericanos que salieron a las calles de ciudades y pueblos para protestar en contra de su gobierno<\/p>\n<p>Axel Kaiser afirma que \u201cel mundo es, por ahora, un mejor lugar gracias a Trump\u201d. Lo primero que habr\u00eda que preguntarse es qu\u00e9 entiende por \u201cmundo\u201d este abogado, escritor, <a href=\"https:\/\/elpais.com\/chile\/2025-02-16\/el-fenomeno-kaiser-el-presidenciable-que-corrio-los-margenes-de-la-extrema-derecha-chilena.html\">hermano del candidato a la presidencia<\/a> de Chile.<\/p>\n<p>En Estados Unidos, que me imagino para el se\u00f1or Kaiser ser\u00e1 parte del mundo, <a href=\"https:\/\/elpais.com\/america-colombia\/2025-10-21\/rosa-villavicencio-canciller-de-colombia-tenemos-la-voluntad-politica-de-desescalar-la-situacion-con-estados-unidos.html\">Donald Trump<\/a> est\u00e1 persiguiendo judicialmente a sus enemigos pol\u00edticos, est\u00e1 atacando la libre expresi\u00f3n en las universidades, tiene al gobierno de <a href=\"https:\/\/elpais.com\/america-colombia\/2025-10-21\/el-encuentro-entre-petro-y-mcnamara-marca-un-respiro-en-la-crisis-entre-colombia-y-estados-unidos.html\">Estados Unidos<\/a> cerrado hace m\u00e1s de 20 d\u00edas, ha enviado tropas militares a los estados donde la mayor\u00eda de los votantes es dem\u00f3crata, ha iniciado una despiadada persecuci\u00f3n a <a href=\"https:\/\/elpais.com\/us\/migracion\/2025-10-13\/joshua-schroeder-el-primer-abogado-sancionado-por-el-gobierno-por-defender-un-migrante-ahora-lucha-por-la-independencia-judicial.html\">inmigrantes<\/a> ilegales, supuestamente ilegales o simplemente personas \u201csospechosas\u201d, est\u00e1 usando su poder para amedrentar y amenazar a la prensa, para impedir que el Departamento de Justicia haga p\u00fablicos los<a href=\"https:\/\/elpais.com\/internacional\/2025-07-24\/el-escandalo-de-epstein-abre-una-brecha-entre-los-republicanos-en-el-congreso-de-estados-unidos.html\"> archivos de Epstein<\/a> porque se sabe que en esos archivos hay fotograf\u00edas comprometedoras para \u00e9l, ha firmado 170 ordenes ejecutivas en los primeros seis meses de su gobierno y muchas de ellas est\u00e1n siendo impugnadas en los tribunales, ha polarizado al pa\u00eds de manera peligrosa, ha mentido tantas veces que ya ni se le lleva la cuenta, ha cerrado agencias gubernamentales da\u00f1ando seriamente el sistema de ayudas sociales, ha insultado y degradado a quienes antes de su gobierno intentaron llevarlo a la justicia por sus m\u00faltiples cr\u00edmenes, ha terminado con la independencia del poder judicial, poniendo a cargo del departamento de Justicia a una de sus abogadas, Pam Bondi, a quien desde el Ejecutivo le ordena perseguir judicialmente a sus enemigos siguiendo la norma de Stalin: \u201cse\u00f1\u00e1lenme al hombre y yo le encontrar\u00e9 el delito\u201d.<\/p>\n<p>En Europa y gran parte del resto del mundo, est\u00e1 destruyendo el sistema multilateral de comercio. En el <a href=\"https:\/\/elpais.com\/internacional\/2025-10-21\/ultima-hora-del-conflicto-en-oriente-proximo-en-directo.html\">Medio Oriente<\/a> es verdad que ha logrado que Hamas devuelva a los rehenes que estaban vivos, lo cual fue recibido con un suspiro de alivio en el mundo, pero decir que Trump ha logrado la paz entre Israel y Hamas ser\u00eda faltar a la verdad; el domingo 19 de octubre <a href=\"https:\/\/elpais.com\/expres\/2025-10-20\/israel-bombardea-gaza-y-bloquea-la-entrada-de-ayuda-humanitaria-tras-acusar-a-hamas-de-violar-el-alto-el-fuego.html\">Israel volvi\u00f3 a lanzar dos ataques a\u00e9reos<\/a> en el sur de Gaza, en medio del alto al fuego.<\/p>\n<p>No, lo que normalmente se entiende por mundo no est\u00e1 mejor gracias a <a href=\"https:\/\/elpais.com\/america-colombia\/2025-10-22\/trump-vs-petro-tan-iguales-y-tan-distintos.html\">Donald Trump<\/a> y as\u00ed lo hicieron ver el s\u00e1bado 18 de octubre los siete millones de norteamericanos que salieron a las calles de ciudades y pueblos para protestar en contra de su gobierno. Si algo ha mejorado en Estados Unidos, gracias a Donald Trump, es que este pueblo est\u00e1 entendiendo que la \u00fanica manera de derrotarlo es uni\u00e9ndose de manera pac\u00edfica, saliendo a la calle con sus ni\u00f1os, perros y pancartas, y votando en las pr\u00f3ximas parlamentarias para ganar las dos c\u00e1maras del Congreso.<\/p>\n<p>&nbsp;<\/p>\n<p>*<em>Elizabeth Subercaseaux es escritora y reside en Estados Unidos desde 1989. Su \u00faltima novela es &#8216;Bach. El m\u00fasico de Dios&#8217; (2024)<\/em><\/p>\n<p>&nbsp;<\/p>\n","protected":false},"excerpt":{"rendered":"<p>Por Elizabeth Subercaseaux* Lo que normalmente se entiende por mundo no est\u00e1 mejor gracias a Donald Trump y as\u00ed lo hicieron ver el s\u00e1bado 18 de octubre los siete millones de norteamericanos que salieron a las calles de ciudades y&hellip;<\/p>\n","protected":false},"author":43,"featured_media":2647236,"comment_status":"closed","ping_status":"closed","sticky":false,"template":"","format":"standard","meta":{"footnotes":""},"categories":[11389,68,161,74],"tags":[145007,137134,22209,394],"class_list":["post-2647235","post","type-post","status-publish","format-standard","has-post-thumbnail","hentry","category-contenido-original","category-norteamerica","category-opiniones","category-politica-es","tag-axel-kaiser","tag-donald-trump-jr","tag-medio-oriente","tag-protestas-sociales"],"yoast_head":"<!-- This site is optimized with the Yoast SEO plugin v27.1.1 - https:\/\/yoast.com\/product\/yoast-seo-wordpress\/ -->\n<title>Axel Kaiser y el mundo<\/title>\n<meta name=\"description\" content=\"Por Elizabeth Subercaseaux* Lo que normalmente se entiende por mundo no est\u00e1 mejor gracias a Donald Trump y as\u00ed lo hicieron ver el s\u00e1bado 18 de octubre\" \/>\n<meta name=\"robots\" content=\"index, follow, max-snippet:-1, max-image-preview:large, max-video-preview:-1\" \/>\n<link rel=\"canonical\" href=\"https:\/\/www.pressenza.com\/es\/2025\/10\/axel-kaiser-y-el-mundo\/\" \/>\n<meta property=\"og:locale\" content=\"es_ES\" \/>\n<meta property=\"og:type\" content=\"article\" \/>\n<meta property=\"og:title\" content=\"Axel Kaiser y el mundo\" \/>\n<meta property=\"og:description\" content=\"Por Elizabeth Subercaseaux* Lo que normalmente se entiende por mundo no est\u00e1 mejor gracias a Donald Trump y as\u00ed lo hicieron ver el s\u00e1bado 18 de octubre\" \/>\n<meta property=\"og:url\" content=\"https:\/\/www.pressenza.com\/es\/2025\/10\/axel-kaiser-y-el-mundo\/\" \/>\n<meta property=\"og:site_name\" content=\"Pressenza\" \/>\n<meta property=\"article:publisher\" content=\"https:\/\/www.facebook.com\/PressenzaItalia\" \/>\n<meta property=\"article:author\" content=\"https:\/\/www.facebook.com\/pressenza\" \/>\n<meta property=\"article:published_time\" content=\"2025-10-23T14:21:22+00:00\" \/>\n<meta property=\"article:modified_time\" content=\"2025-10-26T15:28:34+00:00\" \/>\n<meta name=\"author\" content=\"Redacci\u00f3n Chile\" \/>\n<meta name=\"twitter:card\" content=\"summary_large_image\" \/>\n<meta name=\"twitter:creator\" content=\"@pressenza\" \/>\n<meta name=\"twitter:site\" content=\"@PressenzaIPA\" \/>\n<meta name=\"twitter:label1\" content=\"Escrito por\" \/>\n\t<meta name=\"twitter:data1\" content=\"Redacci\u00f3n Chile\" \/>\n\t<meta name=\"twitter:label2\" content=\"Tiempo de lectura\" \/>\n\t<meta name=\"twitter:data2\" content=\"3 minutos\" \/>\n<script type=\"application\/ld+json\" class=\"yoast-schema-graph\">{\"@context\":\"https:\/\/schema.org\",\"@graph\":[{\"@type\":\"Article\",\"@id\":\"https:\/\/www.pressenza.com\/es\/2025\/10\/axel-kaiser-y-el-mundo\/#article\",\"isPartOf\":{\"@id\":\"https:\/\/www.pressenza.com\/es\/2025\/10\/axel-kaiser-y-el-mundo\/\"},\"author\":{\"name\":\"Redacci\u00f3n Chile\",\"@id\":\"https:\/\/www.pressenza.com\/es\/#\/schema\/person\/d7db40df35d6698ba69ba9ee260944ed\"},\"headline\":\"Axel Kaiser y el mundo\",\"datePublished\":\"2025-10-23T14:21:22+00:00\",\"dateModified\":\"2025-10-26T15:28:34+00:00\",\"mainEntityOfPage\":{\"@id\":\"https:\/\/www.pressenza.com\/es\/2025\/10\/axel-kaiser-y-el-mundo\/\"},\"wordCount\":544,\"publisher\":{\"@id\":\"https:\/\/www.pressenza.com\/es\/#organization\"},\"image\":{\"@id\":\"https:\/\/www.pressenza.com\/es\/2025\/10\/axel-kaiser-y-el-mundo\/#primaryimage\"},\"thumbnailUrl\":\"https:\/\/www.pressenza.com\/wp-content\/uploads\/2025\/10\/E76EOCUXHBCZLHQWNPOFQYUB3Q.avif\",\"keywords\":[\"Axel Kaiser\",\"Donald Trump Jr.\",\"Medio Oriente\",\"protestas sociales\"],\"articleSection\":[\"Contenido Original\",\"Norteam\u00e9rica\",\"Opiniones\",\"Pol\u00edtica\"],\"inLanguage\":\"es\"},{\"@type\":\"WebPage\",\"@id\":\"https:\/\/www.pressenza.com\/es\/2025\/10\/axel-kaiser-y-el-mundo\/\",\"url\":\"https:\/\/www.pressenza.com\/es\/2025\/10\/axel-kaiser-y-el-mundo\/\",\"name\":\"Axel Kaiser y el mundo\",\"isPartOf\":{\"@id\":\"https:\/\/www.pressenza.com\/es\/#website\"},\"primaryImageOfPage\":{\"@id\":\"https:\/\/www.pressenza.com\/es\/2025\/10\/axel-kaiser-y-el-mundo\/#primaryimage\"},\"image\":{\"@id\":\"https:\/\/www.pressenza.com\/es\/2025\/10\/axel-kaiser-y-el-mundo\/#primaryimage\"},\"thumbnailUrl\":\"https:\/\/www.pressenza.com\/wp-content\/uploads\/2025\/10\/E76EOCUXHBCZLHQWNPOFQYUB3Q.avif\",\"datePublished\":\"2025-10-23T14:21:22+00:00\",\"dateModified\":\"2025-10-26T15:28:34+00:00\",\"description\":\"Por Elizabeth Subercaseaux* Lo que normalmente se entiende por mundo no est\u00e1 mejor gracias a Donald Trump y as\u00ed lo hicieron ver el s\u00e1bado 18 de octubre\",\"breadcrumb\":{\"@id\":\"https:\/\/www.pressenza.com\/es\/2025\/10\/axel-kaiser-y-el-mundo\/#breadcrumb\"},\"inLanguage\":\"es\",\"potentialAction\":[{\"@type\":\"ReadAction\",\"target\":[\"https:\/\/www.pressenza.com\/es\/2025\/10\/axel-kaiser-y-el-mundo\/\"]}]},{\"@type\":\"ImageObject\",\"inLanguage\":\"es\",\"@id\":\"https:\/\/www.pressenza.com\/es\/2025\/10\/axel-kaiser-y-el-mundo\/#primaryimage\",\"url\":\"https:\/\/www.pressenza.com\/wp-content\/uploads\/2025\/10\/E76EOCUXHBCZLHQWNPOFQYUB3Q.avif\",\"contentUrl\":\"https:\/\/www.pressenza.com\/wp-content\/uploads\/2025\/10\/E76EOCUXHBCZLHQWNPOFQYUB3Q.avif\",\"width\":1000,\"height\":667},{\"@type\":\"BreadcrumbList\",\"@id\":\"https:\/\/www.pressenza.com\/es\/2025\/10\/axel-kaiser-y-el-mundo\/#breadcrumb\",\"itemListElement\":[{\"@type\":\"ListItem\",\"position\":1,\"name\":\"Accueil\",\"item\":\"https:\/\/www.pressenza.com\/es\/\"},{\"@type\":\"ListItem\",\"position\":2,\"name\":\"Axel Kaiser y el mundo\"}]},{\"@type\":\"WebSite\",\"@id\":\"https:\/\/www.pressenza.com\/es\/#website\",\"url\":\"https:\/\/www.pressenza.com\/es\/\",\"name\":\"Pressenza\",\"description\":\"International Press Agency\",\"publisher\":{\"@id\":\"https:\/\/www.pressenza.com\/es\/#organization\"},\"potentialAction\":[{\"@type\":\"SearchAction\",\"target\":{\"@type\":\"EntryPoint\",\"urlTemplate\":\"https:\/\/www.pressenza.com\/es\/?s={search_term_string}\"},\"query-input\":{\"@type\":\"PropertyValueSpecification\",\"valueRequired\":true,\"valueName\":\"search_term_string\"}}],\"inLanguage\":\"es\"},{\"@type\":\"Organization\",\"@id\":\"https:\/\/www.pressenza.com\/es\/#organization\",\"name\":\"Pressenza\",\"url\":\"https:\/\/www.pressenza.com\/es\/\",\"logo\":{\"@type\":\"ImageObject\",\"inLanguage\":\"es\",\"@id\":\"https:\/\/www.pressenza.com\/es\/#\/schema\/logo\/image\/\",\"url\":\"https:\/\/www.pressenza.com\/wp-content\/uploads\/2022\/10\/pressenza_logo_200x200.jpg\",\"contentUrl\":\"https:\/\/www.pressenza.com\/wp-content\/uploads\/2022\/10\/pressenza_logo_200x200.jpg\",\"width\":200,\"height\":200,\"caption\":\"Pressenza\"},\"image\":{\"@id\":\"https:\/\/www.pressenza.com\/es\/#\/schema\/logo\/image\/\"},\"sameAs\":[\"https:\/\/www.facebook.com\/PressenzaItalia\",\"https:\/\/x.com\/PressenzaIPA\"]},{\"@type\":\"Person\",\"@id\":\"https:\/\/www.pressenza.com\/es\/#\/schema\/person\/d7db40df35d6698ba69ba9ee260944ed\",\"name\":\"Redacci\u00f3n Chile\",\"description\":\"News from the Pressenza Bureau in Chile\",\"sameAs\":[\"https:\/\/www.facebook.com\/pressenza\",\"https:\/\/x.com\/pressenza\"],\"url\":\"https:\/\/www.pressenza.com\/es\/author\/redaccion-chile\/\"}]}<\/script>\n<!-- \/ Yoast SEO plugin. -->","yoast_head_json":{"title":"Axel Kaiser y el mundo","description":"Por Elizabeth Subercaseaux* Lo que normalmente se entiende por mundo no est\u00e1 mejor gracias a Donald Trump y as\u00ed lo hicieron ver el s\u00e1bado 18 de octubre","robots":{"index":"index","follow":"follow","max-snippet":"max-snippet:-1","max-image-preview":"max-image-preview:large","max-video-preview":"max-video-preview:-1"},"canonical":"https:\/\/www.pressenza.com\/es\/2025\/10\/axel-kaiser-y-el-mundo\/","og_locale":"es_ES","og_type":"article","og_title":"Axel Kaiser y el mundo","og_description":"Por Elizabeth Subercaseaux* Lo que normalmente se entiende por mundo no est\u00e1 mejor gracias a Donald Trump y as\u00ed lo hicieron ver el s\u00e1bado 18 de octubre","og_url":"https:\/\/www.pressenza.com\/es\/2025\/10\/axel-kaiser-y-el-mundo\/","og_site_name":"Pressenza","article_publisher":"https:\/\/www.facebook.com\/PressenzaItalia","article_author":"https:\/\/www.facebook.com\/pressenza","article_published_time":"2025-10-23T14:21:22+00:00","article_modified_time":"2025-10-26T15:28:34+00:00","author":"Redacci\u00f3n Chile","twitter_card":"summary_large_image","twitter_creator":"@pressenza","twitter_site":"@PressenzaIPA","twitter_misc":{"Escrito por":"Redacci\u00f3n Chile","Tiempo de lectura":"3 minutos"},"schema":{"@context":"https:\/\/schema.org","@graph":[{"@type":"Article","@id":"https:\/\/www.pressenza.com\/es\/2025\/10\/axel-kaiser-y-el-mundo\/#article","isPartOf":{"@id":"https:\/\/www.pressenza.com\/es\/2025\/10\/axel-kaiser-y-el-mundo\/"},"author":{"name":"Redacci\u00f3n Chile","@id":"https:\/\/www.pressenza.com\/es\/#\/schema\/person\/d7db40df35d6698ba69ba9ee260944ed"},"headline":"Axel Kaiser y el mundo","datePublished":"2025-10-23T14:21:22+00:00","dateModified":"2025-10-26T15:28:34+00:00","mainEntityOfPage":{"@id":"https:\/\/www.pressenza.com\/es\/2025\/10\/axel-kaiser-y-el-mundo\/"},"wordCount":544,"publisher":{"@id":"https:\/\/www.pressenza.com\/es\/#organization"},"image":{"@id":"https:\/\/www.pressenza.com\/es\/2025\/10\/axel-kaiser-y-el-mundo\/#primaryimage"},"thumbnailUrl":"https:\/\/www.pressenza.com\/wp-content\/uploads\/2025\/10\/E76EOCUXHBCZLHQWNPOFQYUB3Q.avif","keywords":["Axel Kaiser","Donald Trump Jr.","Medio Oriente","protestas sociales"],"articleSection":["Contenido Original","Norteam\u00e9rica","Opiniones","Pol\u00edtica"],"inLanguage":"es"},{"@type":"WebPage","@id":"https:\/\/www.pressenza.com\/es\/2025\/10\/axel-kaiser-y-el-mundo\/","url":"https:\/\/www.pressenza.com\/es\/2025\/10\/axel-kaiser-y-el-mundo\/","name":"Axel Kaiser y el mundo","isPartOf":{"@id":"https:\/\/www.pressenza.com\/es\/#website"},"primaryImageOfPage":{"@id":"https:\/\/www.pressenza.com\/es\/2025\/10\/axel-kaiser-y-el-mundo\/#primaryimage"},"image":{"@id":"https:\/\/www.pressenza.com\/es\/2025\/10\/axel-kaiser-y-el-mundo\/#primaryimage"},"thumbnailUrl":"https:\/\/www.pressenza.com\/wp-content\/uploads\/2025\/10\/E76EOCUXHBCZLHQWNPOFQYUB3Q.avif","datePublished":"2025-10-23T14:21:22+00:00","dateModified":"2025-10-26T15:28:34+00:00","description":"Por Elizabeth Subercaseaux* Lo que normalmente se entiende por mundo no est\u00e1 mejor gracias a Donald Trump y as\u00ed lo hicieron ver el s\u00e1bado 18 de octubre","breadcrumb":{"@id":"https:\/\/www.pressenza.com\/es\/2025\/10\/axel-kaiser-y-el-mundo\/#breadcrumb"},"inLanguage":"es","potentialAction":[{"@type":"ReadAction","target":["https:\/\/www.pressenza.com\/es\/2025\/10\/axel-kaiser-y-el-mundo\/"]}]},{"@type":"ImageObject","inLanguage":"es","@id":"https:\/\/www.pressenza.com\/es\/2025\/10\/axel-kaiser-y-el-mundo\/#primaryimage","url":"https:\/\/www.pressenza.com\/wp-content\/uploads\/2025\/10\/E76EOCUXHBCZLHQWNPOFQYUB3Q.avif","contentUrl":"https:\/\/www.pressenza.com\/wp-content\/uploads\/2025\/10\/E76EOCUXHBCZLHQWNPOFQYUB3Q.avif","width":1000,"height":667},{"@type":"BreadcrumbList","@id":"https:\/\/www.pressenza.com\/es\/2025\/10\/axel-kaiser-y-el-mundo\/#breadcrumb","itemListElement":[{"@type":"ListItem","position":1,"name":"Accueil","item":"https:\/\/www.pressenza.com\/es\/"},{"@type":"ListItem","position":2,"name":"Axel Kaiser y el mundo"}]},{"@type":"WebSite","@id":"https:\/\/www.pressenza.com\/es\/#website","url":"https:\/\/www.pressenza.com\/es\/","name":"Pressenza","description":"International Press Agency","publisher":{"@id":"https:\/\/www.pressenza.com\/es\/#organization"},"potentialAction":[{"@type":"SearchAction","target":{"@type":"EntryPoint","urlTemplate":"https:\/\/www.pressenza.com\/es\/?s={search_term_string}"},"query-input":{"@type":"PropertyValueSpecification","valueRequired":true,"valueName":"search_term_string"}}],"inLanguage":"es"},{"@type":"Organization","@id":"https:\/\/www.pressenza.com\/es\/#organization","name":"Pressenza","url":"https:\/\/www.pressenza.com\/es\/","logo":{"@type":"ImageObject","inLanguage":"es","@id":"https:\/\/www.pressenza.com\/es\/#\/schema\/logo\/image\/","url":"https:\/\/www.pressenza.com\/wp-content\/uploads\/2022\/10\/pressenza_logo_200x200.jpg","contentUrl":"https:\/\/www.pressenza.com\/wp-content\/uploads\/2022\/10\/pressenza_logo_200x200.jpg","width":200,"height":200,"caption":"Pressenza"},"image":{"@id":"https:\/\/www.pressenza.com\/es\/#\/schema\/logo\/image\/"},"sameAs":["https:\/\/www.facebook.com\/PressenzaItalia","https:\/\/x.com\/PressenzaIPA"]},{"@type":"Person","@id":"https:\/\/www.pressenza.com\/es\/#\/schema\/person\/d7db40df35d6698ba69ba9ee260944ed","name":"Redacci\u00f3n Chile","description":"News from the Pressenza Bureau in Chile","sameAs":["https:\/\/www.facebook.com\/pressenza","https:\/\/x.com\/pressenza"],"url":"https:\/\/www.pressenza.com\/es\/author\/redaccion-chile\/"}]}},"place":"Santiago de Chile","original_article_url":"","_links":{"self":[{"href":"https:\/\/www.pressenza.com\/es\/wp-json\/wp\/v2\/posts\/2647235","targetHints":{"allow":["GET"]}}],"collection":[{"href":"https:\/\/www.pressenza.com\/es\/wp-json\/wp\/v2\/posts"}],"about":[{"href":"https:\/\/www.pressenza.com\/es\/wp-json\/wp\/v2\/types\/post"}],"author":[{"embeddable":true,"href":"https:\/\/www.pressenza.com\/es\/wp-json\/wp\/v2\/users\/43"}],"replies":[{"embeddable":true,"href":"https:\/\/www.pressenza.com\/es\/wp-json\/wp\/v2\/comments?post=2647235"}],"version-history":[{"count":1,"href":"https:\/\/www.pressenza.com\/es\/wp-json\/wp\/v2\/posts\/2647235\/revisions"}],"predecessor-version":[{"id":2647237,"href":"https:\/\/www.pressenza.com\/es\/wp-json\/wp\/v2\/posts\/2647235\/revisions\/2647237"}],"wp:featuredmedia":[{"embeddable":true,"href":"https:\/\/www.pressenza.com\/es\/wp-json\/wp\/v2\/media\/2647236"}],"wp:attachment":[{"href":"https:\/\/www.pressenza.com\/es\/wp-json\/wp\/v2\/media?parent=2647235"}],"wp:term":[{"taxonomy":"category","embeddable":true,"href":"https:\/\/www.pressenza.com\/es\/wp-json\/wp\/v2\/categories?post=2647235"},{"taxonomy":"post_tag","embeddable":true,"href":"https:\/\/www.pressenza.com\/es\/wp-json\/wp\/v2\/tags?post=2647235"}],"curies":[{"name":"wp","href":"https:\/\/api.w.org\/{rel}","templated":true}]}}