{"id":2646821,"date":"2025-10-21T17:33:12","date_gmt":"2025-10-21T16:33:12","guid":{"rendered":"https:\/\/www.pressenza.com\/?p=2646821"},"modified":"2025-10-21T17:33:12","modified_gmt":"2025-10-21T16:33:12","slug":"luces-por-la-paz-en-todo-el-mundo","status":"publish","type":"post","link":"https:\/\/www.pressenza.com\/es\/2025\/10\/luces-por-la-paz-en-todo-el-mundo\/","title":{"rendered":"Luces por la Paz en todo el mundo"},"content":{"rendered":"<p><strong>La asociaci\u00f3n sin \u00e1nimo de lucro \u00abCaminando por la Paz e.V.\u00bb, hace un llamamiento a personas de todo el mundo para que se sumen el 6 de abril de 2026 (<a href=\"http:\/\/www.wandernfuerdenfrieden.org\/\" target=\"_blank\" rel=\"noopener noreferrer\">www.wandernfuerdenfrieden.org<\/a> \/\u00a0\u00a0<a href=\"http:\/\/www.hikingforpeace.org\/\" target=\"_blank\" rel=\"noopener noreferrer\">www.hikingforpeace.org<\/a>): a una acci\u00f3n conjunta de luces en favor de la tolerancia, la protecci\u00f3n del medio ambiente y la paz mundial. Bajo el lema \u00abPeace Wave Festival\u00bb, ese d\u00eda se encender\u00e1n hogueras en distintos lugares del planeta, se colocar\u00e1n velas en hogares y templos, se crear\u00e1n aut\u00e9nticos oc\u00e9anos de luz en plazas p\u00fablicas y se organizar\u00e1n procesiones o vigilias con luminarias.<\/strong><\/p>\n<p>Se invita a todas las personas interesadas a inscribirse ellas, o el acto que organicen, lo antes posible en la web oficial <a href=\"http:\/\/www.peacewavefestival.org\/\" target=\"_blank\" rel=\"noopener noreferrer\">www.peacewavefestival.org<\/a>, dando as\u00ed ya un paso visible por un futuro en paz y sostenible. El objetivo es reunir m\u00e1s de\u00a01.000 puntos de luz registrados\u00a0para el\u00a06 de abril de 2026. En la actualidad (octubre de 2025) ya hay 141 acciones de luz o \u00abvigilias luminosas\u00bb inscritas en todo el mundo, organizadas por la ciudadan\u00eda y por comunidades evang\u00e9licas, cat\u00f3licas, budistas, Bah\u00e1&#8217;\u00ed y de pueblos originarios. Tambi\u00e9n se mantienen conversaciones con comunidades musulmanas y jud\u00edas, de las que se espera una respuesta positiva pr\u00f3ximamente.<\/p>\n<blockquote><p><em>\u00abTenemos que creer juntos en una nueva era, en la que sea posible una convivencia pac\u00edfica, el fin de la pobreza y el hambre, y la preservaci\u00f3n de la naturaleza. Unidos, podemos dar con nuestras luces una se\u00f1al contundente, que los pol\u00edticos de todo el mundo no podr\u00e1n ignorar\u00bb, explica Isabella Haschke, fundadora del movimiento.<\/em><\/p><\/blockquote>\n<p>La asociaci\u00f3n exige a los Gobiernos de todo el mundo un compromiso m\u00e1s firme con la mediaci\u00f3n para la paz y el fin de los conflictos b\u00e9licos. El ahorro en gastos militares permitir\u00eda destinar recursos econ\u00f3micos, urgentemente necesarios, a la justicia social, la educaci\u00f3n, la lucha contra la pobreza y la protecci\u00f3n del medio ambiente.<\/p>\n<p>Viena, un s\u00edmbolo central: se planea un oc\u00e9ano de luces interreligioso<\/p>\n<p>Tambi\u00e9n en Viena tendr\u00e1 lugar un gran evento con la \u00abLuz de la Paz\u00bb el 6 de abril de 2026, en el que intervendr\u00e1n representantes de distintas religiones, del \u00e1mbito cient\u00edfico y de la sociedad civil. Entre los que ya han confirmado su participaci\u00f3n se encuentran:<\/p>\n<ul>\n<li>El obispo auxiliar Stephan Turnovszky (Iglesia cat\u00f3lica)<\/li>\n<li>Anja Spengler (Consejo Espiritual de los Bah\u00e1&#8217;\u00ed de Austria)<\/li>\n<li>El vicario episcopal Nicolae Dura (Iglesia ortodoxa rumana)<\/li>\n<li>El superintendente Matthias Geist (Iglesia Evang\u00e9lica A.B.)<\/li>\n<li>Ermin Sehic (Primer Imam de la Comunidad Religiosa Isl\u00e1mica de Austria)<\/li>\n<li>Ina Mehrfert Blue Eagle Crystal Eye (Representante de tradiciones ind\u00edgenas en Europa y Asia)<\/li>\n<li>La Prof. Helga Kromp-Kolb (Meteor\u00f3loga y climat\u00f3loga)<\/li>\n<\/ul>\n<p>En las pr\u00f3ximas semanas se esperan las primeras confirmaciones de mezquitas y sinagogas. Un grupo suf\u00ed se ha unido ya a la iniciativa. Las personas ponentes confirmadas hasta el momento pueden consultarse en la p\u00e1gina web.<\/p>\n<p>El evento en Viena ofrecer\u00e1, adem\u00e1s de discursos inspiradores, un impresionante \u00aboc\u00e9ano de luces por la paz\u00bb y un programa musical. Un comprometido equipo organizador de 20 personas voluntarias trabaja ya con gran dedicaci\u00f3n para hacerlo posible.<\/p>\n<p>Con esta acci\u00f3n global de luces, <strong>Caminando por la Paz e.V.<\/strong> quiere dar visibilidad a todas aquellas personas que, movidas por la compasi\u00f3n y la responsabilidad, trabajan por la preservaci\u00f3n de nuestro planeta y por una convivencia pac\u00edfica, con independencia de su religi\u00f3n, origen o cosmovisi\u00f3n.<\/p>\n","protected":false},"excerpt":{"rendered":"<p>La asociaci\u00f3n sin \u00e1nimo de lucro \u00abCaminando por la Paz e.V.\u00bb, hace un llamamiento a personas de todo el mundo para que se sumen el 6 de abril de 2026 (www.wandernfuerdenfrieden.org \/\u00a0\u00a0www.hikingforpeace.org): a una acci\u00f3n conjunta de luces en favor&hellip;<\/p>\n","protected":false},"author":1096,"featured_media":2646824,"comment_status":"closed","ping_status":"closed","sticky":false,"template":"","format":"standard","meta":{"footnotes":""},"categories":[76,11389,78,1243,74],"tags":[393,18826,398,407,124450,816,33435],"class_list":["post-2646821","post","type-post","status-publish","format-standard","has-post-thumbnail","hentry","category-relaciones-exteriores","category-contenido-original","category-medio-ambiente-ecologia","category-paz-desarme","category-politica-es","tag-educacion","tag-exclusion-social","tag-justicia","tag-medio-ambiente","tag-paz-es","tag-pobreza-es","tag-sociedad-civil"],"yoast_head":"<!-- This site is optimized with the Yoast SEO plugin v27.1.1 - https:\/\/yoast.com\/product\/yoast-seo-wordpress\/ -->\n<title>Luces por la Paz en todo el mundo<\/title>\n<meta name=\"description\" content=\"La asociaci\u00f3n sin \u00e1nimo de lucro &quot;Caminando por la Paz e.V.&quot;, hace un llamamiento a personas de todo el mundo para que se sumen el 6 de abril de 2026 \u00danete al Peace Wave Festival el 6 de abril de 2026. Una acci\u00f3n global de luces (velas, hogueras) por la paz, tolerancia y medio ambiente. Reg\u00edstra tu evento o participa. #PeaceWave\" \/>\n<meta name=\"robots\" content=\"index, follow, max-snippet:-1, max-image-preview:large, max-video-preview:-1\" \/>\n<link rel=\"canonical\" href=\"https:\/\/www.pressenza.com\/es\/2025\/10\/luces-por-la-paz-en-todo-el-mundo\/\" \/>\n<meta property=\"og:locale\" content=\"es_ES\" \/>\n<meta property=\"og:type\" content=\"article\" \/>\n<meta property=\"og:title\" content=\"Luces por la Paz en todo el mundo\" \/>\n<meta property=\"og:description\" content=\"La asociaci\u00f3n sin \u00e1nimo de lucro &quot;Caminando por la Paz e.V.&quot;, hace un llamamiento a personas de todo el mundo para que se sumen el 6 de abril de 2026 \u00danete al Peace Wave Festival el 6 de abril de 2026. Una acci\u00f3n global de luces (velas, hogueras) por la paz, tolerancia y medio ambiente. Reg\u00edstra tu evento o participa. #PeaceWave\" \/>\n<meta property=\"og:url\" content=\"https:\/\/www.pressenza.com\/es\/2025\/10\/luces-por-la-paz-en-todo-el-mundo\/\" \/>\n<meta property=\"og:site_name\" content=\"Pressenza\" \/>\n<meta property=\"article:publisher\" content=\"https:\/\/www.facebook.com\/PressenzaItalia\" \/>\n<meta property=\"article:published_time\" content=\"2025-10-21T16:33:12+00:00\" \/>\n<meta property=\"og:image\" content=\"https:\/\/www.pressenza.com\/wp-content\/uploads\/2025\/10\/frieden.webp\" \/>\n\t<meta property=\"og:image:width\" content=\"1000\" \/>\n\t<meta property=\"og:image:height\" content=\"750\" \/>\n\t<meta property=\"og:image:type\" content=\"image\/webp\" \/>\n<meta name=\"author\" content=\"Pressenza Wien\" \/>\n<meta name=\"twitter:card\" content=\"summary_large_image\" \/>\n<meta name=\"twitter:creator\" content=\"@pressenza_ger\" \/>\n<meta name=\"twitter:site\" content=\"@PressenzaIPA\" \/>\n<meta name=\"twitter:label1\" content=\"Escrito por\" \/>\n\t<meta name=\"twitter:data1\" content=\"Pressenza Wien\" \/>\n\t<meta name=\"twitter:label2\" content=\"Tiempo de lectura\" \/>\n\t<meta name=\"twitter:data2\" content=\"3 minutos\" \/>\n<script type=\"application\/ld+json\" class=\"yoast-schema-graph\">{\"@context\":\"https:\/\/schema.org\",\"@graph\":[{\"@type\":\"Article\",\"@id\":\"https:\/\/www.pressenza.com\/es\/2025\/10\/luces-por-la-paz-en-todo-el-mundo\/#article\",\"isPartOf\":{\"@id\":\"https:\/\/www.pressenza.com\/es\/2025\/10\/luces-por-la-paz-en-todo-el-mundo\/\"},\"author\":{\"name\":\"Pressenza Wien\",\"@id\":\"https:\/\/www.pressenza.com\/es\/#\/schema\/person\/3df859e5bf9b19ab936f666e0177e38b\"},\"headline\":\"Luces por la Paz en todo el mundo\",\"datePublished\":\"2025-10-21T16:33:12+00:00\",\"mainEntityOfPage\":{\"@id\":\"https:\/\/www.pressenza.com\/es\/2025\/10\/luces-por-la-paz-en-todo-el-mundo\/\"},\"wordCount\":609,\"publisher\":{\"@id\":\"https:\/\/www.pressenza.com\/es\/#organization\"},\"image\":{\"@id\":\"https:\/\/www.pressenza.com\/es\/2025\/10\/luces-por-la-paz-en-todo-el-mundo\/#primaryimage\"},\"thumbnailUrl\":\"https:\/\/www.pressenza.com\/wp-content\/uploads\/2025\/10\/frieden.webp\",\"keywords\":[\"Educaci\u00f3n\",\"exclusi\u00f3n social\",\"justicia\",\"medio ambiente\",\"Paz\",\"Pobreza\",\"sociedad civil\"],\"articleSection\":[\"Asuntos internacionales\",\"Contenido Original\",\"Ecolog\u00eda y Medio Ambiente\",\"Paz y Desarme\",\"Pol\u00edtica\"],\"inLanguage\":\"es\"},{\"@type\":\"WebPage\",\"@id\":\"https:\/\/www.pressenza.com\/es\/2025\/10\/luces-por-la-paz-en-todo-el-mundo\/\",\"url\":\"https:\/\/www.pressenza.com\/es\/2025\/10\/luces-por-la-paz-en-todo-el-mundo\/\",\"name\":\"Luces por la Paz en todo el mundo\",\"isPartOf\":{\"@id\":\"https:\/\/www.pressenza.com\/es\/#website\"},\"primaryImageOfPage\":{\"@id\":\"https:\/\/www.pressenza.com\/es\/2025\/10\/luces-por-la-paz-en-todo-el-mundo\/#primaryimage\"},\"image\":{\"@id\":\"https:\/\/www.pressenza.com\/es\/2025\/10\/luces-por-la-paz-en-todo-el-mundo\/#primaryimage\"},\"thumbnailUrl\":\"https:\/\/www.pressenza.com\/wp-content\/uploads\/2025\/10\/frieden.webp\",\"datePublished\":\"2025-10-21T16:33:12+00:00\",\"description\":\"La asociaci\u00f3n sin \u00e1nimo de lucro \\\"Caminando por la Paz e.V.\\\", hace un llamamiento a personas de todo el mundo para que se sumen el 6 de abril de 2026 \u00danete al Peace Wave Festival el 6 de abril de 2026. Una acci\u00f3n global de luces (velas, hogueras) por la paz, tolerancia y medio ambiente. Reg\u00edstra tu evento o participa. #PeaceWave\",\"breadcrumb\":{\"@id\":\"https:\/\/www.pressenza.com\/es\/2025\/10\/luces-por-la-paz-en-todo-el-mundo\/#breadcrumb\"},\"inLanguage\":\"es\",\"potentialAction\":[{\"@type\":\"ReadAction\",\"target\":[\"https:\/\/www.pressenza.com\/es\/2025\/10\/luces-por-la-paz-en-todo-el-mundo\/\"]}]},{\"@type\":\"ImageObject\",\"inLanguage\":\"es\",\"@id\":\"https:\/\/www.pressenza.com\/es\/2025\/10\/luces-por-la-paz-en-todo-el-mundo\/#primaryimage\",\"url\":\"https:\/\/www.pressenza.com\/wp-content\/uploads\/2025\/10\/frieden.webp\",\"contentUrl\":\"https:\/\/www.pressenza.com\/wp-content\/uploads\/2025\/10\/frieden.webp\",\"width\":1000,\"height\":750},{\"@type\":\"BreadcrumbList\",\"@id\":\"https:\/\/www.pressenza.com\/es\/2025\/10\/luces-por-la-paz-en-todo-el-mundo\/#breadcrumb\",\"itemListElement\":[{\"@type\":\"ListItem\",\"position\":1,\"name\":\"Accueil\",\"item\":\"https:\/\/www.pressenza.com\/es\/\"},{\"@type\":\"ListItem\",\"position\":2,\"name\":\"Luces por la Paz en todo el mundo\"}]},{\"@type\":\"WebSite\",\"@id\":\"https:\/\/www.pressenza.com\/es\/#website\",\"url\":\"https:\/\/www.pressenza.com\/es\/\",\"name\":\"Pressenza\",\"description\":\"International Press Agency\",\"publisher\":{\"@id\":\"https:\/\/www.pressenza.com\/es\/#organization\"},\"potentialAction\":[{\"@type\":\"SearchAction\",\"target\":{\"@type\":\"EntryPoint\",\"urlTemplate\":\"https:\/\/www.pressenza.com\/es\/?s={search_term_string}\"},\"query-input\":{\"@type\":\"PropertyValueSpecification\",\"valueRequired\":true,\"valueName\":\"search_term_string\"}}],\"inLanguage\":\"es\"},{\"@type\":\"Organization\",\"@id\":\"https:\/\/www.pressenza.com\/es\/#organization\",\"name\":\"Pressenza\",\"url\":\"https:\/\/www.pressenza.com\/es\/\",\"logo\":{\"@type\":\"ImageObject\",\"inLanguage\":\"es\",\"@id\":\"https:\/\/www.pressenza.com\/es\/#\/schema\/logo\/image\/\",\"url\":\"https:\/\/www.pressenza.com\/wp-content\/uploads\/2022\/10\/pressenza_logo_200x200.jpg\",\"contentUrl\":\"https:\/\/www.pressenza.com\/wp-content\/uploads\/2022\/10\/pressenza_logo_200x200.jpg\",\"width\":200,\"height\":200,\"caption\":\"Pressenza\"},\"image\":{\"@id\":\"https:\/\/www.pressenza.com\/es\/#\/schema\/logo\/image\/\"},\"sameAs\":[\"https:\/\/www.facebook.com\/PressenzaItalia\",\"https:\/\/x.com\/PressenzaIPA\"]},{\"@type\":\"Person\",\"@id\":\"https:\/\/www.pressenza.com\/es\/#\/schema\/person\/3df859e5bf9b19ab936f666e0177e38b\",\"name\":\"Pressenza Wien\",\"description\":\"News from the Pressenza Bureau in Vienna, Austria\",\"sameAs\":[\"https:\/\/x.com\/pressenza_ger\"],\"url\":\"https:\/\/www.pressenza.com\/es\/author\/pressenza-wien\/\"}]}<\/script>\n<!-- \/ Yoast SEO plugin. -->","yoast_head_json":{"title":"Luces por la Paz en todo el mundo","description":"La asociaci\u00f3n sin \u00e1nimo de lucro \"Caminando por la Paz e.V.\", hace un llamamiento a personas de todo el mundo para que se sumen el 6 de abril de 2026 \u00danete al Peace Wave Festival el 6 de abril de 2026. Una acci\u00f3n global de luces (velas, hogueras) por la paz, tolerancia y medio ambiente. Reg\u00edstra tu evento o participa. #PeaceWave","robots":{"index":"index","follow":"follow","max-snippet":"max-snippet:-1","max-image-preview":"max-image-preview:large","max-video-preview":"max-video-preview:-1"},"canonical":"https:\/\/www.pressenza.com\/es\/2025\/10\/luces-por-la-paz-en-todo-el-mundo\/","og_locale":"es_ES","og_type":"article","og_title":"Luces por la Paz en todo el mundo","og_description":"La asociaci\u00f3n sin \u00e1nimo de lucro \"Caminando por la Paz e.V.\", hace un llamamiento a personas de todo el mundo para que se sumen el 6 de abril de 2026 \u00danete al Peace Wave Festival el 6 de abril de 2026. Una acci\u00f3n global de luces (velas, hogueras) por la paz, tolerancia y medio ambiente. Reg\u00edstra tu evento o participa. #PeaceWave","og_url":"https:\/\/www.pressenza.com\/es\/2025\/10\/luces-por-la-paz-en-todo-el-mundo\/","og_site_name":"Pressenza","article_publisher":"https:\/\/www.facebook.com\/PressenzaItalia","article_published_time":"2025-10-21T16:33:12+00:00","og_image":[{"width":1000,"height":750,"url":"https:\/\/www.pressenza.com\/wp-content\/uploads\/2025\/10\/frieden.webp","type":"image\/webp"}],"author":"Pressenza Wien","twitter_card":"summary_large_image","twitter_creator":"@pressenza_ger","twitter_site":"@PressenzaIPA","twitter_misc":{"Escrito por":"Pressenza Wien","Tiempo de lectura":"3 minutos"},"schema":{"@context":"https:\/\/schema.org","@graph":[{"@type":"Article","@id":"https:\/\/www.pressenza.com\/es\/2025\/10\/luces-por-la-paz-en-todo-el-mundo\/#article","isPartOf":{"@id":"https:\/\/www.pressenza.com\/es\/2025\/10\/luces-por-la-paz-en-todo-el-mundo\/"},"author":{"name":"Pressenza Wien","@id":"https:\/\/www.pressenza.com\/es\/#\/schema\/person\/3df859e5bf9b19ab936f666e0177e38b"},"headline":"Luces por la Paz en todo el mundo","datePublished":"2025-10-21T16:33:12+00:00","mainEntityOfPage":{"@id":"https:\/\/www.pressenza.com\/es\/2025\/10\/luces-por-la-paz-en-todo-el-mundo\/"},"wordCount":609,"publisher":{"@id":"https:\/\/www.pressenza.com\/es\/#organization"},"image":{"@id":"https:\/\/www.pressenza.com\/es\/2025\/10\/luces-por-la-paz-en-todo-el-mundo\/#primaryimage"},"thumbnailUrl":"https:\/\/www.pressenza.com\/wp-content\/uploads\/2025\/10\/frieden.webp","keywords":["Educaci\u00f3n","exclusi\u00f3n social","justicia","medio ambiente","Paz","Pobreza","sociedad civil"],"articleSection":["Asuntos internacionales","Contenido Original","Ecolog\u00eda y Medio Ambiente","Paz y Desarme","Pol\u00edtica"],"inLanguage":"es"},{"@type":"WebPage","@id":"https:\/\/www.pressenza.com\/es\/2025\/10\/luces-por-la-paz-en-todo-el-mundo\/","url":"https:\/\/www.pressenza.com\/es\/2025\/10\/luces-por-la-paz-en-todo-el-mundo\/","name":"Luces por la Paz en todo el mundo","isPartOf":{"@id":"https:\/\/www.pressenza.com\/es\/#website"},"primaryImageOfPage":{"@id":"https:\/\/www.pressenza.com\/es\/2025\/10\/luces-por-la-paz-en-todo-el-mundo\/#primaryimage"},"image":{"@id":"https:\/\/www.pressenza.com\/es\/2025\/10\/luces-por-la-paz-en-todo-el-mundo\/#primaryimage"},"thumbnailUrl":"https:\/\/www.pressenza.com\/wp-content\/uploads\/2025\/10\/frieden.webp","datePublished":"2025-10-21T16:33:12+00:00","description":"La asociaci\u00f3n sin \u00e1nimo de lucro \"Caminando por la Paz e.V.\", hace un llamamiento a personas de todo el mundo para que se sumen el 6 de abril de 2026 \u00danete al Peace Wave Festival el 6 de abril de 2026. Una acci\u00f3n global de luces (velas, hogueras) por la paz, tolerancia y medio ambiente. Reg\u00edstra tu evento o participa. #PeaceWave","breadcrumb":{"@id":"https:\/\/www.pressenza.com\/es\/2025\/10\/luces-por-la-paz-en-todo-el-mundo\/#breadcrumb"},"inLanguage":"es","potentialAction":[{"@type":"ReadAction","target":["https:\/\/www.pressenza.com\/es\/2025\/10\/luces-por-la-paz-en-todo-el-mundo\/"]}]},{"@type":"ImageObject","inLanguage":"es","@id":"https:\/\/www.pressenza.com\/es\/2025\/10\/luces-por-la-paz-en-todo-el-mundo\/#primaryimage","url":"https:\/\/www.pressenza.com\/wp-content\/uploads\/2025\/10\/frieden.webp","contentUrl":"https:\/\/www.pressenza.com\/wp-content\/uploads\/2025\/10\/frieden.webp","width":1000,"height":750},{"@type":"BreadcrumbList","@id":"https:\/\/www.pressenza.com\/es\/2025\/10\/luces-por-la-paz-en-todo-el-mundo\/#breadcrumb","itemListElement":[{"@type":"ListItem","position":1,"name":"Accueil","item":"https:\/\/www.pressenza.com\/es\/"},{"@type":"ListItem","position":2,"name":"Luces por la Paz en todo el mundo"}]},{"@type":"WebSite","@id":"https:\/\/www.pressenza.com\/es\/#website","url":"https:\/\/www.pressenza.com\/es\/","name":"Pressenza","description":"International Press Agency","publisher":{"@id":"https:\/\/www.pressenza.com\/es\/#organization"},"potentialAction":[{"@type":"SearchAction","target":{"@type":"EntryPoint","urlTemplate":"https:\/\/www.pressenza.com\/es\/?s={search_term_string}"},"query-input":{"@type":"PropertyValueSpecification","valueRequired":true,"valueName":"search_term_string"}}],"inLanguage":"es"},{"@type":"Organization","@id":"https:\/\/www.pressenza.com\/es\/#organization","name":"Pressenza","url":"https:\/\/www.pressenza.com\/es\/","logo":{"@type":"ImageObject","inLanguage":"es","@id":"https:\/\/www.pressenza.com\/es\/#\/schema\/logo\/image\/","url":"https:\/\/www.pressenza.com\/wp-content\/uploads\/2022\/10\/pressenza_logo_200x200.jpg","contentUrl":"https:\/\/www.pressenza.com\/wp-content\/uploads\/2022\/10\/pressenza_logo_200x200.jpg","width":200,"height":200,"caption":"Pressenza"},"image":{"@id":"https:\/\/www.pressenza.com\/es\/#\/schema\/logo\/image\/"},"sameAs":["https:\/\/www.facebook.com\/PressenzaItalia","https:\/\/x.com\/PressenzaIPA"]},{"@type":"Person","@id":"https:\/\/www.pressenza.com\/es\/#\/schema\/person\/3df859e5bf9b19ab936f666e0177e38b","name":"Pressenza Wien","description":"News from the Pressenza Bureau in Vienna, Austria","sameAs":["https:\/\/x.com\/pressenza_ger"],"url":"https:\/\/www.pressenza.com\/es\/author\/pressenza-wien\/"}]}},"place":"","original_article_url":"","_links":{"self":[{"href":"https:\/\/www.pressenza.com\/es\/wp-json\/wp\/v2\/posts\/2646821","targetHints":{"allow":["GET"]}}],"collection":[{"href":"https:\/\/www.pressenza.com\/es\/wp-json\/wp\/v2\/posts"}],"about":[{"href":"https:\/\/www.pressenza.com\/es\/wp-json\/wp\/v2\/types\/post"}],"author":[{"embeddable":true,"href":"https:\/\/www.pressenza.com\/es\/wp-json\/wp\/v2\/users\/1096"}],"replies":[{"embeddable":true,"href":"https:\/\/www.pressenza.com\/es\/wp-json\/wp\/v2\/comments?post=2646821"}],"version-history":[{"count":4,"href":"https:\/\/www.pressenza.com\/es\/wp-json\/wp\/v2\/posts\/2646821\/revisions"}],"predecessor-version":[{"id":2646832,"href":"https:\/\/www.pressenza.com\/es\/wp-json\/wp\/v2\/posts\/2646821\/revisions\/2646832"}],"wp:featuredmedia":[{"embeddable":true,"href":"https:\/\/www.pressenza.com\/es\/wp-json\/wp\/v2\/media\/2646824"}],"wp:attachment":[{"href":"https:\/\/www.pressenza.com\/es\/wp-json\/wp\/v2\/media?parent=2646821"}],"wp:term":[{"taxonomy":"category","embeddable":true,"href":"https:\/\/www.pressenza.com\/es\/wp-json\/wp\/v2\/categories?post=2646821"},{"taxonomy":"post_tag","embeddable":true,"href":"https:\/\/www.pressenza.com\/es\/wp-json\/wp\/v2\/tags?post=2646821"}],"curies":[{"name":"wp","href":"https:\/\/api.w.org\/{rel}","templated":true}]}}