{"id":2645795,"date":"2025-10-16T22:43:21","date_gmt":"2025-10-16T21:43:21","guid":{"rendered":"https:\/\/www.pressenza.com\/?p=2645795"},"modified":"2025-10-16T22:43:21","modified_gmt":"2025-10-16T21:43:21","slug":"sevilla-concentracion-en-el-palacio-de-san-telmo-nuestra-vida-no-puede-esperar","status":"publish","type":"post","link":"https:\/\/www.pressenza.com\/es\/2025\/10\/sevilla-concentracion-en-el-palacio-de-san-telmo-nuestra-vida-no-puede-esperar\/","title":{"rendered":"Sevilla &#8211; Concentraci\u00f3n en el Palacio de San Telmo: nuestra vida no puede esperar"},"content":{"rendered":"<h3 style=\"text-align: center;\"><strong>CONVOCATORIA <\/strong><br \/>\n<strong>Asociaci\u00f3n AMAMA\u00a0<\/strong><\/h3>\n<h4 style=\"text-align: center;\">DOMINGO &#8211; 26 de octubre a las 12:00 en el Palacio de San Telmo<\/h4>\n<p>La <strong>continua privatizaci\u00f3n de los servicios sanitarios en Andaluc\u00eda est\u00e1n poniendo en riesgo la salud y la vida de miles de mujeres<\/strong>. Lo sucedido en cuanto al <strong>cribado del c\u00e1ncer de mama<\/strong>, es uno de los <strong>mayores esc\u00e1ndalos<\/strong> de la sanidad p\u00fablica andaluza.<\/p>\n<p><strong>Llevamos a\u00f1os exigiendo<\/strong> que se mejore el sistema de detecci\u00f3n precoz del c\u00e1ncer de mama a la Consejer\u00eda de Salud y <strong>denunciando los incumplimientos que de manera sistem\u00e1tica se vienen produciendo<\/strong>, sin que ning\u00fan responsable de la Consejer\u00eda haya hecho absolutamente nada. Pero tampoco el Presidente del Gobierno Andaluz, que al parecer, durante a\u00f1os, no se ha enterado de qu\u00e9 pasa en la sanidad andaluza.<\/p>\n<p><strong>El c\u00e1ncer de mama es la primera causa de muerte por tumores en mujeres en Andaluc\u00eda<\/strong>. Algunos estudios advert\u00edan de su mortalidad especialmente en C\u00e1diz, M\u00e1laga, Sevilla, Almer\u00eda, Huelva y C\u00f3rdoba, todas ellas provincias andaluzas con <strong>la tasa de mortalidad superior a la media nacional<\/strong>.<\/p>\n<h3><strong>Nuestras vidas NO pueden esperar<\/strong><\/h3>\n<p><span style=\"color: #ff99cc;\">\ud83c\udf97<\/span>Urge <strong>conocer la dimensi\u00f3n del problema<\/strong> en nuestra comunidad, realiz\u00e1ndose una auditor\u00eda externa, as\u00ed como una comisi\u00f3n de investigaci\u00f3n parlamentaria donde <strong>todas las mujeres afectadas den su testimonio<\/strong>.<\/p>\n<p><span style=\"color: #ff99cc;\">\ud83c\udf97<\/span>Con urgencia ha de realizarse la <strong>confirmaci\u00f3n del diagn\u00f3stico<\/strong> a las mujeres y para ello, han de <strong>ponerse a su disposici\u00f3n todas las pruebas necesarias<\/strong>.<\/p>\n<p><span style=\"color: #ff99cc;\">\ud83c\udf97<\/span>Han de <strong>implantarse<\/strong> con la mayor diligencia <strong>las mejoras en la detecci\u00f3n y prevenci\u00f3n<\/strong> del cribado del c\u00e1ncer de mama.<\/p>\n<p><span style=\"color: #ff99cc;\">\ud83c\udf97<\/span>Tienen que <strong>depurar todas las responsabilidades<\/strong>, adem\u00e1s de <strong>aumentar las dotaciones al sistema p\u00fablico de salud<\/strong> con medios y recursos humanos suficientes.<\/p>\n<p>El tiempo de las declaraciones y las fotos se ha terminado. Las mujeres han confiado en un sistema que las ha defraudado y ha puesto en riesgo sus vidas.<\/p>\n<p>Porque nuestras vidas no pueden esperar, <strong>\u00fanete a nosotras<\/strong>.<\/p>\n","protected":false},"excerpt":{"rendered":"<p>CONVOCATORIA Asociaci\u00f3n AMAMA\u00a0 DOMINGO &#8211; 26 de octubre a las 12:00 en el Palacio de San Telmo La continua privatizaci\u00f3n de los servicios sanitarios en Andaluc\u00eda est\u00e1n poniendo en riesgo la salud y la vida de miles de mujeres. Lo&hellip;<\/p>\n","protected":false},"author":1681,"featured_media":2645797,"comment_status":"closed","ping_status":"closed","sticky":false,"template":"","format":"standard","meta":{"footnotes":""},"categories":[149,54515,106739,1239],"tags":[65938,144629,695,42783,144628],"class_list":["post-2645795","post","type-post","status-publish","format-standard","has-post-thumbnail","hentry","category-comunicados-de-prensa","category-genero-y-feminismos","category-noticia","category-salud","tag-cancer-de-mama","tag-cribado-cancer","tag-movilizacion-social","tag-negligencia-medica","tag-sanidad-publica-andalucia"],"yoast_head":"<!-- This site is optimized with the Yoast SEO plugin v27.1.1 - https:\/\/yoast.com\/product\/yoast-seo-wordpress\/ -->\n<title>Sevilla - Concentraci\u00f3n en el Palacio de San Telmo: nuestra vida no puede esperar<\/title>\n<meta name=\"description\" content=\"CONVOCATORIA Asociaci\u00f3n AMAMA\u00a0 DOMINGO - 26 de octubre a las 12:00 en el Palacio de San Telmo La continua privatizaci\u00f3n de los servicios sanitarios en La Asociaci\u00f3n AMAMA convoca movilizaci\u00f3n el 26 Octubre - 12:00 AM (Palacio San Telmo) para exigir responsabilidades y mejora urgente en el cribado del c\u00e1ncer de mama en Andaluc\u00eda, tras graves fallos detectados. \u00a1Nuestras vidas no pueden esperar!\" \/>\n<meta name=\"robots\" content=\"index, follow, max-snippet:-1, max-image-preview:large, max-video-preview:-1\" \/>\n<link rel=\"canonical\" href=\"https:\/\/www.pressenza.com\/es\/2025\/10\/sevilla-concentracion-en-el-palacio-de-san-telmo-nuestra-vida-no-puede-esperar\/\" \/>\n<meta property=\"og:locale\" content=\"es_ES\" \/>\n<meta property=\"og:type\" content=\"article\" \/>\n<meta property=\"og:title\" content=\"Sevilla - Concentraci\u00f3n en el Palacio de San Telmo: nuestra vida no puede esperar\" \/>\n<meta property=\"og:description\" content=\"CONVOCATORIA Asociaci\u00f3n AMAMA\u00a0 DOMINGO - 26 de octubre a las 12:00 en el Palacio de San Telmo La continua privatizaci\u00f3n de los servicios sanitarios en La Asociaci\u00f3n AMAMA convoca movilizaci\u00f3n el 26 Octubre - 12:00 AM (Palacio San Telmo) para exigir responsabilidades y mejora urgente en el cribado del c\u00e1ncer de mama en Andaluc\u00eda, tras graves fallos detectados. \u00a1Nuestras vidas no pueden esperar!\" \/>\n<meta property=\"og:url\" content=\"https:\/\/www.pressenza.com\/es\/2025\/10\/sevilla-concentracion-en-el-palacio-de-san-telmo-nuestra-vida-no-puede-esperar\/\" \/>\n<meta property=\"og:site_name\" content=\"Pressenza\" \/>\n<meta property=\"article:publisher\" content=\"https:\/\/www.facebook.com\/PressenzaItalia\" \/>\n<meta property=\"article:published_time\" content=\"2025-10-16T21:43:21+00:00\" \/>\n<meta property=\"og:image\" content=\"https:\/\/www.pressenza.com\/wp-content\/uploads\/2025\/10\/Sevilla-Concentracion-San-Telmo-1.jpg\" \/>\n\t<meta property=\"og:image:width\" content=\"1625\" \/>\n\t<meta property=\"og:image:height\" content=\"1376\" \/>\n\t<meta property=\"og:image:type\" content=\"image\/jpeg\" \/>\n<meta name=\"author\" content=\"Redacci\u00f3n Espa\u00f1a\" \/>\n<meta name=\"twitter:card\" content=\"summary_large_image\" \/>\n<meta name=\"twitter:creator\" content=\"@PressenzaIPA\" \/>\n<meta name=\"twitter:site\" content=\"@PressenzaIPA\" \/>\n<meta name=\"twitter:label1\" content=\"Escrito por\" \/>\n\t<meta name=\"twitter:data1\" content=\"Redacci\u00f3n Espa\u00f1a\" \/>\n\t<meta name=\"twitter:label2\" content=\"Tiempo de lectura\" \/>\n\t<meta name=\"twitter:data2\" content=\"2 minutos\" \/>\n<script type=\"application\/ld+json\" class=\"yoast-schema-graph\">{\"@context\":\"https:\/\/schema.org\",\"@graph\":[{\"@type\":\"Article\",\"@id\":\"https:\/\/www.pressenza.com\/es\/2025\/10\/sevilla-concentracion-en-el-palacio-de-san-telmo-nuestra-vida-no-puede-esperar\/#article\",\"isPartOf\":{\"@id\":\"https:\/\/www.pressenza.com\/es\/2025\/10\/sevilla-concentracion-en-el-palacio-de-san-telmo-nuestra-vida-no-puede-esperar\/\"},\"author\":{\"name\":\"Redacci\u00f3n Espa\u00f1a\",\"@id\":\"https:\/\/www.pressenza.com\/es\/#\/schema\/person\/fffbbe2f14495897417f313a954dae23\"},\"headline\":\"Sevilla &#8211; Concentraci\u00f3n en el Palacio de San Telmo: nuestra vida no puede esperar\",\"datePublished\":\"2025-10-16T21:43:21+00:00\",\"mainEntityOfPage\":{\"@id\":\"https:\/\/www.pressenza.com\/es\/2025\/10\/sevilla-concentracion-en-el-palacio-de-san-telmo-nuestra-vida-no-puede-esperar\/\"},\"wordCount\":356,\"publisher\":{\"@id\":\"https:\/\/www.pressenza.com\/es\/#organization\"},\"image\":{\"@id\":\"https:\/\/www.pressenza.com\/es\/2025\/10\/sevilla-concentracion-en-el-palacio-de-san-telmo-nuestra-vida-no-puede-esperar\/#primaryimage\"},\"thumbnailUrl\":\"https:\/\/www.pressenza.com\/wp-content\/uploads\/2025\/10\/Sevilla-Concentracion-San-Telmo-1.jpg\",\"keywords\":[\"c\u00e1ncer de mama\",\"cribado c\u00e1ncer\",\"movilizaci\u00f3n social\",\"negligencia m\u00e9dica\",\"sanidad p\u00fablica Andaluc\u00eda\"],\"articleSection\":[\"Comunicados de Prensa\",\"G\u00e9nero y Feminismos\",\"Noticia\",\"Salud\"],\"inLanguage\":\"es\"},{\"@type\":\"WebPage\",\"@id\":\"https:\/\/www.pressenza.com\/es\/2025\/10\/sevilla-concentracion-en-el-palacio-de-san-telmo-nuestra-vida-no-puede-esperar\/\",\"url\":\"https:\/\/www.pressenza.com\/es\/2025\/10\/sevilla-concentracion-en-el-palacio-de-san-telmo-nuestra-vida-no-puede-esperar\/\",\"name\":\"Sevilla - Concentraci\u00f3n en el Palacio de San Telmo: nuestra vida no puede esperar\",\"isPartOf\":{\"@id\":\"https:\/\/www.pressenza.com\/es\/#website\"},\"primaryImageOfPage\":{\"@id\":\"https:\/\/www.pressenza.com\/es\/2025\/10\/sevilla-concentracion-en-el-palacio-de-san-telmo-nuestra-vida-no-puede-esperar\/#primaryimage\"},\"image\":{\"@id\":\"https:\/\/www.pressenza.com\/es\/2025\/10\/sevilla-concentracion-en-el-palacio-de-san-telmo-nuestra-vida-no-puede-esperar\/#primaryimage\"},\"thumbnailUrl\":\"https:\/\/www.pressenza.com\/wp-content\/uploads\/2025\/10\/Sevilla-Concentracion-San-Telmo-1.jpg\",\"datePublished\":\"2025-10-16T21:43:21+00:00\",\"description\":\"CONVOCATORIA Asociaci\u00f3n AMAMA\u00a0 DOMINGO - 26 de octubre a las 12:00 en el Palacio de San Telmo La continua privatizaci\u00f3n de los servicios sanitarios en La Asociaci\u00f3n AMAMA convoca movilizaci\u00f3n el 26 Octubre - 12:00 AM (Palacio San Telmo) para exigir responsabilidades y mejora urgente en el cribado del c\u00e1ncer de mama en Andaluc\u00eda, tras graves fallos detectados. \u00a1Nuestras vidas no pueden esperar!\",\"breadcrumb\":{\"@id\":\"https:\/\/www.pressenza.com\/es\/2025\/10\/sevilla-concentracion-en-el-palacio-de-san-telmo-nuestra-vida-no-puede-esperar\/#breadcrumb\"},\"inLanguage\":\"es\",\"potentialAction\":[{\"@type\":\"ReadAction\",\"target\":[\"https:\/\/www.pressenza.com\/es\/2025\/10\/sevilla-concentracion-en-el-palacio-de-san-telmo-nuestra-vida-no-puede-esperar\/\"]}]},{\"@type\":\"ImageObject\",\"inLanguage\":\"es\",\"@id\":\"https:\/\/www.pressenza.com\/es\/2025\/10\/sevilla-concentracion-en-el-palacio-de-san-telmo-nuestra-vida-no-puede-esperar\/#primaryimage\",\"url\":\"https:\/\/www.pressenza.com\/wp-content\/uploads\/2025\/10\/Sevilla-Concentracion-San-Telmo-1.jpg\",\"contentUrl\":\"https:\/\/www.pressenza.com\/wp-content\/uploads\/2025\/10\/Sevilla-Concentracion-San-Telmo-1.jpg\",\"width\":1625,\"height\":1376,\"caption\":\"Llevamos a\u00f1os exigiendo que se mejore el sistema de detecci\u00f3n precoz del c\u00e1ncer de mama a la Consejer\u00eda de Salud\"},{\"@type\":\"BreadcrumbList\",\"@id\":\"https:\/\/www.pressenza.com\/es\/2025\/10\/sevilla-concentracion-en-el-palacio-de-san-telmo-nuestra-vida-no-puede-esperar\/#breadcrumb\",\"itemListElement\":[{\"@type\":\"ListItem\",\"position\":1,\"name\":\"Accueil\",\"item\":\"https:\/\/www.pressenza.com\/es\/\"},{\"@type\":\"ListItem\",\"position\":2,\"name\":\"Sevilla &#8211; Concentraci\u00f3n en el Palacio de San Telmo: nuestra vida no puede esperar\"}]},{\"@type\":\"WebSite\",\"@id\":\"https:\/\/www.pressenza.com\/es\/#website\",\"url\":\"https:\/\/www.pressenza.com\/es\/\",\"name\":\"Pressenza\",\"description\":\"International Press Agency\",\"publisher\":{\"@id\":\"https:\/\/www.pressenza.com\/es\/#organization\"},\"potentialAction\":[{\"@type\":\"SearchAction\",\"target\":{\"@type\":\"EntryPoint\",\"urlTemplate\":\"https:\/\/www.pressenza.com\/es\/?s={search_term_string}\"},\"query-input\":{\"@type\":\"PropertyValueSpecification\",\"valueRequired\":true,\"valueName\":\"search_term_string\"}}],\"inLanguage\":\"es\"},{\"@type\":\"Organization\",\"@id\":\"https:\/\/www.pressenza.com\/es\/#organization\",\"name\":\"Pressenza\",\"url\":\"https:\/\/www.pressenza.com\/es\/\",\"logo\":{\"@type\":\"ImageObject\",\"inLanguage\":\"es\",\"@id\":\"https:\/\/www.pressenza.com\/es\/#\/schema\/logo\/image\/\",\"url\":\"https:\/\/www.pressenza.com\/wp-content\/uploads\/2022\/10\/pressenza_logo_200x200.jpg\",\"contentUrl\":\"https:\/\/www.pressenza.com\/wp-content\/uploads\/2022\/10\/pressenza_logo_200x200.jpg\",\"width\":200,\"height\":200,\"caption\":\"Pressenza\"},\"image\":{\"@id\":\"https:\/\/www.pressenza.com\/es\/#\/schema\/logo\/image\/\"},\"sameAs\":[\"https:\/\/www.facebook.com\/PressenzaItalia\",\"https:\/\/x.com\/PressenzaIPA\"]},{\"@type\":\"Person\",\"@id\":\"https:\/\/www.pressenza.com\/es\/#\/schema\/person\/fffbbe2f14495897417f313a954dae23\",\"name\":\"Redacci\u00f3n Espa\u00f1a\",\"url\":\"https:\/\/www.pressenza.com\/es\/author\/redaccion-espana\/\"}]}<\/script>\n<!-- \/ Yoast SEO plugin. -->","yoast_head_json":{"title":"Sevilla - Concentraci\u00f3n en el Palacio de San Telmo: nuestra vida no puede esperar","description":"CONVOCATORIA Asociaci\u00f3n AMAMA\u00a0 DOMINGO - 26 de octubre a las 12:00 en el Palacio de San Telmo La continua privatizaci\u00f3n de los servicios sanitarios en La Asociaci\u00f3n AMAMA convoca movilizaci\u00f3n el 26 Octubre - 12:00 AM (Palacio San Telmo) para exigir responsabilidades y mejora urgente en el cribado del c\u00e1ncer de mama en Andaluc\u00eda, tras graves fallos detectados. \u00a1Nuestras vidas no pueden esperar!","robots":{"index":"index","follow":"follow","max-snippet":"max-snippet:-1","max-image-preview":"max-image-preview:large","max-video-preview":"max-video-preview:-1"},"canonical":"https:\/\/www.pressenza.com\/es\/2025\/10\/sevilla-concentracion-en-el-palacio-de-san-telmo-nuestra-vida-no-puede-esperar\/","og_locale":"es_ES","og_type":"article","og_title":"Sevilla - Concentraci\u00f3n en el Palacio de San Telmo: nuestra vida no puede esperar","og_description":"CONVOCATORIA Asociaci\u00f3n AMAMA\u00a0 DOMINGO - 26 de octubre a las 12:00 en el Palacio de San Telmo La continua privatizaci\u00f3n de los servicios sanitarios en La Asociaci\u00f3n AMAMA convoca movilizaci\u00f3n el 26 Octubre - 12:00 AM (Palacio San Telmo) para exigir responsabilidades y mejora urgente en el cribado del c\u00e1ncer de mama en Andaluc\u00eda, tras graves fallos detectados. \u00a1Nuestras vidas no pueden esperar!","og_url":"https:\/\/www.pressenza.com\/es\/2025\/10\/sevilla-concentracion-en-el-palacio-de-san-telmo-nuestra-vida-no-puede-esperar\/","og_site_name":"Pressenza","article_publisher":"https:\/\/www.facebook.com\/PressenzaItalia","article_published_time":"2025-10-16T21:43:21+00:00","og_image":[{"width":1625,"height":1376,"url":"https:\/\/www.pressenza.com\/wp-content\/uploads\/2025\/10\/Sevilla-Concentracion-San-Telmo-1.jpg","type":"image\/jpeg"}],"author":"Redacci\u00f3n Espa\u00f1a","twitter_card":"summary_large_image","twitter_creator":"@PressenzaIPA","twitter_site":"@PressenzaIPA","twitter_misc":{"Escrito por":"Redacci\u00f3n Espa\u00f1a","Tiempo de lectura":"2 minutos"},"schema":{"@context":"https:\/\/schema.org","@graph":[{"@type":"Article","@id":"https:\/\/www.pressenza.com\/es\/2025\/10\/sevilla-concentracion-en-el-palacio-de-san-telmo-nuestra-vida-no-puede-esperar\/#article","isPartOf":{"@id":"https:\/\/www.pressenza.com\/es\/2025\/10\/sevilla-concentracion-en-el-palacio-de-san-telmo-nuestra-vida-no-puede-esperar\/"},"author":{"name":"Redacci\u00f3n Espa\u00f1a","@id":"https:\/\/www.pressenza.com\/es\/#\/schema\/person\/fffbbe2f14495897417f313a954dae23"},"headline":"Sevilla &#8211; Concentraci\u00f3n en el Palacio de San Telmo: nuestra vida no puede esperar","datePublished":"2025-10-16T21:43:21+00:00","mainEntityOfPage":{"@id":"https:\/\/www.pressenza.com\/es\/2025\/10\/sevilla-concentracion-en-el-palacio-de-san-telmo-nuestra-vida-no-puede-esperar\/"},"wordCount":356,"publisher":{"@id":"https:\/\/www.pressenza.com\/es\/#organization"},"image":{"@id":"https:\/\/www.pressenza.com\/es\/2025\/10\/sevilla-concentracion-en-el-palacio-de-san-telmo-nuestra-vida-no-puede-esperar\/#primaryimage"},"thumbnailUrl":"https:\/\/www.pressenza.com\/wp-content\/uploads\/2025\/10\/Sevilla-Concentracion-San-Telmo-1.jpg","keywords":["c\u00e1ncer de mama","cribado c\u00e1ncer","movilizaci\u00f3n social","negligencia m\u00e9dica","sanidad p\u00fablica Andaluc\u00eda"],"articleSection":["Comunicados de Prensa","G\u00e9nero y Feminismos","Noticia","Salud"],"inLanguage":"es"},{"@type":"WebPage","@id":"https:\/\/www.pressenza.com\/es\/2025\/10\/sevilla-concentracion-en-el-palacio-de-san-telmo-nuestra-vida-no-puede-esperar\/","url":"https:\/\/www.pressenza.com\/es\/2025\/10\/sevilla-concentracion-en-el-palacio-de-san-telmo-nuestra-vida-no-puede-esperar\/","name":"Sevilla - Concentraci\u00f3n en el Palacio de San Telmo: nuestra vida no puede esperar","isPartOf":{"@id":"https:\/\/www.pressenza.com\/es\/#website"},"primaryImageOfPage":{"@id":"https:\/\/www.pressenza.com\/es\/2025\/10\/sevilla-concentracion-en-el-palacio-de-san-telmo-nuestra-vida-no-puede-esperar\/#primaryimage"},"image":{"@id":"https:\/\/www.pressenza.com\/es\/2025\/10\/sevilla-concentracion-en-el-palacio-de-san-telmo-nuestra-vida-no-puede-esperar\/#primaryimage"},"thumbnailUrl":"https:\/\/www.pressenza.com\/wp-content\/uploads\/2025\/10\/Sevilla-Concentracion-San-Telmo-1.jpg","datePublished":"2025-10-16T21:43:21+00:00","description":"CONVOCATORIA Asociaci\u00f3n AMAMA\u00a0 DOMINGO - 26 de octubre a las 12:00 en el Palacio de San Telmo La continua privatizaci\u00f3n de los servicios sanitarios en La Asociaci\u00f3n AMAMA convoca movilizaci\u00f3n el 26 Octubre - 12:00 AM (Palacio San Telmo) para exigir responsabilidades y mejora urgente en el cribado del c\u00e1ncer de mama en Andaluc\u00eda, tras graves fallos detectados. \u00a1Nuestras vidas no pueden esperar!","breadcrumb":{"@id":"https:\/\/www.pressenza.com\/es\/2025\/10\/sevilla-concentracion-en-el-palacio-de-san-telmo-nuestra-vida-no-puede-esperar\/#breadcrumb"},"inLanguage":"es","potentialAction":[{"@type":"ReadAction","target":["https:\/\/www.pressenza.com\/es\/2025\/10\/sevilla-concentracion-en-el-palacio-de-san-telmo-nuestra-vida-no-puede-esperar\/"]}]},{"@type":"ImageObject","inLanguage":"es","@id":"https:\/\/www.pressenza.com\/es\/2025\/10\/sevilla-concentracion-en-el-palacio-de-san-telmo-nuestra-vida-no-puede-esperar\/#primaryimage","url":"https:\/\/www.pressenza.com\/wp-content\/uploads\/2025\/10\/Sevilla-Concentracion-San-Telmo-1.jpg","contentUrl":"https:\/\/www.pressenza.com\/wp-content\/uploads\/2025\/10\/Sevilla-Concentracion-San-Telmo-1.jpg","width":1625,"height":1376,"caption":"Llevamos a\u00f1os exigiendo que se mejore el sistema de detecci\u00f3n precoz del c\u00e1ncer de mama a la Consejer\u00eda de Salud"},{"@type":"BreadcrumbList","@id":"https:\/\/www.pressenza.com\/es\/2025\/10\/sevilla-concentracion-en-el-palacio-de-san-telmo-nuestra-vida-no-puede-esperar\/#breadcrumb","itemListElement":[{"@type":"ListItem","position":1,"name":"Accueil","item":"https:\/\/www.pressenza.com\/es\/"},{"@type":"ListItem","position":2,"name":"Sevilla &#8211; Concentraci\u00f3n en el Palacio de San Telmo: nuestra vida no puede esperar"}]},{"@type":"WebSite","@id":"https:\/\/www.pressenza.com\/es\/#website","url":"https:\/\/www.pressenza.com\/es\/","name":"Pressenza","description":"International Press Agency","publisher":{"@id":"https:\/\/www.pressenza.com\/es\/#organization"},"potentialAction":[{"@type":"SearchAction","target":{"@type":"EntryPoint","urlTemplate":"https:\/\/www.pressenza.com\/es\/?s={search_term_string}"},"query-input":{"@type":"PropertyValueSpecification","valueRequired":true,"valueName":"search_term_string"}}],"inLanguage":"es"},{"@type":"Organization","@id":"https:\/\/www.pressenza.com\/es\/#organization","name":"Pressenza","url":"https:\/\/www.pressenza.com\/es\/","logo":{"@type":"ImageObject","inLanguage":"es","@id":"https:\/\/www.pressenza.com\/es\/#\/schema\/logo\/image\/","url":"https:\/\/www.pressenza.com\/wp-content\/uploads\/2022\/10\/pressenza_logo_200x200.jpg","contentUrl":"https:\/\/www.pressenza.com\/wp-content\/uploads\/2022\/10\/pressenza_logo_200x200.jpg","width":200,"height":200,"caption":"Pressenza"},"image":{"@id":"https:\/\/www.pressenza.com\/es\/#\/schema\/logo\/image\/"},"sameAs":["https:\/\/www.facebook.com\/PressenzaItalia","https:\/\/x.com\/PressenzaIPA"]},{"@type":"Person","@id":"https:\/\/www.pressenza.com\/es\/#\/schema\/person\/fffbbe2f14495897417f313a954dae23","name":"Redacci\u00f3n Espa\u00f1a","url":"https:\/\/www.pressenza.com\/es\/author\/redaccion-espana\/"}]}},"place":"Sevilla","original_article_url":"https:\/\/amama-sevilla.es\/concentracion-26-de-octubre\/","_links":{"self":[{"href":"https:\/\/www.pressenza.com\/es\/wp-json\/wp\/v2\/posts\/2645795","targetHints":{"allow":["GET"]}}],"collection":[{"href":"https:\/\/www.pressenza.com\/es\/wp-json\/wp\/v2\/posts"}],"about":[{"href":"https:\/\/www.pressenza.com\/es\/wp-json\/wp\/v2\/types\/post"}],"author":[{"embeddable":true,"href":"https:\/\/www.pressenza.com\/es\/wp-json\/wp\/v2\/users\/1681"}],"replies":[{"embeddable":true,"href":"https:\/\/www.pressenza.com\/es\/wp-json\/wp\/v2\/comments?post=2645795"}],"version-history":[{"count":2,"href":"https:\/\/www.pressenza.com\/es\/wp-json\/wp\/v2\/posts\/2645795\/revisions"}],"predecessor-version":[{"id":2645801,"href":"https:\/\/www.pressenza.com\/es\/wp-json\/wp\/v2\/posts\/2645795\/revisions\/2645801"}],"wp:featuredmedia":[{"embeddable":true,"href":"https:\/\/www.pressenza.com\/es\/wp-json\/wp\/v2\/media\/2645797"}],"wp:attachment":[{"href":"https:\/\/www.pressenza.com\/es\/wp-json\/wp\/v2\/media?parent=2645795"}],"wp:term":[{"taxonomy":"category","embeddable":true,"href":"https:\/\/www.pressenza.com\/es\/wp-json\/wp\/v2\/categories?post=2645795"},{"taxonomy":"post_tag","embeddable":true,"href":"https:\/\/www.pressenza.com\/es\/wp-json\/wp\/v2\/tags?post=2645795"}],"curies":[{"name":"wp","href":"https:\/\/api.w.org\/{rel}","templated":true}]}}