{"id":2645734,"date":"2025-10-16T19:08:18","date_gmt":"2025-10-16T18:08:18","guid":{"rendered":"https:\/\/www.pressenza.com\/?p=2645734"},"modified":"2025-10-16T19:08:18","modified_gmt":"2025-10-16T18:08:18","slug":"el-orden-internacional-ha-terminado-ahora-brasil","status":"publish","type":"post","link":"https:\/\/www.pressenza.com\/es\/2025\/10\/el-orden-internacional-ha-terminado-ahora-brasil\/","title":{"rendered":"El orden internacional ha terminado. \u00bfAhora, Brasil?"},"content":{"rendered":"<p>La oportunidad de una nueva pol\u00edtica exterior brasile\u00f1a frente a los escombros de Gaza<\/p>\n<p>En una entrevista con una televisi\u00f3n brasile\u00f1a, horas despu\u00e9s del ataque ilegal y no provocado de Estados Unidos contra las instalaciones nucleares iran\u00edes, el ex ministro de Relaciones Exteriores de Brasil, ex ministro de Defensa y actual asesor especial de la presidencia para asuntos internacionales, <a href=\"https:\/\/www.brasildefato.com.br\/2025\/10\/10\/amorim-diz-que-nobel-para-corina-priorizou-politica-mas-espera-que-nao-facilite-intervencao-na-venezuela\/\">Celso Amorim<\/a>, decret\u00f3, en un tono agitado, inusual para su personalidad: \u201c\u00a1El orden internacional ha terminado! Sea desde el punto de vista del comercio, o desde el punto de vista de la paz y la seguridad. Vamos a tener que adaptarnos a eso, y no va a ser f\u00e1cil\u201d.<\/p>\n<p>Cuando lanz\u00f3 esta oscura reflexi\u00f3n en vivo en la televisi\u00f3n, Amorim no imagin\u00f3 que Brasil ser\u00eda una de las pr\u00f3ximas v\u00edctimas del \u201cfin del orden internacional\u201d. D\u00edas despu\u00e9s del ataque criminal contra Ir\u00e1n, en el primer d\u00eda de la Cumbre de R\u00edo, Trump amenaz\u00f3 a los pa\u00edses miembros del BRICS con aranceles adicionales del 10% si estaban involucrados en presuntas \u201ciniciativas antiamericanas\u201d, sin aclarar de qu\u00e9 se trataba.<\/p>\n<p>El ataque de Trump ha ganado titulares en todo el mundo para una cumbre cuya importancia hab\u00eda sido cuestionada por los medios corporativos occidentales, que a menudo subestiman al grupo, principalmente por la ausencia de algunos de los principales jefes de estado, como Xi Jinping, Vladimir Putin y Masoud Pezeshkian. Pero para varios analistas, la amenaza de Trump fue una se\u00f1al de que los avances de Brics, aunque limitados, preocupan a la Casa Blanca.<\/p>\n<p>Dos d\u00edas despu\u00e9s de que terminara la cumbre, Trump devolvi\u00f3 su \u201cca\u00f1\u00f3n arancelario\u201d a Brasilia. Aunque Estados Unidos ha logrado un super\u00e1vit con Brasil de alrededor de 410 mil millones de d\u00f3lares en los \u00faltimos 15 a\u00f1os, lo que desarma el argumento recurrente de que Washington est\u00e1 imponiendo aranceles para revertir los d\u00e9ficits comerciales, Trump ha impuesto aranceles del 50% a los productos brasile\u00f1os.<\/p>\n<p>Para entonces, sin embargo, ya est\u00e1 claro que Trump est\u00e1 utilizando los aranceles para atacar al presidente Lula y a la Suprema Corte Federal (STF), en un c\u00e1lculo que tiene en cuenta las elecciones presidenciales de 2026. Washington tambi\u00e9n invoc\u00f3 la Ley Magnitsky, que prev\u00e9 sanciones a personas vinculadas al tr\u00e1fico de drogas y el terrorismo, para castigar a algunos miembros de la Corte Suprema de Brasil.<\/p>\n<p>El presidente estadounidense expuso las principales razones de su ataque a Brasil: exige que Lula suspenda el juicio del ex presidente Jair Bolsonaro, sentenciado a 27 a\u00f1os de prisi\u00f3n por organizar un intento de golpe de Estado en enero de 2023, como si la presidencia tuviera autoridad sobre el STF.<\/p>\n<p>Trump tambi\u00e9n acusa al STF de faltar al respeto a la \u201clibertad de expresi\u00f3n\u201d de las empresas e individuos estadounidenses, ya que el poder judicial brasile\u00f1o ha tratado leg\u00edtimamente de regular las plataformas de redes sociales. En ambos casos, el ministro supremo Alexandre de Moraes est\u00e1 liderando el proceso y se ha convertido en el mayor objetivo de las sanciones de Estados Unidos. Tambi\u00e9n se rumorea que Trump estar\u00eda tratando de golpear a los principales pa\u00edses del BRICS para debilitar al grupo y estar\u00eda mirando la segunda reserva de tierras raras m\u00e1s grande del mundo, ubicada en Brasil. Por lo tanto, estos ataques tendr\u00edan el objetivo de iniciar negociaciones con el gobierno brasile\u00f1o sobre temas que a\u00fan no se han revelado.<\/p>\n<p>Este es el mayor ataque p\u00fablico estadounidense contra la soberan\u00eda brasile\u00f1a, ya que trasciende el conflicto comercial y hace uso de los aranceles como arma pol\u00edtica para la interferencia en los sistemas pol\u00edticos, judiciales y financieros del pa\u00eds. En la pr\u00e1ctica, Washington impuso sanciones a Brasil. Incre\u00edblemente, a la articulaci\u00f3n de tales ataques asisti\u00f3 el diputado federal Eduardo Bolsonaro, el hijo del ex presidente, quien huy\u00f3 a los Estados Unidos por temor a ser procesado y se ha estado reuniendo con funcionarios en torno a Trump para conspirar contra su propio pa\u00eds. Esta maniobra estadounidense pidi\u00f3 un cambio de direcci\u00f3n de la pol\u00edtica exterior brasile\u00f1a y oblig\u00f3 al presidente Lula e Itamaraty a reposicionarse frente al escenario geopol\u00edtico global.<\/p>\n<p><strong>\u00bfPor qu\u00e9 Brasil no ha vuelto a la posici\u00f3n central de la geopol\u00edtica?<\/strong><\/p>\n<p>El regreso de Lula da Silva al poder en 2023 gener\u00f3 una gran expectativa de la reanudaci\u00f3n de la audacia que caracteriz\u00f3 su pol\u00edtica exterior en los dos primeros mandatos. Poco despu\u00e9s de ser elegido en octubre de 2022, Lula anunci\u00f3: \u201cBrasil ha regresado\u201d, lo que significa que est\u00e1bamos de vuelta en el juego de la pol\u00edtica global. Sin embargo, esto no ha estado sucediendo hasta ahora, por varias razones.<\/p>\n<p>En primer lugar, vivimos en un escenario global cada vez m\u00e1s turbulento, con la escalada de los ataques occidentales contra China y Rusia, a trav\u00e9s de sanciones, guerras de medios y una guerra caliente, el genocidio perpetrado por los sionistas en Palestina y apoyado por los Estados Unidos, as\u00ed como una profunda polarizaci\u00f3n pol\u00edtica en Am\u00e9rica Latina y el Caribe con el surgimiento de la extrema derecha, fuertemente conectado con los intereses de Washington. Un escenario muy diferente de los gobiernos de Lula y Dilma Rousseff (2003-2016).<\/p>\n<p>El tercer mandato de Lula en pol\u00edtica exterior fue denominado \u201csin alineaci\u00f3n activa\u201d y trat\u00f3 de marcar una \u201cequidistancia\u201d entre las dos principales potencias globales, Estados Unidos y China. Se hab\u00eda caracterizado por 1) postura defensiva-reactiva y pasos cautelosos, 2) incapacidad \u2013 hasta ahora \u2013 para liderar una reorganizaci\u00f3n efectiva de las dos principales plataformas regionales (Unasur y Celac) que Brasilia ayud\u00f3 a crear en la d\u00e9cada de 2000, 3) una participaci\u00f3n t\u00edmida en los BRICS, de la que hab\u00eda sido la protagonista en los primeros a\u00f1os de su existencia \u2013 y 4) una dificultad de proponer asociaciones estrat\u00e9gicas que aportaron beneficios econ\u00f3micos y pol\u00edticos a Brasil.<\/p>\n<p>La mayor apuesta del gobierno, hasta entonces, ha sido el Acuerdo de Libre Comercio de la Uni\u00f3n Europea del Mercosur, que numerosos analistas serios en el pa\u00eds, como Paulo Nogueira Batista Jr., ya han demostrado que beneficiar\u00e1 a la industria europea mucho m\u00e1s que las econom\u00edas del Mercosur y, sobre todo, socavar\u00e1 los esfuerzos de reindustrializaci\u00f3n de Brasil. En numerosas declaraciones p\u00fablicas, el gobierno siempre insiste en la \u201cimportancia geopol\u00edtica\u201d de este acuerdo, pero a menudo evita debatir su car\u00e1cter econ\u00f3mico, al menos, controvertido. Incluso el ministro de Econom\u00eda, Fernando Haddad, ya ha declarado que no ve grandes ventajas econ\u00f3micas en el acuerdo.<\/p>\n<p>Existen otros elementos objetivos y subjetivos que explican el cambio de car\u00e1cter de la pol\u00edtica exterior brasile\u00f1a de \u201cLula 3\u201d. Empecemos por lo subjetivo. A diferencia de los mandatos anteriores de Lula y Dilma Roussef (2003-2016), en los que el PT, inclinado a la integraci\u00f3n latinoamericana y la construcci\u00f3n de los BRICS, pose\u00eda un mayor peso en la direcci\u00f3n del gobierno, el mandato actual de Lula se constituy\u00f3 como un \u201cgran frente\u201d para derrotar a la extrema derecha en las elecciones de 2022, incluidos los partidos de centro-derecha con v\u00ednculos econ\u00f3micos y preferencias ideol\u00f3gicas de Estados Unidos y Europa.<\/p>\n<p>Adem\u00e1s, el presidente Lula ya no tiene dos cuadros brillantes de su pol\u00edtica exterior en el pasado: Marco Aur\u00e9lio Garc\u00eda, asesor especial de relaciones internacionales de la presidencia (el mismo puesto actual de Celso Amorim) y Samuel Pinheiro Guimar\u00e3es, ex secretario general de Itamaraty, ambos recientemente fallecidos. Marco Aurelio ten\u00eda una ventaja importante: no era una pintura del Itamaraty, por lo que pod\u00eda actuar como \u201calguien de afuera\u201d. En situaciones m\u00e1s complejas pol\u00edticamente, ten\u00eda m\u00e1s autonom\u00eda para actuar. Fue secretario de Relaciones Internacionales del Partido de los Trabajadores durante mucho tiempo, ten\u00eda la plena confianza de Lula y Dilma, y llev\u00f3 consigo una vasta red de relaciones pol\u00edticas, especialmente en Am\u00e9rica Latina.<\/p>\n<p>Todav\u00eda tenemos a Celso Amorim, conocido como un excelente negociador, uno de los arquitectos de la formaci\u00f3n de los Brics y hoy uno de los protagonistas no solo de la pol\u00edtica exterior brasile\u00f1a, sino de todo el Sur Global. Sin embargo, el \u201ctr\u00edo de sue\u00f1os\u201d \u2013 dirigido por el canciller Amorim en el pasado \u2013 es necesario en la construcci\u00f3n de la estrategia del presidente Lula, y en su operaci\u00f3n diaria.<\/p>\n<p>\u00bfQu\u00e9 pasa con los aspectos objetivos de los cambios de pol\u00edtica exterior de Lula?<\/p>\n<p><strong>La pol\u00edtica exterior no se hace solo con el gog\u00f3<\/strong><\/p>\n<p>Por su car\u00e1cter de mayor potencia regional, que representa alrededor del 40% de la econom\u00eda de la regi\u00f3n, la prioridad de la pol\u00edtica exterior brasile\u00f1a solo puede ser la integraci\u00f3n de Am\u00e9rica Latina y el Caribe. Por lo tanto, durante los gobiernos de Lula y Dilma, Brasilia dedic\u00f3 mucha energ\u00eda a la articulaci\u00f3n de Unasur y la CELAC, una alternativa a la Organizaci\u00f3n de los Estados Americanos, controlada por Washington durante d\u00e9cadas y que sirvi\u00f3 como instrumento de legitimaci\u00f3n de numerosos golpes de Estado respaldados por Estados Unidos. Uno de los elementos que hizo posible la CELAC fue la afinidad pol\u00edtico-ideol\u00f3gica de la llamada \u201cola rosa\u201d de los gobiernos progresistas de Am\u00e9rica Latina de la d\u00e9cada de 2000: Brasil, Argentina, Uruguay, Paraguay, Venezuela, Bolivia, Ecuador y Cuba formaron un bloque hegem\u00f3nico, que ayud\u00f3 a traer m\u00e1s gobiernos correctos, como Chile, Colombia y M\u00e9xico.<\/p>\n<p>Pero la pol\u00edtica exterior no solo se hace con discursos y afinidades ideol\u00f3gicas, sino que tambi\u00e9n requiere materialidad. Por lo tanto, el Brasil contribuy\u00f3 con importantes recursos a la pol\u00edtica de integraci\u00f3n de Am\u00e9rica Latina y el Caribe. Fuimos responsables de una especie de \u201cmini Nueva Ruta de la Seda avant la lettre\u201d, con una metodolog\u00eda similar a la que China pronto ejecutar\u00eda con tanto \u00e9xito a\u00f1os despu\u00e9s (con cien veces m\u00e1s recursos). Es decir, fue una pol\u00edtica exterior extremadamente innovadora en el Sur Global.<\/p>\n<p>Por un lado, entre 2007 y 2015, el Banco Nacional de Desarrollo Econ\u00f3mico y Social (BNDES) fue responsable de m\u00e1s de 10 mil millones de d\u00f3lares en financiamiento de proyectos de infraestructura en numerosos pa\u00edses de la regi\u00f3n (Argentina, Venezuela, Per\u00fa, Uruguay, Rep\u00fablica Dominicana, Ecuador, Cuba, Guatemala, M\u00e9xico, Paraguay, Honduras, Costa Rica), adem\u00e1s de Angola, Ghana y Mozambique. Por otro lado, los puertos, los ferrocarriles, los aeropuertos, las carreteras, los oleoductos, los subterr\u00e1neos, fueron construidos por las grandes empresas de construcci\u00f3n brasile\u00f1as. De esta manera, Brasil no solo predic\u00f3 la integraci\u00f3n, sino que la practic\u00f3, mejorando la infraestructura de la regi\u00f3n, acumulando capital pol\u00edtico y garantizando beneficios para sus empresas.<\/p>\n<p>Pero fueron precisamente estas empresas de construcci\u00f3n, adem\u00e1s de Petrobr\u00e1s, la mayor empresa estatal brasile\u00f1a, los mayores objetivos de la Operaci\u00f3n Lava Jato, que investigaron casos de corrupci\u00f3n y causaron un terremoto pol\u00edtico en Brasil, lo que result\u00f3 en la detenci\u00f3n de numerosos pol\u00edticos y empresarios, creando las condiciones para el golpe parlamentario de la presidenta Dilma Rousseff y el arresto del presidente Lula y su exclusi\u00f3n de las elecciones de 2018, para lo cual fue un favorito. Bajo el pretexto de la lucha contra la corrupci\u00f3n, contra la que nadie puede estar en contra, y articulada con los principales medios de comunicaci\u00f3n corporativos, Lava Jato, en lugar de castigar solo a los directores y propietarios de los megaconstructores brasile\u00f1os, decidi\u00f3 destruir aquellas empresas que eran instrumentos estrat\u00e9gicos tanto para la econom\u00eda brasile\u00f1a como para su pol\u00edtica exterior.<\/p>\n<p>Despu\u00e9s del tsunami pol\u00edtico, y con numerosas investigaciones a\u00fan en marcha, hoy est\u00e1 completamente documentado que Lava Jato, bajo el liderazgo del entonces juez y ahora senador Sergio Moro, era un instrumento de la ley, que ten\u00eda la direcci\u00f3n y el apoyo del FBI y el Departamento de Justicia de los Estados Unidos, dados los intereses imperialistas de Washington.<\/p>\n<p>La pol\u00edtica exterior brasile\u00f1a, \u201caltivamente y activa\u201d, que comenz\u00f3 a elevar a Brasil a un liderazgo sin precedentes en la regi\u00f3n, y la proyect\u00f3 a nivel mundial como protagonista del ascenso del Sur Global, profundamente disgustado por la Casa Blanca, que ve a la regi\u00f3n como su patio trasero. Si, por un lado, las empresas de construcci\u00f3n brasile\u00f1as, que ya ganaban la competencia con sus pares estadounidenses, fueron destruidas, por otro, el BNDES necesitaba ser neutralizado. Cuando asumi\u00f3 la presidencia despu\u00e9s del golpe contra Dilma, el vicepresidente Michel Temer envi\u00f3 un proyecto al Congreso Nacional que proh\u00edbe al BNDES financiar proyectos en el extranjero. As\u00ed, la continuidad de la \u201cmini Nueva Ruta de la Seda\u201d brasile\u00f1a se hizo inviable, despidi\u00e9ndose de la materialidad de la pol\u00edtica exterior de Lula y Dilma.<\/p>\n<p>Hemos sido el objetivo de una de las operaciones de guerra h\u00edbrida m\u00e1s grandes de la historia, operadas por la administraci\u00f3n Obama-Biden, que nos ha costado muy caro, econ\u00f3mica y pol\u00edticamente. En pol\u00edtica, hizo espacio para el ascenso de la extrema derecha y la elecci\u00f3n de Jair Bolsonaro en 2018, absolutamente servil de los intereses de Washington, simbolizado en la famosa escena en la que el ex presidente abofete\u00f3 la continencia por la bandera estadounidense. Bolsonaro devast\u00f3 el estado brasile\u00f1o con su pol\u00edtica hiperneoliberal y Brasil se convirti\u00f3 en un enano en la pol\u00edtica exterior. Para Washington, misi\u00f3n cumplida. Pero tom\u00f3 a\u00f1os, y la pirater\u00eda de una cuenta de Telegram por parte del jefe de los fiscales de Car Wash, para hacer evidente la participaci\u00f3n de Estados Unidos en la Operaci\u00f3n Lava Jato. En este sentido, la pol\u00edtica exterior dem\u00f3crata Neocon demostr\u00f3 ser sofisticada y eficiente, a diferencia de la actual estrategia Trumpista, que no disfraza su vocaci\u00f3n imperialista.<\/p>\n<p><strong>El tiro en el pie de Trump y el giro de la pol\u00edtica exterior brasile\u00f1a<\/strong><\/p>\n<p>La reciente ofensiva de Trump contra Brasil cambi\u00f3 por completo las piezas brasile\u00f1as. La defensa de la soberan\u00eda nacional \u2013 y las instituciones brasile\u00f1as \u2013 se convirti\u00f3 en un punto de honor para el gobierno y Lula comenz\u00f3 a apostar por los discursos casi cotidianos para enfrentar las agresiones estadounidenses. En uno de sus discursos m\u00e1s contundentes, dijo que \u201cTrump fue elegido para ser presidente de los Estados Unidos, no fue elegido para ser emperador del mundo\u201d. Pocas cosas dejan a Lula m\u00e1s a gusto pol\u00edticamente que un adversario que enfrentar. Desde entonces, su popularidad, que hab\u00eda estado cayendo lentamente, ha vuelto a subir en Brasil y en el mundo.<\/p>\n<p>Fue la portada del New York Times, como \u201cel hombre que enfrenta a Donald Trump\u201d. Brasilia, que hab\u00eda estado tratando de mantener una cierta \u201cequidistancia\u201d entre Estados Unidos y China, y prefiri\u00f3 no apostar tantas fichas en los BRICS como en el pasado, comenz\u00f3 a tener una postura mucho m\u00e1s proactiva y se reconect\u00f3 con el grupo que ayud\u00f3 a fundar en 2009. Los BRICS parecen volver a ser la prioridad del gobierno de nuevo. Lula hizo numerosas llamadas telef\u00f3nicas a Xi, Putin y Modi y articul\u00f3 una rara cumbre en l\u00ednea del grupo para discutir las respuestas a los ataques de la Casa Blanca.<\/p>\n<p>Aunque las exportaciones brasile\u00f1as a los Estados Unidos solo hoy representan el 12% de nuestro comercio internacional, siguen siendo el mayor destino de nuestras manufacturas y nuestra mayor fuente de inversi\u00f3n extranjera directa, con casi el 30% del stock total de inversiones. Trump ha bajado del 50 por ciento al 10 por ciento de los aranceles de alrededor de 700 productos, incluidos el jugo de naranja, la celulosa, los fertilizantes, los aviones y sus (Embraer) partes y productos metal\u00fargicos intermedios. Seg\u00fan estimaciones del gobierno, solo alrededor del 36% de las exportaciones brasile\u00f1as se ver\u00e1n afectadas por el arancel m\u00e1ximo. Por un lado, Brasilia mantiene la l\u00ednea de proponer negociaciones con Washington.<\/p>\n<p>Despu\u00e9s de la \u201cqu\u00edmica\u201d de la breve reuni\u00f3n de Lula y Trump en la ONU, seguida de numerosas negociaciones entre bastidores, en canales formales e informales, el presidente estadounidense parece haber retrocedido y se espera que se re\u00fana con Lula pronto. En la disputa interna en Washington, el empresario pragm\u00e1tico que tiene la confianza de Trump, Richard Gellner, parece haber ganado temporalmente la ca\u00edda del brazo con el truculento secretario de Estado Marco Rubio, quien ve a Lula como un oponente ideol\u00f3gico. Por otro lado, el orden ahora es acelerar la diversificaci\u00f3n de las asociaciones econ\u00f3micas, para disminuir la influencia de los Estados Unidos. Como dijo recientemente Celso Amorim, \u201cla diversificaci\u00f3n es el nuevo nombre de la independencia\u201d. Brasil ha aumentado sus exportaciones a China y busca acercarse a otros socios del BRICS.<\/p>\n<p>A finales de octubre, Lula realizar\u00e1 una visita de Estado sin precedentes a Indonesia y luego asistir\u00e1, por primera vez, a la Cumbre de la ASEAN en Malasia. De hecho, podr\u00eda haber una reuni\u00f3n con Trump. Seg\u00fan una fuente, que fue testigo de la visita de estado del presidente indonesio Prabowo Subianto dos d\u00edas despu\u00e9s de la Cumbre de R\u00edo de Janeiro, hubo un \u201cpartido\u201d entre ambos y la asociaci\u00f3n entre la s\u00e9ptima y octava econom\u00eda m\u00e1s grande del mundo (por paridad de poder adquisitivo) podr\u00eda despegar despu\u00e9s de esa visita. En las \u00faltimas semanas, Brasil tambi\u00e9n ha anunciado importantes acuerdos econ\u00f3micos con M\u00e9xico, resultado de una visita de varios ministros encabezada por el vicepresidente Geraldo Alckmin a la segunda econom\u00eda m\u00e1s grande de la regi\u00f3n, que tambi\u00e9n ha estado sufriendo ataques estadounidenses. Lula tambi\u00e9n fue invitada a la India y debe visitar Narendra Modi en febrero, un acercamiento sin precedentes del mercado con Nueva Delhi, que es la presidencia de los BRICS el pr\u00f3ximo a\u00f1o. De hecho, solo India ha recibido aranceles (o sanciones) y ataques p\u00fablicos por parte de funcionarios estadounidenses tan agresivos como los de Brasil, por comprar petr\u00f3leo ruso (algo que la UE, China y Turqu\u00eda tambi\u00e9n hacen, sin embargo, sin ser castigados por la Casa Blanca). El acercamiento entre Nueva Delhi y Beijing ha sido hasta ahora la consecuencia m\u00e1s relevante de los ataques estadounidenses contra su hist\u00f3rico socio del sur de Asia.<\/p>\n<p>En la din\u00e1mica actual de la disputa geopol\u00edtica cada vez m\u00e1s feroz, cuando Trump se pone en marcha para el ataque a otros pa\u00edses, debilita los sectores de la \u00e9lite local aliados a los Estados Unidos y fortalece los sectores cuyos intereses se vinculan con China, Rusia o los BRICS. Este es un movimiento similar al de China (desde 2017) y Rusia (desde 2014 y, a\u00fan m\u00e1s, desde 2022), en el que los sectores locales pro-occidentales se han debilitado gracias a las agresiones estadounidenses. Por lo tanto, cuando Trump comenz\u00f3 la \u201cGuerra Comercial\u201d e inaugur\u00f3 las primeras sanciones contra el sector de alta tecnolog\u00eda del pa\u00eds asi\u00e1tico (Huawei y ZTE) en su primer mandato, gan\u00f3 un apodo en China.<\/p>\n<p>Tal ofensiva mostr\u00f3 al gobierno chino y al pueblo que Estados Unidos ya no era un socio confiable, comenz\u00f3 a convertirse en un adversario y que, por lo tanto, era necesario acelerar el desarrollo tecnol\u00f3gico del pa\u00eds, que ya no pod\u00eda depender de productos de alta tecnolog\u00eda de empresas estadounidenses, como los chips, por ejemplo. Los chinos vinieron a llamarlo Chuan Ji\u00e0n Gu\u00f3. Chuan es la pronunciaci\u00f3n china de Trump, Ji\u00e0n significa \u201cconstructor\u201d y Gu\u00f3 es \u201cnaci\u00f3n\u201d. Eso es, \u201cTrump, constructor de la naci\u00f3n\u201d&#8230; \u00a1Chino!<\/p>\n<p>\u00bfLos ataques actuales del presidente de Estados Unidos ayudar\u00e1n a construir la naci\u00f3n brasile\u00f1a, o incluso los BRICS? Como dijo una frase atribuida a Napole\u00f3n: \u201cUno no debe interrumpir a un enemigo cuando est\u00e1 cometiendo un error\u201d. Sin embargo, los desaf\u00edos de Brasil para la reanudaci\u00f3n de una pol\u00edtica exterior \u201caltivamente y activa\u201d siguen siendo enormes, como se mencion\u00f3 anteriormente. Por ejemplo, ser\u00eda necesario reconstruir nuestra capacidad para financiar y construir proyectos de infraestructura en Am\u00e9rica Latina y el Caribe. Con tal polarizaci\u00f3n pol\u00edtica en la regi\u00f3n, la integraci\u00f3n econ\u00f3mica desempe\u00f1ar\u00e1 un papel a\u00fan m\u00e1s importante, y quiz\u00e1s la \u00fanica forma realista de recuperar el hilo hist\u00f3rico perturbado de la integraci\u00f3n regional.<\/p>\n<p>El presidente Lula ya ha enviado un proyecto de ley al Congreso para que el BNDES pueda reanudar la financiaci\u00f3n de proyectos en el extranjero. Sin embargo, los una vez poderosos constructores brasile\u00f1os a\u00fan no se han recuperado y ahora tendr\u00e1n que competir con sus hom\u00f3logos chinos. Sobre todo, carecemos de un proyecto nacional popular, capaz de sellar un pacto estrat\u00e9gico entre sectores de la \u00e9lite interesados en la reindustrializaci\u00f3n del pa\u00eds y los sectores populares, mediados por un estado que sea capaz de liderar un proyecto de desarrollo soberano.<\/p>\n<p>Al final, independientemente del resultado de las eventuales negociaciones entre Brasil y los Estados Unidos, el poderoso discurso del presidente Lula en la <a href=\"https:\/\/www.brasildefato.com.br\/2025\/09\/23\/acompanhe-lula-e-o-primeiro-a-discursar-na-80a-assembleia-geral-da-onu\/\">80a Asamblea General de la ONU<\/a> se hizo eco de una frase inquietante en todo el mundo: \u201cAll\u00ed (en Gaza), bajo toneladas de escombros, decenas de miles de mujeres y ni\u00f1os inocentes est\u00e1n enterrados. Tambi\u00e9n est\u00e1 el entierro del derecho internacional humanitario y el mito de la superioridad \u00e9tica de Occidente\u201d. \u00bfQu\u00e9 pol\u00edtica exterior brasile\u00f1a (y el Sur Global) surgir\u00e1n ante esta verdad irrefutable? Esta es quiz\u00e1s la cuesti\u00f3n geopol\u00edtica m\u00e1s importante del siglo XXI.<\/p>\n<p>&nbsp;<\/p>\n<p>*Marco Fernandes es miembro del Consejo Popular de los BRICS, analista geopol\u00edtico de Brasil de Fato, editor de la revista Wenhua Zongheng International. Vive en Mosc\u00fa.<\/p>\n<p>Este art\u00edculo es una publicaci\u00f3n conjunta de Valdai Club y Brasil de Fato<\/p>\n","protected":false},"excerpt":{"rendered":"<p>La oportunidad de una nueva pol\u00edtica exterior brasile\u00f1a frente a los escombros de Gaza En una entrevista con una televisi\u00f3n brasile\u00f1a, horas despu\u00e9s del ataque ilegal y no provocado de Estados Unidos contra las instalaciones nucleares iran\u00edes, el ex ministro&hellip;<\/p>\n","protected":false},"author":44,"featured_media":2645735,"comment_status":"closed","ping_status":"closed","sticky":false,"template":"","format":"standard","meta":{"footnotes":""},"categories":[76,161,74,67],"tags":[2749,24680],"class_list":["post-2645734","post","type-post","status-publish","format-standard","has-post-thumbnail","hentry","category-relaciones-exteriores","category-opiniones","category-politica-es","category-sudamerica","tag-brasil-es","tag-luis-ignacio-da-silva"],"yoast_head":"<!-- This site is optimized with the Yoast SEO plugin v27.1.1 - https:\/\/yoast.com\/product\/yoast-seo-wordpress\/ -->\n<title>El orden internacional ha terminado. \u00bfAhora, Brasil?<\/title>\n<meta name=\"description\" content=\"La oportunidad de una nueva pol\u00edtica exterior brasile\u00f1a frente a los escombros de Gaza En una entrevista con una televisi\u00f3n brasile\u00f1a, horas despu\u00e9s del\" \/>\n<meta name=\"robots\" content=\"index, follow, max-snippet:-1, max-image-preview:large, max-video-preview:-1\" \/>\n<link rel=\"canonical\" href=\"https:\/\/www.pressenza.com\/es\/2025\/10\/el-orden-internacional-ha-terminado-ahora-brasil\/\" \/>\n<meta property=\"og:locale\" content=\"es_ES\" \/>\n<meta property=\"og:type\" content=\"article\" \/>\n<meta property=\"og:title\" content=\"El orden internacional ha terminado. \u00bfAhora, Brasil?\" \/>\n<meta property=\"og:description\" content=\"La oportunidad de una nueva pol\u00edtica exterior brasile\u00f1a frente a los escombros de Gaza En una entrevista con una televisi\u00f3n brasile\u00f1a, horas despu\u00e9s del\" \/>\n<meta property=\"og:url\" content=\"https:\/\/www.pressenza.com\/es\/2025\/10\/el-orden-internacional-ha-terminado-ahora-brasil\/\" \/>\n<meta property=\"og:site_name\" content=\"Pressenza\" \/>\n<meta property=\"article:publisher\" content=\"https:\/\/www.facebook.com\/PressenzaItalia\" \/>\n<meta property=\"article:author\" content=\"https:\/\/www.facebook.com\/PressenzaPortugues\" \/>\n<meta property=\"article:published_time\" content=\"2025-10-16T18:08:18+00:00\" \/>\n<meta property=\"og:image\" content=\"https:\/\/www.pressenza.com\/wp-content\/uploads\/2025\/10\/202409075ab66d0b285445f0853050742c0726e6_XxjiseS007033_20240907_CBMFN0A001.jpg\" \/>\n\t<meta property=\"og:image:width\" content=\"900\" \/>\n\t<meta property=\"og:image:height\" content=\"599\" \/>\n\t<meta property=\"og:image:type\" content=\"image\/jpeg\" \/>\n<meta name=\"author\" content=\"Reda\u00e7\u00e3o S\u00e3o Paulo\" \/>\n<meta name=\"twitter:card\" content=\"summary_large_image\" \/>\n<meta name=\"twitter:creator\" content=\"@pressenza_pt\" \/>\n<meta name=\"twitter:site\" content=\"@PressenzaIPA\" \/>\n<meta name=\"twitter:label1\" content=\"Escrito por\" \/>\n\t<meta name=\"twitter:data1\" content=\"Reda\u00e7\u00e3o S\u00e3o Paulo\" \/>\n\t<meta name=\"twitter:label2\" content=\"Tiempo de lectura\" \/>\n\t<meta name=\"twitter:data2\" content=\"16 minutos\" \/>\n<script type=\"application\/ld+json\" class=\"yoast-schema-graph\">{\"@context\":\"https:\/\/schema.org\",\"@graph\":[{\"@type\":\"Article\",\"@id\":\"https:\/\/www.pressenza.com\/es\/2025\/10\/el-orden-internacional-ha-terminado-ahora-brasil\/#article\",\"isPartOf\":{\"@id\":\"https:\/\/www.pressenza.com\/es\/2025\/10\/el-orden-internacional-ha-terminado-ahora-brasil\/\"},\"author\":{\"name\":\"Reda\u00e7\u00e3o S\u00e3o Paulo\",\"@id\":\"https:\/\/www.pressenza.com\/es\/#\/schema\/person\/d171826afb7693cfc394da95892bfd93\"},\"headline\":\"El orden internacional ha terminado. \u00bfAhora, Brasil?\",\"datePublished\":\"2025-10-16T18:08:18+00:00\",\"mainEntityOfPage\":{\"@id\":\"https:\/\/www.pressenza.com\/es\/2025\/10\/el-orden-internacional-ha-terminado-ahora-brasil\/\"},\"wordCount\":3748,\"publisher\":{\"@id\":\"https:\/\/www.pressenza.com\/es\/#organization\"},\"image\":{\"@id\":\"https:\/\/www.pressenza.com\/es\/2025\/10\/el-orden-internacional-ha-terminado-ahora-brasil\/#primaryimage\"},\"thumbnailUrl\":\"https:\/\/www.pressenza.com\/wp-content\/uploads\/2025\/10\/202409075ab66d0b285445f0853050742c0726e6_XxjiseS007033_20240907_CBMFN0A001.jpg\",\"keywords\":[\"Brasil\",\"Luis Ignacio Da Silva\"],\"articleSection\":[\"Asuntos internacionales\",\"Opiniones\",\"Pol\u00edtica\",\"Sudam\u00e9rica\"],\"inLanguage\":\"es\"},{\"@type\":\"WebPage\",\"@id\":\"https:\/\/www.pressenza.com\/es\/2025\/10\/el-orden-internacional-ha-terminado-ahora-brasil\/\",\"url\":\"https:\/\/www.pressenza.com\/es\/2025\/10\/el-orden-internacional-ha-terminado-ahora-brasil\/\",\"name\":\"El orden internacional ha terminado. \u00bfAhora, Brasil?\",\"isPartOf\":{\"@id\":\"https:\/\/www.pressenza.com\/es\/#website\"},\"primaryImageOfPage\":{\"@id\":\"https:\/\/www.pressenza.com\/es\/2025\/10\/el-orden-internacional-ha-terminado-ahora-brasil\/#primaryimage\"},\"image\":{\"@id\":\"https:\/\/www.pressenza.com\/es\/2025\/10\/el-orden-internacional-ha-terminado-ahora-brasil\/#primaryimage\"},\"thumbnailUrl\":\"https:\/\/www.pressenza.com\/wp-content\/uploads\/2025\/10\/202409075ab66d0b285445f0853050742c0726e6_XxjiseS007033_20240907_CBMFN0A001.jpg\",\"datePublished\":\"2025-10-16T18:08:18+00:00\",\"description\":\"La oportunidad de una nueva pol\u00edtica exterior brasile\u00f1a frente a los escombros de Gaza En una entrevista con una televisi\u00f3n brasile\u00f1a, horas despu\u00e9s del\",\"breadcrumb\":{\"@id\":\"https:\/\/www.pressenza.com\/es\/2025\/10\/el-orden-internacional-ha-terminado-ahora-brasil\/#breadcrumb\"},\"inLanguage\":\"es\",\"potentialAction\":[{\"@type\":\"ReadAction\",\"target\":[\"https:\/\/www.pressenza.com\/es\/2025\/10\/el-orden-internacional-ha-terminado-ahora-brasil\/\"]}]},{\"@type\":\"ImageObject\",\"inLanguage\":\"es\",\"@id\":\"https:\/\/www.pressenza.com\/es\/2025\/10\/el-orden-internacional-ha-terminado-ahora-brasil\/#primaryimage\",\"url\":\"https:\/\/www.pressenza.com\/wp-content\/uploads\/2025\/10\/202409075ab66d0b285445f0853050742c0726e6_XxjiseS007033_20240907_CBMFN0A001.jpg\",\"contentUrl\":\"https:\/\/www.pressenza.com\/wp-content\/uploads\/2025\/10\/202409075ab66d0b285445f0853050742c0726e6_XxjiseS007033_20240907_CBMFN0A001.jpg\",\"width\":900,\"height\":599},{\"@type\":\"BreadcrumbList\",\"@id\":\"https:\/\/www.pressenza.com\/es\/2025\/10\/el-orden-internacional-ha-terminado-ahora-brasil\/#breadcrumb\",\"itemListElement\":[{\"@type\":\"ListItem\",\"position\":1,\"name\":\"Accueil\",\"item\":\"https:\/\/www.pressenza.com\/es\/\"},{\"@type\":\"ListItem\",\"position\":2,\"name\":\"El orden internacional ha terminado. \u00bfAhora, Brasil?\"}]},{\"@type\":\"WebSite\",\"@id\":\"https:\/\/www.pressenza.com\/es\/#website\",\"url\":\"https:\/\/www.pressenza.com\/es\/\",\"name\":\"Pressenza\",\"description\":\"International Press Agency\",\"publisher\":{\"@id\":\"https:\/\/www.pressenza.com\/es\/#organization\"},\"potentialAction\":[{\"@type\":\"SearchAction\",\"target\":{\"@type\":\"EntryPoint\",\"urlTemplate\":\"https:\/\/www.pressenza.com\/es\/?s={search_term_string}\"},\"query-input\":{\"@type\":\"PropertyValueSpecification\",\"valueRequired\":true,\"valueName\":\"search_term_string\"}}],\"inLanguage\":\"es\"},{\"@type\":\"Organization\",\"@id\":\"https:\/\/www.pressenza.com\/es\/#organization\",\"name\":\"Pressenza\",\"url\":\"https:\/\/www.pressenza.com\/es\/\",\"logo\":{\"@type\":\"ImageObject\",\"inLanguage\":\"es\",\"@id\":\"https:\/\/www.pressenza.com\/es\/#\/schema\/logo\/image\/\",\"url\":\"https:\/\/www.pressenza.com\/wp-content\/uploads\/2022\/10\/pressenza_logo_200x200.jpg\",\"contentUrl\":\"https:\/\/www.pressenza.com\/wp-content\/uploads\/2022\/10\/pressenza_logo_200x200.jpg\",\"width\":200,\"height\":200,\"caption\":\"Pressenza\"},\"image\":{\"@id\":\"https:\/\/www.pressenza.com\/es\/#\/schema\/logo\/image\/\"},\"sameAs\":[\"https:\/\/www.facebook.com\/PressenzaItalia\",\"https:\/\/x.com\/PressenzaIPA\"]},{\"@type\":\"Person\",\"@id\":\"https:\/\/www.pressenza.com\/es\/#\/schema\/person\/d171826afb7693cfc394da95892bfd93\",\"name\":\"Reda\u00e7\u00e3o S\u00e3o Paulo\",\"description\":\"News from the Pressenza bureau in Sao Paulo, Brazil\",\"sameAs\":[\"https:\/\/www.facebook.com\/PressenzaPortugues\",\"https:\/\/x.com\/pressenza_pt\"],\"url\":\"https:\/\/www.pressenza.com\/es\/author\/redaccao-sao-paulo\/\"}]}<\/script>\n<!-- \/ Yoast SEO plugin. -->","yoast_head_json":{"title":"El orden internacional ha terminado. \u00bfAhora, Brasil?","description":"La oportunidad de una nueva pol\u00edtica exterior brasile\u00f1a frente a los escombros de Gaza En una entrevista con una televisi\u00f3n brasile\u00f1a, horas despu\u00e9s del","robots":{"index":"index","follow":"follow","max-snippet":"max-snippet:-1","max-image-preview":"max-image-preview:large","max-video-preview":"max-video-preview:-1"},"canonical":"https:\/\/www.pressenza.com\/es\/2025\/10\/el-orden-internacional-ha-terminado-ahora-brasil\/","og_locale":"es_ES","og_type":"article","og_title":"El orden internacional ha terminado. \u00bfAhora, Brasil?","og_description":"La oportunidad de una nueva pol\u00edtica exterior brasile\u00f1a frente a los escombros de Gaza En una entrevista con una televisi\u00f3n brasile\u00f1a, horas despu\u00e9s del","og_url":"https:\/\/www.pressenza.com\/es\/2025\/10\/el-orden-internacional-ha-terminado-ahora-brasil\/","og_site_name":"Pressenza","article_publisher":"https:\/\/www.facebook.com\/PressenzaItalia","article_author":"https:\/\/www.facebook.com\/PressenzaPortugues","article_published_time":"2025-10-16T18:08:18+00:00","og_image":[{"width":900,"height":599,"url":"https:\/\/www.pressenza.com\/wp-content\/uploads\/2025\/10\/202409075ab66d0b285445f0853050742c0726e6_XxjiseS007033_20240907_CBMFN0A001.jpg","type":"image\/jpeg"}],"author":"Reda\u00e7\u00e3o S\u00e3o Paulo","twitter_card":"summary_large_image","twitter_creator":"@pressenza_pt","twitter_site":"@PressenzaIPA","twitter_misc":{"Escrito por":"Reda\u00e7\u00e3o S\u00e3o Paulo","Tiempo de lectura":"16 minutos"},"schema":{"@context":"https:\/\/schema.org","@graph":[{"@type":"Article","@id":"https:\/\/www.pressenza.com\/es\/2025\/10\/el-orden-internacional-ha-terminado-ahora-brasil\/#article","isPartOf":{"@id":"https:\/\/www.pressenza.com\/es\/2025\/10\/el-orden-internacional-ha-terminado-ahora-brasil\/"},"author":{"name":"Reda\u00e7\u00e3o S\u00e3o Paulo","@id":"https:\/\/www.pressenza.com\/es\/#\/schema\/person\/d171826afb7693cfc394da95892bfd93"},"headline":"El orden internacional ha terminado. \u00bfAhora, Brasil?","datePublished":"2025-10-16T18:08:18+00:00","mainEntityOfPage":{"@id":"https:\/\/www.pressenza.com\/es\/2025\/10\/el-orden-internacional-ha-terminado-ahora-brasil\/"},"wordCount":3748,"publisher":{"@id":"https:\/\/www.pressenza.com\/es\/#organization"},"image":{"@id":"https:\/\/www.pressenza.com\/es\/2025\/10\/el-orden-internacional-ha-terminado-ahora-brasil\/#primaryimage"},"thumbnailUrl":"https:\/\/www.pressenza.com\/wp-content\/uploads\/2025\/10\/202409075ab66d0b285445f0853050742c0726e6_XxjiseS007033_20240907_CBMFN0A001.jpg","keywords":["Brasil","Luis Ignacio Da Silva"],"articleSection":["Asuntos internacionales","Opiniones","Pol\u00edtica","Sudam\u00e9rica"],"inLanguage":"es"},{"@type":"WebPage","@id":"https:\/\/www.pressenza.com\/es\/2025\/10\/el-orden-internacional-ha-terminado-ahora-brasil\/","url":"https:\/\/www.pressenza.com\/es\/2025\/10\/el-orden-internacional-ha-terminado-ahora-brasil\/","name":"El orden internacional ha terminado. \u00bfAhora, Brasil?","isPartOf":{"@id":"https:\/\/www.pressenza.com\/es\/#website"},"primaryImageOfPage":{"@id":"https:\/\/www.pressenza.com\/es\/2025\/10\/el-orden-internacional-ha-terminado-ahora-brasil\/#primaryimage"},"image":{"@id":"https:\/\/www.pressenza.com\/es\/2025\/10\/el-orden-internacional-ha-terminado-ahora-brasil\/#primaryimage"},"thumbnailUrl":"https:\/\/www.pressenza.com\/wp-content\/uploads\/2025\/10\/202409075ab66d0b285445f0853050742c0726e6_XxjiseS007033_20240907_CBMFN0A001.jpg","datePublished":"2025-10-16T18:08:18+00:00","description":"La oportunidad de una nueva pol\u00edtica exterior brasile\u00f1a frente a los escombros de Gaza En una entrevista con una televisi\u00f3n brasile\u00f1a, horas despu\u00e9s del","breadcrumb":{"@id":"https:\/\/www.pressenza.com\/es\/2025\/10\/el-orden-internacional-ha-terminado-ahora-brasil\/#breadcrumb"},"inLanguage":"es","potentialAction":[{"@type":"ReadAction","target":["https:\/\/www.pressenza.com\/es\/2025\/10\/el-orden-internacional-ha-terminado-ahora-brasil\/"]}]},{"@type":"ImageObject","inLanguage":"es","@id":"https:\/\/www.pressenza.com\/es\/2025\/10\/el-orden-internacional-ha-terminado-ahora-brasil\/#primaryimage","url":"https:\/\/www.pressenza.com\/wp-content\/uploads\/2025\/10\/202409075ab66d0b285445f0853050742c0726e6_XxjiseS007033_20240907_CBMFN0A001.jpg","contentUrl":"https:\/\/www.pressenza.com\/wp-content\/uploads\/2025\/10\/202409075ab66d0b285445f0853050742c0726e6_XxjiseS007033_20240907_CBMFN0A001.jpg","width":900,"height":599},{"@type":"BreadcrumbList","@id":"https:\/\/www.pressenza.com\/es\/2025\/10\/el-orden-internacional-ha-terminado-ahora-brasil\/#breadcrumb","itemListElement":[{"@type":"ListItem","position":1,"name":"Accueil","item":"https:\/\/www.pressenza.com\/es\/"},{"@type":"ListItem","position":2,"name":"El orden internacional ha terminado. \u00bfAhora, Brasil?"}]},{"@type":"WebSite","@id":"https:\/\/www.pressenza.com\/es\/#website","url":"https:\/\/www.pressenza.com\/es\/","name":"Pressenza","description":"International Press Agency","publisher":{"@id":"https:\/\/www.pressenza.com\/es\/#organization"},"potentialAction":[{"@type":"SearchAction","target":{"@type":"EntryPoint","urlTemplate":"https:\/\/www.pressenza.com\/es\/?s={search_term_string}"},"query-input":{"@type":"PropertyValueSpecification","valueRequired":true,"valueName":"search_term_string"}}],"inLanguage":"es"},{"@type":"Organization","@id":"https:\/\/www.pressenza.com\/es\/#organization","name":"Pressenza","url":"https:\/\/www.pressenza.com\/es\/","logo":{"@type":"ImageObject","inLanguage":"es","@id":"https:\/\/www.pressenza.com\/es\/#\/schema\/logo\/image\/","url":"https:\/\/www.pressenza.com\/wp-content\/uploads\/2022\/10\/pressenza_logo_200x200.jpg","contentUrl":"https:\/\/www.pressenza.com\/wp-content\/uploads\/2022\/10\/pressenza_logo_200x200.jpg","width":200,"height":200,"caption":"Pressenza"},"image":{"@id":"https:\/\/www.pressenza.com\/es\/#\/schema\/logo\/image\/"},"sameAs":["https:\/\/www.facebook.com\/PressenzaItalia","https:\/\/x.com\/PressenzaIPA"]},{"@type":"Person","@id":"https:\/\/www.pressenza.com\/es\/#\/schema\/person\/d171826afb7693cfc394da95892bfd93","name":"Reda\u00e7\u00e3o S\u00e3o Paulo","description":"News from the Pressenza bureau in Sao Paulo, Brazil","sameAs":["https:\/\/www.facebook.com\/PressenzaPortugues","https:\/\/x.com\/pressenza_pt"],"url":"https:\/\/www.pressenza.com\/es\/author\/redaccao-sao-paulo\/"}]}},"place":"Brasil","original_article_url":"https:\/\/www.brasildefato.com.br\/2025\/10\/16\/acabou-a-ordem-internacional-e-agora-brasil\/","_links":{"self":[{"href":"https:\/\/www.pressenza.com\/es\/wp-json\/wp\/v2\/posts\/2645734","targetHints":{"allow":["GET"]}}],"collection":[{"href":"https:\/\/www.pressenza.com\/es\/wp-json\/wp\/v2\/posts"}],"about":[{"href":"https:\/\/www.pressenza.com\/es\/wp-json\/wp\/v2\/types\/post"}],"author":[{"embeddable":true,"href":"https:\/\/www.pressenza.com\/es\/wp-json\/wp\/v2\/users\/44"}],"replies":[{"embeddable":true,"href":"https:\/\/www.pressenza.com\/es\/wp-json\/wp\/v2\/comments?post=2645734"}],"version-history":[{"count":1,"href":"https:\/\/www.pressenza.com\/es\/wp-json\/wp\/v2\/posts\/2645734\/revisions"}],"predecessor-version":[{"id":2645736,"href":"https:\/\/www.pressenza.com\/es\/wp-json\/wp\/v2\/posts\/2645734\/revisions\/2645736"}],"wp:featuredmedia":[{"embeddable":true,"href":"https:\/\/www.pressenza.com\/es\/wp-json\/wp\/v2\/media\/2645735"}],"wp:attachment":[{"href":"https:\/\/www.pressenza.com\/es\/wp-json\/wp\/v2\/media?parent=2645734"}],"wp:term":[{"taxonomy":"category","embeddable":true,"href":"https:\/\/www.pressenza.com\/es\/wp-json\/wp\/v2\/categories?post=2645734"},{"taxonomy":"post_tag","embeddable":true,"href":"https:\/\/www.pressenza.com\/es\/wp-json\/wp\/v2\/tags?post=2645734"}],"curies":[{"name":"wp","href":"https:\/\/api.w.org\/{rel}","templated":true}]}}