{"id":2644852,"date":"2025-10-13T17:58:13","date_gmt":"2025-10-13T16:58:13","guid":{"rendered":"https:\/\/www.pressenza.com\/?p=2644852"},"modified":"2025-10-13T17:58:13","modified_gmt":"2025-10-13T16:58:13","slug":"el-nobel-y-la-paradoja-de-la-paz","status":"publish","type":"post","link":"https:\/\/www.pressenza.com\/es\/2025\/10\/el-nobel-y-la-paradoja-de-la-paz\/","title":{"rendered":"El Nobel y la paradoja de la paz"},"content":{"rendered":"<p><strong>Un premio que divide al continente<\/strong><\/p>\n<p>El anuncio del Nobel de la Paz a Corina Machado encendi\u00f3 m\u00e1s pol\u00e9micas que celebraciones. No es un gesto menor: se trata de una activista pol\u00edtica venezolana que representa a la oposici\u00f3n m\u00e1s dura, con v\u00ednculos abiertos con sectores empresariales y con una ret\u00f3rica que ha llamado a la desobediencia y a la insurrecci\u00f3n frente al gobierno.<\/p>\n<p>Otorgarle el Nobel a una figura de ultraderecha reabre el debate sobre el sentido pol\u00edtico del premio. \u00bfSe reconoce una trayectoria pac\u00edfica o se premia una postura ideol\u00f3gica conveniente para ciertos poderes? En Am\u00e9rica Latina, donde la memoria de los golpes de Estado y las intervenciones extranjeras sigue viva, la noticia tiene sabor a advertencia.<\/p>\n<p><strong>La paz como instrumento pol\u00edtico<\/strong><\/p>\n<p>El Comit\u00e9 Noruego del Nobel ha sido, hist\u00f3ricamente, un actor diplom\u00e1tico disfrazado de jurado. No entrega premios por casualidad, los entrega por mensaje. En este caso, el mensaje parece dirigido al gobierno de Venezuela y, al mismo tiempo, al conjunto de los pa\u00edses del Sur que buscan caminos soberanos fuera de Washington y Bruselas.<\/p>\n<p>Machado ha defendido pol\u00edticas de libre mercado, alineamiento con Estados Unidos y apertura total a las corporaciones. Tambi\u00e9n ha impulsado movilizaciones que derivaron en violencia y en llamados expl\u00edcitos a la ruptura institucional. Que una figura con ese historial reciba un premio de paz revela la paradoja de un mundo donde el concepto de paz se mide seg\u00fan conveniencias geopol\u00edticas.<\/p>\n<p><strong>El tablero venezolano<\/strong><\/p>\n<p>Venezuela no es un pa\u00eds en calma ni un r\u00e9gimen ideal. Vive una crisis prolongada de pobreza, corrupci\u00f3n, sanciones y desgaste pol\u00edtico. Pero reducir su conflicto a la figura del gobierno es una simplificaci\u00f3n peligrosa.<\/p>\n<p>Desde 2015, las sanciones impuestas por Estados Unidos y la Uni\u00f3n Europea han costado a Venezuela m\u00e1s de USD 130.000 millones en p\u00e9rdidas, seg\u00fan el propio Consejo de Derechos Humanos de la ONU. Esa asfixia econ\u00f3mica ha provocado el colapso de sectores b\u00e1sicos como salud y alimentaci\u00f3n. Premiar a una opositora que respalda esas sanciones equivale, para muchos, a legitimar el castigo colectivo como herramienta pol\u00edtica.<\/p>\n<p><strong>Una oposici\u00f3n fragmentada y tutelada<\/strong><\/p>\n<p>Corina Machado representa la l\u00ednea m\u00e1s radical dentro de la oposici\u00f3n venezolana. Su discurso no busca negociar, busca desplazar. Rechaza todo acuerdo con el chavismo y exige intervenci\u00f3n internacional bajo el argumento de liberar al pa\u00eds del autoritarismo. Esa posici\u00f3n coincide con los intereses estrat\u00e9gicos de Estados Unidos en la regi\u00f3n y es debilitar a los gobiernos que mantienen alianzas con China, Rusia e Ir\u00e1n.<\/p>\n<p>En ese contexto, el Nobel opera como una herramienta de legitimaci\u00f3n externa. No es solo un reconocimiento, es un pasaporte simb\u00f3lico que la convierte en portavoz aceptable ante los foros internacionales. El problema es que su narrativa excluye a la mitad del pa\u00eds que no se identifica con ella. La paz, entendida as\u00ed, se transforma en un proyecto de una parte contra la otra.<\/p>\n<p><strong>El rol del discurso medi\u00e1tico<\/strong><\/p>\n<p>El aparato medi\u00e1tico global ha presentado a Machado como una hero\u00edna moderna. Las im\u00e1genes de marchas, discursos y persecuciones judiciales se multiplican, pero pocas veces se analiza su entorno pol\u00edtico. Sus alianzas con empresarios sancionados, su cercan\u00eda con figuras del trumpismo y su respaldo al fallido intento de autoproclamaci\u00f3n de Juan Guaid\u00f3 en 2019 son parte de un mismo guion.<\/p>\n<p>El Nobel amplifica esa narrativa. Desde Oslo hasta Washington, los titulares celebran la \u201clucha por la libertad\u201d, pero omiten que esa libertad se reclama desde una ideolog\u00eda que niega cualquier alternativa econ\u00f3mica fuera del neoliberalismo. La pregunta es simple y brutal: \u00bfpuede la ultraderecha ser garante de la paz en un continente que a\u00fan sangra por sus dictaduras?<\/p>\n<p><strong>El dilema \u00e9tico del premio<\/strong><\/p>\n<p>Nadie duda del valor personal de enfrentar un r\u00e9gimen pol\u00edtico. El coraje individual merece respeto. El problema aparece cuando el reconocimiento se convierte en herramienta para desestabilizar. El Nobel de la Paz deber\u00eda reconocer la construcci\u00f3n de puentes, no la demolici\u00f3n de los pocos que quedan.<\/p>\n<p>Premiar a Machado en medio de una confrontaci\u00f3n abierta en Venezuela es intervenir sin tanques pero con prestigio. Es un acto pol\u00edtico que disfraza su intencionalidad de gesto moral.<\/p>\n<p><strong>Las consecuencias para la regi\u00f3n<\/strong><\/p>\n<p>El premio puede reactivar la presi\u00f3n internacional sobre Caracas, pero tambi\u00e9n profundizar la polarizaci\u00f3n. En el resto del continente, la ultraderecha celebra. Desde Milei hasta Bolsonaro, los referentes ideol\u00f3gicos afirman que la lucha contra el socialismo tiene ahora respaldo moral desde Europa.<\/p>\n<p>Mientras tanto, la izquierda ve en el Nobel un intento de restaurar el viejo orden continental. Un mensaje de que las disidencias econ\u00f3micas no son aceptables y que las oposiciones alineadas con Occidente siempre tendr\u00e1n la \u00faltima palabra.<\/p>\n<p><strong>La paz como desaf\u00edo pendiente<\/strong><\/p>\n<p>Venezuela necesita reconciliaci\u00f3n, no m\u00e1s trincheras. Y Am\u00e9rica Latina necesita independencia real, no premios que deciden qui\u00e9n merece hablar en nombre de la libertad. La paz no puede ser monopolio de ninguna ideolog\u00eda.<\/p>\n<p>Machado puede representar una voz v\u00e1lida dentro del debate pero su trayectoria est\u00e1 marcada por la confrontaci\u00f3n y el llamado al desconocimiento institucional. Otorgarle el Nobel de la Paz a una figura que promueve la insurrecci\u00f3n es una contradicci\u00f3n hist\u00f3rica.<\/p>\n<p><strong>El silencio que vale m\u00e1s que un aplauso<\/strong><\/p>\n<p>El Nobel otorgado a Corina Machado revela m\u00e1s sobre el mundo que sobre ella. Habla de una comunidad internacional que usa la palabra \u201cpaz\u201d como arma simb\u00f3lica y que mide la democracia con un doble est\u00e1ndar.<\/p>\n<p>En Venezuela hay manipulaci\u00f3n externa. Premiar a una dirigente de ultraderecha con discurso insurreccional no resuelve ese drama, lo agrava.<\/p>\n<p>La paz verdadera no nace en los despachos ni en los titulares. Nace cuando un pueblo puede hablar sin miedo, votar sin hambre y vivir sin tutores extranjeros. Todo lo dem\u00e1s son medallas que pesan m\u00e1s que la conciencia.<\/p>\n","protected":false},"excerpt":{"rendered":"<p>Un premio que divide al continente El anuncio del Nobel de la Paz a Corina Machado encendi\u00f3 m\u00e1s pol\u00e9micas que celebraciones. No es un gesto menor: se trata de una activista pol\u00edtica venezolana que representa a la oposici\u00f3n m\u00e1s dura,&hellip;<\/p>\n","protected":false},"author":2493,"featured_media":2644854,"comment_status":"closed","ping_status":"closed","sticky":false,"template":"","format":"standard","meta":{"footnotes":""},"categories":[11389,161,1243,67],"tags":[125287,5976],"class_list":["post-2644852","post","type-post","status-publish","format-standard","has-post-thumbnail","hentry","category-contenido-original","category-opiniones","category-paz-desarme","category-sudamerica","tag-ana-corina-machado","tag-premio-nobel-de-la-paz"],"yoast_head":"<!-- This site is optimized with the Yoast SEO plugin v27.1.1 - https:\/\/yoast.com\/product\/yoast-seo-wordpress\/ -->\n<title>El Nobel y la paradoja de la paz<\/title>\n<meta name=\"description\" content=\"Un premio que divide al continente El anuncio del Nobel de la Paz a Corina Machado encendi\u00f3 m\u00e1s pol\u00e9micas que celebraciones. No es un gesto menor: se\" \/>\n<meta name=\"robots\" content=\"index, follow, max-snippet:-1, max-image-preview:large, max-video-preview:-1\" \/>\n<link rel=\"canonical\" href=\"https:\/\/www.pressenza.com\/es\/2025\/10\/el-nobel-y-la-paradoja-de-la-paz\/\" \/>\n<meta property=\"og:locale\" content=\"es_ES\" \/>\n<meta property=\"og:type\" content=\"article\" \/>\n<meta property=\"og:title\" content=\"El Nobel y la paradoja de la paz\" \/>\n<meta property=\"og:description\" content=\"Un premio que divide al continente El anuncio del Nobel de la Paz a Corina Machado encendi\u00f3 m\u00e1s pol\u00e9micas que celebraciones. No es un gesto menor: se\" \/>\n<meta property=\"og:url\" content=\"https:\/\/www.pressenza.com\/es\/2025\/10\/el-nobel-y-la-paradoja-de-la-paz\/\" \/>\n<meta property=\"og:site_name\" content=\"Pressenza\" \/>\n<meta property=\"article:publisher\" content=\"https:\/\/www.facebook.com\/PressenzaItalia\" \/>\n<meta property=\"article:published_time\" content=\"2025-10-13T16:58:13+00:00\" \/>\n<meta property=\"og:image\" content=\"https:\/\/www.pressenza.com\/wp-content\/uploads\/2025\/10\/fkeFOCMN.jpeg\" \/>\n\t<meta property=\"og:image:width\" content=\"982\" \/>\n\t<meta property=\"og:image:height\" content=\"768\" \/>\n\t<meta property=\"og:image:type\" content=\"image\/jpeg\" \/>\n<meta name=\"author\" content=\"Mauricio Herrera Kahn\" \/>\n<meta name=\"twitter:card\" content=\"summary_large_image\" \/>\n<meta name=\"twitter:creator\" content=\"@PressenzaIPA\" \/>\n<meta name=\"twitter:site\" content=\"@PressenzaIPA\" \/>\n<meta name=\"twitter:label1\" content=\"Escrito por\" \/>\n\t<meta name=\"twitter:data1\" content=\"Mauricio Herrera Kahn\" \/>\n\t<meta name=\"twitter:label2\" content=\"Tiempo de lectura\" \/>\n\t<meta name=\"twitter:data2\" content=\"5 minutos\" \/>\n<script type=\"application\/ld+json\" class=\"yoast-schema-graph\">{\"@context\":\"https:\/\/schema.org\",\"@graph\":[{\"@type\":\"Article\",\"@id\":\"https:\/\/www.pressenza.com\/es\/2025\/10\/el-nobel-y-la-paradoja-de-la-paz\/#article\",\"isPartOf\":{\"@id\":\"https:\/\/www.pressenza.com\/es\/2025\/10\/el-nobel-y-la-paradoja-de-la-paz\/\"},\"author\":{\"name\":\"Mauricio Herrera Kahn\",\"@id\":\"https:\/\/www.pressenza.com\/es\/#\/schema\/person\/1d64caef2c28d4b0cae6de277a77d314\"},\"headline\":\"El Nobel y la paradoja de la paz\",\"datePublished\":\"2025-10-13T16:58:13+00:00\",\"mainEntityOfPage\":{\"@id\":\"https:\/\/www.pressenza.com\/es\/2025\/10\/el-nobel-y-la-paradoja-de-la-paz\/\"},\"wordCount\":1038,\"publisher\":{\"@id\":\"https:\/\/www.pressenza.com\/es\/#organization\"},\"image\":{\"@id\":\"https:\/\/www.pressenza.com\/es\/2025\/10\/el-nobel-y-la-paradoja-de-la-paz\/#primaryimage\"},\"thumbnailUrl\":\"https:\/\/www.pressenza.com\/wp-content\/uploads\/2025\/10\/fkeFOCMN.jpeg\",\"keywords\":[\"Ana Corina Machado\",\"Premio Nobel de la Paz\"],\"articleSection\":[\"Contenido Original\",\"Opiniones\",\"Paz y Desarme\",\"Sudam\u00e9rica\"],\"inLanguage\":\"es\"},{\"@type\":\"WebPage\",\"@id\":\"https:\/\/www.pressenza.com\/es\/2025\/10\/el-nobel-y-la-paradoja-de-la-paz\/\",\"url\":\"https:\/\/www.pressenza.com\/es\/2025\/10\/el-nobel-y-la-paradoja-de-la-paz\/\",\"name\":\"El Nobel y la paradoja de la paz\",\"isPartOf\":{\"@id\":\"https:\/\/www.pressenza.com\/es\/#website\"},\"primaryImageOfPage\":{\"@id\":\"https:\/\/www.pressenza.com\/es\/2025\/10\/el-nobel-y-la-paradoja-de-la-paz\/#primaryimage\"},\"image\":{\"@id\":\"https:\/\/www.pressenza.com\/es\/2025\/10\/el-nobel-y-la-paradoja-de-la-paz\/#primaryimage\"},\"thumbnailUrl\":\"https:\/\/www.pressenza.com\/wp-content\/uploads\/2025\/10\/fkeFOCMN.jpeg\",\"datePublished\":\"2025-10-13T16:58:13+00:00\",\"description\":\"Un premio que divide al continente El anuncio del Nobel de la Paz a Corina Machado encendi\u00f3 m\u00e1s pol\u00e9micas que celebraciones. No es un gesto menor: se\",\"breadcrumb\":{\"@id\":\"https:\/\/www.pressenza.com\/es\/2025\/10\/el-nobel-y-la-paradoja-de-la-paz\/#breadcrumb\"},\"inLanguage\":\"es\",\"potentialAction\":[{\"@type\":\"ReadAction\",\"target\":[\"https:\/\/www.pressenza.com\/es\/2025\/10\/el-nobel-y-la-paradoja-de-la-paz\/\"]}]},{\"@type\":\"ImageObject\",\"inLanguage\":\"es\",\"@id\":\"https:\/\/www.pressenza.com\/es\/2025\/10\/el-nobel-y-la-paradoja-de-la-paz\/#primaryimage\",\"url\":\"https:\/\/www.pressenza.com\/wp-content\/uploads\/2025\/10\/fkeFOCMN.jpeg\",\"contentUrl\":\"https:\/\/www.pressenza.com\/wp-content\/uploads\/2025\/10\/fkeFOCMN.jpeg\",\"width\":982,\"height\":768},{\"@type\":\"BreadcrumbList\",\"@id\":\"https:\/\/www.pressenza.com\/es\/2025\/10\/el-nobel-y-la-paradoja-de-la-paz\/#breadcrumb\",\"itemListElement\":[{\"@type\":\"ListItem\",\"position\":1,\"name\":\"Accueil\",\"item\":\"https:\/\/www.pressenza.com\/es\/\"},{\"@type\":\"ListItem\",\"position\":2,\"name\":\"El Nobel y la paradoja de la paz\"}]},{\"@type\":\"WebSite\",\"@id\":\"https:\/\/www.pressenza.com\/es\/#website\",\"url\":\"https:\/\/www.pressenza.com\/es\/\",\"name\":\"Pressenza\",\"description\":\"International Press Agency\",\"publisher\":{\"@id\":\"https:\/\/www.pressenza.com\/es\/#organization\"},\"potentialAction\":[{\"@type\":\"SearchAction\",\"target\":{\"@type\":\"EntryPoint\",\"urlTemplate\":\"https:\/\/www.pressenza.com\/es\/?s={search_term_string}\"},\"query-input\":{\"@type\":\"PropertyValueSpecification\",\"valueRequired\":true,\"valueName\":\"search_term_string\"}}],\"inLanguage\":\"es\"},{\"@type\":\"Organization\",\"@id\":\"https:\/\/www.pressenza.com\/es\/#organization\",\"name\":\"Pressenza\",\"url\":\"https:\/\/www.pressenza.com\/es\/\",\"logo\":{\"@type\":\"ImageObject\",\"inLanguage\":\"es\",\"@id\":\"https:\/\/www.pressenza.com\/es\/#\/schema\/logo\/image\/\",\"url\":\"https:\/\/www.pressenza.com\/wp-content\/uploads\/2022\/10\/pressenza_logo_200x200.jpg\",\"contentUrl\":\"https:\/\/www.pressenza.com\/wp-content\/uploads\/2022\/10\/pressenza_logo_200x200.jpg\",\"width\":200,\"height\":200,\"caption\":\"Pressenza\"},\"image\":{\"@id\":\"https:\/\/www.pressenza.com\/es\/#\/schema\/logo\/image\/\"},\"sameAs\":[\"https:\/\/www.facebook.com\/PressenzaItalia\",\"https:\/\/x.com\/PressenzaIPA\"]},{\"@type\":\"Person\",\"@id\":\"https:\/\/www.pressenza.com\/es\/#\/schema\/person\/1d64caef2c28d4b0cae6de277a77d314\",\"name\":\"Mauricio Herrera Kahn\",\"description\":\"Mauricio Herrera Kahn, Mechanical Engineer graduated from the Technical University of Ecuador (UTE) in 1975, with more than 45 years of experience in the mining engineering and project development sector. He has held positions such as General Manager, Project Manager, and Head of Engineering at national and international companies, where he led studies and project execution under the EPCM (Engineering, Procurement, and Construction Management) model. He is currently General Manager at HyB Ingenieros, developing studies and analyses of new plants and processes with Capex and Opex at the engineering profile level. For several years, he has been writing articles and columns on national and international social, political, and economic analysis.\",\"url\":\"https:\/\/www.pressenza.com\/es\/author\/mauricio-herrera-kahn\/\"}]}<\/script>\n<!-- \/ Yoast SEO plugin. -->","yoast_head_json":{"title":"El Nobel y la paradoja de la paz","description":"Un premio que divide al continente El anuncio del Nobel de la Paz a Corina Machado encendi\u00f3 m\u00e1s pol\u00e9micas que celebraciones. No es un gesto menor: se","robots":{"index":"index","follow":"follow","max-snippet":"max-snippet:-1","max-image-preview":"max-image-preview:large","max-video-preview":"max-video-preview:-1"},"canonical":"https:\/\/www.pressenza.com\/es\/2025\/10\/el-nobel-y-la-paradoja-de-la-paz\/","og_locale":"es_ES","og_type":"article","og_title":"El Nobel y la paradoja de la paz","og_description":"Un premio que divide al continente El anuncio del Nobel de la Paz a Corina Machado encendi\u00f3 m\u00e1s pol\u00e9micas que celebraciones. No es un gesto menor: se","og_url":"https:\/\/www.pressenza.com\/es\/2025\/10\/el-nobel-y-la-paradoja-de-la-paz\/","og_site_name":"Pressenza","article_publisher":"https:\/\/www.facebook.com\/PressenzaItalia","article_published_time":"2025-10-13T16:58:13+00:00","og_image":[{"width":982,"height":768,"url":"https:\/\/www.pressenza.com\/wp-content\/uploads\/2025\/10\/fkeFOCMN.jpeg","type":"image\/jpeg"}],"author":"Mauricio Herrera Kahn","twitter_card":"summary_large_image","twitter_creator":"@PressenzaIPA","twitter_site":"@PressenzaIPA","twitter_misc":{"Escrito por":"Mauricio Herrera Kahn","Tiempo de lectura":"5 minutos"},"schema":{"@context":"https:\/\/schema.org","@graph":[{"@type":"Article","@id":"https:\/\/www.pressenza.com\/es\/2025\/10\/el-nobel-y-la-paradoja-de-la-paz\/#article","isPartOf":{"@id":"https:\/\/www.pressenza.com\/es\/2025\/10\/el-nobel-y-la-paradoja-de-la-paz\/"},"author":{"name":"Mauricio Herrera Kahn","@id":"https:\/\/www.pressenza.com\/es\/#\/schema\/person\/1d64caef2c28d4b0cae6de277a77d314"},"headline":"El Nobel y la paradoja de la paz","datePublished":"2025-10-13T16:58:13+00:00","mainEntityOfPage":{"@id":"https:\/\/www.pressenza.com\/es\/2025\/10\/el-nobel-y-la-paradoja-de-la-paz\/"},"wordCount":1038,"publisher":{"@id":"https:\/\/www.pressenza.com\/es\/#organization"},"image":{"@id":"https:\/\/www.pressenza.com\/es\/2025\/10\/el-nobel-y-la-paradoja-de-la-paz\/#primaryimage"},"thumbnailUrl":"https:\/\/www.pressenza.com\/wp-content\/uploads\/2025\/10\/fkeFOCMN.jpeg","keywords":["Ana Corina Machado","Premio Nobel de la Paz"],"articleSection":["Contenido Original","Opiniones","Paz y Desarme","Sudam\u00e9rica"],"inLanguage":"es"},{"@type":"WebPage","@id":"https:\/\/www.pressenza.com\/es\/2025\/10\/el-nobel-y-la-paradoja-de-la-paz\/","url":"https:\/\/www.pressenza.com\/es\/2025\/10\/el-nobel-y-la-paradoja-de-la-paz\/","name":"El Nobel y la paradoja de la paz","isPartOf":{"@id":"https:\/\/www.pressenza.com\/es\/#website"},"primaryImageOfPage":{"@id":"https:\/\/www.pressenza.com\/es\/2025\/10\/el-nobel-y-la-paradoja-de-la-paz\/#primaryimage"},"image":{"@id":"https:\/\/www.pressenza.com\/es\/2025\/10\/el-nobel-y-la-paradoja-de-la-paz\/#primaryimage"},"thumbnailUrl":"https:\/\/www.pressenza.com\/wp-content\/uploads\/2025\/10\/fkeFOCMN.jpeg","datePublished":"2025-10-13T16:58:13+00:00","description":"Un premio que divide al continente El anuncio del Nobel de la Paz a Corina Machado encendi\u00f3 m\u00e1s pol\u00e9micas que celebraciones. No es un gesto menor: se","breadcrumb":{"@id":"https:\/\/www.pressenza.com\/es\/2025\/10\/el-nobel-y-la-paradoja-de-la-paz\/#breadcrumb"},"inLanguage":"es","potentialAction":[{"@type":"ReadAction","target":["https:\/\/www.pressenza.com\/es\/2025\/10\/el-nobel-y-la-paradoja-de-la-paz\/"]}]},{"@type":"ImageObject","inLanguage":"es","@id":"https:\/\/www.pressenza.com\/es\/2025\/10\/el-nobel-y-la-paradoja-de-la-paz\/#primaryimage","url":"https:\/\/www.pressenza.com\/wp-content\/uploads\/2025\/10\/fkeFOCMN.jpeg","contentUrl":"https:\/\/www.pressenza.com\/wp-content\/uploads\/2025\/10\/fkeFOCMN.jpeg","width":982,"height":768},{"@type":"BreadcrumbList","@id":"https:\/\/www.pressenza.com\/es\/2025\/10\/el-nobel-y-la-paradoja-de-la-paz\/#breadcrumb","itemListElement":[{"@type":"ListItem","position":1,"name":"Accueil","item":"https:\/\/www.pressenza.com\/es\/"},{"@type":"ListItem","position":2,"name":"El Nobel y la paradoja de la paz"}]},{"@type":"WebSite","@id":"https:\/\/www.pressenza.com\/es\/#website","url":"https:\/\/www.pressenza.com\/es\/","name":"Pressenza","description":"International Press Agency","publisher":{"@id":"https:\/\/www.pressenza.com\/es\/#organization"},"potentialAction":[{"@type":"SearchAction","target":{"@type":"EntryPoint","urlTemplate":"https:\/\/www.pressenza.com\/es\/?s={search_term_string}"},"query-input":{"@type":"PropertyValueSpecification","valueRequired":true,"valueName":"search_term_string"}}],"inLanguage":"es"},{"@type":"Organization","@id":"https:\/\/www.pressenza.com\/es\/#organization","name":"Pressenza","url":"https:\/\/www.pressenza.com\/es\/","logo":{"@type":"ImageObject","inLanguage":"es","@id":"https:\/\/www.pressenza.com\/es\/#\/schema\/logo\/image\/","url":"https:\/\/www.pressenza.com\/wp-content\/uploads\/2022\/10\/pressenza_logo_200x200.jpg","contentUrl":"https:\/\/www.pressenza.com\/wp-content\/uploads\/2022\/10\/pressenza_logo_200x200.jpg","width":200,"height":200,"caption":"Pressenza"},"image":{"@id":"https:\/\/www.pressenza.com\/es\/#\/schema\/logo\/image\/"},"sameAs":["https:\/\/www.facebook.com\/PressenzaItalia","https:\/\/x.com\/PressenzaIPA"]},{"@type":"Person","@id":"https:\/\/www.pressenza.com\/es\/#\/schema\/person\/1d64caef2c28d4b0cae6de277a77d314","name":"Mauricio Herrera Kahn","description":"Mauricio Herrera Kahn, Mechanical Engineer graduated from the Technical University of Ecuador (UTE) in 1975, with more than 45 years of experience in the mining engineering and project development sector. He has held positions such as General Manager, Project Manager, and Head of Engineering at national and international companies, where he led studies and project execution under the EPCM (Engineering, Procurement, and Construction Management) model. He is currently General Manager at HyB Ingenieros, developing studies and analyses of new plants and processes with Capex and Opex at the engineering profile level. For several years, he has been writing articles and columns on national and international social, political, and economic analysis.","url":"https:\/\/www.pressenza.com\/es\/author\/mauricio-herrera-kahn\/"}]}},"place":"Santiago de Chile","original_article_url":"","_links":{"self":[{"href":"https:\/\/www.pressenza.com\/es\/wp-json\/wp\/v2\/posts\/2644852","targetHints":{"allow":["GET"]}}],"collection":[{"href":"https:\/\/www.pressenza.com\/es\/wp-json\/wp\/v2\/posts"}],"about":[{"href":"https:\/\/www.pressenza.com\/es\/wp-json\/wp\/v2\/types\/post"}],"author":[{"embeddable":true,"href":"https:\/\/www.pressenza.com\/es\/wp-json\/wp\/v2\/users\/2493"}],"replies":[{"embeddable":true,"href":"https:\/\/www.pressenza.com\/es\/wp-json\/wp\/v2\/comments?post=2644852"}],"version-history":[{"count":2,"href":"https:\/\/www.pressenza.com\/es\/wp-json\/wp\/v2\/posts\/2644852\/revisions"}],"predecessor-version":[{"id":2645515,"href":"https:\/\/www.pressenza.com\/es\/wp-json\/wp\/v2\/posts\/2644852\/revisions\/2645515"}],"wp:featuredmedia":[{"embeddable":true,"href":"https:\/\/www.pressenza.com\/es\/wp-json\/wp\/v2\/media\/2644854"}],"wp:attachment":[{"href":"https:\/\/www.pressenza.com\/es\/wp-json\/wp\/v2\/media?parent=2644852"}],"wp:term":[{"taxonomy":"category","embeddable":true,"href":"https:\/\/www.pressenza.com\/es\/wp-json\/wp\/v2\/categories?post=2644852"},{"taxonomy":"post_tag","embeddable":true,"href":"https:\/\/www.pressenza.com\/es\/wp-json\/wp\/v2\/tags?post=2644852"}],"curies":[{"name":"wp","href":"https:\/\/api.w.org\/{rel}","templated":true}]}}