{"id":2644490,"date":"2025-10-12T17:12:26","date_gmt":"2025-10-12T16:12:26","guid":{"rendered":"https:\/\/www.pressenza.com\/?p=2644490"},"modified":"2025-10-12T17:12:26","modified_gmt":"2025-10-12T16:12:26","slug":"inspirada-en-el-humanismo-la-escuela-estatal-parque-dos-sonhos-en-cubatao-sp-es-reconocida-como-la-mejor-escuela-del-mundo-en-2025","status":"publish","type":"post","link":"https:\/\/www.pressenza.com\/es\/2025\/10\/inspirada-en-el-humanismo-la-escuela-estatal-parque-dos-sonhos-en-cubatao-sp-es-reconocida-como-la-mejor-escuela-del-mundo-en-2025\/","title":{"rendered":"Inspirada en el Humanismo, la Escuela Estatal Parque dos Sonhos, en Cubat\u00e3o (SP), es reconocida como la mejor escuela del mundo en 2025"},"content":{"rendered":"<p>La Escuela Estatal Parque dos Sonhos, ubicada en el Bols\u00e3o 9 de Cubat\u00e3o, litoral de S\u00e3o Paulo, acaba de recibir el Premio Internacional a la Mejor Escuela del Mundo 2025, en la categor\u00eda \u201cSuperando las Adversidades\u201d, concedido por un jurado global de especialistas en educaci\u00f3n.<\/p>\n<p>La conquista marca no solo el reconocimiento de una instituci\u00f3n p\u00fablica de la periferia brasile\u00f1a, sino que tambi\u00e9n simboliza la fuerza de la educaci\u00f3n popular humanista, inspirada en las ense\u00f1anzas de Paulo Freire y del fil\u00f3sofo argentino Mario Rodr\u00edguez Cobos (Silo), cuyo legado en defensa de la no-violencia inspira pr\u00e1cticas pedag\u00f3gicas en diversas partes del mundo.<\/p>\n<p><strong>Una escuela que florece en medio de las adversidades<\/strong><br \/>\nLa EE Parque dos Sonhos es hoy referencia internacional en educaci\u00f3n transformadora, construida sobre los pilares de la cultura de paz, la solidaridad y el protagonismo estudiantil. Situada en una regi\u00f3n hist\u00f3ricamente marcada por la exclusi\u00f3n social, la escuela transform\u00f3 su cotidianidad en un espacio de di\u00e1logo, empat\u00eda y acci\u00f3n colectiva.<br \/>\nEntre los proyectos que marcaron la premiaci\u00f3n de la escuela:<br \/>\n\u25cf Programas de deporte, arte y cultura, con la participaci\u00f3n activa de los estudiantes.<br \/>\n\u25cf Semana de la No-Violencia en las Escuelas, celebrada anualmente en la ocasi\u00f3n del aniversario de Mahatma Gandhi, movilizando estudiantes, familias y a la<br \/>\ncomunidad local.<br \/>\n\u25cf Pedagog\u00eda del Nuevo Humanismo, corriente que valoriza el desarrollo integral del ser humano, reconociendo su dignidad, libertad y capacidad de transformaci\u00f3n.<br \/>\n\u25cf Iniciativas de mediaci\u00f3n de conflictos y escucha activa, que redujeron significativamente los \u00edndices de violencia escolar en la comunidad.<\/p>\n<p>La escuela tambi\u00e9n se destac\u00f3 por unir la educaci\u00f3n formal con actividades extracurriculares que fortalecen la autoestima de los j\u00f3venes. El deporte, especialmente el<br \/>\npatinaje y el voleibol, se torn\u00f3 uno de los pilares de inclusi\u00f3n y convivencia saludable, acercando a los alumnos a pr\u00e1cticas colectivas que desarrollan disciplina, solidaridad y confianza mutua. Estos proyectos deportivos, conducidos en di\u00e1logo con la comunidad, contribuyeron directamente al sentimiento de pertenencia y redujeron casos de deserci\u00f3n escolar.<\/p>\n<p>Otro eje innovador es el peri\u00f3dico escolar producido por los alumnos, que se transform\u00f3 en un espacio de expresi\u00f3n libre y democr\u00e1tica. En \u00e9l, los estudiantes relatan sus experiencias, denuncian situaciones de exclusi\u00f3n y celebran conquistas, aprendiendo desde temprano el valor de la comunicaci\u00f3n responsable y de la libertad de expresi\u00f3n como instrumentos de ciudadan\u00eda activa.<\/p>\n<p><strong>La trayectoria humanista del Director R\u00e9gis Marques Ribeiro<\/strong><br \/>\nAl frente de la instituci\u00f3n est\u00e1 el profesor de historia R\u00e9gis Marques Ribeiro, educador popular, activista humanista y defensor de los derechos humanos.<br \/>\nFormado en Historia por la Unesp de Assis y posgraduado en Educaci\u00f3n para la No-Violencia, R\u00e9gis acumula 20 a\u00f1os de dedicaci\u00f3n a la educaci\u00f3n p\u00fablica. Su<br \/>\ntrayectoria tuvo inicio en el movimiento estudiantil, coordinando cursos preuniversitarios humanistas con profesores voluntarios en barrios perif\u00e9ricos de S\u00e3o Paulo y en la ciudad de Assis, experiencias fundamentales para miles de j\u00f3venes de la primera generaci\u00f3n de sus familias en llegar a la educaci\u00f3n superior. Esos cursillos, vinculados al Instituto de la No-Violencia, se convirtieron en un verdadero laboratorio de pr\u00e1cticas pedag\u00f3gicas humanistas, basadas en el di\u00e1logo y en la cooperaci\u00f3n, en contraste con el modelo competitivo tradicional.<\/p>\n<p>Miembro del Movimiento Humanista Internacional, R\u00e9gis es tambi\u00e9n uno de los fundadores de QuatroV, medio de comunicaci\u00f3n independiente creado para dar voz a<br \/>\nmovimientos sociales invisibilizados por los medios tradicionales. Fue coautor del Manual de Defensa contra la Censura en las Escuelas, referencia para educadores en tiempos de ataques a la libertad de ense\u00f1ar.<\/p>\n<p>Su actuaci\u00f3n no se limita a Brasil. En 2013, tras viajar para la inauguraci\u00f3n del Parque de Estudio y Reflexi\u00f3n Marracuene en Mozambique, R\u00e9gis realiz\u00f3 una investigaci\u00f3n de campo en Johannesburgo, explorando los caminos recorridos por Nelson Mandela en la lucha contra el apartheid. Esas experiencias reforzaron su convicci\u00f3n de que la educaci\u00f3n es, ante todo, un acto de liberaci\u00f3n.<\/p>\n<p><strong>Un premio que resuena m\u00e1s all\u00e1 de la escuela<\/strong><br \/>\nEl reconocimiento internacional de la EE Parque dos Sonhos no es solo una victoria de la comunidad escolar de Cubat\u00e3o, sino un s\u00edmbolo de esperanza para escuelas p\u00fablicas en todo el mundo. En tiempos de crisis sociales y educativas, el premio reafirma que es posible superar adversidades cuando la educaci\u00f3n se fundamenta en la dignidad humana, en la solidaridad y en la no-violencia.<\/p>\n<p>La premiaci\u00f3n tambi\u00e9n reconoce el esfuerzo de todo el equipo pedag\u00f3gico y de los estudiantes que creen en el poder transformador de la educaci\u00f3n. Proyectos colectivos de deporte, comunicaci\u00f3n estudiantil y pr\u00e1cticas comunitarias son pruebas concretas de que una escuela p\u00fablica, cuando est\u00e1 orientada por valores humanistas, puede ser el coraz\u00f3n palpitante de la transformaci\u00f3n social.<\/p>\n<p><em>\u201cCreemos en una educaci\u00f3n que no solo transmite conocimiento, sino que despierta conciencia, fortalece v\u00ednculos comunitarios y promueve la paz. Este premio pertenece a cada estudiante, profesor y familia que construye diariamente el Parque dos Sonhos. Es tambi\u00e9n un tributo a Silo, cuya filosof\u00eda humanista inspira nuestro camino.\u201d<\/em> \u2013 R\u00e9gis Marques Ribeiro, Director de la EE Parque dos Sonhos<\/p>\n<p><img loading=\"lazy\" decoding=\"async\" class=\"alignnone wp-image-2644495 size-full\" src=\"https:\/\/www.pressenza.com\/wp-content\/uploads\/2025\/10\/images-1.jpeg\" alt=\"\" width=\"225\" height=\"225\" srcset=\"https:\/\/www.pressenza.com\/wp-content\/uploads\/2025\/10\/images-1.jpeg 225w, https:\/\/www.pressenza.com\/wp-content\/uploads\/2025\/10\/images-1-150x150.jpeg 150w\" sizes=\"auto, (max-width: 225px) 100vw, 225px\" \/><\/p>\n<p><strong>Las puertas que hablan: grafitis en la EE Parque dos Sonhos<\/strong><br \/>\nUno de los s\u00edmbolos m\u00e1s marcantes de la identidad de la Escuela Estatal Parque dos Sonhos es la galer\u00eda de grafitis que ocupa las puertas de cada aula. M\u00e1s que arte, esos murales son una invitaci\u00f3n diaria al di\u00e1logo entre generaciones y culturas. Cada puerta homenajea a una figura humanista, activista social o defensora de la libertad, creando un corredor de inspiraci\u00f3n para los estudiantes:<br \/>\n\u25cf Malala Yousafzai \u2013 S\u00edmbolo global de la lucha por el derecho de las ni\u00f1as a la educaci\u00f3n.<br \/>\n\u25cf Silo (Mario Rodr\u00edguez Cobos) \u2013 Fil\u00f3sofo argentino, fundador del Nuevo Humanismo e inspirador de la pedagog\u00eda de la escuela.<br \/>\n\u25cf Marielle Franco \u2013 Soci\u00f3loga, concejala de R\u00edo de Janeiro y defensora de los derechos humanos, silenciada por la violencia pol\u00edtica.<br \/>\n\u25cf Paulo Freire \u2013 Educador y patrono de la Educaci\u00f3n Brasile\u00f1a, conocido por su pedagog\u00eda humanizadora y por el libro Pedagog\u00eda del Oprimido. Defend\u00eda una<br \/>\neducaci\u00f3n cr\u00edtica, dial\u00f3gica y enfocada en la autonom\u00eda del alumno.<br \/>\n\u25cf Le\u00f3n Tolst\u00f3i \u2013 Escritor y pensador cristiano pacifista, autor de obras como <em>Guerra y Paz<\/em> y <em>Anna Karenina<\/em>. En sus \u00faltimos a\u00f1os de vida, se dedic\u00f3 a la literatura, a la<br \/>\neducaci\u00f3n popular y a la no-violencia.<br \/>\n\u25cf Jos\u00e9 \u201cPepe\u201d Mujica \u2013 Expresidente de Uruguay, referencia mundial de simplicidad, solidaridad y democracia participativa.<br \/>\n\u25cf Mahatma Gandhi \u2013 Inspirador de la resistencia no-violenta contra el colonialismo brit\u00e1nico y contra el sistema de castas indio.<br \/>\n\u25cf Nelson Mandela \u2013 L\u00edder de la lucha contra el apartheid, s\u00edmbolo de la reconciliaci\u00f3n y de la justicia racial.<br \/>\n\u25cf Martin Luther King Jr. \u2013 Voz de la igualdad racial y de la lucha por los derechos civiles en Estados Unidos.<br \/>\n\u25cf Rosa Parks \u2013 \u00cdcono de la resistencia pac\u00edfica contra la segregaci\u00f3n racial.<br \/>\n\u25cf Carmen Hertz \u2013 Abogada chilena y referente en la defensa de los derechos humanos durante y despu\u00e9s de la dictadura.<br \/>\n\u25cf Milagro Sala \u2013 Activista social argentina, defensora de los pueblos originarios y de las cooperativas populares.<br \/>\n\u25cf Aung San Suu Kyi \u2013 Premio Nobel de la Paz y s\u00edmbolo de la resistencia democr\u00e1tica en Myanmar.<\/p>\n<p>Esos grafitis forman parte de la propuesta pedag\u00f3gica de transformar los corredores escolares en espacios de memoria activa, donde cada estudiante es invitado diariamente a dialogar con las historias de quienes, en diferentes tiempos y lugares, lucharon por dignidad, justicia social y no-violencia.<\/p>\n<p><strong>Un legado colectivo: agradecimiento a Silo, a Gandhi y a Luther King Jr.<\/strong><br \/>\nEl premio recibido por la EE Parque dos Sonhos est\u00e1 dedicado a todos los que, diariamente, construyen la posibilidad de una educaci\u00f3n liberadora en medio de las<br \/>\ndificultades. Pero, sobre todo, es un gesto de profundo agradecimiento al pensador humanista Silo, el \u201cSabio de los Andes\u201d, cuya visi\u00f3n de un mundo no-violento sigue<br \/>\niluminando pr\u00e1cticas pedag\u00f3gicas y sociales en diversas culturas.<\/p>\n<p>Seg\u00fan la concepci\u00f3n del Nuevo Humanismo, un estudiante no es una hormiga ni una simple pieza moldeada para el trabajo. Al contrario, cada alumna y cada alumno representa el futuro de la humanidad y carga dentro de s\u00ed un universo entero \u2014hecho de historias, sue\u00f1os y canciones. Cabe a la educaci\u00f3n crear espacios pedag\u00f3gicos vivos y acogedores, capaces de permitir que ese universo florezca, para que cada ser humano pueda realizar su vocaci\u00f3n m\u00e1s profunda.<\/p>\n<p>Silo, Gandhi y Luther King ense\u00f1aron que \u201cla verdadera revoluci\u00f3n es la de la conciencia\u201d, y es exactamente esa convicci\u00f3n la que orienta el trabajo de la escuela en Cubat\u00e3o. Del deporte al peri\u00f3dico estudiantil, de las clases regulares a las semanas de reflexi\u00f3n sobre la paz y la no-violencia activa, cada iniciativa busca encarnar el principio de que la educaci\u00f3n solo es plena cuando respeta la dignidad del ser humano, trabajando de manera integral el intelecto, la emoci\u00f3n y la motricidad del estudiante, reconociendo en \u00e9l su capacidad infinita de transformaci\u00f3n.<\/p>\n<p><img loading=\"lazy\" decoding=\"async\" class=\"alignnone wp-image-2644496 size-full\" src=\"https:\/\/www.pressenza.com\/wp-content\/uploads\/2025\/10\/images2.jpeg\" alt=\"\" width=\"300\" height=\"168\" \/><\/p>\n","protected":false},"excerpt":{"rendered":"<p>La Escuela Estatal Parque dos Sonhos, ubicada en el Bols\u00e3o 9 de Cubat\u00e3o, litoral de S\u00e3o Paulo, acaba de recibir el Premio Internacional a la Mejor Escuela del Mundo 2025, en la categor\u00eda \u201cSuperando las Adversidades\u201d, concedido por un jurado&hellip;<\/p>\n","protected":false},"author":44,"featured_media":2644494,"comment_status":"closed","ping_status":"closed","sticky":false,"template":"","format":"standard","meta":{"footnotes":""},"categories":[11389,1230,106739,67],"tags":[2749,144349,31398,144348,12034],"class_list":["post-2644490","post","type-post","status-publish","format-standard","has-post-thumbnail","hentry","category-contenido-original","category-educacion-tema","category-noticia","category-sudamerica","tag-brasil-es","tag-cubatao","tag-educacion-para-la-no-violencia","tag-escuela-estatal-parque-dos-sonhos","tag-escuela-publica"],"yoast_head":"<!-- This site is optimized with the Yoast SEO plugin v27.1.1 - https:\/\/yoast.com\/product\/yoast-seo-wordpress\/ -->\n<title>Inspirada en el Humanismo, la Escuela Estatal Parque dos Sonhos, en Cubat\u00e3o (SP), es reconocida como la mejor escuela del mundo en 2025<\/title>\n<meta name=\"description\" content=\"La Escuela Estatal Parque dos Sonhos, ubicada en el Bols\u00e3o 9 de Cubat\u00e3o, litoral de S\u00e3o Paulo, acaba de recibir el Premio Internacional a la Mejor Escuela\" \/>\n<meta name=\"robots\" content=\"index, follow, max-snippet:-1, max-image-preview:large, max-video-preview:-1\" \/>\n<link rel=\"canonical\" href=\"https:\/\/www.pressenza.com\/es\/2025\/10\/inspirada-en-el-humanismo-la-escuela-estatal-parque-dos-sonhos-en-cubatao-sp-es-reconocida-como-la-mejor-escuela-del-mundo-en-2025\/\" \/>\n<meta property=\"og:locale\" content=\"es_ES\" \/>\n<meta property=\"og:type\" content=\"article\" \/>\n<meta property=\"og:title\" content=\"Inspirada en el Humanismo, la Escuela Estatal Parque dos Sonhos, en Cubat\u00e3o (SP), es reconocida como la mejor escuela del mundo en 2025\" \/>\n<meta property=\"og:description\" content=\"La Escuela Estatal Parque dos Sonhos, ubicada en el Bols\u00e3o 9 de Cubat\u00e3o, litoral de S\u00e3o Paulo, acaba de recibir el Premio Internacional a la Mejor Escuela\" \/>\n<meta property=\"og:url\" content=\"https:\/\/www.pressenza.com\/es\/2025\/10\/inspirada-en-el-humanismo-la-escuela-estatal-parque-dos-sonhos-en-cubatao-sp-es-reconocida-como-la-mejor-escuela-del-mundo-en-2025\/\" \/>\n<meta property=\"og:site_name\" content=\"Pressenza\" \/>\n<meta property=\"article:publisher\" content=\"https:\/\/www.facebook.com\/PressenzaItalia\" \/>\n<meta property=\"article:author\" content=\"https:\/\/www.facebook.com\/PressenzaPortugues\" \/>\n<meta property=\"article:published_time\" content=\"2025-10-12T16:12:26+00:00\" \/>\n<meta property=\"og:image\" content=\"https:\/\/www.pressenza.com\/wp-content\/uploads\/2025\/10\/WhatsApp-Image-2025-06-18-at-15.03.26-1024x684-1.jpeg\" \/>\n\t<meta property=\"og:image:width\" content=\"1024\" \/>\n\t<meta property=\"og:image:height\" content=\"684\" \/>\n\t<meta property=\"og:image:type\" content=\"image\/jpeg\" \/>\n<meta name=\"author\" content=\"Reda\u00e7\u00e3o S\u00e3o Paulo\" \/>\n<meta name=\"twitter:card\" content=\"summary_large_image\" \/>\n<meta name=\"twitter:creator\" content=\"@pressenza_pt\" \/>\n<meta name=\"twitter:site\" content=\"@PressenzaIPA\" \/>\n<meta name=\"twitter:label1\" content=\"Escrito por\" \/>\n\t<meta name=\"twitter:data1\" content=\"Reda\u00e7\u00e3o S\u00e3o Paulo\" \/>\n\t<meta name=\"twitter:label2\" content=\"Tiempo de lectura\" \/>\n\t<meta name=\"twitter:data2\" content=\"8 minutos\" \/>\n<script type=\"application\/ld+json\" class=\"yoast-schema-graph\">{\"@context\":\"https:\/\/schema.org\",\"@graph\":[{\"@type\":\"Article\",\"@id\":\"https:\/\/www.pressenza.com\/es\/2025\/10\/inspirada-en-el-humanismo-la-escuela-estatal-parque-dos-sonhos-en-cubatao-sp-es-reconocida-como-la-mejor-escuela-del-mundo-en-2025\/#article\",\"isPartOf\":{\"@id\":\"https:\/\/www.pressenza.com\/es\/2025\/10\/inspirada-en-el-humanismo-la-escuela-estatal-parque-dos-sonhos-en-cubatao-sp-es-reconocida-como-la-mejor-escuela-del-mundo-en-2025\/\"},\"author\":{\"name\":\"Reda\u00e7\u00e3o S\u00e3o Paulo\",\"@id\":\"https:\/\/www.pressenza.com\/es\/#\/schema\/person\/d171826afb7693cfc394da95892bfd93\"},\"headline\":\"Inspirada en el Humanismo, la Escuela Estatal Parque dos Sonhos, en Cubat\u00e3o (SP), es reconocida como la mejor escuela del mundo en 2025\",\"datePublished\":\"2025-10-12T16:12:26+00:00\",\"mainEntityOfPage\":{\"@id\":\"https:\/\/www.pressenza.com\/es\/2025\/10\/inspirada-en-el-humanismo-la-escuela-estatal-parque-dos-sonhos-en-cubatao-sp-es-reconocida-como-la-mejor-escuela-del-mundo-en-2025\/\"},\"wordCount\":1597,\"publisher\":{\"@id\":\"https:\/\/www.pressenza.com\/es\/#organization\"},\"image\":{\"@id\":\"https:\/\/www.pressenza.com\/es\/2025\/10\/inspirada-en-el-humanismo-la-escuela-estatal-parque-dos-sonhos-en-cubatao-sp-es-reconocida-como-la-mejor-escuela-del-mundo-en-2025\/#primaryimage\"},\"thumbnailUrl\":\"https:\/\/www.pressenza.com\/wp-content\/uploads\/2025\/10\/WhatsApp-Image-2025-06-18-at-15.03.26-1024x684-1.jpeg\",\"keywords\":[\"Brasil\",\"Cubat\u00e3o\",\"Educaci\u00f3n para la No-Violencia\",\"Escuela Estatal Parque dos Sonhos\",\"Escuela P\u00fablica\"],\"articleSection\":[\"Contenido Original\",\"Educaci\u00f3n\",\"Noticia\",\"Sudam\u00e9rica\"],\"inLanguage\":\"es\"},{\"@type\":\"WebPage\",\"@id\":\"https:\/\/www.pressenza.com\/es\/2025\/10\/inspirada-en-el-humanismo-la-escuela-estatal-parque-dos-sonhos-en-cubatao-sp-es-reconocida-como-la-mejor-escuela-del-mundo-en-2025\/\",\"url\":\"https:\/\/www.pressenza.com\/es\/2025\/10\/inspirada-en-el-humanismo-la-escuela-estatal-parque-dos-sonhos-en-cubatao-sp-es-reconocida-como-la-mejor-escuela-del-mundo-en-2025\/\",\"name\":\"Inspirada en el Humanismo, la Escuela Estatal Parque dos Sonhos, en Cubat\u00e3o (SP), es reconocida como la mejor escuela del mundo en 2025\",\"isPartOf\":{\"@id\":\"https:\/\/www.pressenza.com\/es\/#website\"},\"primaryImageOfPage\":{\"@id\":\"https:\/\/www.pressenza.com\/es\/2025\/10\/inspirada-en-el-humanismo-la-escuela-estatal-parque-dos-sonhos-en-cubatao-sp-es-reconocida-como-la-mejor-escuela-del-mundo-en-2025\/#primaryimage\"},\"image\":{\"@id\":\"https:\/\/www.pressenza.com\/es\/2025\/10\/inspirada-en-el-humanismo-la-escuela-estatal-parque-dos-sonhos-en-cubatao-sp-es-reconocida-como-la-mejor-escuela-del-mundo-en-2025\/#primaryimage\"},\"thumbnailUrl\":\"https:\/\/www.pressenza.com\/wp-content\/uploads\/2025\/10\/WhatsApp-Image-2025-06-18-at-15.03.26-1024x684-1.jpeg\",\"datePublished\":\"2025-10-12T16:12:26+00:00\",\"description\":\"La Escuela Estatal Parque dos Sonhos, ubicada en el Bols\u00e3o 9 de Cubat\u00e3o, litoral de S\u00e3o Paulo, acaba de recibir el Premio Internacional a la Mejor Escuela\",\"breadcrumb\":{\"@id\":\"https:\/\/www.pressenza.com\/es\/2025\/10\/inspirada-en-el-humanismo-la-escuela-estatal-parque-dos-sonhos-en-cubatao-sp-es-reconocida-como-la-mejor-escuela-del-mundo-en-2025\/#breadcrumb\"},\"inLanguage\":\"es\",\"potentialAction\":[{\"@type\":\"ReadAction\",\"target\":[\"https:\/\/www.pressenza.com\/es\/2025\/10\/inspirada-en-el-humanismo-la-escuela-estatal-parque-dos-sonhos-en-cubatao-sp-es-reconocida-como-la-mejor-escuela-del-mundo-en-2025\/\"]}]},{\"@type\":\"ImageObject\",\"inLanguage\":\"es\",\"@id\":\"https:\/\/www.pressenza.com\/es\/2025\/10\/inspirada-en-el-humanismo-la-escuela-estatal-parque-dos-sonhos-en-cubatao-sp-es-reconocida-como-la-mejor-escuela-del-mundo-en-2025\/#primaryimage\",\"url\":\"https:\/\/www.pressenza.com\/wp-content\/uploads\/2025\/10\/WhatsApp-Image-2025-06-18-at-15.03.26-1024x684-1.jpeg\",\"contentUrl\":\"https:\/\/www.pressenza.com\/wp-content\/uploads\/2025\/10\/WhatsApp-Image-2025-06-18-at-15.03.26-1024x684-1.jpeg\",\"width\":1024,\"height\":684},{\"@type\":\"BreadcrumbList\",\"@id\":\"https:\/\/www.pressenza.com\/es\/2025\/10\/inspirada-en-el-humanismo-la-escuela-estatal-parque-dos-sonhos-en-cubatao-sp-es-reconocida-como-la-mejor-escuela-del-mundo-en-2025\/#breadcrumb\",\"itemListElement\":[{\"@type\":\"ListItem\",\"position\":1,\"name\":\"Accueil\",\"item\":\"https:\/\/www.pressenza.com\/es\/\"},{\"@type\":\"ListItem\",\"position\":2,\"name\":\"Inspirada en el Humanismo, la Escuela Estatal Parque dos Sonhos, en Cubat\u00e3o (SP), es reconocida como la mejor escuela del mundo en 2025\"}]},{\"@type\":\"WebSite\",\"@id\":\"https:\/\/www.pressenza.com\/es\/#website\",\"url\":\"https:\/\/www.pressenza.com\/es\/\",\"name\":\"Pressenza\",\"description\":\"International Press Agency\",\"publisher\":{\"@id\":\"https:\/\/www.pressenza.com\/es\/#organization\"},\"potentialAction\":[{\"@type\":\"SearchAction\",\"target\":{\"@type\":\"EntryPoint\",\"urlTemplate\":\"https:\/\/www.pressenza.com\/es\/?s={search_term_string}\"},\"query-input\":{\"@type\":\"PropertyValueSpecification\",\"valueRequired\":true,\"valueName\":\"search_term_string\"}}],\"inLanguage\":\"es\"},{\"@type\":\"Organization\",\"@id\":\"https:\/\/www.pressenza.com\/es\/#organization\",\"name\":\"Pressenza\",\"url\":\"https:\/\/www.pressenza.com\/es\/\",\"logo\":{\"@type\":\"ImageObject\",\"inLanguage\":\"es\",\"@id\":\"https:\/\/www.pressenza.com\/es\/#\/schema\/logo\/image\/\",\"url\":\"https:\/\/www.pressenza.com\/wp-content\/uploads\/2022\/10\/pressenza_logo_200x200.jpg\",\"contentUrl\":\"https:\/\/www.pressenza.com\/wp-content\/uploads\/2022\/10\/pressenza_logo_200x200.jpg\",\"width\":200,\"height\":200,\"caption\":\"Pressenza\"},\"image\":{\"@id\":\"https:\/\/www.pressenza.com\/es\/#\/schema\/logo\/image\/\"},\"sameAs\":[\"https:\/\/www.facebook.com\/PressenzaItalia\",\"https:\/\/x.com\/PressenzaIPA\"]},{\"@type\":\"Person\",\"@id\":\"https:\/\/www.pressenza.com\/es\/#\/schema\/person\/d171826afb7693cfc394da95892bfd93\",\"name\":\"Reda\u00e7\u00e3o S\u00e3o Paulo\",\"description\":\"News from the Pressenza bureau in Sao Paulo, Brazil\",\"sameAs\":[\"https:\/\/www.facebook.com\/PressenzaPortugues\",\"https:\/\/x.com\/pressenza_pt\"],\"url\":\"https:\/\/www.pressenza.com\/es\/author\/redaccao-sao-paulo\/\"}]}<\/script>\n<!-- \/ Yoast SEO plugin. -->","yoast_head_json":{"title":"Inspirada en el Humanismo, la Escuela Estatal Parque dos Sonhos, en Cubat\u00e3o (SP), es reconocida como la mejor escuela del mundo en 2025","description":"La Escuela Estatal Parque dos Sonhos, ubicada en el Bols\u00e3o 9 de Cubat\u00e3o, litoral de S\u00e3o Paulo, acaba de recibir el Premio Internacional a la Mejor Escuela","robots":{"index":"index","follow":"follow","max-snippet":"max-snippet:-1","max-image-preview":"max-image-preview:large","max-video-preview":"max-video-preview:-1"},"canonical":"https:\/\/www.pressenza.com\/es\/2025\/10\/inspirada-en-el-humanismo-la-escuela-estatal-parque-dos-sonhos-en-cubatao-sp-es-reconocida-como-la-mejor-escuela-del-mundo-en-2025\/","og_locale":"es_ES","og_type":"article","og_title":"Inspirada en el Humanismo, la Escuela Estatal Parque dos Sonhos, en Cubat\u00e3o (SP), es reconocida como la mejor escuela del mundo en 2025","og_description":"La Escuela Estatal Parque dos Sonhos, ubicada en el Bols\u00e3o 9 de Cubat\u00e3o, litoral de S\u00e3o Paulo, acaba de recibir el Premio Internacional a la Mejor Escuela","og_url":"https:\/\/www.pressenza.com\/es\/2025\/10\/inspirada-en-el-humanismo-la-escuela-estatal-parque-dos-sonhos-en-cubatao-sp-es-reconocida-como-la-mejor-escuela-del-mundo-en-2025\/","og_site_name":"Pressenza","article_publisher":"https:\/\/www.facebook.com\/PressenzaItalia","article_author":"https:\/\/www.facebook.com\/PressenzaPortugues","article_published_time":"2025-10-12T16:12:26+00:00","og_image":[{"width":1024,"height":684,"url":"https:\/\/www.pressenza.com\/wp-content\/uploads\/2025\/10\/WhatsApp-Image-2025-06-18-at-15.03.26-1024x684-1.jpeg","type":"image\/jpeg"}],"author":"Reda\u00e7\u00e3o S\u00e3o Paulo","twitter_card":"summary_large_image","twitter_creator":"@pressenza_pt","twitter_site":"@PressenzaIPA","twitter_misc":{"Escrito por":"Reda\u00e7\u00e3o S\u00e3o Paulo","Tiempo de lectura":"8 minutos"},"schema":{"@context":"https:\/\/schema.org","@graph":[{"@type":"Article","@id":"https:\/\/www.pressenza.com\/es\/2025\/10\/inspirada-en-el-humanismo-la-escuela-estatal-parque-dos-sonhos-en-cubatao-sp-es-reconocida-como-la-mejor-escuela-del-mundo-en-2025\/#article","isPartOf":{"@id":"https:\/\/www.pressenza.com\/es\/2025\/10\/inspirada-en-el-humanismo-la-escuela-estatal-parque-dos-sonhos-en-cubatao-sp-es-reconocida-como-la-mejor-escuela-del-mundo-en-2025\/"},"author":{"name":"Reda\u00e7\u00e3o S\u00e3o Paulo","@id":"https:\/\/www.pressenza.com\/es\/#\/schema\/person\/d171826afb7693cfc394da95892bfd93"},"headline":"Inspirada en el Humanismo, la Escuela Estatal Parque dos Sonhos, en Cubat\u00e3o (SP), es reconocida como la mejor escuela del mundo en 2025","datePublished":"2025-10-12T16:12:26+00:00","mainEntityOfPage":{"@id":"https:\/\/www.pressenza.com\/es\/2025\/10\/inspirada-en-el-humanismo-la-escuela-estatal-parque-dos-sonhos-en-cubatao-sp-es-reconocida-como-la-mejor-escuela-del-mundo-en-2025\/"},"wordCount":1597,"publisher":{"@id":"https:\/\/www.pressenza.com\/es\/#organization"},"image":{"@id":"https:\/\/www.pressenza.com\/es\/2025\/10\/inspirada-en-el-humanismo-la-escuela-estatal-parque-dos-sonhos-en-cubatao-sp-es-reconocida-como-la-mejor-escuela-del-mundo-en-2025\/#primaryimage"},"thumbnailUrl":"https:\/\/www.pressenza.com\/wp-content\/uploads\/2025\/10\/WhatsApp-Image-2025-06-18-at-15.03.26-1024x684-1.jpeg","keywords":["Brasil","Cubat\u00e3o","Educaci\u00f3n para la No-Violencia","Escuela Estatal Parque dos Sonhos","Escuela P\u00fablica"],"articleSection":["Contenido Original","Educaci\u00f3n","Noticia","Sudam\u00e9rica"],"inLanguage":"es"},{"@type":"WebPage","@id":"https:\/\/www.pressenza.com\/es\/2025\/10\/inspirada-en-el-humanismo-la-escuela-estatal-parque-dos-sonhos-en-cubatao-sp-es-reconocida-como-la-mejor-escuela-del-mundo-en-2025\/","url":"https:\/\/www.pressenza.com\/es\/2025\/10\/inspirada-en-el-humanismo-la-escuela-estatal-parque-dos-sonhos-en-cubatao-sp-es-reconocida-como-la-mejor-escuela-del-mundo-en-2025\/","name":"Inspirada en el Humanismo, la Escuela Estatal Parque dos Sonhos, en Cubat\u00e3o (SP), es reconocida como la mejor escuela del mundo en 2025","isPartOf":{"@id":"https:\/\/www.pressenza.com\/es\/#website"},"primaryImageOfPage":{"@id":"https:\/\/www.pressenza.com\/es\/2025\/10\/inspirada-en-el-humanismo-la-escuela-estatal-parque-dos-sonhos-en-cubatao-sp-es-reconocida-como-la-mejor-escuela-del-mundo-en-2025\/#primaryimage"},"image":{"@id":"https:\/\/www.pressenza.com\/es\/2025\/10\/inspirada-en-el-humanismo-la-escuela-estatal-parque-dos-sonhos-en-cubatao-sp-es-reconocida-como-la-mejor-escuela-del-mundo-en-2025\/#primaryimage"},"thumbnailUrl":"https:\/\/www.pressenza.com\/wp-content\/uploads\/2025\/10\/WhatsApp-Image-2025-06-18-at-15.03.26-1024x684-1.jpeg","datePublished":"2025-10-12T16:12:26+00:00","description":"La Escuela Estatal Parque dos Sonhos, ubicada en el Bols\u00e3o 9 de Cubat\u00e3o, litoral de S\u00e3o Paulo, acaba de recibir el Premio Internacional a la Mejor Escuela","breadcrumb":{"@id":"https:\/\/www.pressenza.com\/es\/2025\/10\/inspirada-en-el-humanismo-la-escuela-estatal-parque-dos-sonhos-en-cubatao-sp-es-reconocida-como-la-mejor-escuela-del-mundo-en-2025\/#breadcrumb"},"inLanguage":"es","potentialAction":[{"@type":"ReadAction","target":["https:\/\/www.pressenza.com\/es\/2025\/10\/inspirada-en-el-humanismo-la-escuela-estatal-parque-dos-sonhos-en-cubatao-sp-es-reconocida-como-la-mejor-escuela-del-mundo-en-2025\/"]}]},{"@type":"ImageObject","inLanguage":"es","@id":"https:\/\/www.pressenza.com\/es\/2025\/10\/inspirada-en-el-humanismo-la-escuela-estatal-parque-dos-sonhos-en-cubatao-sp-es-reconocida-como-la-mejor-escuela-del-mundo-en-2025\/#primaryimage","url":"https:\/\/www.pressenza.com\/wp-content\/uploads\/2025\/10\/WhatsApp-Image-2025-06-18-at-15.03.26-1024x684-1.jpeg","contentUrl":"https:\/\/www.pressenza.com\/wp-content\/uploads\/2025\/10\/WhatsApp-Image-2025-06-18-at-15.03.26-1024x684-1.jpeg","width":1024,"height":684},{"@type":"BreadcrumbList","@id":"https:\/\/www.pressenza.com\/es\/2025\/10\/inspirada-en-el-humanismo-la-escuela-estatal-parque-dos-sonhos-en-cubatao-sp-es-reconocida-como-la-mejor-escuela-del-mundo-en-2025\/#breadcrumb","itemListElement":[{"@type":"ListItem","position":1,"name":"Accueil","item":"https:\/\/www.pressenza.com\/es\/"},{"@type":"ListItem","position":2,"name":"Inspirada en el Humanismo, la Escuela Estatal Parque dos Sonhos, en Cubat\u00e3o (SP), es reconocida como la mejor escuela del mundo en 2025"}]},{"@type":"WebSite","@id":"https:\/\/www.pressenza.com\/es\/#website","url":"https:\/\/www.pressenza.com\/es\/","name":"Pressenza","description":"International Press Agency","publisher":{"@id":"https:\/\/www.pressenza.com\/es\/#organization"},"potentialAction":[{"@type":"SearchAction","target":{"@type":"EntryPoint","urlTemplate":"https:\/\/www.pressenza.com\/es\/?s={search_term_string}"},"query-input":{"@type":"PropertyValueSpecification","valueRequired":true,"valueName":"search_term_string"}}],"inLanguage":"es"},{"@type":"Organization","@id":"https:\/\/www.pressenza.com\/es\/#organization","name":"Pressenza","url":"https:\/\/www.pressenza.com\/es\/","logo":{"@type":"ImageObject","inLanguage":"es","@id":"https:\/\/www.pressenza.com\/es\/#\/schema\/logo\/image\/","url":"https:\/\/www.pressenza.com\/wp-content\/uploads\/2022\/10\/pressenza_logo_200x200.jpg","contentUrl":"https:\/\/www.pressenza.com\/wp-content\/uploads\/2022\/10\/pressenza_logo_200x200.jpg","width":200,"height":200,"caption":"Pressenza"},"image":{"@id":"https:\/\/www.pressenza.com\/es\/#\/schema\/logo\/image\/"},"sameAs":["https:\/\/www.facebook.com\/PressenzaItalia","https:\/\/x.com\/PressenzaIPA"]},{"@type":"Person","@id":"https:\/\/www.pressenza.com\/es\/#\/schema\/person\/d171826afb7693cfc394da95892bfd93","name":"Reda\u00e7\u00e3o S\u00e3o Paulo","description":"News from the Pressenza bureau in Sao Paulo, Brazil","sameAs":["https:\/\/www.facebook.com\/PressenzaPortugues","https:\/\/x.com\/pressenza_pt"],"url":"https:\/\/www.pressenza.com\/es\/author\/redaccao-sao-paulo\/"}]}},"place":"Sao Paulo, Brasil","original_article_url":"","_links":{"self":[{"href":"https:\/\/www.pressenza.com\/es\/wp-json\/wp\/v2\/posts\/2644490","targetHints":{"allow":["GET"]}}],"collection":[{"href":"https:\/\/www.pressenza.com\/es\/wp-json\/wp\/v2\/posts"}],"about":[{"href":"https:\/\/www.pressenza.com\/es\/wp-json\/wp\/v2\/types\/post"}],"author":[{"embeddable":true,"href":"https:\/\/www.pressenza.com\/es\/wp-json\/wp\/v2\/users\/44"}],"replies":[{"embeddable":true,"href":"https:\/\/www.pressenza.com\/es\/wp-json\/wp\/v2\/comments?post=2644490"}],"version-history":[{"count":1,"href":"https:\/\/www.pressenza.com\/es\/wp-json\/wp\/v2\/posts\/2644490\/revisions"}],"predecessor-version":[{"id":2644497,"href":"https:\/\/www.pressenza.com\/es\/wp-json\/wp\/v2\/posts\/2644490\/revisions\/2644497"}],"wp:featuredmedia":[{"embeddable":true,"href":"https:\/\/www.pressenza.com\/es\/wp-json\/wp\/v2\/media\/2644494"}],"wp:attachment":[{"href":"https:\/\/www.pressenza.com\/es\/wp-json\/wp\/v2\/media?parent=2644490"}],"wp:term":[{"taxonomy":"category","embeddable":true,"href":"https:\/\/www.pressenza.com\/es\/wp-json\/wp\/v2\/categories?post=2644490"},{"taxonomy":"post_tag","embeddable":true,"href":"https:\/\/www.pressenza.com\/es\/wp-json\/wp\/v2\/tags?post=2644490"}],"curies":[{"name":"wp","href":"https:\/\/api.w.org\/{rel}","templated":true}]}}