{"id":2644477,"date":"2025-10-12T16:22:54","date_gmt":"2025-10-12T15:22:54","guid":{"rendered":"https:\/\/www.pressenza.com\/?p=2644477"},"modified":"2025-10-12T16:22:54","modified_gmt":"2025-10-12T15:22:54","slug":"con-quien-habla-claudia","status":"publish","type":"post","link":"https:\/\/www.pressenza.com\/es\/2025\/10\/con-quien-habla-claudia\/","title":{"rendered":"\u00bfCon qui\u00e9n habla Claudia?"},"content":{"rendered":"<p>Nadie puede negar la capacidad que tiene la Presidenta Claudia Sheinbaum Pardo. Si quisi\u00e9ramos hacer una analog\u00eda entre su desempe\u00f1o en el ejercicio p\u00fablico y el de, por ejemplo, un deportista profesional y sobresaliente, observar\u00edamos una buena \u201ccondici\u00f3n f\u00edsica\u201d por arriba del promedio; observar\u00edamos una excelente ubicaci\u00f3n, o sea, siempre est\u00e1 en el lugar previamente planeado, tomando en cuenta las variantes que puedan surgir; notar\u00edamos el sentido de la oportunidad para ejecutar un movimiento en el momento preciso (los que gustan de anglicismos le llaman el Timing); por otro lado, muestra oficio en un alto porcentaje, al momento de tomar decisiones, no pierde piso ni le ganan las emociones. Tambi\u00e9n, ha mostrado buenos dotes de estratega que le aprendi\u00f3 muy bien a su \u201centrenador\u201d, Andr\u00e9s Manuel L\u00f3pez Obrador.<\/p>\n<p>Basta con rebobinar el discurso de rendici\u00f3n de cuentas del primer a\u00f1o que ofreci\u00f3 en el Z\u00f3calo el 5 de octubre, y hacer un repaso de la cantidad de reformas constitucionales y modificaciones a las leyes, la cantidad de proyectos y asignaci\u00f3n de presupuesto en los distintos rubros, sin exagerar, es impresionante. Por mencionar algunos, los que competen a la soberan\u00eda energ\u00e9tica, revirtiendo las aprobadas en el mandato de Pe\u00f1a Nieto, otro es que ante la amenaza del pa\u00eds del norte y el deseo de la oposici\u00f3n pol\u00edtica anti-mexicana, de que nuestro pa\u00eds sea invadido por aquellas fuerzas militares, Claudia Sheinbaum mencion\u00f3 que en el art\u00edculo 40 de la Constituci\u00f3n, qued\u00f3 bien claro y detallado el siguiente p\u00e1rrafo:<\/p>\n<p><strong><em>\u201cEl Pueblo de M\u00e9xico, bajo ninguna circunstancia, aceptar\u00e1 intervenciones, intromisiones o cualquier otro acto desde el extranjero que sea lesivo a su integridad, independencia y soberan\u00eda, tales como golpes de Estado, injerencia en elecciones o la violaci\u00f3n del territorio mexicano, sea esta por tierra, mar o espacio a\u00e9reo\u201d.<\/em> <\/strong><\/p>\n<p>Por supuesto que ella no act\u00faa y dise\u00f1a el proyecto sola, a su imaginaci\u00f3n y criterio, es parte de un gobierno que emana del movimiento de la cuarta transformaci\u00f3n, en el que hay muchas fortalezas pero tambi\u00e9n debilidades, hay errores, hay asuntos pendientes a los que no se les da el trato necesario, las cifras y datos oficiales, deben ser revisadas a diario y con minuciosidad; hay fricciones y desencuentros en una diversidad que interact\u00faa en direcci\u00f3n del cumplimiento de un proyecto, esta organizaci\u00f3n, de principios progresistas y humanistas, no deja de tener su lado pol\u00edtico y estar formado por pol\u00edticos de carne y hueso con intereses personales, y con presiones de grupo.<\/p>\n<p>Mientras la Cient\u00edfica, incrementa su aceptaci\u00f3n y popularidad, el aparato pol\u00edtico (el Partido) y algunos personajes incrementan el rechazo y mala fama. \u00bfC\u00f3mo es esto?<\/p>\n<p>Hace algunas semanas, un reportero hidalguense, pregunt\u00f3 a la Presidenta en la ma\u00f1anera, c\u00f3mo afrontar la corrupci\u00f3n en los Municipios, ella se limit\u00f3 a responder que no se debe generalizar, si hay actos de corrupci\u00f3n, deben denunciarse con pruebas, dijo. Por otra parte, hace unos d\u00edas, un diputado morenista mencion\u00f3 textualmente en la reuni\u00f3n de una congregaci\u00f3n religiosa, que \u201cel 70% del pa\u00eds, est\u00e1 dominado por el narco\u201d, luego en una entrevista lo matiz\u00f3, aclarando que este problema se presenta en los municipios y que no se refiere a un narco-gobierno, que tenemos una \u201cnarco sociedad\u201d\u2026 As\u00ed que, m\u00e1s all\u00e1 de la exageraci\u00f3n, de intenciones ocultas y de las batallas de propaganda, nuestra atenci\u00f3n debe estar puesta en los indicadores que vayan apareciendo, no solo de la superestructura nacional sino a nivel de piso, que es donde se desarrolla la mayor actividad social, pol\u00edtica y econ\u00f3mica.<\/p>\n<p>Si Usted tuviera oportunidad de presenciar algunas conversaciones de funcionarios en un Municipio de cualquier regi\u00f3n del pa\u00eds, si pudiera escuchar ciertos intercambios entre diputados, senadores, entre bur\u00f3cratas de cualquier dependencia en los tres niveles o de los mismos militantes del Partido; si pudiera conocer las actitudes o una parte de sus aspiraciones, se sorprender\u00eda al comprobar, que la relaci\u00f3n con ese proyecto de transformaci\u00f3n es muy superficial o casi nula. Espero que se sobre entienda que no hablo de la oposici\u00f3n pol\u00edtica de Derecha como el PAN, el PRI o MC, esos, como dice una periodista, \u201cya no pintan\u201d en el escenario, solo me refiero al espectro de la 4T.<\/p>\n<p>Los dimes y diretes sobre qui\u00e9n debe ser la candidata o candidato para tal cargo en 2027 y en 2030; las disputas por los afiliados y del territorio entre grupos para ampliar un padr\u00f3n de gente que pueda ser movilizada en su oportunidad; las t\u00e1cticas para sabotear la reuni\u00f3n del contrincante o para causarle una mala reputaci\u00f3n p\u00fablica por medio de una nota period\u00edstica o en las redes sociales, son solo una peque\u00f1a probada de lo que se mueve por detr\u00e1s de esos rostros sonrientes, detr\u00e1s de esas declaraciones tan audaces en las que afirman estar muy comprometidos con el pa\u00eds.<\/p>\n<p>\u00bfY con qui\u00e9n habla Claudia, entonces?<\/p>\n<p>Al momento de escuchar las aserciones de una Presidenta que lidera todo un aparato administrativo y en su momento, al Presidente L\u00f3pez Obrador, cualquiera pensar\u00eda que, aunque no faltan las divergencias, ese enorme aparato que se compone de burocracia, Partido y militancia, est\u00e1n en una misma sinton\u00eda y que todo se va acomodando hacia el mismo objetivo y con el mismo sentimiento, resolviendo los inconvenientes con el uso del Di\u00e1logo, herramienta fundamental de la pol\u00edtica, este di\u00e1logo hoy tan distorsionado, tan falta de rigor y vac\u00edo.<\/p>\n<p>Sucede que el di\u00e1logo, en el caso de la Presidenta, se extiende adem\u00e1s con todo el resto de los interlocutores sociales: la oposici\u00f3n pol\u00edtica, los poderes legislativo y judicial, la clase empresarial y financiera, las diferentes instituciones de culto, las diversas colectividades ind\u00edgenas, las juventudes, la tercera edad, los grupos feministas, los medios de comunicaci\u00f3n, el \u00e1mbito internacional y tantos otros. Y una vez m\u00e1s, se comprueba que el di\u00e1logo m\u00e1s s\u00f3lido y duradero que puede tener un gobernante, es y ser\u00e1, el que se establece con el Pueblo, sea este tangible como en las ya tradicionales arengas en espacios p\u00fablicos, a trav\u00e9s de las redes o simplemente en sentimiento.<\/p>\n<p>Una tesis doctoral acerca del di\u00e1logo, del escritor humanista Silo, se enuncia as\u00ed:<\/p>\n<p><strong><em>\u201cNo existe di\u00e1logo completo, si no se considera a los elementos pre-dialogales en los que se basa la necesidad de dicho di\u00e1logo\u201d.<\/em><\/strong><\/p>\n<p>Es decir, si lo colocamos como marco te\u00f3rico, dir\u00edamos que, entre aquellos que manifiesten el deseo de impulsar esta gran empresa que es la transformaci\u00f3n de un pa\u00eds, deben existir unas m\u00ednimas condiciones de di\u00e1logo. Puede haber desacuerdo, coincidencias o discusiones acaloradas y aun con todo eso, puede haber una conexi\u00f3n genuina. Pero otra situaci\u00f3n que suele presentarse es una desconexi\u00f3n y desinter\u00e9s del punto que se est\u00e1 tratando y en todo momento, sobrellevar el intercambio en un ambiente de \u201cdi\u00e1logo de sordos\u201d o un \u201ccada loco con su tema\u201d.<\/p>\n<p>Al defender su tesis, este pensador latinoamericano expuso, <strong><em>\u201cpara que un di\u00e1logo sea coherente, es necesario que las partes,<\/em><\/strong><\/p>\n<p><strong><em>1\u00b0.- Coincidan respecto al tema fijado<\/em><\/strong><\/p>\n<p><strong><em>2\u00b0.- Ponderen el tema en un grado de importancia similar<\/em><\/strong><\/p>\n<p><strong><em>3\u00b0.- Posean una definici\u00f3n com\u00fan de los t\u00e9rminos decisivos utilizados\u201d<\/em><\/strong><\/p>\n<p>A la luz de los esc\u00e1ndalos de corrupci\u00f3n o huachicoleo recientes, de los gastos suntuosos de pol\u00edticos que exceden la justa median\u00eda, por los fuegos que tiene que controlar la Presidenta por las constantes pifias, desvar\u00edos o disputas entre integrantes del movimiento, por las correcciones de la plana que les tiene que aplicar, por todo esto y m\u00e1s, que desde los primeros tiempos en 2018, el entusiasmo inicial imped\u00eda distinguir, ahora se evidencia que, muchas y muchos que se posicionaron en cargos, territorios, incluso, han ganado elecciones desde que AMLO y Morena arribaron al poder, est\u00e1n muy lejos de coincidir en la fijaci\u00f3n del tema principal que en este caso, es la transformaci\u00f3n y la revoluci\u00f3n de las conciencias; tampoco est\u00e1n interesados en \u201climpiar las escaleras\u201d, en ponderar la importancia del tema-objetivo de manera m\u00e1s o menos similar con lo plasmado en los principios y finalmente si los t\u00e9rminos utilizados no son comunes en el significado que se les otorga, se entorpecer\u00e1 el ejercicio de intercambio en definitiva.<\/p>\n<p>Las condiciones del di\u00e1logo, son trastocadas por algunos factores como son, las intenciones previas que cada una de las partes activas, esconde. Estas intenciones derivan de creencias, experiencias o valoraciones, de acuerdo a la sensibilidad de la \u00e9poca que les toca vivir, y en sus consecuencias pr\u00e1cticas, cada qui\u00e9n va en una direcci\u00f3n y utiliza algunas formas no muy \u00e9ticas para llevar agua a su molino, utilizan la traici\u00f3n y el golpeteo, aunque en lo superficial parezca que hay una perfecta armon\u00eda y entendimiento. As\u00ed est\u00e1n las cosas.<\/p>\n<p>Continuando con las argumentaciones doctorales de este fil\u00f3sofo, si<\/p>\n<p><strong><em>\u201cEl di\u00e1logo es algo vivo en el que el intercambio de ideas, afectos y experiencias, est\u00e1 te\u00f1ido por la irracionalidad de la existencia, (y) esta vida humana con sus creencias, temores y esperanzas, odios, ambiciones e ideales de \u00e9poca, son la base de todo di\u00e1logo\u201d<\/em><\/strong><\/p>\n<p>Entonces<\/p>\n<p><strong><em>\u201cEl di\u00e1logo, factor decisivo en la construcci\u00f3n humana, no queda reducido a los rigores de la l\u00f3gica o de la ling\u00fc\u00edstica\u201d<\/em><\/strong><\/p>\n<p>Por tanto, de la pregunta, \u00bfcon qui\u00e9n habla Claudia? (que quedar\u00e1 abierta), deriva una siguiente,<\/p>\n<p>\u00bfEn qu\u00e9 se sostiene el proyecto de pa\u00eds con tantos embates internos y externos?<\/p>\n<p>La Presidenta, en su documental de los primeros 365 d\u00edas, una vez m\u00e1s, deja escapar una se\u00f1al desde lo profundo cuando dijo: \u201c\u2026Pienso que es lo que representa nuestro movimiento, lo que \u00e9l (AMLO) deja en el gobierno, en su lucha y lo que queremos seguir, que <strong>es un profundo humanismo, un amor al pr\u00f3jimo<\/strong>. Finalmente eso es lo que nos mueve\u201d.<\/p>\n<p>\u201cNo es nada m\u00e1s qu\u00e9 hacemos sino por qu\u00e9 lo hacemos, (y recomend\u00f3): luchen por su pa\u00eds siempre, no se dejen llevar por el individualismo, el deseo de dinero, de poder, de fama, piensen en sus compa\u00f1eras y compa\u00f1eros, en la gente que sufre, que le den sentido a su vida desde una perspectiva colectiva y beneficio colectivo\u201d Hasta aqu\u00ed la Presidenta.<\/p>\n<p>Esta se\u00f1al, por ahora, es solo una pincelada que poco a poco va dibujando el modelo de sociedad que queremos construir.<\/p>\n<p>El fundador de la corriente de pensamiento, \u201chumanismo universalista\u201d o \u201cnuevo humanismo\u201d, al ser reconocido por la Academia de Ciencias de Rusia, con el Doctorado <em>Honoris Causa<\/em>, el 6 de octubre de 1993, cuando el neoliberalismo aquietaba a las poblaciones con pesimismo y resignaci\u00f3n, devel\u00f3 una esperanza de futuro:<\/p>\n<p><strong><em>\u201cEn algunas latitudes, ha comenzado a moverse algo nuevo, algo que empezando en di\u00e1logo de especialistas, estar\u00e1 luego ocupando la plaza p\u00fablica\u201d.<\/em><\/strong><\/p>\n<p>&nbsp;<\/p>\n<p>&nbsp;<\/p>\n","protected":false},"excerpt":{"rendered":"<p>Nadie puede negar la capacidad que tiene la Presidenta Claudia Sheinbaum Pardo. Si quisi\u00e9ramos hacer una analog\u00eda entre su desempe\u00f1o en el ejercicio p\u00fablico y el de, por ejemplo, un deportista profesional y sobresaliente, observar\u00edamos una buena \u201ccondici\u00f3n f\u00edsica\u201d por&hellip;<\/p>\n","protected":false},"author":2446,"featured_media":2644488,"comment_status":"closed","ping_status":"closed","sticky":false,"template":"","format":"standard","meta":{"footnotes":""},"categories":[11389,1240,68,161,74],"tags":[122491,63766,108006,1321],"class_list":["post-2644477","post","type-post","status-publish","format-standard","has-post-thumbnail","hentry","category-contenido-original","category-humanismo-espiritualidad","category-norteamerica","category-opiniones","category-politica-es","tag-claudia-sheinbaum-es","tag-cuarta-transformacion","tag-humanismo-mexicano","tag-mexico"],"yoast_head":"<!-- This site is optimized with the Yoast SEO plugin v27.1.1 - https:\/\/yoast.com\/product\/yoast-seo-wordpress\/ -->\n<title>\u00bfCon qui\u00e9n habla Claudia?<\/title>\n<meta name=\"description\" content=\"Nadie puede negar la capacidad que tiene la Presidenta Claudia Sheinbaum Pardo. Si quisi\u00e9ramos hacer una analog\u00eda entre su desempe\u00f1o en el ejercicio\" \/>\n<meta name=\"robots\" content=\"index, follow, max-snippet:-1, max-image-preview:large, max-video-preview:-1\" \/>\n<link rel=\"canonical\" href=\"https:\/\/www.pressenza.com\/es\/2025\/10\/con-quien-habla-claudia\/\" \/>\n<meta property=\"og:locale\" content=\"es_ES\" \/>\n<meta property=\"og:type\" content=\"article\" \/>\n<meta property=\"og:title\" content=\"\u00bfCon qui\u00e9n habla Claudia?\" \/>\n<meta property=\"og:description\" content=\"Nadie puede negar la capacidad que tiene la Presidenta Claudia Sheinbaum Pardo. Si quisi\u00e9ramos hacer una analog\u00eda entre su desempe\u00f1o en el ejercicio\" \/>\n<meta property=\"og:url\" content=\"https:\/\/www.pressenza.com\/es\/2025\/10\/con-quien-habla-claudia\/\" \/>\n<meta property=\"og:site_name\" content=\"Pressenza\" \/>\n<meta property=\"article:publisher\" content=\"https:\/\/www.facebook.com\/PressenzaItalia\" \/>\n<meta property=\"article:published_time\" content=\"2025-10-12T15:22:54+00:00\" \/>\n<meta property=\"og:image\" content=\"https:\/\/www.pressenza.com\/wp-content\/uploads\/2025\/10\/5075d228b7c34bfbb6e091299db07ffd.png\" \/>\n\t<meta property=\"og:image:width\" content=\"1024\" \/>\n\t<meta property=\"og:image:height\" content=\"696\" \/>\n\t<meta property=\"og:image:type\" content=\"image\/png\" \/>\n<meta name=\"author\" content=\"Jes\u00fas Ortega L\u00f3pez\" \/>\n<meta name=\"twitter:card\" content=\"summary_large_image\" \/>\n<meta name=\"twitter:creator\" content=\"@PressenzaIPA\" \/>\n<meta name=\"twitter:site\" content=\"@PressenzaIPA\" \/>\n<meta name=\"twitter:label1\" content=\"Escrito por\" \/>\n\t<meta name=\"twitter:data1\" content=\"Jes\u00fas Ortega L\u00f3pez\" \/>\n\t<meta name=\"twitter:label2\" content=\"Tiempo de lectura\" \/>\n\t<meta name=\"twitter:data2\" content=\"9 minutos\" \/>\n<script type=\"application\/ld+json\" class=\"yoast-schema-graph\">{\"@context\":\"https:\/\/schema.org\",\"@graph\":[{\"@type\":\"Article\",\"@id\":\"https:\/\/www.pressenza.com\/es\/2025\/10\/con-quien-habla-claudia\/#article\",\"isPartOf\":{\"@id\":\"https:\/\/www.pressenza.com\/es\/2025\/10\/con-quien-habla-claudia\/\"},\"author\":{\"name\":\"Jes\u00fas Ortega L\u00f3pez\",\"@id\":\"https:\/\/www.pressenza.com\/es\/#\/schema\/person\/09eeaa71fa020f657379015691e91969\"},\"headline\":\"\u00bfCon qui\u00e9n habla Claudia?\",\"datePublished\":\"2025-10-12T15:22:54+00:00\",\"mainEntityOfPage\":{\"@id\":\"https:\/\/www.pressenza.com\/es\/2025\/10\/con-quien-habla-claudia\/\"},\"wordCount\":1896,\"publisher\":{\"@id\":\"https:\/\/www.pressenza.com\/es\/#organization\"},\"image\":{\"@id\":\"https:\/\/www.pressenza.com\/es\/2025\/10\/con-quien-habla-claudia\/#primaryimage\"},\"thumbnailUrl\":\"https:\/\/www.pressenza.com\/wp-content\/uploads\/2025\/10\/5075d228b7c34bfbb6e091299db07ffd.png\",\"keywords\":[\"Claudia Sheinbaum\",\"Cuarta Transformaci\u00f3n\",\"Humanismo mexicano\",\"M\u00e9xico\"],\"articleSection\":[\"Contenido Original\",\"Humanismo y Espiritualidad\",\"Norteam\u00e9rica\",\"Opiniones\",\"Pol\u00edtica\"],\"inLanguage\":\"es\"},{\"@type\":\"WebPage\",\"@id\":\"https:\/\/www.pressenza.com\/es\/2025\/10\/con-quien-habla-claudia\/\",\"url\":\"https:\/\/www.pressenza.com\/es\/2025\/10\/con-quien-habla-claudia\/\",\"name\":\"\u00bfCon qui\u00e9n habla Claudia?\",\"isPartOf\":{\"@id\":\"https:\/\/www.pressenza.com\/es\/#website\"},\"primaryImageOfPage\":{\"@id\":\"https:\/\/www.pressenza.com\/es\/2025\/10\/con-quien-habla-claudia\/#primaryimage\"},\"image\":{\"@id\":\"https:\/\/www.pressenza.com\/es\/2025\/10\/con-quien-habla-claudia\/#primaryimage\"},\"thumbnailUrl\":\"https:\/\/www.pressenza.com\/wp-content\/uploads\/2025\/10\/5075d228b7c34bfbb6e091299db07ffd.png\",\"datePublished\":\"2025-10-12T15:22:54+00:00\",\"description\":\"Nadie puede negar la capacidad que tiene la Presidenta Claudia Sheinbaum Pardo. Si quisi\u00e9ramos hacer una analog\u00eda entre su desempe\u00f1o en el ejercicio\",\"breadcrumb\":{\"@id\":\"https:\/\/www.pressenza.com\/es\/2025\/10\/con-quien-habla-claudia\/#breadcrumb\"},\"inLanguage\":\"es\",\"potentialAction\":[{\"@type\":\"ReadAction\",\"target\":[\"https:\/\/www.pressenza.com\/es\/2025\/10\/con-quien-habla-claudia\/\"]}]},{\"@type\":\"ImageObject\",\"inLanguage\":\"es\",\"@id\":\"https:\/\/www.pressenza.com\/es\/2025\/10\/con-quien-habla-claudia\/#primaryimage\",\"url\":\"https:\/\/www.pressenza.com\/wp-content\/uploads\/2025\/10\/5075d228b7c34bfbb6e091299db07ffd.png\",\"contentUrl\":\"https:\/\/www.pressenza.com\/wp-content\/uploads\/2025\/10\/5075d228b7c34bfbb6e091299db07ffd.png\",\"width\":1024,\"height\":696},{\"@type\":\"BreadcrumbList\",\"@id\":\"https:\/\/www.pressenza.com\/es\/2025\/10\/con-quien-habla-claudia\/#breadcrumb\",\"itemListElement\":[{\"@type\":\"ListItem\",\"position\":1,\"name\":\"Accueil\",\"item\":\"https:\/\/www.pressenza.com\/es\/\"},{\"@type\":\"ListItem\",\"position\":2,\"name\":\"\u00bfCon qui\u00e9n habla Claudia?\"}]},{\"@type\":\"WebSite\",\"@id\":\"https:\/\/www.pressenza.com\/es\/#website\",\"url\":\"https:\/\/www.pressenza.com\/es\/\",\"name\":\"Pressenza\",\"description\":\"International Press Agency\",\"publisher\":{\"@id\":\"https:\/\/www.pressenza.com\/es\/#organization\"},\"potentialAction\":[{\"@type\":\"SearchAction\",\"target\":{\"@type\":\"EntryPoint\",\"urlTemplate\":\"https:\/\/www.pressenza.com\/es\/?s={search_term_string}\"},\"query-input\":{\"@type\":\"PropertyValueSpecification\",\"valueRequired\":true,\"valueName\":\"search_term_string\"}}],\"inLanguage\":\"es\"},{\"@type\":\"Organization\",\"@id\":\"https:\/\/www.pressenza.com\/es\/#organization\",\"name\":\"Pressenza\",\"url\":\"https:\/\/www.pressenza.com\/es\/\",\"logo\":{\"@type\":\"ImageObject\",\"inLanguage\":\"es\",\"@id\":\"https:\/\/www.pressenza.com\/es\/#\/schema\/logo\/image\/\",\"url\":\"https:\/\/www.pressenza.com\/wp-content\/uploads\/2022\/10\/pressenza_logo_200x200.jpg\",\"contentUrl\":\"https:\/\/www.pressenza.com\/wp-content\/uploads\/2022\/10\/pressenza_logo_200x200.jpg\",\"width\":200,\"height\":200,\"caption\":\"Pressenza\"},\"image\":{\"@id\":\"https:\/\/www.pressenza.com\/es\/#\/schema\/logo\/image\/\"},\"sameAs\":[\"https:\/\/www.facebook.com\/PressenzaItalia\",\"https:\/\/x.com\/PressenzaIPA\"]},{\"@type\":\"Person\",\"@id\":\"https:\/\/www.pressenza.com\/es\/#\/schema\/person\/09eeaa71fa020f657379015691e91969\",\"name\":\"Jes\u00fas Ortega L\u00f3pez\",\"url\":\"https:\/\/www.pressenza.com\/es\/author\/jesus-ortega-lopez\/\"}]}<\/script>\n<!-- \/ Yoast SEO plugin. -->","yoast_head_json":{"title":"\u00bfCon qui\u00e9n habla Claudia?","description":"Nadie puede negar la capacidad que tiene la Presidenta Claudia Sheinbaum Pardo. Si quisi\u00e9ramos hacer una analog\u00eda entre su desempe\u00f1o en el ejercicio","robots":{"index":"index","follow":"follow","max-snippet":"max-snippet:-1","max-image-preview":"max-image-preview:large","max-video-preview":"max-video-preview:-1"},"canonical":"https:\/\/www.pressenza.com\/es\/2025\/10\/con-quien-habla-claudia\/","og_locale":"es_ES","og_type":"article","og_title":"\u00bfCon qui\u00e9n habla Claudia?","og_description":"Nadie puede negar la capacidad que tiene la Presidenta Claudia Sheinbaum Pardo. Si quisi\u00e9ramos hacer una analog\u00eda entre su desempe\u00f1o en el ejercicio","og_url":"https:\/\/www.pressenza.com\/es\/2025\/10\/con-quien-habla-claudia\/","og_site_name":"Pressenza","article_publisher":"https:\/\/www.facebook.com\/PressenzaItalia","article_published_time":"2025-10-12T15:22:54+00:00","og_image":[{"width":1024,"height":696,"url":"https:\/\/www.pressenza.com\/wp-content\/uploads\/2025\/10\/5075d228b7c34bfbb6e091299db07ffd.png","type":"image\/png"}],"author":"Jes\u00fas Ortega L\u00f3pez","twitter_card":"summary_large_image","twitter_creator":"@PressenzaIPA","twitter_site":"@PressenzaIPA","twitter_misc":{"Escrito por":"Jes\u00fas Ortega L\u00f3pez","Tiempo de lectura":"9 minutos"},"schema":{"@context":"https:\/\/schema.org","@graph":[{"@type":"Article","@id":"https:\/\/www.pressenza.com\/es\/2025\/10\/con-quien-habla-claudia\/#article","isPartOf":{"@id":"https:\/\/www.pressenza.com\/es\/2025\/10\/con-quien-habla-claudia\/"},"author":{"name":"Jes\u00fas Ortega L\u00f3pez","@id":"https:\/\/www.pressenza.com\/es\/#\/schema\/person\/09eeaa71fa020f657379015691e91969"},"headline":"\u00bfCon qui\u00e9n habla Claudia?","datePublished":"2025-10-12T15:22:54+00:00","mainEntityOfPage":{"@id":"https:\/\/www.pressenza.com\/es\/2025\/10\/con-quien-habla-claudia\/"},"wordCount":1896,"publisher":{"@id":"https:\/\/www.pressenza.com\/es\/#organization"},"image":{"@id":"https:\/\/www.pressenza.com\/es\/2025\/10\/con-quien-habla-claudia\/#primaryimage"},"thumbnailUrl":"https:\/\/www.pressenza.com\/wp-content\/uploads\/2025\/10\/5075d228b7c34bfbb6e091299db07ffd.png","keywords":["Claudia Sheinbaum","Cuarta Transformaci\u00f3n","Humanismo mexicano","M\u00e9xico"],"articleSection":["Contenido Original","Humanismo y Espiritualidad","Norteam\u00e9rica","Opiniones","Pol\u00edtica"],"inLanguage":"es"},{"@type":"WebPage","@id":"https:\/\/www.pressenza.com\/es\/2025\/10\/con-quien-habla-claudia\/","url":"https:\/\/www.pressenza.com\/es\/2025\/10\/con-quien-habla-claudia\/","name":"\u00bfCon qui\u00e9n habla Claudia?","isPartOf":{"@id":"https:\/\/www.pressenza.com\/es\/#website"},"primaryImageOfPage":{"@id":"https:\/\/www.pressenza.com\/es\/2025\/10\/con-quien-habla-claudia\/#primaryimage"},"image":{"@id":"https:\/\/www.pressenza.com\/es\/2025\/10\/con-quien-habla-claudia\/#primaryimage"},"thumbnailUrl":"https:\/\/www.pressenza.com\/wp-content\/uploads\/2025\/10\/5075d228b7c34bfbb6e091299db07ffd.png","datePublished":"2025-10-12T15:22:54+00:00","description":"Nadie puede negar la capacidad que tiene la Presidenta Claudia Sheinbaum Pardo. Si quisi\u00e9ramos hacer una analog\u00eda entre su desempe\u00f1o en el ejercicio","breadcrumb":{"@id":"https:\/\/www.pressenza.com\/es\/2025\/10\/con-quien-habla-claudia\/#breadcrumb"},"inLanguage":"es","potentialAction":[{"@type":"ReadAction","target":["https:\/\/www.pressenza.com\/es\/2025\/10\/con-quien-habla-claudia\/"]}]},{"@type":"ImageObject","inLanguage":"es","@id":"https:\/\/www.pressenza.com\/es\/2025\/10\/con-quien-habla-claudia\/#primaryimage","url":"https:\/\/www.pressenza.com\/wp-content\/uploads\/2025\/10\/5075d228b7c34bfbb6e091299db07ffd.png","contentUrl":"https:\/\/www.pressenza.com\/wp-content\/uploads\/2025\/10\/5075d228b7c34bfbb6e091299db07ffd.png","width":1024,"height":696},{"@type":"BreadcrumbList","@id":"https:\/\/www.pressenza.com\/es\/2025\/10\/con-quien-habla-claudia\/#breadcrumb","itemListElement":[{"@type":"ListItem","position":1,"name":"Accueil","item":"https:\/\/www.pressenza.com\/es\/"},{"@type":"ListItem","position":2,"name":"\u00bfCon qui\u00e9n habla Claudia?"}]},{"@type":"WebSite","@id":"https:\/\/www.pressenza.com\/es\/#website","url":"https:\/\/www.pressenza.com\/es\/","name":"Pressenza","description":"International Press Agency","publisher":{"@id":"https:\/\/www.pressenza.com\/es\/#organization"},"potentialAction":[{"@type":"SearchAction","target":{"@type":"EntryPoint","urlTemplate":"https:\/\/www.pressenza.com\/es\/?s={search_term_string}"},"query-input":{"@type":"PropertyValueSpecification","valueRequired":true,"valueName":"search_term_string"}}],"inLanguage":"es"},{"@type":"Organization","@id":"https:\/\/www.pressenza.com\/es\/#organization","name":"Pressenza","url":"https:\/\/www.pressenza.com\/es\/","logo":{"@type":"ImageObject","inLanguage":"es","@id":"https:\/\/www.pressenza.com\/es\/#\/schema\/logo\/image\/","url":"https:\/\/www.pressenza.com\/wp-content\/uploads\/2022\/10\/pressenza_logo_200x200.jpg","contentUrl":"https:\/\/www.pressenza.com\/wp-content\/uploads\/2022\/10\/pressenza_logo_200x200.jpg","width":200,"height":200,"caption":"Pressenza"},"image":{"@id":"https:\/\/www.pressenza.com\/es\/#\/schema\/logo\/image\/"},"sameAs":["https:\/\/www.facebook.com\/PressenzaItalia","https:\/\/x.com\/PressenzaIPA"]},{"@type":"Person","@id":"https:\/\/www.pressenza.com\/es\/#\/schema\/person\/09eeaa71fa020f657379015691e91969","name":"Jes\u00fas Ortega L\u00f3pez","url":"https:\/\/www.pressenza.com\/es\/author\/jesus-ortega-lopez\/"}]}},"place":"Ciudad de M\u00e9xico, M\u00e9xico","original_article_url":"","_links":{"self":[{"href":"https:\/\/www.pressenza.com\/es\/wp-json\/wp\/v2\/posts\/2644477","targetHints":{"allow":["GET"]}}],"collection":[{"href":"https:\/\/www.pressenza.com\/es\/wp-json\/wp\/v2\/posts"}],"about":[{"href":"https:\/\/www.pressenza.com\/es\/wp-json\/wp\/v2\/types\/post"}],"author":[{"embeddable":true,"href":"https:\/\/www.pressenza.com\/es\/wp-json\/wp\/v2\/users\/2446"}],"replies":[{"embeddable":true,"href":"https:\/\/www.pressenza.com\/es\/wp-json\/wp\/v2\/comments?post=2644477"}],"version-history":[{"count":1,"href":"https:\/\/www.pressenza.com\/es\/wp-json\/wp\/v2\/posts\/2644477\/revisions"}],"predecessor-version":[{"id":2644489,"href":"https:\/\/www.pressenza.com\/es\/wp-json\/wp\/v2\/posts\/2644477\/revisions\/2644489"}],"wp:featuredmedia":[{"embeddable":true,"href":"https:\/\/www.pressenza.com\/es\/wp-json\/wp\/v2\/media\/2644488"}],"wp:attachment":[{"href":"https:\/\/www.pressenza.com\/es\/wp-json\/wp\/v2\/media?parent=2644477"}],"wp:term":[{"taxonomy":"category","embeddable":true,"href":"https:\/\/www.pressenza.com\/es\/wp-json\/wp\/v2\/categories?post=2644477"},{"taxonomy":"post_tag","embeddable":true,"href":"https:\/\/www.pressenza.com\/es\/wp-json\/wp\/v2\/tags?post=2644477"}],"curies":[{"name":"wp","href":"https:\/\/api.w.org\/{rel}","templated":true}]}}