{"id":2643954,"date":"2025-10-10T21:59:56","date_gmt":"2025-10-10T20:59:56","guid":{"rendered":"https:\/\/www.pressenza.com\/?p=2643954"},"modified":"2025-10-11T00:34:52","modified_gmt":"2025-10-10T23:34:52","slug":"la-nueva-guerra-fria-por-el-agua-en-el-planeta","status":"publish","type":"post","link":"https:\/\/www.pressenza.com\/es\/2025\/10\/la-nueva-guerra-fria-por-el-agua-en-el-planeta\/","title":{"rendered":"La nueva Guerra Fr\u00eda por el agua en el planeta"},"content":{"rendered":"<h3>\u201c<strong>El siglo XXI no se define solo por el petr\u00f3leo, la s\u00edlice ni el litio. El agua es el recurso estrat\u00e9gico que ya divide al planeta\u201d.<\/strong><\/h3>\n<p><strong>El agua es el recurso m\u00e1s vital del planeta<\/strong>. Sin agua no hay agricultura, no hay industria, no hay vida. Sin embargo, en pleno siglo XXI el agua se est\u00e1 volviendo m\u00e1s escasa que el petr\u00f3leo en vastas regiones del mundo. La paradoja es brutal. La Tierra tiene oc\u00e9anos inmensos y r\u00edos caudalosos, pero millones de seres humanos siguen cargando bidones, atravesando desiertos y pagando precios imposibles para acceder a lo b\u00e1sico.<\/p>\n<p><strong>Lo que estamos presenciando no es solo una crisis ambiental, es una batalla silenciosa. Una nueva Guerra Fr\u00eda que no se libra por ideolog\u00edas ni por armas nucleares, sino por r\u00edos, acu\u00edferos y glaciares. El Nilo en \u00c1frica, el Mekong en Asia, el Amazonas en Sudam\u00e9rica y los glaciares del Himalaya se han convertido en escenarios de disputa donde gobiernos, corporaciones y potencias globales buscan controlar el flujo de la vida misma.<\/strong><\/p>\n<p><strong>Mientras se construyen Mega-embalses, <\/strong>se privatizan manantiales y se ponen cuotas de agua en las bolsas de valores, comunidades enteras siguen sedientas. Se levanta un discurso de modernizaci\u00f3n que esconde un saqueo l\u00edquido. No se trata de ciencia ficci\u00f3n, se trata del presente. La humanidad ya vive bajo la sombra de esta guerra, con cifras que anticipan que cuatro de cada diez personas vivir\u00e1n en zonas de estr\u00e9s h\u00eddrico en los pr\u00f3ximos a\u00f1os.<\/p>\n<p>El agua deber\u00eda unir, pero la est\u00e1n convirtiendo en un campo de batalla. Lo que es derecho se vuelve mercanc\u00eda. Lo que es vida se vuelve bot\u00edn. Lo que es esperanza se vuelve negocio. El agua es vida, pero la est\u00e1n convirtiendo en arma.<\/p>\n<h3><strong>El mapa global del agua<\/strong><\/h3>\n<p>El agua est\u00e1 distribuida de manera tan desigual como la riqueza.<\/p>\n<ul>\n<li>Am\u00e9rica Latina concentra cerca del 30% del agua dulce del planeta, gracias a la Amazon\u00eda, los glaciares andinos y enormes acu\u00edferos como el guaran\u00ed.<\/li>\n<li>En contraste, \u00c1frica subsahariana y Asia meridional viven con d\u00e9ficit estructural.<\/li>\n<li>En Medio Oriente, la escasez es cr\u00f3nica y ha definido la historia de sus pueblos durante siglos.<\/li>\n<\/ul>\n<p>La paradoja es evidente. Donde hay abundancia de agua dulce, suele haber pobreza y desigualdad. Donde hay escasez, suelen estar las mayores concentraciones urbanas y productivas.<\/p>\n<p>Naciones Unidas advierte que para 2025 m\u00e1s de 40% de la poblaci\u00f3n mundial vivir\u00e1 en regiones de estr\u00e9s h\u00eddrico, es decir, donde el consumo supera con creces la disponibilidad. Ya hoy m\u00e1s de 2 \u00a0mil millones de personas no tienen acceso seguro al agua potable y m\u00e1s de 4 mil millones carecen de saneamiento b\u00e1sicos.<\/p>\n<p>El mapa revela la contradicci\u00f3n m\u00e1s brutal del siglo XXI.<\/p>\n<ul>\n<li>Am\u00e9rica Latina entrega agua a trav\u00e9s de alimentos, energ\u00eda y materias primas, pero millones de sus habitantes no tienen agua segura en sus casas.<\/li>\n<li>\u00c1frica posee grandes r\u00edos como el Nilo, el Congo y el N\u00edger, pero depende de potencias extranjeras que controlan presas y concesiones.<\/li>\n<li>Asia concentra el sesenta por ciento de la poblaci\u00f3n mundial, pero solo tiene un tercio de los recursos h\u00eddricos renovables.<\/li>\n<\/ul>\n<p>El agua deber\u00eda ser un recurso universal, pero se ha convertido en un privilegio geogr\u00e1fico y econ\u00f3mico. La geopol\u00edtica del agua ya no distingue entre norte y sur, entre ricos y pobres. Distingue entre quienes tienen acceso y quienes deben pagar o luchar por cada gota. Esa desigualdad es el terreno f\u00e9rtil de la nueva Guerra Fr\u00eda del agua.<\/p>\n<h3><strong>Conflictos abiertos por r\u00edos y acu\u00edferos<\/strong><\/h3>\n<p>Los r\u00edos del planeta ya no son solo cauces de agua, son trincheras geopol\u00edticas.<\/p>\n<ul>\n<li>El Nilo es el ejemplo m\u00e1s visible. Egipto depende de \u00e9l para el noventa por ciento de su agua.<\/li>\n<li>Etiop\u00eda construy\u00f3 la Gran Presa del Renacimiento, una de las mayores del mundo, con capacidad de generar seis mil megavatios de electricidad.<\/li>\n<li>Sud\u00e1n est\u00e1 atrapado en medio de la disputa. Detr\u00e1s de las negociaciones diplom\u00e1ticas se esconde la amenaza de una guerra abierta por un r\u00edo que alimenta a ciento cincuenta millones de personas.<\/li>\n<li>El Mekong en Asia es otro campo de batalla l\u00edquido. Nace en China y atraviesa Camboya, Laos, Tailandia y Vietnam. Beijing ha construido m\u00e1s de una docena de represas que alteran el caudal y ponen en riesgo la seguridad alimentaria de decenas de millones de agricultores. Para Vietnam, el delta del Mekong es su granero de arroz y su reducci\u00f3n por control chino amenaza el sustento de todo el sudeste asi\u00e1tico.<\/li>\n<li>El Indo en Asia meridional es la vena de Pakist\u00e1n, pero nace en India. El acuerdo de reparto firmado en 1960 bajo mediaci\u00f3n del Banco Mundial hoy cruje bajo tensiones pol\u00edticas y militares. Cada represa que India construye en Cachemira se vive en Islamabad como una provocaci\u00f3n existencial. M\u00e1s de doscientos cincuenta millones de personas dependen directamente de sus aguas para beber y cultivar.<\/li>\n<\/ul>\n<p>Los r\u00edos compartidos se han convertido en armas estrat\u00e9gicas. El agua que fluye para unos puede ser cortada para otros. La Guerra Fr\u00eda del agua no es met\u00e1fora. Es real, se mide en caudales reducidos, en cosechas perdidas y en vidas amenazadas. El agua, que deber\u00eda unir, se est\u00e1 transformando en la frontera m\u00e1s peligrosa del siglo XXI.<\/p>\n<h3><strong>El caso Amazon\u00eda y la abundancia en riesgo<\/strong><\/h3>\n<p>La Amazon\u00eda es el coraz\u00f3n h\u00eddrico del planeta. Sus r\u00edos, afluentes y acu\u00edferos concentran cerca del veinte por ciento del agua dulce superficial del mundo. Es una gigantesca esponja verde que regula el clima, alimenta lluvias en toda Sudam\u00e9rica y sostiene a millones de personas que dependen de su caudal. Pero esa abundancia est\u00e1 bajo asedio.<\/p>\n<p>Cada a\u00f1o se destruyen m\u00e1s de diez mil kil\u00f3metros cuadrados de selva amaz\u00f3nica, principalmente por deforestaci\u00f3n para ganader\u00eda, soja y miner\u00eda ilegal. Esa devastaci\u00f3n altera el ciclo del agua, reduce la humedad atmosf\u00e9rica y amenaza con un punto de no retorno donde la selva se convierta en sabana seca.<\/p>\n<p>La miner\u00eda ilegal, especialmente de oro, envenena r\u00edos con mercurio y deja comunidades ind\u00edgenas enteras sin acceso a agua limpia.<\/p>\n<p>A la amenaza ambiental se suma la presi\u00f3n de los proyectos hidroel\u00e9ctricos. Brasil ya ha construido m\u00e1s de una docena de mega-represas en la cuenca amaz\u00f3nica y planea varias m\u00e1s. Estas obras inundan territorios, desplazan poblaciones y cambian el curso natural de los r\u00edos. Lo que se presenta como energ\u00eda limpia es, en realidad, un negocio que privatiza el flujo del agua para beneficio de corporaciones el\u00e9ctricas.<\/p>\n<p>La privatizaci\u00f3n encubierta avanza tambi\u00e9n mediante concesiones de acu\u00edferos y contratos con multinacionales de alimentos y bebidas. Agua que deber\u00eda pertenecer a los pueblos amaz\u00f3nicos termina embotellada y exportada, mientras comunidades rurales carecen de infraestructura b\u00e1sica.<\/p>\n<p>El contraste es brutal. Una regi\u00f3n que concentra un quinto del agua del planeta tiene millones de habitantes que viven sin acceso seguro. La Amazon\u00eda no es solo el pulm\u00f3n del mundo. Es tambi\u00e9n la vena de agua dulce m\u00e1s codiciada y su futuro definir\u00e1 si Am\u00e9rica Latina ser\u00e1 fuente de vida o escenario de la nueva Guerra Fr\u00eda del agua<\/p>\n<h3><strong>Privatizaci\u00f3n y mercantilizaci\u00f3n del agua<\/strong><\/h3>\n<p>El agua, que deber\u00eda ser un derecho humano, ha sido convertida en mercanc\u00eda. En varios pa\u00edses la privatizaci\u00f3n se impuso con violencia y promesas incumplidas.<\/p>\n<ul>\n<li><strong>Chile es el caso m\u00e1s extremo<\/strong>. Desde la dictadura de Pinochet el agua fue entregada al mercado. Hoy empresas agr\u00edcolas, mineras e hidroel\u00e9ctricas controlan derechos de aprovechamiento mientras cientos de comunidades rurales dependen de camiones aljibe para beber. Es un modelo donde el que paga accede y el que no, muere de sed.<\/li>\n<li><strong>Bolivia vivi\u00f3 en el a\u00f1o 2000 la llamada Guerra del Agua en Cochabamba<\/strong>. Una multinacional, amparada por un contrato estatal, pretendi\u00f3 adue\u00f1arse de los pozos y hasta de la lluvia. El pueblo sali\u00f3 a la calle, hubo represi\u00f3n, muertos y finalmente la expulsi\u00f3n de la empresa. El mensaje fue claro: el agua no puede privatizarse sin resistencia.<\/li>\n<li><strong>Sud\u00e1frica tambi\u00e9n enfrenta las consecuencias de concesiones<\/strong> privadas en zonas urbanas. Tarifas impagables dejaron a millones de personas fuera del sistema formal de agua potable. Lo mismo ocurre en India y Filipinas, donde las privatizaciones significaron cortes masivos a quienes no pod\u00edan pagar.<\/li>\n<li>La mercantilizaci\u00f3n ya no se limita a contratos locales. <strong>En 2020 se lanz\u00f3 en Estados Unidos el NASDAQ Veles California Water I<\/strong>ndex, que convirti\u00f3 al agua en un activo de futuros, igual que el petr\u00f3leo o el trigo. Lo que se transa no son mol\u00e9culas, sino derechos de acceso, es decir, especulaci\u00f3n sobre la vida.<\/li>\n<\/ul>\n<p>Las cifras son contundentes. En ciudades privatizadas, el precio del agua puede representar hasta un veinticinco por ciento del ingreso familiar en sectores pobres, mientras empresas multiplican utilidades. La contradicci\u00f3n es obscena. El agua deber\u00eda ser derecho universal, pero se la trata como commodity. En la nueva Guerra Fr\u00eda del agua, los pueblos no pelean solo contra la sequ\u00eda. Tambi\u00e9n contra los contratos que convierten la sed en negocio.<\/p>\n<h3><strong>Mega-embalses y desalaci\u00f3n: \u00bfsoluci\u00f3n o trampa?<\/strong><\/h3>\n<p>Los gobiernos presentan a los Mega-embalses y a la desalaci\u00f3n como soluciones al estr\u00e9s h\u00eddrico. En la pr\u00e1ctica, son herramientas de control y negocio que generan nuevos problemas.<\/p>\n<ul>\n<li><strong>China levant\u00f3 la represa de las Tres Gargantas<\/strong>, la mayor del planeta, capaz de generar 22.500 megavatios de electricidad. El costo fue el desplazamiento de m\u00e1s de un mill\u00f3n trescientas mil personas y el colapso de ecosistemas enteros. Hoy el pa\u00eds proyecta decenas de represas en el T\u00edbet y en el Mekong, afectando a millones de habitantes r\u00edo abajo.<\/li>\n<li><strong>Etiop\u00eda con la Gran Presa del Renacimiento<\/strong> busca convertirse en exportador de electricidad. La obra promete desarrollo, pero en la pr\u00e1ctica ha tensionado al m\u00e1ximo las relaciones con Egipto y Sud\u00e1n. Lo que se presenta como infraestructura nacional es tambi\u00e9n un arma estrat\u00e9gica. Quien controla la represa controla el flujo del Nilo.<\/li>\n<li><strong>En paralelo, los pa\u00edses con mayor sequ\u00eda apuestan a la desalaci\u00f3n. Arabia Saudita<\/strong> obtiene ya m\u00e1s del cincuenta por ciento de su agua potable de plantas desalinizadoras. Israel abastece al ochenta por ciento de su poblaci\u00f3n con esta tecnolog\u00eda.<\/li>\n<li><strong>Espa\u00f1a ha instalado m\u00e1s de setecientas cincuenta plantas<\/strong> en sus costas mediterr\u00e1neas. El problema es que cada metro c\u00fabico de agua desalada cuesta entre 0,5 y 2 d\u00f3lares, una cifra inalcanzable para comunidades pobres. Adem\u00e1s, las plantas generan toneladas de salmuera que alteran gravemente la vida marina.<\/li>\n<\/ul>\n<p>La trampa es clara. Los Mega-embalses y la desalaci\u00f3n concentran el control del agua en manos de Estados y corporaciones. Transforman un derecho universal en infraestructura privatizada. No resuelven la crisis, la administran como negocio. Lo que deber\u00eda ser garant\u00eda de vida se convierte en un instrumento de poder en la nueva Guerra Fr\u00eda del agua.<\/p>\n<h3><strong>Lo que se juega en 2030\u20132050<\/strong><\/h3>\n<p>El agua definir\u00e1 el tablero mundial de las pr\u00f3ximas d\u00e9cadas. Naciones Unidas advierte que para 2030 m\u00e1s de setecientos millones de personas podr\u00edan verse obligadas a desplazarse por falta de agua, generando una nueva ola de refugiados clim\u00e1ticos. Para 2050, m\u00e1s de 2 mil millones de seres humanos vivir\u00e1n sin acceso seguro al agua potable si no se toman medidas urgentes. Es un escenario de crisis humanitaria global.<\/p>\n<p>El agua ya no es solo un recurso de consumo. Se ha convertido en insumo estrat\u00e9gico de la econom\u00eda verde. La miner\u00eda de litio, el hidr\u00f3geno verde y la agricultura intensiva demandan millones de litros cada a\u00f1o. En lugar de aliviar la presi\u00f3n, la transici\u00f3n energ\u00e9tica puede agravarla si no se establecen l\u00edmites claros. El dilema es brutal. Energ\u00eda limpia para los autos del norte o agua para los pueblos del sur.<\/p>\n<p>El Banco Mundial proyecta que la escasez de agua podr\u00eda costar hasta un seis por ciento del PIB en algunas regiones de \u00c1frica y Asia para mediados de siglo. El Panel Intergubernamental de Cambio Clim\u00e1tico alerta que la reducci\u00f3n de glaciares en los Andes y el Himalaya pondr\u00e1 en riesgo a m\u00e1s de mil quinientos millones de personas que dependen de esos deshielos para regar y beber.<\/p>\n<p>Las cifras muestran que no hablamos de un problema ambiental aislado, sino de un conflicto global en gestaci\u00f3n. El agua ser\u00e1 eje de guerras, migraciones masivas y disputas econ\u00f3micas. Lo que est\u00e1 en juego hacia 2030 y 2050 no es solo la seguridad h\u00eddrica, es la paz mundial. La Guerra Fr\u00eda del agua puede convertirse en caliente si el mundo sigue tratando el recurso m\u00e1s vital como simple mercanc\u00eda.<\/p>\n<h3><strong>El agua no es un recurso m\u00e1s<\/strong><\/h3>\n<p>El agua no es un recurso m\u00e1s. Es la base de toda forma de vida. Sin embargo, los gobiernos y las corporaciones la est\u00e1n tratando como si fuera oro l\u00edquido, un bien transable, un activo que se puede comprar, vender y especular. Esa es la esencia de la nueva Guerra Fr\u00eda. Convertir el derecho m\u00e1s elemental en arma de presi\u00f3n y en negocio global.<\/p>\n<p>Lo que vemos hoy no son simples disputas locales, son los primeros cap\u00edtulos de un conflicto que puede definir el siglo XXI. R\u00edos convertidos en fronteras, represas transformadas en armas, acu\u00edferos vendidos al mejor postor. La paz de millones de personas depende de un recurso que deber\u00eda estar blindado contra la codicia.<\/p>\n<p>Pero no todo es condena. Desde Cochabamba hasta Standing Rock, desde comunidades ind\u00edgenas en la Amazon\u00eda hasta aldeas africanas que luchan contra las represas, los pueblos ya han demostrado que el agua se defiende con la vida. La ciencia tambi\u00e9n ofrece alternativas. Reuso, tecnolog\u00edas limpias, gesti\u00f3n comunitaria.<\/p>\n<h3><strong>Cifras duras del agua en el planeta<\/strong><\/h3>\n<ul>\n<li>El 70% del agua dulce mundial se destina a la agricultura.<\/li>\n<li>M\u00e1s de 2.000 millones de personas viven sin acceso directo a agua potable (ONU-Water 2025).<\/li>\n<li>4 000 millones sufren escasez severa al menos un mes al a\u00f1o.<\/li>\n<li>En 2024 el mercado global del agua embotellada y privatizada super\u00f3 los USD 320 000 millones, creciendo un 7% anual.<\/li>\n<li>El Banco Mundial estima p\u00e9rdidas por estr\u00e9s h\u00eddrico de USD 500 000 millones anuales para 2030.<\/li>\n<li>Los acu\u00edferos abastecen al 50% de la humanidad, pero el 60% est\u00e1n sobreexplotados.<\/li>\n<li>El Lago Chad perdi\u00f3 el 90% de su superficie en medio siglo.<\/li>\n<li>El r\u00edo Colorado llega al mar solo en a\u00f1os excepcionales.<\/li>\n<li>El Tigris y el \u00c9ufrates han reducido su caudal un 40% desde 1970.<\/li>\n<li>El Nilo enfrenta conflictos entre Etiop\u00eda, Sud\u00e1n y Egipto; la represa GERD podr\u00eda alterar el 25% del flujo hist\u00f3rico.<\/li>\n<li>En Asia Central, el Mar de Aral perdi\u00f3 75% de su volumen, dejando desiertos t\u00f3xicos.<\/li>\n<li>En Sudam\u00e9rica, el Acu\u00edfero Guaran\u00ed contiene 37 000 km\u00b3 de agua dulce, suficiente para abastecer al planeta durante 200 a\u00f1os, y concentra intereses de EE. UU., China y Brasil.<\/li>\n<li>Desalinizaci\u00f3n: 20 000 plantas activas en el mundo producen 120 millones m\u00b3 diarios, pero requieren gran consumo energ\u00e9tico (5\u20138 kWh por m\u00b3).<\/li>\n<li>2050: m\u00e1s de 5.000 millones de personas podr\u00edan vivir bajo estr\u00e9s h\u00eddrico severo.<\/li>\n<li>El valor de las inversiones h\u00eddricas privadas superar\u00e1 USD 1 bill\u00f3n hacia 2040.<\/li>\n<\/ul>\n<p>El agua se transforma en el recurso m\u00e1s disputado del siglo XXI. Las guerras del futuro no comenzar\u00e1n por petr\u00f3leo, sino por un vaso de agua.<\/p>\n<h3><strong>El agua invisible de los datos<\/strong><\/h3>\n<ul>\n<li>Los data centers del planeta consumen m\u00e1s de 250 mil millones de litros de agua al a\u00f1o para enfriar servidores (IEA 2025).<\/li>\n<li>Un solo centro de Microsoft Azure en Arizona usa 1,2 millones de litros diarios; el de Google en Chile extrae 400 millones de litros anuales del desierto de Atacama.<\/li>\n<li>Cada b\u00fasqueda en Internet requiere unos 5 a 10 mililitros de agua; cada entrenamiento de IA como GPT o Gemini puede demandar entre 500 000 y 1 mill\u00f3n de litros.<\/li>\n<li>En 2024, los 40 mayores centros de datos del mundo consumieron el equivalente al agua potable de 15 millones de personas.<\/li>\n<li>Meta, Amazon y Tencent construyen instalaciones junto a r\u00edos y lagos, desplazando a comunidades rurales y proyectos agr\u00edcolas.<\/li>\n<li>La huella h\u00eddrica digital global se estima en 2,5% del uso total de agua dulce del planeta, y podr\u00eda duplicarse para 2030.<\/li>\n<li>El mercado de refrigeraci\u00f3n l\u00edquida para servidores super\u00f3 los USD 15 000 millones (2025), reflejando la dependencia energ\u00e9tica e h\u00eddrica del ciberespacio.<\/li>\n<li>Mientras tanto, 2.000 millones de personas a\u00fan carecen de acceso a agua potable segura (ONU, 2025).<\/li>\n<\/ul>\n<p>El progreso tecnol\u00f3gico se hidrata con el agua del planeta. Los algoritmos beben mientras los pueblos se secan.<\/p>\n<h3><strong>El agua es vida, no mercanc\u00eda<\/strong><\/h3>\n<p>Si el mundo lo entiende, podr\u00e1 evitar guerras y construir un futuro justo. Si no lo entiende, la historia recordar\u00e1 que dejamos morir de sed al planeta mientras abr\u00edamos mercados de futuros para especular con cada gota. La nueva Guerra Fr\u00eda ya empez\u00f3. La pregunta es si la humanidad elegir\u00e1 convertirla en una guerra abierta o en un pacto de dignidad para cuidar la fuente com\u00fan de toda existencia.<\/p>\n<p><strong>Bibliograf\u00eda:<\/strong><\/p>\n<ul>\n<li>Naciones Unidas (ONU). World Water Development Report 2023.<\/li>\n<li>The United Nations World Water Development Report 2022: Groundwater.<\/li>\n<li>World Bank. High and Dry: Climate Change, Water, and the Economy, 2016.<\/li>\n<li>AQUASTAT Database on Water and Agriculture.<\/li>\n<li>Sixth Assessment Report (AR6), Climate Change 2023.<\/li>\n<li>Shiva, Vandana. Las guerras del agua. Paid\u00f3s, 2003.<\/li>\n<li>Barlow, Maude. Blue Covenant: The Global Water Crisis and the Coming Battle for the Right to Water. The New Press, 2007.<\/li>\n<li>Gleick, Peter. The World\u2019s Water. Island Press.<\/li>\n<li>Swyngedouw, Erik. Liquid Power: Contested Hydro-Modernities in Twentieth-Century Spain. MIT Press, 2015.<\/li>\n<li>Conca, Ken. Governing Water: Contentious Transnational Politics and Global Institution Building. MIT Press, 2006.<\/li>\n<\/ul>\n","protected":false},"excerpt":{"rendered":"<p>\u201cEl siglo XXI no se define solo por el petr\u00f3leo, la s\u00edlice ni el litio. El agua es el recurso estrat\u00e9gico que ya divide al planeta\u201d. El agua es el recurso m\u00e1s vital del planeta. Sin agua no hay agricultura,&hellip;<\/p>\n","protected":false},"author":2493,"featured_media":2643996,"comment_status":"closed","ping_status":"closed","sticky":false,"template":"","format":"standard","meta":{"footnotes":""},"categories":[76,11389,78,161,74],"tags":[642,144260],"class_list":["post-2643954","post","type-post","status-publish","format-standard","has-post-thumbnail","hentry","category-relaciones-exteriores","category-contenido-original","category-medio-ambiente-ecologia","category-opiniones","category-politica-es","tag-agua","tag-escasez-hidrica"],"yoast_head":"<!-- This site is optimized with the Yoast SEO plugin v27.1.1 - https:\/\/yoast.com\/product\/yoast-seo-wordpress\/ -->\n<title>La nueva Guerra Fr\u00eda por el agua en el planeta<\/title>\n<meta name=\"description\" content=\"\u201cEl siglo XXI no se define solo por el petr\u00f3leo, la s\u00edlice ni el litio. El agua es el recurso estrat\u00e9gico que ya divide al planeta\u201d. El agua es el recurso\" \/>\n<meta name=\"robots\" content=\"index, follow, max-snippet:-1, max-image-preview:large, max-video-preview:-1\" \/>\n<link rel=\"canonical\" href=\"https:\/\/www.pressenza.com\/es\/2025\/10\/la-nueva-guerra-fria-por-el-agua-en-el-planeta\/\" \/>\n<meta property=\"og:locale\" content=\"es_ES\" \/>\n<meta property=\"og:type\" content=\"article\" \/>\n<meta property=\"og:title\" content=\"La nueva Guerra Fr\u00eda por el agua en el planeta\" \/>\n<meta property=\"og:description\" content=\"\u201cEl siglo XXI no se define solo por el petr\u00f3leo, la s\u00edlice ni el litio. El agua es el recurso estrat\u00e9gico que ya divide al planeta\u201d. El agua es el recurso\" \/>\n<meta property=\"og:url\" content=\"https:\/\/www.pressenza.com\/es\/2025\/10\/la-nueva-guerra-fria-por-el-agua-en-el-planeta\/\" \/>\n<meta property=\"og:site_name\" content=\"Pressenza\" \/>\n<meta property=\"article:publisher\" content=\"https:\/\/www.facebook.com\/PressenzaItalia\" \/>\n<meta property=\"article:published_time\" content=\"2025-10-10T20:59:56+00:00\" \/>\n<meta property=\"article:modified_time\" content=\"2025-10-10T23:34:52+00:00\" \/>\n<meta property=\"og:image\" content=\"https:\/\/www.pressenza.com\/wp-content\/uploads\/2025\/10\/Gib-MX.jpg\" \/>\n\t<meta property=\"og:image:width\" content=\"1200\" \/>\n\t<meta property=\"og:image:height\" content=\"800\" \/>\n\t<meta property=\"og:image:type\" content=\"image\/jpeg\" \/>\n<meta name=\"author\" content=\"Mauricio Herrera Kahn\" \/>\n<meta name=\"twitter:card\" content=\"summary_large_image\" \/>\n<meta name=\"twitter:creator\" content=\"@PressenzaIPA\" \/>\n<meta name=\"twitter:site\" content=\"@PressenzaIPA\" \/>\n<meta name=\"twitter:label1\" content=\"Escrito por\" \/>\n\t<meta name=\"twitter:data1\" content=\"Mauricio Herrera Kahn\" \/>\n\t<meta name=\"twitter:label2\" content=\"Tiempo de lectura\" \/>\n\t<meta name=\"twitter:data2\" content=\"14 minutos\" \/>\n<script type=\"application\/ld+json\" class=\"yoast-schema-graph\">{\"@context\":\"https:\/\/schema.org\",\"@graph\":[{\"@type\":\"Article\",\"@id\":\"https:\/\/www.pressenza.com\/es\/2025\/10\/la-nueva-guerra-fria-por-el-agua-en-el-planeta\/#article\",\"isPartOf\":{\"@id\":\"https:\/\/www.pressenza.com\/es\/2025\/10\/la-nueva-guerra-fria-por-el-agua-en-el-planeta\/\"},\"author\":{\"name\":\"Mauricio Herrera Kahn\",\"@id\":\"https:\/\/www.pressenza.com\/es\/#\/schema\/person\/1d64caef2c28d4b0cae6de277a77d314\"},\"headline\":\"La nueva Guerra Fr\u00eda por el agua en el planeta\",\"datePublished\":\"2025-10-10T20:59:56+00:00\",\"dateModified\":\"2025-10-10T23:34:52+00:00\",\"mainEntityOfPage\":{\"@id\":\"https:\/\/www.pressenza.com\/es\/2025\/10\/la-nueva-guerra-fria-por-el-agua-en-el-planeta\/\"},\"wordCount\":3056,\"publisher\":{\"@id\":\"https:\/\/www.pressenza.com\/es\/#organization\"},\"image\":{\"@id\":\"https:\/\/www.pressenza.com\/es\/2025\/10\/la-nueva-guerra-fria-por-el-agua-en-el-planeta\/#primaryimage\"},\"thumbnailUrl\":\"https:\/\/www.pressenza.com\/wp-content\/uploads\/2025\/10\/Gib-MX.jpg\",\"keywords\":[\"Agua\",\"escasez h\u00eddrica\"],\"articleSection\":[\"Asuntos internacionales\",\"Contenido Original\",\"Ecolog\u00eda y Medio Ambiente\",\"Opiniones\",\"Pol\u00edtica\"],\"inLanguage\":\"es\"},{\"@type\":\"WebPage\",\"@id\":\"https:\/\/www.pressenza.com\/es\/2025\/10\/la-nueva-guerra-fria-por-el-agua-en-el-planeta\/\",\"url\":\"https:\/\/www.pressenza.com\/es\/2025\/10\/la-nueva-guerra-fria-por-el-agua-en-el-planeta\/\",\"name\":\"La nueva Guerra Fr\u00eda por el agua en el planeta\",\"isPartOf\":{\"@id\":\"https:\/\/www.pressenza.com\/es\/#website\"},\"primaryImageOfPage\":{\"@id\":\"https:\/\/www.pressenza.com\/es\/2025\/10\/la-nueva-guerra-fria-por-el-agua-en-el-planeta\/#primaryimage\"},\"image\":{\"@id\":\"https:\/\/www.pressenza.com\/es\/2025\/10\/la-nueva-guerra-fria-por-el-agua-en-el-planeta\/#primaryimage\"},\"thumbnailUrl\":\"https:\/\/www.pressenza.com\/wp-content\/uploads\/2025\/10\/Gib-MX.jpg\",\"datePublished\":\"2025-10-10T20:59:56+00:00\",\"dateModified\":\"2025-10-10T23:34:52+00:00\",\"description\":\"\u201cEl siglo XXI no se define solo por el petr\u00f3leo, la s\u00edlice ni el litio. El agua es el recurso estrat\u00e9gico que ya divide al planeta\u201d. El agua es el recurso\",\"breadcrumb\":{\"@id\":\"https:\/\/www.pressenza.com\/es\/2025\/10\/la-nueva-guerra-fria-por-el-agua-en-el-planeta\/#breadcrumb\"},\"inLanguage\":\"es\",\"potentialAction\":[{\"@type\":\"ReadAction\",\"target\":[\"https:\/\/www.pressenza.com\/es\/2025\/10\/la-nueva-guerra-fria-por-el-agua-en-el-planeta\/\"]}]},{\"@type\":\"ImageObject\",\"inLanguage\":\"es\",\"@id\":\"https:\/\/www.pressenza.com\/es\/2025\/10\/la-nueva-guerra-fria-por-el-agua-en-el-planeta\/#primaryimage\",\"url\":\"https:\/\/www.pressenza.com\/wp-content\/uploads\/2025\/10\/Gib-MX.jpg\",\"contentUrl\":\"https:\/\/www.pressenza.com\/wp-content\/uploads\/2025\/10\/Gib-MX.jpg\",\"width\":1200,\"height\":800},{\"@type\":\"BreadcrumbList\",\"@id\":\"https:\/\/www.pressenza.com\/es\/2025\/10\/la-nueva-guerra-fria-por-el-agua-en-el-planeta\/#breadcrumb\",\"itemListElement\":[{\"@type\":\"ListItem\",\"position\":1,\"name\":\"Accueil\",\"item\":\"https:\/\/www.pressenza.com\/es\/\"},{\"@type\":\"ListItem\",\"position\":2,\"name\":\"La nueva Guerra Fr\u00eda por el agua en el planeta\"}]},{\"@type\":\"WebSite\",\"@id\":\"https:\/\/www.pressenza.com\/es\/#website\",\"url\":\"https:\/\/www.pressenza.com\/es\/\",\"name\":\"Pressenza\",\"description\":\"International Press Agency\",\"publisher\":{\"@id\":\"https:\/\/www.pressenza.com\/es\/#organization\"},\"potentialAction\":[{\"@type\":\"SearchAction\",\"target\":{\"@type\":\"EntryPoint\",\"urlTemplate\":\"https:\/\/www.pressenza.com\/es\/?s={search_term_string}\"},\"query-input\":{\"@type\":\"PropertyValueSpecification\",\"valueRequired\":true,\"valueName\":\"search_term_string\"}}],\"inLanguage\":\"es\"},{\"@type\":\"Organization\",\"@id\":\"https:\/\/www.pressenza.com\/es\/#organization\",\"name\":\"Pressenza\",\"url\":\"https:\/\/www.pressenza.com\/es\/\",\"logo\":{\"@type\":\"ImageObject\",\"inLanguage\":\"es\",\"@id\":\"https:\/\/www.pressenza.com\/es\/#\/schema\/logo\/image\/\",\"url\":\"https:\/\/www.pressenza.com\/wp-content\/uploads\/2022\/10\/pressenza_logo_200x200.jpg\",\"contentUrl\":\"https:\/\/www.pressenza.com\/wp-content\/uploads\/2022\/10\/pressenza_logo_200x200.jpg\",\"width\":200,\"height\":200,\"caption\":\"Pressenza\"},\"image\":{\"@id\":\"https:\/\/www.pressenza.com\/es\/#\/schema\/logo\/image\/\"},\"sameAs\":[\"https:\/\/www.facebook.com\/PressenzaItalia\",\"https:\/\/x.com\/PressenzaIPA\"]},{\"@type\":\"Person\",\"@id\":\"https:\/\/www.pressenza.com\/es\/#\/schema\/person\/1d64caef2c28d4b0cae6de277a77d314\",\"name\":\"Mauricio Herrera Kahn\",\"description\":\"Mauricio Herrera Kahn, Mechanical Engineer graduated from the Technical University of Ecuador (UTE) in 1975, with more than 45 years of experience in the mining engineering and project development sector. He has held positions such as General Manager, Project Manager, and Head of Engineering at national and international companies, where he led studies and project execution under the EPCM (Engineering, Procurement, and Construction Management) model. He is currently General Manager at HyB Ingenieros, developing studies and analyses of new plants and processes with Capex and Opex at the engineering profile level. For several years, he has been writing articles and columns on national and international social, political, and economic analysis.\",\"url\":\"https:\/\/www.pressenza.com\/es\/author\/mauricio-herrera-kahn\/\"}]}<\/script>\n<!-- \/ Yoast SEO plugin. -->","yoast_head_json":{"title":"La nueva Guerra Fr\u00eda por el agua en el planeta","description":"\u201cEl siglo XXI no se define solo por el petr\u00f3leo, la s\u00edlice ni el litio. El agua es el recurso estrat\u00e9gico que ya divide al planeta\u201d. El agua es el recurso","robots":{"index":"index","follow":"follow","max-snippet":"max-snippet:-1","max-image-preview":"max-image-preview:large","max-video-preview":"max-video-preview:-1"},"canonical":"https:\/\/www.pressenza.com\/es\/2025\/10\/la-nueva-guerra-fria-por-el-agua-en-el-planeta\/","og_locale":"es_ES","og_type":"article","og_title":"La nueva Guerra Fr\u00eda por el agua en el planeta","og_description":"\u201cEl siglo XXI no se define solo por el petr\u00f3leo, la s\u00edlice ni el litio. El agua es el recurso estrat\u00e9gico que ya divide al planeta\u201d. El agua es el recurso","og_url":"https:\/\/www.pressenza.com\/es\/2025\/10\/la-nueva-guerra-fria-por-el-agua-en-el-planeta\/","og_site_name":"Pressenza","article_publisher":"https:\/\/www.facebook.com\/PressenzaItalia","article_published_time":"2025-10-10T20:59:56+00:00","article_modified_time":"2025-10-10T23:34:52+00:00","og_image":[{"width":1200,"height":800,"url":"https:\/\/www.pressenza.com\/wp-content\/uploads\/2025\/10\/Gib-MX.jpg","type":"image\/jpeg"}],"author":"Mauricio Herrera Kahn","twitter_card":"summary_large_image","twitter_creator":"@PressenzaIPA","twitter_site":"@PressenzaIPA","twitter_misc":{"Escrito por":"Mauricio Herrera Kahn","Tiempo de lectura":"14 minutos"},"schema":{"@context":"https:\/\/schema.org","@graph":[{"@type":"Article","@id":"https:\/\/www.pressenza.com\/es\/2025\/10\/la-nueva-guerra-fria-por-el-agua-en-el-planeta\/#article","isPartOf":{"@id":"https:\/\/www.pressenza.com\/es\/2025\/10\/la-nueva-guerra-fria-por-el-agua-en-el-planeta\/"},"author":{"name":"Mauricio Herrera Kahn","@id":"https:\/\/www.pressenza.com\/es\/#\/schema\/person\/1d64caef2c28d4b0cae6de277a77d314"},"headline":"La nueva Guerra Fr\u00eda por el agua en el planeta","datePublished":"2025-10-10T20:59:56+00:00","dateModified":"2025-10-10T23:34:52+00:00","mainEntityOfPage":{"@id":"https:\/\/www.pressenza.com\/es\/2025\/10\/la-nueva-guerra-fria-por-el-agua-en-el-planeta\/"},"wordCount":3056,"publisher":{"@id":"https:\/\/www.pressenza.com\/es\/#organization"},"image":{"@id":"https:\/\/www.pressenza.com\/es\/2025\/10\/la-nueva-guerra-fria-por-el-agua-en-el-planeta\/#primaryimage"},"thumbnailUrl":"https:\/\/www.pressenza.com\/wp-content\/uploads\/2025\/10\/Gib-MX.jpg","keywords":["Agua","escasez h\u00eddrica"],"articleSection":["Asuntos internacionales","Contenido Original","Ecolog\u00eda y Medio Ambiente","Opiniones","Pol\u00edtica"],"inLanguage":"es"},{"@type":"WebPage","@id":"https:\/\/www.pressenza.com\/es\/2025\/10\/la-nueva-guerra-fria-por-el-agua-en-el-planeta\/","url":"https:\/\/www.pressenza.com\/es\/2025\/10\/la-nueva-guerra-fria-por-el-agua-en-el-planeta\/","name":"La nueva Guerra Fr\u00eda por el agua en el planeta","isPartOf":{"@id":"https:\/\/www.pressenza.com\/es\/#website"},"primaryImageOfPage":{"@id":"https:\/\/www.pressenza.com\/es\/2025\/10\/la-nueva-guerra-fria-por-el-agua-en-el-planeta\/#primaryimage"},"image":{"@id":"https:\/\/www.pressenza.com\/es\/2025\/10\/la-nueva-guerra-fria-por-el-agua-en-el-planeta\/#primaryimage"},"thumbnailUrl":"https:\/\/www.pressenza.com\/wp-content\/uploads\/2025\/10\/Gib-MX.jpg","datePublished":"2025-10-10T20:59:56+00:00","dateModified":"2025-10-10T23:34:52+00:00","description":"\u201cEl siglo XXI no se define solo por el petr\u00f3leo, la s\u00edlice ni el litio. El agua es el recurso estrat\u00e9gico que ya divide al planeta\u201d. El agua es el recurso","breadcrumb":{"@id":"https:\/\/www.pressenza.com\/es\/2025\/10\/la-nueva-guerra-fria-por-el-agua-en-el-planeta\/#breadcrumb"},"inLanguage":"es","potentialAction":[{"@type":"ReadAction","target":["https:\/\/www.pressenza.com\/es\/2025\/10\/la-nueva-guerra-fria-por-el-agua-en-el-planeta\/"]}]},{"@type":"ImageObject","inLanguage":"es","@id":"https:\/\/www.pressenza.com\/es\/2025\/10\/la-nueva-guerra-fria-por-el-agua-en-el-planeta\/#primaryimage","url":"https:\/\/www.pressenza.com\/wp-content\/uploads\/2025\/10\/Gib-MX.jpg","contentUrl":"https:\/\/www.pressenza.com\/wp-content\/uploads\/2025\/10\/Gib-MX.jpg","width":1200,"height":800},{"@type":"BreadcrumbList","@id":"https:\/\/www.pressenza.com\/es\/2025\/10\/la-nueva-guerra-fria-por-el-agua-en-el-planeta\/#breadcrumb","itemListElement":[{"@type":"ListItem","position":1,"name":"Accueil","item":"https:\/\/www.pressenza.com\/es\/"},{"@type":"ListItem","position":2,"name":"La nueva Guerra Fr\u00eda por el agua en el planeta"}]},{"@type":"WebSite","@id":"https:\/\/www.pressenza.com\/es\/#website","url":"https:\/\/www.pressenza.com\/es\/","name":"Pressenza","description":"International Press Agency","publisher":{"@id":"https:\/\/www.pressenza.com\/es\/#organization"},"potentialAction":[{"@type":"SearchAction","target":{"@type":"EntryPoint","urlTemplate":"https:\/\/www.pressenza.com\/es\/?s={search_term_string}"},"query-input":{"@type":"PropertyValueSpecification","valueRequired":true,"valueName":"search_term_string"}}],"inLanguage":"es"},{"@type":"Organization","@id":"https:\/\/www.pressenza.com\/es\/#organization","name":"Pressenza","url":"https:\/\/www.pressenza.com\/es\/","logo":{"@type":"ImageObject","inLanguage":"es","@id":"https:\/\/www.pressenza.com\/es\/#\/schema\/logo\/image\/","url":"https:\/\/www.pressenza.com\/wp-content\/uploads\/2022\/10\/pressenza_logo_200x200.jpg","contentUrl":"https:\/\/www.pressenza.com\/wp-content\/uploads\/2022\/10\/pressenza_logo_200x200.jpg","width":200,"height":200,"caption":"Pressenza"},"image":{"@id":"https:\/\/www.pressenza.com\/es\/#\/schema\/logo\/image\/"},"sameAs":["https:\/\/www.facebook.com\/PressenzaItalia","https:\/\/x.com\/PressenzaIPA"]},{"@type":"Person","@id":"https:\/\/www.pressenza.com\/es\/#\/schema\/person\/1d64caef2c28d4b0cae6de277a77d314","name":"Mauricio Herrera Kahn","description":"Mauricio Herrera Kahn, Mechanical Engineer graduated from the Technical University of Ecuador (UTE) in 1975, with more than 45 years of experience in the mining engineering and project development sector. He has held positions such as General Manager, Project Manager, and Head of Engineering at national and international companies, where he led studies and project execution under the EPCM (Engineering, Procurement, and Construction Management) model. He is currently General Manager at HyB Ingenieros, developing studies and analyses of new plants and processes with Capex and Opex at the engineering profile level. For several years, he has been writing articles and columns on national and international social, political, and economic analysis.","url":"https:\/\/www.pressenza.com\/es\/author\/mauricio-herrera-kahn\/"}]}},"place":"","original_article_url":"","_links":{"self":[{"href":"https:\/\/www.pressenza.com\/es\/wp-json\/wp\/v2\/posts\/2643954","targetHints":{"allow":["GET"]}}],"collection":[{"href":"https:\/\/www.pressenza.com\/es\/wp-json\/wp\/v2\/posts"}],"about":[{"href":"https:\/\/www.pressenza.com\/es\/wp-json\/wp\/v2\/types\/post"}],"author":[{"embeddable":true,"href":"https:\/\/www.pressenza.com\/es\/wp-json\/wp\/v2\/users\/2493"}],"replies":[{"embeddable":true,"href":"https:\/\/www.pressenza.com\/es\/wp-json\/wp\/v2\/comments?post=2643954"}],"version-history":[{"count":3,"href":"https:\/\/www.pressenza.com\/es\/wp-json\/wp\/v2\/posts\/2643954\/revisions"}],"predecessor-version":[{"id":2643965,"href":"https:\/\/www.pressenza.com\/es\/wp-json\/wp\/v2\/posts\/2643954\/revisions\/2643965"}],"wp:featuredmedia":[{"embeddable":true,"href":"https:\/\/www.pressenza.com\/es\/wp-json\/wp\/v2\/media\/2643996"}],"wp:attachment":[{"href":"https:\/\/www.pressenza.com\/es\/wp-json\/wp\/v2\/media?parent=2643954"}],"wp:term":[{"taxonomy":"category","embeddable":true,"href":"https:\/\/www.pressenza.com\/es\/wp-json\/wp\/v2\/categories?post=2643954"},{"taxonomy":"post_tag","embeddable":true,"href":"https:\/\/www.pressenza.com\/es\/wp-json\/wp\/v2\/tags?post=2643954"}],"curies":[{"name":"wp","href":"https:\/\/api.w.org\/{rel}","templated":true}]}}