{"id":2643202,"date":"2025-10-07T21:40:57","date_gmt":"2025-10-07T20:40:57","guid":{"rendered":"https:\/\/www.pressenza.com\/?p=2643202"},"modified":"2025-10-07T21:40:57","modified_gmt":"2025-10-07T20:40:57","slug":"este-miercoles-8-de-octubre-velaton-por-julia-chunil-en-la-estela-de-piedra-del-cerro-huelen-santa-lucia","status":"publish","type":"post","link":"https:\/\/www.pressenza.com\/es\/2025\/10\/este-miercoles-8-de-octubre-velaton-por-julia-chunil-en-la-estela-de-piedra-del-cerro-huelen-santa-lucia\/","title":{"rendered":"Este mi\u00e9rcoles 8 de octubre, Velat\u00f3n por Julia Chu\u00f1il en la estela de piedra del Cerro Huel\u00e9n (Santa Luc\u00eda)"},"content":{"rendered":"<p>En Santiago nos vemos este 8 de octubre a las 19 horas en la Animita del cerro Welen, donde las manos del pueblo se unir\u00e1n para sentir la presencia luminosa del esp\u00edritu de Julia Chu\u00f1il y as\u00ed con la fuerza de todas y todos, exigir Verdad, Justicia y castigo a los responsables.<\/p>\n<p>Convocamos a las organizaciones sociales, de derechos humanos, ambientales y culturales a venir con sus velas a escuchar los susurros de Julia habl\u00e1ndonos y habl\u00e1ndole a este winkul, a este cerro.<\/p>\n<p>Porque el alma de Julia Chu\u00f1il era un solo esp\u00edritu con los cerros, con el bosque, con Cholito, Zorzalito y Barraco.<\/p>\n<p>El dolor de su partida nos atraviesa el coraz\u00f3n pero este 8, a 11 meses de su desaparici\u00f3n, en cada localidad de los territorios, estaremos hermanados en su memoria porque siempre vivir\u00e1 en nosotras y nosotros. Y ser\u00e1n los pueblos quienes la encontrar\u00e1n en la lucha.<\/p>\n<p>#DondeEstaJuliaChu\u00f1il #VerdadyJusticia #LosPuebloslaEncontrar\u00e1n<\/p>\n","protected":false},"excerpt":{"rendered":"<p>En Santiago nos vemos este 8 de octubre a las 19 horas en la Animita del cerro Welen, donde las manos del pueblo se unir\u00e1n para sentir la presencia luminosa del esp\u00edritu de Julia Chu\u00f1il y as\u00ed con la fuerza&hellip;<\/p>\n","protected":false},"author":2513,"featured_media":2643208,"comment_status":"closed","ping_status":"closed","sticky":false,"template":"","format":"standard","meta":{"footnotes":""},"categories":[11389,79,78,80,67],"tags":[144116,144114,144115,139335,144113],"class_list":["post-2643202","post","type-post","status-publish","format-standard","has-post-thumbnail","hentry","category-contenido-original","category-derechos-humanos","category-medio-ambiente-ecologia","category-pueblos-originarios","category-sudamerica","tag-alameda-con-victoria-subercaseaux","tag-cerro-huelen","tag-cerro-santa-lucia","tag-dia-a-dia-sin-julia-chunil","tag-velaton-por-julia-chunil"],"yoast_head":"<!-- This site is optimized with the Yoast SEO plugin v27.1.1 - https:\/\/yoast.com\/product\/yoast-seo-wordpress\/ -->\n<title>Este mi\u00e9rcoles 8 de octubre, Velat\u00f3n por Julia Chu\u00f1il en la estela de piedra del Cerro Huel\u00e9n (Santa Luc\u00eda)<\/title>\n<meta name=\"description\" content=\"En Santiago nos vemos este 8 de octubre a las 19 horas en la Animita del cerro Welen, donde las manos del pueblo se unir\u00e1n para sentir la presencia\" \/>\n<meta name=\"robots\" content=\"index, follow, max-snippet:-1, max-image-preview:large, max-video-preview:-1\" \/>\n<link rel=\"canonical\" href=\"https:\/\/www.pressenza.com\/es\/2025\/10\/este-miercoles-8-de-octubre-velaton-por-julia-chunil-en-la-estela-de-piedra-del-cerro-huelen-santa-lucia\/\" \/>\n<meta property=\"og:locale\" content=\"es_ES\" \/>\n<meta property=\"og:type\" content=\"article\" \/>\n<meta property=\"og:title\" content=\"Este mi\u00e9rcoles 8 de octubre, Velat\u00f3n por Julia Chu\u00f1il en la estela de piedra del Cerro Huel\u00e9n (Santa Luc\u00eda)\" \/>\n<meta property=\"og:description\" content=\"En Santiago nos vemos este 8 de octubre a las 19 horas en la Animita del cerro Welen, donde las manos del pueblo se unir\u00e1n para sentir la presencia\" \/>\n<meta property=\"og:url\" content=\"https:\/\/www.pressenza.com\/es\/2025\/10\/este-miercoles-8-de-octubre-velaton-por-julia-chunil-en-la-estela-de-piedra-del-cerro-huelen-santa-lucia\/\" \/>\n<meta property=\"og:site_name\" content=\"Pressenza\" \/>\n<meta property=\"article:publisher\" content=\"https:\/\/www.facebook.com\/PressenzaItalia\" \/>\n<meta property=\"article:published_time\" content=\"2025-10-07T20:40:57+00:00\" \/>\n<meta property=\"og:image\" content=\"https:\/\/www.pressenza.com\/wp-content\/uploads\/2025\/10\/Velaton-por-Julia-Chunil_8oct2025.jpeg\" \/>\n\t<meta property=\"og:image:width\" content=\"1080\" \/>\n\t<meta property=\"og:image:height\" content=\"1350\" \/>\n\t<meta property=\"og:image:type\" content=\"image\/jpeg\" \/>\n<meta name=\"author\" content=\"Luc\u00eda Sep\u00falveda Ruiz\" \/>\n<meta name=\"twitter:card\" content=\"summary_large_image\" \/>\n<meta name=\"twitter:creator\" content=\"@PressenzaIPA\" \/>\n<meta name=\"twitter:site\" content=\"@PressenzaIPA\" \/>\n<meta name=\"twitter:label1\" content=\"Escrito por\" \/>\n\t<meta name=\"twitter:data1\" content=\"Luc\u00eda Sep\u00falveda Ruiz\" \/>\n\t<meta name=\"twitter:label2\" content=\"Tiempo de lectura\" \/>\n\t<meta name=\"twitter:data2\" content=\"1 minuto\" \/>\n<script type=\"application\/ld+json\" class=\"yoast-schema-graph\">{\"@context\":\"https:\/\/schema.org\",\"@graph\":[{\"@type\":\"Article\",\"@id\":\"https:\/\/www.pressenza.com\/es\/2025\/10\/este-miercoles-8-de-octubre-velaton-por-julia-chunil-en-la-estela-de-piedra-del-cerro-huelen-santa-lucia\/#article\",\"isPartOf\":{\"@id\":\"https:\/\/www.pressenza.com\/es\/2025\/10\/este-miercoles-8-de-octubre-velaton-por-julia-chunil-en-la-estela-de-piedra-del-cerro-huelen-santa-lucia\/\"},\"author\":{\"name\":\"Luc\u00eda Sep\u00falveda Ruiz\",\"@id\":\"https:\/\/www.pressenza.com\/es\/#\/schema\/person\/cc7987b6dab7128f3a1f8cbad54aaafe\"},\"headline\":\"Este mi\u00e9rcoles 8 de octubre, Velat\u00f3n por Julia Chu\u00f1il en la estela de piedra del Cerro Huel\u00e9n (Santa Luc\u00eda)\",\"datePublished\":\"2025-10-07T20:40:57+00:00\",\"mainEntityOfPage\":{\"@id\":\"https:\/\/www.pressenza.com\/es\/2025\/10\/este-miercoles-8-de-octubre-velaton-por-julia-chunil-en-la-estela-de-piedra-del-cerro-huelen-santa-lucia\/\"},\"wordCount\":185,\"publisher\":{\"@id\":\"https:\/\/www.pressenza.com\/es\/#organization\"},\"image\":{\"@id\":\"https:\/\/www.pressenza.com\/es\/2025\/10\/este-miercoles-8-de-octubre-velaton-por-julia-chunil-en-la-estela-de-piedra-del-cerro-huelen-santa-lucia\/#primaryimage\"},\"thumbnailUrl\":\"https:\/\/www.pressenza.com\/wp-content\/uploads\/2025\/10\/Velaton-por-Julia-Chunil_8oct2025.jpeg\",\"keywords\":[\"Alameda con Victoria Subercaseaux\",\"Cerro Huel\u00e9n\",\"Cerro Santa Luc\u00eda\",\"D\u00eda a d\u00eda sin Julia Chu\u00f1il\",\"Velat\u00f3n por Julia Chu\u00f1il\"],\"articleSection\":[\"Contenido Original\",\"Derechos Humanos\",\"Ecolog\u00eda y Medio Ambiente\",\"Pueblos Originarios\",\"Sudam\u00e9rica\"],\"inLanguage\":\"es\"},{\"@type\":\"WebPage\",\"@id\":\"https:\/\/www.pressenza.com\/es\/2025\/10\/este-miercoles-8-de-octubre-velaton-por-julia-chunil-en-la-estela-de-piedra-del-cerro-huelen-santa-lucia\/\",\"url\":\"https:\/\/www.pressenza.com\/es\/2025\/10\/este-miercoles-8-de-octubre-velaton-por-julia-chunil-en-la-estela-de-piedra-del-cerro-huelen-santa-lucia\/\",\"name\":\"Este mi\u00e9rcoles 8 de octubre, Velat\u00f3n por Julia Chu\u00f1il en la estela de piedra del Cerro Huel\u00e9n (Santa Luc\u00eda)\",\"isPartOf\":{\"@id\":\"https:\/\/www.pressenza.com\/es\/#website\"},\"primaryImageOfPage\":{\"@id\":\"https:\/\/www.pressenza.com\/es\/2025\/10\/este-miercoles-8-de-octubre-velaton-por-julia-chunil-en-la-estela-de-piedra-del-cerro-huelen-santa-lucia\/#primaryimage\"},\"image\":{\"@id\":\"https:\/\/www.pressenza.com\/es\/2025\/10\/este-miercoles-8-de-octubre-velaton-por-julia-chunil-en-la-estela-de-piedra-del-cerro-huelen-santa-lucia\/#primaryimage\"},\"thumbnailUrl\":\"https:\/\/www.pressenza.com\/wp-content\/uploads\/2025\/10\/Velaton-por-Julia-Chunil_8oct2025.jpeg\",\"datePublished\":\"2025-10-07T20:40:57+00:00\",\"description\":\"En Santiago nos vemos este 8 de octubre a las 19 horas en la Animita del cerro Welen, donde las manos del pueblo se unir\u00e1n para sentir la presencia\",\"breadcrumb\":{\"@id\":\"https:\/\/www.pressenza.com\/es\/2025\/10\/este-miercoles-8-de-octubre-velaton-por-julia-chunil-en-la-estela-de-piedra-del-cerro-huelen-santa-lucia\/#breadcrumb\"},\"inLanguage\":\"es\",\"potentialAction\":[{\"@type\":\"ReadAction\",\"target\":[\"https:\/\/www.pressenza.com\/es\/2025\/10\/este-miercoles-8-de-octubre-velaton-por-julia-chunil-en-la-estela-de-piedra-del-cerro-huelen-santa-lucia\/\"]}]},{\"@type\":\"ImageObject\",\"inLanguage\":\"es\",\"@id\":\"https:\/\/www.pressenza.com\/es\/2025\/10\/este-miercoles-8-de-octubre-velaton-por-julia-chunil-en-la-estela-de-piedra-del-cerro-huelen-santa-lucia\/#primaryimage\",\"url\":\"https:\/\/www.pressenza.com\/wp-content\/uploads\/2025\/10\/Velaton-por-Julia-Chunil_8oct2025.jpeg\",\"contentUrl\":\"https:\/\/www.pressenza.com\/wp-content\/uploads\/2025\/10\/Velaton-por-Julia-Chunil_8oct2025.jpeg\",\"width\":1080,\"height\":1350},{\"@type\":\"BreadcrumbList\",\"@id\":\"https:\/\/www.pressenza.com\/es\/2025\/10\/este-miercoles-8-de-octubre-velaton-por-julia-chunil-en-la-estela-de-piedra-del-cerro-huelen-santa-lucia\/#breadcrumb\",\"itemListElement\":[{\"@type\":\"ListItem\",\"position\":1,\"name\":\"Accueil\",\"item\":\"https:\/\/www.pressenza.com\/es\/\"},{\"@type\":\"ListItem\",\"position\":2,\"name\":\"Este mi\u00e9rcoles 8 de octubre, Velat\u00f3n por Julia Chu\u00f1il en la estela de piedra del Cerro Huel\u00e9n (Santa Luc\u00eda)\"}]},{\"@type\":\"WebSite\",\"@id\":\"https:\/\/www.pressenza.com\/es\/#website\",\"url\":\"https:\/\/www.pressenza.com\/es\/\",\"name\":\"Pressenza\",\"description\":\"International Press Agency\",\"publisher\":{\"@id\":\"https:\/\/www.pressenza.com\/es\/#organization\"},\"potentialAction\":[{\"@type\":\"SearchAction\",\"target\":{\"@type\":\"EntryPoint\",\"urlTemplate\":\"https:\/\/www.pressenza.com\/es\/?s={search_term_string}\"},\"query-input\":{\"@type\":\"PropertyValueSpecification\",\"valueRequired\":true,\"valueName\":\"search_term_string\"}}],\"inLanguage\":\"es\"},{\"@type\":\"Organization\",\"@id\":\"https:\/\/www.pressenza.com\/es\/#organization\",\"name\":\"Pressenza\",\"url\":\"https:\/\/www.pressenza.com\/es\/\",\"logo\":{\"@type\":\"ImageObject\",\"inLanguage\":\"es\",\"@id\":\"https:\/\/www.pressenza.com\/es\/#\/schema\/logo\/image\/\",\"url\":\"https:\/\/www.pressenza.com\/wp-content\/uploads\/2022\/10\/pressenza_logo_200x200.jpg\",\"contentUrl\":\"https:\/\/www.pressenza.com\/wp-content\/uploads\/2022\/10\/pressenza_logo_200x200.jpg\",\"width\":200,\"height\":200,\"caption\":\"Pressenza\"},\"image\":{\"@id\":\"https:\/\/www.pressenza.com\/es\/#\/schema\/logo\/image\/\"},\"sameAs\":[\"https:\/\/www.facebook.com\/PressenzaItalia\",\"https:\/\/x.com\/PressenzaIPA\"]},{\"@type\":\"Person\",\"@id\":\"https:\/\/www.pressenza.com\/es\/#\/schema\/person\/cc7987b6dab7128f3a1f8cbad54aaafe\",\"name\":\"Luc\u00eda Sep\u00falveda Ruiz\",\"url\":\"https:\/\/www.pressenza.com\/es\/author\/lucia-sepulveda-ruiz\/\"}]}<\/script>\n<!-- \/ Yoast SEO plugin. -->","yoast_head_json":{"title":"Este mi\u00e9rcoles 8 de octubre, Velat\u00f3n por Julia Chu\u00f1il en la estela de piedra del Cerro Huel\u00e9n (Santa Luc\u00eda)","description":"En Santiago nos vemos este 8 de octubre a las 19 horas en la Animita del cerro Welen, donde las manos del pueblo se unir\u00e1n para sentir la presencia","robots":{"index":"index","follow":"follow","max-snippet":"max-snippet:-1","max-image-preview":"max-image-preview:large","max-video-preview":"max-video-preview:-1"},"canonical":"https:\/\/www.pressenza.com\/es\/2025\/10\/este-miercoles-8-de-octubre-velaton-por-julia-chunil-en-la-estela-de-piedra-del-cerro-huelen-santa-lucia\/","og_locale":"es_ES","og_type":"article","og_title":"Este mi\u00e9rcoles 8 de octubre, Velat\u00f3n por Julia Chu\u00f1il en la estela de piedra del Cerro Huel\u00e9n (Santa Luc\u00eda)","og_description":"En Santiago nos vemos este 8 de octubre a las 19 horas en la Animita del cerro Welen, donde las manos del pueblo se unir\u00e1n para sentir la presencia","og_url":"https:\/\/www.pressenza.com\/es\/2025\/10\/este-miercoles-8-de-octubre-velaton-por-julia-chunil-en-la-estela-de-piedra-del-cerro-huelen-santa-lucia\/","og_site_name":"Pressenza","article_publisher":"https:\/\/www.facebook.com\/PressenzaItalia","article_published_time":"2025-10-07T20:40:57+00:00","og_image":[{"width":1080,"height":1350,"url":"https:\/\/www.pressenza.com\/wp-content\/uploads\/2025\/10\/Velaton-por-Julia-Chunil_8oct2025.jpeg","type":"image\/jpeg"}],"author":"Luc\u00eda Sep\u00falveda Ruiz","twitter_card":"summary_large_image","twitter_creator":"@PressenzaIPA","twitter_site":"@PressenzaIPA","twitter_misc":{"Escrito por":"Luc\u00eda Sep\u00falveda Ruiz","Tiempo de lectura":"1 minuto"},"schema":{"@context":"https:\/\/schema.org","@graph":[{"@type":"Article","@id":"https:\/\/www.pressenza.com\/es\/2025\/10\/este-miercoles-8-de-octubre-velaton-por-julia-chunil-en-la-estela-de-piedra-del-cerro-huelen-santa-lucia\/#article","isPartOf":{"@id":"https:\/\/www.pressenza.com\/es\/2025\/10\/este-miercoles-8-de-octubre-velaton-por-julia-chunil-en-la-estela-de-piedra-del-cerro-huelen-santa-lucia\/"},"author":{"name":"Luc\u00eda Sep\u00falveda Ruiz","@id":"https:\/\/www.pressenza.com\/es\/#\/schema\/person\/cc7987b6dab7128f3a1f8cbad54aaafe"},"headline":"Este mi\u00e9rcoles 8 de octubre, Velat\u00f3n por Julia Chu\u00f1il en la estela de piedra del Cerro Huel\u00e9n (Santa Luc\u00eda)","datePublished":"2025-10-07T20:40:57+00:00","mainEntityOfPage":{"@id":"https:\/\/www.pressenza.com\/es\/2025\/10\/este-miercoles-8-de-octubre-velaton-por-julia-chunil-en-la-estela-de-piedra-del-cerro-huelen-santa-lucia\/"},"wordCount":185,"publisher":{"@id":"https:\/\/www.pressenza.com\/es\/#organization"},"image":{"@id":"https:\/\/www.pressenza.com\/es\/2025\/10\/este-miercoles-8-de-octubre-velaton-por-julia-chunil-en-la-estela-de-piedra-del-cerro-huelen-santa-lucia\/#primaryimage"},"thumbnailUrl":"https:\/\/www.pressenza.com\/wp-content\/uploads\/2025\/10\/Velaton-por-Julia-Chunil_8oct2025.jpeg","keywords":["Alameda con Victoria Subercaseaux","Cerro Huel\u00e9n","Cerro Santa Luc\u00eda","D\u00eda a d\u00eda sin Julia Chu\u00f1il","Velat\u00f3n por Julia Chu\u00f1il"],"articleSection":["Contenido Original","Derechos Humanos","Ecolog\u00eda y Medio Ambiente","Pueblos Originarios","Sudam\u00e9rica"],"inLanguage":"es"},{"@type":"WebPage","@id":"https:\/\/www.pressenza.com\/es\/2025\/10\/este-miercoles-8-de-octubre-velaton-por-julia-chunil-en-la-estela-de-piedra-del-cerro-huelen-santa-lucia\/","url":"https:\/\/www.pressenza.com\/es\/2025\/10\/este-miercoles-8-de-octubre-velaton-por-julia-chunil-en-la-estela-de-piedra-del-cerro-huelen-santa-lucia\/","name":"Este mi\u00e9rcoles 8 de octubre, Velat\u00f3n por Julia Chu\u00f1il en la estela de piedra del Cerro Huel\u00e9n (Santa Luc\u00eda)","isPartOf":{"@id":"https:\/\/www.pressenza.com\/es\/#website"},"primaryImageOfPage":{"@id":"https:\/\/www.pressenza.com\/es\/2025\/10\/este-miercoles-8-de-octubre-velaton-por-julia-chunil-en-la-estela-de-piedra-del-cerro-huelen-santa-lucia\/#primaryimage"},"image":{"@id":"https:\/\/www.pressenza.com\/es\/2025\/10\/este-miercoles-8-de-octubre-velaton-por-julia-chunil-en-la-estela-de-piedra-del-cerro-huelen-santa-lucia\/#primaryimage"},"thumbnailUrl":"https:\/\/www.pressenza.com\/wp-content\/uploads\/2025\/10\/Velaton-por-Julia-Chunil_8oct2025.jpeg","datePublished":"2025-10-07T20:40:57+00:00","description":"En Santiago nos vemos este 8 de octubre a las 19 horas en la Animita del cerro Welen, donde las manos del pueblo se unir\u00e1n para sentir la presencia","breadcrumb":{"@id":"https:\/\/www.pressenza.com\/es\/2025\/10\/este-miercoles-8-de-octubre-velaton-por-julia-chunil-en-la-estela-de-piedra-del-cerro-huelen-santa-lucia\/#breadcrumb"},"inLanguage":"es","potentialAction":[{"@type":"ReadAction","target":["https:\/\/www.pressenza.com\/es\/2025\/10\/este-miercoles-8-de-octubre-velaton-por-julia-chunil-en-la-estela-de-piedra-del-cerro-huelen-santa-lucia\/"]}]},{"@type":"ImageObject","inLanguage":"es","@id":"https:\/\/www.pressenza.com\/es\/2025\/10\/este-miercoles-8-de-octubre-velaton-por-julia-chunil-en-la-estela-de-piedra-del-cerro-huelen-santa-lucia\/#primaryimage","url":"https:\/\/www.pressenza.com\/wp-content\/uploads\/2025\/10\/Velaton-por-Julia-Chunil_8oct2025.jpeg","contentUrl":"https:\/\/www.pressenza.com\/wp-content\/uploads\/2025\/10\/Velaton-por-Julia-Chunil_8oct2025.jpeg","width":1080,"height":1350},{"@type":"BreadcrumbList","@id":"https:\/\/www.pressenza.com\/es\/2025\/10\/este-miercoles-8-de-octubre-velaton-por-julia-chunil-en-la-estela-de-piedra-del-cerro-huelen-santa-lucia\/#breadcrumb","itemListElement":[{"@type":"ListItem","position":1,"name":"Accueil","item":"https:\/\/www.pressenza.com\/es\/"},{"@type":"ListItem","position":2,"name":"Este mi\u00e9rcoles 8 de octubre, Velat\u00f3n por Julia Chu\u00f1il en la estela de piedra del Cerro Huel\u00e9n (Santa Luc\u00eda)"}]},{"@type":"WebSite","@id":"https:\/\/www.pressenza.com\/es\/#website","url":"https:\/\/www.pressenza.com\/es\/","name":"Pressenza","description":"International Press Agency","publisher":{"@id":"https:\/\/www.pressenza.com\/es\/#organization"},"potentialAction":[{"@type":"SearchAction","target":{"@type":"EntryPoint","urlTemplate":"https:\/\/www.pressenza.com\/es\/?s={search_term_string}"},"query-input":{"@type":"PropertyValueSpecification","valueRequired":true,"valueName":"search_term_string"}}],"inLanguage":"es"},{"@type":"Organization","@id":"https:\/\/www.pressenza.com\/es\/#organization","name":"Pressenza","url":"https:\/\/www.pressenza.com\/es\/","logo":{"@type":"ImageObject","inLanguage":"es","@id":"https:\/\/www.pressenza.com\/es\/#\/schema\/logo\/image\/","url":"https:\/\/www.pressenza.com\/wp-content\/uploads\/2022\/10\/pressenza_logo_200x200.jpg","contentUrl":"https:\/\/www.pressenza.com\/wp-content\/uploads\/2022\/10\/pressenza_logo_200x200.jpg","width":200,"height":200,"caption":"Pressenza"},"image":{"@id":"https:\/\/www.pressenza.com\/es\/#\/schema\/logo\/image\/"},"sameAs":["https:\/\/www.facebook.com\/PressenzaItalia","https:\/\/x.com\/PressenzaIPA"]},{"@type":"Person","@id":"https:\/\/www.pressenza.com\/es\/#\/schema\/person\/cc7987b6dab7128f3a1f8cbad54aaafe","name":"Luc\u00eda Sep\u00falveda Ruiz","url":"https:\/\/www.pressenza.com\/es\/author\/lucia-sepulveda-ruiz\/"}]}},"place":"Santiago de Chile","original_article_url":"","_links":{"self":[{"href":"https:\/\/www.pressenza.com\/es\/wp-json\/wp\/v2\/posts\/2643202","targetHints":{"allow":["GET"]}}],"collection":[{"href":"https:\/\/www.pressenza.com\/es\/wp-json\/wp\/v2\/posts"}],"about":[{"href":"https:\/\/www.pressenza.com\/es\/wp-json\/wp\/v2\/types\/post"}],"author":[{"embeddable":true,"href":"https:\/\/www.pressenza.com\/es\/wp-json\/wp\/v2\/users\/2513"}],"replies":[{"embeddable":true,"href":"https:\/\/www.pressenza.com\/es\/wp-json\/wp\/v2\/comments?post=2643202"}],"version-history":[{"count":1,"href":"https:\/\/www.pressenza.com\/es\/wp-json\/wp\/v2\/posts\/2643202\/revisions"}],"predecessor-version":[{"id":2643207,"href":"https:\/\/www.pressenza.com\/es\/wp-json\/wp\/v2\/posts\/2643202\/revisions\/2643207"}],"wp:featuredmedia":[{"embeddable":true,"href":"https:\/\/www.pressenza.com\/es\/wp-json\/wp\/v2\/media\/2643208"}],"wp:attachment":[{"href":"https:\/\/www.pressenza.com\/es\/wp-json\/wp\/v2\/media?parent=2643202"}],"wp:term":[{"taxonomy":"category","embeddable":true,"href":"https:\/\/www.pressenza.com\/es\/wp-json\/wp\/v2\/categories?post=2643202"},{"taxonomy":"post_tag","embeddable":true,"href":"https:\/\/www.pressenza.com\/es\/wp-json\/wp\/v2\/tags?post=2643202"}],"curies":[{"name":"wp","href":"https:\/\/api.w.org\/{rel}","templated":true}]}}