{"id":264218,"date":"2016-01-05T21:08:41","date_gmt":"2016-01-05T21:08:41","guid":{"rendered":"http:\/\/www.pressenza.com\/es\/?p=264218"},"modified":"2016-01-05T21:08:41","modified_gmt":"2016-01-05T21:08:41","slug":"264218","status":"publish","type":"post","link":"https:\/\/www.pressenza.com\/es\/2016\/01\/264218\/","title":{"rendered":"Reyes Magos: consumismo y esclavitud"},"content":{"rendered":"<p><em>Pocas fechas como las Navidades representan tan bien la esencia de este sistema deshumanizante, que no hemos elegido, pero que ayudamos a mantener. Un sistema apoyado en el consumo y la esclavitud.<\/em><\/p>\n<p>&nbsp;<\/p>\n<p>Analizaremos el juego cruel del cual participamos cotidianamente y que tan obsceno se vuelve en estos d\u00edas.<\/p>\n<p>Pese a lo obvio y repetitivo, seguiremos se\u00f1alando que este sistema se basa en el puro consumo, un consumo que se incentiva y aumenta \u2013podr\u00edamos decir- al mismo ritmo que el capital se va concentrando en menos manos y las diferencias sociales se agrandan.<\/p>\n<p>Est\u00e1 dem\u00e1s se\u00f1alar que la mayor parte de las guerras se deben a intereses econ\u00f3micos y a este modelo capitalista\/consumista que ejerce de \u201cprisi\u00f3n sicosocial\u201d de la Humanidad entera.<\/p>\n<p>Sabemos tambi\u00e9n que los recursos del planeta son limitados y, de seguir as\u00ed, vamos al desastre.<\/p>\n<p>Y qu\u00e9 mejor d\u00eda que hoy, cuando se celebra la festividad de los Reyes Magos (fiesta en la que se entregan tradicionalmente regalos en Espa\u00f1a, despu\u00e9s de casi dos semanas de despilfarro), para reflexionar sobre algunos datos escandalosos, que difieren poco de los de otros pa\u00edses \u201cdesarrollados\u201d:<\/p>\n<hr \/>\n<ul>\n<li><span style=\"color: #0000ff;\"><em>Casi <a style=\"color: #0000ff;\" href=\"http:\/\/www.eldiario.es\/economia\/pobreza-dispara-Espana-alcanza-poblacion_0_441306739.html\">14 millones<\/a> de personas en Espa\u00f1a est\u00e1n en riesgo de pobreza y exclusi\u00f3n social. M\u00e1s de 10 millones ya son pobres, de los cuales, la mitad tienen empleo&#8230; pese a la mejor\u00eda macroecon\u00f3mica.<\/em><\/span><\/li>\n<\/ul>\n<ul>\n<li><span style=\"color: #0000ff;\"><em>La <a style=\"color: #0000ff;\" href=\"http:\/\/eapn.es\/ARCHIVO\/documentos\/recursos\/1\/1444833751_20151015_el_estado_de_la_pobreza_seguimiento_del_arope_2014_pdf.pdf\">pobreza infantil<\/a> afecta al 30% de la poblaci\u00f3n espa\u00f1ola, contabilizando a los menores de diecis\u00e9is a\u00f1os.<\/em><\/span><\/li>\n<\/ul>\n<ul>\n<li><span style=\"color: #0000ff;\"><em>En Espa\u00f1a, terminan en la basura <a style=\"color: #0000ff;\" href=\"http:\/\/www.eldiario.es\/sociedad\/comida-Espana-tira-basura_0_392661014.html\">8 millones<\/a> de toneladas de alimentos (167 kilos per c\u00e1pita), siendo el sexto pa\u00eds de Europa en este ranking.<\/em><\/span><\/li>\n<\/ul>\n<ul>\n<li><span style=\"color: #0000ff;\"><em>158 millones de ni\u00f1os trabajan en todo el mundo, seg\u00fan <a style=\"color: #0000ff;\" href=\"http:\/\/www.unicef.org\/spanish\/protection\/index_childlabour.html\">datos<\/a> de UNICEF. La mayor\u00eda viven en \u00c1frica subsahariana, Asia y Am\u00e9rica Latina.<\/em><\/span><\/li>\n<\/ul>\n<ul>\n<li><span style=\"color: #0000ff;\"><em>Previsiones de <a style=\"color: #0000ff;\" href=\"http:\/\/economia.elpais.com\/economia\/2015\/11\/16\/actualidad\/1447686240_420532.html\">gastos<\/a> en Navidad en Espa\u00f1a: 684 \u20ac. <a style=\"color: #0000ff;\" href=\"http:\/\/www.negocios.com\/noticias\/espanol-gastara-media-209-euros-regalos-navidad-18112014-1940\">Gastos<\/a> en regalos navide\u00f1o: 209 euros por persona.<\/em><\/span><\/li>\n<\/ul>\n<hr \/>\n<p>Para que este consumismo loco pueda darse, miles de millones de personas han de trabajar en condiciones laborales inhumanas y salarios miserables.<\/p>\n<p>Sabemos, por otro lado, que la Humanidad cuenta con los suficientes avances cient\u00edficos y tecnol\u00f3gicos para ofrecer una vida \u201cdigna\u201d a todos los habitantes del planeta, pero tambi\u00e9n sabemos que hoy se est\u00e1n produciendo las mayores desigualdades de la Historia.<\/p>\n<p>Me pregunto, entonces: teniendo estos datos al alcance de cualquier ciudadano que quiera informarse \u00bfC\u00f3mo es que no levantamos la voz para reclamar que toda esta locura inmoral pare?. \u00bfC\u00f3mo es que vivimos a espaldas del dolor y el sufrimiento que est\u00e1 debajo de nuestro consumismo?<\/p>\n<p>Y en esta desconexi\u00f3n con el sufrimiento ajeno, es alarmante especialmente la que tiene que ver con los ni\u00f1os y j\u00f3venes.<\/p>\n<p>Vivimos ciegos sin querer ver el futuro que estamos construyendo para las siguientes generaciones.<\/p>\n<p>Por un lado, no queremos mirar el rostro de los millones de esclavos infantiles (mientras nos angustia un peque\u00f1o rev\u00e9s en la vida de nuestros v\u00e1stagos). Parece no importarnos consumir objetos, resultado del trabajo de sus peque\u00f1os cuerpos, ni el futuro que les estamos negando colaborando con este consumo enloquecido.<\/p>\n<p>Pero tampoco meditamos suficientemente sobre el futuro al que estamos condenando a nuestros hijos, a los que no queremos negarles los \u00faltimos caprichos de moda, cuando no se los incentivamos. Los estamos metiendo en esa rueda de consumismo ahora y les estamos \u201ceducando\u201d para que sean futuros trabajadores \u201cesclavizados\u201d despu\u00e9s, dispuestos a recibir salarios miserables para seguir consumiendo&#8230; o sobreviviendo.<\/p>\n<p>En todos los casos, colaboramos con que los j\u00f3venes y ni\u00f1os de hoy vivan \u201cdesconectados\u201d de s\u00ed mismos, absolutamente \u201cexternalizados\u201d, por falta de energ\u00eda o por vivir en una fuga consumista y loca.<\/p>\n<p>\u00bfNos atreveremos a alejarnos y ayudarles a alejarse de esta rueda de deseo, dolor y sufrimiento que es este sistema consumista?.<\/p>\n<p>Aprovechando el comienzo de un nuevo a\u00f1o de la era com\u00fan, propongo que osemos lanzarnos a la aventura de trabajar por dar respuesta \u00fanicamente a nuestras necesidades y las de nuestros hijos: luchando por construir condiciones f\u00edsicas para una vida digna para todos (vivienda, comida, sanidad&#8230;); psicol\u00f3gicas (d\u00e1ndoles una educaci\u00f3n basada en la libertad de ideas y creencias, en una verdadera solidaridad tratando a los dem\u00e1s como ellos quieren ser tratados, en que su vida sea coherente&#8230; ), y espirituales (ayud\u00e1ndoles a conectar con su interior).<\/p>\n<p>Entonces, la experiencia de trabajar por cubrir las verdaderas necesidades de nuestros hijos nos llevar\u00e1, sin duda, a trabajar por cubrir las necesidades de los hijos de toda la Humanidad.<\/p>\n<p>\u00a1\u00c9ste es mi pedido a los Reyes Magos!.<\/p>\n","protected":false},"excerpt":{"rendered":"<p>Pocas fechas como las Navidades representan tan bien la esencia de este sistema deshumanizante, que no hemos elegido, pero que ayudamos a mantener. Un sistema apoyado en el consumo y la esclavitud. &nbsp; Analizaremos el juego cruel del cual participamos&hellip;<\/p>\n","protected":false},"author":188,"featured_media":264228,"comment_status":"closed","ping_status":"open","sticky":false,"template":"","format":"standard","meta":{"footnotes":""},"categories":[11389,1240,161],"tags":[1401,1044,22953,816,556],"class_list":["post-264218","post","type-post","status-publish","format-standard","has-post-thumbnail","hentry","category-contenido-original","category-humanismo-espiritualidad","category-opiniones","tag-consumismo-es","tag-esclavitud","tag-futuras-generaciones","tag-pobreza-es","tag-reino-de-espana"],"yoast_head":"<!-- This site is optimized with the Yoast SEO plugin v27.1.1 - https:\/\/yoast.com\/product\/yoast-seo-wordpress\/ -->\n<title>Reyes Magos: consumismo y esclavitud<\/title>\n<meta name=\"description\" content=\"Pocas fechas como las Navidades representan tan bien la esencia de este sistema deshumanizante, que no hemos elegido, pero que ayudamos a mantener. Un\" \/>\n<meta name=\"robots\" content=\"index, follow, max-snippet:-1, max-image-preview:large, max-video-preview:-1\" \/>\n<link rel=\"canonical\" href=\"https:\/\/www.pressenza.com\/es\/2016\/01\/264218\/\" \/>\n<meta property=\"og:locale\" content=\"es_ES\" \/>\n<meta property=\"og:type\" content=\"article\" \/>\n<meta property=\"og:title\" content=\"Reyes Magos: consumismo y esclavitud\" \/>\n<meta property=\"og:description\" content=\"Pocas fechas como las Navidades representan tan bien la esencia de este sistema deshumanizante, que no hemos elegido, pero que ayudamos a mantener. Un\" \/>\n<meta property=\"og:url\" content=\"https:\/\/www.pressenza.com\/es\/2016\/01\/264218\/\" \/>\n<meta property=\"og:site_name\" content=\"Pressenza\" \/>\n<meta property=\"article:publisher\" content=\"https:\/\/www.facebook.com\/PressenzaItalia\" \/>\n<meta property=\"article:published_time\" content=\"2016-01-05T21:08:41+00:00\" \/>\n<meta property=\"og:image\" content=\"https:\/\/www.pressenza.com\/wp-content\/uploads\/2016\/01\/buscando-esmeraldas-Colombia.jpg\" \/>\n\t<meta property=\"og:image:width\" content=\"995\" \/>\n\t<meta property=\"og:image:height\" content=\"680\" \/>\n\t<meta property=\"og:image:type\" content=\"image\/jpeg\" \/>\n<meta name=\"author\" content=\"Gabriela Amaya\" \/>\n<meta name=\"twitter:card\" content=\"summary_large_image\" \/>\n<meta name=\"twitter:creator\" content=\"@PressenzaIPA\" \/>\n<meta name=\"twitter:site\" content=\"@PressenzaIPA\" \/>\n<meta name=\"twitter:label1\" content=\"Escrito por\" \/>\n\t<meta name=\"twitter:data1\" content=\"Gabriela Amaya\" \/>\n\t<meta name=\"twitter:label2\" content=\"Tiempo de lectura\" \/>\n\t<meta name=\"twitter:data2\" content=\"4 minutos\" \/>\n<script type=\"application\/ld+json\" class=\"yoast-schema-graph\">{\"@context\":\"https:\/\/schema.org\",\"@graph\":[{\"@type\":\"Article\",\"@id\":\"https:\/\/www.pressenza.com\/es\/2016\/01\/264218\/#article\",\"isPartOf\":{\"@id\":\"https:\/\/www.pressenza.com\/es\/2016\/01\/264218\/\"},\"author\":{\"name\":\"Gabriela Amaya\",\"@id\":\"https:\/\/www.pressenza.com\/es\/#\/schema\/person\/725d47ccbea4c7854f7dd4011b6670b9\"},\"headline\":\"Reyes Magos: consumismo y esclavitud\",\"datePublished\":\"2016-01-05T21:08:41+00:00\",\"mainEntityOfPage\":{\"@id\":\"https:\/\/www.pressenza.com\/es\/2016\/01\/264218\/\"},\"wordCount\":785,\"publisher\":{\"@id\":\"https:\/\/www.pressenza.com\/es\/#organization\"},\"image\":{\"@id\":\"https:\/\/www.pressenza.com\/es\/2016\/01\/264218\/#primaryimage\"},\"thumbnailUrl\":\"https:\/\/www.pressenza.com\/wp-content\/uploads\/2016\/01\/buscando-esmeraldas-Colombia.jpg\",\"keywords\":[\"consumismo\",\"esclavitud\",\"futuras generaciones\",\"Pobreza\",\"Reino de Espa\u00f1a\"],\"articleSection\":[\"Contenido Original\",\"Humanismo y Espiritualidad\",\"Opiniones\"],\"inLanguage\":\"es\"},{\"@type\":\"WebPage\",\"@id\":\"https:\/\/www.pressenza.com\/es\/2016\/01\/264218\/\",\"url\":\"https:\/\/www.pressenza.com\/es\/2016\/01\/264218\/\",\"name\":\"Reyes Magos: consumismo y esclavitud\",\"isPartOf\":{\"@id\":\"https:\/\/www.pressenza.com\/es\/#website\"},\"primaryImageOfPage\":{\"@id\":\"https:\/\/www.pressenza.com\/es\/2016\/01\/264218\/#primaryimage\"},\"image\":{\"@id\":\"https:\/\/www.pressenza.com\/es\/2016\/01\/264218\/#primaryimage\"},\"thumbnailUrl\":\"https:\/\/www.pressenza.com\/wp-content\/uploads\/2016\/01\/buscando-esmeraldas-Colombia.jpg\",\"datePublished\":\"2016-01-05T21:08:41+00:00\",\"description\":\"Pocas fechas como las Navidades representan tan bien la esencia de este sistema deshumanizante, que no hemos elegido, pero que ayudamos a mantener. Un\",\"breadcrumb\":{\"@id\":\"https:\/\/www.pressenza.com\/es\/2016\/01\/264218\/#breadcrumb\"},\"inLanguage\":\"es\",\"potentialAction\":[{\"@type\":\"ReadAction\",\"target\":[\"https:\/\/www.pressenza.com\/es\/2016\/01\/264218\/\"]}]},{\"@type\":\"ImageObject\",\"inLanguage\":\"es\",\"@id\":\"https:\/\/www.pressenza.com\/es\/2016\/01\/264218\/#primaryimage\",\"url\":\"https:\/\/www.pressenza.com\/wp-content\/uploads\/2016\/01\/buscando-esmeraldas-Colombia.jpg\",\"contentUrl\":\"https:\/\/www.pressenza.com\/wp-content\/uploads\/2016\/01\/buscando-esmeraldas-Colombia.jpg\",\"width\":995,\"height\":680},{\"@type\":\"BreadcrumbList\",\"@id\":\"https:\/\/www.pressenza.com\/es\/2016\/01\/264218\/#breadcrumb\",\"itemListElement\":[{\"@type\":\"ListItem\",\"position\":1,\"name\":\"Accueil\",\"item\":\"https:\/\/www.pressenza.com\/es\/\"},{\"@type\":\"ListItem\",\"position\":2,\"name\":\"Reyes Magos: consumismo y esclavitud\"}]},{\"@type\":\"WebSite\",\"@id\":\"https:\/\/www.pressenza.com\/es\/#website\",\"url\":\"https:\/\/www.pressenza.com\/es\/\",\"name\":\"Pressenza\",\"description\":\"International Press Agency\",\"publisher\":{\"@id\":\"https:\/\/www.pressenza.com\/es\/#organization\"},\"potentialAction\":[{\"@type\":\"SearchAction\",\"target\":{\"@type\":\"EntryPoint\",\"urlTemplate\":\"https:\/\/www.pressenza.com\/es\/?s={search_term_string}\"},\"query-input\":{\"@type\":\"PropertyValueSpecification\",\"valueRequired\":true,\"valueName\":\"search_term_string\"}}],\"inLanguage\":\"es\"},{\"@type\":\"Organization\",\"@id\":\"https:\/\/www.pressenza.com\/es\/#organization\",\"name\":\"Pressenza\",\"url\":\"https:\/\/www.pressenza.com\/es\/\",\"logo\":{\"@type\":\"ImageObject\",\"inLanguage\":\"es\",\"@id\":\"https:\/\/www.pressenza.com\/es\/#\/schema\/logo\/image\/\",\"url\":\"https:\/\/www.pressenza.com\/wp-content\/uploads\/2022\/10\/pressenza_logo_200x200.jpg\",\"contentUrl\":\"https:\/\/www.pressenza.com\/wp-content\/uploads\/2022\/10\/pressenza_logo_200x200.jpg\",\"width\":200,\"height\":200,\"caption\":\"Pressenza\"},\"image\":{\"@id\":\"https:\/\/www.pressenza.com\/es\/#\/schema\/logo\/image\/\"},\"sameAs\":[\"https:\/\/www.facebook.com\/PressenzaItalia\",\"https:\/\/x.com\/PressenzaIPA\"]},{\"@type\":\"Person\",\"@id\":\"https:\/\/www.pressenza.com\/es\/#\/schema\/person\/725d47ccbea4c7854f7dd4011b6670b9\",\"name\":\"Gabriela Amaya\",\"description\":\"Editor in Spanish, Gabriel Amaya has worked in radio and written press and years ago decided to develop her journalistic work as a professional volunteer at the service of peace and nonviolence. She is also involved with different collectives and platforms which she supports with her journalism.\",\"url\":\"https:\/\/www.pressenza.com\/es\/author\/gabriela-amaya\/\"}]}<\/script>\n<!-- \/ Yoast SEO plugin. -->","yoast_head_json":{"title":"Reyes Magos: consumismo y esclavitud","description":"Pocas fechas como las Navidades representan tan bien la esencia de este sistema deshumanizante, que no hemos elegido, pero que ayudamos a mantener. Un","robots":{"index":"index","follow":"follow","max-snippet":"max-snippet:-1","max-image-preview":"max-image-preview:large","max-video-preview":"max-video-preview:-1"},"canonical":"https:\/\/www.pressenza.com\/es\/2016\/01\/264218\/","og_locale":"es_ES","og_type":"article","og_title":"Reyes Magos: consumismo y esclavitud","og_description":"Pocas fechas como las Navidades representan tan bien la esencia de este sistema deshumanizante, que no hemos elegido, pero que ayudamos a mantener. Un","og_url":"https:\/\/www.pressenza.com\/es\/2016\/01\/264218\/","og_site_name":"Pressenza","article_publisher":"https:\/\/www.facebook.com\/PressenzaItalia","article_published_time":"2016-01-05T21:08:41+00:00","og_image":[{"width":995,"height":680,"url":"https:\/\/www.pressenza.com\/wp-content\/uploads\/2016\/01\/buscando-esmeraldas-Colombia.jpg","type":"image\/jpeg"}],"author":"Gabriela Amaya","twitter_card":"summary_large_image","twitter_creator":"@PressenzaIPA","twitter_site":"@PressenzaIPA","twitter_misc":{"Escrito por":"Gabriela Amaya","Tiempo de lectura":"4 minutos"},"schema":{"@context":"https:\/\/schema.org","@graph":[{"@type":"Article","@id":"https:\/\/www.pressenza.com\/es\/2016\/01\/264218\/#article","isPartOf":{"@id":"https:\/\/www.pressenza.com\/es\/2016\/01\/264218\/"},"author":{"name":"Gabriela Amaya","@id":"https:\/\/www.pressenza.com\/es\/#\/schema\/person\/725d47ccbea4c7854f7dd4011b6670b9"},"headline":"Reyes Magos: consumismo y esclavitud","datePublished":"2016-01-05T21:08:41+00:00","mainEntityOfPage":{"@id":"https:\/\/www.pressenza.com\/es\/2016\/01\/264218\/"},"wordCount":785,"publisher":{"@id":"https:\/\/www.pressenza.com\/es\/#organization"},"image":{"@id":"https:\/\/www.pressenza.com\/es\/2016\/01\/264218\/#primaryimage"},"thumbnailUrl":"https:\/\/www.pressenza.com\/wp-content\/uploads\/2016\/01\/buscando-esmeraldas-Colombia.jpg","keywords":["consumismo","esclavitud","futuras generaciones","Pobreza","Reino de Espa\u00f1a"],"articleSection":["Contenido Original","Humanismo y Espiritualidad","Opiniones"],"inLanguage":"es"},{"@type":"WebPage","@id":"https:\/\/www.pressenza.com\/es\/2016\/01\/264218\/","url":"https:\/\/www.pressenza.com\/es\/2016\/01\/264218\/","name":"Reyes Magos: consumismo y esclavitud","isPartOf":{"@id":"https:\/\/www.pressenza.com\/es\/#website"},"primaryImageOfPage":{"@id":"https:\/\/www.pressenza.com\/es\/2016\/01\/264218\/#primaryimage"},"image":{"@id":"https:\/\/www.pressenza.com\/es\/2016\/01\/264218\/#primaryimage"},"thumbnailUrl":"https:\/\/www.pressenza.com\/wp-content\/uploads\/2016\/01\/buscando-esmeraldas-Colombia.jpg","datePublished":"2016-01-05T21:08:41+00:00","description":"Pocas fechas como las Navidades representan tan bien la esencia de este sistema deshumanizante, que no hemos elegido, pero que ayudamos a mantener. Un","breadcrumb":{"@id":"https:\/\/www.pressenza.com\/es\/2016\/01\/264218\/#breadcrumb"},"inLanguage":"es","potentialAction":[{"@type":"ReadAction","target":["https:\/\/www.pressenza.com\/es\/2016\/01\/264218\/"]}]},{"@type":"ImageObject","inLanguage":"es","@id":"https:\/\/www.pressenza.com\/es\/2016\/01\/264218\/#primaryimage","url":"https:\/\/www.pressenza.com\/wp-content\/uploads\/2016\/01\/buscando-esmeraldas-Colombia.jpg","contentUrl":"https:\/\/www.pressenza.com\/wp-content\/uploads\/2016\/01\/buscando-esmeraldas-Colombia.jpg","width":995,"height":680},{"@type":"BreadcrumbList","@id":"https:\/\/www.pressenza.com\/es\/2016\/01\/264218\/#breadcrumb","itemListElement":[{"@type":"ListItem","position":1,"name":"Accueil","item":"https:\/\/www.pressenza.com\/es\/"},{"@type":"ListItem","position":2,"name":"Reyes Magos: consumismo y esclavitud"}]},{"@type":"WebSite","@id":"https:\/\/www.pressenza.com\/es\/#website","url":"https:\/\/www.pressenza.com\/es\/","name":"Pressenza","description":"International Press Agency","publisher":{"@id":"https:\/\/www.pressenza.com\/es\/#organization"},"potentialAction":[{"@type":"SearchAction","target":{"@type":"EntryPoint","urlTemplate":"https:\/\/www.pressenza.com\/es\/?s={search_term_string}"},"query-input":{"@type":"PropertyValueSpecification","valueRequired":true,"valueName":"search_term_string"}}],"inLanguage":"es"},{"@type":"Organization","@id":"https:\/\/www.pressenza.com\/es\/#organization","name":"Pressenza","url":"https:\/\/www.pressenza.com\/es\/","logo":{"@type":"ImageObject","inLanguage":"es","@id":"https:\/\/www.pressenza.com\/es\/#\/schema\/logo\/image\/","url":"https:\/\/www.pressenza.com\/wp-content\/uploads\/2022\/10\/pressenza_logo_200x200.jpg","contentUrl":"https:\/\/www.pressenza.com\/wp-content\/uploads\/2022\/10\/pressenza_logo_200x200.jpg","width":200,"height":200,"caption":"Pressenza"},"image":{"@id":"https:\/\/www.pressenza.com\/es\/#\/schema\/logo\/image\/"},"sameAs":["https:\/\/www.facebook.com\/PressenzaItalia","https:\/\/x.com\/PressenzaIPA"]},{"@type":"Person","@id":"https:\/\/www.pressenza.com\/es\/#\/schema\/person\/725d47ccbea4c7854f7dd4011b6670b9","name":"Gabriela Amaya","description":"Editor in Spanish, Gabriel Amaya has worked in radio and written press and years ago decided to develop her journalistic work as a professional volunteer at the service of peace and nonviolence. She is also involved with different collectives and platforms which she supports with her journalism.","url":"https:\/\/www.pressenza.com\/es\/author\/gabriela-amaya\/"}]}},"place":"Madrid (Espa\u00f1a)","original_article_url":"","_links":{"self":[{"href":"https:\/\/www.pressenza.com\/es\/wp-json\/wp\/v2\/posts\/264218","targetHints":{"allow":["GET"]}}],"collection":[{"href":"https:\/\/www.pressenza.com\/es\/wp-json\/wp\/v2\/posts"}],"about":[{"href":"https:\/\/www.pressenza.com\/es\/wp-json\/wp\/v2\/types\/post"}],"author":[{"embeddable":true,"href":"https:\/\/www.pressenza.com\/es\/wp-json\/wp\/v2\/users\/188"}],"replies":[{"embeddable":true,"href":"https:\/\/www.pressenza.com\/es\/wp-json\/wp\/v2\/comments?post=264218"}],"version-history":[{"count":0,"href":"https:\/\/www.pressenza.com\/es\/wp-json\/wp\/v2\/posts\/264218\/revisions"}],"wp:featuredmedia":[{"embeddable":true,"href":"https:\/\/www.pressenza.com\/es\/wp-json\/wp\/v2\/media\/264228"}],"wp:attachment":[{"href":"https:\/\/www.pressenza.com\/es\/wp-json\/wp\/v2\/media?parent=264218"}],"wp:term":[{"taxonomy":"category","embeddable":true,"href":"https:\/\/www.pressenza.com\/es\/wp-json\/wp\/v2\/categories?post=264218"},{"taxonomy":"post_tag","embeddable":true,"href":"https:\/\/www.pressenza.com\/es\/wp-json\/wp\/v2\/tags?post=264218"}],"curies":[{"name":"wp","href":"https:\/\/api.w.org\/{rel}","templated":true}]}}