{"id":2641960,"date":"2025-10-04T02:01:26","date_gmt":"2025-10-04T01:01:26","guid":{"rendered":"https:\/\/www.pressenza.com\/?p=2641960"},"modified":"2025-10-04T02:01:26","modified_gmt":"2025-10-04T01:01:26","slug":"continentes-y-contenidos-38-02-10-25-la-era-de-los-brics-y-derechos-de-los-afrocolombianos","status":"publish","type":"post","link":"https:\/\/www.pressenza.com\/es\/2025\/10\/continentes-y-contenidos-38-02-10-25-la-era-de-los-brics-y-derechos-de-los-afrocolombianos\/","title":{"rendered":"Continentes y Contenidos #38 02\/10\/25 La era de los BRICS+ y derechos de los afrocolombianos"},"content":{"rendered":"<p>Hablamos de los derechos de los afrocolombianos con Marbys Redondo.<\/p>\n<p>Tambi\u00e9n repasamos con Gabriel Fern\u00e1ndez su \u00faltimo libro Fuentes Seguras: La era de los BRICS +.<br \/>\n<iframe loading=\"lazy\" src=\"https:\/\/www.ivoox.com\/player_ej_160079203_6_1.html?c1=212631\" width=\"100%\" height=\"200\" frameborder=\"0\" scrolling=\"no\" allowfullscreen=\"allowfullscreen\"><\/iframe><\/p>\n","protected":false},"excerpt":{"rendered":"<p>Hablamos de los derechos de los afrocolombianos con Marbys Redondo. Tambi\u00e9n repasamos con Gabriel Fern\u00e1ndez su \u00faltimo libro Fuentes Seguras: La era de los BRICS +.<\/p>\n","protected":false},"author":1011,"featured_media":2641961,"comment_status":"closed","ping_status":"closed","sticky":false,"template":"","format":"standard","meta":{"footnotes":""},"categories":[76,11389,75,79,39,22754],"tags":[37927,129787,9049,30213,451,29456,68067,40752,3098,54738],"class_list":["post-2641960","post","type-post","status-publish","format-standard","has-post-thumbnail","hentry","category-relaciones-exteriores","category-contenido-original","category-cultura-es","category-derechos-humanos","category-internacional","category-radio-es","tag-afrocolombianos","tag-colombia-es","tag-continentes-y-contenidos","tag-corape","tag-integracion","tag-negritud","tag-negros-es","tag-pressenza-internacional","tag-racismo","tag-radio-es"],"yoast_head":"<!-- This site is optimized with the Yoast SEO plugin v27.1.1 - https:\/\/yoast.com\/product\/yoast-seo-wordpress\/ -->\n<title>Continentes y Contenidos #38 02\/10\/25 La era de los BRICS+ y derechos de los afrocolombianos<\/title>\n<meta name=\"description\" content=\"Hablamos de los derechos de los afrocolombianos con Marbys Redondo. Tambi\u00e9n repasamos con Gabriel Fern\u00e1ndez su \u00faltimo libro Fuentes Seguras: La era de los\" \/>\n<meta name=\"robots\" content=\"index, follow, max-snippet:-1, max-image-preview:large, max-video-preview:-1\" \/>\n<link rel=\"canonical\" href=\"https:\/\/www.pressenza.com\/es\/2025\/10\/continentes-y-contenidos-38-02-10-25-la-era-de-los-brics-y-derechos-de-los-afrocolombianos\/\" \/>\n<meta property=\"og:locale\" content=\"es_ES\" \/>\n<meta property=\"og:type\" content=\"article\" \/>\n<meta property=\"og:title\" content=\"Continentes y Contenidos #38 02\/10\/25 La era de los BRICS+ y derechos de los afrocolombianos\" \/>\n<meta property=\"og:description\" content=\"Hablamos de los derechos de los afrocolombianos con Marbys Redondo. Tambi\u00e9n repasamos con Gabriel Fern\u00e1ndez su \u00faltimo libro Fuentes Seguras: La era de los\" \/>\n<meta property=\"og:url\" content=\"https:\/\/www.pressenza.com\/es\/2025\/10\/continentes-y-contenidos-38-02-10-25-la-era-de-los-brics-y-derechos-de-los-afrocolombianos\/\" \/>\n<meta property=\"og:site_name\" content=\"Pressenza\" \/>\n<meta property=\"article:publisher\" content=\"https:\/\/www.facebook.com\/PressenzaItalia\" \/>\n<meta property=\"article:published_time\" content=\"2025-10-04T01:01:26+00:00\" \/>\n<meta property=\"og:image\" content=\"https:\/\/www.pressenza.com\/wp-content\/uploads\/2025\/10\/Beige-Black-Vintage-Hello-Summer-Photo-Collage-Facebook-Post15.jpg\" \/>\n\t<meta property=\"og:image:width\" content=\"940\" \/>\n\t<meta property=\"og:image:height\" content=\"788\" \/>\n\t<meta property=\"og:image:type\" content=\"image\/jpeg\" \/>\n<meta name=\"author\" content=\"Redacci\u00f3n Ecuador\" \/>\n<meta name=\"twitter:card\" content=\"summary_large_image\" \/>\n<meta name=\"twitter:creator\" content=\"@PressenzaIPA\" \/>\n<meta name=\"twitter:site\" content=\"@PressenzaIPA\" \/>\n<meta name=\"twitter:label1\" content=\"Escrito por\" \/>\n\t<meta name=\"twitter:data1\" content=\"Redacci\u00f3n Ecuador\" \/>\n\t<meta name=\"twitter:label2\" content=\"Tiempo de lectura\" \/>\n\t<meta name=\"twitter:data2\" content=\"1 minuto\" \/>\n<script type=\"application\/ld+json\" class=\"yoast-schema-graph\">{\"@context\":\"https:\/\/schema.org\",\"@graph\":[{\"@type\":\"Article\",\"@id\":\"https:\/\/www.pressenza.com\/es\/2025\/10\/continentes-y-contenidos-38-02-10-25-la-era-de-los-brics-y-derechos-de-los-afrocolombianos\/#article\",\"isPartOf\":{\"@id\":\"https:\/\/www.pressenza.com\/es\/2025\/10\/continentes-y-contenidos-38-02-10-25-la-era-de-los-brics-y-derechos-de-los-afrocolombianos\/\"},\"author\":{\"name\":\"Redacci\u00f3n Ecuador\",\"@id\":\"https:\/\/www.pressenza.com\/es\/#\/schema\/person\/883a735c40665759bcc6fe0c26bcb46f\"},\"headline\":\"Continentes y Contenidos #38 02\/10\/25 La era de los BRICS+ y derechos de los afrocolombianos\",\"datePublished\":\"2025-10-04T01:01:26+00:00\",\"mainEntityOfPage\":{\"@id\":\"https:\/\/www.pressenza.com\/es\/2025\/10\/continentes-y-contenidos-38-02-10-25-la-era-de-los-brics-y-derechos-de-los-afrocolombianos\/\"},\"wordCount\":40,\"publisher\":{\"@id\":\"https:\/\/www.pressenza.com\/es\/#organization\"},\"image\":{\"@id\":\"https:\/\/www.pressenza.com\/es\/2025\/10\/continentes-y-contenidos-38-02-10-25-la-era-de-los-brics-y-derechos-de-los-afrocolombianos\/#primaryimage\"},\"thumbnailUrl\":\"https:\/\/www.pressenza.com\/wp-content\/uploads\/2025\/10\/Beige-Black-Vintage-Hello-Summer-Photo-Collage-Facebook-Post15.jpg\",\"keywords\":[\"afrocolombianos\",\"Colombia\",\"Continentes y Contenidos\",\"Corape\",\"Integraci\u00f3n\",\"negritud\",\"negros\",\"Pressenza Internacional\",\"racismo\",\"radio\"],\"articleSection\":[\"Asuntos internacionales\",\"Contenido Original\",\"Cultura y Medios\",\"Derechos Humanos\",\"Internacional\",\"Radio\"],\"inLanguage\":\"es\"},{\"@type\":\"WebPage\",\"@id\":\"https:\/\/www.pressenza.com\/es\/2025\/10\/continentes-y-contenidos-38-02-10-25-la-era-de-los-brics-y-derechos-de-los-afrocolombianos\/\",\"url\":\"https:\/\/www.pressenza.com\/es\/2025\/10\/continentes-y-contenidos-38-02-10-25-la-era-de-los-brics-y-derechos-de-los-afrocolombianos\/\",\"name\":\"Continentes y Contenidos #38 02\/10\/25 La era de los BRICS+ y derechos de los afrocolombianos\",\"isPartOf\":{\"@id\":\"https:\/\/www.pressenza.com\/es\/#website\"},\"primaryImageOfPage\":{\"@id\":\"https:\/\/www.pressenza.com\/es\/2025\/10\/continentes-y-contenidos-38-02-10-25-la-era-de-los-brics-y-derechos-de-los-afrocolombianos\/#primaryimage\"},\"image\":{\"@id\":\"https:\/\/www.pressenza.com\/es\/2025\/10\/continentes-y-contenidos-38-02-10-25-la-era-de-los-brics-y-derechos-de-los-afrocolombianos\/#primaryimage\"},\"thumbnailUrl\":\"https:\/\/www.pressenza.com\/wp-content\/uploads\/2025\/10\/Beige-Black-Vintage-Hello-Summer-Photo-Collage-Facebook-Post15.jpg\",\"datePublished\":\"2025-10-04T01:01:26+00:00\",\"description\":\"Hablamos de los derechos de los afrocolombianos con Marbys Redondo. Tambi\u00e9n repasamos con Gabriel Fern\u00e1ndez su \u00faltimo libro Fuentes Seguras: La era de los\",\"breadcrumb\":{\"@id\":\"https:\/\/www.pressenza.com\/es\/2025\/10\/continentes-y-contenidos-38-02-10-25-la-era-de-los-brics-y-derechos-de-los-afrocolombianos\/#breadcrumb\"},\"inLanguage\":\"es\",\"potentialAction\":[{\"@type\":\"ReadAction\",\"target\":[\"https:\/\/www.pressenza.com\/es\/2025\/10\/continentes-y-contenidos-38-02-10-25-la-era-de-los-brics-y-derechos-de-los-afrocolombianos\/\"]}]},{\"@type\":\"ImageObject\",\"inLanguage\":\"es\",\"@id\":\"https:\/\/www.pressenza.com\/es\/2025\/10\/continentes-y-contenidos-38-02-10-25-la-era-de-los-brics-y-derechos-de-los-afrocolombianos\/#primaryimage\",\"url\":\"https:\/\/www.pressenza.com\/wp-content\/uploads\/2025\/10\/Beige-Black-Vintage-Hello-Summer-Photo-Collage-Facebook-Post15.jpg\",\"contentUrl\":\"https:\/\/www.pressenza.com\/wp-content\/uploads\/2025\/10\/Beige-Black-Vintage-Hello-Summer-Photo-Collage-Facebook-Post15.jpg\",\"width\":940,\"height\":788},{\"@type\":\"BreadcrumbList\",\"@id\":\"https:\/\/www.pressenza.com\/es\/2025\/10\/continentes-y-contenidos-38-02-10-25-la-era-de-los-brics-y-derechos-de-los-afrocolombianos\/#breadcrumb\",\"itemListElement\":[{\"@type\":\"ListItem\",\"position\":1,\"name\":\"Accueil\",\"item\":\"https:\/\/www.pressenza.com\/es\/\"},{\"@type\":\"ListItem\",\"position\":2,\"name\":\"Continentes y Contenidos #38 02\/10\/25 La era de los BRICS+ y derechos de los afrocolombianos\"}]},{\"@type\":\"WebSite\",\"@id\":\"https:\/\/www.pressenza.com\/es\/#website\",\"url\":\"https:\/\/www.pressenza.com\/es\/\",\"name\":\"Pressenza\",\"description\":\"International Press Agency\",\"publisher\":{\"@id\":\"https:\/\/www.pressenza.com\/es\/#organization\"},\"potentialAction\":[{\"@type\":\"SearchAction\",\"target\":{\"@type\":\"EntryPoint\",\"urlTemplate\":\"https:\/\/www.pressenza.com\/es\/?s={search_term_string}\"},\"query-input\":{\"@type\":\"PropertyValueSpecification\",\"valueRequired\":true,\"valueName\":\"search_term_string\"}}],\"inLanguage\":\"es\"},{\"@type\":\"Organization\",\"@id\":\"https:\/\/www.pressenza.com\/es\/#organization\",\"name\":\"Pressenza\",\"url\":\"https:\/\/www.pressenza.com\/es\/\",\"logo\":{\"@type\":\"ImageObject\",\"inLanguage\":\"es\",\"@id\":\"https:\/\/www.pressenza.com\/es\/#\/schema\/logo\/image\/\",\"url\":\"https:\/\/www.pressenza.com\/wp-content\/uploads\/2022\/10\/pressenza_logo_200x200.jpg\",\"contentUrl\":\"https:\/\/www.pressenza.com\/wp-content\/uploads\/2022\/10\/pressenza_logo_200x200.jpg\",\"width\":200,\"height\":200,\"caption\":\"Pressenza\"},\"image\":{\"@id\":\"https:\/\/www.pressenza.com\/es\/#\/schema\/logo\/image\/\"},\"sameAs\":[\"https:\/\/www.facebook.com\/PressenzaItalia\",\"https:\/\/x.com\/PressenzaIPA\"]},{\"@type\":\"Person\",\"@id\":\"https:\/\/www.pressenza.com\/es\/#\/schema\/person\/883a735c40665759bcc6fe0c26bcb46f\",\"name\":\"Redacci\u00f3n Ecuador\",\"description\":\"News published by the Pressenza bureau in Quito, Ecuador\",\"url\":\"https:\/\/www.pressenza.com\/es\/author\/redaccion-ecuador\/\"}]}<\/script>\n<!-- \/ Yoast SEO plugin. -->","yoast_head_json":{"title":"Continentes y Contenidos #38 02\/10\/25 La era de los BRICS+ y derechos de los afrocolombianos","description":"Hablamos de los derechos de los afrocolombianos con Marbys Redondo. Tambi\u00e9n repasamos con Gabriel Fern\u00e1ndez su \u00faltimo libro Fuentes Seguras: La era de los","robots":{"index":"index","follow":"follow","max-snippet":"max-snippet:-1","max-image-preview":"max-image-preview:large","max-video-preview":"max-video-preview:-1"},"canonical":"https:\/\/www.pressenza.com\/es\/2025\/10\/continentes-y-contenidos-38-02-10-25-la-era-de-los-brics-y-derechos-de-los-afrocolombianos\/","og_locale":"es_ES","og_type":"article","og_title":"Continentes y Contenidos #38 02\/10\/25 La era de los BRICS+ y derechos de los afrocolombianos","og_description":"Hablamos de los derechos de los afrocolombianos con Marbys Redondo. Tambi\u00e9n repasamos con Gabriel Fern\u00e1ndez su \u00faltimo libro Fuentes Seguras: La era de los","og_url":"https:\/\/www.pressenza.com\/es\/2025\/10\/continentes-y-contenidos-38-02-10-25-la-era-de-los-brics-y-derechos-de-los-afrocolombianos\/","og_site_name":"Pressenza","article_publisher":"https:\/\/www.facebook.com\/PressenzaItalia","article_published_time":"2025-10-04T01:01:26+00:00","og_image":[{"width":940,"height":788,"url":"https:\/\/www.pressenza.com\/wp-content\/uploads\/2025\/10\/Beige-Black-Vintage-Hello-Summer-Photo-Collage-Facebook-Post15.jpg","type":"image\/jpeg"}],"author":"Redacci\u00f3n Ecuador","twitter_card":"summary_large_image","twitter_creator":"@PressenzaIPA","twitter_site":"@PressenzaIPA","twitter_misc":{"Escrito por":"Redacci\u00f3n Ecuador","Tiempo de lectura":"1 minuto"},"schema":{"@context":"https:\/\/schema.org","@graph":[{"@type":"Article","@id":"https:\/\/www.pressenza.com\/es\/2025\/10\/continentes-y-contenidos-38-02-10-25-la-era-de-los-brics-y-derechos-de-los-afrocolombianos\/#article","isPartOf":{"@id":"https:\/\/www.pressenza.com\/es\/2025\/10\/continentes-y-contenidos-38-02-10-25-la-era-de-los-brics-y-derechos-de-los-afrocolombianos\/"},"author":{"name":"Redacci\u00f3n Ecuador","@id":"https:\/\/www.pressenza.com\/es\/#\/schema\/person\/883a735c40665759bcc6fe0c26bcb46f"},"headline":"Continentes y Contenidos #38 02\/10\/25 La era de los BRICS+ y derechos de los afrocolombianos","datePublished":"2025-10-04T01:01:26+00:00","mainEntityOfPage":{"@id":"https:\/\/www.pressenza.com\/es\/2025\/10\/continentes-y-contenidos-38-02-10-25-la-era-de-los-brics-y-derechos-de-los-afrocolombianos\/"},"wordCount":40,"publisher":{"@id":"https:\/\/www.pressenza.com\/es\/#organization"},"image":{"@id":"https:\/\/www.pressenza.com\/es\/2025\/10\/continentes-y-contenidos-38-02-10-25-la-era-de-los-brics-y-derechos-de-los-afrocolombianos\/#primaryimage"},"thumbnailUrl":"https:\/\/www.pressenza.com\/wp-content\/uploads\/2025\/10\/Beige-Black-Vintage-Hello-Summer-Photo-Collage-Facebook-Post15.jpg","keywords":["afrocolombianos","Colombia","Continentes y Contenidos","Corape","Integraci\u00f3n","negritud","negros","Pressenza Internacional","racismo","radio"],"articleSection":["Asuntos internacionales","Contenido Original","Cultura y Medios","Derechos Humanos","Internacional","Radio"],"inLanguage":"es"},{"@type":"WebPage","@id":"https:\/\/www.pressenza.com\/es\/2025\/10\/continentes-y-contenidos-38-02-10-25-la-era-de-los-brics-y-derechos-de-los-afrocolombianos\/","url":"https:\/\/www.pressenza.com\/es\/2025\/10\/continentes-y-contenidos-38-02-10-25-la-era-de-los-brics-y-derechos-de-los-afrocolombianos\/","name":"Continentes y Contenidos #38 02\/10\/25 La era de los BRICS+ y derechos de los afrocolombianos","isPartOf":{"@id":"https:\/\/www.pressenza.com\/es\/#website"},"primaryImageOfPage":{"@id":"https:\/\/www.pressenza.com\/es\/2025\/10\/continentes-y-contenidos-38-02-10-25-la-era-de-los-brics-y-derechos-de-los-afrocolombianos\/#primaryimage"},"image":{"@id":"https:\/\/www.pressenza.com\/es\/2025\/10\/continentes-y-contenidos-38-02-10-25-la-era-de-los-brics-y-derechos-de-los-afrocolombianos\/#primaryimage"},"thumbnailUrl":"https:\/\/www.pressenza.com\/wp-content\/uploads\/2025\/10\/Beige-Black-Vintage-Hello-Summer-Photo-Collage-Facebook-Post15.jpg","datePublished":"2025-10-04T01:01:26+00:00","description":"Hablamos de los derechos de los afrocolombianos con Marbys Redondo. Tambi\u00e9n repasamos con Gabriel Fern\u00e1ndez su \u00faltimo libro Fuentes Seguras: La era de los","breadcrumb":{"@id":"https:\/\/www.pressenza.com\/es\/2025\/10\/continentes-y-contenidos-38-02-10-25-la-era-de-los-brics-y-derechos-de-los-afrocolombianos\/#breadcrumb"},"inLanguage":"es","potentialAction":[{"@type":"ReadAction","target":["https:\/\/www.pressenza.com\/es\/2025\/10\/continentes-y-contenidos-38-02-10-25-la-era-de-los-brics-y-derechos-de-los-afrocolombianos\/"]}]},{"@type":"ImageObject","inLanguage":"es","@id":"https:\/\/www.pressenza.com\/es\/2025\/10\/continentes-y-contenidos-38-02-10-25-la-era-de-los-brics-y-derechos-de-los-afrocolombianos\/#primaryimage","url":"https:\/\/www.pressenza.com\/wp-content\/uploads\/2025\/10\/Beige-Black-Vintage-Hello-Summer-Photo-Collage-Facebook-Post15.jpg","contentUrl":"https:\/\/www.pressenza.com\/wp-content\/uploads\/2025\/10\/Beige-Black-Vintage-Hello-Summer-Photo-Collage-Facebook-Post15.jpg","width":940,"height":788},{"@type":"BreadcrumbList","@id":"https:\/\/www.pressenza.com\/es\/2025\/10\/continentes-y-contenidos-38-02-10-25-la-era-de-los-brics-y-derechos-de-los-afrocolombianos\/#breadcrumb","itemListElement":[{"@type":"ListItem","position":1,"name":"Accueil","item":"https:\/\/www.pressenza.com\/es\/"},{"@type":"ListItem","position":2,"name":"Continentes y Contenidos #38 02\/10\/25 La era de los BRICS+ y derechos de los afrocolombianos"}]},{"@type":"WebSite","@id":"https:\/\/www.pressenza.com\/es\/#website","url":"https:\/\/www.pressenza.com\/es\/","name":"Pressenza","description":"International Press Agency","publisher":{"@id":"https:\/\/www.pressenza.com\/es\/#organization"},"potentialAction":[{"@type":"SearchAction","target":{"@type":"EntryPoint","urlTemplate":"https:\/\/www.pressenza.com\/es\/?s={search_term_string}"},"query-input":{"@type":"PropertyValueSpecification","valueRequired":true,"valueName":"search_term_string"}}],"inLanguage":"es"},{"@type":"Organization","@id":"https:\/\/www.pressenza.com\/es\/#organization","name":"Pressenza","url":"https:\/\/www.pressenza.com\/es\/","logo":{"@type":"ImageObject","inLanguage":"es","@id":"https:\/\/www.pressenza.com\/es\/#\/schema\/logo\/image\/","url":"https:\/\/www.pressenza.com\/wp-content\/uploads\/2022\/10\/pressenza_logo_200x200.jpg","contentUrl":"https:\/\/www.pressenza.com\/wp-content\/uploads\/2022\/10\/pressenza_logo_200x200.jpg","width":200,"height":200,"caption":"Pressenza"},"image":{"@id":"https:\/\/www.pressenza.com\/es\/#\/schema\/logo\/image\/"},"sameAs":["https:\/\/www.facebook.com\/PressenzaItalia","https:\/\/x.com\/PressenzaIPA"]},{"@type":"Person","@id":"https:\/\/www.pressenza.com\/es\/#\/schema\/person\/883a735c40665759bcc6fe0c26bcb46f","name":"Redacci\u00f3n Ecuador","description":"News published by the Pressenza bureau in Quito, Ecuador","url":"https:\/\/www.pressenza.com\/es\/author\/redaccion-ecuador\/"}]}},"place":"Quito - Buenos Aires - Cochabamba","original_article_url":"","_links":{"self":[{"href":"https:\/\/www.pressenza.com\/es\/wp-json\/wp\/v2\/posts\/2641960","targetHints":{"allow":["GET"]}}],"collection":[{"href":"https:\/\/www.pressenza.com\/es\/wp-json\/wp\/v2\/posts"}],"about":[{"href":"https:\/\/www.pressenza.com\/es\/wp-json\/wp\/v2\/types\/post"}],"author":[{"embeddable":true,"href":"https:\/\/www.pressenza.com\/es\/wp-json\/wp\/v2\/users\/1011"}],"replies":[{"embeddable":true,"href":"https:\/\/www.pressenza.com\/es\/wp-json\/wp\/v2\/comments?post=2641960"}],"version-history":[{"count":1,"href":"https:\/\/www.pressenza.com\/es\/wp-json\/wp\/v2\/posts\/2641960\/revisions"}],"predecessor-version":[{"id":2641962,"href":"https:\/\/www.pressenza.com\/es\/wp-json\/wp\/v2\/posts\/2641960\/revisions\/2641962"}],"wp:featuredmedia":[{"embeddable":true,"href":"https:\/\/www.pressenza.com\/es\/wp-json\/wp\/v2\/media\/2641961"}],"wp:attachment":[{"href":"https:\/\/www.pressenza.com\/es\/wp-json\/wp\/v2\/media?parent=2641960"}],"wp:term":[{"taxonomy":"category","embeddable":true,"href":"https:\/\/www.pressenza.com\/es\/wp-json\/wp\/v2\/categories?post=2641960"},{"taxonomy":"post_tag","embeddable":true,"href":"https:\/\/www.pressenza.com\/es\/wp-json\/wp\/v2\/tags?post=2641960"}],"curies":[{"name":"wp","href":"https:\/\/api.w.org\/{rel}","templated":true}]}}