{"id":2641027,"date":"2025-10-02T16:00:00","date_gmt":"2025-10-02T15:00:00","guid":{"rendered":"https:\/\/www.pressenza.com\/?p=2641027"},"modified":"2025-10-02T22:03:43","modified_gmt":"2025-10-02T21:03:43","slug":"gustavo-petro-ordeno-la-salida-del-cuerpo-diplomatico-israeli-de-colombia","status":"publish","type":"post","link":"https:\/\/www.pressenza.com\/es\/2025\/10\/gustavo-petro-ordeno-la-salida-del-cuerpo-diplomatico-israeli-de-colombia\/","title":{"rendered":"Gustavo Petro orden\u00f3 la salida del cuerpo diplom\u00e1tico israel\u00ed de Colombia"},"content":{"rendered":"<p><em>Tras el mensaje del presidente colombiano, las relaciones y los acuerdos bilaterales entre Colombia e Israel estar\u00edan en vilo.<\/em><\/p>\n<p>El presidente colombiano, <strong>Gustavo Petro, solicit\u00f3 la salida del cuerpo diplom\u00e1tico Israel en Colombia,\u00a0 tras la detenci\u00f3n de dos cuidadanas colombianas en aguas internacionales,<\/strong>\u00a0 Manuela Bedoya y Luna Barreto, quienes llevaban a cabo actividades humanitarias para la poblaci\u00f3n de Gaza,\u00a0 a bordo de la Flotilla Global Sumud.<\/p>\n<p>As\u00ed, lo dio a conocer la oficina de la Presidencia a trav\u00e9s de un comunicado de prensa publicado este martes. Adem\u00e1s, el jefe de estado indic\u00f3 en la red social X que\u00a0 la \u00ab<strong>Canciller\u00eda debe hacer todas las demandas respectivas<\/strong> [\u2026]\u00bb e hizo un\u00a0 llamado a los juristas y expertos internacionales para que se pongan al servicio del pa\u00eds.<\/p>\n<blockquote class=\"twitter-tweet\" data-width=\"500\" data-dnt=\"true\">\n<p lang=\"es\" dir=\"ltr\">Si es cierta est\u00e1 informaci\u00f3n, hay un nuevo crimen internacional de Netanyahu.<\/p>\n<p>Han sido detenidas en aguas internacionales dos ciudadanas colombianas  que estaban en actividades de solidaridad humana con Palestina<\/p>\n<p>Canciller\u00eda debe hacer todas las demandas respectivas, incluso\u2026<\/p>\n<p>&mdash; Gustavo Petro (@petrogustavo) <a href=\"https:\/\/twitter.com\/petrogustavo\/status\/1973478150370652399?ref_src=twsrc%5Etfw\">October 1, 2025<\/a><\/p><\/blockquote>\n<p><script async src=\"https:\/\/platform.twitter.com\/widgets.js\" charset=\"utf-8\"><\/script><\/p>\n<p>Petro, tambi\u00e9n, anunci\u00f3 que har\u00e1 la denuncia respectiva del <strong>Tratado de Libre\u00a0 Comercio entre Colombia e Israel, cuya vigencia quer\u00eda sin efecto<\/strong>.<\/p>\n<p><em>Ver m\u00e1s: <a href=\"https:\/\/www.presidencia.gov.co\/prensa\/Paginas\/Presidente-Gustavo-Petro-ordena-salida-de-la-delegacion-diplomatica-de-Israel-y-terminacion-del-TLC-251001.aspx\">la declaraci\u00f3n oficial<\/a><\/em><\/p>\n<p>Hasta el momento se esperan noticias de las nacionales que fueron retenidas durante las labores humanitarias.<\/p>\n<p>&nbsp;<\/p>\n<p>&nbsp;<\/p>\n<p>&nbsp;<\/p>\n","protected":false},"excerpt":{"rendered":"<p>Tras el mensaje del presidente colombiano, las relaciones y los acuerdos bilaterales entre Colombia e Israel estar\u00edan en vilo. El presidente colombiano, Gustavo Petro, solicit\u00f3 la salida del cuerpo diplom\u00e1tico Israel en Colombia,\u00a0 tras la detenci\u00f3n de dos cuidadanas colombianas&hellip;<\/p>\n","protected":false},"author":1053,"featured_media":1740124,"comment_status":"closed","ping_status":"closed","sticky":false,"template":"","format":"standard","meta":{"footnotes":""},"categories":[11389,79,39,74,67],"tags":[143854,106973,129787],"class_list":["post-2641027","post","type-post","status-publish","format-standard","has-post-thumbnail","hentry","category-contenido-original","category-derechos-humanos","category-internacional","category-politica-es","category-sudamerica","tag-conflictointernacional","tag-gustavopetro","tag-colombia-es"],"yoast_head":"<!-- This site is optimized with the Yoast SEO plugin v27.1.1 - https:\/\/yoast.com\/product\/yoast-seo-wordpress\/ -->\n<title>Gustavo Petro orden\u00f3 la salida del cuerpo diplom\u00e1tico israel\u00ed de Colombia<\/title>\n<meta name=\"description\" content=\"Tras el mensaje del presidente colombiano, las relaciones y los acuerdos bilaterales entre Colombia e Israel estar\u00edan en vilo.\" \/>\n<meta name=\"robots\" content=\"index, follow, max-snippet:-1, max-image-preview:large, max-video-preview:-1\" \/>\n<link rel=\"canonical\" href=\"https:\/\/www.pressenza.com\/es\/2025\/10\/gustavo-petro-ordeno-la-salida-del-cuerpo-diplomatico-israeli-de-colombia\/\" \/>\n<meta property=\"og:locale\" content=\"es_ES\" \/>\n<meta property=\"og:type\" content=\"article\" \/>\n<meta property=\"og:title\" content=\"Gustavo Petro orden\u00f3 la salida del cuerpo diplom\u00e1tico israel\u00ed de Colombia\" \/>\n<meta property=\"og:description\" content=\"Tras el mensaje del presidente colombiano, las relaciones y los acuerdos bilaterales entre Colombia e Israel estar\u00edan en vilo.\" \/>\n<meta property=\"og:url\" content=\"https:\/\/www.pressenza.com\/es\/2025\/10\/gustavo-petro-ordeno-la-salida-del-cuerpo-diplomatico-israeli-de-colombia\/\" \/>\n<meta property=\"og:site_name\" content=\"Pressenza\" \/>\n<meta property=\"article:publisher\" content=\"https:\/\/www.facebook.com\/PressenzaItalia\" \/>\n<meta property=\"article:published_time\" content=\"2025-10-02T15:00:00+00:00\" \/>\n<meta property=\"article:modified_time\" content=\"2025-10-02T21:03:43+00:00\" \/>\n<meta property=\"og:image\" content=\"https:\/\/www.pressenza.com\/wp-content\/uploads\/2023\/05\/Presidente-de-Colombia-Gustavo-Petro-Cristian-Garavito-Cruz-Presidencia.jpeg\" \/>\n\t<meta property=\"og:image:width\" content=\"1024\" \/>\n\t<meta property=\"og:image:height\" content=\"682\" \/>\n\t<meta property=\"og:image:type\" content=\"image\/jpeg\" \/>\n<meta name=\"author\" content=\"Redacci\u00f3n Colombia\" \/>\n<meta name=\"twitter:card\" content=\"summary_large_image\" \/>\n<meta name=\"twitter:creator\" content=\"@PressenzaIPA\" \/>\n<meta name=\"twitter:site\" content=\"@PressenzaIPA\" \/>\n<meta name=\"twitter:label1\" content=\"Escrito por\" \/>\n\t<meta name=\"twitter:data1\" content=\"Redacci\u00f3n Colombia\" \/>\n\t<meta name=\"twitter:label2\" content=\"Tiempo de lectura\" \/>\n\t<meta name=\"twitter:data2\" content=\"1 minuto\" \/>\n<script type=\"application\/ld+json\" class=\"yoast-schema-graph\">{\"@context\":\"https:\/\/schema.org\",\"@graph\":[{\"@type\":\"Article\",\"@id\":\"https:\/\/www.pressenza.com\/es\/2025\/10\/gustavo-petro-ordeno-la-salida-del-cuerpo-diplomatico-israeli-de-colombia\/#article\",\"isPartOf\":{\"@id\":\"https:\/\/www.pressenza.com\/es\/2025\/10\/gustavo-petro-ordeno-la-salida-del-cuerpo-diplomatico-israeli-de-colombia\/\"},\"author\":{\"name\":\"Redacci\u00f3n Colombia\",\"@id\":\"https:\/\/www.pressenza.com\/es\/#\/schema\/person\/7c8ee170a4502d638436c91e385315f2\"},\"headline\":\"Gustavo Petro orden\u00f3 la salida del cuerpo diplom\u00e1tico israel\u00ed de Colombia\",\"datePublished\":\"2025-10-02T15:00:00+00:00\",\"dateModified\":\"2025-10-02T21:03:43+00:00\",\"mainEntityOfPage\":{\"@id\":\"https:\/\/www.pressenza.com\/es\/2025\/10\/gustavo-petro-ordeno-la-salida-del-cuerpo-diplomatico-israeli-de-colombia\/\"},\"wordCount\":219,\"publisher\":{\"@id\":\"https:\/\/www.pressenza.com\/es\/#organization\"},\"image\":{\"@id\":\"https:\/\/www.pressenza.com\/es\/2025\/10\/gustavo-petro-ordeno-la-salida-del-cuerpo-diplomatico-israeli-de-colombia\/#primaryimage\"},\"thumbnailUrl\":\"https:\/\/www.pressenza.com\/wp-content\/uploads\/2023\/05\/Presidente-de-Colombia-Gustavo-Petro-Cristian-Garavito-Cruz-Presidencia.jpeg\",\"keywords\":[\"#ConflictoInternacional\",\"#GustavoPetro\",\"Colombia\"],\"articleSection\":[\"Contenido Original\",\"Derechos Humanos\",\"Internacional\",\"Pol\u00edtica\",\"Sudam\u00e9rica\"],\"inLanguage\":\"es\"},{\"@type\":\"WebPage\",\"@id\":\"https:\/\/www.pressenza.com\/es\/2025\/10\/gustavo-petro-ordeno-la-salida-del-cuerpo-diplomatico-israeli-de-colombia\/\",\"url\":\"https:\/\/www.pressenza.com\/es\/2025\/10\/gustavo-petro-ordeno-la-salida-del-cuerpo-diplomatico-israeli-de-colombia\/\",\"name\":\"Gustavo Petro orden\u00f3 la salida del cuerpo diplom\u00e1tico israel\u00ed de Colombia\",\"isPartOf\":{\"@id\":\"https:\/\/www.pressenza.com\/es\/#website\"},\"primaryImageOfPage\":{\"@id\":\"https:\/\/www.pressenza.com\/es\/2025\/10\/gustavo-petro-ordeno-la-salida-del-cuerpo-diplomatico-israeli-de-colombia\/#primaryimage\"},\"image\":{\"@id\":\"https:\/\/www.pressenza.com\/es\/2025\/10\/gustavo-petro-ordeno-la-salida-del-cuerpo-diplomatico-israeli-de-colombia\/#primaryimage\"},\"thumbnailUrl\":\"https:\/\/www.pressenza.com\/wp-content\/uploads\/2023\/05\/Presidente-de-Colombia-Gustavo-Petro-Cristian-Garavito-Cruz-Presidencia.jpeg\",\"datePublished\":\"2025-10-02T15:00:00+00:00\",\"dateModified\":\"2025-10-02T21:03:43+00:00\",\"description\":\"Tras el mensaje del presidente colombiano, las relaciones y los acuerdos bilaterales entre Colombia e Israel estar\u00edan en vilo.\",\"breadcrumb\":{\"@id\":\"https:\/\/www.pressenza.com\/es\/2025\/10\/gustavo-petro-ordeno-la-salida-del-cuerpo-diplomatico-israeli-de-colombia\/#breadcrumb\"},\"inLanguage\":\"es\",\"potentialAction\":[{\"@type\":\"ReadAction\",\"target\":[\"https:\/\/www.pressenza.com\/es\/2025\/10\/gustavo-petro-ordeno-la-salida-del-cuerpo-diplomatico-israeli-de-colombia\/\"]}]},{\"@type\":\"ImageObject\",\"inLanguage\":\"es\",\"@id\":\"https:\/\/www.pressenza.com\/es\/2025\/10\/gustavo-petro-ordeno-la-salida-del-cuerpo-diplomatico-israeli-de-colombia\/#primaryimage\",\"url\":\"https:\/\/www.pressenza.com\/wp-content\/uploads\/2023\/05\/Presidente-de-Colombia-Gustavo-Petro-Cristian-Garavito-Cruz-Presidencia.jpeg\",\"contentUrl\":\"https:\/\/www.pressenza.com\/wp-content\/uploads\/2023\/05\/Presidente-de-Colombia-Gustavo-Petro-Cristian-Garavito-Cruz-Presidencia.jpeg\",\"width\":1024,\"height\":682},{\"@type\":\"BreadcrumbList\",\"@id\":\"https:\/\/www.pressenza.com\/es\/2025\/10\/gustavo-petro-ordeno-la-salida-del-cuerpo-diplomatico-israeli-de-colombia\/#breadcrumb\",\"itemListElement\":[{\"@type\":\"ListItem\",\"position\":1,\"name\":\"Accueil\",\"item\":\"https:\/\/www.pressenza.com\/es\/\"},{\"@type\":\"ListItem\",\"position\":2,\"name\":\"Gustavo Petro orden\u00f3 la salida del cuerpo diplom\u00e1tico israel\u00ed de Colombia\"}]},{\"@type\":\"WebSite\",\"@id\":\"https:\/\/www.pressenza.com\/es\/#website\",\"url\":\"https:\/\/www.pressenza.com\/es\/\",\"name\":\"Pressenza\",\"description\":\"International Press Agency\",\"publisher\":{\"@id\":\"https:\/\/www.pressenza.com\/es\/#organization\"},\"potentialAction\":[{\"@type\":\"SearchAction\",\"target\":{\"@type\":\"EntryPoint\",\"urlTemplate\":\"https:\/\/www.pressenza.com\/es\/?s={search_term_string}\"},\"query-input\":{\"@type\":\"PropertyValueSpecification\",\"valueRequired\":true,\"valueName\":\"search_term_string\"}}],\"inLanguage\":\"es\"},{\"@type\":\"Organization\",\"@id\":\"https:\/\/www.pressenza.com\/es\/#organization\",\"name\":\"Pressenza\",\"url\":\"https:\/\/www.pressenza.com\/es\/\",\"logo\":{\"@type\":\"ImageObject\",\"inLanguage\":\"es\",\"@id\":\"https:\/\/www.pressenza.com\/es\/#\/schema\/logo\/image\/\",\"url\":\"https:\/\/www.pressenza.com\/wp-content\/uploads\/2022\/10\/pressenza_logo_200x200.jpg\",\"contentUrl\":\"https:\/\/www.pressenza.com\/wp-content\/uploads\/2022\/10\/pressenza_logo_200x200.jpg\",\"width\":200,\"height\":200,\"caption\":\"Pressenza\"},\"image\":{\"@id\":\"https:\/\/www.pressenza.com\/es\/#\/schema\/logo\/image\/\"},\"sameAs\":[\"https:\/\/www.facebook.com\/PressenzaItalia\",\"https:\/\/x.com\/PressenzaIPA\"]},{\"@type\":\"Person\",\"@id\":\"https:\/\/www.pressenza.com\/es\/#\/schema\/person\/7c8ee170a4502d638436c91e385315f2\",\"name\":\"Redacci\u00f3n Colombia\",\"description\":\"News published by the Pressenza bureau in Colombia\",\"url\":\"https:\/\/www.pressenza.com\/es\/author\/redaccion-colombia\/\"}]}<\/script>\n<!-- \/ Yoast SEO plugin. -->","yoast_head_json":{"title":"Gustavo Petro orden\u00f3 la salida del cuerpo diplom\u00e1tico israel\u00ed de Colombia","description":"Tras el mensaje del presidente colombiano, las relaciones y los acuerdos bilaterales entre Colombia e Israel estar\u00edan en vilo.","robots":{"index":"index","follow":"follow","max-snippet":"max-snippet:-1","max-image-preview":"max-image-preview:large","max-video-preview":"max-video-preview:-1"},"canonical":"https:\/\/www.pressenza.com\/es\/2025\/10\/gustavo-petro-ordeno-la-salida-del-cuerpo-diplomatico-israeli-de-colombia\/","og_locale":"es_ES","og_type":"article","og_title":"Gustavo Petro orden\u00f3 la salida del cuerpo diplom\u00e1tico israel\u00ed de Colombia","og_description":"Tras el mensaje del presidente colombiano, las relaciones y los acuerdos bilaterales entre Colombia e Israel estar\u00edan en vilo.","og_url":"https:\/\/www.pressenza.com\/es\/2025\/10\/gustavo-petro-ordeno-la-salida-del-cuerpo-diplomatico-israeli-de-colombia\/","og_site_name":"Pressenza","article_publisher":"https:\/\/www.facebook.com\/PressenzaItalia","article_published_time":"2025-10-02T15:00:00+00:00","article_modified_time":"2025-10-02T21:03:43+00:00","og_image":[{"width":1024,"height":682,"url":"https:\/\/www.pressenza.com\/wp-content\/uploads\/2023\/05\/Presidente-de-Colombia-Gustavo-Petro-Cristian-Garavito-Cruz-Presidencia.jpeg","type":"image\/jpeg"}],"author":"Redacci\u00f3n Colombia","twitter_card":"summary_large_image","twitter_creator":"@PressenzaIPA","twitter_site":"@PressenzaIPA","twitter_misc":{"Escrito por":"Redacci\u00f3n Colombia","Tiempo de lectura":"1 minuto"},"schema":{"@context":"https:\/\/schema.org","@graph":[{"@type":"Article","@id":"https:\/\/www.pressenza.com\/es\/2025\/10\/gustavo-petro-ordeno-la-salida-del-cuerpo-diplomatico-israeli-de-colombia\/#article","isPartOf":{"@id":"https:\/\/www.pressenza.com\/es\/2025\/10\/gustavo-petro-ordeno-la-salida-del-cuerpo-diplomatico-israeli-de-colombia\/"},"author":{"name":"Redacci\u00f3n Colombia","@id":"https:\/\/www.pressenza.com\/es\/#\/schema\/person\/7c8ee170a4502d638436c91e385315f2"},"headline":"Gustavo Petro orden\u00f3 la salida del cuerpo diplom\u00e1tico israel\u00ed de Colombia","datePublished":"2025-10-02T15:00:00+00:00","dateModified":"2025-10-02T21:03:43+00:00","mainEntityOfPage":{"@id":"https:\/\/www.pressenza.com\/es\/2025\/10\/gustavo-petro-ordeno-la-salida-del-cuerpo-diplomatico-israeli-de-colombia\/"},"wordCount":219,"publisher":{"@id":"https:\/\/www.pressenza.com\/es\/#organization"},"image":{"@id":"https:\/\/www.pressenza.com\/es\/2025\/10\/gustavo-petro-ordeno-la-salida-del-cuerpo-diplomatico-israeli-de-colombia\/#primaryimage"},"thumbnailUrl":"https:\/\/www.pressenza.com\/wp-content\/uploads\/2023\/05\/Presidente-de-Colombia-Gustavo-Petro-Cristian-Garavito-Cruz-Presidencia.jpeg","keywords":["#ConflictoInternacional","#GustavoPetro","Colombia"],"articleSection":["Contenido Original","Derechos Humanos","Internacional","Pol\u00edtica","Sudam\u00e9rica"],"inLanguage":"es"},{"@type":"WebPage","@id":"https:\/\/www.pressenza.com\/es\/2025\/10\/gustavo-petro-ordeno-la-salida-del-cuerpo-diplomatico-israeli-de-colombia\/","url":"https:\/\/www.pressenza.com\/es\/2025\/10\/gustavo-petro-ordeno-la-salida-del-cuerpo-diplomatico-israeli-de-colombia\/","name":"Gustavo Petro orden\u00f3 la salida del cuerpo diplom\u00e1tico israel\u00ed de Colombia","isPartOf":{"@id":"https:\/\/www.pressenza.com\/es\/#website"},"primaryImageOfPage":{"@id":"https:\/\/www.pressenza.com\/es\/2025\/10\/gustavo-petro-ordeno-la-salida-del-cuerpo-diplomatico-israeli-de-colombia\/#primaryimage"},"image":{"@id":"https:\/\/www.pressenza.com\/es\/2025\/10\/gustavo-petro-ordeno-la-salida-del-cuerpo-diplomatico-israeli-de-colombia\/#primaryimage"},"thumbnailUrl":"https:\/\/www.pressenza.com\/wp-content\/uploads\/2023\/05\/Presidente-de-Colombia-Gustavo-Petro-Cristian-Garavito-Cruz-Presidencia.jpeg","datePublished":"2025-10-02T15:00:00+00:00","dateModified":"2025-10-02T21:03:43+00:00","description":"Tras el mensaje del presidente colombiano, las relaciones y los acuerdos bilaterales entre Colombia e Israel estar\u00edan en vilo.","breadcrumb":{"@id":"https:\/\/www.pressenza.com\/es\/2025\/10\/gustavo-petro-ordeno-la-salida-del-cuerpo-diplomatico-israeli-de-colombia\/#breadcrumb"},"inLanguage":"es","potentialAction":[{"@type":"ReadAction","target":["https:\/\/www.pressenza.com\/es\/2025\/10\/gustavo-petro-ordeno-la-salida-del-cuerpo-diplomatico-israeli-de-colombia\/"]}]},{"@type":"ImageObject","inLanguage":"es","@id":"https:\/\/www.pressenza.com\/es\/2025\/10\/gustavo-petro-ordeno-la-salida-del-cuerpo-diplomatico-israeli-de-colombia\/#primaryimage","url":"https:\/\/www.pressenza.com\/wp-content\/uploads\/2023\/05\/Presidente-de-Colombia-Gustavo-Petro-Cristian-Garavito-Cruz-Presidencia.jpeg","contentUrl":"https:\/\/www.pressenza.com\/wp-content\/uploads\/2023\/05\/Presidente-de-Colombia-Gustavo-Petro-Cristian-Garavito-Cruz-Presidencia.jpeg","width":1024,"height":682},{"@type":"BreadcrumbList","@id":"https:\/\/www.pressenza.com\/es\/2025\/10\/gustavo-petro-ordeno-la-salida-del-cuerpo-diplomatico-israeli-de-colombia\/#breadcrumb","itemListElement":[{"@type":"ListItem","position":1,"name":"Accueil","item":"https:\/\/www.pressenza.com\/es\/"},{"@type":"ListItem","position":2,"name":"Gustavo Petro orden\u00f3 la salida del cuerpo diplom\u00e1tico israel\u00ed de Colombia"}]},{"@type":"WebSite","@id":"https:\/\/www.pressenza.com\/es\/#website","url":"https:\/\/www.pressenza.com\/es\/","name":"Pressenza","description":"International Press Agency","publisher":{"@id":"https:\/\/www.pressenza.com\/es\/#organization"},"potentialAction":[{"@type":"SearchAction","target":{"@type":"EntryPoint","urlTemplate":"https:\/\/www.pressenza.com\/es\/?s={search_term_string}"},"query-input":{"@type":"PropertyValueSpecification","valueRequired":true,"valueName":"search_term_string"}}],"inLanguage":"es"},{"@type":"Organization","@id":"https:\/\/www.pressenza.com\/es\/#organization","name":"Pressenza","url":"https:\/\/www.pressenza.com\/es\/","logo":{"@type":"ImageObject","inLanguage":"es","@id":"https:\/\/www.pressenza.com\/es\/#\/schema\/logo\/image\/","url":"https:\/\/www.pressenza.com\/wp-content\/uploads\/2022\/10\/pressenza_logo_200x200.jpg","contentUrl":"https:\/\/www.pressenza.com\/wp-content\/uploads\/2022\/10\/pressenza_logo_200x200.jpg","width":200,"height":200,"caption":"Pressenza"},"image":{"@id":"https:\/\/www.pressenza.com\/es\/#\/schema\/logo\/image\/"},"sameAs":["https:\/\/www.facebook.com\/PressenzaItalia","https:\/\/x.com\/PressenzaIPA"]},{"@type":"Person","@id":"https:\/\/www.pressenza.com\/es\/#\/schema\/person\/7c8ee170a4502d638436c91e385315f2","name":"Redacci\u00f3n Colombia","description":"News published by the Pressenza bureau in Colombia","url":"https:\/\/www.pressenza.com\/es\/author\/redaccion-colombia\/"}]}},"place":"Bogot\u00e1","original_article_url":"","_links":{"self":[{"href":"https:\/\/www.pressenza.com\/es\/wp-json\/wp\/v2\/posts\/2641027","targetHints":{"allow":["GET"]}}],"collection":[{"href":"https:\/\/www.pressenza.com\/es\/wp-json\/wp\/v2\/posts"}],"about":[{"href":"https:\/\/www.pressenza.com\/es\/wp-json\/wp\/v2\/types\/post"}],"author":[{"embeddable":true,"href":"https:\/\/www.pressenza.com\/es\/wp-json\/wp\/v2\/users\/1053"}],"replies":[{"embeddable":true,"href":"https:\/\/www.pressenza.com\/es\/wp-json\/wp\/v2\/comments?post=2641027"}],"version-history":[{"count":5,"href":"https:\/\/www.pressenza.com\/es\/wp-json\/wp\/v2\/posts\/2641027\/revisions"}],"predecessor-version":[{"id":2641081,"href":"https:\/\/www.pressenza.com\/es\/wp-json\/wp\/v2\/posts\/2641027\/revisions\/2641081"}],"wp:featuredmedia":[{"embeddable":true,"href":"https:\/\/www.pressenza.com\/es\/wp-json\/wp\/v2\/media\/1740124"}],"wp:attachment":[{"href":"https:\/\/www.pressenza.com\/es\/wp-json\/wp\/v2\/media?parent=2641027"}],"wp:term":[{"taxonomy":"category","embeddable":true,"href":"https:\/\/www.pressenza.com\/es\/wp-json\/wp\/v2\/categories?post=2641027"},{"taxonomy":"post_tag","embeddable":true,"href":"https:\/\/www.pressenza.com\/es\/wp-json\/wp\/v2\/tags?post=2641027"}],"curies":[{"name":"wp","href":"https:\/\/api.w.org\/{rel}","templated":true}]}}